{"id":27709,"date":"2022-11-24T17:27:37","date_gmt":"2022-11-24T20:27:37","guid":{"rendered":"https:\/\/wpsandbox4.pante.com.br\/?p=27709"},"modified":"2022-11-24T17:27:37","modified_gmt":"2022-11-24T20:27:37","slug":"apresentacao-do-projeto-centro-integrado-de-saude-para-os-caminhoneiros","status":"publish","type":"post","link":"https:\/\/uvbbrasil.com.br\/apresentacao-do-projeto-centro-integrado-de-saude-para-os-caminhoneiros\/","title":{"rendered":"Apresenta\u00e7\u00e3o do projeto Centro Integrado de Sa\u00fade para os Caminhoneiros"},"content":{"rendered":"<p>De Tabuleiro do Norte\/CE, a coordenadora Ticiana Anglarill Pinheiro, apresentou aos participantes do Congresso Brasileiro de Legislativos Municipais o projeto desenvolvido no munic\u00edpio Centro Integrado de Sa\u00fade para os Caminhoneiros.<\/p>\n<p>As a\u00e7\u00f5es de preven\u00e7\u00e3o e promo\u00e7\u00e3o da Sa\u00fade cardiovascular com enfoque na melhoria da qualidade de vida desses profissionais, fatores de risco para doen\u00e7as cardiovasculares,\u00a0 um termo gen\u00e9rico que designa todas as altera\u00e7\u00f5es patol\u00f3gicas que afetam o cora\u00e7\u00e3o e vasos sangu\u00edneos. Estima-se que 90% dos casos de Doen\u00e7as Cardiovasculares possam ser evitadas com medidas de preven\u00e7\u00e3o, as mais comuns s\u00e3o IAM ( Infarto Agudo do Mioc\u00e1rdio), doen\u00e7as hipertensivas, doen\u00e7as isqu\u00eamicas do cora\u00e7\u00e3o e aterosclerose. A vida cotidiana dos caminhoneiros acaba expondo e submetendo-os a diversos fatores de risco, s\u00e3o submetidos a intensa rotina de trabalho, o que favorece ao desgaste f\u00edsico, mental, emocional e afetivo. Hoje em dia fazem parte de um grupo que movimenta a economia do pa\u00eds.<\/p>\n<p>Um ponto fundamental citado durante a apresenta\u00e7\u00e3o foi\u00a0 Lei Municipal 2.133 a partir dessa necessidade, no munic\u00edpio se cria o centro voltado para aten\u00e7\u00e3o exclusiva aos profissionais caminhoneiros atrav\u00e9s de uma lei municipal, com a vis\u00e3o de ser um projeto duradouro que se perpetue no munic\u00edpio. Que visa garantir aos caminhoneiros, atendimento multiprofissional e acompanhamento das condi\u00e7\u00f5es de sa\u00fade do caminhoneiro, fornecer orienta\u00e7\u00f5es e estrat\u00e9gias de manuten\u00e7\u00e3o da sa\u00fade enquanto estiverem nas estradas e disponibilizar exames laboratoriais e de imagem para auxilio de diagn\u00f3stico.<\/p>\n<p>A coordenadora citou\u00a0 que o servi\u00e7o de transporte tem papel fundamental no processo de desenvolvimento econ\u00f4mico do pa\u00eds, tem uma rela\u00e7\u00e3o direta com os pre\u00e7os de bens finais, favorecendo assim o poder de compra e consumo da popula\u00e7\u00e3o. \u00c9 necess\u00e1rio criar condi\u00e7\u00f5es favor\u00e1veis para contribuir com solu\u00e7\u00f5es para diminuir esses fatores de risco na vida cotidiana desses profissionais. Como \u00e9 uma categoria a qual identificamos que possui uma grande predisposi\u00e7\u00e3o para as doen\u00e7as cardiovasculares, \u00e9 necess\u00e1rio a implanta\u00e7\u00e3o de pol\u00edticas de sa\u00fade p\u00fablica, buscando uma redu\u00e7\u00e3o nos fatores de risco e focar na melhoria da qualidade de vida dos caminhoneiros.<\/p>\n<p><img fetchpriority=\"high\" decoding=\"async\" class=\"alignnone size-medium wp-image-27710\" src=\"https:\/\/uvbbrasil.com.br\/wp-content\/uploads\/2022\/11\/WhatsApp-Image-2022-11-24-at-17.09.29-300x199.jpeg\" alt=\"\" width=\"300\" height=\"199\" srcset=\"https:\/\/uvbbrasil.com.br\/wp-content\/uploads\/2022\/11\/WhatsApp-Image-2022-11-24-at-17.09.29-300x199.jpeg 300w, https:\/\/uvbbrasil.com.br\/wp-content\/uploads\/2022\/11\/WhatsApp-Image-2022-11-24-at-17.09.29-1024x680.jpeg 1024w, https:\/\/uvbbrasil.com.br\/wp-content\/uploads\/2022\/11\/WhatsApp-Image-2022-11-24-at-17.09.29-768x510.jpeg 768w, https:\/\/uvbbrasil.com.br\/wp-content\/uploads\/2022\/11\/WhatsApp-Image-2022-11-24-at-17.09.29-1536x1020.jpeg 1536w, https:\/\/uvbbrasil.com.br\/wp-content\/uploads\/2022\/11\/WhatsApp-Image-2022-11-24-at-17.09.29.jpeg 1600w\" sizes=\"(max-width: 300px) 100vw, 300px\" \/><img decoding=\"async\" class=\"alignnone size-medium wp-image-27711\" src=\"https:\/\/uvbbrasil.com.br\/wp-content\/uploads\/2022\/11\/WhatsApp-Image-2022-11-24-at-17.09.30-300x199.jpeg\" alt=\"\" width=\"300\" height=\"199\" srcset=\"https:\/\/uvbbrasil.com.br\/wp-content\/uploads\/2022\/11\/WhatsApp-Image-2022-11-24-at-17.09.30-300x199.jpeg 300w, https:\/\/uvbbrasil.com.br\/wp-content\/uploads\/2022\/11\/WhatsApp-Image-2022-11-24-at-17.09.30-1024x680.jpeg 1024w, https:\/\/uvbbrasil.com.br\/wp-content\/uploads\/2022\/11\/WhatsApp-Image-2022-11-24-at-17.09.30-768x510.jpeg 768w, https:\/\/uvbbrasil.com.br\/wp-content\/uploads\/2022\/11\/WhatsApp-Image-2022-11-24-at-17.09.30-1536x1020.jpeg 1536w, https:\/\/uvbbrasil.com.br\/wp-content\/uploads\/2022\/11\/WhatsApp-Image-2022-11-24-at-17.09.30.jpeg 1600w\" sizes=\"(max-width: 300px) 100vw, 300px\" \/><img decoding=\"async\" class=\"alignnone size-medium wp-image-27712\" src=\"https:\/\/uvbbrasil.com.br\/wp-content\/uploads\/2022\/11\/WhatsApp-Image-2022-11-24-at-17.09.31-300x199.jpeg\" alt=\"\" width=\"300\" height=\"199\" srcset=\"https:\/\/uvbbrasil.com.br\/wp-content\/uploads\/2022\/11\/WhatsApp-Image-2022-11-24-at-17.09.31-300x199.jpeg 300w, https:\/\/uvbbrasil.com.br\/wp-content\/uploads\/2022\/11\/WhatsApp-Image-2022-11-24-at-17.09.31-1024x680.jpeg 1024w, https:\/\/uvbbrasil.com.br\/wp-content\/uploads\/2022\/11\/WhatsApp-Image-2022-11-24-at-17.09.31-768x510.jpeg 768w, https:\/\/uvbbrasil.com.br\/wp-content\/uploads\/2022\/11\/WhatsApp-Image-2022-11-24-at-17.09.31-1536x1020.jpeg 1536w, https:\/\/uvbbrasil.com.br\/wp-content\/uploads\/2022\/11\/WhatsApp-Image-2022-11-24-at-17.09.31.jpeg 1600w\" sizes=\"(max-width: 300px) 100vw, 300px\" \/><\/p>\n<p><img loading=\"lazy\" decoding=\"async\" class=\"alignnone size-medium wp-image-27713\" src=\"https:\/\/uvbbrasil.com.br\/wp-content\/uploads\/2022\/11\/WhatsApp-Image-2022-11-24-at-17.09.31-1-300x199.jpeg\" alt=\"\" width=\"300\" height=\"199\" srcset=\"https:\/\/uvbbrasil.com.br\/wp-content\/uploads\/2022\/11\/WhatsApp-Image-2022-11-24-at-17.09.31-1-300x199.jpeg 300w, https:\/\/uvbbrasil.com.br\/wp-content\/uploads\/2022\/11\/WhatsApp-Image-2022-11-24-at-17.09.31-1-1024x680.jpeg 1024w, https:\/\/uvbbrasil.com.br\/wp-content\/uploads\/2022\/11\/WhatsApp-Image-2022-11-24-at-17.09.31-1-768x510.jpeg 768w, https:\/\/uvbbrasil.com.br\/wp-content\/uploads\/2022\/11\/WhatsApp-Image-2022-11-24-at-17.09.31-1-1536x1020.jpeg 1536w, https:\/\/uvbbrasil.com.br\/wp-content\/uploads\/2022\/11\/WhatsApp-Image-2022-11-24-at-17.09.31-1.jpeg 1600w\" sizes=\"(max-width: 300px) 100vw, 300px\" \/><\/p>\n","protected":false},"excerpt":{"rendered":"<p>De Tabuleiro do Norte\/CE, a coordenadora Ticiana Anglarill Pinheiro, apresentou aos participantes do Congresso Brasileiro de Legislativos Municipais o projeto&#8230;<\/p>\n","protected":false},"author":1,"featured_media":27712,"comment_status":"open","ping_status":"open","sticky":false,"template":"","format":"standard","meta":{"footnotes":""},"categories":[3,4],"tags":[],"class_list":["post-27709","post","type-post","status-publish","format-standard","has-post-thumbnail","hentry","category-noticias","category-home"],"yoast_head":"<!-- This site is optimized with the Yoast SEO plugin v26.7 - https:\/\/yoast.com\/wordpress\/plugins\/seo\/ -->\n<title>Apresenta\u00e7\u00e3o do projeto Centro Integrado de Sa\u00fade para os Caminhoneiros - UVB Brasil<\/title>\n<meta name=\"robots\" content=\"index, follow, max-snippet:-1, max-image-preview:large, max-video-preview:-1\" \/>\n<link rel=\"canonical\" href=\"https:\/\/uvbbrasil.com.br\/apresentacao-do-projeto-centro-integrado-de-saude-para-os-caminhoneiros\/\" \/>\n<meta property=\"og:locale\" content=\"pt_BR\" \/>\n<meta property=\"og:type\" content=\"article\" \/>\n<meta property=\"og:title\" content=\"Apresenta\u00e7\u00e3o do projeto Centro Integrado de Sa\u00fade para os Caminhoneiros - UVB Brasil\" \/>\n<meta property=\"og:description\" content=\"De Tabuleiro do Norte\/CE, a coordenadora Ticiana Anglarill Pinheiro, apresentou aos participantes do Congresso Brasileiro de Legislativos Municipais o projeto...\" \/>\n<meta property=\"og:url\" content=\"https:\/\/uvbbrasil.com.br\/apresentacao-do-projeto-centro-integrado-de-saude-para-os-caminhoneiros\/\" \/>\n<meta property=\"og:site_name\" content=\"UVB Brasil\" \/>\n<meta property=\"article:publisher\" content=\"https:\/\/www.facebook.com\/uvb.vereadoresbrasil\" \/>\n<meta property=\"article:published_time\" content=\"2022-11-24T20:27:37+00:00\" \/>\n<meta property=\"og:image\" content=\"https:\/\/uvbbrasil.com.br\/wp-content\/uploads\/2022\/11\/WhatsApp-Image-2022-11-24-at-17.09.31.jpeg\" \/>\n\t<meta property=\"og:image:width\" content=\"1600\" \/>\n\t<meta property=\"og:image:height\" content=\"1062\" \/>\n\t<meta property=\"og:image:type\" content=\"image\/jpeg\" \/>\n<meta name=\"author\" content=\"adminuvb\" \/>\n<meta name=\"twitter:card\" content=\"summary_large_image\" \/>\n<meta name=\"twitter:label1\" content=\"Escrito por\" \/>\n\t<meta name=\"twitter:data1\" content=\"adminuvb\" \/>\n\t<meta name=\"twitter:label2\" content=\"Est. tempo de leitura\" \/>\n\t<meta name=\"twitter:data2\" content=\"3 minutos\" \/>\n<script type=\"application\/ld+json\" class=\"yoast-schema-graph\">{\"@context\":\"https:\/\/schema.org\",\"@graph\":[{\"@type\":\"Article\",\"@id\":\"https:\/\/uvbbrasil.com.br\/apresentacao-do-projeto-centro-integrado-de-saude-para-os-caminhoneiros\/#article\",\"isPartOf\":{\"@id\":\"https:\/\/uvbbrasil.com.br\/apresentacao-do-projeto-centro-integrado-de-saude-para-os-caminhoneiros\/\"},\"author\":{\"name\":\"adminuvb\",\"@id\":\"https:\/\/uvbbrasil.com.br\/#\/schema\/person\/17990098446c098f52effddff4f1b272\"},\"headline\":\"Apresenta\u00e7\u00e3o do projeto Centro Integrado de Sa\u00fade para os Caminhoneiros\",\"datePublished\":\"2022-11-24T20:27:37+00:00\",\"mainEntityOfPage\":{\"@id\":\"https:\/\/uvbbrasil.com.br\/apresentacao-do-projeto-centro-integrado-de-saude-para-os-caminhoneiros\/\"},\"wordCount\":394,\"commentCount\":0,\"publisher\":{\"@id\":\"https:\/\/uvbbrasil.com.br\/#organization\"},\"image\":{\"@id\":\"https:\/\/uvbbrasil.com.br\/apresentacao-do-projeto-centro-integrado-de-saude-para-os-caminhoneiros\/#primaryimage\"},\"thumbnailUrl\":\"https:\/\/uvbbrasil.com.br\/wp-content\/uploads\/2022\/11\/WhatsApp-Image-2022-11-24-at-17.09.31.jpeg\",\"articleSection\":[\"NOT\u00cdCIAS\",\"UVB\"],\"inLanguage\":\"pt-BR\",\"potentialAction\":[{\"@type\":\"CommentAction\",\"name\":\"Comment\",\"target\":[\"https:\/\/uvbbrasil.com.br\/apresentacao-do-projeto-centro-integrado-de-saude-para-os-caminhoneiros\/#respond\"]}]},{\"@type\":\"WebPage\",\"@id\":\"https:\/\/uvbbrasil.com.br\/apresentacao-do-projeto-centro-integrado-de-saude-para-os-caminhoneiros\/\",\"url\":\"https:\/\/uvbbrasil.com.br\/apresentacao-do-projeto-centro-integrado-de-saude-para-os-caminhoneiros\/\",\"name\":\"Apresenta\u00e7\u00e3o do projeto Centro Integrado de Sa\u00fade para os Caminhoneiros - UVB Brasil\",\"isPartOf\":{\"@id\":\"https:\/\/uvbbrasil.com.br\/#website\"},\"primaryImageOfPage\":{\"@id\":\"https:\/\/uvbbrasil.com.br\/apresentacao-do-projeto-centro-integrado-de-saude-para-os-caminhoneiros\/#primaryimage\"},\"image\":{\"@id\":\"https:\/\/uvbbrasil.com.br\/apresentacao-do-projeto-centro-integrado-de-saude-para-os-caminhoneiros\/#primaryimage\"},\"thumbnailUrl\":\"https:\/\/uvbbrasil.com.br\/wp-content\/uploads\/2022\/11\/WhatsApp-Image-2022-11-24-at-17.09.31.jpeg\",\"datePublished\":\"2022-11-24T20:27:37+00:00\",\"breadcrumb\":{\"@id\":\"https:\/\/uvbbrasil.com.br\/apresentacao-do-projeto-centro-integrado-de-saude-para-os-caminhoneiros\/#breadcrumb\"},\"inLanguage\":\"pt-BR\",\"potentialAction\":[{\"@type\":\"ReadAction\",\"target\":[\"https:\/\/uvbbrasil.com.br\/apresentacao-do-projeto-centro-integrado-de-saude-para-os-caminhoneiros\/\"]}]},{\"@type\":\"ImageObject\",\"inLanguage\":\"pt-BR\",\"@id\":\"https:\/\/uvbbrasil.com.br\/apresentacao-do-projeto-centro-integrado-de-saude-para-os-caminhoneiros\/#primaryimage\",\"url\":\"https:\/\/uvbbrasil.com.br\/wp-content\/uploads\/2022\/11\/WhatsApp-Image-2022-11-24-at-17.09.31.jpeg\",\"contentUrl\":\"https:\/\/uvbbrasil.com.br\/wp-content\/uploads\/2022\/11\/WhatsApp-Image-2022-11-24-at-17.09.31.jpeg\",\"width\":1600,\"height\":1062},{\"@type\":\"BreadcrumbList\",\"@id\":\"https:\/\/uvbbrasil.com.br\/apresentacao-do-projeto-centro-integrado-de-saude-para-os-caminhoneiros\/#breadcrumb\",\"itemListElement\":[{\"@type\":\"ListItem\",\"position\":1,\"name\":\"In\u00edcio\",\"item\":\"https:\/\/uvbbrasil.com.br\/\"},{\"@type\":\"ListItem\",\"position\":2,\"name\":\"Apresenta\u00e7\u00e3o do projeto Centro Integrado de Sa\u00fade para os Caminhoneiros\"}]},{\"@type\":\"WebSite\",\"@id\":\"https:\/\/uvbbrasil.com.br\/#website\",\"url\":\"https:\/\/uvbbrasil.com.br\/\",\"name\":\"UVB Brasil\",\"description\":\"Uni\u00e3o dos Vereadores do Brasil\",\"publisher\":{\"@id\":\"https:\/\/uvbbrasil.com.br\/#organization\"},\"potentialAction\":[{\"@type\":\"SearchAction\",\"target\":{\"@type\":\"EntryPoint\",\"urlTemplate\":\"https:\/\/uvbbrasil.com.br\/?s={search_term_string}\"},\"query-input\":{\"@type\":\"PropertyValueSpecification\",\"valueRequired\":true,\"valueName\":\"search_term_string\"}}],\"inLanguage\":\"pt-BR\"},{\"@type\":\"Organization\",\"@id\":\"https:\/\/uvbbrasil.com.br\/#organization\",\"name\":\"UVB Brasil\",\"url\":\"https:\/\/uvbbrasil.com.br\/\",\"logo\":{\"@type\":\"ImageObject\",\"inLanguage\":\"pt-BR\",\"@id\":\"https:\/\/uvbbrasil.com.br\/#\/schema\/logo\/image\/\",\"url\":\"https:\/\/uvbbrasil.com.br\/wp-content\/uploads\/2025\/01\/LOGO-UVB-2024-azul-1.jpg\",\"contentUrl\":\"https:\/\/uvbbrasil.com.br\/wp-content\/uploads\/2025\/01\/LOGO-UVB-2024-azul-1.jpg\",\"width\":600,\"height\":211,\"caption\":\"UVB Brasil\"},\"image\":{\"@id\":\"https:\/\/uvbbrasil.com.br\/#\/schema\/logo\/image\/\"},\"sameAs\":[\"https:\/\/www.facebook.com\/uvb.vereadoresbrasil\",\"https:\/\/www.instagram.com\/uvbbrasil\/\",\"https:\/\/www.youtube.com\/channel\/UCIlPQ8Xzw5GHNzosQIg9S5A\"]},{\"@type\":\"Person\",\"@id\":\"https:\/\/uvbbrasil.com.br\/#\/schema\/person\/17990098446c098f52effddff4f1b272\",\"name\":\"adminuvb\",\"image\":{\"@type\":\"ImageObject\",\"inLanguage\":\"pt-BR\",\"@id\":\"https:\/\/uvbbrasil.com.br\/#\/schema\/person\/image\/\",\"url\":\"https:\/\/secure.gravatar.com\/avatar\/1a494ea6f8e2dd1ae526e55b0e9497efdba542491e0620d704cccf63c6f77c45?s=96&d=mm&r=g\",\"contentUrl\":\"https:\/\/secure.gravatar.com\/avatar\/1a494ea6f8e2dd1ae526e55b0e9497efdba542491e0620d704cccf63c6f77c45?s=96&d=mm&r=g\",\"caption\":\"adminuvb\"},\"sameAs\":[\"https:\/\/uvbbrasil.com.br\"],\"url\":\"https:\/\/uvbbrasil.com.br\/author\/adminuvb\/\"}]}<\/script>\n<!-- \/ Yoast SEO plugin. -->","yoast_head_json":{"title":"Apresenta\u00e7\u00e3o do projeto Centro Integrado de Sa\u00fade para os Caminhoneiros - UVB Brasil","robots":{"index":"index","follow":"follow","max-snippet":"max-snippet:-1","max-image-preview":"max-image-preview:large","max-video-preview":"max-video-preview:-1"},"canonical":"https:\/\/uvbbrasil.com.br\/apresentacao-do-projeto-centro-integrado-de-saude-para-os-caminhoneiros\/","og_locale":"pt_BR","og_type":"article","og_title":"Apresenta\u00e7\u00e3o do projeto Centro Integrado de Sa\u00fade para os Caminhoneiros - UVB Brasil","og_description":"De Tabuleiro do Norte\/CE, a coordenadora Ticiana Anglarill Pinheiro, apresentou aos participantes do Congresso Brasileiro de Legislativos Municipais o projeto...","og_url":"https:\/\/uvbbrasil.com.br\/apresentacao-do-projeto-centro-integrado-de-saude-para-os-caminhoneiros\/","og_site_name":"UVB Brasil","article_publisher":"https:\/\/www.facebook.com\/uvb.vereadoresbrasil","article_published_time":"2022-11-24T20:27:37+00:00","og_image":[{"width":1600,"height":1062,"url":"https:\/\/uvbbrasil.com.br\/wp-content\/uploads\/2022\/11\/WhatsApp-Image-2022-11-24-at-17.09.31.jpeg","type":"image\/jpeg"}],"author":"adminuvb","twitter_card":"summary_large_image","twitter_misc":{"Escrito por":"adminuvb","Est. tempo de leitura":"3 minutos"},"schema":{"@context":"https:\/\/schema.org","@graph":[{"@type":"Article","@id":"https:\/\/uvbbrasil.com.br\/apresentacao-do-projeto-centro-integrado-de-saude-para-os-caminhoneiros\/#article","isPartOf":{"@id":"https:\/\/uvbbrasil.com.br\/apresentacao-do-projeto-centro-integrado-de-saude-para-os-caminhoneiros\/"},"author":{"name":"adminuvb","@id":"https:\/\/uvbbrasil.com.br\/#\/schema\/person\/17990098446c098f52effddff4f1b272"},"headline":"Apresenta\u00e7\u00e3o do projeto Centro Integrado de Sa\u00fade para os Caminhoneiros","datePublished":"2022-11-24T20:27:37+00:00","mainEntityOfPage":{"@id":"https:\/\/uvbbrasil.com.br\/apresentacao-do-projeto-centro-integrado-de-saude-para-os-caminhoneiros\/"},"wordCount":394,"commentCount":0,"publisher":{"@id":"https:\/\/uvbbrasil.com.br\/#organization"},"image":{"@id":"https:\/\/uvbbrasil.com.br\/apresentacao-do-projeto-centro-integrado-de-saude-para-os-caminhoneiros\/#primaryimage"},"thumbnailUrl":"https:\/\/uvbbrasil.com.br\/wp-content\/uploads\/2022\/11\/WhatsApp-Image-2022-11-24-at-17.09.31.jpeg","articleSection":["NOT\u00cdCIAS","UVB"],"inLanguage":"pt-BR","potentialAction":[{"@type":"CommentAction","name":"Comment","target":["https:\/\/uvbbrasil.com.br\/apresentacao-do-projeto-centro-integrado-de-saude-para-os-caminhoneiros\/#respond"]}]},{"@type":"WebPage","@id":"https:\/\/uvbbrasil.com.br\/apresentacao-do-projeto-centro-integrado-de-saude-para-os-caminhoneiros\/","url":"https:\/\/uvbbrasil.com.br\/apresentacao-do-projeto-centro-integrado-de-saude-para-os-caminhoneiros\/","name":"Apresenta\u00e7\u00e3o do projeto Centro Integrado de Sa\u00fade para os Caminhoneiros - UVB Brasil","isPartOf":{"@id":"https:\/\/uvbbrasil.com.br\/#website"},"primaryImageOfPage":{"@id":"https:\/\/uvbbrasil.com.br\/apresentacao-do-projeto-centro-integrado-de-saude-para-os-caminhoneiros\/#primaryimage"},"image":{"@id":"https:\/\/uvbbrasil.com.br\/apresentacao-do-projeto-centro-integrado-de-saude-para-os-caminhoneiros\/#primaryimage"},"thumbnailUrl":"https:\/\/uvbbrasil.com.br\/wp-content\/uploads\/2022\/11\/WhatsApp-Image-2022-11-24-at-17.09.31.jpeg","datePublished":"2022-11-24T20:27:37+00:00","breadcrumb":{"@id":"https:\/\/uvbbrasil.com.br\/apresentacao-do-projeto-centro-integrado-de-saude-para-os-caminhoneiros\/#breadcrumb"},"inLanguage":"pt-BR","potentialAction":[{"@type":"ReadAction","target":["https:\/\/uvbbrasil.com.br\/apresentacao-do-projeto-centro-integrado-de-saude-para-os-caminhoneiros\/"]}]},{"@type":"ImageObject","inLanguage":"pt-BR","@id":"https:\/\/uvbbrasil.com.br\/apresentacao-do-projeto-centro-integrado-de-saude-para-os-caminhoneiros\/#primaryimage","url":"https:\/\/uvbbrasil.com.br\/wp-content\/uploads\/2022\/11\/WhatsApp-Image-2022-11-24-at-17.09.31.jpeg","contentUrl":"https:\/\/uvbbrasil.com.br\/wp-content\/uploads\/2022\/11\/WhatsApp-Image-2022-11-24-at-17.09.31.jpeg","width":1600,"height":1062},{"@type":"BreadcrumbList","@id":"https:\/\/uvbbrasil.com.br\/apresentacao-do-projeto-centro-integrado-de-saude-para-os-caminhoneiros\/#breadcrumb","itemListElement":[{"@type":"ListItem","position":1,"name":"In\u00edcio","item":"https:\/\/uvbbrasil.com.br\/"},{"@type":"ListItem","position":2,"name":"Apresenta\u00e7\u00e3o do projeto Centro Integrado de Sa\u00fade para os Caminhoneiros"}]},{"@type":"WebSite","@id":"https:\/\/uvbbrasil.com.br\/#website","url":"https:\/\/uvbbrasil.com.br\/","name":"UVB Brasil","description":"Uni\u00e3o dos Vereadores do Brasil","publisher":{"@id":"https:\/\/uvbbrasil.com.br\/#organization"},"potentialAction":[{"@type":"SearchAction","target":{"@type":"EntryPoint","urlTemplate":"https:\/\/uvbbrasil.com.br\/?s={search_term_string}"},"query-input":{"@type":"PropertyValueSpecification","valueRequired":true,"valueName":"search_term_string"}}],"inLanguage":"pt-BR"},{"@type":"Organization","@id":"https:\/\/uvbbrasil.com.br\/#organization","name":"UVB Brasil","url":"https:\/\/uvbbrasil.com.br\/","logo":{"@type":"ImageObject","inLanguage":"pt-BR","@id":"https:\/\/uvbbrasil.com.br\/#\/schema\/logo\/image\/","url":"https:\/\/uvbbrasil.com.br\/wp-content\/uploads\/2025\/01\/LOGO-UVB-2024-azul-1.jpg","contentUrl":"https:\/\/uvbbrasil.com.br\/wp-content\/uploads\/2025\/01\/LOGO-UVB-2024-azul-1.jpg","width":600,"height":211,"caption":"UVB Brasil"},"image":{"@id":"https:\/\/uvbbrasil.com.br\/#\/schema\/logo\/image\/"},"sameAs":["https:\/\/www.facebook.com\/uvb.vereadoresbrasil","https:\/\/www.instagram.com\/uvbbrasil\/","https:\/\/www.youtube.com\/channel\/UCIlPQ8Xzw5GHNzosQIg9S5A"]},{"@type":"Person","@id":"https:\/\/uvbbrasil.com.br\/#\/schema\/person\/17990098446c098f52effddff4f1b272","name":"adminuvb","image":{"@type":"ImageObject","inLanguage":"pt-BR","@id":"https:\/\/uvbbrasil.com.br\/#\/schema\/person\/image\/","url":"https:\/\/secure.gravatar.com\/avatar\/1a494ea6f8e2dd1ae526e55b0e9497efdba542491e0620d704cccf63c6f77c45?s=96&d=mm&r=g","contentUrl":"https:\/\/secure.gravatar.com\/avatar\/1a494ea6f8e2dd1ae526e55b0e9497efdba542491e0620d704cccf63c6f77c45?s=96&d=mm&r=g","caption":"adminuvb"},"sameAs":["https:\/\/uvbbrasil.com.br"],"url":"https:\/\/uvbbrasil.com.br\/author\/adminuvb\/"}]}},"_links":{"self":[{"href":"https:\/\/uvbbrasil.com.br\/uvb-json\/wp\/v2\/posts\/27709","targetHints":{"allow":["GET"]}}],"collection":[{"href":"https:\/\/uvbbrasil.com.br\/uvb-json\/wp\/v2\/posts"}],"about":[{"href":"https:\/\/uvbbrasil.com.br\/uvb-json\/wp\/v2\/types\/post"}],"author":[{"embeddable":true,"href":"https:\/\/uvbbrasil.com.br\/uvb-json\/wp\/v2\/users\/1"}],"replies":[{"embeddable":true,"href":"https:\/\/uvbbrasil.com.br\/uvb-json\/wp\/v2\/comments?post=27709"}],"version-history":[{"count":0,"href":"https:\/\/uvbbrasil.com.br\/uvb-json\/wp\/v2\/posts\/27709\/revisions"}],"wp:featuredmedia":[{"embeddable":true,"href":"https:\/\/uvbbrasil.com.br\/uvb-json\/wp\/v2\/media\/27712"}],"wp:attachment":[{"href":"https:\/\/uvbbrasil.com.br\/uvb-json\/wp\/v2\/media?parent=27709"}],"wp:term":[{"taxonomy":"category","embeddable":true,"href":"https:\/\/uvbbrasil.com.br\/uvb-json\/wp\/v2\/categories?post=27709"},{"taxonomy":"post_tag","embeddable":true,"href":"https:\/\/uvbbrasil.com.br\/uvb-json\/wp\/v2\/tags?post=27709"}],"curies":[{"name":"wp","href":"https:\/\/api.w.org\/{rel}","templated":true}]}}