{"id":27669,"date":"2022-11-23T11:57:30","date_gmt":"2022-11-23T14:57:30","guid":{"rendered":"https:\/\/wpsandbox4.pante.com.br\/?p=27669"},"modified":"2022-11-23T11:57:30","modified_gmt":"2022-11-23T14:57:30","slug":"gilson-conzatti-e-reeleito-presidente-da-uvb","status":"publish","type":"post","link":"https:\/\/uvbbrasil.com.br\/gilson-conzatti-e-reeleito-presidente-da-uvb\/","title":{"rendered":"Gilson Conzatti \u00e9 reeleito presidente da UVB"},"content":{"rendered":"<p>O presidente da C\u00e2mara de Vereadores de Ira\u00ed\/RS, o vereador Gilson Conzatti, foi reeleito na noite da ter\u00e7a-feira, 22 de novembro de 2022, presidente da Uni\u00e3o dos Vereadores do Brasil (UVB). A elei\u00e7\u00e3o contou a participa\u00e7\u00e3o de vereadores de v\u00e1rios estados. A elei\u00e7\u00e3o ocorreu durante a realiza\u00e7\u00e3o do Congresso Brasileiro de Legislativos e Gestores Municipais, realizado em Bras\u00edlia onde reuniu mais de 850 parlamentares do pa\u00eds.<\/p>\n<p>A Uni\u00e3o dos Vereadores do Brasil\/UVB \u00e9 respons\u00e1vel pela tradicional Marcha dos Vereadores, que \u00e9 realizada anualmente em Bras\u00edlia, e tem como principal meta fortalecer os poderes p\u00fablicos. A entidade tamb\u00e9m \u00e9 respons\u00e1vel pela UVB Animal, UVB Mulher, UVB Afro e UVB Diversidade. Outro programa defendido pela UVB \u00e9 a Escola do Legislativo que permite o protagonismo das C\u00e2maras na forma\u00e7\u00e3o pol\u00edtica de cidad\u00e3os. Dentro dele, h\u00e1 como capacitar jovens e adultos com cursos voltados as tem\u00e1ticas de interesse coletivo de cada munic\u00edpio, al\u00e9m de ampliar o debate de temas locais.<\/p>\n<p>Conzatti reafirmou o comprometimento com a miss\u00e3o como presidente que vai\u00a0 al\u00e9m de fortalecer o poder legislativo municipais, e que para ano de 2023 ir\u00e1 percorrer o pa\u00eds para atingir 20% dos Munic\u00edpios Brasileiro, onde a UVB\u00a0 levar\u00e1 as escolas Municipais\u00a0 o Projeto Legislativo na Escola,\u00a0 com o objetivo de fortalecer a cidadania e a educa\u00e7\u00e3o legislativa , para assim a sociedade entende o real papel do vereador diante da popula\u00e7\u00e3o, ir ao encontro da sociedade em cada munic\u00edpio brasileiro.<\/p>\n<p>Estamos cumprindo a nossa miss\u00e3o de transformar a Uni\u00e3o dos Vereadores do Brasil, na maior entidade de representa\u00e7\u00e3o pol\u00edtica do pa\u00eds. \u00c9 um desafio \u00e1rduo que felizmente temos encontrado respaldo em todos os rinc\u00f5es por onde andamos por este pa\u00eds, finalizou o Presidente da UVB.<\/p>\n<p>Confira a composi\u00e7\u00e3o da Nova Diretoria da UVB &#8211; 2022\/2026<\/p>\n<p>Presidente: Gilson Conzatti &#8211; Ira\u00ed\/RS<\/p>\n<p>1\u00ba Vice Presidente: Valdecir Gonzatti \u2013 Encantado\/RS<br \/>\n2\u00ba Vice Presidente: Asaf Pereira Sobrinho &#8211; S\u00e3o Pedro dos Crentes\/MA<br \/>\n3\u00aa Vice Presidente: Juliane Schiller &#8211; Rancho Queimado\/SC<br \/>\n4\u00b0 Vice \u2013 Presidente: Leandro Damiani \u2013 Sorriso\/MT<br \/>\nSecret\u00e1ria Geral: L\u00edvia Maia &#8211; Limoeiro do Norte\/CE<br \/>\n2\u00aa Secret\u00e1ria Geral: Elis Rejane Bueno Nunes Alves \u2013 Capivari do Sul\/RS<br \/>\n3\u00aa Secret\u00e1ria Geral: Alline Tontini &#8211; Chapad\u00e3o do Sul\/MS<br \/>\n4\u00aa Secret\u00e1ria Geral: Maria Rozilda da Silva Ribeiro &#8211; Barcarena\/PA<br \/>\nDiretor Financeiro: Paulo Sergio da Silva &#8211; Bonito\/PE<br \/>\n2\u00b0 Diretor Financeiro: Moacir Delazere &#8211; Palmitos\/SC<br \/>\n3\u00ba Diretor Financeiro: Averaldo Barbosa da Costa &#8211; Costa Rica\/MS<br \/>\n4\u00b0 Diretor Financeiro: Rodrigo Lima da Silva &#8211; Marab\u00e1\/PA<\/p>\n<p>CONSELHO FISCAL<br \/>\n1. Paulo Martins &#8211; Ira\u00ed\/RS<br \/>\n2. Antonio Marcos Guareski &#8211; Irani\/SC<br \/>\n3. Jos\u00e9 Divino da Silva &#8211; Para\u00edso das \u00c1gua\/MS<br \/>\n4. Josil Morais &#8211; Ibirapuit\u00e3\/RS<br \/>\n5. Simone Oliveira Batista &#8211; \u00c1gua Clara\/MS<br \/>\n6. Marla Ivania Klein &#8211; XV de Novembro\/RS<\/p>\n<p><img fetchpriority=\"high\" decoding=\"async\" class=\"alignnone size-medium wp-image-27670\" src=\"https:\/\/uvbbrasil.com.br\/wp-content\/uploads\/2022\/11\/WhatsApp-Image-2022-11-23-at-11.20.23-300x225.jpeg\" alt=\"\" width=\"300\" height=\"225\" srcset=\"https:\/\/uvbbrasil.com.br\/wp-content\/uploads\/2022\/11\/WhatsApp-Image-2022-11-23-at-11.20.23-300x225.jpeg 300w, https:\/\/uvbbrasil.com.br\/wp-content\/uploads\/2022\/11\/WhatsApp-Image-2022-11-23-at-11.20.23-1024x768.jpeg 1024w, https:\/\/uvbbrasil.com.br\/wp-content\/uploads\/2022\/11\/WhatsApp-Image-2022-11-23-at-11.20.23-768x576.jpeg 768w, https:\/\/uvbbrasil.com.br\/wp-content\/uploads\/2022\/11\/WhatsApp-Image-2022-11-23-at-11.20.23-1536x1152.jpeg 1536w, https:\/\/uvbbrasil.com.br\/wp-content\/uploads\/2022\/11\/WhatsApp-Image-2022-11-23-at-11.20.23.jpeg 1600w\" sizes=\"(max-width: 300px) 100vw, 300px\" \/><img decoding=\"async\" class=\"alignnone size-medium wp-image-27672\" src=\"https:\/\/uvbbrasil.com.br\/wp-content\/uploads\/2022\/11\/WhatsApp-Image-2022-11-23-at-11.25.40-300x225.jpeg\" alt=\"\" width=\"300\" height=\"225\" srcset=\"https:\/\/uvbbrasil.com.br\/wp-content\/uploads\/2022\/11\/WhatsApp-Image-2022-11-23-at-11.25.40-300x225.jpeg 300w, https:\/\/uvbbrasil.com.br\/wp-content\/uploads\/2022\/11\/WhatsApp-Image-2022-11-23-at-11.25.40-1024x768.jpeg 1024w, https:\/\/uvbbrasil.com.br\/wp-content\/uploads\/2022\/11\/WhatsApp-Image-2022-11-23-at-11.25.40-768x576.jpeg 768w, https:\/\/uvbbrasil.com.br\/wp-content\/uploads\/2022\/11\/WhatsApp-Image-2022-11-23-at-11.25.40-1536x1152.jpeg 1536w, https:\/\/uvbbrasil.com.br\/wp-content\/uploads\/2022\/11\/WhatsApp-Image-2022-11-23-at-11.25.40.jpeg 1600w\" sizes=\"(max-width: 300px) 100vw, 300px\" \/><img decoding=\"async\" class=\"alignnone size-medium wp-image-27673\" src=\"https:\/\/uvbbrasil.com.br\/wp-content\/uploads\/2022\/11\/WhatsApp-Image-2022-11-23-at-11.46.06-300x225.jpeg\" alt=\"\" width=\"300\" height=\"225\" srcset=\"https:\/\/uvbbrasil.com.br\/wp-content\/uploads\/2022\/11\/WhatsApp-Image-2022-11-23-at-11.46.06-300x225.jpeg 300w, https:\/\/uvbbrasil.com.br\/wp-content\/uploads\/2022\/11\/WhatsApp-Image-2022-11-23-at-11.46.06-1024x768.jpeg 1024w, https:\/\/uvbbrasil.com.br\/wp-content\/uploads\/2022\/11\/WhatsApp-Image-2022-11-23-at-11.46.06-768x576.jpeg 768w, https:\/\/uvbbrasil.com.br\/wp-content\/uploads\/2022\/11\/WhatsApp-Image-2022-11-23-at-11.46.06.jpeg 1280w\" sizes=\"(max-width: 300px) 100vw, 300px\" \/><img loading=\"lazy\" decoding=\"async\" class=\"alignnone size-medium wp-image-27675\" src=\"https:\/\/uvbbrasil.com.br\/wp-content\/uploads\/2022\/11\/WhatsApp-Image-2022-11-23-at-11.46.07-300x225.jpeg\" alt=\"\" width=\"300\" height=\"225\" srcset=\"https:\/\/uvbbrasil.com.br\/wp-content\/uploads\/2022\/11\/WhatsApp-Image-2022-11-23-at-11.46.07-300x225.jpeg 300w, https:\/\/uvbbrasil.com.br\/wp-content\/uploads\/2022\/11\/WhatsApp-Image-2022-11-23-at-11.46.07-1024x768.jpeg 1024w, https:\/\/uvbbrasil.com.br\/wp-content\/uploads\/2022\/11\/WhatsApp-Image-2022-11-23-at-11.46.07-768x576.jpeg 768w, https:\/\/uvbbrasil.com.br\/wp-content\/uploads\/2022\/11\/WhatsApp-Image-2022-11-23-at-11.46.07.jpeg 1280w\" sizes=\"(max-width: 300px) 100vw, 300px\" \/><img loading=\"lazy\" decoding=\"async\" class=\"alignnone size-medium wp-image-27676\" src=\"https:\/\/uvbbrasil.com.br\/wp-content\/uploads\/2022\/11\/WhatsApp-Image-2022-11-23-at-11.46.08-225x300.jpeg\" alt=\"\" width=\"225\" height=\"300\" srcset=\"https:\/\/uvbbrasil.com.br\/wp-content\/uploads\/2022\/11\/WhatsApp-Image-2022-11-23-at-11.46.08-225x300.jpeg 225w, https:\/\/uvbbrasil.com.br\/wp-content\/uploads\/2022\/11\/WhatsApp-Image-2022-11-23-at-11.46.08-768x1024.jpeg 768w, https:\/\/uvbbrasil.com.br\/wp-content\/uploads\/2022\/11\/WhatsApp-Image-2022-11-23-at-11.46.08.jpeg 960w\" sizes=\"(max-width: 225px) 100vw, 225px\" \/><\/p>\n","protected":false},"excerpt":{"rendered":"<p>O presidente da C\u00e2mara de Vereadores de Ira\u00ed\/RS, o vereador Gilson Conzatti, foi reeleito na noite da ter\u00e7a-feira, 22 de&#8230;<\/p>\n","protected":false},"author":1,"featured_media":27675,"comment_status":"open","ping_status":"open","sticky":false,"template":"","format":"standard","meta":{"footnotes":""},"categories":[3,4],"tags":[],"class_list":["post-27669","post","type-post","status-publish","format-standard","has-post-thumbnail","hentry","category-noticias","category-home"],"yoast_head":"<!-- This site is optimized with the Yoast SEO plugin v26.7 - https:\/\/yoast.com\/wordpress\/plugins\/seo\/ -->\n<title>Gilson Conzatti \u00e9 reeleito presidente da UVB - UVB Brasil<\/title>\n<meta name=\"robots\" content=\"index, follow, max-snippet:-1, max-image-preview:large, max-video-preview:-1\" \/>\n<link rel=\"canonical\" href=\"https:\/\/uvbbrasil.com.br\/gilson-conzatti-e-reeleito-presidente-da-uvb\/\" \/>\n<meta property=\"og:locale\" content=\"pt_BR\" \/>\n<meta property=\"og:type\" content=\"article\" \/>\n<meta property=\"og:title\" content=\"Gilson Conzatti \u00e9 reeleito presidente da UVB - UVB Brasil\" \/>\n<meta property=\"og:description\" content=\"O presidente da C\u00e2mara de Vereadores de Ira\u00ed\/RS, o vereador Gilson Conzatti, foi reeleito na noite da ter\u00e7a-feira, 22 de...\" \/>\n<meta property=\"og:url\" content=\"https:\/\/uvbbrasil.com.br\/gilson-conzatti-e-reeleito-presidente-da-uvb\/\" \/>\n<meta property=\"og:site_name\" content=\"UVB Brasil\" \/>\n<meta property=\"article:publisher\" content=\"https:\/\/www.facebook.com\/uvb.vereadoresbrasil\" \/>\n<meta property=\"article:published_time\" content=\"2022-11-23T14:57:30+00:00\" \/>\n<meta property=\"og:image\" content=\"https:\/\/uvbbrasil.com.br\/wp-content\/uploads\/2022\/11\/WhatsApp-Image-2022-11-23-at-11.46.07.jpeg\" \/>\n\t<meta property=\"og:image:width\" content=\"1280\" \/>\n\t<meta property=\"og:image:height\" content=\"960\" \/>\n\t<meta property=\"og:image:type\" content=\"image\/jpeg\" \/>\n<meta name=\"author\" content=\"adminuvb\" \/>\n<meta name=\"twitter:card\" content=\"summary_large_image\" \/>\n<meta name=\"twitter:label1\" content=\"Escrito por\" \/>\n\t<meta name=\"twitter:data1\" content=\"adminuvb\" \/>\n\t<meta name=\"twitter:label2\" content=\"Est. tempo de leitura\" \/>\n\t<meta name=\"twitter:data2\" content=\"3 minutos\" \/>\n<script type=\"application\/ld+json\" class=\"yoast-schema-graph\">{\"@context\":\"https:\/\/schema.org\",\"@graph\":[{\"@type\":\"Article\",\"@id\":\"https:\/\/uvbbrasil.com.br\/gilson-conzatti-e-reeleito-presidente-da-uvb\/#article\",\"isPartOf\":{\"@id\":\"https:\/\/uvbbrasil.com.br\/gilson-conzatti-e-reeleito-presidente-da-uvb\/\"},\"author\":{\"name\":\"adminuvb\",\"@id\":\"https:\/\/uvbbrasil.com.br\/#\/schema\/person\/17990098446c098f52effddff4f1b272\"},\"headline\":\"Gilson Conzatti \u00e9 reeleito presidente da UVB\",\"datePublished\":\"2022-11-23T14:57:30+00:00\",\"mainEntityOfPage\":{\"@id\":\"https:\/\/uvbbrasil.com.br\/gilson-conzatti-e-reeleito-presidente-da-uvb\/\"},\"wordCount\":487,\"commentCount\":0,\"publisher\":{\"@id\":\"https:\/\/uvbbrasil.com.br\/#organization\"},\"image\":{\"@id\":\"https:\/\/uvbbrasil.com.br\/gilson-conzatti-e-reeleito-presidente-da-uvb\/#primaryimage\"},\"thumbnailUrl\":\"https:\/\/uvbbrasil.com.br\/wp-content\/uploads\/2022\/11\/WhatsApp-Image-2022-11-23-at-11.46.07.jpeg\",\"articleSection\":[\"NOT\u00cdCIAS\",\"UVB\"],\"inLanguage\":\"pt-BR\",\"potentialAction\":[{\"@type\":\"CommentAction\",\"name\":\"Comment\",\"target\":[\"https:\/\/uvbbrasil.com.br\/gilson-conzatti-e-reeleito-presidente-da-uvb\/#respond\"]}]},{\"@type\":\"WebPage\",\"@id\":\"https:\/\/uvbbrasil.com.br\/gilson-conzatti-e-reeleito-presidente-da-uvb\/\",\"url\":\"https:\/\/uvbbrasil.com.br\/gilson-conzatti-e-reeleito-presidente-da-uvb\/\",\"name\":\"Gilson Conzatti \u00e9 reeleito presidente da UVB - UVB Brasil\",\"isPartOf\":{\"@id\":\"https:\/\/uvbbrasil.com.br\/#website\"},\"primaryImageOfPage\":{\"@id\":\"https:\/\/uvbbrasil.com.br\/gilson-conzatti-e-reeleito-presidente-da-uvb\/#primaryimage\"},\"image\":{\"@id\":\"https:\/\/uvbbrasil.com.br\/gilson-conzatti-e-reeleito-presidente-da-uvb\/#primaryimage\"},\"thumbnailUrl\":\"https:\/\/uvbbrasil.com.br\/wp-content\/uploads\/2022\/11\/WhatsApp-Image-2022-11-23-at-11.46.07.jpeg\",\"datePublished\":\"2022-11-23T14:57:30+00:00\",\"breadcrumb\":{\"@id\":\"https:\/\/uvbbrasil.com.br\/gilson-conzatti-e-reeleito-presidente-da-uvb\/#breadcrumb\"},\"inLanguage\":\"pt-BR\",\"potentialAction\":[{\"@type\":\"ReadAction\",\"target\":[\"https:\/\/uvbbrasil.com.br\/gilson-conzatti-e-reeleito-presidente-da-uvb\/\"]}]},{\"@type\":\"ImageObject\",\"inLanguage\":\"pt-BR\",\"@id\":\"https:\/\/uvbbrasil.com.br\/gilson-conzatti-e-reeleito-presidente-da-uvb\/#primaryimage\",\"url\":\"https:\/\/uvbbrasil.com.br\/wp-content\/uploads\/2022\/11\/WhatsApp-Image-2022-11-23-at-11.46.07.jpeg\",\"contentUrl\":\"https:\/\/uvbbrasil.com.br\/wp-content\/uploads\/2022\/11\/WhatsApp-Image-2022-11-23-at-11.46.07.jpeg\",\"width\":1280,\"height\":960},{\"@type\":\"BreadcrumbList\",\"@id\":\"https:\/\/uvbbrasil.com.br\/gilson-conzatti-e-reeleito-presidente-da-uvb\/#breadcrumb\",\"itemListElement\":[{\"@type\":\"ListItem\",\"position\":1,\"name\":\"In\u00edcio\",\"item\":\"https:\/\/uvbbrasil.com.br\/\"},{\"@type\":\"ListItem\",\"position\":2,\"name\":\"Gilson Conzatti \u00e9 reeleito presidente da UVB\"}]},{\"@type\":\"WebSite\",\"@id\":\"https:\/\/uvbbrasil.com.br\/#website\",\"url\":\"https:\/\/uvbbrasil.com.br\/\",\"name\":\"UVB Brasil\",\"description\":\"Uni\u00e3o dos Vereadores do Brasil\",\"publisher\":{\"@id\":\"https:\/\/uvbbrasil.com.br\/#organization\"},\"potentialAction\":[{\"@type\":\"SearchAction\",\"target\":{\"@type\":\"EntryPoint\",\"urlTemplate\":\"https:\/\/uvbbrasil.com.br\/?s={search_term_string}\"},\"query-input\":{\"@type\":\"PropertyValueSpecification\",\"valueRequired\":true,\"valueName\":\"search_term_string\"}}],\"inLanguage\":\"pt-BR\"},{\"@type\":\"Organization\",\"@id\":\"https:\/\/uvbbrasil.com.br\/#organization\",\"name\":\"UVB Brasil\",\"url\":\"https:\/\/uvbbrasil.com.br\/\",\"logo\":{\"@type\":\"ImageObject\",\"inLanguage\":\"pt-BR\",\"@id\":\"https:\/\/uvbbrasil.com.br\/#\/schema\/logo\/image\/\",\"url\":\"https:\/\/uvbbrasil.com.br\/wp-content\/uploads\/2025\/01\/LOGO-UVB-2024-azul-1.jpg\",\"contentUrl\":\"https:\/\/uvbbrasil.com.br\/wp-content\/uploads\/2025\/01\/LOGO-UVB-2024-azul-1.jpg\",\"width\":600,\"height\":211,\"caption\":\"UVB Brasil\"},\"image\":{\"@id\":\"https:\/\/uvbbrasil.com.br\/#\/schema\/logo\/image\/\"},\"sameAs\":[\"https:\/\/www.facebook.com\/uvb.vereadoresbrasil\",\"https:\/\/www.instagram.com\/uvbbrasil\/\",\"https:\/\/www.youtube.com\/channel\/UCIlPQ8Xzw5GHNzosQIg9S5A\"]},{\"@type\":\"Person\",\"@id\":\"https:\/\/uvbbrasil.com.br\/#\/schema\/person\/17990098446c098f52effddff4f1b272\",\"name\":\"adminuvb\",\"image\":{\"@type\":\"ImageObject\",\"inLanguage\":\"pt-BR\",\"@id\":\"https:\/\/uvbbrasil.com.br\/#\/schema\/person\/image\/\",\"url\":\"https:\/\/secure.gravatar.com\/avatar\/1a494ea6f8e2dd1ae526e55b0e9497efdba542491e0620d704cccf63c6f77c45?s=96&d=mm&r=g\",\"contentUrl\":\"https:\/\/secure.gravatar.com\/avatar\/1a494ea6f8e2dd1ae526e55b0e9497efdba542491e0620d704cccf63c6f77c45?s=96&d=mm&r=g\",\"caption\":\"adminuvb\"},\"sameAs\":[\"https:\/\/uvbbrasil.com.br\"],\"url\":\"https:\/\/uvbbrasil.com.br\/author\/adminuvb\/\"}]}<\/script>\n<!-- \/ Yoast SEO plugin. -->","yoast_head_json":{"title":"Gilson Conzatti \u00e9 reeleito presidente da UVB - UVB Brasil","robots":{"index":"index","follow":"follow","max-snippet":"max-snippet:-1","max-image-preview":"max-image-preview:large","max-video-preview":"max-video-preview:-1"},"canonical":"https:\/\/uvbbrasil.com.br\/gilson-conzatti-e-reeleito-presidente-da-uvb\/","og_locale":"pt_BR","og_type":"article","og_title":"Gilson Conzatti \u00e9 reeleito presidente da UVB - UVB Brasil","og_description":"O presidente da C\u00e2mara de Vereadores de Ira\u00ed\/RS, o vereador Gilson Conzatti, foi reeleito na noite da ter\u00e7a-feira, 22 de...","og_url":"https:\/\/uvbbrasil.com.br\/gilson-conzatti-e-reeleito-presidente-da-uvb\/","og_site_name":"UVB Brasil","article_publisher":"https:\/\/www.facebook.com\/uvb.vereadoresbrasil","article_published_time":"2022-11-23T14:57:30+00:00","og_image":[{"width":1280,"height":960,"url":"https:\/\/uvbbrasil.com.br\/wp-content\/uploads\/2022\/11\/WhatsApp-Image-2022-11-23-at-11.46.07.jpeg","type":"image\/jpeg"}],"author":"adminuvb","twitter_card":"summary_large_image","twitter_misc":{"Escrito por":"adminuvb","Est. tempo de leitura":"3 minutos"},"schema":{"@context":"https:\/\/schema.org","@graph":[{"@type":"Article","@id":"https:\/\/uvbbrasil.com.br\/gilson-conzatti-e-reeleito-presidente-da-uvb\/#article","isPartOf":{"@id":"https:\/\/uvbbrasil.com.br\/gilson-conzatti-e-reeleito-presidente-da-uvb\/"},"author":{"name":"adminuvb","@id":"https:\/\/uvbbrasil.com.br\/#\/schema\/person\/17990098446c098f52effddff4f1b272"},"headline":"Gilson Conzatti \u00e9 reeleito presidente da UVB","datePublished":"2022-11-23T14:57:30+00:00","mainEntityOfPage":{"@id":"https:\/\/uvbbrasil.com.br\/gilson-conzatti-e-reeleito-presidente-da-uvb\/"},"wordCount":487,"commentCount":0,"publisher":{"@id":"https:\/\/uvbbrasil.com.br\/#organization"},"image":{"@id":"https:\/\/uvbbrasil.com.br\/gilson-conzatti-e-reeleito-presidente-da-uvb\/#primaryimage"},"thumbnailUrl":"https:\/\/uvbbrasil.com.br\/wp-content\/uploads\/2022\/11\/WhatsApp-Image-2022-11-23-at-11.46.07.jpeg","articleSection":["NOT\u00cdCIAS","UVB"],"inLanguage":"pt-BR","potentialAction":[{"@type":"CommentAction","name":"Comment","target":["https:\/\/uvbbrasil.com.br\/gilson-conzatti-e-reeleito-presidente-da-uvb\/#respond"]}]},{"@type":"WebPage","@id":"https:\/\/uvbbrasil.com.br\/gilson-conzatti-e-reeleito-presidente-da-uvb\/","url":"https:\/\/uvbbrasil.com.br\/gilson-conzatti-e-reeleito-presidente-da-uvb\/","name":"Gilson Conzatti \u00e9 reeleito presidente da UVB - UVB Brasil","isPartOf":{"@id":"https:\/\/uvbbrasil.com.br\/#website"},"primaryImageOfPage":{"@id":"https:\/\/uvbbrasil.com.br\/gilson-conzatti-e-reeleito-presidente-da-uvb\/#primaryimage"},"image":{"@id":"https:\/\/uvbbrasil.com.br\/gilson-conzatti-e-reeleito-presidente-da-uvb\/#primaryimage"},"thumbnailUrl":"https:\/\/uvbbrasil.com.br\/wp-content\/uploads\/2022\/11\/WhatsApp-Image-2022-11-23-at-11.46.07.jpeg","datePublished":"2022-11-23T14:57:30+00:00","breadcrumb":{"@id":"https:\/\/uvbbrasil.com.br\/gilson-conzatti-e-reeleito-presidente-da-uvb\/#breadcrumb"},"inLanguage":"pt-BR","potentialAction":[{"@type":"ReadAction","target":["https:\/\/uvbbrasil.com.br\/gilson-conzatti-e-reeleito-presidente-da-uvb\/"]}]},{"@type":"ImageObject","inLanguage":"pt-BR","@id":"https:\/\/uvbbrasil.com.br\/gilson-conzatti-e-reeleito-presidente-da-uvb\/#primaryimage","url":"https:\/\/uvbbrasil.com.br\/wp-content\/uploads\/2022\/11\/WhatsApp-Image-2022-11-23-at-11.46.07.jpeg","contentUrl":"https:\/\/uvbbrasil.com.br\/wp-content\/uploads\/2022\/11\/WhatsApp-Image-2022-11-23-at-11.46.07.jpeg","width":1280,"height":960},{"@type":"BreadcrumbList","@id":"https:\/\/uvbbrasil.com.br\/gilson-conzatti-e-reeleito-presidente-da-uvb\/#breadcrumb","itemListElement":[{"@type":"ListItem","position":1,"name":"In\u00edcio","item":"https:\/\/uvbbrasil.com.br\/"},{"@type":"ListItem","position":2,"name":"Gilson Conzatti \u00e9 reeleito presidente da UVB"}]},{"@type":"WebSite","@id":"https:\/\/uvbbrasil.com.br\/#website","url":"https:\/\/uvbbrasil.com.br\/","name":"UVB Brasil","description":"Uni\u00e3o dos Vereadores do Brasil","publisher":{"@id":"https:\/\/uvbbrasil.com.br\/#organization"},"potentialAction":[{"@type":"SearchAction","target":{"@type":"EntryPoint","urlTemplate":"https:\/\/uvbbrasil.com.br\/?s={search_term_string}"},"query-input":{"@type":"PropertyValueSpecification","valueRequired":true,"valueName":"search_term_string"}}],"inLanguage":"pt-BR"},{"@type":"Organization","@id":"https:\/\/uvbbrasil.com.br\/#organization","name":"UVB Brasil","url":"https:\/\/uvbbrasil.com.br\/","logo":{"@type":"ImageObject","inLanguage":"pt-BR","@id":"https:\/\/uvbbrasil.com.br\/#\/schema\/logo\/image\/","url":"https:\/\/uvbbrasil.com.br\/wp-content\/uploads\/2025\/01\/LOGO-UVB-2024-azul-1.jpg","contentUrl":"https:\/\/uvbbrasil.com.br\/wp-content\/uploads\/2025\/01\/LOGO-UVB-2024-azul-1.jpg","width":600,"height":211,"caption":"UVB Brasil"},"image":{"@id":"https:\/\/uvbbrasil.com.br\/#\/schema\/logo\/image\/"},"sameAs":["https:\/\/www.facebook.com\/uvb.vereadoresbrasil","https:\/\/www.instagram.com\/uvbbrasil\/","https:\/\/www.youtube.com\/channel\/UCIlPQ8Xzw5GHNzosQIg9S5A"]},{"@type":"Person","@id":"https:\/\/uvbbrasil.com.br\/#\/schema\/person\/17990098446c098f52effddff4f1b272","name":"adminuvb","image":{"@type":"ImageObject","inLanguage":"pt-BR","@id":"https:\/\/uvbbrasil.com.br\/#\/schema\/person\/image\/","url":"https:\/\/secure.gravatar.com\/avatar\/1a494ea6f8e2dd1ae526e55b0e9497efdba542491e0620d704cccf63c6f77c45?s=96&d=mm&r=g","contentUrl":"https:\/\/secure.gravatar.com\/avatar\/1a494ea6f8e2dd1ae526e55b0e9497efdba542491e0620d704cccf63c6f77c45?s=96&d=mm&r=g","caption":"adminuvb"},"sameAs":["https:\/\/uvbbrasil.com.br"],"url":"https:\/\/uvbbrasil.com.br\/author\/adminuvb\/"}]}},"_links":{"self":[{"href":"https:\/\/uvbbrasil.com.br\/uvb-json\/wp\/v2\/posts\/27669","targetHints":{"allow":["GET"]}}],"collection":[{"href":"https:\/\/uvbbrasil.com.br\/uvb-json\/wp\/v2\/posts"}],"about":[{"href":"https:\/\/uvbbrasil.com.br\/uvb-json\/wp\/v2\/types\/post"}],"author":[{"embeddable":true,"href":"https:\/\/uvbbrasil.com.br\/uvb-json\/wp\/v2\/users\/1"}],"replies":[{"embeddable":true,"href":"https:\/\/uvbbrasil.com.br\/uvb-json\/wp\/v2\/comments?post=27669"}],"version-history":[{"count":0,"href":"https:\/\/uvbbrasil.com.br\/uvb-json\/wp\/v2\/posts\/27669\/revisions"}],"wp:featuredmedia":[{"embeddable":true,"href":"https:\/\/uvbbrasil.com.br\/uvb-json\/wp\/v2\/media\/27675"}],"wp:attachment":[{"href":"https:\/\/uvbbrasil.com.br\/uvb-json\/wp\/v2\/media?parent=27669"}],"wp:term":[{"taxonomy":"category","embeddable":true,"href":"https:\/\/uvbbrasil.com.br\/uvb-json\/wp\/v2\/categories?post=27669"},{"taxonomy":"post_tag","embeddable":true,"href":"https:\/\/uvbbrasil.com.br\/uvb-json\/wp\/v2\/tags?post=27669"}],"curies":[{"name":"wp","href":"https:\/\/api.w.org\/{rel}","templated":true}]}}