{"id":27659,"date":"2022-11-22T09:42:16","date_gmt":"2022-11-22T12:42:16","guid":{"rendered":"https:\/\/wpsandbox4.pante.com.br\/?p=27659"},"modified":"2022-11-22T09:42:16","modified_gmt":"2022-11-22T12:42:16","slug":"confira-a-programacao-do-congresso-brasileiro-de-legislativos-em-bsb","status":"publish","type":"post","link":"https:\/\/uvbbrasil.com.br\/confira-a-programacao-do-congresso-brasileiro-de-legislativos-em-bsb\/","title":{"rendered":"Confira a programa\u00e7\u00e3o do Congresso Brasileiro de Legislativos em BSB"},"content":{"rendered":"<header><\/header>\n<div class=\"elements-box\">\n<p style=\"text-align: center;\"><strong>Congresso Brasileiro de Legislativos Municipais<\/strong>, de 22 a 25 de novembro de 2022.<\/p>\n<p style=\"text-align: center;\"><strong>Como ser\u00e1 o Brasil p\u00f3s Elei\u00e7\u00f5es?<\/strong><\/p>\n<p style=\"text-align: center;\"><strong>PROGRAMA\u00c7\u00c3O\u00a0\u00a0<\/strong><\/p>\n<p style=\"text-align: center;\"><strong>Dia 22 \u2013 Ter\u00e7a \u2013 Feira<\/strong><\/p>\n<p>Das 14h as 18h \u2013 Credenciamento e entrega de materiais<\/p>\n<p>19h \u2013 Assembleia Geral da UVB<\/p>\n<p>Exclusiva para c\u00e2maras filiadas em dia com suas obriga\u00e7\u00f5es estatut\u00e1rias e contribui\u00e7\u00f5es financeiras junto a UVB<\/p>\n<p style=\"text-align: center;\"><strong>Dia 23 \u2013 Quarta \u2013 Feira<\/strong><\/p>\n<p style=\"text-align: center;\"><strong>PALESTRAS SIMULT\u00c2NEAS<\/strong><\/p>\n<p style=\"text-align: center;\"><strong>Presencial Sal\u00e3o V \u2013 Tel\u00e3o Sal\u00e3o II<\/strong><\/p>\n<p><strong>08h30 \u2013 Recep\u00e7\u00e3o<\/strong><\/p>\n<p><strong>9h \u2013 Abertura Oficial<\/strong><\/p>\n<p><strong>09h30 \u2013 Conhecimento, Gerando Resultados na Gest\u00e3o P\u00fablica<\/strong><\/p>\n<p>Lucas Fonseca, palestrante, especialista em Mindset de Alta Performance, Autor do Livro: O C\u00e9u n\u00e3o \u00e9 o limite! \u00c9 o Alvo! Criador do M\u00e9todo MAP.<\/p>\n<p><strong>11h \u2013 Mandato de Valor<\/strong><\/p>\n<p>Randerson Cirqueira \u2013 Servidor efetivo da Procuradoria Geral do DF, Assessor Parlamentar na C\u00e2mara Legislativa do DF, Criador da marca Mandato de Valor, Autor do livro Mandato de Valor, Coautor do Livro Vade Mecum e Processo Legislativo Integral, Palestrante.<\/p>\n<p><strong>12h \u2013 Intervalo para almo\u00e7o<\/strong><\/p>\n<p><strong>14h \u2013 Sa\u00fade da cidade do Cristo Protetor um case de sucesso<\/strong><\/p>\n<p>Clarissa da Rosa Pretto Scatola \u2013 Secretaria Municipal da Sa\u00fade de Encantado\/RS<\/p>\n<p><strong>15h \u2013 Fun\u00e7\u00f5es Legislativas<\/strong><\/p>\n<p>Thiaguinho Batalha \u2013 Ex \u2013 vereador vice \u2013 presidente da c\u00e2mara de Aracaju, foi vice l\u00edder de governo, membro da comiss\u00e3o de justi\u00e7a, foi por quatro anos presidente da comiss\u00e3o de or\u00e7amento de Aracaju<\/p>\n<p><strong>16h \u2013 Fundamentos Processo Legislativo e a Atua\u00e7\u00e3o na Pr\u00e1tica<\/strong><\/p>\n<p>Dr. Andr\u00e9 Camillo \u2013 Advogado especialista em direito administrativo, Consultor Jur\u00eddico da UVB<\/p>\n<p><strong>17h \u2013 Encerramento<\/strong><\/p>\n<p style=\"text-align: center;\"><strong>Dia 24 \u2013 Quinta \u2013 Feira<\/strong><\/p>\n<p style=\"text-align: center;\"><strong>PALESTRAS SIMULT\u00c2NEAS<\/strong><\/p>\n<p style=\"text-align: center;\"><strong>Presencial Sal\u00e3o V \u2013 Tel\u00e3o Sal\u00e3o II<\/strong><\/p>\n<p><strong>9h \u2013 Painel: An\u00e1lise do Brasil que Saiu das Urnas<\/strong><\/p>\n<p>Dr. Joelson Dias, Ex-Ministro Substituto do Tribunal Superior Eleitoral (TSE)<\/p>\n<p>Dra. Tatiana Costa, Vice-Presidente da OAB\/MA<\/p>\n<p><strong>10h \u2013 Nova Lei das Licita\u00e7\u00f5es<\/strong><\/p>\n<p>Antino Noleto \u2013 Advogado Diretor Administrativo da Assembleia Legislativa do Estado do Maranh\u00e3o<\/p>\n<p><strong>11h \u2013 O Brasil P\u00f3s Elei\u00e7\u00f5es na vis\u00e3o da Ci\u00eancia Pol\u00edtica<\/strong><\/p>\n<p>Emerson Saraiva- Publicit\u00e1rio e Consultor de Estrat\u00e9gia e Marketing Marketing Pol\u00edtico, Graduado em Jornalismo e Arte e M\u00eddia, com Mestrado em Comunica\u00e7\u00e3o, Diretor da ag\u00eancia Coletivo Digitall e idealizador do projeto ELEJA.SE, que oferecem cursos, treinamentos, consultoria e mentoria para \u00f3rg\u00e3os p\u00fablicos, pol\u00edticos e profissionais de estrat\u00e9gia.<\/p>\n<p><strong>13h \u2013 Intervalo para almo\u00e7o<\/strong><\/p>\n<p><strong>14h \u2013 Projeto Centro Integrado de Sa\u00fade para Caminhoneiros<\/strong><\/p>\n<p>Apresenta\u00e7\u00e3o do Projeto Centro Integrado de Sa\u00fade para Caminhoneiros: a\u00e7\u00e3o de preven\u00e7\u00e3o e promo\u00e7\u00e3o da sa\u00fade cardiovascular com enfoque na melhoria da qualidade de vida desses profissionais<\/p>\n<p>Ticiana Anglarill Pinheiro \u2013 M\u00e9dica Coordenadora do projeto \u2013 Tabuleiro do Norte\/CE<\/p>\n<p><strong>14h30 \u2013 Sonhar e Realizar Atrav\u00e9s da Pol\u00edtica<\/strong><\/p>\n<p>Tiago Manoel F. Michelon- Bachael em Direito pela UCS-Universidade de Caxias do Sul, Prefeito de Vespasiano Corr\u00eaa\/RS<\/p>\n<p><strong>19h30 \u2013 Entrega da Medalha TOP LEGISLATIVO\u00a0<\/strong><\/p>\n<p style=\"text-align: center;\"><strong>Dia 25 \u2013 Sexta \u2013 Feira<\/strong><\/p>\n<p style=\"text-align: center;\"><strong>Presencial Sal\u00e3o V<\/strong><\/p>\n<p><strong>09h \u2013\u00a0<\/strong><strong>O Vereador e o Exerc\u00edcio da Fun\u00e7\u00e3o Fiscalizat\u00f3ria<\/strong><\/p>\n<p>Dr. Andr\u00e9 Camillo \u2013 Advogado especialista em direito administrativo, Consultor Jur\u00eddico da UVB<\/p>\n<p><strong>11h \u2013 Encerramento<\/strong><\/p>\n<p>&nbsp;<\/p>\n<p><strong>*Programa\u00e7\u00e3o sujeita a altera\u00e7\u00f5es sem aviso pr\u00e9vio<\/strong><\/p>\n<p><strong>Certificados:<\/strong>\u00a0Participa\u00e7\u00e3o m\u00ednima de 75% de frequ\u00eancia<\/p>\n<p><strong>Informa\u00e7\u00f5es whatsapp:<\/strong>\u00a055 996449022 \u2013 Fernando Radaelli ou 51 98033 1642 \u2013 Thain\u00e1 Leite<\/p>\n<p><img fetchpriority=\"high\" decoding=\"async\" class=\"alignnone size-medium wp-image-27289\" src=\"https:\/\/uvbbrasil.com.br\/wp-content\/uploads\/2022\/09\/WhatsApp-Image-2022-10-04-at-10.16.08-300x300.jpeg\" alt=\"\" width=\"300\" height=\"300\" srcset=\"https:\/\/uvbbrasil.com.br\/wp-content\/uploads\/2022\/09\/WhatsApp-Image-2022-10-04-at-10.16.08-300x300.jpeg 300w, https:\/\/uvbbrasil.com.br\/wp-content\/uploads\/2022\/09\/WhatsApp-Image-2022-10-04-at-10.16.08-1024x1024.jpeg 1024w, https:\/\/uvbbrasil.com.br\/wp-content\/uploads\/2022\/09\/WhatsApp-Image-2022-10-04-at-10.16.08-150x150.jpeg 150w, https:\/\/uvbbrasil.com.br\/wp-content\/uploads\/2022\/09\/WhatsApp-Image-2022-10-04-at-10.16.08-768x768.jpeg 768w, https:\/\/uvbbrasil.com.br\/wp-content\/uploads\/2022\/09\/WhatsApp-Image-2022-10-04-at-10.16.08.jpeg 1080w\" sizes=\"(max-width: 300px) 100vw, 300px\" \/><\/p>\n<\/div>\n","protected":false},"excerpt":{"rendered":"<p>Congresso Brasileiro de Legislativos Municipais, de 22 a 25 de novembro de 2022. Como ser\u00e1 o Brasil p\u00f3s Elei\u00e7\u00f5es? PROGRAMA\u00c7\u00c3O\u00a0\u00a0&#8230;<\/p>\n","protected":false},"author":1,"featured_media":27289,"comment_status":"open","ping_status":"open","sticky":false,"template":"","format":"standard","meta":{"footnotes":""},"categories":[3,4],"tags":[],"class_list":["post-27659","post","type-post","status-publish","format-standard","has-post-thumbnail","hentry","category-noticias","category-home"],"yoast_head":"<!-- This site is optimized with the Yoast SEO plugin v26.7 - https:\/\/yoast.com\/wordpress\/plugins\/seo\/ -->\n<title>Confira a programa\u00e7\u00e3o do Congresso Brasileiro de Legislativos em BSB - UVB Brasil<\/title>\n<meta name=\"robots\" content=\"index, follow, max-snippet:-1, max-image-preview:large, max-video-preview:-1\" \/>\n<link rel=\"canonical\" href=\"https:\/\/uvbbrasil.com.br\/confira-a-programacao-do-congresso-brasileiro-de-legislativos-em-bsb\/\" \/>\n<meta property=\"og:locale\" content=\"pt_BR\" \/>\n<meta property=\"og:type\" content=\"article\" \/>\n<meta property=\"og:title\" content=\"Confira a programa\u00e7\u00e3o do Congresso Brasileiro de Legislativos em BSB - UVB Brasil\" \/>\n<meta property=\"og:description\" content=\"Congresso Brasileiro de Legislativos Municipais, de 22 a 25 de novembro de 2022. Como ser\u00e1 o Brasil p\u00f3s Elei\u00e7\u00f5es? PROGRAMA\u00c7\u00c3O\u00a0\u00a0...\" \/>\n<meta property=\"og:url\" content=\"https:\/\/uvbbrasil.com.br\/confira-a-programacao-do-congresso-brasileiro-de-legislativos-em-bsb\/\" \/>\n<meta property=\"og:site_name\" content=\"UVB Brasil\" \/>\n<meta property=\"article:publisher\" content=\"https:\/\/www.facebook.com\/uvb.vereadoresbrasil\" \/>\n<meta property=\"article:published_time\" content=\"2022-11-22T12:42:16+00:00\" \/>\n<meta property=\"og:image\" content=\"https:\/\/uvbbrasil.com.br\/wp-content\/uploads\/2022\/09\/WhatsApp-Image-2022-10-04-at-10.16.08.jpeg\" \/>\n\t<meta property=\"og:image:width\" content=\"1080\" \/>\n\t<meta property=\"og:image:height\" content=\"1080\" \/>\n\t<meta property=\"og:image:type\" content=\"image\/jpeg\" \/>\n<meta name=\"author\" content=\"adminuvb\" \/>\n<meta name=\"twitter:card\" content=\"summary_large_image\" \/>\n<meta name=\"twitter:label1\" content=\"Escrito por\" \/>\n\t<meta name=\"twitter:data1\" content=\"adminuvb\" \/>\n\t<meta name=\"twitter:label2\" content=\"Est. tempo de leitura\" \/>\n\t<meta name=\"twitter:data2\" content=\"3 minutos\" \/>\n<script type=\"application\/ld+json\" class=\"yoast-schema-graph\">{\"@context\":\"https:\/\/schema.org\",\"@graph\":[{\"@type\":\"Article\",\"@id\":\"https:\/\/uvbbrasil.com.br\/confira-a-programacao-do-congresso-brasileiro-de-legislativos-em-bsb\/#article\",\"isPartOf\":{\"@id\":\"https:\/\/uvbbrasil.com.br\/confira-a-programacao-do-congresso-brasileiro-de-legislativos-em-bsb\/\"},\"author\":{\"name\":\"adminuvb\",\"@id\":\"https:\/\/uvbbrasil.com.br\/#\/schema\/person\/17990098446c098f52effddff4f1b272\"},\"headline\":\"Confira a programa\u00e7\u00e3o do Congresso Brasileiro de Legislativos em BSB\",\"datePublished\":\"2022-11-22T12:42:16+00:00\",\"mainEntityOfPage\":{\"@id\":\"https:\/\/uvbbrasil.com.br\/confira-a-programacao-do-congresso-brasileiro-de-legislativos-em-bsb\/\"},\"wordCount\":554,\"commentCount\":0,\"publisher\":{\"@id\":\"https:\/\/uvbbrasil.com.br\/#organization\"},\"image\":{\"@id\":\"https:\/\/uvbbrasil.com.br\/confira-a-programacao-do-congresso-brasileiro-de-legislativos-em-bsb\/#primaryimage\"},\"thumbnailUrl\":\"https:\/\/uvbbrasil.com.br\/wp-content\/uploads\/2022\/09\/WhatsApp-Image-2022-10-04-at-10.16.08.jpeg\",\"articleSection\":[\"NOT\u00cdCIAS\",\"UVB\"],\"inLanguage\":\"pt-BR\",\"potentialAction\":[{\"@type\":\"CommentAction\",\"name\":\"Comment\",\"target\":[\"https:\/\/uvbbrasil.com.br\/confira-a-programacao-do-congresso-brasileiro-de-legislativos-em-bsb\/#respond\"]}]},{\"@type\":\"WebPage\",\"@id\":\"https:\/\/uvbbrasil.com.br\/confira-a-programacao-do-congresso-brasileiro-de-legislativos-em-bsb\/\",\"url\":\"https:\/\/uvbbrasil.com.br\/confira-a-programacao-do-congresso-brasileiro-de-legislativos-em-bsb\/\",\"name\":\"Confira a programa\u00e7\u00e3o do Congresso Brasileiro de Legislativos em BSB - UVB Brasil\",\"isPartOf\":{\"@id\":\"https:\/\/uvbbrasil.com.br\/#website\"},\"primaryImageOfPage\":{\"@id\":\"https:\/\/uvbbrasil.com.br\/confira-a-programacao-do-congresso-brasileiro-de-legislativos-em-bsb\/#primaryimage\"},\"image\":{\"@id\":\"https:\/\/uvbbrasil.com.br\/confira-a-programacao-do-congresso-brasileiro-de-legislativos-em-bsb\/#primaryimage\"},\"thumbnailUrl\":\"https:\/\/uvbbrasil.com.br\/wp-content\/uploads\/2022\/09\/WhatsApp-Image-2022-10-04-at-10.16.08.jpeg\",\"datePublished\":\"2022-11-22T12:42:16+00:00\",\"breadcrumb\":{\"@id\":\"https:\/\/uvbbrasil.com.br\/confira-a-programacao-do-congresso-brasileiro-de-legislativos-em-bsb\/#breadcrumb\"},\"inLanguage\":\"pt-BR\",\"potentialAction\":[{\"@type\":\"ReadAction\",\"target\":[\"https:\/\/uvbbrasil.com.br\/confira-a-programacao-do-congresso-brasileiro-de-legislativos-em-bsb\/\"]}]},{\"@type\":\"ImageObject\",\"inLanguage\":\"pt-BR\",\"@id\":\"https:\/\/uvbbrasil.com.br\/confira-a-programacao-do-congresso-brasileiro-de-legislativos-em-bsb\/#primaryimage\",\"url\":\"https:\/\/uvbbrasil.com.br\/wp-content\/uploads\/2022\/09\/WhatsApp-Image-2022-10-04-at-10.16.08.jpeg\",\"contentUrl\":\"https:\/\/uvbbrasil.com.br\/wp-content\/uploads\/2022\/09\/WhatsApp-Image-2022-10-04-at-10.16.08.jpeg\",\"width\":1080,\"height\":1080},{\"@type\":\"BreadcrumbList\",\"@id\":\"https:\/\/uvbbrasil.com.br\/confira-a-programacao-do-congresso-brasileiro-de-legislativos-em-bsb\/#breadcrumb\",\"itemListElement\":[{\"@type\":\"ListItem\",\"position\":1,\"name\":\"In\u00edcio\",\"item\":\"https:\/\/uvbbrasil.com.br\/\"},{\"@type\":\"ListItem\",\"position\":2,\"name\":\"Confira a programa\u00e7\u00e3o do Congresso Brasileiro de Legislativos em BSB\"}]},{\"@type\":\"WebSite\",\"@id\":\"https:\/\/uvbbrasil.com.br\/#website\",\"url\":\"https:\/\/uvbbrasil.com.br\/\",\"name\":\"UVB Brasil\",\"description\":\"Uni\u00e3o dos Vereadores do Brasil\",\"publisher\":{\"@id\":\"https:\/\/uvbbrasil.com.br\/#organization\"},\"potentialAction\":[{\"@type\":\"SearchAction\",\"target\":{\"@type\":\"EntryPoint\",\"urlTemplate\":\"https:\/\/uvbbrasil.com.br\/?s={search_term_string}\"},\"query-input\":{\"@type\":\"PropertyValueSpecification\",\"valueRequired\":true,\"valueName\":\"search_term_string\"}}],\"inLanguage\":\"pt-BR\"},{\"@type\":\"Organization\",\"@id\":\"https:\/\/uvbbrasil.com.br\/#organization\",\"name\":\"UVB Brasil\",\"url\":\"https:\/\/uvbbrasil.com.br\/\",\"logo\":{\"@type\":\"ImageObject\",\"inLanguage\":\"pt-BR\",\"@id\":\"https:\/\/uvbbrasil.com.br\/#\/schema\/logo\/image\/\",\"url\":\"https:\/\/uvbbrasil.com.br\/wp-content\/uploads\/2025\/01\/LOGO-UVB-2024-azul-1.jpg\",\"contentUrl\":\"https:\/\/uvbbrasil.com.br\/wp-content\/uploads\/2025\/01\/LOGO-UVB-2024-azul-1.jpg\",\"width\":600,\"height\":211,\"caption\":\"UVB Brasil\"},\"image\":{\"@id\":\"https:\/\/uvbbrasil.com.br\/#\/schema\/logo\/image\/\"},\"sameAs\":[\"https:\/\/www.facebook.com\/uvb.vereadoresbrasil\",\"https:\/\/www.instagram.com\/uvbbrasil\/\",\"https:\/\/www.youtube.com\/channel\/UCIlPQ8Xzw5GHNzosQIg9S5A\"]},{\"@type\":\"Person\",\"@id\":\"https:\/\/uvbbrasil.com.br\/#\/schema\/person\/17990098446c098f52effddff4f1b272\",\"name\":\"adminuvb\",\"image\":{\"@type\":\"ImageObject\",\"inLanguage\":\"pt-BR\",\"@id\":\"https:\/\/uvbbrasil.com.br\/#\/schema\/person\/image\/\",\"url\":\"https:\/\/secure.gravatar.com\/avatar\/1a494ea6f8e2dd1ae526e55b0e9497efdba542491e0620d704cccf63c6f77c45?s=96&d=mm&r=g\",\"contentUrl\":\"https:\/\/secure.gravatar.com\/avatar\/1a494ea6f8e2dd1ae526e55b0e9497efdba542491e0620d704cccf63c6f77c45?s=96&d=mm&r=g\",\"caption\":\"adminuvb\"},\"sameAs\":[\"https:\/\/uvbbrasil.com.br\"],\"url\":\"https:\/\/uvbbrasil.com.br\/author\/adminuvb\/\"}]}<\/script>\n<!-- \/ Yoast SEO plugin. -->","yoast_head_json":{"title":"Confira a programa\u00e7\u00e3o do Congresso Brasileiro de Legislativos em BSB - UVB Brasil","robots":{"index":"index","follow":"follow","max-snippet":"max-snippet:-1","max-image-preview":"max-image-preview:large","max-video-preview":"max-video-preview:-1"},"canonical":"https:\/\/uvbbrasil.com.br\/confira-a-programacao-do-congresso-brasileiro-de-legislativos-em-bsb\/","og_locale":"pt_BR","og_type":"article","og_title":"Confira a programa\u00e7\u00e3o do Congresso Brasileiro de Legislativos em BSB - UVB Brasil","og_description":"Congresso Brasileiro de Legislativos Municipais, de 22 a 25 de novembro de 2022. Como ser\u00e1 o Brasil p\u00f3s Elei\u00e7\u00f5es? PROGRAMA\u00c7\u00c3O\u00a0\u00a0...","og_url":"https:\/\/uvbbrasil.com.br\/confira-a-programacao-do-congresso-brasileiro-de-legislativos-em-bsb\/","og_site_name":"UVB Brasil","article_publisher":"https:\/\/www.facebook.com\/uvb.vereadoresbrasil","article_published_time":"2022-11-22T12:42:16+00:00","og_image":[{"width":1080,"height":1080,"url":"https:\/\/uvbbrasil.com.br\/wp-content\/uploads\/2022\/09\/WhatsApp-Image-2022-10-04-at-10.16.08.jpeg","type":"image\/jpeg"}],"author":"adminuvb","twitter_card":"summary_large_image","twitter_misc":{"Escrito por":"adminuvb","Est. tempo de leitura":"3 minutos"},"schema":{"@context":"https:\/\/schema.org","@graph":[{"@type":"Article","@id":"https:\/\/uvbbrasil.com.br\/confira-a-programacao-do-congresso-brasileiro-de-legislativos-em-bsb\/#article","isPartOf":{"@id":"https:\/\/uvbbrasil.com.br\/confira-a-programacao-do-congresso-brasileiro-de-legislativos-em-bsb\/"},"author":{"name":"adminuvb","@id":"https:\/\/uvbbrasil.com.br\/#\/schema\/person\/17990098446c098f52effddff4f1b272"},"headline":"Confira a programa\u00e7\u00e3o do Congresso Brasileiro de Legislativos em BSB","datePublished":"2022-11-22T12:42:16+00:00","mainEntityOfPage":{"@id":"https:\/\/uvbbrasil.com.br\/confira-a-programacao-do-congresso-brasileiro-de-legislativos-em-bsb\/"},"wordCount":554,"commentCount":0,"publisher":{"@id":"https:\/\/uvbbrasil.com.br\/#organization"},"image":{"@id":"https:\/\/uvbbrasil.com.br\/confira-a-programacao-do-congresso-brasileiro-de-legislativos-em-bsb\/#primaryimage"},"thumbnailUrl":"https:\/\/uvbbrasil.com.br\/wp-content\/uploads\/2022\/09\/WhatsApp-Image-2022-10-04-at-10.16.08.jpeg","articleSection":["NOT\u00cdCIAS","UVB"],"inLanguage":"pt-BR","potentialAction":[{"@type":"CommentAction","name":"Comment","target":["https:\/\/uvbbrasil.com.br\/confira-a-programacao-do-congresso-brasileiro-de-legislativos-em-bsb\/#respond"]}]},{"@type":"WebPage","@id":"https:\/\/uvbbrasil.com.br\/confira-a-programacao-do-congresso-brasileiro-de-legislativos-em-bsb\/","url":"https:\/\/uvbbrasil.com.br\/confira-a-programacao-do-congresso-brasileiro-de-legislativos-em-bsb\/","name":"Confira a programa\u00e7\u00e3o do Congresso Brasileiro de Legislativos em BSB - UVB Brasil","isPartOf":{"@id":"https:\/\/uvbbrasil.com.br\/#website"},"primaryImageOfPage":{"@id":"https:\/\/uvbbrasil.com.br\/confira-a-programacao-do-congresso-brasileiro-de-legislativos-em-bsb\/#primaryimage"},"image":{"@id":"https:\/\/uvbbrasil.com.br\/confira-a-programacao-do-congresso-brasileiro-de-legislativos-em-bsb\/#primaryimage"},"thumbnailUrl":"https:\/\/uvbbrasil.com.br\/wp-content\/uploads\/2022\/09\/WhatsApp-Image-2022-10-04-at-10.16.08.jpeg","datePublished":"2022-11-22T12:42:16+00:00","breadcrumb":{"@id":"https:\/\/uvbbrasil.com.br\/confira-a-programacao-do-congresso-brasileiro-de-legislativos-em-bsb\/#breadcrumb"},"inLanguage":"pt-BR","potentialAction":[{"@type":"ReadAction","target":["https:\/\/uvbbrasil.com.br\/confira-a-programacao-do-congresso-brasileiro-de-legislativos-em-bsb\/"]}]},{"@type":"ImageObject","inLanguage":"pt-BR","@id":"https:\/\/uvbbrasil.com.br\/confira-a-programacao-do-congresso-brasileiro-de-legislativos-em-bsb\/#primaryimage","url":"https:\/\/uvbbrasil.com.br\/wp-content\/uploads\/2022\/09\/WhatsApp-Image-2022-10-04-at-10.16.08.jpeg","contentUrl":"https:\/\/uvbbrasil.com.br\/wp-content\/uploads\/2022\/09\/WhatsApp-Image-2022-10-04-at-10.16.08.jpeg","width":1080,"height":1080},{"@type":"BreadcrumbList","@id":"https:\/\/uvbbrasil.com.br\/confira-a-programacao-do-congresso-brasileiro-de-legislativos-em-bsb\/#breadcrumb","itemListElement":[{"@type":"ListItem","position":1,"name":"In\u00edcio","item":"https:\/\/uvbbrasil.com.br\/"},{"@type":"ListItem","position":2,"name":"Confira a programa\u00e7\u00e3o do Congresso Brasileiro de Legislativos em BSB"}]},{"@type":"WebSite","@id":"https:\/\/uvbbrasil.com.br\/#website","url":"https:\/\/uvbbrasil.com.br\/","name":"UVB Brasil","description":"Uni\u00e3o dos Vereadores do Brasil","publisher":{"@id":"https:\/\/uvbbrasil.com.br\/#organization"},"potentialAction":[{"@type":"SearchAction","target":{"@type":"EntryPoint","urlTemplate":"https:\/\/uvbbrasil.com.br\/?s={search_term_string}"},"query-input":{"@type":"PropertyValueSpecification","valueRequired":true,"valueName":"search_term_string"}}],"inLanguage":"pt-BR"},{"@type":"Organization","@id":"https:\/\/uvbbrasil.com.br\/#organization","name":"UVB Brasil","url":"https:\/\/uvbbrasil.com.br\/","logo":{"@type":"ImageObject","inLanguage":"pt-BR","@id":"https:\/\/uvbbrasil.com.br\/#\/schema\/logo\/image\/","url":"https:\/\/uvbbrasil.com.br\/wp-content\/uploads\/2025\/01\/LOGO-UVB-2024-azul-1.jpg","contentUrl":"https:\/\/uvbbrasil.com.br\/wp-content\/uploads\/2025\/01\/LOGO-UVB-2024-azul-1.jpg","width":600,"height":211,"caption":"UVB Brasil"},"image":{"@id":"https:\/\/uvbbrasil.com.br\/#\/schema\/logo\/image\/"},"sameAs":["https:\/\/www.facebook.com\/uvb.vereadoresbrasil","https:\/\/www.instagram.com\/uvbbrasil\/","https:\/\/www.youtube.com\/channel\/UCIlPQ8Xzw5GHNzosQIg9S5A"]},{"@type":"Person","@id":"https:\/\/uvbbrasil.com.br\/#\/schema\/person\/17990098446c098f52effddff4f1b272","name":"adminuvb","image":{"@type":"ImageObject","inLanguage":"pt-BR","@id":"https:\/\/uvbbrasil.com.br\/#\/schema\/person\/image\/","url":"https:\/\/secure.gravatar.com\/avatar\/1a494ea6f8e2dd1ae526e55b0e9497efdba542491e0620d704cccf63c6f77c45?s=96&d=mm&r=g","contentUrl":"https:\/\/secure.gravatar.com\/avatar\/1a494ea6f8e2dd1ae526e55b0e9497efdba542491e0620d704cccf63c6f77c45?s=96&d=mm&r=g","caption":"adminuvb"},"sameAs":["https:\/\/uvbbrasil.com.br"],"url":"https:\/\/uvbbrasil.com.br\/author\/adminuvb\/"}]}},"_links":{"self":[{"href":"https:\/\/uvbbrasil.com.br\/uvb-json\/wp\/v2\/posts\/27659","targetHints":{"allow":["GET"]}}],"collection":[{"href":"https:\/\/uvbbrasil.com.br\/uvb-json\/wp\/v2\/posts"}],"about":[{"href":"https:\/\/uvbbrasil.com.br\/uvb-json\/wp\/v2\/types\/post"}],"author":[{"embeddable":true,"href":"https:\/\/uvbbrasil.com.br\/uvb-json\/wp\/v2\/users\/1"}],"replies":[{"embeddable":true,"href":"https:\/\/uvbbrasil.com.br\/uvb-json\/wp\/v2\/comments?post=27659"}],"version-history":[{"count":0,"href":"https:\/\/uvbbrasil.com.br\/uvb-json\/wp\/v2\/posts\/27659\/revisions"}],"wp:featuredmedia":[{"embeddable":true,"href":"https:\/\/uvbbrasil.com.br\/uvb-json\/wp\/v2\/media\/27289"}],"wp:attachment":[{"href":"https:\/\/uvbbrasil.com.br\/uvb-json\/wp\/v2\/media?parent=27659"}],"wp:term":[{"taxonomy":"category","embeddable":true,"href":"https:\/\/uvbbrasil.com.br\/uvb-json\/wp\/v2\/categories?post=27659"},{"taxonomy":"post_tag","embeddable":true,"href":"https:\/\/uvbbrasil.com.br\/uvb-json\/wp\/v2\/tags?post=27659"}],"curies":[{"name":"wp","href":"https:\/\/api.w.org\/{rel}","templated":true}]}}