{"id":27656,"date":"2022-11-22T09:32:39","date_gmt":"2022-11-22T12:32:39","guid":{"rendered":"https:\/\/wpsandbox4.pante.com.br\/?p=27656"},"modified":"2022-11-22T09:32:39","modified_gmt":"2022-11-22T12:32:39","slug":"camara-de-dourados-ms-aprova-projeto-de-lei-que-cria-nova-tabela-salarial-e-garante-valorizacao-aos-agentes-de-transito","status":"publish","type":"post","link":"https:\/\/uvbbrasil.com.br\/camara-de-dourados-ms-aprova-projeto-de-lei-que-cria-nova-tabela-salarial-e-garante-valorizacao-aos-agentes-de-transito\/","title":{"rendered":"C\u00e2mara de Dourados\/MS, aprova projeto de lei que cria nova tabela salarial e garante valoriza\u00e7\u00e3o aos agentes de tr\u00e2nsito"},"content":{"rendered":"<p>Os vereadores de Dourados aprovaram nesta segunda-feira (21), durante a 40\u00aa sess\u00e3o ordin\u00e1ria de 2022, o Projeto de Lei Complementar N\u00ba 032\/2022, de autoria do Poder Executivo, que cria tabela de remunera\u00e7\u00e3o espec\u00edfica para o cargo de agente de fiscaliza\u00e7\u00e3o de tr\u00e2nsito municipal.<\/p>\n<p>Na pr\u00e1tica, a proposta, apreciada em regime de urg\u00eancia, garante a valoriza\u00e7\u00e3o salarial da carreira dos servidores de n\u00edvel m\u00e9dio que atuam na fiscaliza\u00e7\u00e3o de tr\u00e2nsito em Dourados. Conforme os agentes, a proposta aprovada pela C\u00e2mara de Dourados vai beneficiar diretamente 29 servidores da Agetran.<\/p>\n<p>Tamb\u00e9m em regime de urg\u00eancia, a C\u00e2mara aprovou ainda o projeto de lei complementar N\u00ba033\/2022, de autoria do Executivo, que altera a lei complementar N\u00ba 310\/2016 e cria uma nova tabela salarial exclusiva para os agentes comunit\u00e1rios de sa\u00fade e agentes de endemias no munic\u00edpio.<\/p>\n<p>Os vereadores apreciaram ainda o projeto de lei complementar N\u00ba 034\/2022, de autoria do Executivo, que disp\u00f5e sobre o regime jur\u00eddico dos servidores p\u00fablicos do Munic\u00edpio de Dourados e de suas autarquias e funda\u00e7\u00f5es p\u00fablicas.<\/p>\n<p><strong>Primeira vota\u00e7\u00e3o<\/strong><\/p>\n<p>Na ordem do dia, os vereadores aprovaram, em primeira vota\u00e7\u00e3o, os seguintes projetos:<\/p>\n<p>\u2013\u00a0Projeto de Lei n\u00ba 207\/2022, de autoria do vereador Mauricio Lemes (PSB), que disp\u00f5e sobre a implanta\u00e7\u00e3o de c\u00f3digo QR (QR CODE) em todas as placas de obras municipais para leitura e fiscaliza\u00e7\u00e3o eletr\u00f4nica por dispositivos m\u00f3veis, e d\u00e1 outras provid\u00eancias.<\/p>\n<p>\u2013 Projeto de Lei n\u00ba 196\/2022, de autoria do vereador J\u00e2nio Miguel (PTB), que declara de Utilidade P\u00fablica Municipal a Associa\u00e7\u00e3o dos Procons do Estado de Mato Grosso do Sul.<\/p>\n<p>\u2013 Projeto de Lei n\u00ba 208\/2022, de autoria do vereador Marcelo Mour\u00e3o (Podemos), que declara de Utilidade P\u00fablica Municipal a Associa\u00e7\u00e3o Ind\u00edgena Cheret\u00e1 Tekoha de Dourados.<\/p>\n<p>\u2013 Projeto de Lei n\u00ba 210\/2022, de autoria do vereador Olavo Sul (MDB), que institui e inclui no Calend\u00e1rio de Eventos do Munic\u00edpio o Dia Municipal do Santu\u00e1rio Diocesano Nossa Senhora Aparecida, a ser celebrado anualmente em 12 de outubro.<\/p>\n<p>\u2013 Projeto de Lei n\u00ba 211\/2022, de autoria do vereador Olavo Sul (MDB), que institui e inclui no Calend\u00e1rio de Eventos do Munic\u00edpio o Dia do Carteiro, a ser celebrado anualmente em 25 de janeiro.<\/p>\n<p>\u2013 Projeto de Lei n\u00ba 200\/2022, de autoria do vereador Tio Bubi (PSD), que denomina Rua Irene Fritz Ebenritter, a Rua Projetada M02, em toda sua extens\u00e3o, localizada entre o Parque das Na\u00e7\u00f5es II e Vila Mariana.<\/p>\n<p>\u2013 Projeto de Lei n\u00ba 209\/2022, de autoria do vereador Tio Bubi (PSD), que denomina Rua Gilberto Antonio Mendes Banhara, a Rua Corredor P\u00fablico Perpendicular \u00e0 Avenida S\u00e3o Vicente de Paula, localizada no Distrito de Ind\u00e1polis.<\/p>\n<p>\u2013 Projeto de Lei n\u00ba 212\/2022, de autoria do vereador Mauricio Lemes (PSB), que denomina a Pra\u00e7a Cidinha Oliveira (Maria Aparecida Miranda de Oliveira), a pra\u00e7a localizada na quadra 08, do loteamento Costa Dourada, entre as ruas Izidro Pedroso, Alice Franco Matsushima e Projetada CD 02.<\/p>\n<p>\u2013 Projeto de Lei n\u00ba 217\/2022, de autoria do vereador Rog\u00e9rio Yuri (PSDB), que denomina Rua Inspetor Francisco Silveira a Rua Projetada P RP, no Residencial Pelicano.<\/p>\n<p><strong>\u00danica discuss\u00e3o e vota\u00e7\u00e3o<\/strong><\/p>\n<p>J\u00e1 em \u00fanica discuss\u00e3o e vota\u00e7\u00e3o, os vereadores de Dourados aprovaram os seguintes projetos:<\/p>\n<p>\u2013 Projeto de Decreto Legislativo n\u00ba 162\/2022, de autoria do vereador Dr. Diogo Castilho (PSDB), concede Diploma de Jubileu de Esmeralda ao Comando da 4\u00aa Brigada de Cavalaria Mecanizada em Dourados\/MS, alusivo aos 40 anos de sua instala\u00e7\u00e3o no Munic\u00edpio.<\/p>\n<p>\u2013 Projeto de Decreto Legislativo n\u00ba 163\/2022, de autoria dos vereadores Infra-Assinados, que concede Diploma de Honra ao M\u00e9rito ao Dr. David Rodrigues Infante Vieira, em reconhecimento aos bons e relevantes servi\u00e7os prestados ao Munic\u00edpio.<\/p>\n<p>\u2013 Projeto de Decreto Legislativo n\u00ba 164\/2022, de autoria do vereador Laudir Munaretto (MDB), que concede Diploma de Jubileu de Ouro ao Movimento de Cursilho de Cristandade da Diocese de Dourados, alusivo aos 50 anos de cria\u00e7\u00e3o.<\/p>\n<p>\u2013 Projeto de Decreto Legislativo n\u00ba 165\/2022, de autoria dos Vereadores Infra-Assinados, que concede Diploma de Honra ao M\u00e9rito ao Dr. Henrique Sartori de Almeida Prado, em reconhecimento aos bons e relevantes servi\u00e7os prestados ao Munic\u00edpio.<\/p>\n<p>\u2013 Projeto de Decreto Legislativo n\u00ba 166\/2022, de autoria dos Vereadores Infra-Assinados, que concede Diploma de Honra ao M\u00e9rito ao Cabo da PM Jander Esp\u00edndola dos Santos, pela destacada atua\u00e7\u00e3o no Munic\u00edpio.<\/p>\n<p>\u2013 Projeto de Decreto Legislativo n\u00ba 167\/2022, de autoria do vereador J\u00e2nio Miguel (PSB), que concede T\u00edtulo de Cidad\u00e3o Benem\u00e9rito ao Professor de Educa\u00e7\u00e3o F\u00edsica Wellington Nogueira Leite da Silva, pelos bons e relevantes servi\u00e7os prestados \u00e0 comunidade.<\/p>\n<p>\u2013 Projeto de Decreto Legislativo n\u00ba 168\/2022, de autoria do vereador J\u00e2nio Miguel (PTB), que concede T\u00edtulo de Cidad\u00e3o Douradense ao Dr. Renato de Aguiar Lima Pereira, pelos bons e relevantes servi\u00e7os prestados \u00e0 comunidade.<\/p>\n<p>\u2013 Projeto de Decreto Legislativo n\u00ba 169\/2022, de autoria do vereador Marc\u00e3o da Sepriva (Solidariedade), que concede Diploma Jubileu de Turquesa para Nova Era Ve\u00edculos Ltda., alusivo aos 18 anos de sua funda\u00e7\u00e3o.<\/p>\n<p>\u2013 Projeto de Decreto Legislativo n\u00ba 170\/2022, de autoria dos Vereadores Infra-Assinados, que concede Diploma de Honra ao M\u00e9rito a Senhora F\u00e1tima Ver\u00e3o, pelos bons e relevantes servi\u00e7os prestados ao Munic\u00edpio.<\/p>\n<p>\u2013 Projeto de Decreto Legislativo n\u00ba 171\/2022, de autoria do vereador Mauricio Lemes (PSB), que concede T\u00edtulo de Cidad\u00e3o Douradense ao Senhor Wellington Henrique Rocha de Lima, em reconhecimento aos bons e relevantes servi\u00e7os prestados ao Munic\u00edpio.<\/p>\n<p>\u2013 Projeto de Decreto Legislativo n\u00ba 172\/2022, de autoria do vereador Marc\u00e3o da Sepriva (Solidariedade), que concede T\u00edtulo de Cidad\u00e3o Douradense ao Senhor Archimedes Ferrinho Lemes Soares, em reconhecimento aos bons e relevantes servi\u00e7os prestados ao Munic\u00edpio.<\/p>\n<p>\u2013 Projeto de Decreto Legislativo n\u00ba 173\/2022, de autoria do vereador Rog\u00e9rio Yuri (PSDB), que concede Diploma de Jubileu de A\u00e7o \u00e0 Cantina Mato Grosso, alusivo aos 11 anos de sua Funda\u00e7\u00e3o.<\/p>\n<p>\u2013 Projeto de Decreto Legislativo n\u00ba 175\/2022, de autoria dos Vereadores Infra-Assinados, que concede Diploma de Jubileu de \u00c9bano ao Lions Clube de Dourados, alusivo aos 66 anos de sua funda\u00e7\u00e3o.<\/p>\n<p>\u2013 Projeto de Decreto Legislativo n\u00ba 176\/2022, de autoria dos Vereadores Infra-Assinados, que concede Diploma de Jubileu de Prata ao Centro Educacional Antonio Raposo Tavares \u2013 CEART, alusivo aos 25 anos de sua funda\u00e7\u00e3o.<\/p>\n<p>\u2013 Projeto de Decreto Legislativo n\u00ba 178\/2022, de autoria do Vereador Tio Bubi (PSD), que concede Diploma de Honra ao M\u00e9rito Legislativo ao 3\u00ba Sargento PM M\u00e1rcio Marques Vaz, em reconhecimento aos bons e relevantes servi\u00e7os prestados ao Munic\u00edpio.<\/p>\n<p>\u2013 Projeto de Decreto Legislativo n\u00ba 179\/2022, de autoria do Vereador Tio Bubi (PSD), que concede Diploma de Jubileu de Rosa \u00e0 Empresa Terra Sul Pe\u00e7as e Implementos Agr\u00edcolas Ltda, alusivo aos 17 anos de sua funda\u00e7\u00e3o.<\/p>\n<p><img fetchpriority=\"high\" decoding=\"async\" class=\"alignnone size-medium wp-image-27657\" src=\"https:\/\/uvbbrasil.com.br\/wp-content\/uploads\/2022\/11\/CMD-300x200.jpeg\" alt=\"\" width=\"300\" height=\"200\" srcset=\"https:\/\/uvbbrasil.com.br\/wp-content\/uploads\/2022\/11\/CMD-300x200.jpeg 300w, https:\/\/uvbbrasil.com.br\/wp-content\/uploads\/2022\/11\/CMD.jpeg 720w\" sizes=\"(max-width: 300px) 100vw, 300px\" \/><\/p>\n<p>Fonte:<a href=\"https:\/\/www.agorams.com.br\/camara-de-dourados-\">https:\/\/www.agorams.com.br\/camara-de-dourados-<\/a><\/p>\n","protected":false},"excerpt":{"rendered":"<p>Os vereadores de Dourados aprovaram nesta segunda-feira (21), durante a 40\u00aa sess\u00e3o ordin\u00e1ria de 2022, o Projeto de Lei Complementar&#8230;<\/p>\n","protected":false},"author":1,"featured_media":27657,"comment_status":"open","ping_status":"open","sticky":false,"template":"","format":"standard","meta":{"footnotes":""},"categories":[3],"tags":[],"class_list":["post-27656","post","type-post","status-publish","format-standard","has-post-thumbnail","hentry","category-noticias"],"yoast_head":"<!-- This site is optimized with the Yoast SEO plugin v26.7 - https:\/\/yoast.com\/wordpress\/plugins\/seo\/ -->\n<title>C\u00e2mara de Dourados\/MS, aprova projeto de lei que cria nova tabela salarial e garante valoriza\u00e7\u00e3o aos agentes de tr\u00e2nsito - UVB Brasil<\/title>\n<meta name=\"robots\" content=\"index, follow, max-snippet:-1, max-image-preview:large, max-video-preview:-1\" \/>\n<link rel=\"canonical\" href=\"https:\/\/uvbbrasil.com.br\/camara-de-dourados-ms-aprova-projeto-de-lei-que-cria-nova-tabela-salarial-e-garante-valorizacao-aos-agentes-de-transito\/\" \/>\n<meta property=\"og:locale\" content=\"pt_BR\" \/>\n<meta property=\"og:type\" content=\"article\" \/>\n<meta property=\"og:title\" content=\"C\u00e2mara de Dourados\/MS, aprova projeto de lei que cria nova tabela salarial e garante valoriza\u00e7\u00e3o aos agentes de tr\u00e2nsito - UVB Brasil\" \/>\n<meta property=\"og:description\" content=\"Os vereadores de Dourados aprovaram nesta segunda-feira (21), durante a 40\u00aa sess\u00e3o ordin\u00e1ria de 2022, o Projeto de Lei Complementar...\" \/>\n<meta property=\"og:url\" content=\"https:\/\/uvbbrasil.com.br\/camara-de-dourados-ms-aprova-projeto-de-lei-que-cria-nova-tabela-salarial-e-garante-valorizacao-aos-agentes-de-transito\/\" \/>\n<meta property=\"og:site_name\" content=\"UVB Brasil\" \/>\n<meta property=\"article:publisher\" content=\"https:\/\/www.facebook.com\/uvb.vereadoresbrasil\" \/>\n<meta property=\"article:published_time\" content=\"2022-11-22T12:32:39+00:00\" \/>\n<meta property=\"og:image\" content=\"https:\/\/uvbbrasil.com.br\/wp-content\/uploads\/2022\/11\/CMD.jpeg\" \/>\n\t<meta property=\"og:image:width\" content=\"720\" \/>\n\t<meta property=\"og:image:height\" content=\"480\" \/>\n\t<meta property=\"og:image:type\" content=\"image\/jpeg\" \/>\n<meta name=\"author\" content=\"adminuvb\" \/>\n<meta name=\"twitter:card\" content=\"summary_large_image\" \/>\n<meta name=\"twitter:label1\" content=\"Escrito por\" \/>\n\t<meta name=\"twitter:data1\" content=\"adminuvb\" \/>\n\t<meta name=\"twitter:label2\" content=\"Est. tempo de leitura\" \/>\n\t<meta name=\"twitter:data2\" content=\"5 minutos\" \/>\n<script type=\"application\/ld+json\" class=\"yoast-schema-graph\">{\"@context\":\"https:\/\/schema.org\",\"@graph\":[{\"@type\":\"Article\",\"@id\":\"https:\/\/uvbbrasil.com.br\/camara-de-dourados-ms-aprova-projeto-de-lei-que-cria-nova-tabela-salarial-e-garante-valorizacao-aos-agentes-de-transito\/#article\",\"isPartOf\":{\"@id\":\"https:\/\/uvbbrasil.com.br\/camara-de-dourados-ms-aprova-projeto-de-lei-que-cria-nova-tabela-salarial-e-garante-valorizacao-aos-agentes-de-transito\/\"},\"author\":{\"name\":\"adminuvb\",\"@id\":\"https:\/\/uvbbrasil.com.br\/#\/schema\/person\/17990098446c098f52effddff4f1b272\"},\"headline\":\"C\u00e2mara de Dourados\/MS, aprova projeto de lei que cria nova tabela salarial e garante valoriza\u00e7\u00e3o aos agentes de tr\u00e2nsito\",\"datePublished\":\"2022-11-22T12:32:39+00:00\",\"mainEntityOfPage\":{\"@id\":\"https:\/\/uvbbrasil.com.br\/camara-de-dourados-ms-aprova-projeto-de-lei-que-cria-nova-tabela-salarial-e-garante-valorizacao-aos-agentes-de-transito\/\"},\"wordCount\":1151,\"commentCount\":0,\"publisher\":{\"@id\":\"https:\/\/uvbbrasil.com.br\/#organization\"},\"image\":{\"@id\":\"https:\/\/uvbbrasil.com.br\/camara-de-dourados-ms-aprova-projeto-de-lei-que-cria-nova-tabela-salarial-e-garante-valorizacao-aos-agentes-de-transito\/#primaryimage\"},\"thumbnailUrl\":\"https:\/\/uvbbrasil.com.br\/wp-content\/uploads\/2022\/11\/CMD.jpeg\",\"articleSection\":[\"NOT\u00cdCIAS\"],\"inLanguage\":\"pt-BR\",\"potentialAction\":[{\"@type\":\"CommentAction\",\"name\":\"Comment\",\"target\":[\"https:\/\/uvbbrasil.com.br\/camara-de-dourados-ms-aprova-projeto-de-lei-que-cria-nova-tabela-salarial-e-garante-valorizacao-aos-agentes-de-transito\/#respond\"]}]},{\"@type\":\"WebPage\",\"@id\":\"https:\/\/uvbbrasil.com.br\/camara-de-dourados-ms-aprova-projeto-de-lei-que-cria-nova-tabela-salarial-e-garante-valorizacao-aos-agentes-de-transito\/\",\"url\":\"https:\/\/uvbbrasil.com.br\/camara-de-dourados-ms-aprova-projeto-de-lei-que-cria-nova-tabela-salarial-e-garante-valorizacao-aos-agentes-de-transito\/\",\"name\":\"C\u00e2mara de Dourados\/MS, aprova projeto de lei que cria nova tabela salarial e garante valoriza\u00e7\u00e3o aos agentes de tr\u00e2nsito - UVB Brasil\",\"isPartOf\":{\"@id\":\"https:\/\/uvbbrasil.com.br\/#website\"},\"primaryImageOfPage\":{\"@id\":\"https:\/\/uvbbrasil.com.br\/camara-de-dourados-ms-aprova-projeto-de-lei-que-cria-nova-tabela-salarial-e-garante-valorizacao-aos-agentes-de-transito\/#primaryimage\"},\"image\":{\"@id\":\"https:\/\/uvbbrasil.com.br\/camara-de-dourados-ms-aprova-projeto-de-lei-que-cria-nova-tabela-salarial-e-garante-valorizacao-aos-agentes-de-transito\/#primaryimage\"},\"thumbnailUrl\":\"https:\/\/uvbbrasil.com.br\/wp-content\/uploads\/2022\/11\/CMD.jpeg\",\"datePublished\":\"2022-11-22T12:32:39+00:00\",\"breadcrumb\":{\"@id\":\"https:\/\/uvbbrasil.com.br\/camara-de-dourados-ms-aprova-projeto-de-lei-que-cria-nova-tabela-salarial-e-garante-valorizacao-aos-agentes-de-transito\/#breadcrumb\"},\"inLanguage\":\"pt-BR\",\"potentialAction\":[{\"@type\":\"ReadAction\",\"target\":[\"https:\/\/uvbbrasil.com.br\/camara-de-dourados-ms-aprova-projeto-de-lei-que-cria-nova-tabela-salarial-e-garante-valorizacao-aos-agentes-de-transito\/\"]}]},{\"@type\":\"ImageObject\",\"inLanguage\":\"pt-BR\",\"@id\":\"https:\/\/uvbbrasil.com.br\/camara-de-dourados-ms-aprova-projeto-de-lei-que-cria-nova-tabela-salarial-e-garante-valorizacao-aos-agentes-de-transito\/#primaryimage\",\"url\":\"https:\/\/uvbbrasil.com.br\/wp-content\/uploads\/2022\/11\/CMD.jpeg\",\"contentUrl\":\"https:\/\/uvbbrasil.com.br\/wp-content\/uploads\/2022\/11\/CMD.jpeg\",\"width\":720,\"height\":480},{\"@type\":\"BreadcrumbList\",\"@id\":\"https:\/\/uvbbrasil.com.br\/camara-de-dourados-ms-aprova-projeto-de-lei-que-cria-nova-tabela-salarial-e-garante-valorizacao-aos-agentes-de-transito\/#breadcrumb\",\"itemListElement\":[{\"@type\":\"ListItem\",\"position\":1,\"name\":\"In\u00edcio\",\"item\":\"https:\/\/uvbbrasil.com.br\/\"},{\"@type\":\"ListItem\",\"position\":2,\"name\":\"C\u00e2mara de Dourados\/MS, aprova projeto de lei que cria nova tabela salarial e garante valoriza\u00e7\u00e3o aos agentes de tr\u00e2nsito\"}]},{\"@type\":\"WebSite\",\"@id\":\"https:\/\/uvbbrasil.com.br\/#website\",\"url\":\"https:\/\/uvbbrasil.com.br\/\",\"name\":\"UVB Brasil\",\"description\":\"Uni\u00e3o dos Vereadores do Brasil\",\"publisher\":{\"@id\":\"https:\/\/uvbbrasil.com.br\/#organization\"},\"potentialAction\":[{\"@type\":\"SearchAction\",\"target\":{\"@type\":\"EntryPoint\",\"urlTemplate\":\"https:\/\/uvbbrasil.com.br\/?s={search_term_string}\"},\"query-input\":{\"@type\":\"PropertyValueSpecification\",\"valueRequired\":true,\"valueName\":\"search_term_string\"}}],\"inLanguage\":\"pt-BR\"},{\"@type\":\"Organization\",\"@id\":\"https:\/\/uvbbrasil.com.br\/#organization\",\"name\":\"UVB Brasil\",\"url\":\"https:\/\/uvbbrasil.com.br\/\",\"logo\":{\"@type\":\"ImageObject\",\"inLanguage\":\"pt-BR\",\"@id\":\"https:\/\/uvbbrasil.com.br\/#\/schema\/logo\/image\/\",\"url\":\"https:\/\/uvbbrasil.com.br\/wp-content\/uploads\/2025\/01\/LOGO-UVB-2024-azul-1.jpg\",\"contentUrl\":\"https:\/\/uvbbrasil.com.br\/wp-content\/uploads\/2025\/01\/LOGO-UVB-2024-azul-1.jpg\",\"width\":600,\"height\":211,\"caption\":\"UVB Brasil\"},\"image\":{\"@id\":\"https:\/\/uvbbrasil.com.br\/#\/schema\/logo\/image\/\"},\"sameAs\":[\"https:\/\/www.facebook.com\/uvb.vereadoresbrasil\",\"https:\/\/www.instagram.com\/uvbbrasil\/\",\"https:\/\/www.youtube.com\/channel\/UCIlPQ8Xzw5GHNzosQIg9S5A\"]},{\"@type\":\"Person\",\"@id\":\"https:\/\/uvbbrasil.com.br\/#\/schema\/person\/17990098446c098f52effddff4f1b272\",\"name\":\"adminuvb\",\"image\":{\"@type\":\"ImageObject\",\"inLanguage\":\"pt-BR\",\"@id\":\"https:\/\/uvbbrasil.com.br\/#\/schema\/person\/image\/\",\"url\":\"https:\/\/secure.gravatar.com\/avatar\/1a494ea6f8e2dd1ae526e55b0e9497efdba542491e0620d704cccf63c6f77c45?s=96&d=mm&r=g\",\"contentUrl\":\"https:\/\/secure.gravatar.com\/avatar\/1a494ea6f8e2dd1ae526e55b0e9497efdba542491e0620d704cccf63c6f77c45?s=96&d=mm&r=g\",\"caption\":\"adminuvb\"},\"sameAs\":[\"https:\/\/uvbbrasil.com.br\"],\"url\":\"https:\/\/uvbbrasil.com.br\/author\/adminuvb\/\"}]}<\/script>\n<!-- \/ Yoast SEO plugin. -->","yoast_head_json":{"title":"C\u00e2mara de Dourados\/MS, aprova projeto de lei que cria nova tabela salarial e garante valoriza\u00e7\u00e3o aos agentes de tr\u00e2nsito - UVB Brasil","robots":{"index":"index","follow":"follow","max-snippet":"max-snippet:-1","max-image-preview":"max-image-preview:large","max-video-preview":"max-video-preview:-1"},"canonical":"https:\/\/uvbbrasil.com.br\/camara-de-dourados-ms-aprova-projeto-de-lei-que-cria-nova-tabela-salarial-e-garante-valorizacao-aos-agentes-de-transito\/","og_locale":"pt_BR","og_type":"article","og_title":"C\u00e2mara de Dourados\/MS, aprova projeto de lei que cria nova tabela salarial e garante valoriza\u00e7\u00e3o aos agentes de tr\u00e2nsito - UVB Brasil","og_description":"Os vereadores de Dourados aprovaram nesta segunda-feira (21), durante a 40\u00aa sess\u00e3o ordin\u00e1ria de 2022, o Projeto de Lei Complementar...","og_url":"https:\/\/uvbbrasil.com.br\/camara-de-dourados-ms-aprova-projeto-de-lei-que-cria-nova-tabela-salarial-e-garante-valorizacao-aos-agentes-de-transito\/","og_site_name":"UVB Brasil","article_publisher":"https:\/\/www.facebook.com\/uvb.vereadoresbrasil","article_published_time":"2022-11-22T12:32:39+00:00","og_image":[{"width":720,"height":480,"url":"https:\/\/uvbbrasil.com.br\/wp-content\/uploads\/2022\/11\/CMD.jpeg","type":"image\/jpeg"}],"author":"adminuvb","twitter_card":"summary_large_image","twitter_misc":{"Escrito por":"adminuvb","Est. tempo de leitura":"5 minutos"},"schema":{"@context":"https:\/\/schema.org","@graph":[{"@type":"Article","@id":"https:\/\/uvbbrasil.com.br\/camara-de-dourados-ms-aprova-projeto-de-lei-que-cria-nova-tabela-salarial-e-garante-valorizacao-aos-agentes-de-transito\/#article","isPartOf":{"@id":"https:\/\/uvbbrasil.com.br\/camara-de-dourados-ms-aprova-projeto-de-lei-que-cria-nova-tabela-salarial-e-garante-valorizacao-aos-agentes-de-transito\/"},"author":{"name":"adminuvb","@id":"https:\/\/uvbbrasil.com.br\/#\/schema\/person\/17990098446c098f52effddff4f1b272"},"headline":"C\u00e2mara de Dourados\/MS, aprova projeto de lei que cria nova tabela salarial e garante valoriza\u00e7\u00e3o aos agentes de tr\u00e2nsito","datePublished":"2022-11-22T12:32:39+00:00","mainEntityOfPage":{"@id":"https:\/\/uvbbrasil.com.br\/camara-de-dourados-ms-aprova-projeto-de-lei-que-cria-nova-tabela-salarial-e-garante-valorizacao-aos-agentes-de-transito\/"},"wordCount":1151,"commentCount":0,"publisher":{"@id":"https:\/\/uvbbrasil.com.br\/#organization"},"image":{"@id":"https:\/\/uvbbrasil.com.br\/camara-de-dourados-ms-aprova-projeto-de-lei-que-cria-nova-tabela-salarial-e-garante-valorizacao-aos-agentes-de-transito\/#primaryimage"},"thumbnailUrl":"https:\/\/uvbbrasil.com.br\/wp-content\/uploads\/2022\/11\/CMD.jpeg","articleSection":["NOT\u00cdCIAS"],"inLanguage":"pt-BR","potentialAction":[{"@type":"CommentAction","name":"Comment","target":["https:\/\/uvbbrasil.com.br\/camara-de-dourados-ms-aprova-projeto-de-lei-que-cria-nova-tabela-salarial-e-garante-valorizacao-aos-agentes-de-transito\/#respond"]}]},{"@type":"WebPage","@id":"https:\/\/uvbbrasil.com.br\/camara-de-dourados-ms-aprova-projeto-de-lei-que-cria-nova-tabela-salarial-e-garante-valorizacao-aos-agentes-de-transito\/","url":"https:\/\/uvbbrasil.com.br\/camara-de-dourados-ms-aprova-projeto-de-lei-que-cria-nova-tabela-salarial-e-garante-valorizacao-aos-agentes-de-transito\/","name":"C\u00e2mara de Dourados\/MS, aprova projeto de lei que cria nova tabela salarial e garante valoriza\u00e7\u00e3o aos agentes de tr\u00e2nsito - UVB Brasil","isPartOf":{"@id":"https:\/\/uvbbrasil.com.br\/#website"},"primaryImageOfPage":{"@id":"https:\/\/uvbbrasil.com.br\/camara-de-dourados-ms-aprova-projeto-de-lei-que-cria-nova-tabela-salarial-e-garante-valorizacao-aos-agentes-de-transito\/#primaryimage"},"image":{"@id":"https:\/\/uvbbrasil.com.br\/camara-de-dourados-ms-aprova-projeto-de-lei-que-cria-nova-tabela-salarial-e-garante-valorizacao-aos-agentes-de-transito\/#primaryimage"},"thumbnailUrl":"https:\/\/uvbbrasil.com.br\/wp-content\/uploads\/2022\/11\/CMD.jpeg","datePublished":"2022-11-22T12:32:39+00:00","breadcrumb":{"@id":"https:\/\/uvbbrasil.com.br\/camara-de-dourados-ms-aprova-projeto-de-lei-que-cria-nova-tabela-salarial-e-garante-valorizacao-aos-agentes-de-transito\/#breadcrumb"},"inLanguage":"pt-BR","potentialAction":[{"@type":"ReadAction","target":["https:\/\/uvbbrasil.com.br\/camara-de-dourados-ms-aprova-projeto-de-lei-que-cria-nova-tabela-salarial-e-garante-valorizacao-aos-agentes-de-transito\/"]}]},{"@type":"ImageObject","inLanguage":"pt-BR","@id":"https:\/\/uvbbrasil.com.br\/camara-de-dourados-ms-aprova-projeto-de-lei-que-cria-nova-tabela-salarial-e-garante-valorizacao-aos-agentes-de-transito\/#primaryimage","url":"https:\/\/uvbbrasil.com.br\/wp-content\/uploads\/2022\/11\/CMD.jpeg","contentUrl":"https:\/\/uvbbrasil.com.br\/wp-content\/uploads\/2022\/11\/CMD.jpeg","width":720,"height":480},{"@type":"BreadcrumbList","@id":"https:\/\/uvbbrasil.com.br\/camara-de-dourados-ms-aprova-projeto-de-lei-que-cria-nova-tabela-salarial-e-garante-valorizacao-aos-agentes-de-transito\/#breadcrumb","itemListElement":[{"@type":"ListItem","position":1,"name":"In\u00edcio","item":"https:\/\/uvbbrasil.com.br\/"},{"@type":"ListItem","position":2,"name":"C\u00e2mara de Dourados\/MS, aprova projeto de lei que cria nova tabela salarial e garante valoriza\u00e7\u00e3o aos agentes de tr\u00e2nsito"}]},{"@type":"WebSite","@id":"https:\/\/uvbbrasil.com.br\/#website","url":"https:\/\/uvbbrasil.com.br\/","name":"UVB Brasil","description":"Uni\u00e3o dos Vereadores do Brasil","publisher":{"@id":"https:\/\/uvbbrasil.com.br\/#organization"},"potentialAction":[{"@type":"SearchAction","target":{"@type":"EntryPoint","urlTemplate":"https:\/\/uvbbrasil.com.br\/?s={search_term_string}"},"query-input":{"@type":"PropertyValueSpecification","valueRequired":true,"valueName":"search_term_string"}}],"inLanguage":"pt-BR"},{"@type":"Organization","@id":"https:\/\/uvbbrasil.com.br\/#organization","name":"UVB Brasil","url":"https:\/\/uvbbrasil.com.br\/","logo":{"@type":"ImageObject","inLanguage":"pt-BR","@id":"https:\/\/uvbbrasil.com.br\/#\/schema\/logo\/image\/","url":"https:\/\/uvbbrasil.com.br\/wp-content\/uploads\/2025\/01\/LOGO-UVB-2024-azul-1.jpg","contentUrl":"https:\/\/uvbbrasil.com.br\/wp-content\/uploads\/2025\/01\/LOGO-UVB-2024-azul-1.jpg","width":600,"height":211,"caption":"UVB Brasil"},"image":{"@id":"https:\/\/uvbbrasil.com.br\/#\/schema\/logo\/image\/"},"sameAs":["https:\/\/www.facebook.com\/uvb.vereadoresbrasil","https:\/\/www.instagram.com\/uvbbrasil\/","https:\/\/www.youtube.com\/channel\/UCIlPQ8Xzw5GHNzosQIg9S5A"]},{"@type":"Person","@id":"https:\/\/uvbbrasil.com.br\/#\/schema\/person\/17990098446c098f52effddff4f1b272","name":"adminuvb","image":{"@type":"ImageObject","inLanguage":"pt-BR","@id":"https:\/\/uvbbrasil.com.br\/#\/schema\/person\/image\/","url":"https:\/\/secure.gravatar.com\/avatar\/1a494ea6f8e2dd1ae526e55b0e9497efdba542491e0620d704cccf63c6f77c45?s=96&d=mm&r=g","contentUrl":"https:\/\/secure.gravatar.com\/avatar\/1a494ea6f8e2dd1ae526e55b0e9497efdba542491e0620d704cccf63c6f77c45?s=96&d=mm&r=g","caption":"adminuvb"},"sameAs":["https:\/\/uvbbrasil.com.br"],"url":"https:\/\/uvbbrasil.com.br\/author\/adminuvb\/"}]}},"_links":{"self":[{"href":"https:\/\/uvbbrasil.com.br\/uvb-json\/wp\/v2\/posts\/27656","targetHints":{"allow":["GET"]}}],"collection":[{"href":"https:\/\/uvbbrasil.com.br\/uvb-json\/wp\/v2\/posts"}],"about":[{"href":"https:\/\/uvbbrasil.com.br\/uvb-json\/wp\/v2\/types\/post"}],"author":[{"embeddable":true,"href":"https:\/\/uvbbrasil.com.br\/uvb-json\/wp\/v2\/users\/1"}],"replies":[{"embeddable":true,"href":"https:\/\/uvbbrasil.com.br\/uvb-json\/wp\/v2\/comments?post=27656"}],"version-history":[{"count":0,"href":"https:\/\/uvbbrasil.com.br\/uvb-json\/wp\/v2\/posts\/27656\/revisions"}],"wp:featuredmedia":[{"embeddable":true,"href":"https:\/\/uvbbrasil.com.br\/uvb-json\/wp\/v2\/media\/27657"}],"wp:attachment":[{"href":"https:\/\/uvbbrasil.com.br\/uvb-json\/wp\/v2\/media?parent=27656"}],"wp:term":[{"taxonomy":"category","embeddable":true,"href":"https:\/\/uvbbrasil.com.br\/uvb-json\/wp\/v2\/categories?post=27656"},{"taxonomy":"post_tag","embeddable":true,"href":"https:\/\/uvbbrasil.com.br\/uvb-json\/wp\/v2\/tags?post=27656"}],"curies":[{"name":"wp","href":"https:\/\/api.w.org\/{rel}","templated":true}]}}