{"id":27612,"date":"2022-11-13T06:55:27","date_gmt":"2022-11-13T09:55:27","guid":{"rendered":"https:\/\/wpsandbox4.pante.com.br\/?p=27612"},"modified":"2022-11-13T06:55:27","modified_gmt":"2022-11-13T09:55:27","slug":"legislativo-de-irai-rs-apoia-a-construcao-de-uma-uti-neonatal-e-pediatrica-em-frederico","status":"publish","type":"post","link":"https:\/\/uvbbrasil.com.br\/legislativo-de-irai-rs-apoia-a-construcao-de-uma-uti-neonatal-e-pediatrica-em-frederico\/","title":{"rendered":"Legislativo de Ira\u00ed\/RS apoia a constru\u00e7\u00e3o de uma UTI Neonatal e Pedi\u00e1trica em Frederico"},"content":{"rendered":"<div class=\"xdj266r x11i5rnm xat24cr x1mh8g0r x1vvkbs x126k92a\"><\/div>\n<div class=\"x11i5rnm xat24cr x1mh8g0r x1vvkbs xtlvy1s x126k92a\">\n<div dir=\"auto\">A necessidade da constru\u00e7\u00e3o de uma UTI neonatal e pedi\u00e1trica em Frederico Westphalen, foi assunto da reuni\u00e3o entre os vereadores e o presidente da Associa\u00e7\u00e3o UTI Neonatal e Pedi\u00e1trica do Rio Grande do Sul (AUNP-RS), Clayton Braga Correa. O encontro, realizado na sede do Legislativo contou ainda com presen\u00e7a do secret\u00e1rio de sa\u00fade, Edson Borges do Canto; diretor do Hospitalar Nossa Senhora Auxiliadora, \u00c9der Lehmann, e lideran\u00e7as municipais.<\/div>\n<\/div>\n<div class=\"x11i5rnm xat24cr x1mh8g0r x1vvkbs xtlvy1s x126k92a\">\n<div dir=\"auto\">O objetivo da reuni\u00e3o foi buscar apoio pol\u00edtico para a viabiliza\u00e7\u00e3o de um hospital especializado que possa atender crian\u00e7as e beb\u00eas em Frederico, pois o hospital mais pr\u00f3ximo fica a 200 quil\u00f4metros. Clayton destacou que que o hospital deve ter aproximadamente 30 leitos para pacientes de pediatria, 30 pacientes pr\u00e9-natal, banco de reserva de leite e um instituto de c\u00e2ncer para crian\u00e7as.<\/div>\n<\/div>\n<div class=\"x11i5rnm xat24cr x1mh8g0r x1vvkbs xtlvy1s x126k92a\">\n<div dir=\"auto\">Ap\u00f3s a reuni\u00e3o, o presidente da Aunp, Clayton Braga Correa, teve um espa\u00e7o durante a Sess\u00e3o Ordin\u00e1ria da Casa, para apresentar oficialmente o projeto do Hospital Regional da Crian\u00e7a para que possa atender toda a regi\u00e3o e at\u00e9 mesmo o Estado. Neste sentido a vereadora Maristela Panegalli, apresentou uma Mo\u00e7\u00e3o de Apoio, solicitando a instala\u00e7\u00e3o de UTI Neonatal e Pedi\u00e1trica no Munic\u00edpio de Frederico Westphalen, ou em uma proximidade de no m\u00e1ximo 100 quil\u00f4metros, pois segundo a vereadora nos \u00faltimos meses no munic\u00edpio de Ira\u00ed e regi\u00e3o, est\u00e3o acontecendo in\u00fameras situa\u00e7\u00f5es emergenciais de necessidade de atendimento hospitalar especializado envolvendo crian\u00e7as em eminente risco de vida.<\/div>\n<\/div>\n<div class=\"x11i5rnm xat24cr x1mh8g0r x1vvkbs xtlvy1s x126k92a\">\n<div dir=\"auto\">Os vereadores se solidarizaram com a causa e ir\u00e3o buscar junto aos seus representantes no Estado e em Bras\u00edlia o apoio para que seja constru\u00eddo o hospital especializado no munic\u00edpio de Frederico Westphalen.<\/div>\n<div dir=\"auto\"><img fetchpriority=\"high\" decoding=\"async\" class=\"alignnone size-medium wp-image-27613\" src=\"https:\/\/uvbbrasil.com.br\/wp-content\/uploads\/2022\/11\/315055796_565521285582649_2631110835931772052_n-300x200.jpg\" alt=\"\" width=\"300\" height=\"200\" srcset=\"https:\/\/uvbbrasil.com.br\/wp-content\/uploads\/2022\/11\/315055796_565521285582649_2631110835931772052_n-300x200.jpg 300w, https:\/\/uvbbrasil.com.br\/wp-content\/uploads\/2022\/11\/315055796_565521285582649_2631110835931772052_n-1024x683.jpg 1024w, https:\/\/uvbbrasil.com.br\/wp-content\/uploads\/2022\/11\/315055796_565521285582649_2631110835931772052_n-768x512.jpg 768w, https:\/\/uvbbrasil.com.br\/wp-content\/uploads\/2022\/11\/315055796_565521285582649_2631110835931772052_n-1536x1024.jpg 1536w, https:\/\/uvbbrasil.com.br\/wp-content\/uploads\/2022\/11\/315055796_565521285582649_2631110835931772052_n.jpg 2048w\" sizes=\"(max-width: 300px) 100vw, 300px\" \/><\/div>\n<\/div>\n","protected":false},"excerpt":{"rendered":"<p>A necessidade da constru\u00e7\u00e3o de uma UTI neonatal e pedi\u00e1trica em Frederico Westphalen, foi assunto da reuni\u00e3o entre os vereadores&#8230;<\/p>\n","protected":false},"author":1,"featured_media":27613,"comment_status":"open","ping_status":"open","sticky":false,"template":"","format":"standard","meta":{"footnotes":""},"categories":[3],"tags":[],"class_list":["post-27612","post","type-post","status-publish","format-standard","has-post-thumbnail","hentry","category-noticias"],"yoast_head":"<!-- This site is optimized with the Yoast SEO plugin v26.7 - https:\/\/yoast.com\/wordpress\/plugins\/seo\/ -->\n<title>Legislativo de Ira\u00ed\/RS apoia a constru\u00e7\u00e3o de uma UTI Neonatal e Pedi\u00e1trica em Frederico - UVB Brasil<\/title>\n<meta name=\"robots\" content=\"index, follow, max-snippet:-1, max-image-preview:large, max-video-preview:-1\" \/>\n<link rel=\"canonical\" href=\"https:\/\/uvbbrasil.com.br\/legislativo-de-irai-rs-apoia-a-construcao-de-uma-uti-neonatal-e-pediatrica-em-frederico\/\" \/>\n<meta property=\"og:locale\" content=\"pt_BR\" \/>\n<meta property=\"og:type\" content=\"article\" \/>\n<meta property=\"og:title\" content=\"Legislativo de Ira\u00ed\/RS apoia a constru\u00e7\u00e3o de uma UTI Neonatal e Pedi\u00e1trica em Frederico - UVB Brasil\" \/>\n<meta property=\"og:description\" content=\"A necessidade da constru\u00e7\u00e3o de uma UTI neonatal e pedi\u00e1trica em Frederico Westphalen, foi assunto da reuni\u00e3o entre os vereadores...\" \/>\n<meta property=\"og:url\" content=\"https:\/\/uvbbrasil.com.br\/legislativo-de-irai-rs-apoia-a-construcao-de-uma-uti-neonatal-e-pediatrica-em-frederico\/\" \/>\n<meta property=\"og:site_name\" content=\"UVB Brasil\" \/>\n<meta property=\"article:publisher\" content=\"https:\/\/www.facebook.com\/uvb.vereadoresbrasil\" \/>\n<meta property=\"article:published_time\" content=\"2022-11-13T09:55:27+00:00\" \/>\n<meta property=\"og:image\" content=\"https:\/\/uvbbrasil.com.br\/wp-content\/uploads\/2022\/11\/315055796_565521285582649_2631110835931772052_n.jpg\" \/>\n\t<meta property=\"og:image:width\" content=\"2048\" \/>\n\t<meta property=\"og:image:height\" content=\"1365\" \/>\n\t<meta property=\"og:image:type\" content=\"image\/jpeg\" \/>\n<meta name=\"author\" content=\"adminuvb\" \/>\n<meta name=\"twitter:card\" content=\"summary_large_image\" \/>\n<meta name=\"twitter:label1\" content=\"Escrito por\" \/>\n\t<meta name=\"twitter:data1\" content=\"adminuvb\" \/>\n\t<meta name=\"twitter:label2\" content=\"Est. tempo de leitura\" \/>\n\t<meta name=\"twitter:data2\" content=\"2 minutos\" \/>\n<script type=\"application\/ld+json\" class=\"yoast-schema-graph\">{\"@context\":\"https:\/\/schema.org\",\"@graph\":[{\"@type\":\"Article\",\"@id\":\"https:\/\/uvbbrasil.com.br\/legislativo-de-irai-rs-apoia-a-construcao-de-uma-uti-neonatal-e-pediatrica-em-frederico\/#article\",\"isPartOf\":{\"@id\":\"https:\/\/uvbbrasil.com.br\/legislativo-de-irai-rs-apoia-a-construcao-de-uma-uti-neonatal-e-pediatrica-em-frederico\/\"},\"author\":{\"name\":\"adminuvb\",\"@id\":\"https:\/\/uvbbrasil.com.br\/#\/schema\/person\/17990098446c098f52effddff4f1b272\"},\"headline\":\"Legislativo de Ira\u00ed\/RS apoia a constru\u00e7\u00e3o de uma UTI Neonatal e Pedi\u00e1trica em Frederico\",\"datePublished\":\"2022-11-13T09:55:27+00:00\",\"mainEntityOfPage\":{\"@id\":\"https:\/\/uvbbrasil.com.br\/legislativo-de-irai-rs-apoia-a-construcao-de-uma-uti-neonatal-e-pediatrica-em-frederico\/\"},\"wordCount\":323,\"commentCount\":0,\"publisher\":{\"@id\":\"https:\/\/uvbbrasil.com.br\/#organization\"},\"image\":{\"@id\":\"https:\/\/uvbbrasil.com.br\/legislativo-de-irai-rs-apoia-a-construcao-de-uma-uti-neonatal-e-pediatrica-em-frederico\/#primaryimage\"},\"thumbnailUrl\":\"https:\/\/uvbbrasil.com.br\/wp-content\/uploads\/2022\/11\/315055796_565521285582649_2631110835931772052_n.jpg\",\"articleSection\":[\"NOT\u00cdCIAS\"],\"inLanguage\":\"pt-BR\",\"potentialAction\":[{\"@type\":\"CommentAction\",\"name\":\"Comment\",\"target\":[\"https:\/\/uvbbrasil.com.br\/legislativo-de-irai-rs-apoia-a-construcao-de-uma-uti-neonatal-e-pediatrica-em-frederico\/#respond\"]}]},{\"@type\":\"WebPage\",\"@id\":\"https:\/\/uvbbrasil.com.br\/legislativo-de-irai-rs-apoia-a-construcao-de-uma-uti-neonatal-e-pediatrica-em-frederico\/\",\"url\":\"https:\/\/uvbbrasil.com.br\/legislativo-de-irai-rs-apoia-a-construcao-de-uma-uti-neonatal-e-pediatrica-em-frederico\/\",\"name\":\"Legislativo de Ira\u00ed\/RS apoia a constru\u00e7\u00e3o de uma UTI Neonatal e Pedi\u00e1trica em Frederico - UVB Brasil\",\"isPartOf\":{\"@id\":\"https:\/\/uvbbrasil.com.br\/#website\"},\"primaryImageOfPage\":{\"@id\":\"https:\/\/uvbbrasil.com.br\/legislativo-de-irai-rs-apoia-a-construcao-de-uma-uti-neonatal-e-pediatrica-em-frederico\/#primaryimage\"},\"image\":{\"@id\":\"https:\/\/uvbbrasil.com.br\/legislativo-de-irai-rs-apoia-a-construcao-de-uma-uti-neonatal-e-pediatrica-em-frederico\/#primaryimage\"},\"thumbnailUrl\":\"https:\/\/uvbbrasil.com.br\/wp-content\/uploads\/2022\/11\/315055796_565521285582649_2631110835931772052_n.jpg\",\"datePublished\":\"2022-11-13T09:55:27+00:00\",\"breadcrumb\":{\"@id\":\"https:\/\/uvbbrasil.com.br\/legislativo-de-irai-rs-apoia-a-construcao-de-uma-uti-neonatal-e-pediatrica-em-frederico\/#breadcrumb\"},\"inLanguage\":\"pt-BR\",\"potentialAction\":[{\"@type\":\"ReadAction\",\"target\":[\"https:\/\/uvbbrasil.com.br\/legislativo-de-irai-rs-apoia-a-construcao-de-uma-uti-neonatal-e-pediatrica-em-frederico\/\"]}]},{\"@type\":\"ImageObject\",\"inLanguage\":\"pt-BR\",\"@id\":\"https:\/\/uvbbrasil.com.br\/legislativo-de-irai-rs-apoia-a-construcao-de-uma-uti-neonatal-e-pediatrica-em-frederico\/#primaryimage\",\"url\":\"https:\/\/uvbbrasil.com.br\/wp-content\/uploads\/2022\/11\/315055796_565521285582649_2631110835931772052_n.jpg\",\"contentUrl\":\"https:\/\/uvbbrasil.com.br\/wp-content\/uploads\/2022\/11\/315055796_565521285582649_2631110835931772052_n.jpg\",\"width\":2048,\"height\":1365},{\"@type\":\"BreadcrumbList\",\"@id\":\"https:\/\/uvbbrasil.com.br\/legislativo-de-irai-rs-apoia-a-construcao-de-uma-uti-neonatal-e-pediatrica-em-frederico\/#breadcrumb\",\"itemListElement\":[{\"@type\":\"ListItem\",\"position\":1,\"name\":\"In\u00edcio\",\"item\":\"https:\/\/uvbbrasil.com.br\/\"},{\"@type\":\"ListItem\",\"position\":2,\"name\":\"Legislativo de Ira\u00ed\/RS apoia a constru\u00e7\u00e3o de uma UTI Neonatal e Pedi\u00e1trica em Frederico\"}]},{\"@type\":\"WebSite\",\"@id\":\"https:\/\/uvbbrasil.com.br\/#website\",\"url\":\"https:\/\/uvbbrasil.com.br\/\",\"name\":\"UVB Brasil\",\"description\":\"Uni\u00e3o dos Vereadores do Brasil\",\"publisher\":{\"@id\":\"https:\/\/uvbbrasil.com.br\/#organization\"},\"potentialAction\":[{\"@type\":\"SearchAction\",\"target\":{\"@type\":\"EntryPoint\",\"urlTemplate\":\"https:\/\/uvbbrasil.com.br\/?s={search_term_string}\"},\"query-input\":{\"@type\":\"PropertyValueSpecification\",\"valueRequired\":true,\"valueName\":\"search_term_string\"}}],\"inLanguage\":\"pt-BR\"},{\"@type\":\"Organization\",\"@id\":\"https:\/\/uvbbrasil.com.br\/#organization\",\"name\":\"UVB Brasil\",\"url\":\"https:\/\/uvbbrasil.com.br\/\",\"logo\":{\"@type\":\"ImageObject\",\"inLanguage\":\"pt-BR\",\"@id\":\"https:\/\/uvbbrasil.com.br\/#\/schema\/logo\/image\/\",\"url\":\"https:\/\/uvbbrasil.com.br\/wp-content\/uploads\/2025\/01\/LOGO-UVB-2024-azul-1.jpg\",\"contentUrl\":\"https:\/\/uvbbrasil.com.br\/wp-content\/uploads\/2025\/01\/LOGO-UVB-2024-azul-1.jpg\",\"width\":600,\"height\":211,\"caption\":\"UVB Brasil\"},\"image\":{\"@id\":\"https:\/\/uvbbrasil.com.br\/#\/schema\/logo\/image\/\"},\"sameAs\":[\"https:\/\/www.facebook.com\/uvb.vereadoresbrasil\",\"https:\/\/www.instagram.com\/uvbbrasil\/\",\"https:\/\/www.youtube.com\/channel\/UCIlPQ8Xzw5GHNzosQIg9S5A\"]},{\"@type\":\"Person\",\"@id\":\"https:\/\/uvbbrasil.com.br\/#\/schema\/person\/17990098446c098f52effddff4f1b272\",\"name\":\"adminuvb\",\"image\":{\"@type\":\"ImageObject\",\"inLanguage\":\"pt-BR\",\"@id\":\"https:\/\/uvbbrasil.com.br\/#\/schema\/person\/image\/\",\"url\":\"https:\/\/secure.gravatar.com\/avatar\/1a494ea6f8e2dd1ae526e55b0e9497efdba542491e0620d704cccf63c6f77c45?s=96&d=mm&r=g\",\"contentUrl\":\"https:\/\/secure.gravatar.com\/avatar\/1a494ea6f8e2dd1ae526e55b0e9497efdba542491e0620d704cccf63c6f77c45?s=96&d=mm&r=g\",\"caption\":\"adminuvb\"},\"sameAs\":[\"https:\/\/uvbbrasil.com.br\"],\"url\":\"https:\/\/uvbbrasil.com.br\/author\/adminuvb\/\"}]}<\/script>\n<!-- \/ Yoast SEO plugin. -->","yoast_head_json":{"title":"Legislativo de Ira\u00ed\/RS apoia a constru\u00e7\u00e3o de uma UTI Neonatal e Pedi\u00e1trica em Frederico - UVB Brasil","robots":{"index":"index","follow":"follow","max-snippet":"max-snippet:-1","max-image-preview":"max-image-preview:large","max-video-preview":"max-video-preview:-1"},"canonical":"https:\/\/uvbbrasil.com.br\/legislativo-de-irai-rs-apoia-a-construcao-de-uma-uti-neonatal-e-pediatrica-em-frederico\/","og_locale":"pt_BR","og_type":"article","og_title":"Legislativo de Ira\u00ed\/RS apoia a constru\u00e7\u00e3o de uma UTI Neonatal e Pedi\u00e1trica em Frederico - UVB Brasil","og_description":"A necessidade da constru\u00e7\u00e3o de uma UTI neonatal e pedi\u00e1trica em Frederico Westphalen, foi assunto da reuni\u00e3o entre os vereadores...","og_url":"https:\/\/uvbbrasil.com.br\/legislativo-de-irai-rs-apoia-a-construcao-de-uma-uti-neonatal-e-pediatrica-em-frederico\/","og_site_name":"UVB Brasil","article_publisher":"https:\/\/www.facebook.com\/uvb.vereadoresbrasil","article_published_time":"2022-11-13T09:55:27+00:00","og_image":[{"width":2048,"height":1365,"url":"https:\/\/uvbbrasil.com.br\/wp-content\/uploads\/2022\/11\/315055796_565521285582649_2631110835931772052_n.jpg","type":"image\/jpeg"}],"author":"adminuvb","twitter_card":"summary_large_image","twitter_misc":{"Escrito por":"adminuvb","Est. tempo de leitura":"2 minutos"},"schema":{"@context":"https:\/\/schema.org","@graph":[{"@type":"Article","@id":"https:\/\/uvbbrasil.com.br\/legislativo-de-irai-rs-apoia-a-construcao-de-uma-uti-neonatal-e-pediatrica-em-frederico\/#article","isPartOf":{"@id":"https:\/\/uvbbrasil.com.br\/legislativo-de-irai-rs-apoia-a-construcao-de-uma-uti-neonatal-e-pediatrica-em-frederico\/"},"author":{"name":"adminuvb","@id":"https:\/\/uvbbrasil.com.br\/#\/schema\/person\/17990098446c098f52effddff4f1b272"},"headline":"Legislativo de Ira\u00ed\/RS apoia a constru\u00e7\u00e3o de uma UTI Neonatal e Pedi\u00e1trica em Frederico","datePublished":"2022-11-13T09:55:27+00:00","mainEntityOfPage":{"@id":"https:\/\/uvbbrasil.com.br\/legislativo-de-irai-rs-apoia-a-construcao-de-uma-uti-neonatal-e-pediatrica-em-frederico\/"},"wordCount":323,"commentCount":0,"publisher":{"@id":"https:\/\/uvbbrasil.com.br\/#organization"},"image":{"@id":"https:\/\/uvbbrasil.com.br\/legislativo-de-irai-rs-apoia-a-construcao-de-uma-uti-neonatal-e-pediatrica-em-frederico\/#primaryimage"},"thumbnailUrl":"https:\/\/uvbbrasil.com.br\/wp-content\/uploads\/2022\/11\/315055796_565521285582649_2631110835931772052_n.jpg","articleSection":["NOT\u00cdCIAS"],"inLanguage":"pt-BR","potentialAction":[{"@type":"CommentAction","name":"Comment","target":["https:\/\/uvbbrasil.com.br\/legislativo-de-irai-rs-apoia-a-construcao-de-uma-uti-neonatal-e-pediatrica-em-frederico\/#respond"]}]},{"@type":"WebPage","@id":"https:\/\/uvbbrasil.com.br\/legislativo-de-irai-rs-apoia-a-construcao-de-uma-uti-neonatal-e-pediatrica-em-frederico\/","url":"https:\/\/uvbbrasil.com.br\/legislativo-de-irai-rs-apoia-a-construcao-de-uma-uti-neonatal-e-pediatrica-em-frederico\/","name":"Legislativo de Ira\u00ed\/RS apoia a constru\u00e7\u00e3o de uma UTI Neonatal e Pedi\u00e1trica em Frederico - UVB Brasil","isPartOf":{"@id":"https:\/\/uvbbrasil.com.br\/#website"},"primaryImageOfPage":{"@id":"https:\/\/uvbbrasil.com.br\/legislativo-de-irai-rs-apoia-a-construcao-de-uma-uti-neonatal-e-pediatrica-em-frederico\/#primaryimage"},"image":{"@id":"https:\/\/uvbbrasil.com.br\/legislativo-de-irai-rs-apoia-a-construcao-de-uma-uti-neonatal-e-pediatrica-em-frederico\/#primaryimage"},"thumbnailUrl":"https:\/\/uvbbrasil.com.br\/wp-content\/uploads\/2022\/11\/315055796_565521285582649_2631110835931772052_n.jpg","datePublished":"2022-11-13T09:55:27+00:00","breadcrumb":{"@id":"https:\/\/uvbbrasil.com.br\/legislativo-de-irai-rs-apoia-a-construcao-de-uma-uti-neonatal-e-pediatrica-em-frederico\/#breadcrumb"},"inLanguage":"pt-BR","potentialAction":[{"@type":"ReadAction","target":["https:\/\/uvbbrasil.com.br\/legislativo-de-irai-rs-apoia-a-construcao-de-uma-uti-neonatal-e-pediatrica-em-frederico\/"]}]},{"@type":"ImageObject","inLanguage":"pt-BR","@id":"https:\/\/uvbbrasil.com.br\/legislativo-de-irai-rs-apoia-a-construcao-de-uma-uti-neonatal-e-pediatrica-em-frederico\/#primaryimage","url":"https:\/\/uvbbrasil.com.br\/wp-content\/uploads\/2022\/11\/315055796_565521285582649_2631110835931772052_n.jpg","contentUrl":"https:\/\/uvbbrasil.com.br\/wp-content\/uploads\/2022\/11\/315055796_565521285582649_2631110835931772052_n.jpg","width":2048,"height":1365},{"@type":"BreadcrumbList","@id":"https:\/\/uvbbrasil.com.br\/legislativo-de-irai-rs-apoia-a-construcao-de-uma-uti-neonatal-e-pediatrica-em-frederico\/#breadcrumb","itemListElement":[{"@type":"ListItem","position":1,"name":"In\u00edcio","item":"https:\/\/uvbbrasil.com.br\/"},{"@type":"ListItem","position":2,"name":"Legislativo de Ira\u00ed\/RS apoia a constru\u00e7\u00e3o de uma UTI Neonatal e Pedi\u00e1trica em Frederico"}]},{"@type":"WebSite","@id":"https:\/\/uvbbrasil.com.br\/#website","url":"https:\/\/uvbbrasil.com.br\/","name":"UVB Brasil","description":"Uni\u00e3o dos Vereadores do Brasil","publisher":{"@id":"https:\/\/uvbbrasil.com.br\/#organization"},"potentialAction":[{"@type":"SearchAction","target":{"@type":"EntryPoint","urlTemplate":"https:\/\/uvbbrasil.com.br\/?s={search_term_string}"},"query-input":{"@type":"PropertyValueSpecification","valueRequired":true,"valueName":"search_term_string"}}],"inLanguage":"pt-BR"},{"@type":"Organization","@id":"https:\/\/uvbbrasil.com.br\/#organization","name":"UVB Brasil","url":"https:\/\/uvbbrasil.com.br\/","logo":{"@type":"ImageObject","inLanguage":"pt-BR","@id":"https:\/\/uvbbrasil.com.br\/#\/schema\/logo\/image\/","url":"https:\/\/uvbbrasil.com.br\/wp-content\/uploads\/2025\/01\/LOGO-UVB-2024-azul-1.jpg","contentUrl":"https:\/\/uvbbrasil.com.br\/wp-content\/uploads\/2025\/01\/LOGO-UVB-2024-azul-1.jpg","width":600,"height":211,"caption":"UVB Brasil"},"image":{"@id":"https:\/\/uvbbrasil.com.br\/#\/schema\/logo\/image\/"},"sameAs":["https:\/\/www.facebook.com\/uvb.vereadoresbrasil","https:\/\/www.instagram.com\/uvbbrasil\/","https:\/\/www.youtube.com\/channel\/UCIlPQ8Xzw5GHNzosQIg9S5A"]},{"@type":"Person","@id":"https:\/\/uvbbrasil.com.br\/#\/schema\/person\/17990098446c098f52effddff4f1b272","name":"adminuvb","image":{"@type":"ImageObject","inLanguage":"pt-BR","@id":"https:\/\/uvbbrasil.com.br\/#\/schema\/person\/image\/","url":"https:\/\/secure.gravatar.com\/avatar\/1a494ea6f8e2dd1ae526e55b0e9497efdba542491e0620d704cccf63c6f77c45?s=96&d=mm&r=g","contentUrl":"https:\/\/secure.gravatar.com\/avatar\/1a494ea6f8e2dd1ae526e55b0e9497efdba542491e0620d704cccf63c6f77c45?s=96&d=mm&r=g","caption":"adminuvb"},"sameAs":["https:\/\/uvbbrasil.com.br"],"url":"https:\/\/uvbbrasil.com.br\/author\/adminuvb\/"}]}},"_links":{"self":[{"href":"https:\/\/uvbbrasil.com.br\/uvb-json\/wp\/v2\/posts\/27612","targetHints":{"allow":["GET"]}}],"collection":[{"href":"https:\/\/uvbbrasil.com.br\/uvb-json\/wp\/v2\/posts"}],"about":[{"href":"https:\/\/uvbbrasil.com.br\/uvb-json\/wp\/v2\/types\/post"}],"author":[{"embeddable":true,"href":"https:\/\/uvbbrasil.com.br\/uvb-json\/wp\/v2\/users\/1"}],"replies":[{"embeddable":true,"href":"https:\/\/uvbbrasil.com.br\/uvb-json\/wp\/v2\/comments?post=27612"}],"version-history":[{"count":0,"href":"https:\/\/uvbbrasil.com.br\/uvb-json\/wp\/v2\/posts\/27612\/revisions"}],"wp:featuredmedia":[{"embeddable":true,"href":"https:\/\/uvbbrasil.com.br\/uvb-json\/wp\/v2\/media\/27613"}],"wp:attachment":[{"href":"https:\/\/uvbbrasil.com.br\/uvb-json\/wp\/v2\/media?parent=27612"}],"wp:term":[{"taxonomy":"category","embeddable":true,"href":"https:\/\/uvbbrasil.com.br\/uvb-json\/wp\/v2\/categories?post=27612"},{"taxonomy":"post_tag","embeddable":true,"href":"https:\/\/uvbbrasil.com.br\/uvb-json\/wp\/v2\/tags?post=27612"}],"curies":[{"name":"wp","href":"https:\/\/api.w.org\/{rel}","templated":true}]}}