{"id":27584,"date":"2022-11-08T17:48:47","date_gmt":"2022-11-08T20:48:47","guid":{"rendered":"https:\/\/wpsandbox4.pante.com.br\/?p=27584"},"modified":"2022-11-08T17:48:47","modified_gmt":"2022-11-08T20:48:47","slug":"confira-os-classificados-na-primeira-triagem-do-top-legislativo-2022","status":"publish","type":"post","link":"https:\/\/uvbbrasil.com.br\/confira-os-classificados-na-primeira-triagem-do-top-legislativo-2022\/","title":{"rendered":"Confira os classificados na primeira triagem do Top Legislativo 2022"},"content":{"rendered":"<p>&nbsp;<\/p>\n<p>Conforme o regulamento do TOP LEGISLATIVO 2022, os projetos que seguiram todos os requisitos foram devidamente analisados pela Comiss\u00e3o Julgadora da UVB.<\/p>\n<p>Confira os classificados na primeira triagem do Top Legislativo 2022.<\/p>\n<p>&nbsp;<\/p>\n<p>&nbsp;<\/p>\n<p style=\"text-align: left;\"><strong>JOS\u00c9 SEVERINO FIGUEREDO &#8211; CORONEL JOAO PESSOA\/RN<\/strong><\/p>\n<p style=\"text-align: left;\"><strong>\u00a0JOS\u00c9 SILVA DE AMORIM &#8211; BEL\u00c9M \/AL<\/strong><\/p>\n<p style=\"text-align: left;\"><strong>\u00a0CARLOS ALEXANDRE CORREIA DA SILVA &#8211; PIRA\u00cd\/RJ<\/strong><\/p>\n<p style=\"text-align: left;\"><strong>\u00a0 MURILO ROCHA (CHEFE DE GABINETE) &#8211; S\u00c3O RAIMUNDO DAS MANGABEIRAS\/MA<\/strong><\/p>\n<p style=\"text-align: left;\"><strong>\u00a0FRANCISCO SALES &#8211; S\u00c3O JOS\u00c9 DO SERID\u00d3\/RN<\/strong><\/p>\n<p style=\"text-align: left;\"><strong>\u00a0JOS\u00c9 RIVALDO LIMA &#8211; ACARI\/RN<\/strong><\/p>\n<p style=\"text-align: left;\"><strong>\u00a0 ANDR\u00c9 LUIZ BAIER &#8211; NOVA MARMOR\u00c9\/RO<\/strong><\/p>\n<p style=\"text-align: left;\"><strong>\u00a0M\u00c1RCIO ANTONIO DOS SANTOS- MATOZINHOS\/MG<\/strong><\/p>\n<p style=\"text-align: left;\"><strong>\u00a0ELIAS ALVES FARIAS &#8211; S\u00c3O PAULO DO POTENGI\/RN<\/strong><\/p>\n<p style=\"text-align: left;\"><strong>TARCISIO PIMENTA RIBEIRO &#8211; PLANURA\/MG<\/strong><\/p>\n<p style=\"text-align: left;\"><strong>GUSTAVO FINCK &#8211; NOVO HAMBURO\/RS<\/strong><\/p>\n<p style=\"text-align: left;\"><strong>\u00a0LOURIVAL FRANCISCO DA SILVA &#8211; LAGOA NOVA\/RN<\/strong><\/p>\n<p style=\"text-align: left;\"><strong>\u00a0HUGO GRA\u00c7ANO &#8211; MANGATIBA\/RJ<\/strong><\/p>\n<p style=\"text-align: left;\"><strong>WASHINGTON SOUSA &#8211; &#8211; SILVANIA\/GO<\/strong><\/p>\n<p style=\"text-align: left;\"><strong>LEONARDO GUIMAR\u00c3ES &#8211; CACHOEIRA PAULISTA\/SP<\/strong><\/p>\n<p style=\"text-align: left;\"><strong>\u00a0 FABIO DA COSTA VALE &#8211; S\u00c3O RAFAEL\/RN<\/strong><\/p>\n<p style=\"text-align: left;\"><strong>\u00a0CICERO RAFAEL &#8211; MARECHAL FLORIANO\/ES (DIRETOR DE COMUNICA\u00c7\u00c3O)<\/strong><\/p>\n<p style=\"text-align: left;\"><strong>\u00a0ITALO BRITO &#8211; PARNAMIRIM\/RN<\/strong><\/p>\n<p style=\"text-align: left;\"><strong>CARLOS JOS\u00c9 SANTOS &#8211; BARCARENA\/PA<\/strong><\/p>\n<p style=\"text-align: left;\"><strong>AZENATE C\u00c2MARA CRUZ &#8211; S\u00c3O MIGUEL DO GOSTOSO\/RN<\/strong><\/p>\n<p style=\"text-align: left;\"><strong>\u00a0ZEZILIA MARTINS &#8211; LUIS EDUARDO MAGALHAES\/BA<\/strong><\/p>\n<p style=\"text-align: left;\"><strong>NACIFE MENEZES &#8211; BELO ORIENTE\/MG<\/strong><\/p>\n<p style=\"text-align: left;\"><strong>LU\u00c3 COSTA &#8211; RAFEL FERNANDES\/RN<\/strong><\/p>\n<p style=\"text-align: left;\"><strong>JOS\u00c9 DE AZEVEDO DANTAS \u2013 CARNA\u00daBA DOS DANTAS\/RN<\/strong><\/p>\n<p style=\"text-align: left;\"><strong>\u00a0LUARA TAYANE FAGUNDES- GOVERNADOR DIX SEPT ROSADO\/RN<\/strong><\/p>\n<p style=\"text-align: left;\"><strong>JOS\u00c9 CILEUDO MAGALH\u00c3ES- IRACEMA\/CE<\/strong><\/p>\n<p style=\"text-align: left;\"><strong>\u00a0GERALDO LUIZ DOS SANTOS- TRAMAMDA\u00cd\/RS<\/strong><\/p>\n<p style=\"text-align: left;\"><strong>\u00a0DOUGLAS HENIQUE DO AMARAL- SANTO ANTONIO DO MONTE\/MG<\/strong><\/p>\n<p style=\"text-align: left;\"><strong>THAIS SOUZA- ANAPOLIS\/GO<\/strong><\/p>\n<p style=\"text-align: left;\"><strong>EMIRO JOS\u00c9 PAV\u00c3O JUNIOR-UBIRAT\u00c3\/PR( DIRETOR GERAL DA C\u00c2MARA)<\/strong><\/p>\n<p style=\"text-align: left;\"><strong>\u00a0FERNANDO LIMA DE MOURA-MATARACA\/PB<\/strong><\/p>\n<p style=\"text-align: left;\"><strong>MARLA IVAN KLEIM RAUCH- QUINZE DE NOVEMBRO\/RS<\/strong><\/p>\n<p style=\"text-align: left;\"><strong>\u00a0SERGIO NOGUEIRA- DOURADOS\/MS<\/strong><\/p>\n<p style=\"text-align: left;\"><strong>MARCO CELITO DA COSTA- SANTA CRUZ\/RN<\/strong><\/p>\n<p style=\"text-align: left;\"><strong>\u00a0FERNANDA HON\u00d3RIO- ITATINGA\/SP<\/strong><\/p>\n<p style=\"text-align: left;\"><strong>\u00a0ELIAS CHARLES EVANGELISTA- IGARAP\u00c9\/MG<\/strong><\/p>\n<p style=\"text-align: left;\"><strong>\u00a0MARISTELA PANEGALLI- IRA\u00cd\/RS<\/strong><\/p>\n<p style=\"text-align: left;\"><strong>ELANY JORGE- GRAJA\u00da\/MA<\/strong><\/p>\n<p style=\"text-align: left;\"><strong>JACKSON VIEIRA- ELDORADO DOS CARAJ\u00c1S\/PA<\/strong><\/p>\n<p style=\"text-align: left;\"><strong>TELMO ALVES BRITO-QUERENCIA\/MT<\/strong><\/p>\n<p style=\"text-align: left;\"><strong>\u00a0GABRIEL BAIERLE- TOLEDO\/PR<\/strong><\/p>\n<p style=\"text-align: left;\"><strong>\u00a0S\u00c9RGIO CENCI-FAZENDA VILA NOVA\/RS<\/strong><\/p>\n<p style=\"text-align: left;\"><strong>\u00a0TAIRO WEIRICH- ROCA SALES\/RS<\/strong><\/p>\n<p style=\"text-align: left;\"><strong>GLEISON RODRIGUES- ACARA\u00da\/CE<\/strong><\/p>\n<p style=\"text-align: left;\"><strong>\u00a0MICHELE CRISTINA CARRASCO-DIAMANTINO\/MT<\/strong><\/p>\n<p style=\"text-align: left;\"><strong>\u00a0SIDNEI OLIVEIRA- PALMEIRA DAS MISS\u00d5E\/RS<\/strong><\/p>\n<p style=\"text-align: left;\"><strong>\u00a0VIVIANE PEIXOTO DE SANTANA- AMARGOSA\/BA<\/strong><\/p>\n<p style=\"text-align: left;\"><strong>GABRIEL SANTANA \u2013 ITAREMA\/CE<\/strong><\/p>\n<p style=\"text-align: left;\"><strong>CARMEM ELETICIA- BALSAS\/MA<\/strong><\/p>\n<p><strong>CARLOS EDUARDO BARBOS\/PRAIA GRANDE\/SP<\/strong><\/p>\n<p style=\"text-align: left;\"><strong>\u00a0GILBERTO DE OLIVEIRA LIMA- RIO DE JANEIRO\/RJ<\/strong><\/p>\n<p style=\"text-align: left;\"><strong>RAIANNY RODRIGUES DE SOUZA- PARAUAPEBAS\/PA<\/strong><\/p>\n<p style=\"text-align: left;\"><strong>\u00a0VINICIUS VILARINHO SEVIRINO RODRIGUES- CACHOEIRA ALTA\/GO<\/strong><\/p>\n<p style=\"text-align: left;\"><strong>\u00a0JAMES MARQUES AMORIM-PENALVA\/MA<\/strong><\/p>\n<p style=\"text-align: left;\"><strong>FRANCISCO F\u00c1BIO DE MOURA J\u00daNIOR- BAR\u00daNA\/RN\u00b4<\/strong><\/p>\n<p style=\"text-align: left;\"><strong>\u00a0ANDR\u00c9 HENRIQUE- OURO PRETO DO OESTE\/RO<\/strong><\/p>\n<p style=\"text-align: left;\"><strong>PEDRO NUNES PANTOJA- AURORA DO PAR\u00c1\/PA<\/strong><\/p>\n<p style=\"text-align: left;\"><strong>JOSU\u00c9 GOMES DE MOURA JUNIOR- TIBAU DO SUL\/RN<\/strong><\/p>\n<p style=\"text-align: left;\"><strong>ANA PAULA REITER- INDAIAL\/SC<\/strong><\/p>\n<p style=\"text-align: left;\"><strong>\u00a0FABIOLA OLIVEIRA &#8211; TAGUATINGA\/TO<\/strong><\/p>\n<p style=\"text-align: left;\"><strong>\u00a0ASAF PEREIRA SOBRINHO &#8211; S\u00c3O PEDRO DOS CRENTES\/MA<\/strong><\/p>\n<p style=\"text-align: left;\"><strong>PAULO SERGIO DA SILVA &#8211; BONITO\/PE<\/strong><\/p>\n<p><strong>NATAN MEDEIROS- SANTO ANTONIO\/RN ( DIRETOR GERAL\u00a0 DA C\u00c2MARA MUNICIPAL)<\/strong><\/p>\n<p><strong>FELIPE BATALHA- ITAPORANA D\u2019AJUDA\/SE<\/strong><\/p>\n<p><strong>\u00a0CLAUDIMAR ALVES RAMOS- PARA\u00cdSO\/MG<\/strong><\/p>\n<p><strong>\u00a0M\u00c1RCIO GENESIO BARROS- CURITIBA\/PR<\/strong><\/p>\n<p><img fetchpriority=\"high\" decoding=\"async\" class=\"alignnone size-medium wp-image-27558\" src=\"https:\/\/uvbbrasil.com.br\/wp-content\/uploads\/2022\/11\/WhatsApp-Image-2022-11-01-at-15.15.51-300x300.jpeg\" alt=\"\" width=\"300\" height=\"300\" srcset=\"https:\/\/uvbbrasil.com.br\/wp-content\/uploads\/2022\/11\/WhatsApp-Image-2022-11-01-at-15.15.51-300x300.jpeg 300w, https:\/\/uvbbrasil.com.br\/wp-content\/uploads\/2022\/11\/WhatsApp-Image-2022-11-01-at-15.15.51-1024x1024.jpeg 1024w, https:\/\/uvbbrasil.com.br\/wp-content\/uploads\/2022\/11\/WhatsApp-Image-2022-11-01-at-15.15.51-150x150.jpeg 150w, https:\/\/uvbbrasil.com.br\/wp-content\/uploads\/2022\/11\/WhatsApp-Image-2022-11-01-at-15.15.51-768x768.jpeg 768w, https:\/\/uvbbrasil.com.br\/wp-content\/uploads\/2022\/11\/WhatsApp-Image-2022-11-01-at-15.15.51.jpeg 1080w\" sizes=\"(max-width: 300px) 100vw, 300px\" \/><\/p>\n","protected":false},"excerpt":{"rendered":"<p>&nbsp; Conforme o regulamento do TOP LEGISLATIVO 2022, os projetos que seguiram todos os requisitos foram devidamente analisados pela Comiss\u00e3o&#8230;<\/p>\n","protected":false},"author":1,"featured_media":27558,"comment_status":"open","ping_status":"open","sticky":false,"template":"","format":"standard","meta":{"footnotes":""},"categories":[3,4],"tags":[],"class_list":["post-27584","post","type-post","status-publish","format-standard","has-post-thumbnail","hentry","category-noticias","category-home"],"yoast_head":"<!-- This site is optimized with the Yoast SEO plugin v26.7 - https:\/\/yoast.com\/wordpress\/plugins\/seo\/ -->\n<title>Confira os classificados na primeira triagem do Top Legislativo 2022 - UVB Brasil<\/title>\n<meta name=\"robots\" content=\"index, follow, max-snippet:-1, max-image-preview:large, max-video-preview:-1\" \/>\n<link rel=\"canonical\" href=\"https:\/\/uvbbrasil.com.br\/confira-os-classificados-na-primeira-triagem-do-top-legislativo-2022\/\" \/>\n<meta property=\"og:locale\" content=\"pt_BR\" \/>\n<meta property=\"og:type\" content=\"article\" \/>\n<meta property=\"og:title\" content=\"Confira os classificados na primeira triagem do Top Legislativo 2022 - UVB Brasil\" \/>\n<meta property=\"og:description\" content=\"&nbsp; Conforme o regulamento do TOP LEGISLATIVO 2022, os projetos que seguiram todos os requisitos foram devidamente analisados pela Comiss\u00e3o...\" \/>\n<meta property=\"og:url\" content=\"https:\/\/uvbbrasil.com.br\/confira-os-classificados-na-primeira-triagem-do-top-legislativo-2022\/\" \/>\n<meta property=\"og:site_name\" content=\"UVB Brasil\" \/>\n<meta property=\"article:publisher\" content=\"https:\/\/www.facebook.com\/uvb.vereadoresbrasil\" \/>\n<meta property=\"article:published_time\" content=\"2022-11-08T20:48:47+00:00\" \/>\n<meta property=\"og:image\" content=\"https:\/\/uvbbrasil.com.br\/wp-content\/uploads\/2022\/11\/WhatsApp-Image-2022-11-01-at-15.15.51.jpeg\" \/>\n\t<meta property=\"og:image:width\" content=\"1080\" \/>\n\t<meta property=\"og:image:height\" content=\"1080\" \/>\n\t<meta property=\"og:image:type\" content=\"image\/jpeg\" \/>\n<meta name=\"author\" content=\"adminuvb\" \/>\n<meta name=\"twitter:card\" content=\"summary_large_image\" \/>\n<meta name=\"twitter:label1\" content=\"Escrito por\" \/>\n\t<meta name=\"twitter:data1\" content=\"adminuvb\" \/>\n\t<meta name=\"twitter:label2\" content=\"Est. tempo de leitura\" \/>\n\t<meta name=\"twitter:data2\" content=\"2 minutos\" \/>\n<script type=\"application\/ld+json\" class=\"yoast-schema-graph\">{\"@context\":\"https:\/\/schema.org\",\"@graph\":[{\"@type\":\"Article\",\"@id\":\"https:\/\/uvbbrasil.com.br\/confira-os-classificados-na-primeira-triagem-do-top-legislativo-2022\/#article\",\"isPartOf\":{\"@id\":\"https:\/\/uvbbrasil.com.br\/confira-os-classificados-na-primeira-triagem-do-top-legislativo-2022\/\"},\"author\":{\"name\":\"adminuvb\",\"@id\":\"https:\/\/uvbbrasil.com.br\/#\/schema\/person\/17990098446c098f52effddff4f1b272\"},\"headline\":\"Confira os classificados na primeira triagem do Top Legislativo 2022\",\"datePublished\":\"2022-11-08T20:48:47+00:00\",\"mainEntityOfPage\":{\"@id\":\"https:\/\/uvbbrasil.com.br\/confira-os-classificados-na-primeira-triagem-do-top-legislativo-2022\/\"},\"wordCount\":487,\"commentCount\":0,\"publisher\":{\"@id\":\"https:\/\/uvbbrasil.com.br\/#organization\"},\"image\":{\"@id\":\"https:\/\/uvbbrasil.com.br\/confira-os-classificados-na-primeira-triagem-do-top-legislativo-2022\/#primaryimage\"},\"thumbnailUrl\":\"https:\/\/uvbbrasil.com.br\/wp-content\/uploads\/2022\/11\/WhatsApp-Image-2022-11-01-at-15.15.51.jpeg\",\"articleSection\":[\"NOT\u00cdCIAS\",\"UVB\"],\"inLanguage\":\"pt-BR\",\"potentialAction\":[{\"@type\":\"CommentAction\",\"name\":\"Comment\",\"target\":[\"https:\/\/uvbbrasil.com.br\/confira-os-classificados-na-primeira-triagem-do-top-legislativo-2022\/#respond\"]}]},{\"@type\":\"WebPage\",\"@id\":\"https:\/\/uvbbrasil.com.br\/confira-os-classificados-na-primeira-triagem-do-top-legislativo-2022\/\",\"url\":\"https:\/\/uvbbrasil.com.br\/confira-os-classificados-na-primeira-triagem-do-top-legislativo-2022\/\",\"name\":\"Confira os classificados na primeira triagem do Top Legislativo 2022 - UVB Brasil\",\"isPartOf\":{\"@id\":\"https:\/\/uvbbrasil.com.br\/#website\"},\"primaryImageOfPage\":{\"@id\":\"https:\/\/uvbbrasil.com.br\/confira-os-classificados-na-primeira-triagem-do-top-legislativo-2022\/#primaryimage\"},\"image\":{\"@id\":\"https:\/\/uvbbrasil.com.br\/confira-os-classificados-na-primeira-triagem-do-top-legislativo-2022\/#primaryimage\"},\"thumbnailUrl\":\"https:\/\/uvbbrasil.com.br\/wp-content\/uploads\/2022\/11\/WhatsApp-Image-2022-11-01-at-15.15.51.jpeg\",\"datePublished\":\"2022-11-08T20:48:47+00:00\",\"breadcrumb\":{\"@id\":\"https:\/\/uvbbrasil.com.br\/confira-os-classificados-na-primeira-triagem-do-top-legislativo-2022\/#breadcrumb\"},\"inLanguage\":\"pt-BR\",\"potentialAction\":[{\"@type\":\"ReadAction\",\"target\":[\"https:\/\/uvbbrasil.com.br\/confira-os-classificados-na-primeira-triagem-do-top-legislativo-2022\/\"]}]},{\"@type\":\"ImageObject\",\"inLanguage\":\"pt-BR\",\"@id\":\"https:\/\/uvbbrasil.com.br\/confira-os-classificados-na-primeira-triagem-do-top-legislativo-2022\/#primaryimage\",\"url\":\"https:\/\/uvbbrasil.com.br\/wp-content\/uploads\/2022\/11\/WhatsApp-Image-2022-11-01-at-15.15.51.jpeg\",\"contentUrl\":\"https:\/\/uvbbrasil.com.br\/wp-content\/uploads\/2022\/11\/WhatsApp-Image-2022-11-01-at-15.15.51.jpeg\",\"width\":1080,\"height\":1080},{\"@type\":\"BreadcrumbList\",\"@id\":\"https:\/\/uvbbrasil.com.br\/confira-os-classificados-na-primeira-triagem-do-top-legislativo-2022\/#breadcrumb\",\"itemListElement\":[{\"@type\":\"ListItem\",\"position\":1,\"name\":\"In\u00edcio\",\"item\":\"https:\/\/uvbbrasil.com.br\/\"},{\"@type\":\"ListItem\",\"position\":2,\"name\":\"Confira os classificados na primeira triagem do Top Legislativo 2022\"}]},{\"@type\":\"WebSite\",\"@id\":\"https:\/\/uvbbrasil.com.br\/#website\",\"url\":\"https:\/\/uvbbrasil.com.br\/\",\"name\":\"UVB Brasil\",\"description\":\"Uni\u00e3o dos Vereadores do Brasil\",\"publisher\":{\"@id\":\"https:\/\/uvbbrasil.com.br\/#organization\"},\"potentialAction\":[{\"@type\":\"SearchAction\",\"target\":{\"@type\":\"EntryPoint\",\"urlTemplate\":\"https:\/\/uvbbrasil.com.br\/?s={search_term_string}\"},\"query-input\":{\"@type\":\"PropertyValueSpecification\",\"valueRequired\":true,\"valueName\":\"search_term_string\"}}],\"inLanguage\":\"pt-BR\"},{\"@type\":\"Organization\",\"@id\":\"https:\/\/uvbbrasil.com.br\/#organization\",\"name\":\"UVB Brasil\",\"url\":\"https:\/\/uvbbrasil.com.br\/\",\"logo\":{\"@type\":\"ImageObject\",\"inLanguage\":\"pt-BR\",\"@id\":\"https:\/\/uvbbrasil.com.br\/#\/schema\/logo\/image\/\",\"url\":\"https:\/\/uvbbrasil.com.br\/wp-content\/uploads\/2025\/01\/LOGO-UVB-2024-azul-1.jpg\",\"contentUrl\":\"https:\/\/uvbbrasil.com.br\/wp-content\/uploads\/2025\/01\/LOGO-UVB-2024-azul-1.jpg\",\"width\":600,\"height\":211,\"caption\":\"UVB Brasil\"},\"image\":{\"@id\":\"https:\/\/uvbbrasil.com.br\/#\/schema\/logo\/image\/\"},\"sameAs\":[\"https:\/\/www.facebook.com\/uvb.vereadoresbrasil\",\"https:\/\/www.instagram.com\/uvbbrasil\/\",\"https:\/\/www.youtube.com\/channel\/UCIlPQ8Xzw5GHNzosQIg9S5A\"]},{\"@type\":\"Person\",\"@id\":\"https:\/\/uvbbrasil.com.br\/#\/schema\/person\/17990098446c098f52effddff4f1b272\",\"name\":\"adminuvb\",\"image\":{\"@type\":\"ImageObject\",\"inLanguage\":\"pt-BR\",\"@id\":\"https:\/\/uvbbrasil.com.br\/#\/schema\/person\/image\/\",\"url\":\"https:\/\/secure.gravatar.com\/avatar\/1a494ea6f8e2dd1ae526e55b0e9497efdba542491e0620d704cccf63c6f77c45?s=96&d=mm&r=g\",\"contentUrl\":\"https:\/\/secure.gravatar.com\/avatar\/1a494ea6f8e2dd1ae526e55b0e9497efdba542491e0620d704cccf63c6f77c45?s=96&d=mm&r=g\",\"caption\":\"adminuvb\"},\"sameAs\":[\"https:\/\/uvbbrasil.com.br\"],\"url\":\"https:\/\/uvbbrasil.com.br\/author\/adminuvb\/\"}]}<\/script>\n<!-- \/ Yoast SEO plugin. -->","yoast_head_json":{"title":"Confira os classificados na primeira triagem do Top Legislativo 2022 - UVB Brasil","robots":{"index":"index","follow":"follow","max-snippet":"max-snippet:-1","max-image-preview":"max-image-preview:large","max-video-preview":"max-video-preview:-1"},"canonical":"https:\/\/uvbbrasil.com.br\/confira-os-classificados-na-primeira-triagem-do-top-legislativo-2022\/","og_locale":"pt_BR","og_type":"article","og_title":"Confira os classificados na primeira triagem do Top Legislativo 2022 - UVB Brasil","og_description":"&nbsp; Conforme o regulamento do TOP LEGISLATIVO 2022, os projetos que seguiram todos os requisitos foram devidamente analisados pela Comiss\u00e3o...","og_url":"https:\/\/uvbbrasil.com.br\/confira-os-classificados-na-primeira-triagem-do-top-legislativo-2022\/","og_site_name":"UVB Brasil","article_publisher":"https:\/\/www.facebook.com\/uvb.vereadoresbrasil","article_published_time":"2022-11-08T20:48:47+00:00","og_image":[{"width":1080,"height":1080,"url":"https:\/\/uvbbrasil.com.br\/wp-content\/uploads\/2022\/11\/WhatsApp-Image-2022-11-01-at-15.15.51.jpeg","type":"image\/jpeg"}],"author":"adminuvb","twitter_card":"summary_large_image","twitter_misc":{"Escrito por":"adminuvb","Est. tempo de leitura":"2 minutos"},"schema":{"@context":"https:\/\/schema.org","@graph":[{"@type":"Article","@id":"https:\/\/uvbbrasil.com.br\/confira-os-classificados-na-primeira-triagem-do-top-legislativo-2022\/#article","isPartOf":{"@id":"https:\/\/uvbbrasil.com.br\/confira-os-classificados-na-primeira-triagem-do-top-legislativo-2022\/"},"author":{"name":"adminuvb","@id":"https:\/\/uvbbrasil.com.br\/#\/schema\/person\/17990098446c098f52effddff4f1b272"},"headline":"Confira os classificados na primeira triagem do Top Legislativo 2022","datePublished":"2022-11-08T20:48:47+00:00","mainEntityOfPage":{"@id":"https:\/\/uvbbrasil.com.br\/confira-os-classificados-na-primeira-triagem-do-top-legislativo-2022\/"},"wordCount":487,"commentCount":0,"publisher":{"@id":"https:\/\/uvbbrasil.com.br\/#organization"},"image":{"@id":"https:\/\/uvbbrasil.com.br\/confira-os-classificados-na-primeira-triagem-do-top-legislativo-2022\/#primaryimage"},"thumbnailUrl":"https:\/\/uvbbrasil.com.br\/wp-content\/uploads\/2022\/11\/WhatsApp-Image-2022-11-01-at-15.15.51.jpeg","articleSection":["NOT\u00cdCIAS","UVB"],"inLanguage":"pt-BR","potentialAction":[{"@type":"CommentAction","name":"Comment","target":["https:\/\/uvbbrasil.com.br\/confira-os-classificados-na-primeira-triagem-do-top-legislativo-2022\/#respond"]}]},{"@type":"WebPage","@id":"https:\/\/uvbbrasil.com.br\/confira-os-classificados-na-primeira-triagem-do-top-legislativo-2022\/","url":"https:\/\/uvbbrasil.com.br\/confira-os-classificados-na-primeira-triagem-do-top-legislativo-2022\/","name":"Confira os classificados na primeira triagem do Top Legislativo 2022 - UVB Brasil","isPartOf":{"@id":"https:\/\/uvbbrasil.com.br\/#website"},"primaryImageOfPage":{"@id":"https:\/\/uvbbrasil.com.br\/confira-os-classificados-na-primeira-triagem-do-top-legislativo-2022\/#primaryimage"},"image":{"@id":"https:\/\/uvbbrasil.com.br\/confira-os-classificados-na-primeira-triagem-do-top-legislativo-2022\/#primaryimage"},"thumbnailUrl":"https:\/\/uvbbrasil.com.br\/wp-content\/uploads\/2022\/11\/WhatsApp-Image-2022-11-01-at-15.15.51.jpeg","datePublished":"2022-11-08T20:48:47+00:00","breadcrumb":{"@id":"https:\/\/uvbbrasil.com.br\/confira-os-classificados-na-primeira-triagem-do-top-legislativo-2022\/#breadcrumb"},"inLanguage":"pt-BR","potentialAction":[{"@type":"ReadAction","target":["https:\/\/uvbbrasil.com.br\/confira-os-classificados-na-primeira-triagem-do-top-legislativo-2022\/"]}]},{"@type":"ImageObject","inLanguage":"pt-BR","@id":"https:\/\/uvbbrasil.com.br\/confira-os-classificados-na-primeira-triagem-do-top-legislativo-2022\/#primaryimage","url":"https:\/\/uvbbrasil.com.br\/wp-content\/uploads\/2022\/11\/WhatsApp-Image-2022-11-01-at-15.15.51.jpeg","contentUrl":"https:\/\/uvbbrasil.com.br\/wp-content\/uploads\/2022\/11\/WhatsApp-Image-2022-11-01-at-15.15.51.jpeg","width":1080,"height":1080},{"@type":"BreadcrumbList","@id":"https:\/\/uvbbrasil.com.br\/confira-os-classificados-na-primeira-triagem-do-top-legislativo-2022\/#breadcrumb","itemListElement":[{"@type":"ListItem","position":1,"name":"In\u00edcio","item":"https:\/\/uvbbrasil.com.br\/"},{"@type":"ListItem","position":2,"name":"Confira os classificados na primeira triagem do Top Legislativo 2022"}]},{"@type":"WebSite","@id":"https:\/\/uvbbrasil.com.br\/#website","url":"https:\/\/uvbbrasil.com.br\/","name":"UVB Brasil","description":"Uni\u00e3o dos Vereadores do Brasil","publisher":{"@id":"https:\/\/uvbbrasil.com.br\/#organization"},"potentialAction":[{"@type":"SearchAction","target":{"@type":"EntryPoint","urlTemplate":"https:\/\/uvbbrasil.com.br\/?s={search_term_string}"},"query-input":{"@type":"PropertyValueSpecification","valueRequired":true,"valueName":"search_term_string"}}],"inLanguage":"pt-BR"},{"@type":"Organization","@id":"https:\/\/uvbbrasil.com.br\/#organization","name":"UVB Brasil","url":"https:\/\/uvbbrasil.com.br\/","logo":{"@type":"ImageObject","inLanguage":"pt-BR","@id":"https:\/\/uvbbrasil.com.br\/#\/schema\/logo\/image\/","url":"https:\/\/uvbbrasil.com.br\/wp-content\/uploads\/2025\/01\/LOGO-UVB-2024-azul-1.jpg","contentUrl":"https:\/\/uvbbrasil.com.br\/wp-content\/uploads\/2025\/01\/LOGO-UVB-2024-azul-1.jpg","width":600,"height":211,"caption":"UVB Brasil"},"image":{"@id":"https:\/\/uvbbrasil.com.br\/#\/schema\/logo\/image\/"},"sameAs":["https:\/\/www.facebook.com\/uvb.vereadoresbrasil","https:\/\/www.instagram.com\/uvbbrasil\/","https:\/\/www.youtube.com\/channel\/UCIlPQ8Xzw5GHNzosQIg9S5A"]},{"@type":"Person","@id":"https:\/\/uvbbrasil.com.br\/#\/schema\/person\/17990098446c098f52effddff4f1b272","name":"adminuvb","image":{"@type":"ImageObject","inLanguage":"pt-BR","@id":"https:\/\/uvbbrasil.com.br\/#\/schema\/person\/image\/","url":"https:\/\/secure.gravatar.com\/avatar\/1a494ea6f8e2dd1ae526e55b0e9497efdba542491e0620d704cccf63c6f77c45?s=96&d=mm&r=g","contentUrl":"https:\/\/secure.gravatar.com\/avatar\/1a494ea6f8e2dd1ae526e55b0e9497efdba542491e0620d704cccf63c6f77c45?s=96&d=mm&r=g","caption":"adminuvb"},"sameAs":["https:\/\/uvbbrasil.com.br"],"url":"https:\/\/uvbbrasil.com.br\/author\/adminuvb\/"}]}},"_links":{"self":[{"href":"https:\/\/uvbbrasil.com.br\/uvb-json\/wp\/v2\/posts\/27584","targetHints":{"allow":["GET"]}}],"collection":[{"href":"https:\/\/uvbbrasil.com.br\/uvb-json\/wp\/v2\/posts"}],"about":[{"href":"https:\/\/uvbbrasil.com.br\/uvb-json\/wp\/v2\/types\/post"}],"author":[{"embeddable":true,"href":"https:\/\/uvbbrasil.com.br\/uvb-json\/wp\/v2\/users\/1"}],"replies":[{"embeddable":true,"href":"https:\/\/uvbbrasil.com.br\/uvb-json\/wp\/v2\/comments?post=27584"}],"version-history":[{"count":0,"href":"https:\/\/uvbbrasil.com.br\/uvb-json\/wp\/v2\/posts\/27584\/revisions"}],"wp:featuredmedia":[{"embeddable":true,"href":"https:\/\/uvbbrasil.com.br\/uvb-json\/wp\/v2\/media\/27558"}],"wp:attachment":[{"href":"https:\/\/uvbbrasil.com.br\/uvb-json\/wp\/v2\/media?parent=27584"}],"wp:term":[{"taxonomy":"category","embeddable":true,"href":"https:\/\/uvbbrasil.com.br\/uvb-json\/wp\/v2\/categories?post=27584"},{"taxonomy":"post_tag","embeddable":true,"href":"https:\/\/uvbbrasil.com.br\/uvb-json\/wp\/v2\/tags?post=27584"}],"curies":[{"name":"wp","href":"https:\/\/api.w.org\/{rel}","templated":true}]}}