{"id":27581,"date":"2022-11-08T15:16:35","date_gmt":"2022-11-08T18:16:35","guid":{"rendered":"https:\/\/wpsandbox4.pante.com.br\/?p=27581"},"modified":"2022-11-08T15:16:35","modified_gmt":"2022-11-08T18:16:35","slug":"candidatos-que-disputaram-o-2o-turno-das-eleicoes-2022-tem-ate-19-de-novembro-para-prestar-contas","status":"publish","type":"post","link":"https:\/\/uvbbrasil.com.br\/candidatos-que-disputaram-o-2o-turno-das-eleicoes-2022-tem-ate-19-de-novembro-para-prestar-contas\/","title":{"rendered":"Candidatos que disputaram o 2\u00ba turno das Elei\u00e7\u00f5es 2022 t\u00eam at\u00e9 19 de novembro para prestar contas"},"content":{"rendered":"<p class=\"noticia-subtitulo\">Diploma\u00e7\u00e3o dos eleitos \u00e9 condicionada \u00e0 apresenta\u00e7\u00e3o das respectivas presta\u00e7\u00f5es de contas de campanha<\/p>\n<p>As candidatas e os candidatos que concorreram no segundo turno das Elei\u00e7\u00f5es Gerais de 2022 \u2013 inclusive quem disputou o cargo de vice-presidente ou vice-governador \u2013, bem como os partidos pol\u00edticos, federa\u00e7\u00f5es e coliga\u00e7\u00f5es t\u00eam at\u00e9 o dia 19 de novembro, s\u00e1bado, para prestar contas \u00e0 Justi\u00e7a Eleitoral das respectivas campanhas eleitorais referentes aos dois turnos de vota\u00e7\u00e3o. A entrega da documenta\u00e7\u00e3o \u00e9 condi\u00e7\u00e3o essencial para que seja efetivada a diploma\u00e7\u00e3o dos candidatos eleitos e a consequente posse, no dia 1\u00ba de janeiro.<\/p>\n<p>O 20\u00ba dia ap\u00f3s o segundo turno de vota\u00e7\u00e3o tamb\u00e9m \u00e9 a data-limite para as candidatas e os candidatos transferirem as sobras de campanha para as contas dos respectivos partidos pol\u00edticos e os recursos n\u00e3o utilizados do Fundo Eleitoral para o Tesouro Nacional.<\/p>\n<p>O envio de extratos banc\u00e1rios, contratos, recibos, notas fiscais, c\u00f3pias de cheques, comprovantes de transfer\u00eancias banc\u00e1rias e demais documentos cont\u00e1beis \u00e9 feito on-line, por meio do\u00a0<a href=\"https:\/\/www.tse.jus.br\/eleicoes\/eleicoes-2022\/prestacao-de-contas\/sistema-de-prestacao-de-contas-eleitorais-spce\">Sistema de Presta\u00e7\u00e3o de Contas Eleitorais (SPCE)<\/a>, e est\u00e1 previsto no artigo 29, inciso IV, da Lei das Elei\u00e7\u00f5es (<a href=\"https:\/\/www.tse.jus.br\/legislacao\/codigo-eleitoral\/lei-das-eleicoes\/lei-das-eleicoes-lei-nb0-9.504-de-30-de-setembro-de-1997#art17-27\">Lei n\u00ba 9.504\/1997<\/a>) e no artigo 49, par\u00e1grafo 1\u00ba, da\u00a0<a href=\"https:\/\/www.tse.jus.br\/legislacao\/compilada\/res\/2019\/resolucao-no-23-607-de-17-de-dezembro-de-2019\">Resolu\u00e7\u00e3o TSE n\u00ba 23.607\/2019<\/a>.<\/p>\n<p><strong>Julgamento das contas<\/strong><\/p>\n<p>No Brasil, campanhas eleitorais s\u00e3o financiadas com recursos p\u00fablicos, via\u00a0<a href=\"https:\/\/www.tse.jus.br\/partidos\/contas-partidarias\/fundo-partidario-1\/fundo-partidario\">Fundo Partid\u00e1rio<\/a>\u00a0e\u00a0<a href=\"https:\/\/www.tse.jus.br\/eleicoes\/eleicoes-2022\/prestacao-de-contas\/fundo-especial-de-financiamento-de-campanha-fefc\">Fundo Especial de Financiamento de Campanha (FEFC), o chamado Fundo Eleitoral<\/a>. Por se tratar de dinheiro p\u00fablico, a Constitui\u00e7\u00e3o Federal imp\u00f5e que regularmente sejam apresentadas presta\u00e7\u00f5es de contas sobre o uso desses valores.<\/p>\n<p>A Justi\u00e7a Eleitoral \u00e9 o ramo do Poder Judici\u00e1rio competente para julgar essas presta\u00e7\u00f5es de contas e impor san\u00e7\u00f5es, que podem ser a suspens\u00e3o de novos repasses de cotas dos Fundos ou a devolu\u00e7\u00e3o de quantias ao Tesouro Nacional, caso as contas n\u00e3o sejam apresentadas ou sejam rejeitadas.<\/p>\n<p>A compet\u00eancia para o julgamento origin\u00e1rio das presta\u00e7\u00f5es de contas se distribui pela Justi\u00e7a Eleitoral conforme a amplitude do \u00f3rg\u00e3o partid\u00e1rio ou da candidatura cuja movimenta\u00e7\u00e3o financeira \u00e9 analisada. Assim, no caso de uma elei\u00e7\u00e3o geral, os Tribunais Regionais Eleitorais (TREs) julgam processos dos diret\u00f3rios partid\u00e1rios estaduais sob a sua jurisdi\u00e7\u00e3o e dos candidatos a deputado estadual ou distrital, deputado federal, senador, governador e vice-governador.<\/p>\n<p>Por fim, o Tribunal Superior Eleitoral (TSE) julga as presta\u00e7\u00f5es de contas dos diret\u00f3rios nacionais das legendas e dos candidatos a presidente e a vice-presidente da Rep\u00fablica.<\/p>\n<p><a href=\"https:\/\/www.tse.jus.br\/eleicoes\/calendario-eleitoral\/calendario-eleitoral\">Confira o calend\u00e1rio eleitoral de 2022<\/a>.<\/p>\n<p><img decoding=\"async\" class=\"alignnone size-medium wp-image-27582\" src=\"https:\/\/uvbbrasil.com.br\/wp-content\/uploads\/2022\/11\/0327b82e-38dc-4173-b0a2-a5bdb6039500-300x145.jpeg\" alt=\"\" width=\"300\" height=\"145\" srcset=\"https:\/\/uvbbrasil.com.br\/wp-content\/uploads\/2022\/11\/0327b82e-38dc-4173-b0a2-a5bdb6039500-300x145.jpeg 300w, https:\/\/uvbbrasil.com.br\/wp-content\/uploads\/2022\/11\/0327b82e-38dc-4173-b0a2-a5bdb6039500.jpeg 620w\" sizes=\"(max-width: 300px) 100vw, 300px\" \/><\/p>\n","protected":false},"excerpt":{"rendered":"<p>Diploma\u00e7\u00e3o dos eleitos \u00e9 condicionada \u00e0 apresenta\u00e7\u00e3o das respectivas presta\u00e7\u00f5es de contas de campanha As candidatas e os candidatos que&#8230;<\/p>\n","protected":false},"author":1,"featured_media":0,"comment_status":"open","ping_status":"open","sticky":false,"template":"","format":"standard","meta":{"footnotes":""},"categories":[3],"tags":[],"class_list":["post-27581","post","type-post","status-publish","format-standard","hentry","category-noticias"],"yoast_head":"<!-- This site is optimized with the Yoast SEO plugin v26.7 - https:\/\/yoast.com\/wordpress\/plugins\/seo\/ -->\n<title>Candidatos que disputaram o 2\u00ba turno das Elei\u00e7\u00f5es 2022 t\u00eam at\u00e9 19 de novembro para prestar contas - UVB Brasil<\/title>\n<meta name=\"robots\" content=\"index, follow, max-snippet:-1, max-image-preview:large, max-video-preview:-1\" \/>\n<link rel=\"canonical\" href=\"https:\/\/uvbbrasil.com.br\/candidatos-que-disputaram-o-2o-turno-das-eleicoes-2022-tem-ate-19-de-novembro-para-prestar-contas\/\" \/>\n<meta property=\"og:locale\" content=\"pt_BR\" \/>\n<meta property=\"og:type\" content=\"article\" \/>\n<meta property=\"og:title\" content=\"Candidatos que disputaram o 2\u00ba turno das Elei\u00e7\u00f5es 2022 t\u00eam at\u00e9 19 de novembro para prestar contas - UVB Brasil\" \/>\n<meta property=\"og:description\" content=\"Diploma\u00e7\u00e3o dos eleitos \u00e9 condicionada \u00e0 apresenta\u00e7\u00e3o das respectivas presta\u00e7\u00f5es de contas de campanha As candidatas e os candidatos que...\" \/>\n<meta property=\"og:url\" content=\"https:\/\/uvbbrasil.com.br\/candidatos-que-disputaram-o-2o-turno-das-eleicoes-2022-tem-ate-19-de-novembro-para-prestar-contas\/\" \/>\n<meta property=\"og:site_name\" content=\"UVB Brasil\" \/>\n<meta property=\"article:publisher\" content=\"https:\/\/www.facebook.com\/uvb.vereadoresbrasil\" \/>\n<meta property=\"article:published_time\" content=\"2022-11-08T18:16:35+00:00\" \/>\n<meta property=\"og:image\" content=\"https:\/\/uvbbrasil.com.br\/wp-content\/uploads\/2022\/11\/0327b82e-38dc-4173-b0a2-a5bdb6039500.jpeg\" \/>\n\t<meta property=\"og:image:width\" content=\"620\" \/>\n\t<meta property=\"og:image:height\" content=\"300\" \/>\n\t<meta property=\"og:image:type\" content=\"image\/jpeg\" \/>\n<meta name=\"author\" content=\"adminuvb\" \/>\n<meta name=\"twitter:card\" content=\"summary_large_image\" \/>\n<meta name=\"twitter:label1\" content=\"Escrito por\" \/>\n\t<meta name=\"twitter:data1\" content=\"adminuvb\" \/>\n\t<meta name=\"twitter:label2\" content=\"Est. tempo de leitura\" \/>\n\t<meta name=\"twitter:data2\" content=\"2 minutos\" \/>\n<script type=\"application\/ld+json\" class=\"yoast-schema-graph\">{\"@context\":\"https:\/\/schema.org\",\"@graph\":[{\"@type\":\"Article\",\"@id\":\"https:\/\/uvbbrasil.com.br\/candidatos-que-disputaram-o-2o-turno-das-eleicoes-2022-tem-ate-19-de-novembro-para-prestar-contas\/#article\",\"isPartOf\":{\"@id\":\"https:\/\/uvbbrasil.com.br\/candidatos-que-disputaram-o-2o-turno-das-eleicoes-2022-tem-ate-19-de-novembro-para-prestar-contas\/\"},\"author\":{\"name\":\"adminuvb\",\"@id\":\"https:\/\/uvbbrasil.com.br\/#\/schema\/person\/17990098446c098f52effddff4f1b272\"},\"headline\":\"Candidatos que disputaram o 2\u00ba turno das Elei\u00e7\u00f5es 2022 t\u00eam at\u00e9 19 de novembro para prestar contas\",\"datePublished\":\"2022-11-08T18:16:35+00:00\",\"mainEntityOfPage\":{\"@id\":\"https:\/\/uvbbrasil.com.br\/candidatos-que-disputaram-o-2o-turno-das-eleicoes-2022-tem-ate-19-de-novembro-para-prestar-contas\/\"},\"wordCount\":447,\"commentCount\":0,\"publisher\":{\"@id\":\"https:\/\/uvbbrasil.com.br\/#organization\"},\"image\":{\"@id\":\"https:\/\/uvbbrasil.com.br\/candidatos-que-disputaram-o-2o-turno-das-eleicoes-2022-tem-ate-19-de-novembro-para-prestar-contas\/#primaryimage\"},\"thumbnailUrl\":\"https:\/\/uvbbrasil.com.br\/wp-content\/uploads\/2022\/11\/0327b82e-38dc-4173-b0a2-a5bdb6039500-300x145.jpeg\",\"articleSection\":[\"NOT\u00cdCIAS\"],\"inLanguage\":\"pt-BR\",\"potentialAction\":[{\"@type\":\"CommentAction\",\"name\":\"Comment\",\"target\":[\"https:\/\/uvbbrasil.com.br\/candidatos-que-disputaram-o-2o-turno-das-eleicoes-2022-tem-ate-19-de-novembro-para-prestar-contas\/#respond\"]}]},{\"@type\":\"WebPage\",\"@id\":\"https:\/\/uvbbrasil.com.br\/candidatos-que-disputaram-o-2o-turno-das-eleicoes-2022-tem-ate-19-de-novembro-para-prestar-contas\/\",\"url\":\"https:\/\/uvbbrasil.com.br\/candidatos-que-disputaram-o-2o-turno-das-eleicoes-2022-tem-ate-19-de-novembro-para-prestar-contas\/\",\"name\":\"Candidatos que disputaram o 2\u00ba turno das Elei\u00e7\u00f5es 2022 t\u00eam at\u00e9 19 de novembro para prestar contas - UVB Brasil\",\"isPartOf\":{\"@id\":\"https:\/\/uvbbrasil.com.br\/#website\"},\"primaryImageOfPage\":{\"@id\":\"https:\/\/uvbbrasil.com.br\/candidatos-que-disputaram-o-2o-turno-das-eleicoes-2022-tem-ate-19-de-novembro-para-prestar-contas\/#primaryimage\"},\"image\":{\"@id\":\"https:\/\/uvbbrasil.com.br\/candidatos-que-disputaram-o-2o-turno-das-eleicoes-2022-tem-ate-19-de-novembro-para-prestar-contas\/#primaryimage\"},\"thumbnailUrl\":\"https:\/\/uvbbrasil.com.br\/wp-content\/uploads\/2022\/11\/0327b82e-38dc-4173-b0a2-a5bdb6039500-300x145.jpeg\",\"datePublished\":\"2022-11-08T18:16:35+00:00\",\"breadcrumb\":{\"@id\":\"https:\/\/uvbbrasil.com.br\/candidatos-que-disputaram-o-2o-turno-das-eleicoes-2022-tem-ate-19-de-novembro-para-prestar-contas\/#breadcrumb\"},\"inLanguage\":\"pt-BR\",\"potentialAction\":[{\"@type\":\"ReadAction\",\"target\":[\"https:\/\/uvbbrasil.com.br\/candidatos-que-disputaram-o-2o-turno-das-eleicoes-2022-tem-ate-19-de-novembro-para-prestar-contas\/\"]}]},{\"@type\":\"ImageObject\",\"inLanguage\":\"pt-BR\",\"@id\":\"https:\/\/uvbbrasil.com.br\/candidatos-que-disputaram-o-2o-turno-das-eleicoes-2022-tem-ate-19-de-novembro-para-prestar-contas\/#primaryimage\",\"url\":\"https:\/\/uvbbrasil.com.br\/wp-content\/uploads\/2022\/11\/0327b82e-38dc-4173-b0a2-a5bdb6039500.jpeg\",\"contentUrl\":\"https:\/\/uvbbrasil.com.br\/wp-content\/uploads\/2022\/11\/0327b82e-38dc-4173-b0a2-a5bdb6039500.jpeg\",\"width\":620,\"height\":300},{\"@type\":\"BreadcrumbList\",\"@id\":\"https:\/\/uvbbrasil.com.br\/candidatos-que-disputaram-o-2o-turno-das-eleicoes-2022-tem-ate-19-de-novembro-para-prestar-contas\/#breadcrumb\",\"itemListElement\":[{\"@type\":\"ListItem\",\"position\":1,\"name\":\"In\u00edcio\",\"item\":\"https:\/\/uvbbrasil.com.br\/\"},{\"@type\":\"ListItem\",\"position\":2,\"name\":\"Candidatos que disputaram o 2\u00ba turno das Elei\u00e7\u00f5es 2022 t\u00eam at\u00e9 19 de novembro para prestar contas\"}]},{\"@type\":\"WebSite\",\"@id\":\"https:\/\/uvbbrasil.com.br\/#website\",\"url\":\"https:\/\/uvbbrasil.com.br\/\",\"name\":\"UVB Brasil\",\"description\":\"Uni\u00e3o dos Vereadores do Brasil\",\"publisher\":{\"@id\":\"https:\/\/uvbbrasil.com.br\/#organization\"},\"potentialAction\":[{\"@type\":\"SearchAction\",\"target\":{\"@type\":\"EntryPoint\",\"urlTemplate\":\"https:\/\/uvbbrasil.com.br\/?s={search_term_string}\"},\"query-input\":{\"@type\":\"PropertyValueSpecification\",\"valueRequired\":true,\"valueName\":\"search_term_string\"}}],\"inLanguage\":\"pt-BR\"},{\"@type\":\"Organization\",\"@id\":\"https:\/\/uvbbrasil.com.br\/#organization\",\"name\":\"UVB Brasil\",\"url\":\"https:\/\/uvbbrasil.com.br\/\",\"logo\":{\"@type\":\"ImageObject\",\"inLanguage\":\"pt-BR\",\"@id\":\"https:\/\/uvbbrasil.com.br\/#\/schema\/logo\/image\/\",\"url\":\"https:\/\/uvbbrasil.com.br\/wp-content\/uploads\/2025\/01\/LOGO-UVB-2024-azul-1.jpg\",\"contentUrl\":\"https:\/\/uvbbrasil.com.br\/wp-content\/uploads\/2025\/01\/LOGO-UVB-2024-azul-1.jpg\",\"width\":600,\"height\":211,\"caption\":\"UVB Brasil\"},\"image\":{\"@id\":\"https:\/\/uvbbrasil.com.br\/#\/schema\/logo\/image\/\"},\"sameAs\":[\"https:\/\/www.facebook.com\/uvb.vereadoresbrasil\",\"https:\/\/www.instagram.com\/uvbbrasil\/\",\"https:\/\/www.youtube.com\/channel\/UCIlPQ8Xzw5GHNzosQIg9S5A\"]},{\"@type\":\"Person\",\"@id\":\"https:\/\/uvbbrasil.com.br\/#\/schema\/person\/17990098446c098f52effddff4f1b272\",\"name\":\"adminuvb\",\"image\":{\"@type\":\"ImageObject\",\"inLanguage\":\"pt-BR\",\"@id\":\"https:\/\/uvbbrasil.com.br\/#\/schema\/person\/image\/\",\"url\":\"https:\/\/secure.gravatar.com\/avatar\/1a494ea6f8e2dd1ae526e55b0e9497efdba542491e0620d704cccf63c6f77c45?s=96&d=mm&r=g\",\"contentUrl\":\"https:\/\/secure.gravatar.com\/avatar\/1a494ea6f8e2dd1ae526e55b0e9497efdba542491e0620d704cccf63c6f77c45?s=96&d=mm&r=g\",\"caption\":\"adminuvb\"},\"sameAs\":[\"https:\/\/uvbbrasil.com.br\"],\"url\":\"https:\/\/uvbbrasil.com.br\/author\/adminuvb\/\"}]}<\/script>\n<!-- \/ Yoast SEO plugin. -->","yoast_head_json":{"title":"Candidatos que disputaram o 2\u00ba turno das Elei\u00e7\u00f5es 2022 t\u00eam at\u00e9 19 de novembro para prestar contas - UVB Brasil","robots":{"index":"index","follow":"follow","max-snippet":"max-snippet:-1","max-image-preview":"max-image-preview:large","max-video-preview":"max-video-preview:-1"},"canonical":"https:\/\/uvbbrasil.com.br\/candidatos-que-disputaram-o-2o-turno-das-eleicoes-2022-tem-ate-19-de-novembro-para-prestar-contas\/","og_locale":"pt_BR","og_type":"article","og_title":"Candidatos que disputaram o 2\u00ba turno das Elei\u00e7\u00f5es 2022 t\u00eam at\u00e9 19 de novembro para prestar contas - UVB Brasil","og_description":"Diploma\u00e7\u00e3o dos eleitos \u00e9 condicionada \u00e0 apresenta\u00e7\u00e3o das respectivas presta\u00e7\u00f5es de contas de campanha As candidatas e os candidatos que...","og_url":"https:\/\/uvbbrasil.com.br\/candidatos-que-disputaram-o-2o-turno-das-eleicoes-2022-tem-ate-19-de-novembro-para-prestar-contas\/","og_site_name":"UVB Brasil","article_publisher":"https:\/\/www.facebook.com\/uvb.vereadoresbrasil","article_published_time":"2022-11-08T18:16:35+00:00","og_image":[{"width":620,"height":300,"url":"https:\/\/uvbbrasil.com.br\/wp-content\/uploads\/2022\/11\/0327b82e-38dc-4173-b0a2-a5bdb6039500.jpeg","type":"image\/jpeg"}],"author":"adminuvb","twitter_card":"summary_large_image","twitter_misc":{"Escrito por":"adminuvb","Est. tempo de leitura":"2 minutos"},"schema":{"@context":"https:\/\/schema.org","@graph":[{"@type":"Article","@id":"https:\/\/uvbbrasil.com.br\/candidatos-que-disputaram-o-2o-turno-das-eleicoes-2022-tem-ate-19-de-novembro-para-prestar-contas\/#article","isPartOf":{"@id":"https:\/\/uvbbrasil.com.br\/candidatos-que-disputaram-o-2o-turno-das-eleicoes-2022-tem-ate-19-de-novembro-para-prestar-contas\/"},"author":{"name":"adminuvb","@id":"https:\/\/uvbbrasil.com.br\/#\/schema\/person\/17990098446c098f52effddff4f1b272"},"headline":"Candidatos que disputaram o 2\u00ba turno das Elei\u00e7\u00f5es 2022 t\u00eam at\u00e9 19 de novembro para prestar contas","datePublished":"2022-11-08T18:16:35+00:00","mainEntityOfPage":{"@id":"https:\/\/uvbbrasil.com.br\/candidatos-que-disputaram-o-2o-turno-das-eleicoes-2022-tem-ate-19-de-novembro-para-prestar-contas\/"},"wordCount":447,"commentCount":0,"publisher":{"@id":"https:\/\/uvbbrasil.com.br\/#organization"},"image":{"@id":"https:\/\/uvbbrasil.com.br\/candidatos-que-disputaram-o-2o-turno-das-eleicoes-2022-tem-ate-19-de-novembro-para-prestar-contas\/#primaryimage"},"thumbnailUrl":"https:\/\/uvbbrasil.com.br\/wp-content\/uploads\/2022\/11\/0327b82e-38dc-4173-b0a2-a5bdb6039500-300x145.jpeg","articleSection":["NOT\u00cdCIAS"],"inLanguage":"pt-BR","potentialAction":[{"@type":"CommentAction","name":"Comment","target":["https:\/\/uvbbrasil.com.br\/candidatos-que-disputaram-o-2o-turno-das-eleicoes-2022-tem-ate-19-de-novembro-para-prestar-contas\/#respond"]}]},{"@type":"WebPage","@id":"https:\/\/uvbbrasil.com.br\/candidatos-que-disputaram-o-2o-turno-das-eleicoes-2022-tem-ate-19-de-novembro-para-prestar-contas\/","url":"https:\/\/uvbbrasil.com.br\/candidatos-que-disputaram-o-2o-turno-das-eleicoes-2022-tem-ate-19-de-novembro-para-prestar-contas\/","name":"Candidatos que disputaram o 2\u00ba turno das Elei\u00e7\u00f5es 2022 t\u00eam at\u00e9 19 de novembro para prestar contas - UVB Brasil","isPartOf":{"@id":"https:\/\/uvbbrasil.com.br\/#website"},"primaryImageOfPage":{"@id":"https:\/\/uvbbrasil.com.br\/candidatos-que-disputaram-o-2o-turno-das-eleicoes-2022-tem-ate-19-de-novembro-para-prestar-contas\/#primaryimage"},"image":{"@id":"https:\/\/uvbbrasil.com.br\/candidatos-que-disputaram-o-2o-turno-das-eleicoes-2022-tem-ate-19-de-novembro-para-prestar-contas\/#primaryimage"},"thumbnailUrl":"https:\/\/uvbbrasil.com.br\/wp-content\/uploads\/2022\/11\/0327b82e-38dc-4173-b0a2-a5bdb6039500-300x145.jpeg","datePublished":"2022-11-08T18:16:35+00:00","breadcrumb":{"@id":"https:\/\/uvbbrasil.com.br\/candidatos-que-disputaram-o-2o-turno-das-eleicoes-2022-tem-ate-19-de-novembro-para-prestar-contas\/#breadcrumb"},"inLanguage":"pt-BR","potentialAction":[{"@type":"ReadAction","target":["https:\/\/uvbbrasil.com.br\/candidatos-que-disputaram-o-2o-turno-das-eleicoes-2022-tem-ate-19-de-novembro-para-prestar-contas\/"]}]},{"@type":"ImageObject","inLanguage":"pt-BR","@id":"https:\/\/uvbbrasil.com.br\/candidatos-que-disputaram-o-2o-turno-das-eleicoes-2022-tem-ate-19-de-novembro-para-prestar-contas\/#primaryimage","url":"https:\/\/uvbbrasil.com.br\/wp-content\/uploads\/2022\/11\/0327b82e-38dc-4173-b0a2-a5bdb6039500.jpeg","contentUrl":"https:\/\/uvbbrasil.com.br\/wp-content\/uploads\/2022\/11\/0327b82e-38dc-4173-b0a2-a5bdb6039500.jpeg","width":620,"height":300},{"@type":"BreadcrumbList","@id":"https:\/\/uvbbrasil.com.br\/candidatos-que-disputaram-o-2o-turno-das-eleicoes-2022-tem-ate-19-de-novembro-para-prestar-contas\/#breadcrumb","itemListElement":[{"@type":"ListItem","position":1,"name":"In\u00edcio","item":"https:\/\/uvbbrasil.com.br\/"},{"@type":"ListItem","position":2,"name":"Candidatos que disputaram o 2\u00ba turno das Elei\u00e7\u00f5es 2022 t\u00eam at\u00e9 19 de novembro para prestar contas"}]},{"@type":"WebSite","@id":"https:\/\/uvbbrasil.com.br\/#website","url":"https:\/\/uvbbrasil.com.br\/","name":"UVB Brasil","description":"Uni\u00e3o dos Vereadores do Brasil","publisher":{"@id":"https:\/\/uvbbrasil.com.br\/#organization"},"potentialAction":[{"@type":"SearchAction","target":{"@type":"EntryPoint","urlTemplate":"https:\/\/uvbbrasil.com.br\/?s={search_term_string}"},"query-input":{"@type":"PropertyValueSpecification","valueRequired":true,"valueName":"search_term_string"}}],"inLanguage":"pt-BR"},{"@type":"Organization","@id":"https:\/\/uvbbrasil.com.br\/#organization","name":"UVB Brasil","url":"https:\/\/uvbbrasil.com.br\/","logo":{"@type":"ImageObject","inLanguage":"pt-BR","@id":"https:\/\/uvbbrasil.com.br\/#\/schema\/logo\/image\/","url":"https:\/\/uvbbrasil.com.br\/wp-content\/uploads\/2025\/01\/LOGO-UVB-2024-azul-1.jpg","contentUrl":"https:\/\/uvbbrasil.com.br\/wp-content\/uploads\/2025\/01\/LOGO-UVB-2024-azul-1.jpg","width":600,"height":211,"caption":"UVB Brasil"},"image":{"@id":"https:\/\/uvbbrasil.com.br\/#\/schema\/logo\/image\/"},"sameAs":["https:\/\/www.facebook.com\/uvb.vereadoresbrasil","https:\/\/www.instagram.com\/uvbbrasil\/","https:\/\/www.youtube.com\/channel\/UCIlPQ8Xzw5GHNzosQIg9S5A"]},{"@type":"Person","@id":"https:\/\/uvbbrasil.com.br\/#\/schema\/person\/17990098446c098f52effddff4f1b272","name":"adminuvb","image":{"@type":"ImageObject","inLanguage":"pt-BR","@id":"https:\/\/uvbbrasil.com.br\/#\/schema\/person\/image\/","url":"https:\/\/secure.gravatar.com\/avatar\/1a494ea6f8e2dd1ae526e55b0e9497efdba542491e0620d704cccf63c6f77c45?s=96&d=mm&r=g","contentUrl":"https:\/\/secure.gravatar.com\/avatar\/1a494ea6f8e2dd1ae526e55b0e9497efdba542491e0620d704cccf63c6f77c45?s=96&d=mm&r=g","caption":"adminuvb"},"sameAs":["https:\/\/uvbbrasil.com.br"],"url":"https:\/\/uvbbrasil.com.br\/author\/adminuvb\/"}]}},"_links":{"self":[{"href":"https:\/\/uvbbrasil.com.br\/uvb-json\/wp\/v2\/posts\/27581","targetHints":{"allow":["GET"]}}],"collection":[{"href":"https:\/\/uvbbrasil.com.br\/uvb-json\/wp\/v2\/posts"}],"about":[{"href":"https:\/\/uvbbrasil.com.br\/uvb-json\/wp\/v2\/types\/post"}],"author":[{"embeddable":true,"href":"https:\/\/uvbbrasil.com.br\/uvb-json\/wp\/v2\/users\/1"}],"replies":[{"embeddable":true,"href":"https:\/\/uvbbrasil.com.br\/uvb-json\/wp\/v2\/comments?post=27581"}],"version-history":[{"count":0,"href":"https:\/\/uvbbrasil.com.br\/uvb-json\/wp\/v2\/posts\/27581\/revisions"}],"wp:attachment":[{"href":"https:\/\/uvbbrasil.com.br\/uvb-json\/wp\/v2\/media?parent=27581"}],"wp:term":[{"taxonomy":"category","embeddable":true,"href":"https:\/\/uvbbrasil.com.br\/uvb-json\/wp\/v2\/categories?post=27581"},{"taxonomy":"post_tag","embeddable":true,"href":"https:\/\/uvbbrasil.com.br\/uvb-json\/wp\/v2\/tags?post=27581"}],"curies":[{"name":"wp","href":"https:\/\/api.w.org\/{rel}","templated":true}]}}