{"id":27555,"date":"2022-11-03T15:46:45","date_gmt":"2022-11-03T18:46:45","guid":{"rendered":"https:\/\/wpsandbox4.pante.com.br\/?p=27555"},"modified":"2022-11-03T15:46:45","modified_gmt":"2022-11-03T18:46:45","slug":"camara-aprova-lei-sobre-gestao-democratica-no-ensino-sistema-de-ensino-de-irai","status":"publish","type":"post","link":"https:\/\/uvbbrasil.com.br\/camara-aprova-lei-sobre-gestao-democratica-no-ensino-sistema-de-ensino-de-irai\/","title":{"rendered":"C\u00e2mara aprova lei sobre gest\u00e3o democr\u00e1tica no ensino sistema de ensino de Ira\u00ed"},"content":{"rendered":"<div class=\"xdj266r x11i5rnm xat24cr x1mh8g0r x1vvkbs x126k92a\">\n<div dir=\"auto\"><\/div>\n<\/div>\n<div class=\"x11i5rnm xat24cr x1mh8g0r x1vvkbs xtlvy1s x126k92a\">\n<div dir=\"auto\">O Poder Legislativo aprovou por unanimidade o Projeto de Lei 054\/2022, que disp\u00f5e sobre a gest\u00e3o democr\u00e1tica no sistema de ensino de Ira\u00ed, e revogando a Lei n\u00ba 2.041\/2005 e altera\u00e7\u00f5es posteriores e d\u00e1 outras provid\u00eancias.<\/div>\n<\/div>\n<div class=\"x11i5rnm xat24cr x1mh8g0r x1vvkbs xtlvy1s x126k92a\">\n<div dir=\"auto\">A Gest\u00e3o Democr\u00e1tica do Ensino P\u00fablico Municipal, institu\u00edda no art. 206, inciso VI da Constitui\u00e7\u00e3o Federal, nos art. 14, 64 e 67 da Lei de Diretrizes e Bases da Educa\u00e7\u00e3o Nacional, art.121 da Lei Org\u00e2nica Municipal, Plano Municipal de Educa\u00e7\u00e3o de Ira\u00ed &#8211; Lei n\u00b02837\/2015, Meta 19 do Plano Nacional de Educa\u00e7\u00e3o 2014\/2024 &#8211; Lei n\u00ba 13005\/2014, a Lei do Novo FUNDEB &#8211; Lei n\u00ba 14113\/2020, no Parecer do CNE\/CP n\u00ba 04\/2021 e Resolu\u00e7\u00e3o MEC\/SEB n\u00ba 1, de 27 de julho de 2022 tem como princ\u00edpio o modelo de gest\u00e3o democr\u00e1tica do ensino p\u00fablico municipal com base numa administra\u00e7\u00e3o aut\u00f4noma e participativa que garantindo a descentraliza\u00e7\u00e3o do processo educativo e a participa\u00e7\u00e3o efetiva da Comunidade Escolar.<\/div>\n<\/div>\n<div class=\"x11i5rnm xat24cr x1mh8g0r x1vvkbs xtlvy1s x126k92a\">\n<div dir=\"auto\">De acordo com a Administra\u00e7\u00e3o a Lei da Gest\u00e3o Democr\u00e1tica do Ensino P\u00fablico de Ira\u00ed vem de encontro as necessidades de constru\u00e7\u00e3o de uma Lei que atenda as exig\u00eancias legais estabelecidos na Meta 19 do Plano Nacional de Educa\u00e7\u00e3o dec\u00eanio 2014\/2024 e do Plano Municipal de Educa\u00e7\u00e3o de Ira\u00ed, Lei n\u00b02837\/2015, que estabelece o seguinte, Meta 19: \u201cAssegurar condi\u00e7\u00f5es, no prazo de dois anos, para a efetiva\u00e7\u00e3o da gest\u00e3o democr\u00e1tica da educa\u00e7\u00e3o, associada a crit\u00e9rios t\u00e9cnicos de m\u00e9rito e desempenho e \u00e0 consulta p\u00fablica \u00e0 comunidade escolar, no \u00e2mbito das escolas p\u00fablicas, prevendo recursos e apoio t\u00e9cnico da Uni\u00e3o para tanto.\u201d<\/div>\n<\/div>\n<div class=\"x11i5rnm xat24cr x1mh8g0r x1vvkbs xtlvy1s x126k92a\">\n<div dir=\"auto\">Com a Lei do Novo Fundo Nacional de Desenvolvimento da Educa\u00e7\u00e3o B\u00e1sica (FUNDEB) Lei n\u00ba 14113\/2020, diferentes crit\u00e9rios de distribui\u00e7\u00e3o de recursos foram estabelecidos, dentre eles, a obrigatoriedade do cumprimento da meta 19, acima descrita, que estabelece crit\u00e9rios para escolha de diretores para as escolas p\u00fablicas observando quest\u00f5es de m\u00e9rito e desempenho, claramente organizados e estabelecidos na Lei a ser analisada.<\/div>\n<\/div>\n<div class=\"x11i5rnm xat24cr x1mh8g0r x1vvkbs xtlvy1s x126k92a\">\n<div dir=\"auto\">Em face da promulga\u00e7\u00e3o da Emenda Constitucional n\u00ba108\/2020, que transformou o FUNDEB em um instrumento permanente de financiamento da educa\u00e7\u00e3o b\u00e1sica p\u00fablica no Brasil e da publica\u00e7\u00e3o da Lei 14113\/2020, o FUNDEB passou a contar com tr\u00eas modalidades de repasses:<\/div>\n<\/div>\n<div class=\"x11i5rnm xat24cr x1mh8g0r x1vvkbs xtlvy1s x126k92a\">\n<div dir=\"auto\">&#8211; VAAF &#8211; Valor Anual por Aluno \u2013 valor vinculado ao n\u00famero de alunos matriculados na rede de ensino. (Ira\u00ed recebe)<\/div>\n<\/div>\n<div class=\"x11i5rnm xat24cr x1mh8g0r x1vvkbs xtlvy1s x126k92a\">\n<div dir=\"auto\">&#8211; VAAT \u2013 Valor Anual Total por Aluno- valor complementar para os munic\u00edpios que n\u00e3o recebem o valor m\u00ednimo do FUNDEB, por aluno. (N\u00e3o \u00e9 o caso de Ira\u00ed)<\/div>\n<\/div>\n<div class=\"x11i5rnm xat24cr x1mh8g0r x1vvkbs xtlvy1s x126k92a\">\n<div dir=\"auto\">&#8211; VAAR &#8211; Valor Anual por Aluno Resultado\/Rendimento \u2013 Valor complementar que munic\u00edpios habilitados concorrem.<\/div>\n<\/div>\n<div class=\"x11i5rnm xat24cr x1mh8g0r x1vvkbs xtlvy1s x126k92a\">\n<div dir=\"auto\">Para estar legalmente habilitado e concorrer aos recursos do VAAR, os munic\u00edpios precisam atender alguns requisitos legais estabelecidos, como o cumprimento da Meta 19 do Plano Nacional e Plano Municipal de Educa\u00e7\u00e3o, no caso, a Lei de Gest\u00e3o Democr\u00e1tica prevendo os crit\u00e9rios para escolha de diretores de escola com base em crit\u00e9rios de m\u00e9rito e desempenho.<\/div>\n<\/div>\n<div class=\"x11i5rnm xat24cr x1mh8g0r x1vvkbs xtlvy1s x126k92a\">\n<div dir=\"auto\">O Executivo ainda informou que a Lei da Gest\u00e3o Democr\u00e1tica do Ensino P\u00fablico de Ira\u00ed j\u00e1 foi analisada e aprovada pelo Conselho Municipal de Educa\u00e7\u00e3o (CME).<\/div>\n<div dir=\"auto\"><img fetchpriority=\"high\" decoding=\"async\" class=\"alignnone size-medium wp-image-27556\" src=\"https:\/\/uvbbrasil.com.br\/wp-content\/uploads\/2022\/11\/314224817_559015279566583_4081443072641928785_n-300x225.jpg\" alt=\"\" width=\"300\" height=\"225\" srcset=\"https:\/\/uvbbrasil.com.br\/wp-content\/uploads\/2022\/11\/314224817_559015279566583_4081443072641928785_n-300x225.jpg 300w, https:\/\/uvbbrasil.com.br\/wp-content\/uploads\/2022\/11\/314224817_559015279566583_4081443072641928785_n-1024x768.jpg 1024w, https:\/\/uvbbrasil.com.br\/wp-content\/uploads\/2022\/11\/314224817_559015279566583_4081443072641928785_n-768x576.jpg 768w, https:\/\/uvbbrasil.com.br\/wp-content\/uploads\/2022\/11\/314224817_559015279566583_4081443072641928785_n-1536x1152.jpg 1536w, https:\/\/uvbbrasil.com.br\/wp-content\/uploads\/2022\/11\/314224817_559015279566583_4081443072641928785_n.jpg 2048w\" sizes=\"(max-width: 300px) 100vw, 300px\" \/><\/div>\n<\/div>\n","protected":false},"excerpt":{"rendered":"<p>O Poder Legislativo aprovou por unanimidade o Projeto de Lei 054\/2022, que disp\u00f5e sobre a gest\u00e3o democr\u00e1tica no sistema de&#8230;<\/p>\n","protected":false},"author":1,"featured_media":27556,"comment_status":"open","ping_status":"open","sticky":false,"template":"","format":"standard","meta":{"footnotes":""},"categories":[3],"tags":[],"class_list":["post-27555","post","type-post","status-publish","format-standard","has-post-thumbnail","hentry","category-noticias"],"yoast_head":"<!-- This site is optimized with the Yoast SEO plugin v26.7 - https:\/\/yoast.com\/wordpress\/plugins\/seo\/ -->\n<title>C\u00e2mara aprova lei sobre gest\u00e3o democr\u00e1tica no ensino sistema de ensino de Ira\u00ed - UVB Brasil<\/title>\n<meta name=\"robots\" content=\"index, follow, max-snippet:-1, max-image-preview:large, max-video-preview:-1\" \/>\n<link rel=\"canonical\" href=\"https:\/\/uvbbrasil.com.br\/camara-aprova-lei-sobre-gestao-democratica-no-ensino-sistema-de-ensino-de-irai\/\" \/>\n<meta property=\"og:locale\" content=\"pt_BR\" \/>\n<meta property=\"og:type\" content=\"article\" \/>\n<meta property=\"og:title\" content=\"C\u00e2mara aprova lei sobre gest\u00e3o democr\u00e1tica no ensino sistema de ensino de Ira\u00ed - UVB Brasil\" \/>\n<meta property=\"og:description\" content=\"O Poder Legislativo aprovou por unanimidade o Projeto de Lei 054\/2022, que disp\u00f5e sobre a gest\u00e3o democr\u00e1tica no sistema de...\" \/>\n<meta property=\"og:url\" content=\"https:\/\/uvbbrasil.com.br\/camara-aprova-lei-sobre-gestao-democratica-no-ensino-sistema-de-ensino-de-irai\/\" \/>\n<meta property=\"og:site_name\" content=\"UVB Brasil\" \/>\n<meta property=\"article:publisher\" content=\"https:\/\/www.facebook.com\/uvb.vereadoresbrasil\" \/>\n<meta property=\"article:published_time\" content=\"2022-11-03T18:46:45+00:00\" \/>\n<meta property=\"og:image\" content=\"https:\/\/uvbbrasil.com.br\/wp-content\/uploads\/2022\/11\/314224817_559015279566583_4081443072641928785_n.jpg\" \/>\n\t<meta property=\"og:image:width\" content=\"2048\" \/>\n\t<meta property=\"og:image:height\" content=\"1536\" \/>\n\t<meta property=\"og:image:type\" content=\"image\/jpeg\" \/>\n<meta name=\"author\" content=\"adminuvb\" \/>\n<meta name=\"twitter:card\" content=\"summary_large_image\" \/>\n<meta name=\"twitter:label1\" content=\"Escrito por\" \/>\n\t<meta name=\"twitter:data1\" content=\"adminuvb\" \/>\n\t<meta name=\"twitter:label2\" content=\"Est. tempo de leitura\" \/>\n\t<meta name=\"twitter:data2\" content=\"3 minutos\" \/>\n<script type=\"application\/ld+json\" class=\"yoast-schema-graph\">{\"@context\":\"https:\/\/schema.org\",\"@graph\":[{\"@type\":\"Article\",\"@id\":\"https:\/\/uvbbrasil.com.br\/camara-aprova-lei-sobre-gestao-democratica-no-ensino-sistema-de-ensino-de-irai\/#article\",\"isPartOf\":{\"@id\":\"https:\/\/uvbbrasil.com.br\/camara-aprova-lei-sobre-gestao-democratica-no-ensino-sistema-de-ensino-de-irai\/\"},\"author\":{\"name\":\"adminuvb\",\"@id\":\"https:\/\/uvbbrasil.com.br\/#\/schema\/person\/17990098446c098f52effddff4f1b272\"},\"headline\":\"C\u00e2mara aprova lei sobre gest\u00e3o democr\u00e1tica no ensino sistema de ensino de Ira\u00ed\",\"datePublished\":\"2022-11-03T18:46:45+00:00\",\"mainEntityOfPage\":{\"@id\":\"https:\/\/uvbbrasil.com.br\/camara-aprova-lei-sobre-gestao-democratica-no-ensino-sistema-de-ensino-de-irai\/\"},\"wordCount\":568,\"commentCount\":0,\"publisher\":{\"@id\":\"https:\/\/uvbbrasil.com.br\/#organization\"},\"image\":{\"@id\":\"https:\/\/uvbbrasil.com.br\/camara-aprova-lei-sobre-gestao-democratica-no-ensino-sistema-de-ensino-de-irai\/#primaryimage\"},\"thumbnailUrl\":\"https:\/\/uvbbrasil.com.br\/wp-content\/uploads\/2022\/11\/314224817_559015279566583_4081443072641928785_n.jpg\",\"articleSection\":[\"NOT\u00cdCIAS\"],\"inLanguage\":\"pt-BR\",\"potentialAction\":[{\"@type\":\"CommentAction\",\"name\":\"Comment\",\"target\":[\"https:\/\/uvbbrasil.com.br\/camara-aprova-lei-sobre-gestao-democratica-no-ensino-sistema-de-ensino-de-irai\/#respond\"]}]},{\"@type\":\"WebPage\",\"@id\":\"https:\/\/uvbbrasil.com.br\/camara-aprova-lei-sobre-gestao-democratica-no-ensino-sistema-de-ensino-de-irai\/\",\"url\":\"https:\/\/uvbbrasil.com.br\/camara-aprova-lei-sobre-gestao-democratica-no-ensino-sistema-de-ensino-de-irai\/\",\"name\":\"C\u00e2mara aprova lei sobre gest\u00e3o democr\u00e1tica no ensino sistema de ensino de Ira\u00ed - UVB Brasil\",\"isPartOf\":{\"@id\":\"https:\/\/uvbbrasil.com.br\/#website\"},\"primaryImageOfPage\":{\"@id\":\"https:\/\/uvbbrasil.com.br\/camara-aprova-lei-sobre-gestao-democratica-no-ensino-sistema-de-ensino-de-irai\/#primaryimage\"},\"image\":{\"@id\":\"https:\/\/uvbbrasil.com.br\/camara-aprova-lei-sobre-gestao-democratica-no-ensino-sistema-de-ensino-de-irai\/#primaryimage\"},\"thumbnailUrl\":\"https:\/\/uvbbrasil.com.br\/wp-content\/uploads\/2022\/11\/314224817_559015279566583_4081443072641928785_n.jpg\",\"datePublished\":\"2022-11-03T18:46:45+00:00\",\"breadcrumb\":{\"@id\":\"https:\/\/uvbbrasil.com.br\/camara-aprova-lei-sobre-gestao-democratica-no-ensino-sistema-de-ensino-de-irai\/#breadcrumb\"},\"inLanguage\":\"pt-BR\",\"potentialAction\":[{\"@type\":\"ReadAction\",\"target\":[\"https:\/\/uvbbrasil.com.br\/camara-aprova-lei-sobre-gestao-democratica-no-ensino-sistema-de-ensino-de-irai\/\"]}]},{\"@type\":\"ImageObject\",\"inLanguage\":\"pt-BR\",\"@id\":\"https:\/\/uvbbrasil.com.br\/camara-aprova-lei-sobre-gestao-democratica-no-ensino-sistema-de-ensino-de-irai\/#primaryimage\",\"url\":\"https:\/\/uvbbrasil.com.br\/wp-content\/uploads\/2022\/11\/314224817_559015279566583_4081443072641928785_n.jpg\",\"contentUrl\":\"https:\/\/uvbbrasil.com.br\/wp-content\/uploads\/2022\/11\/314224817_559015279566583_4081443072641928785_n.jpg\",\"width\":2048,\"height\":1536},{\"@type\":\"BreadcrumbList\",\"@id\":\"https:\/\/uvbbrasil.com.br\/camara-aprova-lei-sobre-gestao-democratica-no-ensino-sistema-de-ensino-de-irai\/#breadcrumb\",\"itemListElement\":[{\"@type\":\"ListItem\",\"position\":1,\"name\":\"In\u00edcio\",\"item\":\"https:\/\/uvbbrasil.com.br\/\"},{\"@type\":\"ListItem\",\"position\":2,\"name\":\"C\u00e2mara aprova lei sobre gest\u00e3o democr\u00e1tica no ensino sistema de ensino de Ira\u00ed\"}]},{\"@type\":\"WebSite\",\"@id\":\"https:\/\/uvbbrasil.com.br\/#website\",\"url\":\"https:\/\/uvbbrasil.com.br\/\",\"name\":\"UVB Brasil\",\"description\":\"Uni\u00e3o dos Vereadores do Brasil\",\"publisher\":{\"@id\":\"https:\/\/uvbbrasil.com.br\/#organization\"},\"potentialAction\":[{\"@type\":\"SearchAction\",\"target\":{\"@type\":\"EntryPoint\",\"urlTemplate\":\"https:\/\/uvbbrasil.com.br\/?s={search_term_string}\"},\"query-input\":{\"@type\":\"PropertyValueSpecification\",\"valueRequired\":true,\"valueName\":\"search_term_string\"}}],\"inLanguage\":\"pt-BR\"},{\"@type\":\"Organization\",\"@id\":\"https:\/\/uvbbrasil.com.br\/#organization\",\"name\":\"UVB Brasil\",\"url\":\"https:\/\/uvbbrasil.com.br\/\",\"logo\":{\"@type\":\"ImageObject\",\"inLanguage\":\"pt-BR\",\"@id\":\"https:\/\/uvbbrasil.com.br\/#\/schema\/logo\/image\/\",\"url\":\"https:\/\/uvbbrasil.com.br\/wp-content\/uploads\/2025\/01\/LOGO-UVB-2024-azul-1.jpg\",\"contentUrl\":\"https:\/\/uvbbrasil.com.br\/wp-content\/uploads\/2025\/01\/LOGO-UVB-2024-azul-1.jpg\",\"width\":600,\"height\":211,\"caption\":\"UVB Brasil\"},\"image\":{\"@id\":\"https:\/\/uvbbrasil.com.br\/#\/schema\/logo\/image\/\"},\"sameAs\":[\"https:\/\/www.facebook.com\/uvb.vereadoresbrasil\",\"https:\/\/www.instagram.com\/uvbbrasil\/\",\"https:\/\/www.youtube.com\/channel\/UCIlPQ8Xzw5GHNzosQIg9S5A\"]},{\"@type\":\"Person\",\"@id\":\"https:\/\/uvbbrasil.com.br\/#\/schema\/person\/17990098446c098f52effddff4f1b272\",\"name\":\"adminuvb\",\"image\":{\"@type\":\"ImageObject\",\"inLanguage\":\"pt-BR\",\"@id\":\"https:\/\/uvbbrasil.com.br\/#\/schema\/person\/image\/\",\"url\":\"https:\/\/secure.gravatar.com\/avatar\/1a494ea6f8e2dd1ae526e55b0e9497efdba542491e0620d704cccf63c6f77c45?s=96&d=mm&r=g\",\"contentUrl\":\"https:\/\/secure.gravatar.com\/avatar\/1a494ea6f8e2dd1ae526e55b0e9497efdba542491e0620d704cccf63c6f77c45?s=96&d=mm&r=g\",\"caption\":\"adminuvb\"},\"sameAs\":[\"https:\/\/uvbbrasil.com.br\"],\"url\":\"https:\/\/uvbbrasil.com.br\/author\/adminuvb\/\"}]}<\/script>\n<!-- \/ Yoast SEO plugin. -->","yoast_head_json":{"title":"C\u00e2mara aprova lei sobre gest\u00e3o democr\u00e1tica no ensino sistema de ensino de Ira\u00ed - UVB Brasil","robots":{"index":"index","follow":"follow","max-snippet":"max-snippet:-1","max-image-preview":"max-image-preview:large","max-video-preview":"max-video-preview:-1"},"canonical":"https:\/\/uvbbrasil.com.br\/camara-aprova-lei-sobre-gestao-democratica-no-ensino-sistema-de-ensino-de-irai\/","og_locale":"pt_BR","og_type":"article","og_title":"C\u00e2mara aprova lei sobre gest\u00e3o democr\u00e1tica no ensino sistema de ensino de Ira\u00ed - UVB Brasil","og_description":"O Poder Legislativo aprovou por unanimidade o Projeto de Lei 054\/2022, que disp\u00f5e sobre a gest\u00e3o democr\u00e1tica no sistema de...","og_url":"https:\/\/uvbbrasil.com.br\/camara-aprova-lei-sobre-gestao-democratica-no-ensino-sistema-de-ensino-de-irai\/","og_site_name":"UVB Brasil","article_publisher":"https:\/\/www.facebook.com\/uvb.vereadoresbrasil","article_published_time":"2022-11-03T18:46:45+00:00","og_image":[{"width":2048,"height":1536,"url":"https:\/\/uvbbrasil.com.br\/wp-content\/uploads\/2022\/11\/314224817_559015279566583_4081443072641928785_n.jpg","type":"image\/jpeg"}],"author":"adminuvb","twitter_card":"summary_large_image","twitter_misc":{"Escrito por":"adminuvb","Est. tempo de leitura":"3 minutos"},"schema":{"@context":"https:\/\/schema.org","@graph":[{"@type":"Article","@id":"https:\/\/uvbbrasil.com.br\/camara-aprova-lei-sobre-gestao-democratica-no-ensino-sistema-de-ensino-de-irai\/#article","isPartOf":{"@id":"https:\/\/uvbbrasil.com.br\/camara-aprova-lei-sobre-gestao-democratica-no-ensino-sistema-de-ensino-de-irai\/"},"author":{"name":"adminuvb","@id":"https:\/\/uvbbrasil.com.br\/#\/schema\/person\/17990098446c098f52effddff4f1b272"},"headline":"C\u00e2mara aprova lei sobre gest\u00e3o democr\u00e1tica no ensino sistema de ensino de Ira\u00ed","datePublished":"2022-11-03T18:46:45+00:00","mainEntityOfPage":{"@id":"https:\/\/uvbbrasil.com.br\/camara-aprova-lei-sobre-gestao-democratica-no-ensino-sistema-de-ensino-de-irai\/"},"wordCount":568,"commentCount":0,"publisher":{"@id":"https:\/\/uvbbrasil.com.br\/#organization"},"image":{"@id":"https:\/\/uvbbrasil.com.br\/camara-aprova-lei-sobre-gestao-democratica-no-ensino-sistema-de-ensino-de-irai\/#primaryimage"},"thumbnailUrl":"https:\/\/uvbbrasil.com.br\/wp-content\/uploads\/2022\/11\/314224817_559015279566583_4081443072641928785_n.jpg","articleSection":["NOT\u00cdCIAS"],"inLanguage":"pt-BR","potentialAction":[{"@type":"CommentAction","name":"Comment","target":["https:\/\/uvbbrasil.com.br\/camara-aprova-lei-sobre-gestao-democratica-no-ensino-sistema-de-ensino-de-irai\/#respond"]}]},{"@type":"WebPage","@id":"https:\/\/uvbbrasil.com.br\/camara-aprova-lei-sobre-gestao-democratica-no-ensino-sistema-de-ensino-de-irai\/","url":"https:\/\/uvbbrasil.com.br\/camara-aprova-lei-sobre-gestao-democratica-no-ensino-sistema-de-ensino-de-irai\/","name":"C\u00e2mara aprova lei sobre gest\u00e3o democr\u00e1tica no ensino sistema de ensino de Ira\u00ed - UVB Brasil","isPartOf":{"@id":"https:\/\/uvbbrasil.com.br\/#website"},"primaryImageOfPage":{"@id":"https:\/\/uvbbrasil.com.br\/camara-aprova-lei-sobre-gestao-democratica-no-ensino-sistema-de-ensino-de-irai\/#primaryimage"},"image":{"@id":"https:\/\/uvbbrasil.com.br\/camara-aprova-lei-sobre-gestao-democratica-no-ensino-sistema-de-ensino-de-irai\/#primaryimage"},"thumbnailUrl":"https:\/\/uvbbrasil.com.br\/wp-content\/uploads\/2022\/11\/314224817_559015279566583_4081443072641928785_n.jpg","datePublished":"2022-11-03T18:46:45+00:00","breadcrumb":{"@id":"https:\/\/uvbbrasil.com.br\/camara-aprova-lei-sobre-gestao-democratica-no-ensino-sistema-de-ensino-de-irai\/#breadcrumb"},"inLanguage":"pt-BR","potentialAction":[{"@type":"ReadAction","target":["https:\/\/uvbbrasil.com.br\/camara-aprova-lei-sobre-gestao-democratica-no-ensino-sistema-de-ensino-de-irai\/"]}]},{"@type":"ImageObject","inLanguage":"pt-BR","@id":"https:\/\/uvbbrasil.com.br\/camara-aprova-lei-sobre-gestao-democratica-no-ensino-sistema-de-ensino-de-irai\/#primaryimage","url":"https:\/\/uvbbrasil.com.br\/wp-content\/uploads\/2022\/11\/314224817_559015279566583_4081443072641928785_n.jpg","contentUrl":"https:\/\/uvbbrasil.com.br\/wp-content\/uploads\/2022\/11\/314224817_559015279566583_4081443072641928785_n.jpg","width":2048,"height":1536},{"@type":"BreadcrumbList","@id":"https:\/\/uvbbrasil.com.br\/camara-aprova-lei-sobre-gestao-democratica-no-ensino-sistema-de-ensino-de-irai\/#breadcrumb","itemListElement":[{"@type":"ListItem","position":1,"name":"In\u00edcio","item":"https:\/\/uvbbrasil.com.br\/"},{"@type":"ListItem","position":2,"name":"C\u00e2mara aprova lei sobre gest\u00e3o democr\u00e1tica no ensino sistema de ensino de Ira\u00ed"}]},{"@type":"WebSite","@id":"https:\/\/uvbbrasil.com.br\/#website","url":"https:\/\/uvbbrasil.com.br\/","name":"UVB Brasil","description":"Uni\u00e3o dos Vereadores do Brasil","publisher":{"@id":"https:\/\/uvbbrasil.com.br\/#organization"},"potentialAction":[{"@type":"SearchAction","target":{"@type":"EntryPoint","urlTemplate":"https:\/\/uvbbrasil.com.br\/?s={search_term_string}"},"query-input":{"@type":"PropertyValueSpecification","valueRequired":true,"valueName":"search_term_string"}}],"inLanguage":"pt-BR"},{"@type":"Organization","@id":"https:\/\/uvbbrasil.com.br\/#organization","name":"UVB Brasil","url":"https:\/\/uvbbrasil.com.br\/","logo":{"@type":"ImageObject","inLanguage":"pt-BR","@id":"https:\/\/uvbbrasil.com.br\/#\/schema\/logo\/image\/","url":"https:\/\/uvbbrasil.com.br\/wp-content\/uploads\/2025\/01\/LOGO-UVB-2024-azul-1.jpg","contentUrl":"https:\/\/uvbbrasil.com.br\/wp-content\/uploads\/2025\/01\/LOGO-UVB-2024-azul-1.jpg","width":600,"height":211,"caption":"UVB Brasil"},"image":{"@id":"https:\/\/uvbbrasil.com.br\/#\/schema\/logo\/image\/"},"sameAs":["https:\/\/www.facebook.com\/uvb.vereadoresbrasil","https:\/\/www.instagram.com\/uvbbrasil\/","https:\/\/www.youtube.com\/channel\/UCIlPQ8Xzw5GHNzosQIg9S5A"]},{"@type":"Person","@id":"https:\/\/uvbbrasil.com.br\/#\/schema\/person\/17990098446c098f52effddff4f1b272","name":"adminuvb","image":{"@type":"ImageObject","inLanguage":"pt-BR","@id":"https:\/\/uvbbrasil.com.br\/#\/schema\/person\/image\/","url":"https:\/\/secure.gravatar.com\/avatar\/1a494ea6f8e2dd1ae526e55b0e9497efdba542491e0620d704cccf63c6f77c45?s=96&d=mm&r=g","contentUrl":"https:\/\/secure.gravatar.com\/avatar\/1a494ea6f8e2dd1ae526e55b0e9497efdba542491e0620d704cccf63c6f77c45?s=96&d=mm&r=g","caption":"adminuvb"},"sameAs":["https:\/\/uvbbrasil.com.br"],"url":"https:\/\/uvbbrasil.com.br\/author\/adminuvb\/"}]}},"_links":{"self":[{"href":"https:\/\/uvbbrasil.com.br\/uvb-json\/wp\/v2\/posts\/27555","targetHints":{"allow":["GET"]}}],"collection":[{"href":"https:\/\/uvbbrasil.com.br\/uvb-json\/wp\/v2\/posts"}],"about":[{"href":"https:\/\/uvbbrasil.com.br\/uvb-json\/wp\/v2\/types\/post"}],"author":[{"embeddable":true,"href":"https:\/\/uvbbrasil.com.br\/uvb-json\/wp\/v2\/users\/1"}],"replies":[{"embeddable":true,"href":"https:\/\/uvbbrasil.com.br\/uvb-json\/wp\/v2\/comments?post=27555"}],"version-history":[{"count":0,"href":"https:\/\/uvbbrasil.com.br\/uvb-json\/wp\/v2\/posts\/27555\/revisions"}],"wp:featuredmedia":[{"embeddable":true,"href":"https:\/\/uvbbrasil.com.br\/uvb-json\/wp\/v2\/media\/27556"}],"wp:attachment":[{"href":"https:\/\/uvbbrasil.com.br\/uvb-json\/wp\/v2\/media?parent=27555"}],"wp:term":[{"taxonomy":"category","embeddable":true,"href":"https:\/\/uvbbrasil.com.br\/uvb-json\/wp\/v2\/categories?post=27555"},{"taxonomy":"post_tag","embeddable":true,"href":"https:\/\/uvbbrasil.com.br\/uvb-json\/wp\/v2\/tags?post=27555"}],"curies":[{"name":"wp","href":"https:\/\/api.w.org\/{rel}","templated":true}]}}