{"id":27522,"date":"2022-10-29T07:30:06","date_gmt":"2022-10-29T10:30:06","guid":{"rendered":"https:\/\/wpsandbox4.pante.com.br\/?p=27522"},"modified":"2022-10-29T07:30:06","modified_gmt":"2022-10-29T10:30:06","slug":"pacheco-anuncia-votacao-em-novembro-de-projeto-para-custear-piso-da-enfermagem","status":"publish","type":"post","link":"https:\/\/uvbbrasil.com.br\/pacheco-anuncia-votacao-em-novembro-de-projeto-para-custear-piso-da-enfermagem\/","title":{"rendered":"Pacheco anuncia vota\u00e7\u00e3o em novembro de projeto para custear piso da enfermagem"},"content":{"rendered":"<p>O presidente do Senado, Rodrigo Pacheco, anunciou na ter\u00e7a-feira (25) que o projeto que reabre o prazo de ades\u00e3o ao programa de repatria\u00e7\u00e3o de recursos n\u00e3o declarados retornar\u00e1 a pauta de vota\u00e7\u00e3o do Plen\u00e1rio no in\u00edcio de novembro. De autoria do pr\u00f3prio Pacheco, o\u00a0<a class=\"external-link\" title=\"\" href=\"http:\/\/www25.senado.leg.br\/web\/atividade\/materias\/-\/materia\/147279\" target=\"_blank\" rel=\"noopener\">PL 798\/2021<\/a>\u00a0se soma a<a class=\"external-link\" title=\"\" href=\"https:\/\/www12.senado.leg.br\/noticias\/materias\/2022\/09\/19\/pacheco-apresenta-medidas-para-financiar-piso-dos-enfermeiros\" target=\"_blank\" rel=\"noopener\"> outras iniciativas<\/a> j\u00e1 aprovadas pela Casa destinadas ao pagamento do piso nacional da enfermagem.<\/p>\n<p>\u2014 J\u00e1 na pr\u00f3xima semana, na reuni\u00e3o de l\u00edderes, n\u00f3s vamos fazer uma programa\u00e7\u00e3o em que esse projeto estar\u00e1 j\u00e1, na primeira quinzena de novembro, acredito eu, sendo apreciado pelo Senado Federal para que possa ser um dos pilares das fontes de custeio para a fixa\u00e7\u00e3o definitiva do piso nacional da enfermagem \u2014 afirmou durante sess\u00e3o em Plen\u00e1rio.<\/p>\n<p>A mat\u00e9ria recebeu parecer favor\u00e1vel do relator, senador Renan Calheiros (MDB-AL), e chegou a ser inclu\u00edda na pauta de vota\u00e7\u00f5es do dia 6 de outubro. No entanto, alguns senadores defendem mudan\u00e7as no texto antes de ser levado para an\u00e1lise final em Plen\u00e1rio. O l\u00edder do governo, senador Carlos Portinho (PL-RJ), argumentou que a norma precisa ser atrativa.<\/p>\n<p>\u2014 A minha preocupa\u00e7\u00e3o \u00e9 que n\u00f3s n\u00e3o reedit\u00e1ssemos o igual texto do segundo projeto de repatria\u00e7\u00e3o, porque ele n\u00e3o foi atrativo, ao contr\u00e1rio do primeiro projeto, que trouxe milh\u00f5es [de reais] de divisas de volta para o nosso pa\u00eds e gerou, com a arrecada\u00e7\u00e3o de impostos e recursos. O segundo [projeto] n\u00e3o foi atrativo para chamar esses recursos de volta para o pa\u00eds. E eu estou preocupado, porque o que queremos aqui \u00e9 que os recursos que est\u00e3o l\u00e1 fora venham, que sejam pagos os impostos e que esses impostos revertam para estados e munic\u00edpios poderem honrar o compromisso justo que n\u00f3s aqui acordamos com a enfermagem em geral do nosso pa\u00eds \u2014 explicou.<\/p>\n<p>O programa de repatria\u00e7\u00e3o de recursos foi criado em 2016 (<a class=\"external-link\" title=\"\" href=\"http:\/\/normas.leg.br\/?urn=urn:lex:br:federal:lei:2016-01-13;13254\" target=\"_blank\" rel=\"noopener\">Lei 13.254, de 2016<\/a>) e, at\u00e9 o fim de 2017, trouxe de volta ao Brasil cerca de R$ 175 bilh\u00f5es. O novo projeto reabre por 120 dias o prazo para que o interessado possa aderir ao Regime Especial de Regulariza\u00e7\u00e3o Cambial e Tribut\u00e1ria (RERCT).<\/p>\n<p>O texto deixa claro que o contribuinte que aderir ao RERCT dever\u00e1 identificar a origem dos bens e declarar que os valores t\u00eam origem em atividade econ\u00f4mica l\u00edcita, sem obrigatoriedade de comprova\u00e7\u00e3o. Assim, o \u00f4nus da prova de demonstrar que as informa\u00e7\u00f5es prestadas s\u00e3o falsas recai, em qualquer tempo, sobre a Receita Federal.<\/p>\n<p><img fetchpriority=\"high\" decoding=\"async\" class=\"alignnone size-medium wp-image-27523\" src=\"https:\/\/uvbbrasil.com.br\/wp-content\/uploads\/2022\/10\/imagem_materia-1-1-300x199.jpg\" alt=\"\" width=\"300\" height=\"199\" srcset=\"https:\/\/uvbbrasil.com.br\/wp-content\/uploads\/2022\/10\/imagem_materia-1-1-300x199.jpg 300w, https:\/\/uvbbrasil.com.br\/wp-content\/uploads\/2022\/10\/imagem_materia-1-1-768x509.jpg 768w, https:\/\/uvbbrasil.com.br\/wp-content\/uploads\/2022\/10\/imagem_materia-1-1.jpg 860w\" sizes=\"(max-width: 300px) 100vw, 300px\" \/><\/p>\n<p>Fonte: Ag\u00eancia Senado<\/p>\n<p>&nbsp;<\/p>\n","protected":false},"excerpt":{"rendered":"<p>O presidente do Senado, Rodrigo Pacheco, anunciou na ter\u00e7a-feira (25) que o projeto que reabre o prazo de ades\u00e3o ao&#8230;<\/p>\n","protected":false},"author":1,"featured_media":27523,"comment_status":"open","ping_status":"open","sticky":false,"template":"","format":"standard","meta":{"footnotes":""},"categories":[3],"tags":[],"class_list":["post-27522","post","type-post","status-publish","format-standard","has-post-thumbnail","hentry","category-noticias"],"yoast_head":"<!-- This site is optimized with the Yoast SEO plugin v27.5 - https:\/\/yoast.com\/product\/yoast-seo-wordpress\/ -->\n<title>Pacheco anuncia vota\u00e7\u00e3o em novembro de projeto para custear piso da enfermagem - UVB Brasil<\/title>\n<meta name=\"robots\" content=\"index, follow, max-snippet:-1, max-image-preview:large, max-video-preview:-1\" \/>\n<link rel=\"canonical\" href=\"https:\/\/uvbbrasil.com.br\/pacheco-anuncia-votacao-em-novembro-de-projeto-para-custear-piso-da-enfermagem\/\" \/>\n<meta property=\"og:locale\" content=\"pt_BR\" \/>\n<meta property=\"og:type\" content=\"article\" \/>\n<meta property=\"og:title\" content=\"Pacheco anuncia vota\u00e7\u00e3o em novembro de projeto para custear piso da enfermagem - UVB Brasil\" \/>\n<meta property=\"og:description\" content=\"O presidente do Senado, Rodrigo Pacheco, anunciou na ter\u00e7a-feira (25) que o projeto que reabre o prazo de ades\u00e3o ao...\" \/>\n<meta property=\"og:url\" content=\"https:\/\/uvbbrasil.com.br\/pacheco-anuncia-votacao-em-novembro-de-projeto-para-custear-piso-da-enfermagem\/\" \/>\n<meta property=\"og:site_name\" content=\"UVB Brasil\" \/>\n<meta property=\"article:publisher\" content=\"https:\/\/www.facebook.com\/uvb.vereadoresbrasil\" \/>\n<meta property=\"article:published_time\" content=\"2022-10-29T10:30:06+00:00\" \/>\n<meta property=\"og:image\" content=\"https:\/\/uvbbrasil.com.br\/wp-content\/uploads\/2022\/10\/imagem_materia-1-1.jpg\" \/>\n\t<meta property=\"og:image:width\" content=\"860\" \/>\n\t<meta property=\"og:image:height\" content=\"570\" \/>\n\t<meta property=\"og:image:type\" content=\"image\/jpeg\" \/>\n<meta name=\"author\" content=\"adminuvb\" \/>\n<meta name=\"twitter:card\" content=\"summary_large_image\" \/>\n<meta name=\"twitter:label1\" content=\"Escrito por\" \/>\n\t<meta name=\"twitter:data1\" content=\"adminuvb\" \/>\n\t<meta name=\"twitter:label2\" content=\"Est. tempo de leitura\" \/>\n\t<meta name=\"twitter:data2\" content=\"2 minutos\" \/>\n<script type=\"application\/ld+json\" class=\"yoast-schema-graph\">{\"@context\":\"https:\\\/\\\/schema.org\",\"@graph\":[{\"@type\":\"Article\",\"@id\":\"https:\\\/\\\/uvbbrasil.com.br\\\/pacheco-anuncia-votacao-em-novembro-de-projeto-para-custear-piso-da-enfermagem\\\/#article\",\"isPartOf\":{\"@id\":\"https:\\\/\\\/uvbbrasil.com.br\\\/pacheco-anuncia-votacao-em-novembro-de-projeto-para-custear-piso-da-enfermagem\\\/\"},\"author\":{\"name\":\"adminuvb\",\"@id\":\"https:\\\/\\\/uvbbrasil.com.br\\\/#\\\/schema\\\/person\\\/17990098446c098f52effddff4f1b272\"},\"headline\":\"Pacheco anuncia vota\u00e7\u00e3o em novembro de projeto para custear piso da enfermagem\",\"datePublished\":\"2022-10-29T10:30:06+00:00\",\"mainEntityOfPage\":{\"@id\":\"https:\\\/\\\/uvbbrasil.com.br\\\/pacheco-anuncia-votacao-em-novembro-de-projeto-para-custear-piso-da-enfermagem\\\/\"},\"wordCount\":453,\"commentCount\":0,\"publisher\":{\"@id\":\"https:\\\/\\\/uvbbrasil.com.br\\\/#organization\"},\"image\":{\"@id\":\"https:\\\/\\\/uvbbrasil.com.br\\\/pacheco-anuncia-votacao-em-novembro-de-projeto-para-custear-piso-da-enfermagem\\\/#primaryimage\"},\"thumbnailUrl\":\"https:\\\/\\\/uvbbrasil.com.br\\\/wp-content\\\/uploads\\\/2022\\\/10\\\/imagem_materia-1-1.jpg\",\"articleSection\":[\"NOT\u00cdCIAS\"],\"inLanguage\":\"pt-BR\",\"potentialAction\":[{\"@type\":\"CommentAction\",\"name\":\"Comment\",\"target\":[\"https:\\\/\\\/uvbbrasil.com.br\\\/pacheco-anuncia-votacao-em-novembro-de-projeto-para-custear-piso-da-enfermagem\\\/#respond\"]}]},{\"@type\":\"WebPage\",\"@id\":\"https:\\\/\\\/uvbbrasil.com.br\\\/pacheco-anuncia-votacao-em-novembro-de-projeto-para-custear-piso-da-enfermagem\\\/\",\"url\":\"https:\\\/\\\/uvbbrasil.com.br\\\/pacheco-anuncia-votacao-em-novembro-de-projeto-para-custear-piso-da-enfermagem\\\/\",\"name\":\"Pacheco anuncia vota\u00e7\u00e3o em novembro de projeto para custear piso da enfermagem - UVB Brasil\",\"isPartOf\":{\"@id\":\"https:\\\/\\\/uvbbrasil.com.br\\\/#website\"},\"primaryImageOfPage\":{\"@id\":\"https:\\\/\\\/uvbbrasil.com.br\\\/pacheco-anuncia-votacao-em-novembro-de-projeto-para-custear-piso-da-enfermagem\\\/#primaryimage\"},\"image\":{\"@id\":\"https:\\\/\\\/uvbbrasil.com.br\\\/pacheco-anuncia-votacao-em-novembro-de-projeto-para-custear-piso-da-enfermagem\\\/#primaryimage\"},\"thumbnailUrl\":\"https:\\\/\\\/uvbbrasil.com.br\\\/wp-content\\\/uploads\\\/2022\\\/10\\\/imagem_materia-1-1.jpg\",\"datePublished\":\"2022-10-29T10:30:06+00:00\",\"breadcrumb\":{\"@id\":\"https:\\\/\\\/uvbbrasil.com.br\\\/pacheco-anuncia-votacao-em-novembro-de-projeto-para-custear-piso-da-enfermagem\\\/#breadcrumb\"},\"inLanguage\":\"pt-BR\",\"potentialAction\":[{\"@type\":\"ReadAction\",\"target\":[\"https:\\\/\\\/uvbbrasil.com.br\\\/pacheco-anuncia-votacao-em-novembro-de-projeto-para-custear-piso-da-enfermagem\\\/\"]}]},{\"@type\":\"ImageObject\",\"inLanguage\":\"pt-BR\",\"@id\":\"https:\\\/\\\/uvbbrasil.com.br\\\/pacheco-anuncia-votacao-em-novembro-de-projeto-para-custear-piso-da-enfermagem\\\/#primaryimage\",\"url\":\"https:\\\/\\\/uvbbrasil.com.br\\\/wp-content\\\/uploads\\\/2022\\\/10\\\/imagem_materia-1-1.jpg\",\"contentUrl\":\"https:\\\/\\\/uvbbrasil.com.br\\\/wp-content\\\/uploads\\\/2022\\\/10\\\/imagem_materia-1-1.jpg\",\"width\":860,\"height\":570},{\"@type\":\"BreadcrumbList\",\"@id\":\"https:\\\/\\\/uvbbrasil.com.br\\\/pacheco-anuncia-votacao-em-novembro-de-projeto-para-custear-piso-da-enfermagem\\\/#breadcrumb\",\"itemListElement\":[{\"@type\":\"ListItem\",\"position\":1,\"name\":\"In\u00edcio\",\"item\":\"https:\\\/\\\/uvbbrasil.com.br\\\/\"},{\"@type\":\"ListItem\",\"position\":2,\"name\":\"Pacheco anuncia vota\u00e7\u00e3o em novembro de projeto para custear piso da enfermagem\"}]},{\"@type\":\"WebSite\",\"@id\":\"https:\\\/\\\/uvbbrasil.com.br\\\/#website\",\"url\":\"https:\\\/\\\/uvbbrasil.com.br\\\/\",\"name\":\"UVB Brasil\",\"description\":\"Uni\u00e3o dos Vereadores do Brasil\",\"publisher\":{\"@id\":\"https:\\\/\\\/uvbbrasil.com.br\\\/#organization\"},\"potentialAction\":[{\"@type\":\"SearchAction\",\"target\":{\"@type\":\"EntryPoint\",\"urlTemplate\":\"https:\\\/\\\/uvbbrasil.com.br\\\/?s={search_term_string}\"},\"query-input\":{\"@type\":\"PropertyValueSpecification\",\"valueRequired\":true,\"valueName\":\"search_term_string\"}}],\"inLanguage\":\"pt-BR\"},{\"@type\":\"Organization\",\"@id\":\"https:\\\/\\\/uvbbrasil.com.br\\\/#organization\",\"name\":\"UVB Brasil\",\"url\":\"https:\\\/\\\/uvbbrasil.com.br\\\/\",\"logo\":{\"@type\":\"ImageObject\",\"inLanguage\":\"pt-BR\",\"@id\":\"https:\\\/\\\/uvbbrasil.com.br\\\/#\\\/schema\\\/logo\\\/image\\\/\",\"url\":\"https:\\\/\\\/uvbbrasil.com.br\\\/wp-content\\\/uploads\\\/2025\\\/01\\\/LOGO-UVB-2024-azul-1.jpg\",\"contentUrl\":\"https:\\\/\\\/uvbbrasil.com.br\\\/wp-content\\\/uploads\\\/2025\\\/01\\\/LOGO-UVB-2024-azul-1.jpg\",\"width\":600,\"height\":211,\"caption\":\"UVB Brasil\"},\"image\":{\"@id\":\"https:\\\/\\\/uvbbrasil.com.br\\\/#\\\/schema\\\/logo\\\/image\\\/\"},\"sameAs\":[\"https:\\\/\\\/www.facebook.com\\\/uvb.vereadoresbrasil\",\"https:\\\/\\\/www.instagram.com\\\/uvbbrasil\\\/\",\"https:\\\/\\\/www.youtube.com\\\/channel\\\/UCIlPQ8Xzw5GHNzosQIg9S5A\"]},{\"@type\":\"Person\",\"@id\":\"https:\\\/\\\/uvbbrasil.com.br\\\/#\\\/schema\\\/person\\\/17990098446c098f52effddff4f1b272\",\"name\":\"adminuvb\",\"image\":{\"@type\":\"ImageObject\",\"inLanguage\":\"pt-BR\",\"@id\":\"https:\\\/\\\/secure.gravatar.com\\\/avatar\\\/1a494ea6f8e2dd1ae526e55b0e9497efdba542491e0620d704cccf63c6f77c45?s=96&d=mm&r=g\",\"url\":\"https:\\\/\\\/secure.gravatar.com\\\/avatar\\\/1a494ea6f8e2dd1ae526e55b0e9497efdba542491e0620d704cccf63c6f77c45?s=96&d=mm&r=g\",\"contentUrl\":\"https:\\\/\\\/secure.gravatar.com\\\/avatar\\\/1a494ea6f8e2dd1ae526e55b0e9497efdba542491e0620d704cccf63c6f77c45?s=96&d=mm&r=g\",\"caption\":\"adminuvb\"},\"sameAs\":[\"https:\\\/\\\/uvbbrasil.com.br\"],\"url\":\"https:\\\/\\\/uvbbrasil.com.br\\\/author\\\/adminuvb\\\/\"}]}<\/script>\n<!-- \/ Yoast SEO plugin. -->","yoast_head_json":{"title":"Pacheco anuncia vota\u00e7\u00e3o em novembro de projeto para custear piso da enfermagem - UVB Brasil","robots":{"index":"index","follow":"follow","max-snippet":"max-snippet:-1","max-image-preview":"max-image-preview:large","max-video-preview":"max-video-preview:-1"},"canonical":"https:\/\/uvbbrasil.com.br\/pacheco-anuncia-votacao-em-novembro-de-projeto-para-custear-piso-da-enfermagem\/","og_locale":"pt_BR","og_type":"article","og_title":"Pacheco anuncia vota\u00e7\u00e3o em novembro de projeto para custear piso da enfermagem - UVB Brasil","og_description":"O presidente do Senado, Rodrigo Pacheco, anunciou na ter\u00e7a-feira (25) que o projeto que reabre o prazo de ades\u00e3o ao...","og_url":"https:\/\/uvbbrasil.com.br\/pacheco-anuncia-votacao-em-novembro-de-projeto-para-custear-piso-da-enfermagem\/","og_site_name":"UVB Brasil","article_publisher":"https:\/\/www.facebook.com\/uvb.vereadoresbrasil","article_published_time":"2022-10-29T10:30:06+00:00","og_image":[{"width":860,"height":570,"url":"https:\/\/uvbbrasil.com.br\/wp-content\/uploads\/2022\/10\/imagem_materia-1-1.jpg","type":"image\/jpeg"}],"author":"adminuvb","twitter_card":"summary_large_image","twitter_misc":{"Escrito por":"adminuvb","Est. tempo de leitura":"2 minutos"},"schema":{"@context":"https:\/\/schema.org","@graph":[{"@type":"Article","@id":"https:\/\/uvbbrasil.com.br\/pacheco-anuncia-votacao-em-novembro-de-projeto-para-custear-piso-da-enfermagem\/#article","isPartOf":{"@id":"https:\/\/uvbbrasil.com.br\/pacheco-anuncia-votacao-em-novembro-de-projeto-para-custear-piso-da-enfermagem\/"},"author":{"name":"adminuvb","@id":"https:\/\/uvbbrasil.com.br\/#\/schema\/person\/17990098446c098f52effddff4f1b272"},"headline":"Pacheco anuncia vota\u00e7\u00e3o em novembro de projeto para custear piso da enfermagem","datePublished":"2022-10-29T10:30:06+00:00","mainEntityOfPage":{"@id":"https:\/\/uvbbrasil.com.br\/pacheco-anuncia-votacao-em-novembro-de-projeto-para-custear-piso-da-enfermagem\/"},"wordCount":453,"commentCount":0,"publisher":{"@id":"https:\/\/uvbbrasil.com.br\/#organization"},"image":{"@id":"https:\/\/uvbbrasil.com.br\/pacheco-anuncia-votacao-em-novembro-de-projeto-para-custear-piso-da-enfermagem\/#primaryimage"},"thumbnailUrl":"https:\/\/uvbbrasil.com.br\/wp-content\/uploads\/2022\/10\/imagem_materia-1-1.jpg","articleSection":["NOT\u00cdCIAS"],"inLanguage":"pt-BR","potentialAction":[{"@type":"CommentAction","name":"Comment","target":["https:\/\/uvbbrasil.com.br\/pacheco-anuncia-votacao-em-novembro-de-projeto-para-custear-piso-da-enfermagem\/#respond"]}]},{"@type":"WebPage","@id":"https:\/\/uvbbrasil.com.br\/pacheco-anuncia-votacao-em-novembro-de-projeto-para-custear-piso-da-enfermagem\/","url":"https:\/\/uvbbrasil.com.br\/pacheco-anuncia-votacao-em-novembro-de-projeto-para-custear-piso-da-enfermagem\/","name":"Pacheco anuncia vota\u00e7\u00e3o em novembro de projeto para custear piso da enfermagem - UVB Brasil","isPartOf":{"@id":"https:\/\/uvbbrasil.com.br\/#website"},"primaryImageOfPage":{"@id":"https:\/\/uvbbrasil.com.br\/pacheco-anuncia-votacao-em-novembro-de-projeto-para-custear-piso-da-enfermagem\/#primaryimage"},"image":{"@id":"https:\/\/uvbbrasil.com.br\/pacheco-anuncia-votacao-em-novembro-de-projeto-para-custear-piso-da-enfermagem\/#primaryimage"},"thumbnailUrl":"https:\/\/uvbbrasil.com.br\/wp-content\/uploads\/2022\/10\/imagem_materia-1-1.jpg","datePublished":"2022-10-29T10:30:06+00:00","breadcrumb":{"@id":"https:\/\/uvbbrasil.com.br\/pacheco-anuncia-votacao-em-novembro-de-projeto-para-custear-piso-da-enfermagem\/#breadcrumb"},"inLanguage":"pt-BR","potentialAction":[{"@type":"ReadAction","target":["https:\/\/uvbbrasil.com.br\/pacheco-anuncia-votacao-em-novembro-de-projeto-para-custear-piso-da-enfermagem\/"]}]},{"@type":"ImageObject","inLanguage":"pt-BR","@id":"https:\/\/uvbbrasil.com.br\/pacheco-anuncia-votacao-em-novembro-de-projeto-para-custear-piso-da-enfermagem\/#primaryimage","url":"https:\/\/uvbbrasil.com.br\/wp-content\/uploads\/2022\/10\/imagem_materia-1-1.jpg","contentUrl":"https:\/\/uvbbrasil.com.br\/wp-content\/uploads\/2022\/10\/imagem_materia-1-1.jpg","width":860,"height":570},{"@type":"BreadcrumbList","@id":"https:\/\/uvbbrasil.com.br\/pacheco-anuncia-votacao-em-novembro-de-projeto-para-custear-piso-da-enfermagem\/#breadcrumb","itemListElement":[{"@type":"ListItem","position":1,"name":"In\u00edcio","item":"https:\/\/uvbbrasil.com.br\/"},{"@type":"ListItem","position":2,"name":"Pacheco anuncia vota\u00e7\u00e3o em novembro de projeto para custear piso da enfermagem"}]},{"@type":"WebSite","@id":"https:\/\/uvbbrasil.com.br\/#website","url":"https:\/\/uvbbrasil.com.br\/","name":"UVB Brasil","description":"Uni\u00e3o dos Vereadores do Brasil","publisher":{"@id":"https:\/\/uvbbrasil.com.br\/#organization"},"potentialAction":[{"@type":"SearchAction","target":{"@type":"EntryPoint","urlTemplate":"https:\/\/uvbbrasil.com.br\/?s={search_term_string}"},"query-input":{"@type":"PropertyValueSpecification","valueRequired":true,"valueName":"search_term_string"}}],"inLanguage":"pt-BR"},{"@type":"Organization","@id":"https:\/\/uvbbrasil.com.br\/#organization","name":"UVB Brasil","url":"https:\/\/uvbbrasil.com.br\/","logo":{"@type":"ImageObject","inLanguage":"pt-BR","@id":"https:\/\/uvbbrasil.com.br\/#\/schema\/logo\/image\/","url":"https:\/\/uvbbrasil.com.br\/wp-content\/uploads\/2025\/01\/LOGO-UVB-2024-azul-1.jpg","contentUrl":"https:\/\/uvbbrasil.com.br\/wp-content\/uploads\/2025\/01\/LOGO-UVB-2024-azul-1.jpg","width":600,"height":211,"caption":"UVB Brasil"},"image":{"@id":"https:\/\/uvbbrasil.com.br\/#\/schema\/logo\/image\/"},"sameAs":["https:\/\/www.facebook.com\/uvb.vereadoresbrasil","https:\/\/www.instagram.com\/uvbbrasil\/","https:\/\/www.youtube.com\/channel\/UCIlPQ8Xzw5GHNzosQIg9S5A"]},{"@type":"Person","@id":"https:\/\/uvbbrasil.com.br\/#\/schema\/person\/17990098446c098f52effddff4f1b272","name":"adminuvb","image":{"@type":"ImageObject","inLanguage":"pt-BR","@id":"https:\/\/secure.gravatar.com\/avatar\/1a494ea6f8e2dd1ae526e55b0e9497efdba542491e0620d704cccf63c6f77c45?s=96&d=mm&r=g","url":"https:\/\/secure.gravatar.com\/avatar\/1a494ea6f8e2dd1ae526e55b0e9497efdba542491e0620d704cccf63c6f77c45?s=96&d=mm&r=g","contentUrl":"https:\/\/secure.gravatar.com\/avatar\/1a494ea6f8e2dd1ae526e55b0e9497efdba542491e0620d704cccf63c6f77c45?s=96&d=mm&r=g","caption":"adminuvb"},"sameAs":["https:\/\/uvbbrasil.com.br"],"url":"https:\/\/uvbbrasil.com.br\/author\/adminuvb\/"}]}},"_links":{"self":[{"href":"https:\/\/uvbbrasil.com.br\/uvb-json\/wp\/v2\/posts\/27522","targetHints":{"allow":["GET"]}}],"collection":[{"href":"https:\/\/uvbbrasil.com.br\/uvb-json\/wp\/v2\/posts"}],"about":[{"href":"https:\/\/uvbbrasil.com.br\/uvb-json\/wp\/v2\/types\/post"}],"author":[{"embeddable":true,"href":"https:\/\/uvbbrasil.com.br\/uvb-json\/wp\/v2\/users\/1"}],"replies":[{"embeddable":true,"href":"https:\/\/uvbbrasil.com.br\/uvb-json\/wp\/v2\/comments?post=27522"}],"version-history":[{"count":0,"href":"https:\/\/uvbbrasil.com.br\/uvb-json\/wp\/v2\/posts\/27522\/revisions"}],"wp:featuredmedia":[{"embeddable":true,"href":"https:\/\/uvbbrasil.com.br\/uvb-json\/wp\/v2\/media\/27523"}],"wp:attachment":[{"href":"https:\/\/uvbbrasil.com.br\/uvb-json\/wp\/v2\/media?parent=27522"}],"wp:term":[{"taxonomy":"category","embeddable":true,"href":"https:\/\/uvbbrasil.com.br\/uvb-json\/wp\/v2\/categories?post=27522"},{"taxonomy":"post_tag","embeddable":true,"href":"https:\/\/uvbbrasil.com.br\/uvb-json\/wp\/v2\/tags?post=27522"}],"curies":[{"name":"wp","href":"https:\/\/api.w.org\/{rel}","templated":true}]}}