{"id":27463,"date":"2022-10-21T12:18:41","date_gmt":"2022-10-21T15:18:41","guid":{"rendered":"https:\/\/wpsandbox4.pante.com.br\/?p=27463"},"modified":"2022-10-21T12:18:41","modified_gmt":"2022-10-21T15:18:41","slug":"politicas-publicas-de-protecao-animal","status":"publish","type":"post","link":"https:\/\/uvbbrasil.com.br\/politicas-publicas-de-protecao-animal\/","title":{"rendered":"Pol\u00edticas P\u00fablicas de Prote\u00e7\u00e3o Animal"},"content":{"rendered":"<p>A \u00a0advogada especialista em Lei de maus tratos (Liderou o salvamento dos b\u00fafalos em Brotas -SP ) Ex Coordenadora da Comiss\u00e3o de Defesa dos Direitos Animais da OAB \/SP, Antilia Reis, em participa\u00e7\u00e3o\u00a0 na programa\u00e7\u00e3o no Encontro de Legislativos da UVB em defesa a causa animal abordou o tema de grande import\u00e2ncia \u201cPol\u00edticas P\u00fablicas de Prote\u00e7\u00e3o Animal\u201d.<\/p>\n<p>Destacou a import\u00e2ncia das \u00a0pol\u00edticas p\u00fablicas modernas de prote\u00e7\u00e3o animal \u00a0que visam mudan\u00e7as de atitude e comportamento da sociedade como um todo, na inten\u00e7\u00e3o de promover, de modo eficaz, o controle populacional de c\u00e3es e gatos, o combate aos maus tratos a todas as esp\u00e9cies e ao abandono.<\/p>\n<p>Muitas cidades possuem uma legisla\u00e7\u00e3o que trata de ado\u00e7\u00e3o, abrigos, maus tratos, e algumas avan\u00e7aram mais, ao criar um fundo pr\u00f3prio e conselhos municipais para definir e organizar as pol\u00edticas p\u00fablicas. H\u00e1 nestas cidades, uma luta em entender o papel e o tamanho das organiza\u00e7\u00f5es n\u00e3o-governamentais, como as ONGs e grupos organizados de prote\u00e7\u00e3o, a OAB e as entidades veterin\u00e1rias. Outro aspecto interessante \u00e9 que os legislativos municipais e at\u00e9 estaduais t\u00eam criado comiss\u00f5es parlamentares tem\u00e1ticas que tratam com exclusividade<\/p>\n<p>As pol\u00edticas p\u00fablicas de prote\u00e7\u00e3o t\u00eam sido confundidas, infelizmente, com programas de controle populacional de animais dom\u00e9sticos. Enquanto que o combate ao tr\u00e1fico, maus tratos, a quest\u00e3o dos animais silvestres e marinhos e a ado\u00e7\u00e3o t\u00eam sido alvo de a\u00e7\u00f5es ativistas, da sociedade civil. Os governos t\u00eam sido t\u00edmidos, at\u00e9 porque, embora o tema tenha crescido na aten\u00e7\u00e3o popular, e consequentemente de pol\u00edticos, a crise financeira e fiscal que o pa\u00eds atravessa n\u00e3o permite que os or\u00e7amentos destinados aos \u00f3rg\u00e3os de prote\u00e7\u00e3o sejam suficientes para as demandas.<\/p>\n<p>O encontro est\u00e1 sendo realizado na Assembleia Legislativa do Estado de S\u00e3o Paulo\/ALESP.<\/p>\n<p><img fetchpriority=\"high\" decoding=\"async\" class=\"alignnone size-medium wp-image-27466\" src=\"https:\/\/uvbbrasil.com.br\/wp-content\/uploads\/2022\/10\/WhatsApp-Image-2022-10-21-at-12.06.19-300x225.jpeg\" alt=\"\" width=\"300\" height=\"225\" srcset=\"https:\/\/uvbbrasil.com.br\/wp-content\/uploads\/2022\/10\/WhatsApp-Image-2022-10-21-at-12.06.19-300x225.jpeg 300w, https:\/\/uvbbrasil.com.br\/wp-content\/uploads\/2022\/10\/WhatsApp-Image-2022-10-21-at-12.06.19-1024x768.jpeg 1024w, https:\/\/uvbbrasil.com.br\/wp-content\/uploads\/2022\/10\/WhatsApp-Image-2022-10-21-at-12.06.19-768x576.jpeg 768w, https:\/\/uvbbrasil.com.br\/wp-content\/uploads\/2022\/10\/WhatsApp-Image-2022-10-21-at-12.06.19-1536x1152.jpeg 1536w, https:\/\/uvbbrasil.com.br\/wp-content\/uploads\/2022\/10\/WhatsApp-Image-2022-10-21-at-12.06.19.jpeg 1600w\" sizes=\"(max-width: 300px) 100vw, 300px\" \/><img decoding=\"async\" class=\"alignnone size-medium wp-image-27464\" src=\"https:\/\/uvbbrasil.com.br\/wp-content\/uploads\/2022\/10\/WhatsApp-Image-2022-10-20-at-12.34.54-225x300.jpeg\" alt=\"\" width=\"225\" height=\"300\" srcset=\"https:\/\/uvbbrasil.com.br\/wp-content\/uploads\/2022\/10\/WhatsApp-Image-2022-10-20-at-12.34.54-225x300.jpeg 225w, https:\/\/uvbbrasil.com.br\/wp-content\/uploads\/2022\/10\/WhatsApp-Image-2022-10-20-at-12.34.54-768x1024.jpeg 768w, https:\/\/uvbbrasil.com.br\/wp-content\/uploads\/2022\/10\/WhatsApp-Image-2022-10-20-at-12.34.54-1152x1536.jpeg 1152w, https:\/\/uvbbrasil.com.br\/wp-content\/uploads\/2022\/10\/WhatsApp-Image-2022-10-20-at-12.34.54.jpeg 1200w\" sizes=\"(max-width: 225px) 100vw, 225px\" \/><img decoding=\"async\" class=\"alignnone size-medium wp-image-27465\" src=\"https:\/\/uvbbrasil.com.br\/wp-content\/uploads\/2022\/10\/WhatsApp-Image-2022-10-21-at-12.05.52-225x300.jpeg\" alt=\"\" width=\"225\" height=\"300\" srcset=\"https:\/\/uvbbrasil.com.br\/wp-content\/uploads\/2022\/10\/WhatsApp-Image-2022-10-21-at-12.05.52-225x300.jpeg 225w, https:\/\/uvbbrasil.com.br\/wp-content\/uploads\/2022\/10\/WhatsApp-Image-2022-10-21-at-12.05.52-768x1024.jpeg 768w, https:\/\/uvbbrasil.com.br\/wp-content\/uploads\/2022\/10\/WhatsApp-Image-2022-10-21-at-12.05.52-1152x1536.jpeg 1152w, https:\/\/uvbbrasil.com.br\/wp-content\/uploads\/2022\/10\/WhatsApp-Image-2022-10-21-at-12.05.52.jpeg 1200w\" sizes=\"(max-width: 225px) 100vw, 225px\" \/><\/p>\n","protected":false},"excerpt":{"rendered":"<p>A \u00a0advogada especialista em Lei de maus tratos (Liderou o salvamento dos b\u00fafalos em Brotas -SP ) Ex Coordenadora da&#8230;<\/p>\n","protected":false},"author":1,"featured_media":27464,"comment_status":"open","ping_status":"open","sticky":false,"template":"","format":"standard","meta":{"footnotes":""},"categories":[3,4],"tags":[],"class_list":["post-27463","post","type-post","status-publish","format-standard","has-post-thumbnail","hentry","category-noticias","category-home"],"yoast_head":"<!-- This site is optimized with the Yoast SEO plugin v26.7 - https:\/\/yoast.com\/wordpress\/plugins\/seo\/ -->\n<title>Pol\u00edticas P\u00fablicas de Prote\u00e7\u00e3o Animal - UVB Brasil<\/title>\n<meta name=\"robots\" content=\"index, follow, max-snippet:-1, max-image-preview:large, max-video-preview:-1\" \/>\n<link rel=\"canonical\" href=\"https:\/\/uvbbrasil.com.br\/politicas-publicas-de-protecao-animal\/\" \/>\n<meta property=\"og:locale\" content=\"pt_BR\" \/>\n<meta property=\"og:type\" content=\"article\" \/>\n<meta property=\"og:title\" content=\"Pol\u00edticas P\u00fablicas de Prote\u00e7\u00e3o Animal - UVB Brasil\" \/>\n<meta property=\"og:description\" content=\"A \u00a0advogada especialista em Lei de maus tratos (Liderou o salvamento dos b\u00fafalos em Brotas -SP ) Ex Coordenadora da...\" \/>\n<meta property=\"og:url\" content=\"https:\/\/uvbbrasil.com.br\/politicas-publicas-de-protecao-animal\/\" \/>\n<meta property=\"og:site_name\" content=\"UVB Brasil\" \/>\n<meta property=\"article:publisher\" content=\"https:\/\/www.facebook.com\/uvb.vereadoresbrasil\" \/>\n<meta property=\"article:published_time\" content=\"2022-10-21T15:18:41+00:00\" \/>\n<meta property=\"og:image\" content=\"https:\/\/uvbbrasil.com.br\/wp-content\/uploads\/2022\/10\/WhatsApp-Image-2022-10-20-at-12.34.54.jpeg\" \/>\n\t<meta property=\"og:image:width\" content=\"1200\" \/>\n\t<meta property=\"og:image:height\" content=\"1600\" \/>\n\t<meta property=\"og:image:type\" content=\"image\/jpeg\" \/>\n<meta name=\"author\" content=\"adminuvb\" \/>\n<meta name=\"twitter:card\" content=\"summary_large_image\" \/>\n<meta name=\"twitter:label1\" content=\"Escrito por\" \/>\n\t<meta name=\"twitter:data1\" content=\"adminuvb\" \/>\n\t<meta name=\"twitter:label2\" content=\"Est. tempo de leitura\" \/>\n\t<meta name=\"twitter:data2\" content=\"2 minutos\" \/>\n<script type=\"application\/ld+json\" class=\"yoast-schema-graph\">{\"@context\":\"https:\/\/schema.org\",\"@graph\":[{\"@type\":\"Article\",\"@id\":\"https:\/\/uvbbrasil.com.br\/politicas-publicas-de-protecao-animal\/#article\",\"isPartOf\":{\"@id\":\"https:\/\/uvbbrasil.com.br\/politicas-publicas-de-protecao-animal\/\"},\"author\":{\"name\":\"adminuvb\",\"@id\":\"https:\/\/uvbbrasil.com.br\/#\/schema\/person\/17990098446c098f52effddff4f1b272\"},\"headline\":\"Pol\u00edticas P\u00fablicas de Prote\u00e7\u00e3o Animal\",\"datePublished\":\"2022-10-21T15:18:41+00:00\",\"mainEntityOfPage\":{\"@id\":\"https:\/\/uvbbrasil.com.br\/politicas-publicas-de-protecao-animal\/\"},\"wordCount\":341,\"commentCount\":0,\"publisher\":{\"@id\":\"https:\/\/uvbbrasil.com.br\/#organization\"},\"image\":{\"@id\":\"https:\/\/uvbbrasil.com.br\/politicas-publicas-de-protecao-animal\/#primaryimage\"},\"thumbnailUrl\":\"https:\/\/uvbbrasil.com.br\/wp-content\/uploads\/2022\/10\/WhatsApp-Image-2022-10-20-at-12.34.54.jpeg\",\"articleSection\":[\"NOT\u00cdCIAS\",\"UVB\"],\"inLanguage\":\"pt-BR\",\"potentialAction\":[{\"@type\":\"CommentAction\",\"name\":\"Comment\",\"target\":[\"https:\/\/uvbbrasil.com.br\/politicas-publicas-de-protecao-animal\/#respond\"]}]},{\"@type\":\"WebPage\",\"@id\":\"https:\/\/uvbbrasil.com.br\/politicas-publicas-de-protecao-animal\/\",\"url\":\"https:\/\/uvbbrasil.com.br\/politicas-publicas-de-protecao-animal\/\",\"name\":\"Pol\u00edticas P\u00fablicas de Prote\u00e7\u00e3o Animal - UVB Brasil\",\"isPartOf\":{\"@id\":\"https:\/\/uvbbrasil.com.br\/#website\"},\"primaryImageOfPage\":{\"@id\":\"https:\/\/uvbbrasil.com.br\/politicas-publicas-de-protecao-animal\/#primaryimage\"},\"image\":{\"@id\":\"https:\/\/uvbbrasil.com.br\/politicas-publicas-de-protecao-animal\/#primaryimage\"},\"thumbnailUrl\":\"https:\/\/uvbbrasil.com.br\/wp-content\/uploads\/2022\/10\/WhatsApp-Image-2022-10-20-at-12.34.54.jpeg\",\"datePublished\":\"2022-10-21T15:18:41+00:00\",\"breadcrumb\":{\"@id\":\"https:\/\/uvbbrasil.com.br\/politicas-publicas-de-protecao-animal\/#breadcrumb\"},\"inLanguage\":\"pt-BR\",\"potentialAction\":[{\"@type\":\"ReadAction\",\"target\":[\"https:\/\/uvbbrasil.com.br\/politicas-publicas-de-protecao-animal\/\"]}]},{\"@type\":\"ImageObject\",\"inLanguage\":\"pt-BR\",\"@id\":\"https:\/\/uvbbrasil.com.br\/politicas-publicas-de-protecao-animal\/#primaryimage\",\"url\":\"https:\/\/uvbbrasil.com.br\/wp-content\/uploads\/2022\/10\/WhatsApp-Image-2022-10-20-at-12.34.54.jpeg\",\"contentUrl\":\"https:\/\/uvbbrasil.com.br\/wp-content\/uploads\/2022\/10\/WhatsApp-Image-2022-10-20-at-12.34.54.jpeg\",\"width\":1200,\"height\":1600},{\"@type\":\"BreadcrumbList\",\"@id\":\"https:\/\/uvbbrasil.com.br\/politicas-publicas-de-protecao-animal\/#breadcrumb\",\"itemListElement\":[{\"@type\":\"ListItem\",\"position\":1,\"name\":\"In\u00edcio\",\"item\":\"https:\/\/uvbbrasil.com.br\/\"},{\"@type\":\"ListItem\",\"position\":2,\"name\":\"Pol\u00edticas P\u00fablicas de Prote\u00e7\u00e3o Animal\"}]},{\"@type\":\"WebSite\",\"@id\":\"https:\/\/uvbbrasil.com.br\/#website\",\"url\":\"https:\/\/uvbbrasil.com.br\/\",\"name\":\"UVB Brasil\",\"description\":\"Uni\u00e3o dos Vereadores do Brasil\",\"publisher\":{\"@id\":\"https:\/\/uvbbrasil.com.br\/#organization\"},\"potentialAction\":[{\"@type\":\"SearchAction\",\"target\":{\"@type\":\"EntryPoint\",\"urlTemplate\":\"https:\/\/uvbbrasil.com.br\/?s={search_term_string}\"},\"query-input\":{\"@type\":\"PropertyValueSpecification\",\"valueRequired\":true,\"valueName\":\"search_term_string\"}}],\"inLanguage\":\"pt-BR\"},{\"@type\":\"Organization\",\"@id\":\"https:\/\/uvbbrasil.com.br\/#organization\",\"name\":\"UVB Brasil\",\"url\":\"https:\/\/uvbbrasil.com.br\/\",\"logo\":{\"@type\":\"ImageObject\",\"inLanguage\":\"pt-BR\",\"@id\":\"https:\/\/uvbbrasil.com.br\/#\/schema\/logo\/image\/\",\"url\":\"https:\/\/uvbbrasil.com.br\/wp-content\/uploads\/2025\/01\/LOGO-UVB-2024-azul-1.jpg\",\"contentUrl\":\"https:\/\/uvbbrasil.com.br\/wp-content\/uploads\/2025\/01\/LOGO-UVB-2024-azul-1.jpg\",\"width\":600,\"height\":211,\"caption\":\"UVB Brasil\"},\"image\":{\"@id\":\"https:\/\/uvbbrasil.com.br\/#\/schema\/logo\/image\/\"},\"sameAs\":[\"https:\/\/www.facebook.com\/uvb.vereadoresbrasil\",\"https:\/\/www.instagram.com\/uvbbrasil\/\",\"https:\/\/www.youtube.com\/channel\/UCIlPQ8Xzw5GHNzosQIg9S5A\"]},{\"@type\":\"Person\",\"@id\":\"https:\/\/uvbbrasil.com.br\/#\/schema\/person\/17990098446c098f52effddff4f1b272\",\"name\":\"adminuvb\",\"image\":{\"@type\":\"ImageObject\",\"inLanguage\":\"pt-BR\",\"@id\":\"https:\/\/uvbbrasil.com.br\/#\/schema\/person\/image\/\",\"url\":\"https:\/\/secure.gravatar.com\/avatar\/1a494ea6f8e2dd1ae526e55b0e9497efdba542491e0620d704cccf63c6f77c45?s=96&d=mm&r=g\",\"contentUrl\":\"https:\/\/secure.gravatar.com\/avatar\/1a494ea6f8e2dd1ae526e55b0e9497efdba542491e0620d704cccf63c6f77c45?s=96&d=mm&r=g\",\"caption\":\"adminuvb\"},\"sameAs\":[\"https:\/\/uvbbrasil.com.br\"],\"url\":\"https:\/\/uvbbrasil.com.br\/author\/adminuvb\/\"}]}<\/script>\n<!-- \/ Yoast SEO plugin. -->","yoast_head_json":{"title":"Pol\u00edticas P\u00fablicas de Prote\u00e7\u00e3o Animal - UVB Brasil","robots":{"index":"index","follow":"follow","max-snippet":"max-snippet:-1","max-image-preview":"max-image-preview:large","max-video-preview":"max-video-preview:-1"},"canonical":"https:\/\/uvbbrasil.com.br\/politicas-publicas-de-protecao-animal\/","og_locale":"pt_BR","og_type":"article","og_title":"Pol\u00edticas P\u00fablicas de Prote\u00e7\u00e3o Animal - UVB Brasil","og_description":"A \u00a0advogada especialista em Lei de maus tratos (Liderou o salvamento dos b\u00fafalos em Brotas -SP ) Ex Coordenadora da...","og_url":"https:\/\/uvbbrasil.com.br\/politicas-publicas-de-protecao-animal\/","og_site_name":"UVB Brasil","article_publisher":"https:\/\/www.facebook.com\/uvb.vereadoresbrasil","article_published_time":"2022-10-21T15:18:41+00:00","og_image":[{"width":1200,"height":1600,"url":"https:\/\/uvbbrasil.com.br\/wp-content\/uploads\/2022\/10\/WhatsApp-Image-2022-10-20-at-12.34.54.jpeg","type":"image\/jpeg"}],"author":"adminuvb","twitter_card":"summary_large_image","twitter_misc":{"Escrito por":"adminuvb","Est. tempo de leitura":"2 minutos"},"schema":{"@context":"https:\/\/schema.org","@graph":[{"@type":"Article","@id":"https:\/\/uvbbrasil.com.br\/politicas-publicas-de-protecao-animal\/#article","isPartOf":{"@id":"https:\/\/uvbbrasil.com.br\/politicas-publicas-de-protecao-animal\/"},"author":{"name":"adminuvb","@id":"https:\/\/uvbbrasil.com.br\/#\/schema\/person\/17990098446c098f52effddff4f1b272"},"headline":"Pol\u00edticas P\u00fablicas de Prote\u00e7\u00e3o Animal","datePublished":"2022-10-21T15:18:41+00:00","mainEntityOfPage":{"@id":"https:\/\/uvbbrasil.com.br\/politicas-publicas-de-protecao-animal\/"},"wordCount":341,"commentCount":0,"publisher":{"@id":"https:\/\/uvbbrasil.com.br\/#organization"},"image":{"@id":"https:\/\/uvbbrasil.com.br\/politicas-publicas-de-protecao-animal\/#primaryimage"},"thumbnailUrl":"https:\/\/uvbbrasil.com.br\/wp-content\/uploads\/2022\/10\/WhatsApp-Image-2022-10-20-at-12.34.54.jpeg","articleSection":["NOT\u00cdCIAS","UVB"],"inLanguage":"pt-BR","potentialAction":[{"@type":"CommentAction","name":"Comment","target":["https:\/\/uvbbrasil.com.br\/politicas-publicas-de-protecao-animal\/#respond"]}]},{"@type":"WebPage","@id":"https:\/\/uvbbrasil.com.br\/politicas-publicas-de-protecao-animal\/","url":"https:\/\/uvbbrasil.com.br\/politicas-publicas-de-protecao-animal\/","name":"Pol\u00edticas P\u00fablicas de Prote\u00e7\u00e3o Animal - UVB Brasil","isPartOf":{"@id":"https:\/\/uvbbrasil.com.br\/#website"},"primaryImageOfPage":{"@id":"https:\/\/uvbbrasil.com.br\/politicas-publicas-de-protecao-animal\/#primaryimage"},"image":{"@id":"https:\/\/uvbbrasil.com.br\/politicas-publicas-de-protecao-animal\/#primaryimage"},"thumbnailUrl":"https:\/\/uvbbrasil.com.br\/wp-content\/uploads\/2022\/10\/WhatsApp-Image-2022-10-20-at-12.34.54.jpeg","datePublished":"2022-10-21T15:18:41+00:00","breadcrumb":{"@id":"https:\/\/uvbbrasil.com.br\/politicas-publicas-de-protecao-animal\/#breadcrumb"},"inLanguage":"pt-BR","potentialAction":[{"@type":"ReadAction","target":["https:\/\/uvbbrasil.com.br\/politicas-publicas-de-protecao-animal\/"]}]},{"@type":"ImageObject","inLanguage":"pt-BR","@id":"https:\/\/uvbbrasil.com.br\/politicas-publicas-de-protecao-animal\/#primaryimage","url":"https:\/\/uvbbrasil.com.br\/wp-content\/uploads\/2022\/10\/WhatsApp-Image-2022-10-20-at-12.34.54.jpeg","contentUrl":"https:\/\/uvbbrasil.com.br\/wp-content\/uploads\/2022\/10\/WhatsApp-Image-2022-10-20-at-12.34.54.jpeg","width":1200,"height":1600},{"@type":"BreadcrumbList","@id":"https:\/\/uvbbrasil.com.br\/politicas-publicas-de-protecao-animal\/#breadcrumb","itemListElement":[{"@type":"ListItem","position":1,"name":"In\u00edcio","item":"https:\/\/uvbbrasil.com.br\/"},{"@type":"ListItem","position":2,"name":"Pol\u00edticas P\u00fablicas de Prote\u00e7\u00e3o Animal"}]},{"@type":"WebSite","@id":"https:\/\/uvbbrasil.com.br\/#website","url":"https:\/\/uvbbrasil.com.br\/","name":"UVB Brasil","description":"Uni\u00e3o dos Vereadores do Brasil","publisher":{"@id":"https:\/\/uvbbrasil.com.br\/#organization"},"potentialAction":[{"@type":"SearchAction","target":{"@type":"EntryPoint","urlTemplate":"https:\/\/uvbbrasil.com.br\/?s={search_term_string}"},"query-input":{"@type":"PropertyValueSpecification","valueRequired":true,"valueName":"search_term_string"}}],"inLanguage":"pt-BR"},{"@type":"Organization","@id":"https:\/\/uvbbrasil.com.br\/#organization","name":"UVB Brasil","url":"https:\/\/uvbbrasil.com.br\/","logo":{"@type":"ImageObject","inLanguage":"pt-BR","@id":"https:\/\/uvbbrasil.com.br\/#\/schema\/logo\/image\/","url":"https:\/\/uvbbrasil.com.br\/wp-content\/uploads\/2025\/01\/LOGO-UVB-2024-azul-1.jpg","contentUrl":"https:\/\/uvbbrasil.com.br\/wp-content\/uploads\/2025\/01\/LOGO-UVB-2024-azul-1.jpg","width":600,"height":211,"caption":"UVB Brasil"},"image":{"@id":"https:\/\/uvbbrasil.com.br\/#\/schema\/logo\/image\/"},"sameAs":["https:\/\/www.facebook.com\/uvb.vereadoresbrasil","https:\/\/www.instagram.com\/uvbbrasil\/","https:\/\/www.youtube.com\/channel\/UCIlPQ8Xzw5GHNzosQIg9S5A"]},{"@type":"Person","@id":"https:\/\/uvbbrasil.com.br\/#\/schema\/person\/17990098446c098f52effddff4f1b272","name":"adminuvb","image":{"@type":"ImageObject","inLanguage":"pt-BR","@id":"https:\/\/uvbbrasil.com.br\/#\/schema\/person\/image\/","url":"https:\/\/secure.gravatar.com\/avatar\/1a494ea6f8e2dd1ae526e55b0e9497efdba542491e0620d704cccf63c6f77c45?s=96&d=mm&r=g","contentUrl":"https:\/\/secure.gravatar.com\/avatar\/1a494ea6f8e2dd1ae526e55b0e9497efdba542491e0620d704cccf63c6f77c45?s=96&d=mm&r=g","caption":"adminuvb"},"sameAs":["https:\/\/uvbbrasil.com.br"],"url":"https:\/\/uvbbrasil.com.br\/author\/adminuvb\/"}]}},"_links":{"self":[{"href":"https:\/\/uvbbrasil.com.br\/uvb-json\/wp\/v2\/posts\/27463","targetHints":{"allow":["GET"]}}],"collection":[{"href":"https:\/\/uvbbrasil.com.br\/uvb-json\/wp\/v2\/posts"}],"about":[{"href":"https:\/\/uvbbrasil.com.br\/uvb-json\/wp\/v2\/types\/post"}],"author":[{"embeddable":true,"href":"https:\/\/uvbbrasil.com.br\/uvb-json\/wp\/v2\/users\/1"}],"replies":[{"embeddable":true,"href":"https:\/\/uvbbrasil.com.br\/uvb-json\/wp\/v2\/comments?post=27463"}],"version-history":[{"count":0,"href":"https:\/\/uvbbrasil.com.br\/uvb-json\/wp\/v2\/posts\/27463\/revisions"}],"wp:featuredmedia":[{"embeddable":true,"href":"https:\/\/uvbbrasil.com.br\/uvb-json\/wp\/v2\/media\/27464"}],"wp:attachment":[{"href":"https:\/\/uvbbrasil.com.br\/uvb-json\/wp\/v2\/media?parent=27463"}],"wp:term":[{"taxonomy":"category","embeddable":true,"href":"https:\/\/uvbbrasil.com.br\/uvb-json\/wp\/v2\/categories?post=27463"},{"taxonomy":"post_tag","embeddable":true,"href":"https:\/\/uvbbrasil.com.br\/uvb-json\/wp\/v2\/tags?post=27463"}],"curies":[{"name":"wp","href":"https:\/\/api.w.org\/{rel}","templated":true}]}}