{"id":27444,"date":"2022-10-20T10:16:03","date_gmt":"2022-10-20T13:16:03","guid":{"rendered":"https:\/\/wpsandbox4.pante.com.br\/?p=27444"},"modified":"2022-10-20T10:16:03","modified_gmt":"2022-10-20T13:16:03","slug":"estudantes-assumem-o-legislativo-iraiense","status":"publish","type":"post","link":"https:\/\/uvbbrasil.com.br\/estudantes-assumem-o-legislativo-iraiense\/","title":{"rendered":"Estudantes assumem o Legislativo Iraiense"},"content":{"rendered":"<div class=\"xdj266r x11i5rnm xat24cr x1mh8g0r x1vvkbs x126k92a\">\n<div dir=\"auto\"><\/div>\n<\/div>\n<div class=\"x11i5rnm xat24cr x1mh8g0r x1vvkbs xtlvy1s x126k92a\">\n<div dir=\"auto\">A C\u00e2mara de Vereadores de Ira\u00ed\/RS, realizou na tarde desta ter\u00e7a-feira, 18, a segunda Sess\u00e3o Plen\u00e1ria do Estudante, onde nove alunos do Instituto Estadual de Educa\u00e7\u00e3o Visconde de Taunay, que foram eleitos por seus colegas, prestaram juramento e foram empossados pelo presidente da Casa, Gilson Conzatti.<\/div>\n<\/div>\n<div class=\"x11i5rnm xat24cr x1mh8g0r x1vvkbs xtlvy1s x126k92a\">\n<div dir=\"auto\">O presidente da C\u00e2mara, vereador Gilson Conzatti, deu in\u00edcio a sess\u00e3o e ao fazer uso da tribuna, falou sobre a hist\u00f3ria da C\u00e2mara e da import\u00e2ncia do parlamento para a comunidade, destacando que o projeto \u00e9 uma contribui\u00e7\u00e3o da Casa de Leis n\u00e3o somente ao ensino, mas para toda sociedade iraiense, bem como, incentivar aos jovens estudantes a exercerem e fortalecer a cidadania.<\/div>\n<div dir=\"auto\">No expediente do dia, a estudante Geovana dos Santos Helena Rodrigues, eleita presidente no projeto, coordenou os trabalhos da Mesa Diretora, com o aux\u00edlio do vice-presidente, Ricardo Cavalheiro Maciel e da primeira-secret\u00e1ria, Lenara Balzan. Na ocasi\u00e3o foram apresentadas duas indica\u00e7\u00f5es, sendo elas: Indica\u00e7\u00e3o 001\/22, de autoria dos estudantes Geovana Rodrigues, Lenara Balzan, Maria Heloisa e Gian Carlos, que indica ao Executivo a constru\u00e7\u00e3o de uma pista de Motocross e Veloterra no atual Campo do Ira\u00ed, objetivando a pr\u00e1tica de esportes, fazendo assim com que os trilheiros locais n\u00e3o precisem mais se deslocar para cidades vizinhas em busca da possibilidade da pr\u00e1tica deste esporte. Outra mat\u00e9ria apresentada foi a Indica\u00e7\u00e3o 002\/22, que indica ao Executivo a constru\u00e7\u00e3o de uma pista de skate em Ira\u00ed, visando atender a uma demanda que est\u00e1 surgindo no munic\u00edpio e ampliar as \u00e1reas de lazer e socializa\u00e7\u00e3o.<\/div>\n<\/div>\n<div class=\"x11i5rnm xat24cr x1mh8g0r x1vvkbs xtlvy1s x126k92a\">\n<div dir=\"auto\">As proposi\u00e7\u00f5es indicadas durante a sess\u00e3o ir\u00e3o para a pauta do Legislativo na pr\u00f3xima Sess\u00e3o Ordin\u00e1ria e ser\u00e3o apresentadas pela Mesa Diretora, que far\u00e1 o encaminhamento ao Poder Executivo Municipal.<\/div>\n<\/div>\n<div class=\"x11i5rnm xat24cr x1mh8g0r x1vvkbs xtlvy1s x126k92a\">\n<div dir=\"auto\">O Plen\u00e1rio do Estudante foi formado pela presidente, Geovana dos Santos Helena Rodrigues; vice-presidente, Ricardo Cavalheiro Maciel; primeira-secret\u00e1ria, Lenara Balzan; Maria Heloisa de Almeida Mertins, Matheus Ganzer Gon\u00e7alves, Lucas Pereira Putzel, Patrick Bergosa, Vin\u00edcius Silveiro Lira, Alexsander Marcolin.<\/div>\n<\/div>\n<div class=\"x11i5rnm xat24cr x1mh8g0r x1vvkbs xtlvy1s x126k92a\">\n<div dir=\"auto\">A sess\u00e3o contou com a participa\u00e7\u00e3o ainda do vice-presidente da C\u00e2mara de Vereadores, Jair Barros, da professora respons\u00e1vel Cristina Franco, do diretor do Instituto Estadual de Educa\u00e7\u00e3o Visconde de Taunay Vilmar Luis Leitte, secret\u00e1ria do Turismo de, Marcia Bernardi, professore e alunos do Instituto e professores e alunos da Escola Estadual de Ensino Fundamental Marechal Rondon.<\/div>\n<div dir=\"auto\"><img fetchpriority=\"high\" decoding=\"async\" class=\"alignnone size-medium wp-image-27447\" src=\"https:\/\/uvbbrasil.com.br\/wp-content\/uploads\/2022\/10\/312050909_546480730820038_4369152168932784669_n-300x200.jpg\" alt=\"\" width=\"300\" height=\"200\" srcset=\"https:\/\/uvbbrasil.com.br\/wp-content\/uploads\/2022\/10\/312050909_546480730820038_4369152168932784669_n-300x200.jpg 300w, https:\/\/uvbbrasil.com.br\/wp-content\/uploads\/2022\/10\/312050909_546480730820038_4369152168932784669_n-1024x683.jpg 1024w, https:\/\/uvbbrasil.com.br\/wp-content\/uploads\/2022\/10\/312050909_546480730820038_4369152168932784669_n-768x512.jpg 768w, https:\/\/uvbbrasil.com.br\/wp-content\/uploads\/2022\/10\/312050909_546480730820038_4369152168932784669_n-1536x1024.jpg 1536w, https:\/\/uvbbrasil.com.br\/wp-content\/uploads\/2022\/10\/312050909_546480730820038_4369152168932784669_n.jpg 2048w\" sizes=\"(max-width: 300px) 100vw, 300px\" \/><\/div>\n<div dir=\"auto\"><img decoding=\"async\" class=\"alignnone size-medium wp-image-27445\" src=\"https:\/\/uvbbrasil.com.br\/wp-content\/uploads\/2022\/10\/311383633_2602443536552933_6534001852633858078_n-1-300x200.jpg\" alt=\"\" width=\"300\" height=\"200\" srcset=\"https:\/\/uvbbrasil.com.br\/wp-content\/uploads\/2022\/10\/311383633_2602443536552933_6534001852633858078_n-1-300x200.jpg 300w, https:\/\/uvbbrasil.com.br\/wp-content\/uploads\/2022\/10\/311383633_2602443536552933_6534001852633858078_n-1-768x512.jpg 768w, https:\/\/uvbbrasil.com.br\/wp-content\/uploads\/2022\/10\/311383633_2602443536552933_6534001852633858078_n-1.jpg 810w\" sizes=\"(max-width: 300px) 100vw, 300px\" \/><img decoding=\"async\" class=\"alignnone size-medium wp-image-27446\" src=\"https:\/\/uvbbrasil.com.br\/wp-content\/uploads\/2022\/10\/312222451_546480964153348_4230236126762823467_n-300x200.jpg\" alt=\"\" width=\"300\" height=\"200\" srcset=\"https:\/\/uvbbrasil.com.br\/wp-content\/uploads\/2022\/10\/312222451_546480964153348_4230236126762823467_n-300x200.jpg 300w, https:\/\/uvbbrasil.com.br\/wp-content\/uploads\/2022\/10\/312222451_546480964153348_4230236126762823467_n-1024x683.jpg 1024w, https:\/\/uvbbrasil.com.br\/wp-content\/uploads\/2022\/10\/312222451_546480964153348_4230236126762823467_n-768x512.jpg 768w, https:\/\/uvbbrasil.com.br\/wp-content\/uploads\/2022\/10\/312222451_546480964153348_4230236126762823467_n-1536x1024.jpg 1536w, https:\/\/uvbbrasil.com.br\/wp-content\/uploads\/2022\/10\/312222451_546480964153348_4230236126762823467_n.jpg 2048w\" sizes=\"(max-width: 300px) 100vw, 300px\" \/><\/div>\n<\/div>\n","protected":false},"excerpt":{"rendered":"<p>A C\u00e2mara de Vereadores de Ira\u00ed\/RS, realizou na tarde desta ter\u00e7a-feira, 18, a segunda Sess\u00e3o Plen\u00e1ria do Estudante, onde nove&#8230;<\/p>\n","protected":false},"author":1,"featured_media":27445,"comment_status":"open","ping_status":"open","sticky":false,"template":"","format":"standard","meta":{"footnotes":""},"categories":[3],"tags":[],"class_list":["post-27444","post","type-post","status-publish","format-standard","has-post-thumbnail","hentry","category-noticias"],"yoast_head":"<!-- This site is optimized with the Yoast SEO plugin v26.7 - https:\/\/yoast.com\/wordpress\/plugins\/seo\/ -->\n<title>Estudantes assumem o Legislativo Iraiense - UVB Brasil<\/title>\n<meta name=\"robots\" content=\"index, follow, max-snippet:-1, max-image-preview:large, max-video-preview:-1\" \/>\n<link rel=\"canonical\" href=\"https:\/\/uvbbrasil.com.br\/estudantes-assumem-o-legislativo-iraiense\/\" \/>\n<meta property=\"og:locale\" content=\"pt_BR\" \/>\n<meta property=\"og:type\" content=\"article\" \/>\n<meta property=\"og:title\" content=\"Estudantes assumem o Legislativo Iraiense - UVB Brasil\" \/>\n<meta property=\"og:description\" content=\"A C\u00e2mara de Vereadores de Ira\u00ed\/RS, realizou na tarde desta ter\u00e7a-feira, 18, a segunda Sess\u00e3o Plen\u00e1ria do Estudante, onde nove...\" \/>\n<meta property=\"og:url\" content=\"https:\/\/uvbbrasil.com.br\/estudantes-assumem-o-legislativo-iraiense\/\" \/>\n<meta property=\"og:site_name\" content=\"UVB Brasil\" \/>\n<meta property=\"article:publisher\" content=\"https:\/\/www.facebook.com\/uvb.vereadoresbrasil\" \/>\n<meta property=\"article:published_time\" content=\"2022-10-20T13:16:03+00:00\" \/>\n<meta property=\"og:image\" content=\"https:\/\/uvbbrasil.com.br\/wp-content\/uploads\/2022\/10\/311383633_2602443536552933_6534001852633858078_n-1.jpg\" \/>\n\t<meta property=\"og:image:width\" content=\"810\" \/>\n\t<meta property=\"og:image:height\" content=\"540\" \/>\n\t<meta property=\"og:image:type\" content=\"image\/jpeg\" \/>\n<meta name=\"author\" content=\"adminuvb\" \/>\n<meta name=\"twitter:card\" content=\"summary_large_image\" \/>\n<meta name=\"twitter:label1\" content=\"Escrito por\" \/>\n\t<meta name=\"twitter:data1\" content=\"adminuvb\" \/>\n\t<meta name=\"twitter:label2\" content=\"Est. tempo de leitura\" \/>\n\t<meta name=\"twitter:data2\" content=\"3 minutos\" \/>\n<script type=\"application\/ld+json\" class=\"yoast-schema-graph\">{\"@context\":\"https:\/\/schema.org\",\"@graph\":[{\"@type\":\"Article\",\"@id\":\"https:\/\/uvbbrasil.com.br\/estudantes-assumem-o-legislativo-iraiense\/#article\",\"isPartOf\":{\"@id\":\"https:\/\/uvbbrasil.com.br\/estudantes-assumem-o-legislativo-iraiense\/\"},\"author\":{\"name\":\"adminuvb\",\"@id\":\"https:\/\/uvbbrasil.com.br\/#\/schema\/person\/17990098446c098f52effddff4f1b272\"},\"headline\":\"Estudantes assumem o Legislativo Iraiense\",\"datePublished\":\"2022-10-20T13:16:03+00:00\",\"mainEntityOfPage\":{\"@id\":\"https:\/\/uvbbrasil.com.br\/estudantes-assumem-o-legislativo-iraiense\/\"},\"wordCount\":420,\"commentCount\":0,\"publisher\":{\"@id\":\"https:\/\/uvbbrasil.com.br\/#organization\"},\"image\":{\"@id\":\"https:\/\/uvbbrasil.com.br\/estudantes-assumem-o-legislativo-iraiense\/#primaryimage\"},\"thumbnailUrl\":\"https:\/\/uvbbrasil.com.br\/wp-content\/uploads\/2022\/10\/311383633_2602443536552933_6534001852633858078_n-1.jpg\",\"articleSection\":[\"NOT\u00cdCIAS\"],\"inLanguage\":\"pt-BR\",\"potentialAction\":[{\"@type\":\"CommentAction\",\"name\":\"Comment\",\"target\":[\"https:\/\/uvbbrasil.com.br\/estudantes-assumem-o-legislativo-iraiense\/#respond\"]}]},{\"@type\":\"WebPage\",\"@id\":\"https:\/\/uvbbrasil.com.br\/estudantes-assumem-o-legislativo-iraiense\/\",\"url\":\"https:\/\/uvbbrasil.com.br\/estudantes-assumem-o-legislativo-iraiense\/\",\"name\":\"Estudantes assumem o Legislativo Iraiense - UVB Brasil\",\"isPartOf\":{\"@id\":\"https:\/\/uvbbrasil.com.br\/#website\"},\"primaryImageOfPage\":{\"@id\":\"https:\/\/uvbbrasil.com.br\/estudantes-assumem-o-legislativo-iraiense\/#primaryimage\"},\"image\":{\"@id\":\"https:\/\/uvbbrasil.com.br\/estudantes-assumem-o-legislativo-iraiense\/#primaryimage\"},\"thumbnailUrl\":\"https:\/\/uvbbrasil.com.br\/wp-content\/uploads\/2022\/10\/311383633_2602443536552933_6534001852633858078_n-1.jpg\",\"datePublished\":\"2022-10-20T13:16:03+00:00\",\"breadcrumb\":{\"@id\":\"https:\/\/uvbbrasil.com.br\/estudantes-assumem-o-legislativo-iraiense\/#breadcrumb\"},\"inLanguage\":\"pt-BR\",\"potentialAction\":[{\"@type\":\"ReadAction\",\"target\":[\"https:\/\/uvbbrasil.com.br\/estudantes-assumem-o-legislativo-iraiense\/\"]}]},{\"@type\":\"ImageObject\",\"inLanguage\":\"pt-BR\",\"@id\":\"https:\/\/uvbbrasil.com.br\/estudantes-assumem-o-legislativo-iraiense\/#primaryimage\",\"url\":\"https:\/\/uvbbrasil.com.br\/wp-content\/uploads\/2022\/10\/311383633_2602443536552933_6534001852633858078_n-1.jpg\",\"contentUrl\":\"https:\/\/uvbbrasil.com.br\/wp-content\/uploads\/2022\/10\/311383633_2602443536552933_6534001852633858078_n-1.jpg\",\"width\":810,\"height\":540},{\"@type\":\"BreadcrumbList\",\"@id\":\"https:\/\/uvbbrasil.com.br\/estudantes-assumem-o-legislativo-iraiense\/#breadcrumb\",\"itemListElement\":[{\"@type\":\"ListItem\",\"position\":1,\"name\":\"In\u00edcio\",\"item\":\"https:\/\/uvbbrasil.com.br\/\"},{\"@type\":\"ListItem\",\"position\":2,\"name\":\"Estudantes assumem o Legislativo Iraiense\"}]},{\"@type\":\"WebSite\",\"@id\":\"https:\/\/uvbbrasil.com.br\/#website\",\"url\":\"https:\/\/uvbbrasil.com.br\/\",\"name\":\"UVB Brasil\",\"description\":\"Uni\u00e3o dos Vereadores do Brasil\",\"publisher\":{\"@id\":\"https:\/\/uvbbrasil.com.br\/#organization\"},\"potentialAction\":[{\"@type\":\"SearchAction\",\"target\":{\"@type\":\"EntryPoint\",\"urlTemplate\":\"https:\/\/uvbbrasil.com.br\/?s={search_term_string}\"},\"query-input\":{\"@type\":\"PropertyValueSpecification\",\"valueRequired\":true,\"valueName\":\"search_term_string\"}}],\"inLanguage\":\"pt-BR\"},{\"@type\":\"Organization\",\"@id\":\"https:\/\/uvbbrasil.com.br\/#organization\",\"name\":\"UVB Brasil\",\"url\":\"https:\/\/uvbbrasil.com.br\/\",\"logo\":{\"@type\":\"ImageObject\",\"inLanguage\":\"pt-BR\",\"@id\":\"https:\/\/uvbbrasil.com.br\/#\/schema\/logo\/image\/\",\"url\":\"https:\/\/uvbbrasil.com.br\/wp-content\/uploads\/2025\/01\/LOGO-UVB-2024-azul-1.jpg\",\"contentUrl\":\"https:\/\/uvbbrasil.com.br\/wp-content\/uploads\/2025\/01\/LOGO-UVB-2024-azul-1.jpg\",\"width\":600,\"height\":211,\"caption\":\"UVB Brasil\"},\"image\":{\"@id\":\"https:\/\/uvbbrasil.com.br\/#\/schema\/logo\/image\/\"},\"sameAs\":[\"https:\/\/www.facebook.com\/uvb.vereadoresbrasil\",\"https:\/\/www.instagram.com\/uvbbrasil\/\",\"https:\/\/www.youtube.com\/channel\/UCIlPQ8Xzw5GHNzosQIg9S5A\"]},{\"@type\":\"Person\",\"@id\":\"https:\/\/uvbbrasil.com.br\/#\/schema\/person\/17990098446c098f52effddff4f1b272\",\"name\":\"adminuvb\",\"image\":{\"@type\":\"ImageObject\",\"inLanguage\":\"pt-BR\",\"@id\":\"https:\/\/uvbbrasil.com.br\/#\/schema\/person\/image\/\",\"url\":\"https:\/\/secure.gravatar.com\/avatar\/1a494ea6f8e2dd1ae526e55b0e9497efdba542491e0620d704cccf63c6f77c45?s=96&d=mm&r=g\",\"contentUrl\":\"https:\/\/secure.gravatar.com\/avatar\/1a494ea6f8e2dd1ae526e55b0e9497efdba542491e0620d704cccf63c6f77c45?s=96&d=mm&r=g\",\"caption\":\"adminuvb\"},\"sameAs\":[\"https:\/\/uvbbrasil.com.br\"],\"url\":\"https:\/\/uvbbrasil.com.br\/author\/adminuvb\/\"}]}<\/script>\n<!-- \/ Yoast SEO plugin. -->","yoast_head_json":{"title":"Estudantes assumem o Legislativo Iraiense - UVB Brasil","robots":{"index":"index","follow":"follow","max-snippet":"max-snippet:-1","max-image-preview":"max-image-preview:large","max-video-preview":"max-video-preview:-1"},"canonical":"https:\/\/uvbbrasil.com.br\/estudantes-assumem-o-legislativo-iraiense\/","og_locale":"pt_BR","og_type":"article","og_title":"Estudantes assumem o Legislativo Iraiense - UVB Brasil","og_description":"A C\u00e2mara de Vereadores de Ira\u00ed\/RS, realizou na tarde desta ter\u00e7a-feira, 18, a segunda Sess\u00e3o Plen\u00e1ria do Estudante, onde nove...","og_url":"https:\/\/uvbbrasil.com.br\/estudantes-assumem-o-legislativo-iraiense\/","og_site_name":"UVB Brasil","article_publisher":"https:\/\/www.facebook.com\/uvb.vereadoresbrasil","article_published_time":"2022-10-20T13:16:03+00:00","og_image":[{"width":810,"height":540,"url":"https:\/\/uvbbrasil.com.br\/wp-content\/uploads\/2022\/10\/311383633_2602443536552933_6534001852633858078_n-1.jpg","type":"image\/jpeg"}],"author":"adminuvb","twitter_card":"summary_large_image","twitter_misc":{"Escrito por":"adminuvb","Est. tempo de leitura":"3 minutos"},"schema":{"@context":"https:\/\/schema.org","@graph":[{"@type":"Article","@id":"https:\/\/uvbbrasil.com.br\/estudantes-assumem-o-legislativo-iraiense\/#article","isPartOf":{"@id":"https:\/\/uvbbrasil.com.br\/estudantes-assumem-o-legislativo-iraiense\/"},"author":{"name":"adminuvb","@id":"https:\/\/uvbbrasil.com.br\/#\/schema\/person\/17990098446c098f52effddff4f1b272"},"headline":"Estudantes assumem o Legislativo Iraiense","datePublished":"2022-10-20T13:16:03+00:00","mainEntityOfPage":{"@id":"https:\/\/uvbbrasil.com.br\/estudantes-assumem-o-legislativo-iraiense\/"},"wordCount":420,"commentCount":0,"publisher":{"@id":"https:\/\/uvbbrasil.com.br\/#organization"},"image":{"@id":"https:\/\/uvbbrasil.com.br\/estudantes-assumem-o-legislativo-iraiense\/#primaryimage"},"thumbnailUrl":"https:\/\/uvbbrasil.com.br\/wp-content\/uploads\/2022\/10\/311383633_2602443536552933_6534001852633858078_n-1.jpg","articleSection":["NOT\u00cdCIAS"],"inLanguage":"pt-BR","potentialAction":[{"@type":"CommentAction","name":"Comment","target":["https:\/\/uvbbrasil.com.br\/estudantes-assumem-o-legislativo-iraiense\/#respond"]}]},{"@type":"WebPage","@id":"https:\/\/uvbbrasil.com.br\/estudantes-assumem-o-legislativo-iraiense\/","url":"https:\/\/uvbbrasil.com.br\/estudantes-assumem-o-legislativo-iraiense\/","name":"Estudantes assumem o Legislativo Iraiense - UVB Brasil","isPartOf":{"@id":"https:\/\/uvbbrasil.com.br\/#website"},"primaryImageOfPage":{"@id":"https:\/\/uvbbrasil.com.br\/estudantes-assumem-o-legislativo-iraiense\/#primaryimage"},"image":{"@id":"https:\/\/uvbbrasil.com.br\/estudantes-assumem-o-legislativo-iraiense\/#primaryimage"},"thumbnailUrl":"https:\/\/uvbbrasil.com.br\/wp-content\/uploads\/2022\/10\/311383633_2602443536552933_6534001852633858078_n-1.jpg","datePublished":"2022-10-20T13:16:03+00:00","breadcrumb":{"@id":"https:\/\/uvbbrasil.com.br\/estudantes-assumem-o-legislativo-iraiense\/#breadcrumb"},"inLanguage":"pt-BR","potentialAction":[{"@type":"ReadAction","target":["https:\/\/uvbbrasil.com.br\/estudantes-assumem-o-legislativo-iraiense\/"]}]},{"@type":"ImageObject","inLanguage":"pt-BR","@id":"https:\/\/uvbbrasil.com.br\/estudantes-assumem-o-legislativo-iraiense\/#primaryimage","url":"https:\/\/uvbbrasil.com.br\/wp-content\/uploads\/2022\/10\/311383633_2602443536552933_6534001852633858078_n-1.jpg","contentUrl":"https:\/\/uvbbrasil.com.br\/wp-content\/uploads\/2022\/10\/311383633_2602443536552933_6534001852633858078_n-1.jpg","width":810,"height":540},{"@type":"BreadcrumbList","@id":"https:\/\/uvbbrasil.com.br\/estudantes-assumem-o-legislativo-iraiense\/#breadcrumb","itemListElement":[{"@type":"ListItem","position":1,"name":"In\u00edcio","item":"https:\/\/uvbbrasil.com.br\/"},{"@type":"ListItem","position":2,"name":"Estudantes assumem o Legislativo Iraiense"}]},{"@type":"WebSite","@id":"https:\/\/uvbbrasil.com.br\/#website","url":"https:\/\/uvbbrasil.com.br\/","name":"UVB Brasil","description":"Uni\u00e3o dos Vereadores do Brasil","publisher":{"@id":"https:\/\/uvbbrasil.com.br\/#organization"},"potentialAction":[{"@type":"SearchAction","target":{"@type":"EntryPoint","urlTemplate":"https:\/\/uvbbrasil.com.br\/?s={search_term_string}"},"query-input":{"@type":"PropertyValueSpecification","valueRequired":true,"valueName":"search_term_string"}}],"inLanguage":"pt-BR"},{"@type":"Organization","@id":"https:\/\/uvbbrasil.com.br\/#organization","name":"UVB Brasil","url":"https:\/\/uvbbrasil.com.br\/","logo":{"@type":"ImageObject","inLanguage":"pt-BR","@id":"https:\/\/uvbbrasil.com.br\/#\/schema\/logo\/image\/","url":"https:\/\/uvbbrasil.com.br\/wp-content\/uploads\/2025\/01\/LOGO-UVB-2024-azul-1.jpg","contentUrl":"https:\/\/uvbbrasil.com.br\/wp-content\/uploads\/2025\/01\/LOGO-UVB-2024-azul-1.jpg","width":600,"height":211,"caption":"UVB Brasil"},"image":{"@id":"https:\/\/uvbbrasil.com.br\/#\/schema\/logo\/image\/"},"sameAs":["https:\/\/www.facebook.com\/uvb.vereadoresbrasil","https:\/\/www.instagram.com\/uvbbrasil\/","https:\/\/www.youtube.com\/channel\/UCIlPQ8Xzw5GHNzosQIg9S5A"]},{"@type":"Person","@id":"https:\/\/uvbbrasil.com.br\/#\/schema\/person\/17990098446c098f52effddff4f1b272","name":"adminuvb","image":{"@type":"ImageObject","inLanguage":"pt-BR","@id":"https:\/\/uvbbrasil.com.br\/#\/schema\/person\/image\/","url":"https:\/\/secure.gravatar.com\/avatar\/1a494ea6f8e2dd1ae526e55b0e9497efdba542491e0620d704cccf63c6f77c45?s=96&d=mm&r=g","contentUrl":"https:\/\/secure.gravatar.com\/avatar\/1a494ea6f8e2dd1ae526e55b0e9497efdba542491e0620d704cccf63c6f77c45?s=96&d=mm&r=g","caption":"adminuvb"},"sameAs":["https:\/\/uvbbrasil.com.br"],"url":"https:\/\/uvbbrasil.com.br\/author\/adminuvb\/"}]}},"_links":{"self":[{"href":"https:\/\/uvbbrasil.com.br\/uvb-json\/wp\/v2\/posts\/27444","targetHints":{"allow":["GET"]}}],"collection":[{"href":"https:\/\/uvbbrasil.com.br\/uvb-json\/wp\/v2\/posts"}],"about":[{"href":"https:\/\/uvbbrasil.com.br\/uvb-json\/wp\/v2\/types\/post"}],"author":[{"embeddable":true,"href":"https:\/\/uvbbrasil.com.br\/uvb-json\/wp\/v2\/users\/1"}],"replies":[{"embeddable":true,"href":"https:\/\/uvbbrasil.com.br\/uvb-json\/wp\/v2\/comments?post=27444"}],"version-history":[{"count":0,"href":"https:\/\/uvbbrasil.com.br\/uvb-json\/wp\/v2\/posts\/27444\/revisions"}],"wp:featuredmedia":[{"embeddable":true,"href":"https:\/\/uvbbrasil.com.br\/uvb-json\/wp\/v2\/media\/27445"}],"wp:attachment":[{"href":"https:\/\/uvbbrasil.com.br\/uvb-json\/wp\/v2\/media?parent=27444"}],"wp:term":[{"taxonomy":"category","embeddable":true,"href":"https:\/\/uvbbrasil.com.br\/uvb-json\/wp\/v2\/categories?post=27444"},{"taxonomy":"post_tag","embeddable":true,"href":"https:\/\/uvbbrasil.com.br\/uvb-json\/wp\/v2\/tags?post=27444"}],"curies":[{"name":"wp","href":"https:\/\/api.w.org\/{rel}","templated":true}]}}