{"id":27387,"date":"2022-10-13T10:02:51","date_gmt":"2022-10-13T13:02:51","guid":{"rendered":"https:\/\/wpsandbox4.pante.com.br\/?p=27387"},"modified":"2022-10-13T10:02:51","modified_gmt":"2022-10-13T13:02:51","slug":"pacheco-pede-cautela-e-responsabilidade-no-debate-sobre-pesquisas-eleitorais","status":"publish","type":"post","link":"https:\/\/uvbbrasil.com.br\/pacheco-pede-cautela-e-responsabilidade-no-debate-sobre-pesquisas-eleitorais\/","title":{"rendered":"Pacheco pede cautela e responsabilidade no debate sobre pesquisas eleitorais"},"content":{"rendered":"<p dir=\"ltr\">Em entrevista coletiva na tarde desta ter\u00e7a-feira (11), o presidente do Senado, Rodrigo Pacheco, pediu cautela e responsabilidade no debate sobre as pesquisas eleitorais. Ele disse que projetos da C\u00e2mara dos Deputados que buscam estabelecer regras para as pesquisas ser\u00e3o analisados pelo Senado sem pressa e no devido processo legislativo.<\/p>\n<p dir=\"ltr\">\u2014 Considero que as pesquisas s\u00e3o importantes para o processo eleitoral, elas t\u00eam um papel, examinam a inten\u00e7\u00e3o de voto. (&#8230;) O que n\u00e3o me parece razo\u00e1vel, do projeto que eu li da C\u00e2mara dos Deputados, \u00e9 estabelecer que a simples diferen\u00e7a entre o que est\u00e1 na pesquisa e o resultado eleitoral possa constituir um crime com pena de quatro a dez anos. \u00c9 um texto absolutamente inadequado porque pune muito severamente o erro. (&#8230;)\u00a0 Isso \u00e9 inapropriado sob todos os aspectos, inclusive o aspecto jur\u00eddico. \u00c9 preciso ter muita cautela, muita prud\u00eancia \u2014 afirmou Pacheco, ressaltando que qualquer proposta nesse sentido ser\u00e1 analisada primeiramente pela Comiss\u00e3o de Constitui\u00e7\u00e3o e Justi\u00e7a (CCJ).<\/p>\n<p dir=\"ltr\">Na avalia\u00e7\u00e3o de Pacheco, o debate sobre as pesquisas eleitorais precisa ser feito \u201cde forma inteligente e razo\u00e1vel\u201d, e n\u00e3o deve ser conclu\u00eddo antes do segundo turno das elei\u00e7\u00f5es, pois precisa ser analisado pelos parlamentares \u201ccom responsabilidade legislativa\u201d para que se encontre a melhor solu\u00e7\u00e3o.<\/p>\n<p dir=\"ltr\">\u2014 N\u00e3o se pode punir institutos de pesquisa e os seus respons\u00e1veis simplesmente por uma apura\u00e7\u00e3o inexata, at\u00e9 porque erros podem acontecer e pode haver, sim, uma diferencia\u00e7\u00e3o de uma pesquisa correta em uma quinta-feira, com um resultado diferente no domingo da elei\u00e7\u00e3o \u2014 acrescentou.<\/p>\n<p dir=\"ltr\">O presidente do Senado tamb\u00e9m afirmou que n\u00e3o h\u00e1 previs\u00e3o de quando ser\u00e1 lido o requerimento de cria\u00e7\u00e3o da chamada CPI das Pesquisas, apresentado pelo senador Marcos do Val (Podemos-ES).<\/p>\n<p dir=\"ltr\">\u2014 H\u00e1 outras CPIs prontas para serem instaladas mas, por ampla maioria no col\u00e9gio de l\u00edderes, houve entendimento do Senado Federal de que n\u00e3o dev\u00edamos fazer CPI neste per\u00edodo eleitoral, e esse entendimento prevalece para toda e qualquer CPI. De modo que n\u00f3s vamos precisar ultrapassar o per\u00edodo eleitoral para, ent\u00e3o, eventualmente, serem instaladas CPIs. CPI, qualquer que seja ela, no Senado Federal, s\u00f3 depois das elei\u00e7\u00f5es \u2014 reafirmou Pacheco.<\/p>\n<h3><strong>Elei\u00e7\u00f5es<\/strong><\/h3>\n<p dir=\"ltr\">Questionado sobre o segundo turno da elei\u00e7\u00e3o presidencial, Pacheco preferiu n\u00e3o declarar apoio a nenhum dos candidatos \u00e0 Presid\u00eancia da Rep\u00fablica. Para ele, a isen\u00e7\u00e3o do presidente do Senado e do Congresso \u00e9 importante para ajudar a acalmar o pa\u00eds ap\u00f3s o resultado das urnas. Pacheco disse que o pa\u00eds passa por um momento \u201cde muito \u00f3dio, de muito acirramento, de muita divis\u00e3o\u201d e que o papel das institui\u00e7\u00f5es \u00e9 dar seguran\u00e7a a toda a sociedade de que o resultado do segundo turno ser\u00e1 respeitado por todos e que o presidente eleito ser\u00e1 empossado no dia 1\u00ba de janeiro de 2023.<\/p>\n<p dir=\"ltr\">\u2014 H\u00e1 um dia seguinte \u00e0 elei\u00e7\u00e3o que n\u00f3s vamos precisar estar prontos para poder fazer prevalecer a democracia \u2014 declarou Pacheco, acrescentando que o p\u00f3s-elei\u00e7\u00e3o ser\u00e1 um per\u00edodo para pacifica\u00e7\u00e3o e uni\u00e3o do pa\u00eds.<\/p>\n<p dir=\"ltr\">Quanto ao relat\u00f3rio ainda n\u00e3o divulgado do Minist\u00e9rio da Defesa sobre as urnas eletr\u00f4nicas, o presidente do Senado disse que \u00e9 importante que a divulga\u00e7\u00e3o seja feita de forma transparente.<\/p>\n<p dir=\"ltr\">\u2014 Todas as informa\u00e7\u00f5es que eu tenho s\u00e3o da absoluta seguran\u00e7a das urnas eletr\u00f4nicas. O resultado das urnas eletr\u00f4nicas na elei\u00e7\u00e3o de primeiro turno \u00e9 revelador de que n\u00e3o h\u00e1 fraude em urna eletr\u00f4nica, isso n\u00e3o tem o menor cabimento, nunca houve justa causa para isso, nunca houve base f\u00e1tica para poder sustentar isso. Espero que essa mat\u00e9ria esteja vencida e que a gente possa cuidar dos problemas reais do Brasil \u2014 afirmou.<\/p>\n<h3><strong>STF<\/strong><\/h3>\n<p dir=\"ltr\">Perguntado sobre as recentes propostas de parlamentares governistas para aumento do n\u00famero de ministros do Supremo Tribunal Federal (STF), Pacheco opinou que o momento n\u00e3o \u00e9 adequado para esse tipo de discuss\u00e3o. Ele pediu prud\u00eancia e responsabilidade no debate.<\/p>\n<p dir=\"ltr\">\u2014 Todas as propostas devem ser respeitadas, mas me estranha muito neste momento estar-se discutindo um tema dessa natureza, amplia\u00e7\u00e3o da estrutura do Supremo Tribunal Federal. Me parece que isso \u00e9 at\u00e9 incoerente com a l\u00f3gica dos que defendem a redu\u00e7\u00e3o das compet\u00eancias do Supremo. Me parece um momento inadequado para essa discuss\u00e3o \u2014 avaliou.<\/p>\n<h3><strong>Mesa do Senado<\/strong><\/h3>\n<p dir=\"ltr\">Questionado a respeito de supostas negocia\u00e7\u00f5es sobre a futura elei\u00e7\u00e3o para a Presid\u00eancia do Senado e outros cargos da Mesa da Casa, em fevereiro de 2023, Pacheco voltou a afirmar que n\u00e3o pretende tratar disso durante o per\u00edodo eleitoral.<\/p>\n<p dir=\"ltr\">\u2014 Passado o per\u00edodo eleitoral, da pol\u00edtica partid\u00e1ria, a\u00ed \u00e9 natural que se haja a discuss\u00e3o sobre a recondu\u00e7\u00e3o ou renova\u00e7\u00e3o das Mesas do Senado e da C\u00e2mara. Vamos deixar isso para o momento oportuno, isso \u00e9 um exerc\u00edcio de vontade coletiva, n\u00e3o \u00e9 um exerc\u00edcio de vontade individual. (&#8230;) A discuss\u00e3o sobre as Mesas vai ficar para depois das elei\u00e7\u00f5es. No momento oportuno n\u00f3s vamos fazer essa discuss\u00e3o, ela \u00e9 inevit\u00e1vel, mas definitivamente n\u00e3o \u00e9 agora \u2014 pontuou.<\/p>\n<p dir=\"ltr\"><img fetchpriority=\"high\" decoding=\"async\" class=\"alignnone size-medium wp-image-27388\" src=\"https:\/\/uvbbrasil.com.br\/wp-content\/uploads\/2022\/10\/imagem_materia-300x199.jpg\" alt=\"\" width=\"300\" height=\"199\" srcset=\"https:\/\/uvbbrasil.com.br\/wp-content\/uploads\/2022\/10\/imagem_materia-300x199.jpg 300w, https:\/\/uvbbrasil.com.br\/wp-content\/uploads\/2022\/10\/imagem_materia-768x509.jpg 768w, https:\/\/uvbbrasil.com.br\/wp-content\/uploads\/2022\/10\/imagem_materia.jpg 860w\" sizes=\"(max-width: 300px) 100vw, 300px\" \/><\/p>\n<p>Fonte: Ag\u00eancia Senado<\/p>\n","protected":false},"excerpt":{"rendered":"<p>Em entrevista coletiva na tarde desta ter\u00e7a-feira (11), o presidente do Senado, Rodrigo Pacheco, pediu cautela e responsabilidade no debate&#8230;<\/p>\n","protected":false},"author":1,"featured_media":27388,"comment_status":"open","ping_status":"open","sticky":false,"template":"","format":"standard","meta":{"footnotes":""},"categories":[3],"tags":[],"class_list":["post-27387","post","type-post","status-publish","format-standard","has-post-thumbnail","hentry","category-noticias"],"yoast_head":"<!-- This site is optimized with the Yoast SEO plugin v26.7 - https:\/\/yoast.com\/wordpress\/plugins\/seo\/ -->\n<title>Pacheco pede cautela e responsabilidade no debate sobre pesquisas eleitorais - UVB Brasil<\/title>\n<meta name=\"robots\" content=\"index, follow, max-snippet:-1, max-image-preview:large, max-video-preview:-1\" \/>\n<link rel=\"canonical\" href=\"https:\/\/uvbbrasil.com.br\/pacheco-pede-cautela-e-responsabilidade-no-debate-sobre-pesquisas-eleitorais\/\" \/>\n<meta property=\"og:locale\" content=\"pt_BR\" \/>\n<meta property=\"og:type\" content=\"article\" \/>\n<meta property=\"og:title\" content=\"Pacheco pede cautela e responsabilidade no debate sobre pesquisas eleitorais - UVB Brasil\" \/>\n<meta property=\"og:description\" content=\"Em entrevista coletiva na tarde desta ter\u00e7a-feira (11), o presidente do Senado, Rodrigo Pacheco, pediu cautela e responsabilidade no debate...\" \/>\n<meta property=\"og:url\" content=\"https:\/\/uvbbrasil.com.br\/pacheco-pede-cautela-e-responsabilidade-no-debate-sobre-pesquisas-eleitorais\/\" \/>\n<meta property=\"og:site_name\" content=\"UVB Brasil\" \/>\n<meta property=\"article:publisher\" content=\"https:\/\/www.facebook.com\/uvb.vereadoresbrasil\" \/>\n<meta property=\"article:published_time\" content=\"2022-10-13T13:02:51+00:00\" \/>\n<meta property=\"og:image\" content=\"https:\/\/uvbbrasil.com.br\/wp-content\/uploads\/2022\/10\/imagem_materia.jpg\" \/>\n\t<meta property=\"og:image:width\" content=\"860\" \/>\n\t<meta property=\"og:image:height\" content=\"570\" \/>\n\t<meta property=\"og:image:type\" content=\"image\/jpeg\" \/>\n<meta name=\"author\" content=\"adminuvb\" \/>\n<meta name=\"twitter:card\" content=\"summary_large_image\" \/>\n<meta name=\"twitter:label1\" content=\"Escrito por\" \/>\n\t<meta name=\"twitter:data1\" content=\"adminuvb\" \/>\n\t<meta name=\"twitter:label2\" content=\"Est. tempo de leitura\" \/>\n\t<meta name=\"twitter:data2\" content=\"4 minutos\" \/>\n<script type=\"application\/ld+json\" class=\"yoast-schema-graph\">{\"@context\":\"https:\/\/schema.org\",\"@graph\":[{\"@type\":\"Article\",\"@id\":\"https:\/\/uvbbrasil.com.br\/pacheco-pede-cautela-e-responsabilidade-no-debate-sobre-pesquisas-eleitorais\/#article\",\"isPartOf\":{\"@id\":\"https:\/\/uvbbrasil.com.br\/pacheco-pede-cautela-e-responsabilidade-no-debate-sobre-pesquisas-eleitorais\/\"},\"author\":{\"name\":\"adminuvb\",\"@id\":\"https:\/\/uvbbrasil.com.br\/#\/schema\/person\/17990098446c098f52effddff4f1b272\"},\"headline\":\"Pacheco pede cautela e responsabilidade no debate sobre pesquisas eleitorais\",\"datePublished\":\"2022-10-13T13:02:51+00:00\",\"mainEntityOfPage\":{\"@id\":\"https:\/\/uvbbrasil.com.br\/pacheco-pede-cautela-e-responsabilidade-no-debate-sobre-pesquisas-eleitorais\/\"},\"wordCount\":889,\"commentCount\":0,\"publisher\":{\"@id\":\"https:\/\/uvbbrasil.com.br\/#organization\"},\"image\":{\"@id\":\"https:\/\/uvbbrasil.com.br\/pacheco-pede-cautela-e-responsabilidade-no-debate-sobre-pesquisas-eleitorais\/#primaryimage\"},\"thumbnailUrl\":\"https:\/\/uvbbrasil.com.br\/wp-content\/uploads\/2022\/10\/imagem_materia.jpg\",\"articleSection\":[\"NOT\u00cdCIAS\"],\"inLanguage\":\"pt-BR\",\"potentialAction\":[{\"@type\":\"CommentAction\",\"name\":\"Comment\",\"target\":[\"https:\/\/uvbbrasil.com.br\/pacheco-pede-cautela-e-responsabilidade-no-debate-sobre-pesquisas-eleitorais\/#respond\"]}]},{\"@type\":\"WebPage\",\"@id\":\"https:\/\/uvbbrasil.com.br\/pacheco-pede-cautela-e-responsabilidade-no-debate-sobre-pesquisas-eleitorais\/\",\"url\":\"https:\/\/uvbbrasil.com.br\/pacheco-pede-cautela-e-responsabilidade-no-debate-sobre-pesquisas-eleitorais\/\",\"name\":\"Pacheco pede cautela e responsabilidade no debate sobre pesquisas eleitorais - UVB Brasil\",\"isPartOf\":{\"@id\":\"https:\/\/uvbbrasil.com.br\/#website\"},\"primaryImageOfPage\":{\"@id\":\"https:\/\/uvbbrasil.com.br\/pacheco-pede-cautela-e-responsabilidade-no-debate-sobre-pesquisas-eleitorais\/#primaryimage\"},\"image\":{\"@id\":\"https:\/\/uvbbrasil.com.br\/pacheco-pede-cautela-e-responsabilidade-no-debate-sobre-pesquisas-eleitorais\/#primaryimage\"},\"thumbnailUrl\":\"https:\/\/uvbbrasil.com.br\/wp-content\/uploads\/2022\/10\/imagem_materia.jpg\",\"datePublished\":\"2022-10-13T13:02:51+00:00\",\"breadcrumb\":{\"@id\":\"https:\/\/uvbbrasil.com.br\/pacheco-pede-cautela-e-responsabilidade-no-debate-sobre-pesquisas-eleitorais\/#breadcrumb\"},\"inLanguage\":\"pt-BR\",\"potentialAction\":[{\"@type\":\"ReadAction\",\"target\":[\"https:\/\/uvbbrasil.com.br\/pacheco-pede-cautela-e-responsabilidade-no-debate-sobre-pesquisas-eleitorais\/\"]}]},{\"@type\":\"ImageObject\",\"inLanguage\":\"pt-BR\",\"@id\":\"https:\/\/uvbbrasil.com.br\/pacheco-pede-cautela-e-responsabilidade-no-debate-sobre-pesquisas-eleitorais\/#primaryimage\",\"url\":\"https:\/\/uvbbrasil.com.br\/wp-content\/uploads\/2022\/10\/imagem_materia.jpg\",\"contentUrl\":\"https:\/\/uvbbrasil.com.br\/wp-content\/uploads\/2022\/10\/imagem_materia.jpg\",\"width\":860,\"height\":570},{\"@type\":\"BreadcrumbList\",\"@id\":\"https:\/\/uvbbrasil.com.br\/pacheco-pede-cautela-e-responsabilidade-no-debate-sobre-pesquisas-eleitorais\/#breadcrumb\",\"itemListElement\":[{\"@type\":\"ListItem\",\"position\":1,\"name\":\"In\u00edcio\",\"item\":\"https:\/\/uvbbrasil.com.br\/\"},{\"@type\":\"ListItem\",\"position\":2,\"name\":\"Pacheco pede cautela e responsabilidade no debate sobre pesquisas eleitorais\"}]},{\"@type\":\"WebSite\",\"@id\":\"https:\/\/uvbbrasil.com.br\/#website\",\"url\":\"https:\/\/uvbbrasil.com.br\/\",\"name\":\"UVB Brasil\",\"description\":\"Uni\u00e3o dos Vereadores do Brasil\",\"publisher\":{\"@id\":\"https:\/\/uvbbrasil.com.br\/#organization\"},\"potentialAction\":[{\"@type\":\"SearchAction\",\"target\":{\"@type\":\"EntryPoint\",\"urlTemplate\":\"https:\/\/uvbbrasil.com.br\/?s={search_term_string}\"},\"query-input\":{\"@type\":\"PropertyValueSpecification\",\"valueRequired\":true,\"valueName\":\"search_term_string\"}}],\"inLanguage\":\"pt-BR\"},{\"@type\":\"Organization\",\"@id\":\"https:\/\/uvbbrasil.com.br\/#organization\",\"name\":\"UVB Brasil\",\"url\":\"https:\/\/uvbbrasil.com.br\/\",\"logo\":{\"@type\":\"ImageObject\",\"inLanguage\":\"pt-BR\",\"@id\":\"https:\/\/uvbbrasil.com.br\/#\/schema\/logo\/image\/\",\"url\":\"https:\/\/uvbbrasil.com.br\/wp-content\/uploads\/2025\/01\/LOGO-UVB-2024-azul-1.jpg\",\"contentUrl\":\"https:\/\/uvbbrasil.com.br\/wp-content\/uploads\/2025\/01\/LOGO-UVB-2024-azul-1.jpg\",\"width\":600,\"height\":211,\"caption\":\"UVB Brasil\"},\"image\":{\"@id\":\"https:\/\/uvbbrasil.com.br\/#\/schema\/logo\/image\/\"},\"sameAs\":[\"https:\/\/www.facebook.com\/uvb.vereadoresbrasil\",\"https:\/\/www.instagram.com\/uvbbrasil\/\",\"https:\/\/www.youtube.com\/channel\/UCIlPQ8Xzw5GHNzosQIg9S5A\"]},{\"@type\":\"Person\",\"@id\":\"https:\/\/uvbbrasil.com.br\/#\/schema\/person\/17990098446c098f52effddff4f1b272\",\"name\":\"adminuvb\",\"image\":{\"@type\":\"ImageObject\",\"inLanguage\":\"pt-BR\",\"@id\":\"https:\/\/uvbbrasil.com.br\/#\/schema\/person\/image\/\",\"url\":\"https:\/\/secure.gravatar.com\/avatar\/1a494ea6f8e2dd1ae526e55b0e9497efdba542491e0620d704cccf63c6f77c45?s=96&d=mm&r=g\",\"contentUrl\":\"https:\/\/secure.gravatar.com\/avatar\/1a494ea6f8e2dd1ae526e55b0e9497efdba542491e0620d704cccf63c6f77c45?s=96&d=mm&r=g\",\"caption\":\"adminuvb\"},\"sameAs\":[\"https:\/\/uvbbrasil.com.br\"],\"url\":\"https:\/\/uvbbrasil.com.br\/author\/adminuvb\/\"}]}<\/script>\n<!-- \/ Yoast SEO plugin. -->","yoast_head_json":{"title":"Pacheco pede cautela e responsabilidade no debate sobre pesquisas eleitorais - UVB Brasil","robots":{"index":"index","follow":"follow","max-snippet":"max-snippet:-1","max-image-preview":"max-image-preview:large","max-video-preview":"max-video-preview:-1"},"canonical":"https:\/\/uvbbrasil.com.br\/pacheco-pede-cautela-e-responsabilidade-no-debate-sobre-pesquisas-eleitorais\/","og_locale":"pt_BR","og_type":"article","og_title":"Pacheco pede cautela e responsabilidade no debate sobre pesquisas eleitorais - UVB Brasil","og_description":"Em entrevista coletiva na tarde desta ter\u00e7a-feira (11), o presidente do Senado, Rodrigo Pacheco, pediu cautela e responsabilidade no debate...","og_url":"https:\/\/uvbbrasil.com.br\/pacheco-pede-cautela-e-responsabilidade-no-debate-sobre-pesquisas-eleitorais\/","og_site_name":"UVB Brasil","article_publisher":"https:\/\/www.facebook.com\/uvb.vereadoresbrasil","article_published_time":"2022-10-13T13:02:51+00:00","og_image":[{"width":860,"height":570,"url":"https:\/\/uvbbrasil.com.br\/wp-content\/uploads\/2022\/10\/imagem_materia.jpg","type":"image\/jpeg"}],"author":"adminuvb","twitter_card":"summary_large_image","twitter_misc":{"Escrito por":"adminuvb","Est. tempo de leitura":"4 minutos"},"schema":{"@context":"https:\/\/schema.org","@graph":[{"@type":"Article","@id":"https:\/\/uvbbrasil.com.br\/pacheco-pede-cautela-e-responsabilidade-no-debate-sobre-pesquisas-eleitorais\/#article","isPartOf":{"@id":"https:\/\/uvbbrasil.com.br\/pacheco-pede-cautela-e-responsabilidade-no-debate-sobre-pesquisas-eleitorais\/"},"author":{"name":"adminuvb","@id":"https:\/\/uvbbrasil.com.br\/#\/schema\/person\/17990098446c098f52effddff4f1b272"},"headline":"Pacheco pede cautela e responsabilidade no debate sobre pesquisas eleitorais","datePublished":"2022-10-13T13:02:51+00:00","mainEntityOfPage":{"@id":"https:\/\/uvbbrasil.com.br\/pacheco-pede-cautela-e-responsabilidade-no-debate-sobre-pesquisas-eleitorais\/"},"wordCount":889,"commentCount":0,"publisher":{"@id":"https:\/\/uvbbrasil.com.br\/#organization"},"image":{"@id":"https:\/\/uvbbrasil.com.br\/pacheco-pede-cautela-e-responsabilidade-no-debate-sobre-pesquisas-eleitorais\/#primaryimage"},"thumbnailUrl":"https:\/\/uvbbrasil.com.br\/wp-content\/uploads\/2022\/10\/imagem_materia.jpg","articleSection":["NOT\u00cdCIAS"],"inLanguage":"pt-BR","potentialAction":[{"@type":"CommentAction","name":"Comment","target":["https:\/\/uvbbrasil.com.br\/pacheco-pede-cautela-e-responsabilidade-no-debate-sobre-pesquisas-eleitorais\/#respond"]}]},{"@type":"WebPage","@id":"https:\/\/uvbbrasil.com.br\/pacheco-pede-cautela-e-responsabilidade-no-debate-sobre-pesquisas-eleitorais\/","url":"https:\/\/uvbbrasil.com.br\/pacheco-pede-cautela-e-responsabilidade-no-debate-sobre-pesquisas-eleitorais\/","name":"Pacheco pede cautela e responsabilidade no debate sobre pesquisas eleitorais - UVB Brasil","isPartOf":{"@id":"https:\/\/uvbbrasil.com.br\/#website"},"primaryImageOfPage":{"@id":"https:\/\/uvbbrasil.com.br\/pacheco-pede-cautela-e-responsabilidade-no-debate-sobre-pesquisas-eleitorais\/#primaryimage"},"image":{"@id":"https:\/\/uvbbrasil.com.br\/pacheco-pede-cautela-e-responsabilidade-no-debate-sobre-pesquisas-eleitorais\/#primaryimage"},"thumbnailUrl":"https:\/\/uvbbrasil.com.br\/wp-content\/uploads\/2022\/10\/imagem_materia.jpg","datePublished":"2022-10-13T13:02:51+00:00","breadcrumb":{"@id":"https:\/\/uvbbrasil.com.br\/pacheco-pede-cautela-e-responsabilidade-no-debate-sobre-pesquisas-eleitorais\/#breadcrumb"},"inLanguage":"pt-BR","potentialAction":[{"@type":"ReadAction","target":["https:\/\/uvbbrasil.com.br\/pacheco-pede-cautela-e-responsabilidade-no-debate-sobre-pesquisas-eleitorais\/"]}]},{"@type":"ImageObject","inLanguage":"pt-BR","@id":"https:\/\/uvbbrasil.com.br\/pacheco-pede-cautela-e-responsabilidade-no-debate-sobre-pesquisas-eleitorais\/#primaryimage","url":"https:\/\/uvbbrasil.com.br\/wp-content\/uploads\/2022\/10\/imagem_materia.jpg","contentUrl":"https:\/\/uvbbrasil.com.br\/wp-content\/uploads\/2022\/10\/imagem_materia.jpg","width":860,"height":570},{"@type":"BreadcrumbList","@id":"https:\/\/uvbbrasil.com.br\/pacheco-pede-cautela-e-responsabilidade-no-debate-sobre-pesquisas-eleitorais\/#breadcrumb","itemListElement":[{"@type":"ListItem","position":1,"name":"In\u00edcio","item":"https:\/\/uvbbrasil.com.br\/"},{"@type":"ListItem","position":2,"name":"Pacheco pede cautela e responsabilidade no debate sobre pesquisas eleitorais"}]},{"@type":"WebSite","@id":"https:\/\/uvbbrasil.com.br\/#website","url":"https:\/\/uvbbrasil.com.br\/","name":"UVB Brasil","description":"Uni\u00e3o dos Vereadores do Brasil","publisher":{"@id":"https:\/\/uvbbrasil.com.br\/#organization"},"potentialAction":[{"@type":"SearchAction","target":{"@type":"EntryPoint","urlTemplate":"https:\/\/uvbbrasil.com.br\/?s={search_term_string}"},"query-input":{"@type":"PropertyValueSpecification","valueRequired":true,"valueName":"search_term_string"}}],"inLanguage":"pt-BR"},{"@type":"Organization","@id":"https:\/\/uvbbrasil.com.br\/#organization","name":"UVB Brasil","url":"https:\/\/uvbbrasil.com.br\/","logo":{"@type":"ImageObject","inLanguage":"pt-BR","@id":"https:\/\/uvbbrasil.com.br\/#\/schema\/logo\/image\/","url":"https:\/\/uvbbrasil.com.br\/wp-content\/uploads\/2025\/01\/LOGO-UVB-2024-azul-1.jpg","contentUrl":"https:\/\/uvbbrasil.com.br\/wp-content\/uploads\/2025\/01\/LOGO-UVB-2024-azul-1.jpg","width":600,"height":211,"caption":"UVB Brasil"},"image":{"@id":"https:\/\/uvbbrasil.com.br\/#\/schema\/logo\/image\/"},"sameAs":["https:\/\/www.facebook.com\/uvb.vereadoresbrasil","https:\/\/www.instagram.com\/uvbbrasil\/","https:\/\/www.youtube.com\/channel\/UCIlPQ8Xzw5GHNzosQIg9S5A"]},{"@type":"Person","@id":"https:\/\/uvbbrasil.com.br\/#\/schema\/person\/17990098446c098f52effddff4f1b272","name":"adminuvb","image":{"@type":"ImageObject","inLanguage":"pt-BR","@id":"https:\/\/uvbbrasil.com.br\/#\/schema\/person\/image\/","url":"https:\/\/secure.gravatar.com\/avatar\/1a494ea6f8e2dd1ae526e55b0e9497efdba542491e0620d704cccf63c6f77c45?s=96&d=mm&r=g","contentUrl":"https:\/\/secure.gravatar.com\/avatar\/1a494ea6f8e2dd1ae526e55b0e9497efdba542491e0620d704cccf63c6f77c45?s=96&d=mm&r=g","caption":"adminuvb"},"sameAs":["https:\/\/uvbbrasil.com.br"],"url":"https:\/\/uvbbrasil.com.br\/author\/adminuvb\/"}]}},"_links":{"self":[{"href":"https:\/\/uvbbrasil.com.br\/uvb-json\/wp\/v2\/posts\/27387","targetHints":{"allow":["GET"]}}],"collection":[{"href":"https:\/\/uvbbrasil.com.br\/uvb-json\/wp\/v2\/posts"}],"about":[{"href":"https:\/\/uvbbrasil.com.br\/uvb-json\/wp\/v2\/types\/post"}],"author":[{"embeddable":true,"href":"https:\/\/uvbbrasil.com.br\/uvb-json\/wp\/v2\/users\/1"}],"replies":[{"embeddable":true,"href":"https:\/\/uvbbrasil.com.br\/uvb-json\/wp\/v2\/comments?post=27387"}],"version-history":[{"count":0,"href":"https:\/\/uvbbrasil.com.br\/uvb-json\/wp\/v2\/posts\/27387\/revisions"}],"wp:featuredmedia":[{"embeddable":true,"href":"https:\/\/uvbbrasil.com.br\/uvb-json\/wp\/v2\/media\/27388"}],"wp:attachment":[{"href":"https:\/\/uvbbrasil.com.br\/uvb-json\/wp\/v2\/media?parent=27387"}],"wp:term":[{"taxonomy":"category","embeddable":true,"href":"https:\/\/uvbbrasil.com.br\/uvb-json\/wp\/v2\/categories?post=27387"},{"taxonomy":"post_tag","embeddable":true,"href":"https:\/\/uvbbrasil.com.br\/uvb-json\/wp\/v2\/tags?post=27387"}],"curies":[{"name":"wp","href":"https:\/\/api.w.org\/{rel}","templated":true}]}}