{"id":27334,"date":"2022-10-07T11:57:19","date_gmt":"2022-10-07T14:57:19","guid":{"rendered":"https:\/\/wpsandbox4.pante.com.br\/?p=27334"},"modified":"2022-10-07T11:57:19","modified_gmt":"2022-10-07T14:57:19","slug":"prefeito-de-irai-prestigia-evento-de-legislativos-da-uvb","status":"publish","type":"post","link":"https:\/\/uvbbrasil.com.br\/prefeito-de-irai-prestigia-evento-de-legislativos-da-uvb\/","title":{"rendered":"Prefeito de Ira\u00ed prestigia evento de legislativos da UVB"},"content":{"rendered":"<p>A programa\u00e7\u00e3o do Encontro Nacional de Legislativos e Gestores Municipais promovido na cidade de Ira\u00ed contou com a participa\u00e7\u00e3o do prefeito Ant\u00f4nio Vilson Bernadi na tarde desta quinta-feira(06).<\/p>\n<p>O prefeito de Ira\u00ed\/RS, Ant\u00f4nio Vilson Bernardi, em uso da palavra \u00a0saudou a todos os presentes no evento, citou o tradicionalismo, ele que ap\u00f3s ascender a chama crioula, passou a se trajar com indument\u00e1ria ga\u00facha em todas as ocasi\u00f5es. O prefeito Iraiense\u00a0 demonstrou aos vereadores e vereadoras de outros estados um pouco sobre a cultura e o desenvolvimento do munic\u00edpio.<\/p>\n<p>Ira\u00ed \u00e9 conhecida como \u201cCidade Sa\u00fade\u201d, devido \u00e0s suas fontes de \u00e1guas minerais. Essas \u00e1guas devido \u00e0 sua composi\u00e7\u00e3o qu\u00edmica s\u00e3o indicadas no tratamento de doen\u00e7as de pele, f\u00edgado, rins, sistema nervoso, reumatismo, entre outros.<\/p>\n<p>Em rela\u00e7\u00e3o \u00e0 etnia do munic\u00edpio h\u00e1 predomin\u00e2ncia da origem italiana, mas h\u00e1 presen\u00e7a da origem alem\u00e3, polonesa, russa e luso-brasileira.<\/p>\n<p><img fetchpriority=\"high\" decoding=\"async\" class=\"alignnone size-medium wp-image-27335\" src=\"https:\/\/uvbbrasil.com.br\/wp-content\/uploads\/2022\/10\/WhatsApp-Image-2022-10-06-at-19.29.00-225x300.jpeg\" alt=\"\" width=\"225\" height=\"300\" srcset=\"https:\/\/uvbbrasil.com.br\/wp-content\/uploads\/2022\/10\/WhatsApp-Image-2022-10-06-at-19.29.00-225x300.jpeg 225w, https:\/\/uvbbrasil.com.br\/wp-content\/uploads\/2022\/10\/WhatsApp-Image-2022-10-06-at-19.29.00-768x1024.jpeg 768w, https:\/\/uvbbrasil.com.br\/wp-content\/uploads\/2022\/10\/WhatsApp-Image-2022-10-06-at-19.29.00.jpeg 960w\" sizes=\"(max-width: 225px) 100vw, 225px\" \/><img decoding=\"async\" class=\"alignnone size-medium wp-image-27339\" src=\"https:\/\/uvbbrasil.com.br\/wp-content\/uploads\/2022\/10\/WhatsApp-Image-2022-10-06-at-19.29.00-1-300x225.jpeg\" alt=\"\" width=\"300\" height=\"225\" srcset=\"https:\/\/uvbbrasil.com.br\/wp-content\/uploads\/2022\/10\/WhatsApp-Image-2022-10-06-at-19.29.00-1-300x225.jpeg 300w, https:\/\/uvbbrasil.com.br\/wp-content\/uploads\/2022\/10\/WhatsApp-Image-2022-10-06-at-19.29.00-1-1024x768.jpeg 1024w, https:\/\/uvbbrasil.com.br\/wp-content\/uploads\/2022\/10\/WhatsApp-Image-2022-10-06-at-19.29.00-1-768x576.jpeg 768w, https:\/\/uvbbrasil.com.br\/wp-content\/uploads\/2022\/10\/WhatsApp-Image-2022-10-06-at-19.29.00-1.jpeg 1280w\" sizes=\"(max-width: 300px) 100vw, 300px\" \/><img decoding=\"async\" class=\"alignnone size-medium wp-image-27336\" src=\"https:\/\/uvbbrasil.com.br\/wp-content\/uploads\/2022\/10\/WhatsApp-Image-2022-10-06-at-19.29.01-300x200.jpeg\" alt=\"\" width=\"300\" height=\"200\" srcset=\"https:\/\/uvbbrasil.com.br\/wp-content\/uploads\/2022\/10\/WhatsApp-Image-2022-10-06-at-19.29.01-300x200.jpeg 300w, https:\/\/uvbbrasil.com.br\/wp-content\/uploads\/2022\/10\/WhatsApp-Image-2022-10-06-at-19.29.01-1024x682.jpeg 1024w, https:\/\/uvbbrasil.com.br\/wp-content\/uploads\/2022\/10\/WhatsApp-Image-2022-10-06-at-19.29.01-768x512.jpeg 768w, https:\/\/uvbbrasil.com.br\/wp-content\/uploads\/2022\/10\/WhatsApp-Image-2022-10-06-at-19.29.01.jpeg 1280w\" sizes=\"(max-width: 300px) 100vw, 300px\" \/><img loading=\"lazy\" decoding=\"async\" class=\"alignnone size-medium wp-image-27337\" src=\"https:\/\/uvbbrasil.com.br\/wp-content\/uploads\/2022\/10\/WhatsApp-Image-2022-10-06-at-19.29.03-300x200.jpeg\" alt=\"\" width=\"300\" height=\"200\" srcset=\"https:\/\/uvbbrasil.com.br\/wp-content\/uploads\/2022\/10\/WhatsApp-Image-2022-10-06-at-19.29.03-300x200.jpeg 300w, https:\/\/uvbbrasil.com.br\/wp-content\/uploads\/2022\/10\/WhatsApp-Image-2022-10-06-at-19.29.03-1024x682.jpeg 1024w, https:\/\/uvbbrasil.com.br\/wp-content\/uploads\/2022\/10\/WhatsApp-Image-2022-10-06-at-19.29.03-768x512.jpeg 768w, https:\/\/uvbbrasil.com.br\/wp-content\/uploads\/2022\/10\/WhatsApp-Image-2022-10-06-at-19.29.03.jpeg 1280w\" sizes=\"(max-width: 300px) 100vw, 300px\" \/><img loading=\"lazy\" decoding=\"async\" class=\"alignnone size-medium wp-image-27338\" src=\"https:\/\/uvbbrasil.com.br\/wp-content\/uploads\/2022\/10\/WhatsApp-Image-2022-10-06-at-19.29.03-1-300x200.jpeg\" alt=\"\" width=\"300\" height=\"200\" srcset=\"https:\/\/uvbbrasil.com.br\/wp-content\/uploads\/2022\/10\/WhatsApp-Image-2022-10-06-at-19.29.03-1-300x200.jpeg 300w, https:\/\/uvbbrasil.com.br\/wp-content\/uploads\/2022\/10\/WhatsApp-Image-2022-10-06-at-19.29.03-1-1024x682.jpeg 1024w, https:\/\/uvbbrasil.com.br\/wp-content\/uploads\/2022\/10\/WhatsApp-Image-2022-10-06-at-19.29.03-1-768x512.jpeg 768w, https:\/\/uvbbrasil.com.br\/wp-content\/uploads\/2022\/10\/WhatsApp-Image-2022-10-06-at-19.29.03-1.jpeg 1280w\" sizes=\"(max-width: 300px) 100vw, 300px\" \/><\/p>\n","protected":false},"excerpt":{"rendered":"<p>A programa\u00e7\u00e3o do Encontro Nacional de Legislativos e Gestores Municipais promovido na cidade de Ira\u00ed contou com a participa\u00e7\u00e3o do&#8230;<\/p>\n","protected":false},"author":1,"featured_media":27335,"comment_status":"open","ping_status":"open","sticky":false,"template":"","format":"standard","meta":{"footnotes":""},"categories":[3,4],"tags":[],"class_list":["post-27334","post","type-post","status-publish","format-standard","has-post-thumbnail","hentry","category-noticias","category-home"],"yoast_head":"<!-- This site is optimized with the Yoast SEO plugin v26.7 - https:\/\/yoast.com\/wordpress\/plugins\/seo\/ -->\n<title>Prefeito de Ira\u00ed prestigia evento de legislativos da UVB - UVB Brasil<\/title>\n<meta name=\"robots\" content=\"index, follow, max-snippet:-1, max-image-preview:large, max-video-preview:-1\" \/>\n<link rel=\"canonical\" href=\"https:\/\/uvbbrasil.com.br\/prefeito-de-irai-prestigia-evento-de-legislativos-da-uvb\/\" \/>\n<meta property=\"og:locale\" content=\"pt_BR\" \/>\n<meta property=\"og:type\" content=\"article\" \/>\n<meta property=\"og:title\" content=\"Prefeito de Ira\u00ed prestigia evento de legislativos da UVB - UVB Brasil\" \/>\n<meta property=\"og:description\" content=\"A programa\u00e7\u00e3o do Encontro Nacional de Legislativos e Gestores Municipais promovido na cidade de Ira\u00ed contou com a participa\u00e7\u00e3o do...\" \/>\n<meta property=\"og:url\" content=\"https:\/\/uvbbrasil.com.br\/prefeito-de-irai-prestigia-evento-de-legislativos-da-uvb\/\" \/>\n<meta property=\"og:site_name\" content=\"UVB Brasil\" \/>\n<meta property=\"article:publisher\" content=\"https:\/\/www.facebook.com\/uvb.vereadoresbrasil\" \/>\n<meta property=\"article:published_time\" content=\"2022-10-07T14:57:19+00:00\" \/>\n<meta property=\"og:image\" content=\"https:\/\/uvbbrasil.com.br\/wp-content\/uploads\/2022\/10\/WhatsApp-Image-2022-10-06-at-19.29.00.jpeg\" \/>\n\t<meta property=\"og:image:width\" content=\"960\" \/>\n\t<meta property=\"og:image:height\" content=\"1280\" \/>\n\t<meta property=\"og:image:type\" content=\"image\/jpeg\" \/>\n<meta name=\"author\" content=\"adminuvb\" \/>\n<meta name=\"twitter:card\" content=\"summary_large_image\" \/>\n<meta name=\"twitter:label1\" content=\"Escrito por\" \/>\n\t<meta name=\"twitter:data1\" content=\"adminuvb\" \/>\n\t<meta name=\"twitter:label2\" content=\"Est. tempo de leitura\" \/>\n\t<meta name=\"twitter:data2\" content=\"2 minutos\" \/>\n<script type=\"application\/ld+json\" class=\"yoast-schema-graph\">{\"@context\":\"https:\/\/schema.org\",\"@graph\":[{\"@type\":\"Article\",\"@id\":\"https:\/\/uvbbrasil.com.br\/prefeito-de-irai-prestigia-evento-de-legislativos-da-uvb\/#article\",\"isPartOf\":{\"@id\":\"https:\/\/uvbbrasil.com.br\/prefeito-de-irai-prestigia-evento-de-legislativos-da-uvb\/\"},\"author\":{\"name\":\"adminuvb\",\"@id\":\"https:\/\/uvbbrasil.com.br\/#\/schema\/person\/17990098446c098f52effddff4f1b272\"},\"headline\":\"Prefeito de Ira\u00ed prestigia evento de legislativos da UVB\",\"datePublished\":\"2022-10-07T14:57:19+00:00\",\"mainEntityOfPage\":{\"@id\":\"https:\/\/uvbbrasil.com.br\/prefeito-de-irai-prestigia-evento-de-legislativos-da-uvb\/\"},\"wordCount\":170,\"commentCount\":0,\"publisher\":{\"@id\":\"https:\/\/uvbbrasil.com.br\/#organization\"},\"image\":{\"@id\":\"https:\/\/uvbbrasil.com.br\/prefeito-de-irai-prestigia-evento-de-legislativos-da-uvb\/#primaryimage\"},\"thumbnailUrl\":\"https:\/\/uvbbrasil.com.br\/wp-content\/uploads\/2022\/10\/WhatsApp-Image-2022-10-06-at-19.29.00.jpeg\",\"articleSection\":[\"NOT\u00cdCIAS\",\"UVB\"],\"inLanguage\":\"pt-BR\",\"potentialAction\":[{\"@type\":\"CommentAction\",\"name\":\"Comment\",\"target\":[\"https:\/\/uvbbrasil.com.br\/prefeito-de-irai-prestigia-evento-de-legislativos-da-uvb\/#respond\"]}]},{\"@type\":\"WebPage\",\"@id\":\"https:\/\/uvbbrasil.com.br\/prefeito-de-irai-prestigia-evento-de-legislativos-da-uvb\/\",\"url\":\"https:\/\/uvbbrasil.com.br\/prefeito-de-irai-prestigia-evento-de-legislativos-da-uvb\/\",\"name\":\"Prefeito de Ira\u00ed prestigia evento de legislativos da UVB - UVB Brasil\",\"isPartOf\":{\"@id\":\"https:\/\/uvbbrasil.com.br\/#website\"},\"primaryImageOfPage\":{\"@id\":\"https:\/\/uvbbrasil.com.br\/prefeito-de-irai-prestigia-evento-de-legislativos-da-uvb\/#primaryimage\"},\"image\":{\"@id\":\"https:\/\/uvbbrasil.com.br\/prefeito-de-irai-prestigia-evento-de-legislativos-da-uvb\/#primaryimage\"},\"thumbnailUrl\":\"https:\/\/uvbbrasil.com.br\/wp-content\/uploads\/2022\/10\/WhatsApp-Image-2022-10-06-at-19.29.00.jpeg\",\"datePublished\":\"2022-10-07T14:57:19+00:00\",\"breadcrumb\":{\"@id\":\"https:\/\/uvbbrasil.com.br\/prefeito-de-irai-prestigia-evento-de-legislativos-da-uvb\/#breadcrumb\"},\"inLanguage\":\"pt-BR\",\"potentialAction\":[{\"@type\":\"ReadAction\",\"target\":[\"https:\/\/uvbbrasil.com.br\/prefeito-de-irai-prestigia-evento-de-legislativos-da-uvb\/\"]}]},{\"@type\":\"ImageObject\",\"inLanguage\":\"pt-BR\",\"@id\":\"https:\/\/uvbbrasil.com.br\/prefeito-de-irai-prestigia-evento-de-legislativos-da-uvb\/#primaryimage\",\"url\":\"https:\/\/uvbbrasil.com.br\/wp-content\/uploads\/2022\/10\/WhatsApp-Image-2022-10-06-at-19.29.00.jpeg\",\"contentUrl\":\"https:\/\/uvbbrasil.com.br\/wp-content\/uploads\/2022\/10\/WhatsApp-Image-2022-10-06-at-19.29.00.jpeg\",\"width\":960,\"height\":1280},{\"@type\":\"BreadcrumbList\",\"@id\":\"https:\/\/uvbbrasil.com.br\/prefeito-de-irai-prestigia-evento-de-legislativos-da-uvb\/#breadcrumb\",\"itemListElement\":[{\"@type\":\"ListItem\",\"position\":1,\"name\":\"In\u00edcio\",\"item\":\"https:\/\/uvbbrasil.com.br\/\"},{\"@type\":\"ListItem\",\"position\":2,\"name\":\"Prefeito de Ira\u00ed prestigia evento de legislativos da UVB\"}]},{\"@type\":\"WebSite\",\"@id\":\"https:\/\/uvbbrasil.com.br\/#website\",\"url\":\"https:\/\/uvbbrasil.com.br\/\",\"name\":\"UVB Brasil\",\"description\":\"Uni\u00e3o dos Vereadores do Brasil\",\"publisher\":{\"@id\":\"https:\/\/uvbbrasil.com.br\/#organization\"},\"potentialAction\":[{\"@type\":\"SearchAction\",\"target\":{\"@type\":\"EntryPoint\",\"urlTemplate\":\"https:\/\/uvbbrasil.com.br\/?s={search_term_string}\"},\"query-input\":{\"@type\":\"PropertyValueSpecification\",\"valueRequired\":true,\"valueName\":\"search_term_string\"}}],\"inLanguage\":\"pt-BR\"},{\"@type\":\"Organization\",\"@id\":\"https:\/\/uvbbrasil.com.br\/#organization\",\"name\":\"UVB Brasil\",\"url\":\"https:\/\/uvbbrasil.com.br\/\",\"logo\":{\"@type\":\"ImageObject\",\"inLanguage\":\"pt-BR\",\"@id\":\"https:\/\/uvbbrasil.com.br\/#\/schema\/logo\/image\/\",\"url\":\"https:\/\/uvbbrasil.com.br\/wp-content\/uploads\/2025\/01\/LOGO-UVB-2024-azul-1.jpg\",\"contentUrl\":\"https:\/\/uvbbrasil.com.br\/wp-content\/uploads\/2025\/01\/LOGO-UVB-2024-azul-1.jpg\",\"width\":600,\"height\":211,\"caption\":\"UVB Brasil\"},\"image\":{\"@id\":\"https:\/\/uvbbrasil.com.br\/#\/schema\/logo\/image\/\"},\"sameAs\":[\"https:\/\/www.facebook.com\/uvb.vereadoresbrasil\",\"https:\/\/www.instagram.com\/uvbbrasil\/\",\"https:\/\/www.youtube.com\/channel\/UCIlPQ8Xzw5GHNzosQIg9S5A\"]},{\"@type\":\"Person\",\"@id\":\"https:\/\/uvbbrasil.com.br\/#\/schema\/person\/17990098446c098f52effddff4f1b272\",\"name\":\"adminuvb\",\"image\":{\"@type\":\"ImageObject\",\"inLanguage\":\"pt-BR\",\"@id\":\"https:\/\/uvbbrasil.com.br\/#\/schema\/person\/image\/\",\"url\":\"https:\/\/secure.gravatar.com\/avatar\/1a494ea6f8e2dd1ae526e55b0e9497efdba542491e0620d704cccf63c6f77c45?s=96&d=mm&r=g\",\"contentUrl\":\"https:\/\/secure.gravatar.com\/avatar\/1a494ea6f8e2dd1ae526e55b0e9497efdba542491e0620d704cccf63c6f77c45?s=96&d=mm&r=g\",\"caption\":\"adminuvb\"},\"sameAs\":[\"https:\/\/uvbbrasil.com.br\"],\"url\":\"https:\/\/uvbbrasil.com.br\/author\/adminuvb\/\"}]}<\/script>\n<!-- \/ Yoast SEO plugin. -->","yoast_head_json":{"title":"Prefeito de Ira\u00ed prestigia evento de legislativos da UVB - UVB Brasil","robots":{"index":"index","follow":"follow","max-snippet":"max-snippet:-1","max-image-preview":"max-image-preview:large","max-video-preview":"max-video-preview:-1"},"canonical":"https:\/\/uvbbrasil.com.br\/prefeito-de-irai-prestigia-evento-de-legislativos-da-uvb\/","og_locale":"pt_BR","og_type":"article","og_title":"Prefeito de Ira\u00ed prestigia evento de legislativos da UVB - UVB Brasil","og_description":"A programa\u00e7\u00e3o do Encontro Nacional de Legislativos e Gestores Municipais promovido na cidade de Ira\u00ed contou com a participa\u00e7\u00e3o do...","og_url":"https:\/\/uvbbrasil.com.br\/prefeito-de-irai-prestigia-evento-de-legislativos-da-uvb\/","og_site_name":"UVB Brasil","article_publisher":"https:\/\/www.facebook.com\/uvb.vereadoresbrasil","article_published_time":"2022-10-07T14:57:19+00:00","og_image":[{"width":960,"height":1280,"url":"https:\/\/uvbbrasil.com.br\/wp-content\/uploads\/2022\/10\/WhatsApp-Image-2022-10-06-at-19.29.00.jpeg","type":"image\/jpeg"}],"author":"adminuvb","twitter_card":"summary_large_image","twitter_misc":{"Escrito por":"adminuvb","Est. tempo de leitura":"2 minutos"},"schema":{"@context":"https:\/\/schema.org","@graph":[{"@type":"Article","@id":"https:\/\/uvbbrasil.com.br\/prefeito-de-irai-prestigia-evento-de-legislativos-da-uvb\/#article","isPartOf":{"@id":"https:\/\/uvbbrasil.com.br\/prefeito-de-irai-prestigia-evento-de-legislativos-da-uvb\/"},"author":{"name":"adminuvb","@id":"https:\/\/uvbbrasil.com.br\/#\/schema\/person\/17990098446c098f52effddff4f1b272"},"headline":"Prefeito de Ira\u00ed prestigia evento de legislativos da UVB","datePublished":"2022-10-07T14:57:19+00:00","mainEntityOfPage":{"@id":"https:\/\/uvbbrasil.com.br\/prefeito-de-irai-prestigia-evento-de-legislativos-da-uvb\/"},"wordCount":170,"commentCount":0,"publisher":{"@id":"https:\/\/uvbbrasil.com.br\/#organization"},"image":{"@id":"https:\/\/uvbbrasil.com.br\/prefeito-de-irai-prestigia-evento-de-legislativos-da-uvb\/#primaryimage"},"thumbnailUrl":"https:\/\/uvbbrasil.com.br\/wp-content\/uploads\/2022\/10\/WhatsApp-Image-2022-10-06-at-19.29.00.jpeg","articleSection":["NOT\u00cdCIAS","UVB"],"inLanguage":"pt-BR","potentialAction":[{"@type":"CommentAction","name":"Comment","target":["https:\/\/uvbbrasil.com.br\/prefeito-de-irai-prestigia-evento-de-legislativos-da-uvb\/#respond"]}]},{"@type":"WebPage","@id":"https:\/\/uvbbrasil.com.br\/prefeito-de-irai-prestigia-evento-de-legislativos-da-uvb\/","url":"https:\/\/uvbbrasil.com.br\/prefeito-de-irai-prestigia-evento-de-legislativos-da-uvb\/","name":"Prefeito de Ira\u00ed prestigia evento de legislativos da UVB - UVB Brasil","isPartOf":{"@id":"https:\/\/uvbbrasil.com.br\/#website"},"primaryImageOfPage":{"@id":"https:\/\/uvbbrasil.com.br\/prefeito-de-irai-prestigia-evento-de-legislativos-da-uvb\/#primaryimage"},"image":{"@id":"https:\/\/uvbbrasil.com.br\/prefeito-de-irai-prestigia-evento-de-legislativos-da-uvb\/#primaryimage"},"thumbnailUrl":"https:\/\/uvbbrasil.com.br\/wp-content\/uploads\/2022\/10\/WhatsApp-Image-2022-10-06-at-19.29.00.jpeg","datePublished":"2022-10-07T14:57:19+00:00","breadcrumb":{"@id":"https:\/\/uvbbrasil.com.br\/prefeito-de-irai-prestigia-evento-de-legislativos-da-uvb\/#breadcrumb"},"inLanguage":"pt-BR","potentialAction":[{"@type":"ReadAction","target":["https:\/\/uvbbrasil.com.br\/prefeito-de-irai-prestigia-evento-de-legislativos-da-uvb\/"]}]},{"@type":"ImageObject","inLanguage":"pt-BR","@id":"https:\/\/uvbbrasil.com.br\/prefeito-de-irai-prestigia-evento-de-legislativos-da-uvb\/#primaryimage","url":"https:\/\/uvbbrasil.com.br\/wp-content\/uploads\/2022\/10\/WhatsApp-Image-2022-10-06-at-19.29.00.jpeg","contentUrl":"https:\/\/uvbbrasil.com.br\/wp-content\/uploads\/2022\/10\/WhatsApp-Image-2022-10-06-at-19.29.00.jpeg","width":960,"height":1280},{"@type":"BreadcrumbList","@id":"https:\/\/uvbbrasil.com.br\/prefeito-de-irai-prestigia-evento-de-legislativos-da-uvb\/#breadcrumb","itemListElement":[{"@type":"ListItem","position":1,"name":"In\u00edcio","item":"https:\/\/uvbbrasil.com.br\/"},{"@type":"ListItem","position":2,"name":"Prefeito de Ira\u00ed prestigia evento de legislativos da UVB"}]},{"@type":"WebSite","@id":"https:\/\/uvbbrasil.com.br\/#website","url":"https:\/\/uvbbrasil.com.br\/","name":"UVB Brasil","description":"Uni\u00e3o dos Vereadores do Brasil","publisher":{"@id":"https:\/\/uvbbrasil.com.br\/#organization"},"potentialAction":[{"@type":"SearchAction","target":{"@type":"EntryPoint","urlTemplate":"https:\/\/uvbbrasil.com.br\/?s={search_term_string}"},"query-input":{"@type":"PropertyValueSpecification","valueRequired":true,"valueName":"search_term_string"}}],"inLanguage":"pt-BR"},{"@type":"Organization","@id":"https:\/\/uvbbrasil.com.br\/#organization","name":"UVB Brasil","url":"https:\/\/uvbbrasil.com.br\/","logo":{"@type":"ImageObject","inLanguage":"pt-BR","@id":"https:\/\/uvbbrasil.com.br\/#\/schema\/logo\/image\/","url":"https:\/\/uvbbrasil.com.br\/wp-content\/uploads\/2025\/01\/LOGO-UVB-2024-azul-1.jpg","contentUrl":"https:\/\/uvbbrasil.com.br\/wp-content\/uploads\/2025\/01\/LOGO-UVB-2024-azul-1.jpg","width":600,"height":211,"caption":"UVB Brasil"},"image":{"@id":"https:\/\/uvbbrasil.com.br\/#\/schema\/logo\/image\/"},"sameAs":["https:\/\/www.facebook.com\/uvb.vereadoresbrasil","https:\/\/www.instagram.com\/uvbbrasil\/","https:\/\/www.youtube.com\/channel\/UCIlPQ8Xzw5GHNzosQIg9S5A"]},{"@type":"Person","@id":"https:\/\/uvbbrasil.com.br\/#\/schema\/person\/17990098446c098f52effddff4f1b272","name":"adminuvb","image":{"@type":"ImageObject","inLanguage":"pt-BR","@id":"https:\/\/uvbbrasil.com.br\/#\/schema\/person\/image\/","url":"https:\/\/secure.gravatar.com\/avatar\/1a494ea6f8e2dd1ae526e55b0e9497efdba542491e0620d704cccf63c6f77c45?s=96&d=mm&r=g","contentUrl":"https:\/\/secure.gravatar.com\/avatar\/1a494ea6f8e2dd1ae526e55b0e9497efdba542491e0620d704cccf63c6f77c45?s=96&d=mm&r=g","caption":"adminuvb"},"sameAs":["https:\/\/uvbbrasil.com.br"],"url":"https:\/\/uvbbrasil.com.br\/author\/adminuvb\/"}]}},"_links":{"self":[{"href":"https:\/\/uvbbrasil.com.br\/uvb-json\/wp\/v2\/posts\/27334","targetHints":{"allow":["GET"]}}],"collection":[{"href":"https:\/\/uvbbrasil.com.br\/uvb-json\/wp\/v2\/posts"}],"about":[{"href":"https:\/\/uvbbrasil.com.br\/uvb-json\/wp\/v2\/types\/post"}],"author":[{"embeddable":true,"href":"https:\/\/uvbbrasil.com.br\/uvb-json\/wp\/v2\/users\/1"}],"replies":[{"embeddable":true,"href":"https:\/\/uvbbrasil.com.br\/uvb-json\/wp\/v2\/comments?post=27334"}],"version-history":[{"count":0,"href":"https:\/\/uvbbrasil.com.br\/uvb-json\/wp\/v2\/posts\/27334\/revisions"}],"wp:featuredmedia":[{"embeddable":true,"href":"https:\/\/uvbbrasil.com.br\/uvb-json\/wp\/v2\/media\/27335"}],"wp:attachment":[{"href":"https:\/\/uvbbrasil.com.br\/uvb-json\/wp\/v2\/media?parent=27334"}],"wp:term":[{"taxonomy":"category","embeddable":true,"href":"https:\/\/uvbbrasil.com.br\/uvb-json\/wp\/v2\/categories?post=27334"},{"taxonomy":"post_tag","embeddable":true,"href":"https:\/\/uvbbrasil.com.br\/uvb-json\/wp\/v2\/tags?post=27334"}],"curies":[{"name":"wp","href":"https:\/\/api.w.org\/{rel}","templated":true}]}}