{"id":27316,"date":"2022-10-06T11:23:38","date_gmt":"2022-10-06T14:23:38","guid":{"rendered":"https:\/\/wpsandbox4.pante.com.br\/?p=27316"},"modified":"2022-10-06T11:23:38","modified_gmt":"2022-10-06T14:23:38","slug":"funcoes-atribuicoes-prerrogativas-deveres-e-proibicoes-do-vereador","status":"publish","type":"post","link":"https:\/\/uvbbrasil.com.br\/funcoes-atribuicoes-prerrogativas-deveres-e-proibicoes-do-vereador\/","title":{"rendered":"Fun\u00e7\u00f5es, Atribui\u00e7\u00f5es, Prerrogativas, Deveres e Proibi\u00e7\u00f5es do Vereador"},"content":{"rendered":"<p>O advogado e assessor jur\u00eddico da C\u00e2mara Municipal de Ira\u00ed\/RS,\u00a0 Dr. Jarbas Paula de Souza J\u00fanior, em participa\u00e7\u00e3o ao Encontro Nacional de Legislativos e Gestores Municipais, promovido pela UVB em parceria com a C\u00e2mara Municipal de Ira\u00ed\/RS, debateu com os participantes do encontro o tema &#8221; As Fun\u00e7\u00f5es, Atribui\u00e7\u00f5es, Prerrogativas, Deveres e Proibi\u00e7\u00f5es do Vereador &#8220;.<\/p>\n<p>Ao vereador cabe elaborar as leis municipais e fiscalizar a atua\u00e7\u00e3o do Executivo \u2013 no caso, o prefeito. S\u00e3o os vereadores que prop\u00f5em, discutem e aprovam as leis a serem aplicadas no munic\u00edpio. Entre essas leis, est\u00e1 a Lei Or\u00e7ament\u00e1ria Anual, que define em que dever\u00e3o ser aplicados os recursos provenientes dos impostos pagos pelos cidad\u00e3os. Tamb\u00e9m \u00e9 dever do vereador acompanhar as a\u00e7\u00f5es do Executivo, verificando se est\u00e3o sendo cumpridas as metas de governo e se est\u00e3o sendo atendidas as normas legais.<\/p>\n<p>A Constitui\u00e7\u00e3o Federal e as leis org\u00e2nicas municipais estabelecem tudo o que o vereador pode e n\u00e3o pode fazer durante o mandato. Para acompanhar se os vereadores est\u00e3o cumprindo bem seus deveres perante a popula\u00e7\u00e3o, os eleitores podem ir \u00e0s sess\u00f5es legislativas ou mesmo conversar com os vereadores em seus gabinetes. Caso o eleitor descubra alguma irregularidade, \u00e9 poss\u00edvel fazer uma den\u00fancia ao Minist\u00e9rio P\u00fablico.<\/p>\n<p>Os vereadores fazem parte do Poder Legislativo, e discutem e votam mat\u00e9rias que envolvem impostos municipais, educa\u00e7\u00e3o municipal, linhas de \u00f4nibus e saneamento, entre outros temas da cidade. Cada vereador \u00e9 eleito de forma direta, pelo voto, tornando-se um representante da popula\u00e7\u00e3o. Por isso, deve propor projetos que estejam de acordo com os interesses e o bem-estar do povo.<\/p>\n<p>Dr. Jarbas citou tamb\u00e9m que na c\u00e2mara municipal (tamb\u00e9m chamada de c\u00e2mara de vereadores), os projetos, emendas e resolu\u00e7\u00f5es t\u00eam de passar por comiss\u00f5es, para serem votados no plen\u00e1rio. Mesmo depois de aprovados, projetos e emendas precisam ser submetidos \u00e0 aprecia\u00e7\u00e3o do prefeito, que pode vet\u00e1-los total ou parcialmente ou aprov\u00e1-los. Quando h\u00e1 aprova\u00e7\u00e3o, o projeto \u00e9 publicado no di\u00e1rio oficial da cidade e vira lei.<\/p>\n<p><img fetchpriority=\"high\" decoding=\"async\" class=\"alignnone size-medium wp-image-27317\" src=\"https:\/\/uvbbrasil.com.br\/wp-content\/uploads\/2022\/10\/WhatsApp-Image-2022-10-05-at-17.18.32-300x200.jpeg\" alt=\"\" width=\"300\" height=\"200\" srcset=\"https:\/\/uvbbrasil.com.br\/wp-content\/uploads\/2022\/10\/WhatsApp-Image-2022-10-05-at-17.18.32-300x200.jpeg 300w, https:\/\/uvbbrasil.com.br\/wp-content\/uploads\/2022\/10\/WhatsApp-Image-2022-10-05-at-17.18.32-1024x682.jpeg 1024w, https:\/\/uvbbrasil.com.br\/wp-content\/uploads\/2022\/10\/WhatsApp-Image-2022-10-05-at-17.18.32-768x512.jpeg 768w, https:\/\/uvbbrasil.com.br\/wp-content\/uploads\/2022\/10\/WhatsApp-Image-2022-10-05-at-17.18.32.jpeg 1280w\" sizes=\"(max-width: 300px) 100vw, 300px\" \/><img decoding=\"async\" class=\"alignnone size-medium wp-image-27318\" src=\"https:\/\/uvbbrasil.com.br\/wp-content\/uploads\/2022\/10\/WhatsApp-Image-2022-10-05-at-17.18.32-1-300x200.jpeg\" alt=\"\" width=\"300\" height=\"200\" srcset=\"https:\/\/uvbbrasil.com.br\/wp-content\/uploads\/2022\/10\/WhatsApp-Image-2022-10-05-at-17.18.32-1-300x200.jpeg 300w, https:\/\/uvbbrasil.com.br\/wp-content\/uploads\/2022\/10\/WhatsApp-Image-2022-10-05-at-17.18.32-1-1024x682.jpeg 1024w, https:\/\/uvbbrasil.com.br\/wp-content\/uploads\/2022\/10\/WhatsApp-Image-2022-10-05-at-17.18.32-1-768x512.jpeg 768w, https:\/\/uvbbrasil.com.br\/wp-content\/uploads\/2022\/10\/WhatsApp-Image-2022-10-05-at-17.18.32-1.jpeg 1280w\" sizes=\"(max-width: 300px) 100vw, 300px\" \/><img decoding=\"async\" class=\"alignnone size-medium wp-image-27319\" src=\"https:\/\/uvbbrasil.com.br\/wp-content\/uploads\/2022\/10\/WhatsApp-Image-2022-10-05-at-17.18.33-300x200.jpeg\" alt=\"\" width=\"300\" height=\"200\" srcset=\"https:\/\/uvbbrasil.com.br\/wp-content\/uploads\/2022\/10\/WhatsApp-Image-2022-10-05-at-17.18.33-300x200.jpeg 300w, https:\/\/uvbbrasil.com.br\/wp-content\/uploads\/2022\/10\/WhatsApp-Image-2022-10-05-at-17.18.33-1024x682.jpeg 1024w, https:\/\/uvbbrasil.com.br\/wp-content\/uploads\/2022\/10\/WhatsApp-Image-2022-10-05-at-17.18.33-768x512.jpeg 768w, https:\/\/uvbbrasil.com.br\/wp-content\/uploads\/2022\/10\/WhatsApp-Image-2022-10-05-at-17.18.33.jpeg 1280w\" sizes=\"(max-width: 300px) 100vw, 300px\" \/><img loading=\"lazy\" decoding=\"async\" class=\"alignnone size-medium wp-image-27320\" src=\"https:\/\/uvbbrasil.com.br\/wp-content\/uploads\/2022\/10\/WhatsApp-Image-2022-10-05-at-11.59.08-300x200.jpeg\" alt=\"\" width=\"300\" height=\"200\" srcset=\"https:\/\/uvbbrasil.com.br\/wp-content\/uploads\/2022\/10\/WhatsApp-Image-2022-10-05-at-11.59.08-300x200.jpeg 300w, https:\/\/uvbbrasil.com.br\/wp-content\/uploads\/2022\/10\/WhatsApp-Image-2022-10-05-at-11.59.08-1024x682.jpeg 1024w, https:\/\/uvbbrasil.com.br\/wp-content\/uploads\/2022\/10\/WhatsApp-Image-2022-10-05-at-11.59.08-768x512.jpeg 768w, https:\/\/uvbbrasil.com.br\/wp-content\/uploads\/2022\/10\/WhatsApp-Image-2022-10-05-at-11.59.08.jpeg 1280w\" sizes=\"(max-width: 300px) 100vw, 300px\" \/><img loading=\"lazy\" decoding=\"async\" class=\"alignnone size-medium wp-image-27321\" src=\"https:\/\/uvbbrasil.com.br\/wp-content\/uploads\/2022\/10\/WhatsApp-Image-2022-10-05-at-11.59.09-300x200.jpeg\" alt=\"\" width=\"300\" height=\"200\" srcset=\"https:\/\/uvbbrasil.com.br\/wp-content\/uploads\/2022\/10\/WhatsApp-Image-2022-10-05-at-11.59.09-300x200.jpeg 300w, https:\/\/uvbbrasil.com.br\/wp-content\/uploads\/2022\/10\/WhatsApp-Image-2022-10-05-at-11.59.09-1024x682.jpeg 1024w, https:\/\/uvbbrasil.com.br\/wp-content\/uploads\/2022\/10\/WhatsApp-Image-2022-10-05-at-11.59.09-768x512.jpeg 768w, https:\/\/uvbbrasil.com.br\/wp-content\/uploads\/2022\/10\/WhatsApp-Image-2022-10-05-at-11.59.09.jpeg 1280w\" sizes=\"(max-width: 300px) 100vw, 300px\" \/><img loading=\"lazy\" decoding=\"async\" class=\"alignnone size-medium wp-image-27322\" src=\"https:\/\/uvbbrasil.com.br\/wp-content\/uploads\/2022\/10\/WhatsApp-Image-2022-10-05-at-11.59.09-1-300x200.jpeg\" alt=\"\" width=\"300\" height=\"200\" srcset=\"https:\/\/uvbbrasil.com.br\/wp-content\/uploads\/2022\/10\/WhatsApp-Image-2022-10-05-at-11.59.09-1-300x200.jpeg 300w, https:\/\/uvbbrasil.com.br\/wp-content\/uploads\/2022\/10\/WhatsApp-Image-2022-10-05-at-11.59.09-1-1024x682.jpeg 1024w, https:\/\/uvbbrasil.com.br\/wp-content\/uploads\/2022\/10\/WhatsApp-Image-2022-10-05-at-11.59.09-1-768x512.jpeg 768w, https:\/\/uvbbrasil.com.br\/wp-content\/uploads\/2022\/10\/WhatsApp-Image-2022-10-05-at-11.59.09-1.jpeg 1280w\" sizes=\"(max-width: 300px) 100vw, 300px\" \/><img loading=\"lazy\" decoding=\"async\" class=\"alignnone size-medium wp-image-27323\" src=\"https:\/\/uvbbrasil.com.br\/wp-content\/uploads\/2022\/10\/WhatsApp-Image-2022-10-05-at-11.59.09-2-300x200.jpeg\" alt=\"\" width=\"300\" height=\"200\" srcset=\"https:\/\/uvbbrasil.com.br\/wp-content\/uploads\/2022\/10\/WhatsApp-Image-2022-10-05-at-11.59.09-2-300x200.jpeg 300w, https:\/\/uvbbrasil.com.br\/wp-content\/uploads\/2022\/10\/WhatsApp-Image-2022-10-05-at-11.59.09-2-1024x682.jpeg 1024w, https:\/\/uvbbrasil.com.br\/wp-content\/uploads\/2022\/10\/WhatsApp-Image-2022-10-05-at-11.59.09-2-768x512.jpeg 768w, https:\/\/uvbbrasil.com.br\/wp-content\/uploads\/2022\/10\/WhatsApp-Image-2022-10-05-at-11.59.09-2.jpeg 1280w\" sizes=\"(max-width: 300px) 100vw, 300px\" \/><\/p>\n","protected":false},"excerpt":{"rendered":"<p>O advogado e assessor jur\u00eddico da C\u00e2mara Municipal de Ira\u00ed\/RS,\u00a0 Dr. Jarbas Paula de Souza J\u00fanior, em participa\u00e7\u00e3o ao Encontro&#8230;<\/p>\n","protected":false},"author":1,"featured_media":27320,"comment_status":"open","ping_status":"open","sticky":false,"template":"","format":"standard","meta":{"footnotes":""},"categories":[3,4],"tags":[],"class_list":["post-27316","post","type-post","status-publish","format-standard","has-post-thumbnail","hentry","category-noticias","category-home"],"yoast_head":"<!-- This site is optimized with the Yoast SEO plugin v26.7 - https:\/\/yoast.com\/wordpress\/plugins\/seo\/ -->\n<title>Fun\u00e7\u00f5es, Atribui\u00e7\u00f5es, Prerrogativas, Deveres e Proibi\u00e7\u00f5es do Vereador - UVB Brasil<\/title>\n<meta name=\"robots\" content=\"index, follow, max-snippet:-1, max-image-preview:large, max-video-preview:-1\" \/>\n<link rel=\"canonical\" href=\"https:\/\/uvbbrasil.com.br\/funcoes-atribuicoes-prerrogativas-deveres-e-proibicoes-do-vereador\/\" \/>\n<meta property=\"og:locale\" content=\"pt_BR\" \/>\n<meta property=\"og:type\" content=\"article\" \/>\n<meta property=\"og:title\" content=\"Fun\u00e7\u00f5es, Atribui\u00e7\u00f5es, Prerrogativas, Deveres e Proibi\u00e7\u00f5es do Vereador - UVB Brasil\" \/>\n<meta property=\"og:description\" content=\"O advogado e assessor jur\u00eddico da C\u00e2mara Municipal de Ira\u00ed\/RS,\u00a0 Dr. Jarbas Paula de Souza J\u00fanior, em participa\u00e7\u00e3o ao Encontro...\" \/>\n<meta property=\"og:url\" content=\"https:\/\/uvbbrasil.com.br\/funcoes-atribuicoes-prerrogativas-deveres-e-proibicoes-do-vereador\/\" \/>\n<meta property=\"og:site_name\" content=\"UVB Brasil\" \/>\n<meta property=\"article:publisher\" content=\"https:\/\/www.facebook.com\/uvb.vereadoresbrasil\" \/>\n<meta property=\"article:published_time\" content=\"2022-10-06T14:23:38+00:00\" \/>\n<meta property=\"og:image\" content=\"https:\/\/uvbbrasil.com.br\/wp-content\/uploads\/2022\/10\/WhatsApp-Image-2022-10-05-at-11.59.08.jpeg\" \/>\n\t<meta property=\"og:image:width\" content=\"1280\" \/>\n\t<meta property=\"og:image:height\" content=\"853\" \/>\n\t<meta property=\"og:image:type\" content=\"image\/jpeg\" \/>\n<meta name=\"author\" content=\"adminuvb\" \/>\n<meta name=\"twitter:card\" content=\"summary_large_image\" \/>\n<meta name=\"twitter:label1\" content=\"Escrito por\" \/>\n\t<meta name=\"twitter:data1\" content=\"adminuvb\" \/>\n\t<meta name=\"twitter:label2\" content=\"Est. tempo de leitura\" \/>\n\t<meta name=\"twitter:data2\" content=\"3 minutos\" \/>\n<script type=\"application\/ld+json\" class=\"yoast-schema-graph\">{\"@context\":\"https:\/\/schema.org\",\"@graph\":[{\"@type\":\"Article\",\"@id\":\"https:\/\/uvbbrasil.com.br\/funcoes-atribuicoes-prerrogativas-deveres-e-proibicoes-do-vereador\/#article\",\"isPartOf\":{\"@id\":\"https:\/\/uvbbrasil.com.br\/funcoes-atribuicoes-prerrogativas-deveres-e-proibicoes-do-vereador\/\"},\"author\":{\"name\":\"adminuvb\",\"@id\":\"https:\/\/uvbbrasil.com.br\/#\/schema\/person\/17990098446c098f52effddff4f1b272\"},\"headline\":\"Fun\u00e7\u00f5es, Atribui\u00e7\u00f5es, Prerrogativas, Deveres e Proibi\u00e7\u00f5es do Vereador\",\"datePublished\":\"2022-10-06T14:23:38+00:00\",\"mainEntityOfPage\":{\"@id\":\"https:\/\/uvbbrasil.com.br\/funcoes-atribuicoes-prerrogativas-deveres-e-proibicoes-do-vereador\/\"},\"wordCount\":380,\"commentCount\":0,\"publisher\":{\"@id\":\"https:\/\/uvbbrasil.com.br\/#organization\"},\"image\":{\"@id\":\"https:\/\/uvbbrasil.com.br\/funcoes-atribuicoes-prerrogativas-deveres-e-proibicoes-do-vereador\/#primaryimage\"},\"thumbnailUrl\":\"https:\/\/uvbbrasil.com.br\/wp-content\/uploads\/2022\/10\/WhatsApp-Image-2022-10-05-at-11.59.08.jpeg\",\"articleSection\":[\"NOT\u00cdCIAS\",\"UVB\"],\"inLanguage\":\"pt-BR\",\"potentialAction\":[{\"@type\":\"CommentAction\",\"name\":\"Comment\",\"target\":[\"https:\/\/uvbbrasil.com.br\/funcoes-atribuicoes-prerrogativas-deveres-e-proibicoes-do-vereador\/#respond\"]}]},{\"@type\":\"WebPage\",\"@id\":\"https:\/\/uvbbrasil.com.br\/funcoes-atribuicoes-prerrogativas-deveres-e-proibicoes-do-vereador\/\",\"url\":\"https:\/\/uvbbrasil.com.br\/funcoes-atribuicoes-prerrogativas-deveres-e-proibicoes-do-vereador\/\",\"name\":\"Fun\u00e7\u00f5es, Atribui\u00e7\u00f5es, Prerrogativas, Deveres e Proibi\u00e7\u00f5es do Vereador - UVB Brasil\",\"isPartOf\":{\"@id\":\"https:\/\/uvbbrasil.com.br\/#website\"},\"primaryImageOfPage\":{\"@id\":\"https:\/\/uvbbrasil.com.br\/funcoes-atribuicoes-prerrogativas-deveres-e-proibicoes-do-vereador\/#primaryimage\"},\"image\":{\"@id\":\"https:\/\/uvbbrasil.com.br\/funcoes-atribuicoes-prerrogativas-deveres-e-proibicoes-do-vereador\/#primaryimage\"},\"thumbnailUrl\":\"https:\/\/uvbbrasil.com.br\/wp-content\/uploads\/2022\/10\/WhatsApp-Image-2022-10-05-at-11.59.08.jpeg\",\"datePublished\":\"2022-10-06T14:23:38+00:00\",\"breadcrumb\":{\"@id\":\"https:\/\/uvbbrasil.com.br\/funcoes-atribuicoes-prerrogativas-deveres-e-proibicoes-do-vereador\/#breadcrumb\"},\"inLanguage\":\"pt-BR\",\"potentialAction\":[{\"@type\":\"ReadAction\",\"target\":[\"https:\/\/uvbbrasil.com.br\/funcoes-atribuicoes-prerrogativas-deveres-e-proibicoes-do-vereador\/\"]}]},{\"@type\":\"ImageObject\",\"inLanguage\":\"pt-BR\",\"@id\":\"https:\/\/uvbbrasil.com.br\/funcoes-atribuicoes-prerrogativas-deveres-e-proibicoes-do-vereador\/#primaryimage\",\"url\":\"https:\/\/uvbbrasil.com.br\/wp-content\/uploads\/2022\/10\/WhatsApp-Image-2022-10-05-at-11.59.08.jpeg\",\"contentUrl\":\"https:\/\/uvbbrasil.com.br\/wp-content\/uploads\/2022\/10\/WhatsApp-Image-2022-10-05-at-11.59.08.jpeg\",\"width\":1280,\"height\":853},{\"@type\":\"BreadcrumbList\",\"@id\":\"https:\/\/uvbbrasil.com.br\/funcoes-atribuicoes-prerrogativas-deveres-e-proibicoes-do-vereador\/#breadcrumb\",\"itemListElement\":[{\"@type\":\"ListItem\",\"position\":1,\"name\":\"In\u00edcio\",\"item\":\"https:\/\/uvbbrasil.com.br\/\"},{\"@type\":\"ListItem\",\"position\":2,\"name\":\"Fun\u00e7\u00f5es, Atribui\u00e7\u00f5es, Prerrogativas, Deveres e Proibi\u00e7\u00f5es do Vereador\"}]},{\"@type\":\"WebSite\",\"@id\":\"https:\/\/uvbbrasil.com.br\/#website\",\"url\":\"https:\/\/uvbbrasil.com.br\/\",\"name\":\"UVB Brasil\",\"description\":\"Uni\u00e3o dos Vereadores do Brasil\",\"publisher\":{\"@id\":\"https:\/\/uvbbrasil.com.br\/#organization\"},\"potentialAction\":[{\"@type\":\"SearchAction\",\"target\":{\"@type\":\"EntryPoint\",\"urlTemplate\":\"https:\/\/uvbbrasil.com.br\/?s={search_term_string}\"},\"query-input\":{\"@type\":\"PropertyValueSpecification\",\"valueRequired\":true,\"valueName\":\"search_term_string\"}}],\"inLanguage\":\"pt-BR\"},{\"@type\":\"Organization\",\"@id\":\"https:\/\/uvbbrasil.com.br\/#organization\",\"name\":\"UVB Brasil\",\"url\":\"https:\/\/uvbbrasil.com.br\/\",\"logo\":{\"@type\":\"ImageObject\",\"inLanguage\":\"pt-BR\",\"@id\":\"https:\/\/uvbbrasil.com.br\/#\/schema\/logo\/image\/\",\"url\":\"https:\/\/uvbbrasil.com.br\/wp-content\/uploads\/2025\/01\/LOGO-UVB-2024-azul-1.jpg\",\"contentUrl\":\"https:\/\/uvbbrasil.com.br\/wp-content\/uploads\/2025\/01\/LOGO-UVB-2024-azul-1.jpg\",\"width\":600,\"height\":211,\"caption\":\"UVB Brasil\"},\"image\":{\"@id\":\"https:\/\/uvbbrasil.com.br\/#\/schema\/logo\/image\/\"},\"sameAs\":[\"https:\/\/www.facebook.com\/uvb.vereadoresbrasil\",\"https:\/\/www.instagram.com\/uvbbrasil\/\",\"https:\/\/www.youtube.com\/channel\/UCIlPQ8Xzw5GHNzosQIg9S5A\"]},{\"@type\":\"Person\",\"@id\":\"https:\/\/uvbbrasil.com.br\/#\/schema\/person\/17990098446c098f52effddff4f1b272\",\"name\":\"adminuvb\",\"image\":{\"@type\":\"ImageObject\",\"inLanguage\":\"pt-BR\",\"@id\":\"https:\/\/uvbbrasil.com.br\/#\/schema\/person\/image\/\",\"url\":\"https:\/\/secure.gravatar.com\/avatar\/1a494ea6f8e2dd1ae526e55b0e9497efdba542491e0620d704cccf63c6f77c45?s=96&d=mm&r=g\",\"contentUrl\":\"https:\/\/secure.gravatar.com\/avatar\/1a494ea6f8e2dd1ae526e55b0e9497efdba542491e0620d704cccf63c6f77c45?s=96&d=mm&r=g\",\"caption\":\"adminuvb\"},\"sameAs\":[\"https:\/\/uvbbrasil.com.br\"],\"url\":\"https:\/\/uvbbrasil.com.br\/author\/adminuvb\/\"}]}<\/script>\n<!-- \/ Yoast SEO plugin. -->","yoast_head_json":{"title":"Fun\u00e7\u00f5es, Atribui\u00e7\u00f5es, Prerrogativas, Deveres e Proibi\u00e7\u00f5es do Vereador - UVB Brasil","robots":{"index":"index","follow":"follow","max-snippet":"max-snippet:-1","max-image-preview":"max-image-preview:large","max-video-preview":"max-video-preview:-1"},"canonical":"https:\/\/uvbbrasil.com.br\/funcoes-atribuicoes-prerrogativas-deveres-e-proibicoes-do-vereador\/","og_locale":"pt_BR","og_type":"article","og_title":"Fun\u00e7\u00f5es, Atribui\u00e7\u00f5es, Prerrogativas, Deveres e Proibi\u00e7\u00f5es do Vereador - UVB Brasil","og_description":"O advogado e assessor jur\u00eddico da C\u00e2mara Municipal de Ira\u00ed\/RS,\u00a0 Dr. Jarbas Paula de Souza J\u00fanior, em participa\u00e7\u00e3o ao Encontro...","og_url":"https:\/\/uvbbrasil.com.br\/funcoes-atribuicoes-prerrogativas-deveres-e-proibicoes-do-vereador\/","og_site_name":"UVB Brasil","article_publisher":"https:\/\/www.facebook.com\/uvb.vereadoresbrasil","article_published_time":"2022-10-06T14:23:38+00:00","og_image":[{"width":1280,"height":853,"url":"https:\/\/uvbbrasil.com.br\/wp-content\/uploads\/2022\/10\/WhatsApp-Image-2022-10-05-at-11.59.08.jpeg","type":"image\/jpeg"}],"author":"adminuvb","twitter_card":"summary_large_image","twitter_misc":{"Escrito por":"adminuvb","Est. tempo de leitura":"3 minutos"},"schema":{"@context":"https:\/\/schema.org","@graph":[{"@type":"Article","@id":"https:\/\/uvbbrasil.com.br\/funcoes-atribuicoes-prerrogativas-deveres-e-proibicoes-do-vereador\/#article","isPartOf":{"@id":"https:\/\/uvbbrasil.com.br\/funcoes-atribuicoes-prerrogativas-deveres-e-proibicoes-do-vereador\/"},"author":{"name":"adminuvb","@id":"https:\/\/uvbbrasil.com.br\/#\/schema\/person\/17990098446c098f52effddff4f1b272"},"headline":"Fun\u00e7\u00f5es, Atribui\u00e7\u00f5es, Prerrogativas, Deveres e Proibi\u00e7\u00f5es do Vereador","datePublished":"2022-10-06T14:23:38+00:00","mainEntityOfPage":{"@id":"https:\/\/uvbbrasil.com.br\/funcoes-atribuicoes-prerrogativas-deveres-e-proibicoes-do-vereador\/"},"wordCount":380,"commentCount":0,"publisher":{"@id":"https:\/\/uvbbrasil.com.br\/#organization"},"image":{"@id":"https:\/\/uvbbrasil.com.br\/funcoes-atribuicoes-prerrogativas-deveres-e-proibicoes-do-vereador\/#primaryimage"},"thumbnailUrl":"https:\/\/uvbbrasil.com.br\/wp-content\/uploads\/2022\/10\/WhatsApp-Image-2022-10-05-at-11.59.08.jpeg","articleSection":["NOT\u00cdCIAS","UVB"],"inLanguage":"pt-BR","potentialAction":[{"@type":"CommentAction","name":"Comment","target":["https:\/\/uvbbrasil.com.br\/funcoes-atribuicoes-prerrogativas-deveres-e-proibicoes-do-vereador\/#respond"]}]},{"@type":"WebPage","@id":"https:\/\/uvbbrasil.com.br\/funcoes-atribuicoes-prerrogativas-deveres-e-proibicoes-do-vereador\/","url":"https:\/\/uvbbrasil.com.br\/funcoes-atribuicoes-prerrogativas-deveres-e-proibicoes-do-vereador\/","name":"Fun\u00e7\u00f5es, Atribui\u00e7\u00f5es, Prerrogativas, Deveres e Proibi\u00e7\u00f5es do Vereador - UVB Brasil","isPartOf":{"@id":"https:\/\/uvbbrasil.com.br\/#website"},"primaryImageOfPage":{"@id":"https:\/\/uvbbrasil.com.br\/funcoes-atribuicoes-prerrogativas-deveres-e-proibicoes-do-vereador\/#primaryimage"},"image":{"@id":"https:\/\/uvbbrasil.com.br\/funcoes-atribuicoes-prerrogativas-deveres-e-proibicoes-do-vereador\/#primaryimage"},"thumbnailUrl":"https:\/\/uvbbrasil.com.br\/wp-content\/uploads\/2022\/10\/WhatsApp-Image-2022-10-05-at-11.59.08.jpeg","datePublished":"2022-10-06T14:23:38+00:00","breadcrumb":{"@id":"https:\/\/uvbbrasil.com.br\/funcoes-atribuicoes-prerrogativas-deveres-e-proibicoes-do-vereador\/#breadcrumb"},"inLanguage":"pt-BR","potentialAction":[{"@type":"ReadAction","target":["https:\/\/uvbbrasil.com.br\/funcoes-atribuicoes-prerrogativas-deveres-e-proibicoes-do-vereador\/"]}]},{"@type":"ImageObject","inLanguage":"pt-BR","@id":"https:\/\/uvbbrasil.com.br\/funcoes-atribuicoes-prerrogativas-deveres-e-proibicoes-do-vereador\/#primaryimage","url":"https:\/\/uvbbrasil.com.br\/wp-content\/uploads\/2022\/10\/WhatsApp-Image-2022-10-05-at-11.59.08.jpeg","contentUrl":"https:\/\/uvbbrasil.com.br\/wp-content\/uploads\/2022\/10\/WhatsApp-Image-2022-10-05-at-11.59.08.jpeg","width":1280,"height":853},{"@type":"BreadcrumbList","@id":"https:\/\/uvbbrasil.com.br\/funcoes-atribuicoes-prerrogativas-deveres-e-proibicoes-do-vereador\/#breadcrumb","itemListElement":[{"@type":"ListItem","position":1,"name":"In\u00edcio","item":"https:\/\/uvbbrasil.com.br\/"},{"@type":"ListItem","position":2,"name":"Fun\u00e7\u00f5es, Atribui\u00e7\u00f5es, Prerrogativas, Deveres e Proibi\u00e7\u00f5es do Vereador"}]},{"@type":"WebSite","@id":"https:\/\/uvbbrasil.com.br\/#website","url":"https:\/\/uvbbrasil.com.br\/","name":"UVB Brasil","description":"Uni\u00e3o dos Vereadores do Brasil","publisher":{"@id":"https:\/\/uvbbrasil.com.br\/#organization"},"potentialAction":[{"@type":"SearchAction","target":{"@type":"EntryPoint","urlTemplate":"https:\/\/uvbbrasil.com.br\/?s={search_term_string}"},"query-input":{"@type":"PropertyValueSpecification","valueRequired":true,"valueName":"search_term_string"}}],"inLanguage":"pt-BR"},{"@type":"Organization","@id":"https:\/\/uvbbrasil.com.br\/#organization","name":"UVB Brasil","url":"https:\/\/uvbbrasil.com.br\/","logo":{"@type":"ImageObject","inLanguage":"pt-BR","@id":"https:\/\/uvbbrasil.com.br\/#\/schema\/logo\/image\/","url":"https:\/\/uvbbrasil.com.br\/wp-content\/uploads\/2025\/01\/LOGO-UVB-2024-azul-1.jpg","contentUrl":"https:\/\/uvbbrasil.com.br\/wp-content\/uploads\/2025\/01\/LOGO-UVB-2024-azul-1.jpg","width":600,"height":211,"caption":"UVB Brasil"},"image":{"@id":"https:\/\/uvbbrasil.com.br\/#\/schema\/logo\/image\/"},"sameAs":["https:\/\/www.facebook.com\/uvb.vereadoresbrasil","https:\/\/www.instagram.com\/uvbbrasil\/","https:\/\/www.youtube.com\/channel\/UCIlPQ8Xzw5GHNzosQIg9S5A"]},{"@type":"Person","@id":"https:\/\/uvbbrasil.com.br\/#\/schema\/person\/17990098446c098f52effddff4f1b272","name":"adminuvb","image":{"@type":"ImageObject","inLanguage":"pt-BR","@id":"https:\/\/uvbbrasil.com.br\/#\/schema\/person\/image\/","url":"https:\/\/secure.gravatar.com\/avatar\/1a494ea6f8e2dd1ae526e55b0e9497efdba542491e0620d704cccf63c6f77c45?s=96&d=mm&r=g","contentUrl":"https:\/\/secure.gravatar.com\/avatar\/1a494ea6f8e2dd1ae526e55b0e9497efdba542491e0620d704cccf63c6f77c45?s=96&d=mm&r=g","caption":"adminuvb"},"sameAs":["https:\/\/uvbbrasil.com.br"],"url":"https:\/\/uvbbrasil.com.br\/author\/adminuvb\/"}]}},"_links":{"self":[{"href":"https:\/\/uvbbrasil.com.br\/uvb-json\/wp\/v2\/posts\/27316","targetHints":{"allow":["GET"]}}],"collection":[{"href":"https:\/\/uvbbrasil.com.br\/uvb-json\/wp\/v2\/posts"}],"about":[{"href":"https:\/\/uvbbrasil.com.br\/uvb-json\/wp\/v2\/types\/post"}],"author":[{"embeddable":true,"href":"https:\/\/uvbbrasil.com.br\/uvb-json\/wp\/v2\/users\/1"}],"replies":[{"embeddable":true,"href":"https:\/\/uvbbrasil.com.br\/uvb-json\/wp\/v2\/comments?post=27316"}],"version-history":[{"count":0,"href":"https:\/\/uvbbrasil.com.br\/uvb-json\/wp\/v2\/posts\/27316\/revisions"}],"wp:featuredmedia":[{"embeddable":true,"href":"https:\/\/uvbbrasil.com.br\/uvb-json\/wp\/v2\/media\/27320"}],"wp:attachment":[{"href":"https:\/\/uvbbrasil.com.br\/uvb-json\/wp\/v2\/media?parent=27316"}],"wp:term":[{"taxonomy":"category","embeddable":true,"href":"https:\/\/uvbbrasil.com.br\/uvb-json\/wp\/v2\/categories?post=27316"},{"taxonomy":"post_tag","embeddable":true,"href":"https:\/\/uvbbrasil.com.br\/uvb-json\/wp\/v2\/tags?post=27316"}],"curies":[{"name":"wp","href":"https:\/\/api.w.org\/{rel}","templated":true}]}}