{"id":27192,"date":"2022-09-24T07:56:43","date_gmt":"2022-09-24T10:56:43","guid":{"rendered":"https:\/\/wpsandbox4.pante.com.br\/?p=27192"},"modified":"2022-09-24T07:56:43","modified_gmt":"2022-09-24T10:56:43","slug":"em-15-dias-irai-rs-sedia-encontro-de-legislativos-da-uvb","status":"publish","type":"post","link":"https:\/\/uvbbrasil.com.br\/em-15-dias-irai-rs-sedia-encontro-de-legislativos-da-uvb\/","title":{"rendered":"Em 10 dias Ira\u00ed\/RS sedia Encontro de Legislativos da UVB"},"content":{"rendered":"<p>Ainda d\u00e1 tempo fazer sua inscric\u0327a\u0303o para o Encontro Nacional de Legislativo Municipais em Irai\u0301\/RS, promovido pela UVB no per\u00edodo de 04 a 07 de outubro na C\u00e2mara Municipal de Ira\u00ed\/RS<\/p>\n<p>J\u00e1 estamos na contagem regressiva, faltam apenas 10 dias, na\u0303o perca tempo e ja\u0301 garanta a sua participac\u0327a\u0303o, inscric\u0327o\u0303es pelo site da UVB.<\/p>\n<p>O Pu\u0301blico Alvo: Vereadores(a), assessores, diretores, procuradores e servidores de ca\u0302maras municipais, Prefeitos, vice-prefeitos, assessores, diretores, procuradores e servidores de prefeituras municipais, assim como, membros da sociedade civil interessados nos temas propostos.<\/p>\n<p>&nbsp;<\/p>\n<p>Confira a Programa\u00e7\u00e3o completa:<\/p>\n<p><strong>Programa\u00e7\u00e3o:<\/strong><\/p>\n<p><strong>Dia 04\/10 \u2013 Ter\u00e7a \u2013 Feira<\/strong><\/p>\n<p><strong>15h \u2013 Credenciamento e distribui\u00e7\u00e3o de material<\/strong><\/p>\n<p><strong>Dia 05\/10 \u2013 Quarta \u2013 Feira<\/strong><\/p>\n<p><strong>10h \u2013 Abertura<\/strong><\/p>\n<p><strong>11h \u2013 Ira\u00ed Cidade Sa\u00fade \u2013\u00a0Apresenta\u00e7\u00e3o das potencialidades da econ\u00f4micas do munic\u00edpio<\/strong><\/p>\n<p>Administra\u00e7\u00e3o Municipal<\/p>\n<p><strong>12h \u2013 Intervalo para Almo\u00e7o<\/strong><\/p>\n<p><strong>14h \u2013 Turismo Rural como Fonte de Desenvolvimento Municipal<\/strong><\/p>\n<p><strong>15h30 \u2013 E-Social e a responsabilidade solid\u00e1ria do Legislativo<\/strong><\/p>\n<p>Luis Ricardo Silva Lucas \u2013 T\u00e9cnico em Seguran\u00e7a do Trabalho<\/p>\n<p>&nbsp;<\/p>\n<p><strong>\u00a0Dia 06\/10 \u2013 Quinta \u2013 Feira<\/strong><\/p>\n<p><strong>09h \u2013 Aspectos Relevantes do Processo Legislativo\u00a0<\/strong><\/p>\n<p>Dr. Andr\u00e9 Camillo, advogado especialista em direito administrativo e procurador da UVB<\/p>\n<p>11h- Dr. Jarbas Paula de Souza J\u00fanior , advogado e assessor jur\u00eddico da C\u00e2mara Municipal de Ira\u00ed\/RS<\/p>\n<p>12h \u2013 Intervalo para o almo\u00e7o<\/p>\n<p>14h \u2013\u00a0<strong>Projetos de Lei de Iniciativa da verean\u00e7a<\/strong><br \/>\nExemplos pr\u00e1ticos e a valoriza\u00e7\u00e3o do mandato parlamentar.<\/p>\n<p>Paulo S\u00e9rgio Guedes, advogado, diretor da Datalegis, Assessor Jur\u00eddico da UVEPAR.<\/p>\n<p><strong>15h30 \u2013 Legislativo na Escola \u2013 Apresenta\u00e7\u00e3o do Projeto Educacional da UVB<\/strong><\/p>\n<p><strong>Dia 07\/10 \u2013 Sexta \u2013 Feira<\/strong><\/p>\n<p><strong>09h \u2013 O Vereador e sua contribui\u00e7\u00e3o na fiscaliza\u00e7\u00e3o das a\u00e7\u00f5es da administra\u00e7\u00e3o municipal<\/strong><\/p>\n<p>Dr. Andr\u00e9 Camillo, advogado especialista em direito administrativo e procurador da UVB<\/p>\n<p><strong>10h30 \u2013 C\u00e2mara Protagonista<\/strong><\/p>\n<div id=\"Header_wrapper\" class=\"\">\n<div id=\"Subheader\">\n<div class=\"container\">\n<div class=\"column one\">\n<p><strong>12h \u2013 Encerramento<\/strong><\/p>\n<\/div>\n<\/div>\n<\/div>\n<\/div>\n<p><em><strong>*Programa\u00e7\u00e3o sujeita a altera\u00e7\u00f5es sem aviso pr\u00e9vio<\/strong><\/em><\/p>\n<p><em><strong>P\u00fablico Alvo: Vereadores(a), assessores, diretores, procuradores e servidores de c\u00e2maras municipais, Prefeitos, vice-prefeitos, assessores, diretores, procuradores e servidores de prefeituras municipais, assim como, membros da sociedade civil interessados nos temas propostos.<\/strong><\/em><\/p>\n<p><strong>Investimento:<\/strong>\u00a0R$ 550,00 por participante<\/p>\n<p>Maiores Informa\u00e7\u00f5es: Whatsapp \u2013 55 996449022 com Fernando(UVB)<\/p>\n<p><img fetchpriority=\"high\" decoding=\"async\" class=\"alignnone size-medium wp-image-27251\" src=\"https:\/\/uvbbrasil.com.br\/wp-content\/uploads\/2022\/09\/WhatsApp-Image-2022-09-23-at-15.53.03-300x300.jpeg\" alt=\"\" width=\"300\" height=\"300\" srcset=\"https:\/\/uvbbrasil.com.br\/wp-content\/uploads\/2022\/09\/WhatsApp-Image-2022-09-23-at-15.53.03-300x300.jpeg 300w, https:\/\/uvbbrasil.com.br\/wp-content\/uploads\/2022\/09\/WhatsApp-Image-2022-09-23-at-15.53.03-150x150.jpeg 150w, https:\/\/uvbbrasil.com.br\/wp-content\/uploads\/2022\/09\/WhatsApp-Image-2022-09-23-at-15.53.03-768x768.jpeg 768w, https:\/\/uvbbrasil.com.br\/wp-content\/uploads\/2022\/09\/WhatsApp-Image-2022-09-23-at-15.53.03.jpeg 800w\" sizes=\"(max-width: 300px) 100vw, 300px\" \/><\/p>\n","protected":false},"excerpt":{"rendered":"<p>Ainda d\u00e1 tempo fazer sua inscric\u0327a\u0303o para o Encontro Nacional de Legislativo Municipais em Irai\u0301\/RS, promovido pela UVB no per\u00edodo&#8230;<\/p>\n","protected":false},"author":1,"featured_media":27251,"comment_status":"open","ping_status":"open","sticky":false,"template":"","format":"standard","meta":{"footnotes":""},"categories":[3],"tags":[],"class_list":["post-27192","post","type-post","status-publish","format-standard","has-post-thumbnail","hentry","category-noticias"],"yoast_head":"<!-- This site is optimized with the Yoast SEO plugin v26.7 - https:\/\/yoast.com\/wordpress\/plugins\/seo\/ -->\n<title>Em 10 dias Ira\u00ed\/RS sedia Encontro de Legislativos da UVB - UVB Brasil<\/title>\n<meta name=\"robots\" content=\"index, follow, max-snippet:-1, max-image-preview:large, max-video-preview:-1\" \/>\n<link rel=\"canonical\" href=\"https:\/\/uvbbrasil.com.br\/em-15-dias-irai-rs-sedia-encontro-de-legislativos-da-uvb\/\" \/>\n<meta property=\"og:locale\" content=\"pt_BR\" \/>\n<meta property=\"og:type\" content=\"article\" \/>\n<meta property=\"og:title\" content=\"Em 10 dias Ira\u00ed\/RS sedia Encontro de Legislativos da UVB - UVB Brasil\" \/>\n<meta property=\"og:description\" content=\"Ainda d\u00e1 tempo fazer sua inscric\u0327a\u0303o para o Encontro Nacional de Legislativo Municipais em Irai\u0301\/RS, promovido pela UVB no per\u00edodo...\" \/>\n<meta property=\"og:url\" content=\"https:\/\/uvbbrasil.com.br\/em-15-dias-irai-rs-sedia-encontro-de-legislativos-da-uvb\/\" \/>\n<meta property=\"og:site_name\" content=\"UVB Brasil\" \/>\n<meta property=\"article:publisher\" content=\"https:\/\/www.facebook.com\/uvb.vereadoresbrasil\" \/>\n<meta property=\"article:published_time\" content=\"2022-09-24T10:56:43+00:00\" \/>\n<meta property=\"og:image\" content=\"https:\/\/uvbbrasil.com.br\/wp-content\/uploads\/2022\/09\/WhatsApp-Image-2022-09-23-at-15.53.03.jpeg\" \/>\n\t<meta property=\"og:image:width\" content=\"800\" \/>\n\t<meta property=\"og:image:height\" content=\"800\" \/>\n\t<meta property=\"og:image:type\" content=\"image\/jpeg\" \/>\n<meta name=\"author\" content=\"adminuvb\" \/>\n<meta name=\"twitter:card\" content=\"summary_large_image\" \/>\n<meta name=\"twitter:label1\" content=\"Escrito por\" \/>\n\t<meta name=\"twitter:data1\" content=\"adminuvb\" \/>\n\t<meta name=\"twitter:label2\" content=\"Est. tempo de leitura\" \/>\n\t<meta name=\"twitter:data2\" content=\"2 minutos\" \/>\n<script type=\"application\/ld+json\" class=\"yoast-schema-graph\">{\"@context\":\"https:\/\/schema.org\",\"@graph\":[{\"@type\":\"Article\",\"@id\":\"https:\/\/uvbbrasil.com.br\/em-15-dias-irai-rs-sedia-encontro-de-legislativos-da-uvb\/#article\",\"isPartOf\":{\"@id\":\"https:\/\/uvbbrasil.com.br\/em-15-dias-irai-rs-sedia-encontro-de-legislativos-da-uvb\/\"},\"author\":{\"name\":\"adminuvb\",\"@id\":\"https:\/\/uvbbrasil.com.br\/#\/schema\/person\/17990098446c098f52effddff4f1b272\"},\"headline\":\"Em 10 dias Ira\u00ed\/RS sedia Encontro de Legislativos da UVB\",\"datePublished\":\"2022-09-24T10:56:43+00:00\",\"mainEntityOfPage\":{\"@id\":\"https:\/\/uvbbrasil.com.br\/em-15-dias-irai-rs-sedia-encontro-de-legislativos-da-uvb\/\"},\"wordCount\":366,\"commentCount\":0,\"publisher\":{\"@id\":\"https:\/\/uvbbrasil.com.br\/#organization\"},\"image\":{\"@id\":\"https:\/\/uvbbrasil.com.br\/em-15-dias-irai-rs-sedia-encontro-de-legislativos-da-uvb\/#primaryimage\"},\"thumbnailUrl\":\"https:\/\/uvbbrasil.com.br\/wp-content\/uploads\/2022\/09\/WhatsApp-Image-2022-09-23-at-15.53.03.jpeg\",\"articleSection\":[\"NOT\u00cdCIAS\"],\"inLanguage\":\"pt-BR\",\"potentialAction\":[{\"@type\":\"CommentAction\",\"name\":\"Comment\",\"target\":[\"https:\/\/uvbbrasil.com.br\/em-15-dias-irai-rs-sedia-encontro-de-legislativos-da-uvb\/#respond\"]}]},{\"@type\":\"WebPage\",\"@id\":\"https:\/\/uvbbrasil.com.br\/em-15-dias-irai-rs-sedia-encontro-de-legislativos-da-uvb\/\",\"url\":\"https:\/\/uvbbrasil.com.br\/em-15-dias-irai-rs-sedia-encontro-de-legislativos-da-uvb\/\",\"name\":\"Em 10 dias Ira\u00ed\/RS sedia Encontro de Legislativos da UVB - UVB Brasil\",\"isPartOf\":{\"@id\":\"https:\/\/uvbbrasil.com.br\/#website\"},\"primaryImageOfPage\":{\"@id\":\"https:\/\/uvbbrasil.com.br\/em-15-dias-irai-rs-sedia-encontro-de-legislativos-da-uvb\/#primaryimage\"},\"image\":{\"@id\":\"https:\/\/uvbbrasil.com.br\/em-15-dias-irai-rs-sedia-encontro-de-legislativos-da-uvb\/#primaryimage\"},\"thumbnailUrl\":\"https:\/\/uvbbrasil.com.br\/wp-content\/uploads\/2022\/09\/WhatsApp-Image-2022-09-23-at-15.53.03.jpeg\",\"datePublished\":\"2022-09-24T10:56:43+00:00\",\"breadcrumb\":{\"@id\":\"https:\/\/uvbbrasil.com.br\/em-15-dias-irai-rs-sedia-encontro-de-legislativos-da-uvb\/#breadcrumb\"},\"inLanguage\":\"pt-BR\",\"potentialAction\":[{\"@type\":\"ReadAction\",\"target\":[\"https:\/\/uvbbrasil.com.br\/em-15-dias-irai-rs-sedia-encontro-de-legislativos-da-uvb\/\"]}]},{\"@type\":\"ImageObject\",\"inLanguage\":\"pt-BR\",\"@id\":\"https:\/\/uvbbrasil.com.br\/em-15-dias-irai-rs-sedia-encontro-de-legislativos-da-uvb\/#primaryimage\",\"url\":\"https:\/\/uvbbrasil.com.br\/wp-content\/uploads\/2022\/09\/WhatsApp-Image-2022-09-23-at-15.53.03.jpeg\",\"contentUrl\":\"https:\/\/uvbbrasil.com.br\/wp-content\/uploads\/2022\/09\/WhatsApp-Image-2022-09-23-at-15.53.03.jpeg\",\"width\":800,\"height\":800},{\"@type\":\"BreadcrumbList\",\"@id\":\"https:\/\/uvbbrasil.com.br\/em-15-dias-irai-rs-sedia-encontro-de-legislativos-da-uvb\/#breadcrumb\",\"itemListElement\":[{\"@type\":\"ListItem\",\"position\":1,\"name\":\"In\u00edcio\",\"item\":\"https:\/\/uvbbrasil.com.br\/\"},{\"@type\":\"ListItem\",\"position\":2,\"name\":\"Em 10 dias Ira\u00ed\/RS sedia Encontro de Legislativos da UVB\"}]},{\"@type\":\"WebSite\",\"@id\":\"https:\/\/uvbbrasil.com.br\/#website\",\"url\":\"https:\/\/uvbbrasil.com.br\/\",\"name\":\"UVB Brasil\",\"description\":\"Uni\u00e3o dos Vereadores do Brasil\",\"publisher\":{\"@id\":\"https:\/\/uvbbrasil.com.br\/#organization\"},\"potentialAction\":[{\"@type\":\"SearchAction\",\"target\":{\"@type\":\"EntryPoint\",\"urlTemplate\":\"https:\/\/uvbbrasil.com.br\/?s={search_term_string}\"},\"query-input\":{\"@type\":\"PropertyValueSpecification\",\"valueRequired\":true,\"valueName\":\"search_term_string\"}}],\"inLanguage\":\"pt-BR\"},{\"@type\":\"Organization\",\"@id\":\"https:\/\/uvbbrasil.com.br\/#organization\",\"name\":\"UVB Brasil\",\"url\":\"https:\/\/uvbbrasil.com.br\/\",\"logo\":{\"@type\":\"ImageObject\",\"inLanguage\":\"pt-BR\",\"@id\":\"https:\/\/uvbbrasil.com.br\/#\/schema\/logo\/image\/\",\"url\":\"https:\/\/uvbbrasil.com.br\/wp-content\/uploads\/2025\/01\/LOGO-UVB-2024-azul-1.jpg\",\"contentUrl\":\"https:\/\/uvbbrasil.com.br\/wp-content\/uploads\/2025\/01\/LOGO-UVB-2024-azul-1.jpg\",\"width\":600,\"height\":211,\"caption\":\"UVB Brasil\"},\"image\":{\"@id\":\"https:\/\/uvbbrasil.com.br\/#\/schema\/logo\/image\/\"},\"sameAs\":[\"https:\/\/www.facebook.com\/uvb.vereadoresbrasil\",\"https:\/\/www.instagram.com\/uvbbrasil\/\",\"https:\/\/www.youtube.com\/channel\/UCIlPQ8Xzw5GHNzosQIg9S5A\"]},{\"@type\":\"Person\",\"@id\":\"https:\/\/uvbbrasil.com.br\/#\/schema\/person\/17990098446c098f52effddff4f1b272\",\"name\":\"adminuvb\",\"image\":{\"@type\":\"ImageObject\",\"inLanguage\":\"pt-BR\",\"@id\":\"https:\/\/uvbbrasil.com.br\/#\/schema\/person\/image\/\",\"url\":\"https:\/\/secure.gravatar.com\/avatar\/1a494ea6f8e2dd1ae526e55b0e9497efdba542491e0620d704cccf63c6f77c45?s=96&d=mm&r=g\",\"contentUrl\":\"https:\/\/secure.gravatar.com\/avatar\/1a494ea6f8e2dd1ae526e55b0e9497efdba542491e0620d704cccf63c6f77c45?s=96&d=mm&r=g\",\"caption\":\"adminuvb\"},\"sameAs\":[\"https:\/\/uvbbrasil.com.br\"],\"url\":\"https:\/\/uvbbrasil.com.br\/author\/adminuvb\/\"}]}<\/script>\n<!-- \/ Yoast SEO plugin. -->","yoast_head_json":{"title":"Em 10 dias Ira\u00ed\/RS sedia Encontro de Legislativos da UVB - UVB Brasil","robots":{"index":"index","follow":"follow","max-snippet":"max-snippet:-1","max-image-preview":"max-image-preview:large","max-video-preview":"max-video-preview:-1"},"canonical":"https:\/\/uvbbrasil.com.br\/em-15-dias-irai-rs-sedia-encontro-de-legislativos-da-uvb\/","og_locale":"pt_BR","og_type":"article","og_title":"Em 10 dias Ira\u00ed\/RS sedia Encontro de Legislativos da UVB - UVB Brasil","og_description":"Ainda d\u00e1 tempo fazer sua inscric\u0327a\u0303o para o Encontro Nacional de Legislativo Municipais em Irai\u0301\/RS, promovido pela UVB no per\u00edodo...","og_url":"https:\/\/uvbbrasil.com.br\/em-15-dias-irai-rs-sedia-encontro-de-legislativos-da-uvb\/","og_site_name":"UVB Brasil","article_publisher":"https:\/\/www.facebook.com\/uvb.vereadoresbrasil","article_published_time":"2022-09-24T10:56:43+00:00","og_image":[{"width":800,"height":800,"url":"https:\/\/uvbbrasil.com.br\/wp-content\/uploads\/2022\/09\/WhatsApp-Image-2022-09-23-at-15.53.03.jpeg","type":"image\/jpeg"}],"author":"adminuvb","twitter_card":"summary_large_image","twitter_misc":{"Escrito por":"adminuvb","Est. tempo de leitura":"2 minutos"},"schema":{"@context":"https:\/\/schema.org","@graph":[{"@type":"Article","@id":"https:\/\/uvbbrasil.com.br\/em-15-dias-irai-rs-sedia-encontro-de-legislativos-da-uvb\/#article","isPartOf":{"@id":"https:\/\/uvbbrasil.com.br\/em-15-dias-irai-rs-sedia-encontro-de-legislativos-da-uvb\/"},"author":{"name":"adminuvb","@id":"https:\/\/uvbbrasil.com.br\/#\/schema\/person\/17990098446c098f52effddff4f1b272"},"headline":"Em 10 dias Ira\u00ed\/RS sedia Encontro de Legislativos da UVB","datePublished":"2022-09-24T10:56:43+00:00","mainEntityOfPage":{"@id":"https:\/\/uvbbrasil.com.br\/em-15-dias-irai-rs-sedia-encontro-de-legislativos-da-uvb\/"},"wordCount":366,"commentCount":0,"publisher":{"@id":"https:\/\/uvbbrasil.com.br\/#organization"},"image":{"@id":"https:\/\/uvbbrasil.com.br\/em-15-dias-irai-rs-sedia-encontro-de-legislativos-da-uvb\/#primaryimage"},"thumbnailUrl":"https:\/\/uvbbrasil.com.br\/wp-content\/uploads\/2022\/09\/WhatsApp-Image-2022-09-23-at-15.53.03.jpeg","articleSection":["NOT\u00cdCIAS"],"inLanguage":"pt-BR","potentialAction":[{"@type":"CommentAction","name":"Comment","target":["https:\/\/uvbbrasil.com.br\/em-15-dias-irai-rs-sedia-encontro-de-legislativos-da-uvb\/#respond"]}]},{"@type":"WebPage","@id":"https:\/\/uvbbrasil.com.br\/em-15-dias-irai-rs-sedia-encontro-de-legislativos-da-uvb\/","url":"https:\/\/uvbbrasil.com.br\/em-15-dias-irai-rs-sedia-encontro-de-legislativos-da-uvb\/","name":"Em 10 dias Ira\u00ed\/RS sedia Encontro de Legislativos da UVB - UVB Brasil","isPartOf":{"@id":"https:\/\/uvbbrasil.com.br\/#website"},"primaryImageOfPage":{"@id":"https:\/\/uvbbrasil.com.br\/em-15-dias-irai-rs-sedia-encontro-de-legislativos-da-uvb\/#primaryimage"},"image":{"@id":"https:\/\/uvbbrasil.com.br\/em-15-dias-irai-rs-sedia-encontro-de-legislativos-da-uvb\/#primaryimage"},"thumbnailUrl":"https:\/\/uvbbrasil.com.br\/wp-content\/uploads\/2022\/09\/WhatsApp-Image-2022-09-23-at-15.53.03.jpeg","datePublished":"2022-09-24T10:56:43+00:00","breadcrumb":{"@id":"https:\/\/uvbbrasil.com.br\/em-15-dias-irai-rs-sedia-encontro-de-legislativos-da-uvb\/#breadcrumb"},"inLanguage":"pt-BR","potentialAction":[{"@type":"ReadAction","target":["https:\/\/uvbbrasil.com.br\/em-15-dias-irai-rs-sedia-encontro-de-legislativos-da-uvb\/"]}]},{"@type":"ImageObject","inLanguage":"pt-BR","@id":"https:\/\/uvbbrasil.com.br\/em-15-dias-irai-rs-sedia-encontro-de-legislativos-da-uvb\/#primaryimage","url":"https:\/\/uvbbrasil.com.br\/wp-content\/uploads\/2022\/09\/WhatsApp-Image-2022-09-23-at-15.53.03.jpeg","contentUrl":"https:\/\/uvbbrasil.com.br\/wp-content\/uploads\/2022\/09\/WhatsApp-Image-2022-09-23-at-15.53.03.jpeg","width":800,"height":800},{"@type":"BreadcrumbList","@id":"https:\/\/uvbbrasil.com.br\/em-15-dias-irai-rs-sedia-encontro-de-legislativos-da-uvb\/#breadcrumb","itemListElement":[{"@type":"ListItem","position":1,"name":"In\u00edcio","item":"https:\/\/uvbbrasil.com.br\/"},{"@type":"ListItem","position":2,"name":"Em 10 dias Ira\u00ed\/RS sedia Encontro de Legislativos da UVB"}]},{"@type":"WebSite","@id":"https:\/\/uvbbrasil.com.br\/#website","url":"https:\/\/uvbbrasil.com.br\/","name":"UVB Brasil","description":"Uni\u00e3o dos Vereadores do Brasil","publisher":{"@id":"https:\/\/uvbbrasil.com.br\/#organization"},"potentialAction":[{"@type":"SearchAction","target":{"@type":"EntryPoint","urlTemplate":"https:\/\/uvbbrasil.com.br\/?s={search_term_string}"},"query-input":{"@type":"PropertyValueSpecification","valueRequired":true,"valueName":"search_term_string"}}],"inLanguage":"pt-BR"},{"@type":"Organization","@id":"https:\/\/uvbbrasil.com.br\/#organization","name":"UVB Brasil","url":"https:\/\/uvbbrasil.com.br\/","logo":{"@type":"ImageObject","inLanguage":"pt-BR","@id":"https:\/\/uvbbrasil.com.br\/#\/schema\/logo\/image\/","url":"https:\/\/uvbbrasil.com.br\/wp-content\/uploads\/2025\/01\/LOGO-UVB-2024-azul-1.jpg","contentUrl":"https:\/\/uvbbrasil.com.br\/wp-content\/uploads\/2025\/01\/LOGO-UVB-2024-azul-1.jpg","width":600,"height":211,"caption":"UVB Brasil"},"image":{"@id":"https:\/\/uvbbrasil.com.br\/#\/schema\/logo\/image\/"},"sameAs":["https:\/\/www.facebook.com\/uvb.vereadoresbrasil","https:\/\/www.instagram.com\/uvbbrasil\/","https:\/\/www.youtube.com\/channel\/UCIlPQ8Xzw5GHNzosQIg9S5A"]},{"@type":"Person","@id":"https:\/\/uvbbrasil.com.br\/#\/schema\/person\/17990098446c098f52effddff4f1b272","name":"adminuvb","image":{"@type":"ImageObject","inLanguage":"pt-BR","@id":"https:\/\/uvbbrasil.com.br\/#\/schema\/person\/image\/","url":"https:\/\/secure.gravatar.com\/avatar\/1a494ea6f8e2dd1ae526e55b0e9497efdba542491e0620d704cccf63c6f77c45?s=96&d=mm&r=g","contentUrl":"https:\/\/secure.gravatar.com\/avatar\/1a494ea6f8e2dd1ae526e55b0e9497efdba542491e0620d704cccf63c6f77c45?s=96&d=mm&r=g","caption":"adminuvb"},"sameAs":["https:\/\/uvbbrasil.com.br"],"url":"https:\/\/uvbbrasil.com.br\/author\/adminuvb\/"}]}},"_links":{"self":[{"href":"https:\/\/uvbbrasil.com.br\/uvb-json\/wp\/v2\/posts\/27192","targetHints":{"allow":["GET"]}}],"collection":[{"href":"https:\/\/uvbbrasil.com.br\/uvb-json\/wp\/v2\/posts"}],"about":[{"href":"https:\/\/uvbbrasil.com.br\/uvb-json\/wp\/v2\/types\/post"}],"author":[{"embeddable":true,"href":"https:\/\/uvbbrasil.com.br\/uvb-json\/wp\/v2\/users\/1"}],"replies":[{"embeddable":true,"href":"https:\/\/uvbbrasil.com.br\/uvb-json\/wp\/v2\/comments?post=27192"}],"version-history":[{"count":0,"href":"https:\/\/uvbbrasil.com.br\/uvb-json\/wp\/v2\/posts\/27192\/revisions"}],"wp:featuredmedia":[{"embeddable":true,"href":"https:\/\/uvbbrasil.com.br\/uvb-json\/wp\/v2\/media\/27251"}],"wp:attachment":[{"href":"https:\/\/uvbbrasil.com.br\/uvb-json\/wp\/v2\/media?parent=27192"}],"wp:term":[{"taxonomy":"category","embeddable":true,"href":"https:\/\/uvbbrasil.com.br\/uvb-json\/wp\/v2\/categories?post=27192"},{"taxonomy":"post_tag","embeddable":true,"href":"https:\/\/uvbbrasil.com.br\/uvb-json\/wp\/v2\/tags?post=27192"}],"curies":[{"name":"wp","href":"https:\/\/api.w.org\/{rel}","templated":true}]}}