{"id":27113,"date":"2022-09-03T10:29:09","date_gmt":"2022-09-03T13:29:09","guid":{"rendered":"https:\/\/wpsandbox4.pante.com.br\/?p=27113"},"modified":"2022-09-03T10:29:09","modified_gmt":"2022-09-03T13:29:09","slug":"assembleia-legislativa-do-maranhao-recebe-visita-do-presidente-da-uniao-dos-vereadores-do-brasil","status":"publish","type":"post","link":"https:\/\/uvbbrasil.com.br\/assembleia-legislativa-do-maranhao-recebe-visita-do-presidente-da-uniao-dos-vereadores-do-brasil\/","title":{"rendered":"Assembleia Legislativa do Maranh\u00e3o recebe visita do presidente da Uni\u00e3o dos Vereadores do Brasil"},"content":{"rendered":"<p>A Assembleia Legislativa do Maranh\u00e3o recebeu, na manh\u00e3 desta sexta-feira (2), a visita institucional do presidente da Uni\u00e3o dos Vereadores do Brasil (UVB), Gilson Conzatti. O dirigente foi recepcionado pelo presidente do Parlamento Estadual, deputado Othelino Neto (PCdoB).<\/p>\n<p>\u201cRecebi com alegria a visita de Gilson Conzatti, que representa os vereadores do Brasil. Essa intera\u00e7\u00e3o \u00e9 muito importante, uma vez que os vereadores est\u00e3o mais pr\u00f3ximos da base, recebendo as demandas dos cidad\u00e3os todos os dias. Portanto, fazemos quest\u00e3o de ter essa rela\u00e7\u00e3o mais pr\u00f3xima. Inclusive, nesta Casa, temos um espa\u00e7o reservado para os vereadores\u201d, afirmou Othelino.<\/p>\n<p>O presidente da UVB visitou o Plen\u00e1rio Nagib Haickel, onde acontecem as sess\u00f5es plen\u00e1rias, Presid\u00eancia, Complexo de Comunica\u00e7\u00e3o, Creche-Escola Sementinha e os demais setores administrativos. Na ocasi\u00e3o, Conzatti elogiou a modernidade da estrutura da Assembleia.<\/p>\n<p>\u201c\u00c9 not\u00e1vel que o presidente Othelino Neto tem uma dedica\u00e7\u00e3o muito forte em prol do Estado e realiza um trabalho fant\u00e1stico nesta Casa. \u00c9 importante fazermos essa integra\u00e7\u00e3o entre os Poderes Legislativos do Brasil, tanto as Assembleias quanto as C\u00e2maras de Vereadores. Portanto, \u00e9 uma honra estar conhecendo o Parlamento maranhense\u201d, ressaltou Conzatti.<\/p>\n<p>O dirigente participou da segunda edi\u00e7\u00e3o do Encontro Nacional de Legislativos Municipais e F\u00f3rum da Mulher Vereadora do Maranh\u00e3o, promovido por meio de uma parceria entre a Assembleia Legislativa, Uni\u00e3o de Vereadores e C\u00e2maras do Maranh\u00e3o, Tribunal de Contas do Estado, Federa\u00e7\u00e3o dos Munic\u00edpios do Maranh\u00e3o, OAB\/MA e o Instituto Opharus.<\/p>\n<p><img fetchpriority=\"high\" decoding=\"async\" class=\"alignnone size-medium wp-image-27114\" src=\"https:\/\/uvbbrasil.com.br\/wp-content\/uploads\/2022\/09\/d34c400af1e3182380487ee7b3cdd977-300x201.jpeg\" alt=\"\" width=\"300\" height=\"201\" srcset=\"https:\/\/uvbbrasil.com.br\/wp-content\/uploads\/2022\/09\/d34c400af1e3182380487ee7b3cdd977-300x201.jpeg 300w, https:\/\/uvbbrasil.com.br\/wp-content\/uploads\/2022\/09\/d34c400af1e3182380487ee7b3cdd977.jpeg 670w\" sizes=\"(max-width: 300px) 100vw, 300px\" \/><\/p>\n","protected":false},"excerpt":{"rendered":"<p>A Assembleia Legislativa do Maranh\u00e3o recebeu, na manh\u00e3 desta sexta-feira (2), a visita institucional do presidente da Uni\u00e3o dos Vereadores&#8230;<\/p>\n","protected":false},"author":1,"featured_media":27114,"comment_status":"open","ping_status":"open","sticky":false,"template":"","format":"standard","meta":{"footnotes":""},"categories":[3],"tags":[],"class_list":["post-27113","post","type-post","status-publish","format-standard","has-post-thumbnail","hentry","category-noticias"],"yoast_head":"<!-- This site is optimized with the Yoast SEO plugin v27.5 - https:\/\/yoast.com\/product\/yoast-seo-wordpress\/ -->\n<title>Assembleia Legislativa do Maranh\u00e3o recebe visita do presidente da Uni\u00e3o dos Vereadores do Brasil - UVB Brasil<\/title>\n<meta name=\"robots\" content=\"index, follow, max-snippet:-1, max-image-preview:large, max-video-preview:-1\" \/>\n<link rel=\"canonical\" href=\"https:\/\/uvbbrasil.com.br\/assembleia-legislativa-do-maranhao-recebe-visita-do-presidente-da-uniao-dos-vereadores-do-brasil\/\" \/>\n<meta property=\"og:locale\" content=\"pt_BR\" \/>\n<meta property=\"og:type\" content=\"article\" \/>\n<meta property=\"og:title\" content=\"Assembleia Legislativa do Maranh\u00e3o recebe visita do presidente da Uni\u00e3o dos Vereadores do Brasil - UVB Brasil\" \/>\n<meta property=\"og:description\" content=\"A Assembleia Legislativa do Maranh\u00e3o recebeu, na manh\u00e3 desta sexta-feira (2), a visita institucional do presidente da Uni\u00e3o dos Vereadores...\" \/>\n<meta property=\"og:url\" content=\"https:\/\/uvbbrasil.com.br\/assembleia-legislativa-do-maranhao-recebe-visita-do-presidente-da-uniao-dos-vereadores-do-brasil\/\" \/>\n<meta property=\"og:site_name\" content=\"UVB Brasil\" \/>\n<meta property=\"article:publisher\" content=\"https:\/\/www.facebook.com\/uvb.vereadoresbrasil\" \/>\n<meta property=\"article:published_time\" content=\"2022-09-03T13:29:09+00:00\" \/>\n<meta property=\"og:image\" content=\"https:\/\/uvbbrasil.com.br\/wp-content\/uploads\/2022\/09\/d34c400af1e3182380487ee7b3cdd977.jpeg\" \/>\n\t<meta property=\"og:image:width\" content=\"670\" \/>\n\t<meta property=\"og:image:height\" content=\"449\" \/>\n\t<meta property=\"og:image:type\" content=\"image\/jpeg\" \/>\n<meta name=\"author\" content=\"adminuvb\" \/>\n<meta name=\"twitter:card\" content=\"summary_large_image\" \/>\n<meta name=\"twitter:label1\" content=\"Escrito por\" \/>\n\t<meta name=\"twitter:data1\" content=\"adminuvb\" \/>\n\t<meta name=\"twitter:label2\" content=\"Est. tempo de leitura\" \/>\n\t<meta name=\"twitter:data2\" content=\"2 minutos\" \/>\n<script type=\"application\/ld+json\" class=\"yoast-schema-graph\">{\"@context\":\"https:\\\/\\\/schema.org\",\"@graph\":[{\"@type\":\"Article\",\"@id\":\"https:\\\/\\\/uvbbrasil.com.br\\\/assembleia-legislativa-do-maranhao-recebe-visita-do-presidente-da-uniao-dos-vereadores-do-brasil\\\/#article\",\"isPartOf\":{\"@id\":\"https:\\\/\\\/uvbbrasil.com.br\\\/assembleia-legislativa-do-maranhao-recebe-visita-do-presidente-da-uniao-dos-vereadores-do-brasil\\\/\"},\"author\":{\"name\":\"adminuvb\",\"@id\":\"https:\\\/\\\/uvbbrasil.com.br\\\/#\\\/schema\\\/person\\\/17990098446c098f52effddff4f1b272\"},\"headline\":\"Assembleia Legislativa do Maranh\u00e3o recebe visita do presidente da Uni\u00e3o dos Vereadores do Brasil\",\"datePublished\":\"2022-09-03T13:29:09+00:00\",\"mainEntityOfPage\":{\"@id\":\"https:\\\/\\\/uvbbrasil.com.br\\\/assembleia-legislativa-do-maranhao-recebe-visita-do-presidente-da-uniao-dos-vereadores-do-brasil\\\/\"},\"wordCount\":277,\"commentCount\":0,\"publisher\":{\"@id\":\"https:\\\/\\\/uvbbrasil.com.br\\\/#organization\"},\"image\":{\"@id\":\"https:\\\/\\\/uvbbrasil.com.br\\\/assembleia-legislativa-do-maranhao-recebe-visita-do-presidente-da-uniao-dos-vereadores-do-brasil\\\/#primaryimage\"},\"thumbnailUrl\":\"https:\\\/\\\/uvbbrasil.com.br\\\/wp-content\\\/uploads\\\/2022\\\/09\\\/d34c400af1e3182380487ee7b3cdd977.jpeg\",\"articleSection\":[\"NOT\u00cdCIAS\"],\"inLanguage\":\"pt-BR\",\"potentialAction\":[{\"@type\":\"CommentAction\",\"name\":\"Comment\",\"target\":[\"https:\\\/\\\/uvbbrasil.com.br\\\/assembleia-legislativa-do-maranhao-recebe-visita-do-presidente-da-uniao-dos-vereadores-do-brasil\\\/#respond\"]}]},{\"@type\":\"WebPage\",\"@id\":\"https:\\\/\\\/uvbbrasil.com.br\\\/assembleia-legislativa-do-maranhao-recebe-visita-do-presidente-da-uniao-dos-vereadores-do-brasil\\\/\",\"url\":\"https:\\\/\\\/uvbbrasil.com.br\\\/assembleia-legislativa-do-maranhao-recebe-visita-do-presidente-da-uniao-dos-vereadores-do-brasil\\\/\",\"name\":\"Assembleia Legislativa do Maranh\u00e3o recebe visita do presidente da Uni\u00e3o dos Vereadores do Brasil - UVB Brasil\",\"isPartOf\":{\"@id\":\"https:\\\/\\\/uvbbrasil.com.br\\\/#website\"},\"primaryImageOfPage\":{\"@id\":\"https:\\\/\\\/uvbbrasil.com.br\\\/assembleia-legislativa-do-maranhao-recebe-visita-do-presidente-da-uniao-dos-vereadores-do-brasil\\\/#primaryimage\"},\"image\":{\"@id\":\"https:\\\/\\\/uvbbrasil.com.br\\\/assembleia-legislativa-do-maranhao-recebe-visita-do-presidente-da-uniao-dos-vereadores-do-brasil\\\/#primaryimage\"},\"thumbnailUrl\":\"https:\\\/\\\/uvbbrasil.com.br\\\/wp-content\\\/uploads\\\/2022\\\/09\\\/d34c400af1e3182380487ee7b3cdd977.jpeg\",\"datePublished\":\"2022-09-03T13:29:09+00:00\",\"breadcrumb\":{\"@id\":\"https:\\\/\\\/uvbbrasil.com.br\\\/assembleia-legislativa-do-maranhao-recebe-visita-do-presidente-da-uniao-dos-vereadores-do-brasil\\\/#breadcrumb\"},\"inLanguage\":\"pt-BR\",\"potentialAction\":[{\"@type\":\"ReadAction\",\"target\":[\"https:\\\/\\\/uvbbrasil.com.br\\\/assembleia-legislativa-do-maranhao-recebe-visita-do-presidente-da-uniao-dos-vereadores-do-brasil\\\/\"]}]},{\"@type\":\"ImageObject\",\"inLanguage\":\"pt-BR\",\"@id\":\"https:\\\/\\\/uvbbrasil.com.br\\\/assembleia-legislativa-do-maranhao-recebe-visita-do-presidente-da-uniao-dos-vereadores-do-brasil\\\/#primaryimage\",\"url\":\"https:\\\/\\\/uvbbrasil.com.br\\\/wp-content\\\/uploads\\\/2022\\\/09\\\/d34c400af1e3182380487ee7b3cdd977.jpeg\",\"contentUrl\":\"https:\\\/\\\/uvbbrasil.com.br\\\/wp-content\\\/uploads\\\/2022\\\/09\\\/d34c400af1e3182380487ee7b3cdd977.jpeg\",\"width\":670,\"height\":449},{\"@type\":\"BreadcrumbList\",\"@id\":\"https:\\\/\\\/uvbbrasil.com.br\\\/assembleia-legislativa-do-maranhao-recebe-visita-do-presidente-da-uniao-dos-vereadores-do-brasil\\\/#breadcrumb\",\"itemListElement\":[{\"@type\":\"ListItem\",\"position\":1,\"name\":\"In\u00edcio\",\"item\":\"https:\\\/\\\/uvbbrasil.com.br\\\/\"},{\"@type\":\"ListItem\",\"position\":2,\"name\":\"Assembleia Legislativa do Maranh\u00e3o recebe visita do presidente da Uni\u00e3o dos Vereadores do Brasil\"}]},{\"@type\":\"WebSite\",\"@id\":\"https:\\\/\\\/uvbbrasil.com.br\\\/#website\",\"url\":\"https:\\\/\\\/uvbbrasil.com.br\\\/\",\"name\":\"UVB Brasil\",\"description\":\"Uni\u00e3o dos Vereadores do Brasil\",\"publisher\":{\"@id\":\"https:\\\/\\\/uvbbrasil.com.br\\\/#organization\"},\"potentialAction\":[{\"@type\":\"SearchAction\",\"target\":{\"@type\":\"EntryPoint\",\"urlTemplate\":\"https:\\\/\\\/uvbbrasil.com.br\\\/?s={search_term_string}\"},\"query-input\":{\"@type\":\"PropertyValueSpecification\",\"valueRequired\":true,\"valueName\":\"search_term_string\"}}],\"inLanguage\":\"pt-BR\"},{\"@type\":\"Organization\",\"@id\":\"https:\\\/\\\/uvbbrasil.com.br\\\/#organization\",\"name\":\"UVB Brasil\",\"url\":\"https:\\\/\\\/uvbbrasil.com.br\\\/\",\"logo\":{\"@type\":\"ImageObject\",\"inLanguage\":\"pt-BR\",\"@id\":\"https:\\\/\\\/uvbbrasil.com.br\\\/#\\\/schema\\\/logo\\\/image\\\/\",\"url\":\"https:\\\/\\\/uvbbrasil.com.br\\\/wp-content\\\/uploads\\\/2025\\\/01\\\/LOGO-UVB-2024-azul-1.jpg\",\"contentUrl\":\"https:\\\/\\\/uvbbrasil.com.br\\\/wp-content\\\/uploads\\\/2025\\\/01\\\/LOGO-UVB-2024-azul-1.jpg\",\"width\":600,\"height\":211,\"caption\":\"UVB Brasil\"},\"image\":{\"@id\":\"https:\\\/\\\/uvbbrasil.com.br\\\/#\\\/schema\\\/logo\\\/image\\\/\"},\"sameAs\":[\"https:\\\/\\\/www.facebook.com\\\/uvb.vereadoresbrasil\",\"https:\\\/\\\/www.instagram.com\\\/uvbbrasil\\\/\",\"https:\\\/\\\/www.youtube.com\\\/channel\\\/UCIlPQ8Xzw5GHNzosQIg9S5A\"]},{\"@type\":\"Person\",\"@id\":\"https:\\\/\\\/uvbbrasil.com.br\\\/#\\\/schema\\\/person\\\/17990098446c098f52effddff4f1b272\",\"name\":\"adminuvb\",\"image\":{\"@type\":\"ImageObject\",\"inLanguage\":\"pt-BR\",\"@id\":\"https:\\\/\\\/secure.gravatar.com\\\/avatar\\\/1a494ea6f8e2dd1ae526e55b0e9497efdba542491e0620d704cccf63c6f77c45?s=96&d=mm&r=g\",\"url\":\"https:\\\/\\\/secure.gravatar.com\\\/avatar\\\/1a494ea6f8e2dd1ae526e55b0e9497efdba542491e0620d704cccf63c6f77c45?s=96&d=mm&r=g\",\"contentUrl\":\"https:\\\/\\\/secure.gravatar.com\\\/avatar\\\/1a494ea6f8e2dd1ae526e55b0e9497efdba542491e0620d704cccf63c6f77c45?s=96&d=mm&r=g\",\"caption\":\"adminuvb\"},\"sameAs\":[\"https:\\\/\\\/uvbbrasil.com.br\"],\"url\":\"https:\\\/\\\/uvbbrasil.com.br\\\/author\\\/adminuvb\\\/\"}]}<\/script>\n<!-- \/ Yoast SEO plugin. -->","yoast_head_json":{"title":"Assembleia Legislativa do Maranh\u00e3o recebe visita do presidente da Uni\u00e3o dos Vereadores do Brasil - UVB Brasil","robots":{"index":"index","follow":"follow","max-snippet":"max-snippet:-1","max-image-preview":"max-image-preview:large","max-video-preview":"max-video-preview:-1"},"canonical":"https:\/\/uvbbrasil.com.br\/assembleia-legislativa-do-maranhao-recebe-visita-do-presidente-da-uniao-dos-vereadores-do-brasil\/","og_locale":"pt_BR","og_type":"article","og_title":"Assembleia Legislativa do Maranh\u00e3o recebe visita do presidente da Uni\u00e3o dos Vereadores do Brasil - UVB Brasil","og_description":"A Assembleia Legislativa do Maranh\u00e3o recebeu, na manh\u00e3 desta sexta-feira (2), a visita institucional do presidente da Uni\u00e3o dos Vereadores...","og_url":"https:\/\/uvbbrasil.com.br\/assembleia-legislativa-do-maranhao-recebe-visita-do-presidente-da-uniao-dos-vereadores-do-brasil\/","og_site_name":"UVB Brasil","article_publisher":"https:\/\/www.facebook.com\/uvb.vereadoresbrasil","article_published_time":"2022-09-03T13:29:09+00:00","og_image":[{"width":670,"height":449,"url":"https:\/\/uvbbrasil.com.br\/wp-content\/uploads\/2022\/09\/d34c400af1e3182380487ee7b3cdd977.jpeg","type":"image\/jpeg"}],"author":"adminuvb","twitter_card":"summary_large_image","twitter_misc":{"Escrito por":"adminuvb","Est. tempo de leitura":"2 minutos"},"schema":{"@context":"https:\/\/schema.org","@graph":[{"@type":"Article","@id":"https:\/\/uvbbrasil.com.br\/assembleia-legislativa-do-maranhao-recebe-visita-do-presidente-da-uniao-dos-vereadores-do-brasil\/#article","isPartOf":{"@id":"https:\/\/uvbbrasil.com.br\/assembleia-legislativa-do-maranhao-recebe-visita-do-presidente-da-uniao-dos-vereadores-do-brasil\/"},"author":{"name":"adminuvb","@id":"https:\/\/uvbbrasil.com.br\/#\/schema\/person\/17990098446c098f52effddff4f1b272"},"headline":"Assembleia Legislativa do Maranh\u00e3o recebe visita do presidente da Uni\u00e3o dos Vereadores do Brasil","datePublished":"2022-09-03T13:29:09+00:00","mainEntityOfPage":{"@id":"https:\/\/uvbbrasil.com.br\/assembleia-legislativa-do-maranhao-recebe-visita-do-presidente-da-uniao-dos-vereadores-do-brasil\/"},"wordCount":277,"commentCount":0,"publisher":{"@id":"https:\/\/uvbbrasil.com.br\/#organization"},"image":{"@id":"https:\/\/uvbbrasil.com.br\/assembleia-legislativa-do-maranhao-recebe-visita-do-presidente-da-uniao-dos-vereadores-do-brasil\/#primaryimage"},"thumbnailUrl":"https:\/\/uvbbrasil.com.br\/wp-content\/uploads\/2022\/09\/d34c400af1e3182380487ee7b3cdd977.jpeg","articleSection":["NOT\u00cdCIAS"],"inLanguage":"pt-BR","potentialAction":[{"@type":"CommentAction","name":"Comment","target":["https:\/\/uvbbrasil.com.br\/assembleia-legislativa-do-maranhao-recebe-visita-do-presidente-da-uniao-dos-vereadores-do-brasil\/#respond"]}]},{"@type":"WebPage","@id":"https:\/\/uvbbrasil.com.br\/assembleia-legislativa-do-maranhao-recebe-visita-do-presidente-da-uniao-dos-vereadores-do-brasil\/","url":"https:\/\/uvbbrasil.com.br\/assembleia-legislativa-do-maranhao-recebe-visita-do-presidente-da-uniao-dos-vereadores-do-brasil\/","name":"Assembleia Legislativa do Maranh\u00e3o recebe visita do presidente da Uni\u00e3o dos Vereadores do Brasil - UVB Brasil","isPartOf":{"@id":"https:\/\/uvbbrasil.com.br\/#website"},"primaryImageOfPage":{"@id":"https:\/\/uvbbrasil.com.br\/assembleia-legislativa-do-maranhao-recebe-visita-do-presidente-da-uniao-dos-vereadores-do-brasil\/#primaryimage"},"image":{"@id":"https:\/\/uvbbrasil.com.br\/assembleia-legislativa-do-maranhao-recebe-visita-do-presidente-da-uniao-dos-vereadores-do-brasil\/#primaryimage"},"thumbnailUrl":"https:\/\/uvbbrasil.com.br\/wp-content\/uploads\/2022\/09\/d34c400af1e3182380487ee7b3cdd977.jpeg","datePublished":"2022-09-03T13:29:09+00:00","breadcrumb":{"@id":"https:\/\/uvbbrasil.com.br\/assembleia-legislativa-do-maranhao-recebe-visita-do-presidente-da-uniao-dos-vereadores-do-brasil\/#breadcrumb"},"inLanguage":"pt-BR","potentialAction":[{"@type":"ReadAction","target":["https:\/\/uvbbrasil.com.br\/assembleia-legislativa-do-maranhao-recebe-visita-do-presidente-da-uniao-dos-vereadores-do-brasil\/"]}]},{"@type":"ImageObject","inLanguage":"pt-BR","@id":"https:\/\/uvbbrasil.com.br\/assembleia-legislativa-do-maranhao-recebe-visita-do-presidente-da-uniao-dos-vereadores-do-brasil\/#primaryimage","url":"https:\/\/uvbbrasil.com.br\/wp-content\/uploads\/2022\/09\/d34c400af1e3182380487ee7b3cdd977.jpeg","contentUrl":"https:\/\/uvbbrasil.com.br\/wp-content\/uploads\/2022\/09\/d34c400af1e3182380487ee7b3cdd977.jpeg","width":670,"height":449},{"@type":"BreadcrumbList","@id":"https:\/\/uvbbrasil.com.br\/assembleia-legislativa-do-maranhao-recebe-visita-do-presidente-da-uniao-dos-vereadores-do-brasil\/#breadcrumb","itemListElement":[{"@type":"ListItem","position":1,"name":"In\u00edcio","item":"https:\/\/uvbbrasil.com.br\/"},{"@type":"ListItem","position":2,"name":"Assembleia Legislativa do Maranh\u00e3o recebe visita do presidente da Uni\u00e3o dos Vereadores do Brasil"}]},{"@type":"WebSite","@id":"https:\/\/uvbbrasil.com.br\/#website","url":"https:\/\/uvbbrasil.com.br\/","name":"UVB Brasil","description":"Uni\u00e3o dos Vereadores do Brasil","publisher":{"@id":"https:\/\/uvbbrasil.com.br\/#organization"},"potentialAction":[{"@type":"SearchAction","target":{"@type":"EntryPoint","urlTemplate":"https:\/\/uvbbrasil.com.br\/?s={search_term_string}"},"query-input":{"@type":"PropertyValueSpecification","valueRequired":true,"valueName":"search_term_string"}}],"inLanguage":"pt-BR"},{"@type":"Organization","@id":"https:\/\/uvbbrasil.com.br\/#organization","name":"UVB Brasil","url":"https:\/\/uvbbrasil.com.br\/","logo":{"@type":"ImageObject","inLanguage":"pt-BR","@id":"https:\/\/uvbbrasil.com.br\/#\/schema\/logo\/image\/","url":"https:\/\/uvbbrasil.com.br\/wp-content\/uploads\/2025\/01\/LOGO-UVB-2024-azul-1.jpg","contentUrl":"https:\/\/uvbbrasil.com.br\/wp-content\/uploads\/2025\/01\/LOGO-UVB-2024-azul-1.jpg","width":600,"height":211,"caption":"UVB Brasil"},"image":{"@id":"https:\/\/uvbbrasil.com.br\/#\/schema\/logo\/image\/"},"sameAs":["https:\/\/www.facebook.com\/uvb.vereadoresbrasil","https:\/\/www.instagram.com\/uvbbrasil\/","https:\/\/www.youtube.com\/channel\/UCIlPQ8Xzw5GHNzosQIg9S5A"]},{"@type":"Person","@id":"https:\/\/uvbbrasil.com.br\/#\/schema\/person\/17990098446c098f52effddff4f1b272","name":"adminuvb","image":{"@type":"ImageObject","inLanguage":"pt-BR","@id":"https:\/\/secure.gravatar.com\/avatar\/1a494ea6f8e2dd1ae526e55b0e9497efdba542491e0620d704cccf63c6f77c45?s=96&d=mm&r=g","url":"https:\/\/secure.gravatar.com\/avatar\/1a494ea6f8e2dd1ae526e55b0e9497efdba542491e0620d704cccf63c6f77c45?s=96&d=mm&r=g","contentUrl":"https:\/\/secure.gravatar.com\/avatar\/1a494ea6f8e2dd1ae526e55b0e9497efdba542491e0620d704cccf63c6f77c45?s=96&d=mm&r=g","caption":"adminuvb"},"sameAs":["https:\/\/uvbbrasil.com.br"],"url":"https:\/\/uvbbrasil.com.br\/author\/adminuvb\/"}]}},"_links":{"self":[{"href":"https:\/\/uvbbrasil.com.br\/uvb-json\/wp\/v2\/posts\/27113","targetHints":{"allow":["GET"]}}],"collection":[{"href":"https:\/\/uvbbrasil.com.br\/uvb-json\/wp\/v2\/posts"}],"about":[{"href":"https:\/\/uvbbrasil.com.br\/uvb-json\/wp\/v2\/types\/post"}],"author":[{"embeddable":true,"href":"https:\/\/uvbbrasil.com.br\/uvb-json\/wp\/v2\/users\/1"}],"replies":[{"embeddable":true,"href":"https:\/\/uvbbrasil.com.br\/uvb-json\/wp\/v2\/comments?post=27113"}],"version-history":[{"count":0,"href":"https:\/\/uvbbrasil.com.br\/uvb-json\/wp\/v2\/posts\/27113\/revisions"}],"wp:featuredmedia":[{"embeddable":true,"href":"https:\/\/uvbbrasil.com.br\/uvb-json\/wp\/v2\/media\/27114"}],"wp:attachment":[{"href":"https:\/\/uvbbrasil.com.br\/uvb-json\/wp\/v2\/media?parent=27113"}],"wp:term":[{"taxonomy":"category","embeddable":true,"href":"https:\/\/uvbbrasil.com.br\/uvb-json\/wp\/v2\/categories?post=27113"},{"taxonomy":"post_tag","embeddable":true,"href":"https:\/\/uvbbrasil.com.br\/uvb-json\/wp\/v2\/tags?post=27113"}],"curies":[{"name":"wp","href":"https:\/\/api.w.org\/{rel}","templated":true}]}}