{"id":27110,"date":"2022-09-02T10:49:16","date_gmt":"2022-09-02T13:49:16","guid":{"rendered":"https:\/\/wpsandbox4.pante.com.br\/?p=27110"},"modified":"2022-09-02T10:49:16","modified_gmt":"2022-09-02T13:49:16","slug":"faltam-30-dias-mais-de-156-milhoes-de-eleitoras-e-eleitores-vao-as-urnas","status":"publish","type":"post","link":"https:\/\/uvbbrasil.com.br\/faltam-30-dias-mais-de-156-milhoes-de-eleitoras-e-eleitores-vao-as-urnas\/","title":{"rendered":"Faltam 30 dias: mais de 156 milh\u00f5es de eleitoras e eleitores v\u00e3o \u00e0s urnas"},"content":{"rendered":"<p class=\"noticia-subtitulo\">Primeiro turno das elei\u00e7\u00f5es est\u00e1 marcado para o dia 2 de outubro<\/p>\n<p>Daqui a 30 dias, no dia 2 de outubro, eleitoras e eleitores escolher\u00e3o representantes para os cargos de deputado federal, deputado estadual ou distrital, senador, governador e presidente da Rep\u00fablica.<\/p>\n<p>No total, s\u00e3o 156.454.011 brasileiras e brasileiros distribu\u00eddos entre 5.570 cidades do pa\u00eds, incluindo o Distrito Federal e Fernando de Noronha, e 181 localidades no exterior.<\/p>\n<p>Para estas elei\u00e7\u00f5es foi registrado um aumento de 6,21% do eleitorado em compara\u00e7\u00e3o com a \u00faltima elei\u00e7\u00e3o geral, realizada em 2018, quando 147.306.275 pessoas estavam habilitadas para votar.<\/p>\n<p>O eleitorado brasileiro \u00e9 majoritariamente composto por mulheres. Elas correspondem a 52,65% do total apto a votar nas Elei\u00e7\u00f5es 2022. J\u00e1 os homens somam 47,33% dos votantes.<\/p>\n<p><a href=\"https:\/\/youtu.be\/H_3XP_qqKfw\">Confira mais informa\u00e7\u00f5es no canal do TSE<\/a>.<\/p>\n<p><strong>Faixa et\u00e1ria<\/strong><\/p>\n<p>Este ano, ser\u00e3o 2.116.781 eleitores jovens, que t\u00eam 16 e 17 anos; e 14.893.281 eleitores com mais de 70 anos, cujo voto \u00e9 facultativo. Somam-se ao grupo de eleitores idosos 184.330 votantes que possuem 100 anos ou mais. Pessoas na faixa dos 25 aos 44 anos correspondem a 40,72% dos eleitores.<\/p>\n<p><strong>Defici\u00eancia ou mobilidade reduzida<\/strong><\/p>\n<p>O eleitorado com defici\u00eancia no Brasil e no exterior corresponde a 0,81% do total de votantes. Ao todo, 1.271.381 pessoas declararam ter defici\u00eancia ou mobilidade reduzida, sendo 642.441 mulheres; 628.827 homens; e outras 113 sem informa\u00e7\u00e3o relativa ao g\u00eanero.<\/p>\n<p><strong>Nome social<\/strong><\/p>\n<p>Por falar em g\u00eanero, desde 2018, pessoas transg\u00eanero, transexuais e travestis podem solicitar \u00e0 Justi\u00e7a Eleitoral a inclus\u00e3o do nome social no t\u00edtulo de eleitor. Naquele ano, 7.945 eleitoras e eleitores exerceram esse direito. Agora, esse n\u00famero cresceu para 37.646 pessoas com nome social, um aumento de 373% em rela\u00e7\u00e3o \u00e0s \u00faltimas elei\u00e7\u00f5es gerais. Desses mais de 37 mil votantes, 20.129 se identificam com o g\u00eanero feminino e 17.517 com o masculino.<\/p>\n<p><strong>Col\u00e9gios eleitorais<\/strong><\/p>\n<p>S\u00e3o Paulo, Minas Gerais e Rio de Janeiro s\u00e3o os estados que representam os tr\u00eas maiores col\u00e9gios eleitorais do Brasil, respectivamente. S\u00e3o Paulo concentra 22,16% de todas as pessoas aptas a votar em 2022. Logo em seguida vem Minas Gerais, com 10,41%; e Rio de Janeiro, com 8,2% do total de eleitores do pa\u00eds.<\/p>\n<p>Roraima, Amap\u00e1 e Acre s\u00e3o os estados que representam os tr\u00eas menores col\u00e9gios eleitorais. Em Roraima votam 0,23% do total de eleitores, enquanto no Amap\u00e1 est\u00e3o 0,35% e no Acre 0,38% do eleitorado.<\/p>\n<p><strong>Vagas dispon\u00edveis<\/strong><\/p>\n<p>No Congresso Nacional s\u00e3o 540 vagas dispon\u00edveis, sendo 513 para deputada ou deputado federal e outras 27 para senadora ou senador.<\/p>\n<p>Nas Assembleias Legislativas s\u00e3o 1.035 cadeiras em disputa, distribu\u00eddas nas 27 Unidades da Federa\u00e7\u00e3o. J\u00e1 para a C\u00e2mara Legislativa do DF ser\u00e3o eleitos 24 parlamentares.<\/p>\n<p>Para os cargos do Poder Executivo ser\u00e3o escolhidos 27 governadores e um presidente da Rep\u00fablica.<\/p>\n<p><strong>Servidores e Mes\u00e1rios<\/strong><\/p>\n<p>A realiza\u00e7\u00e3o de elei\u00e7\u00f5es para eleger representantes pol\u00edticos \u00e9 uma conquista assegurada pela Constitui\u00e7\u00e3o Federal.<\/p>\n<p>Em todo pa\u00eds, mais de 22 mil servidoras e servidores da Justi\u00e7a Eleitoral trabalham para garantir que esse direito possa ser exercido. Al\u00e9m disso, s\u00e3o mais de tr\u00eas mil ju\u00edzas e ju\u00edzes e tr\u00eas mil promotoras e promotores, que atuam em 28 tribunais eleitorais; 2.625 zonas e 460 mil se\u00e7\u00f5es eleitorais, instaladas inclusive nas aldeias de povos origin\u00e1rios.<\/p>\n<p>Neste ano, 1,7 milh\u00e3o de mes\u00e1rios foram nomeados para trabalhar nas se\u00e7\u00f5es eleitorais espalhadas pelo pa\u00eds. Entre eles, 52% foram convocados pela Justi\u00e7a Eleitoral a realizar o trabalho, enquanto 48% se candidataram para atuar voluntariamente no dia da elei\u00e7\u00e3o.<\/p>\n<p><img decoding=\"async\" class=\"alignnone size-medium wp-image-27111\" src=\"https:\/\/uvbbrasil.com.br\/wp-content\/uploads\/2022\/09\/c2bdfb80-3151-4a24-9ca1-51aaec84a460-300x145.jpeg\" alt=\"\" width=\"300\" height=\"145\" srcset=\"https:\/\/uvbbrasil.com.br\/wp-content\/uploads\/2022\/09\/c2bdfb80-3151-4a24-9ca1-51aaec84a460-300x145.jpeg 300w, https:\/\/uvbbrasil.com.br\/wp-content\/uploads\/2022\/09\/c2bdfb80-3151-4a24-9ca1-51aaec84a460.jpeg 620w\" sizes=\"(max-width: 300px) 100vw, 300px\" \/><\/p>\n","protected":false},"excerpt":{"rendered":"<p>Primeiro turno das elei\u00e7\u00f5es est\u00e1 marcado para o dia 2 de outubro Daqui a 30 dias, no dia 2 de&#8230;<\/p>\n","protected":false},"author":1,"featured_media":27111,"comment_status":"open","ping_status":"open","sticky":false,"template":"","format":"standard","meta":{"footnotes":""},"categories":[3],"tags":[],"class_list":["post-27110","post","type-post","status-publish","format-standard","has-post-thumbnail","hentry","category-noticias"],"yoast_head":"<!-- This site is optimized with the Yoast SEO plugin v26.7 - https:\/\/yoast.com\/wordpress\/plugins\/seo\/ -->\n<title>Faltam 30 dias: mais de 156 milh\u00f5es de eleitoras e eleitores v\u00e3o \u00e0s urnas - UVB Brasil<\/title>\n<meta name=\"robots\" content=\"index, follow, max-snippet:-1, max-image-preview:large, max-video-preview:-1\" \/>\n<link rel=\"canonical\" href=\"https:\/\/uvbbrasil.com.br\/faltam-30-dias-mais-de-156-milhoes-de-eleitoras-e-eleitores-vao-as-urnas\/\" \/>\n<meta property=\"og:locale\" content=\"pt_BR\" \/>\n<meta property=\"og:type\" content=\"article\" \/>\n<meta property=\"og:title\" content=\"Faltam 30 dias: mais de 156 milh\u00f5es de eleitoras e eleitores v\u00e3o \u00e0s urnas - UVB Brasil\" \/>\n<meta property=\"og:description\" content=\"Primeiro turno das elei\u00e7\u00f5es est\u00e1 marcado para o dia 2 de outubro Daqui a 30 dias, no dia 2 de...\" \/>\n<meta property=\"og:url\" content=\"https:\/\/uvbbrasil.com.br\/faltam-30-dias-mais-de-156-milhoes-de-eleitoras-e-eleitores-vao-as-urnas\/\" \/>\n<meta property=\"og:site_name\" content=\"UVB Brasil\" \/>\n<meta property=\"article:publisher\" content=\"https:\/\/www.facebook.com\/uvb.vereadoresbrasil\" \/>\n<meta property=\"article:published_time\" content=\"2022-09-02T13:49:16+00:00\" \/>\n<meta property=\"og:image\" content=\"https:\/\/uvbbrasil.com.br\/wp-content\/uploads\/2022\/09\/c2bdfb80-3151-4a24-9ca1-51aaec84a460.jpeg\" \/>\n\t<meta property=\"og:image:width\" content=\"620\" \/>\n\t<meta property=\"og:image:height\" content=\"300\" \/>\n\t<meta property=\"og:image:type\" content=\"image\/jpeg\" \/>\n<meta name=\"author\" content=\"adminuvb\" \/>\n<meta name=\"twitter:card\" content=\"summary_large_image\" \/>\n<meta name=\"twitter:label1\" content=\"Escrito por\" \/>\n\t<meta name=\"twitter:data1\" content=\"adminuvb\" \/>\n\t<meta name=\"twitter:label2\" content=\"Est. tempo de leitura\" \/>\n\t<meta name=\"twitter:data2\" content=\"3 minutos\" \/>\n<script type=\"application\/ld+json\" class=\"yoast-schema-graph\">{\"@context\":\"https:\/\/schema.org\",\"@graph\":[{\"@type\":\"Article\",\"@id\":\"https:\/\/uvbbrasil.com.br\/faltam-30-dias-mais-de-156-milhoes-de-eleitoras-e-eleitores-vao-as-urnas\/#article\",\"isPartOf\":{\"@id\":\"https:\/\/uvbbrasil.com.br\/faltam-30-dias-mais-de-156-milhoes-de-eleitoras-e-eleitores-vao-as-urnas\/\"},\"author\":{\"name\":\"adminuvb\",\"@id\":\"https:\/\/uvbbrasil.com.br\/#\/schema\/person\/17990098446c098f52effddff4f1b272\"},\"headline\":\"Faltam 30 dias: mais de 156 milh\u00f5es de eleitoras e eleitores v\u00e3o \u00e0s urnas\",\"datePublished\":\"2022-09-02T13:49:16+00:00\",\"mainEntityOfPage\":{\"@id\":\"https:\/\/uvbbrasil.com.br\/faltam-30-dias-mais-de-156-milhoes-de-eleitoras-e-eleitores-vao-as-urnas\/\"},\"wordCount\":592,\"commentCount\":0,\"publisher\":{\"@id\":\"https:\/\/uvbbrasil.com.br\/#organization\"},\"image\":{\"@id\":\"https:\/\/uvbbrasil.com.br\/faltam-30-dias-mais-de-156-milhoes-de-eleitoras-e-eleitores-vao-as-urnas\/#primaryimage\"},\"thumbnailUrl\":\"https:\/\/uvbbrasil.com.br\/wp-content\/uploads\/2022\/09\/c2bdfb80-3151-4a24-9ca1-51aaec84a460.jpeg\",\"articleSection\":[\"NOT\u00cdCIAS\"],\"inLanguage\":\"pt-BR\",\"potentialAction\":[{\"@type\":\"CommentAction\",\"name\":\"Comment\",\"target\":[\"https:\/\/uvbbrasil.com.br\/faltam-30-dias-mais-de-156-milhoes-de-eleitoras-e-eleitores-vao-as-urnas\/#respond\"]}]},{\"@type\":\"WebPage\",\"@id\":\"https:\/\/uvbbrasil.com.br\/faltam-30-dias-mais-de-156-milhoes-de-eleitoras-e-eleitores-vao-as-urnas\/\",\"url\":\"https:\/\/uvbbrasil.com.br\/faltam-30-dias-mais-de-156-milhoes-de-eleitoras-e-eleitores-vao-as-urnas\/\",\"name\":\"Faltam 30 dias: mais de 156 milh\u00f5es de eleitoras e eleitores v\u00e3o \u00e0s urnas - UVB Brasil\",\"isPartOf\":{\"@id\":\"https:\/\/uvbbrasil.com.br\/#website\"},\"primaryImageOfPage\":{\"@id\":\"https:\/\/uvbbrasil.com.br\/faltam-30-dias-mais-de-156-milhoes-de-eleitoras-e-eleitores-vao-as-urnas\/#primaryimage\"},\"image\":{\"@id\":\"https:\/\/uvbbrasil.com.br\/faltam-30-dias-mais-de-156-milhoes-de-eleitoras-e-eleitores-vao-as-urnas\/#primaryimage\"},\"thumbnailUrl\":\"https:\/\/uvbbrasil.com.br\/wp-content\/uploads\/2022\/09\/c2bdfb80-3151-4a24-9ca1-51aaec84a460.jpeg\",\"datePublished\":\"2022-09-02T13:49:16+00:00\",\"breadcrumb\":{\"@id\":\"https:\/\/uvbbrasil.com.br\/faltam-30-dias-mais-de-156-milhoes-de-eleitoras-e-eleitores-vao-as-urnas\/#breadcrumb\"},\"inLanguage\":\"pt-BR\",\"potentialAction\":[{\"@type\":\"ReadAction\",\"target\":[\"https:\/\/uvbbrasil.com.br\/faltam-30-dias-mais-de-156-milhoes-de-eleitoras-e-eleitores-vao-as-urnas\/\"]}]},{\"@type\":\"ImageObject\",\"inLanguage\":\"pt-BR\",\"@id\":\"https:\/\/uvbbrasil.com.br\/faltam-30-dias-mais-de-156-milhoes-de-eleitoras-e-eleitores-vao-as-urnas\/#primaryimage\",\"url\":\"https:\/\/uvbbrasil.com.br\/wp-content\/uploads\/2022\/09\/c2bdfb80-3151-4a24-9ca1-51aaec84a460.jpeg\",\"contentUrl\":\"https:\/\/uvbbrasil.com.br\/wp-content\/uploads\/2022\/09\/c2bdfb80-3151-4a24-9ca1-51aaec84a460.jpeg\",\"width\":620,\"height\":300},{\"@type\":\"BreadcrumbList\",\"@id\":\"https:\/\/uvbbrasil.com.br\/faltam-30-dias-mais-de-156-milhoes-de-eleitoras-e-eleitores-vao-as-urnas\/#breadcrumb\",\"itemListElement\":[{\"@type\":\"ListItem\",\"position\":1,\"name\":\"In\u00edcio\",\"item\":\"https:\/\/uvbbrasil.com.br\/\"},{\"@type\":\"ListItem\",\"position\":2,\"name\":\"Faltam 30 dias: mais de 156 milh\u00f5es de eleitoras e eleitores v\u00e3o \u00e0s urnas\"}]},{\"@type\":\"WebSite\",\"@id\":\"https:\/\/uvbbrasil.com.br\/#website\",\"url\":\"https:\/\/uvbbrasil.com.br\/\",\"name\":\"UVB Brasil\",\"description\":\"Uni\u00e3o dos Vereadores do Brasil\",\"publisher\":{\"@id\":\"https:\/\/uvbbrasil.com.br\/#organization\"},\"potentialAction\":[{\"@type\":\"SearchAction\",\"target\":{\"@type\":\"EntryPoint\",\"urlTemplate\":\"https:\/\/uvbbrasil.com.br\/?s={search_term_string}\"},\"query-input\":{\"@type\":\"PropertyValueSpecification\",\"valueRequired\":true,\"valueName\":\"search_term_string\"}}],\"inLanguage\":\"pt-BR\"},{\"@type\":\"Organization\",\"@id\":\"https:\/\/uvbbrasil.com.br\/#organization\",\"name\":\"UVB Brasil\",\"url\":\"https:\/\/uvbbrasil.com.br\/\",\"logo\":{\"@type\":\"ImageObject\",\"inLanguage\":\"pt-BR\",\"@id\":\"https:\/\/uvbbrasil.com.br\/#\/schema\/logo\/image\/\",\"url\":\"https:\/\/uvbbrasil.com.br\/wp-content\/uploads\/2025\/01\/LOGO-UVB-2024-azul-1.jpg\",\"contentUrl\":\"https:\/\/uvbbrasil.com.br\/wp-content\/uploads\/2025\/01\/LOGO-UVB-2024-azul-1.jpg\",\"width\":600,\"height\":211,\"caption\":\"UVB Brasil\"},\"image\":{\"@id\":\"https:\/\/uvbbrasil.com.br\/#\/schema\/logo\/image\/\"},\"sameAs\":[\"https:\/\/www.facebook.com\/uvb.vereadoresbrasil\",\"https:\/\/www.instagram.com\/uvbbrasil\/\",\"https:\/\/www.youtube.com\/channel\/UCIlPQ8Xzw5GHNzosQIg9S5A\"]},{\"@type\":\"Person\",\"@id\":\"https:\/\/uvbbrasil.com.br\/#\/schema\/person\/17990098446c098f52effddff4f1b272\",\"name\":\"adminuvb\",\"image\":{\"@type\":\"ImageObject\",\"inLanguage\":\"pt-BR\",\"@id\":\"https:\/\/uvbbrasil.com.br\/#\/schema\/person\/image\/\",\"url\":\"https:\/\/secure.gravatar.com\/avatar\/1a494ea6f8e2dd1ae526e55b0e9497efdba542491e0620d704cccf63c6f77c45?s=96&d=mm&r=g\",\"contentUrl\":\"https:\/\/secure.gravatar.com\/avatar\/1a494ea6f8e2dd1ae526e55b0e9497efdba542491e0620d704cccf63c6f77c45?s=96&d=mm&r=g\",\"caption\":\"adminuvb\"},\"sameAs\":[\"https:\/\/uvbbrasil.com.br\"],\"url\":\"https:\/\/uvbbrasil.com.br\/author\/adminuvb\/\"}]}<\/script>\n<!-- \/ Yoast SEO plugin. -->","yoast_head_json":{"title":"Faltam 30 dias: mais de 156 milh\u00f5es de eleitoras e eleitores v\u00e3o \u00e0s urnas - UVB Brasil","robots":{"index":"index","follow":"follow","max-snippet":"max-snippet:-1","max-image-preview":"max-image-preview:large","max-video-preview":"max-video-preview:-1"},"canonical":"https:\/\/uvbbrasil.com.br\/faltam-30-dias-mais-de-156-milhoes-de-eleitoras-e-eleitores-vao-as-urnas\/","og_locale":"pt_BR","og_type":"article","og_title":"Faltam 30 dias: mais de 156 milh\u00f5es de eleitoras e eleitores v\u00e3o \u00e0s urnas - UVB Brasil","og_description":"Primeiro turno das elei\u00e7\u00f5es est\u00e1 marcado para o dia 2 de outubro Daqui a 30 dias, no dia 2 de...","og_url":"https:\/\/uvbbrasil.com.br\/faltam-30-dias-mais-de-156-milhoes-de-eleitoras-e-eleitores-vao-as-urnas\/","og_site_name":"UVB Brasil","article_publisher":"https:\/\/www.facebook.com\/uvb.vereadoresbrasil","article_published_time":"2022-09-02T13:49:16+00:00","og_image":[{"width":620,"height":300,"url":"https:\/\/uvbbrasil.com.br\/wp-content\/uploads\/2022\/09\/c2bdfb80-3151-4a24-9ca1-51aaec84a460.jpeg","type":"image\/jpeg"}],"author":"adminuvb","twitter_card":"summary_large_image","twitter_misc":{"Escrito por":"adminuvb","Est. tempo de leitura":"3 minutos"},"schema":{"@context":"https:\/\/schema.org","@graph":[{"@type":"Article","@id":"https:\/\/uvbbrasil.com.br\/faltam-30-dias-mais-de-156-milhoes-de-eleitoras-e-eleitores-vao-as-urnas\/#article","isPartOf":{"@id":"https:\/\/uvbbrasil.com.br\/faltam-30-dias-mais-de-156-milhoes-de-eleitoras-e-eleitores-vao-as-urnas\/"},"author":{"name":"adminuvb","@id":"https:\/\/uvbbrasil.com.br\/#\/schema\/person\/17990098446c098f52effddff4f1b272"},"headline":"Faltam 30 dias: mais de 156 milh\u00f5es de eleitoras e eleitores v\u00e3o \u00e0s urnas","datePublished":"2022-09-02T13:49:16+00:00","mainEntityOfPage":{"@id":"https:\/\/uvbbrasil.com.br\/faltam-30-dias-mais-de-156-milhoes-de-eleitoras-e-eleitores-vao-as-urnas\/"},"wordCount":592,"commentCount":0,"publisher":{"@id":"https:\/\/uvbbrasil.com.br\/#organization"},"image":{"@id":"https:\/\/uvbbrasil.com.br\/faltam-30-dias-mais-de-156-milhoes-de-eleitoras-e-eleitores-vao-as-urnas\/#primaryimage"},"thumbnailUrl":"https:\/\/uvbbrasil.com.br\/wp-content\/uploads\/2022\/09\/c2bdfb80-3151-4a24-9ca1-51aaec84a460.jpeg","articleSection":["NOT\u00cdCIAS"],"inLanguage":"pt-BR","potentialAction":[{"@type":"CommentAction","name":"Comment","target":["https:\/\/uvbbrasil.com.br\/faltam-30-dias-mais-de-156-milhoes-de-eleitoras-e-eleitores-vao-as-urnas\/#respond"]}]},{"@type":"WebPage","@id":"https:\/\/uvbbrasil.com.br\/faltam-30-dias-mais-de-156-milhoes-de-eleitoras-e-eleitores-vao-as-urnas\/","url":"https:\/\/uvbbrasil.com.br\/faltam-30-dias-mais-de-156-milhoes-de-eleitoras-e-eleitores-vao-as-urnas\/","name":"Faltam 30 dias: mais de 156 milh\u00f5es de eleitoras e eleitores v\u00e3o \u00e0s urnas - UVB Brasil","isPartOf":{"@id":"https:\/\/uvbbrasil.com.br\/#website"},"primaryImageOfPage":{"@id":"https:\/\/uvbbrasil.com.br\/faltam-30-dias-mais-de-156-milhoes-de-eleitoras-e-eleitores-vao-as-urnas\/#primaryimage"},"image":{"@id":"https:\/\/uvbbrasil.com.br\/faltam-30-dias-mais-de-156-milhoes-de-eleitoras-e-eleitores-vao-as-urnas\/#primaryimage"},"thumbnailUrl":"https:\/\/uvbbrasil.com.br\/wp-content\/uploads\/2022\/09\/c2bdfb80-3151-4a24-9ca1-51aaec84a460.jpeg","datePublished":"2022-09-02T13:49:16+00:00","breadcrumb":{"@id":"https:\/\/uvbbrasil.com.br\/faltam-30-dias-mais-de-156-milhoes-de-eleitoras-e-eleitores-vao-as-urnas\/#breadcrumb"},"inLanguage":"pt-BR","potentialAction":[{"@type":"ReadAction","target":["https:\/\/uvbbrasil.com.br\/faltam-30-dias-mais-de-156-milhoes-de-eleitoras-e-eleitores-vao-as-urnas\/"]}]},{"@type":"ImageObject","inLanguage":"pt-BR","@id":"https:\/\/uvbbrasil.com.br\/faltam-30-dias-mais-de-156-milhoes-de-eleitoras-e-eleitores-vao-as-urnas\/#primaryimage","url":"https:\/\/uvbbrasil.com.br\/wp-content\/uploads\/2022\/09\/c2bdfb80-3151-4a24-9ca1-51aaec84a460.jpeg","contentUrl":"https:\/\/uvbbrasil.com.br\/wp-content\/uploads\/2022\/09\/c2bdfb80-3151-4a24-9ca1-51aaec84a460.jpeg","width":620,"height":300},{"@type":"BreadcrumbList","@id":"https:\/\/uvbbrasil.com.br\/faltam-30-dias-mais-de-156-milhoes-de-eleitoras-e-eleitores-vao-as-urnas\/#breadcrumb","itemListElement":[{"@type":"ListItem","position":1,"name":"In\u00edcio","item":"https:\/\/uvbbrasil.com.br\/"},{"@type":"ListItem","position":2,"name":"Faltam 30 dias: mais de 156 milh\u00f5es de eleitoras e eleitores v\u00e3o \u00e0s urnas"}]},{"@type":"WebSite","@id":"https:\/\/uvbbrasil.com.br\/#website","url":"https:\/\/uvbbrasil.com.br\/","name":"UVB Brasil","description":"Uni\u00e3o dos Vereadores do Brasil","publisher":{"@id":"https:\/\/uvbbrasil.com.br\/#organization"},"potentialAction":[{"@type":"SearchAction","target":{"@type":"EntryPoint","urlTemplate":"https:\/\/uvbbrasil.com.br\/?s={search_term_string}"},"query-input":{"@type":"PropertyValueSpecification","valueRequired":true,"valueName":"search_term_string"}}],"inLanguage":"pt-BR"},{"@type":"Organization","@id":"https:\/\/uvbbrasil.com.br\/#organization","name":"UVB Brasil","url":"https:\/\/uvbbrasil.com.br\/","logo":{"@type":"ImageObject","inLanguage":"pt-BR","@id":"https:\/\/uvbbrasil.com.br\/#\/schema\/logo\/image\/","url":"https:\/\/uvbbrasil.com.br\/wp-content\/uploads\/2025\/01\/LOGO-UVB-2024-azul-1.jpg","contentUrl":"https:\/\/uvbbrasil.com.br\/wp-content\/uploads\/2025\/01\/LOGO-UVB-2024-azul-1.jpg","width":600,"height":211,"caption":"UVB Brasil"},"image":{"@id":"https:\/\/uvbbrasil.com.br\/#\/schema\/logo\/image\/"},"sameAs":["https:\/\/www.facebook.com\/uvb.vereadoresbrasil","https:\/\/www.instagram.com\/uvbbrasil\/","https:\/\/www.youtube.com\/channel\/UCIlPQ8Xzw5GHNzosQIg9S5A"]},{"@type":"Person","@id":"https:\/\/uvbbrasil.com.br\/#\/schema\/person\/17990098446c098f52effddff4f1b272","name":"adminuvb","image":{"@type":"ImageObject","inLanguage":"pt-BR","@id":"https:\/\/uvbbrasil.com.br\/#\/schema\/person\/image\/","url":"https:\/\/secure.gravatar.com\/avatar\/1a494ea6f8e2dd1ae526e55b0e9497efdba542491e0620d704cccf63c6f77c45?s=96&d=mm&r=g","contentUrl":"https:\/\/secure.gravatar.com\/avatar\/1a494ea6f8e2dd1ae526e55b0e9497efdba542491e0620d704cccf63c6f77c45?s=96&d=mm&r=g","caption":"adminuvb"},"sameAs":["https:\/\/uvbbrasil.com.br"],"url":"https:\/\/uvbbrasil.com.br\/author\/adminuvb\/"}]}},"_links":{"self":[{"href":"https:\/\/uvbbrasil.com.br\/uvb-json\/wp\/v2\/posts\/27110","targetHints":{"allow":["GET"]}}],"collection":[{"href":"https:\/\/uvbbrasil.com.br\/uvb-json\/wp\/v2\/posts"}],"about":[{"href":"https:\/\/uvbbrasil.com.br\/uvb-json\/wp\/v2\/types\/post"}],"author":[{"embeddable":true,"href":"https:\/\/uvbbrasil.com.br\/uvb-json\/wp\/v2\/users\/1"}],"replies":[{"embeddable":true,"href":"https:\/\/uvbbrasil.com.br\/uvb-json\/wp\/v2\/comments?post=27110"}],"version-history":[{"count":0,"href":"https:\/\/uvbbrasil.com.br\/uvb-json\/wp\/v2\/posts\/27110\/revisions"}],"wp:featuredmedia":[{"embeddable":true,"href":"https:\/\/uvbbrasil.com.br\/uvb-json\/wp\/v2\/media\/27111"}],"wp:attachment":[{"href":"https:\/\/uvbbrasil.com.br\/uvb-json\/wp\/v2\/media?parent=27110"}],"wp:term":[{"taxonomy":"category","embeddable":true,"href":"https:\/\/uvbbrasil.com.br\/uvb-json\/wp\/v2\/categories?post=27110"},{"taxonomy":"post_tag","embeddable":true,"href":"https:\/\/uvbbrasil.com.br\/uvb-json\/wp\/v2\/tags?post=27110"}],"curies":[{"name":"wp","href":"https:\/\/api.w.org\/{rel}","templated":true}]}}