{"id":27078,"date":"2022-08-31T10:55:22","date_gmt":"2022-08-31T13:55:22","guid":{"rendered":"https:\/\/wpsandbox4.pante.com.br\/?p=27078"},"modified":"2022-08-31T10:55:22","modified_gmt":"2022-08-31T13:55:22","slug":"camara-de-garanhuns-pe-recebe-presidente-da-uvb","status":"publish","type":"post","link":"https:\/\/uvbbrasil.com.br\/camara-de-garanhuns-pe-recebe-presidente-da-uvb\/","title":{"rendered":"C\u00e2mara de Garanhuns\/PE recebe presidente da UVB"},"content":{"rendered":"<p>O Presidente da Uni\u00e3o dos Vereadores do Brasil (UVB), Gilson Conzatti, visitou a C\u00e2mara de Garanhuns nessa ter\u00e7a-feira, dia 30, por ocasi\u00e3o da 5\u00aa Reuni\u00e3o Ordin\u00e1ria do Legislativo Garanhuense.<\/p>\n<p>Recepcionado pelo presidente da C\u00e2mara, o vereador Johny Albino (PSB) e pelo 1\u00ba secret\u00e1rio, o Vereador Alcindo Correia (PTB), Conzatti conheceu as instala\u00e7\u00f5es da Casa Raimundo de Moraes; interagiu com todos os Parlamentares Municipais e participou da Sess\u00e3o Ordin\u00e1ria.<\/p>\n<p>Gilson Conzatti, que \u00e9 Vereador no munic\u00edpio de Ira\u00ed-RS, refor\u00e7ou, durante a visita que as C\u00e2maras Municipais t\u00eam um papel fundamental e transformador na sociedade.<\/p>\n<p>\u201c\u00c9 essa a mensagem que a UVB leva para todos os Parlamentos Municipais no Brasil, que podemos fazer a diferen\u00e7a, saber das nossas atribui\u00e7\u00f5es constitucionais e do nosso papel de legisladores, de homens e mulheres que fazem o Poder Legislativo. Nada de nova ou velha pol\u00edtica, mas sim a pol\u00edtica de resultados, que realmente entrega o melhor para a sociedade\u201d, registrou Gilson Conzatti.<\/p>\n<p>CONGRESSOS DA UVB &#8211; Na oportunidade, Conzatti convidou os parlamentares garanhuenses a participar de eventos da UVB, com destaque para o Congresso Brasileiro de Legislativos e Gestores Municipais, que ser\u00e1 realizado de 22 a 25 de novembro desde ano e a XXII Marcha da UVB, que ser\u00e1 promovida no per\u00edodo de 25 e 28 de abril de 2023. Ambos os eventos acontecer\u00e3o em Bras\u00edlia-DF.<\/p>\n<p><img fetchpriority=\"high\" decoding=\"async\" class=\"alignnone size-medium wp-image-27080\" src=\"https:\/\/uvbbrasil.com.br\/wp-content\/uploads\/2022\/08\/WhatsApp-Image-2022-08-30-at-21.35.10-300x200.jpeg\" alt=\"\" width=\"300\" height=\"200\" srcset=\"https:\/\/uvbbrasil.com.br\/wp-content\/uploads\/2022\/08\/WhatsApp-Image-2022-08-30-at-21.35.10-300x200.jpeg 300w, https:\/\/uvbbrasil.com.br\/wp-content\/uploads\/2022\/08\/WhatsApp-Image-2022-08-30-at-21.35.10-1024x682.jpeg 1024w, https:\/\/uvbbrasil.com.br\/wp-content\/uploads\/2022\/08\/WhatsApp-Image-2022-08-30-at-21.35.10-768x512.jpeg 768w, https:\/\/uvbbrasil.com.br\/wp-content\/uploads\/2022\/08\/WhatsApp-Image-2022-08-30-at-21.35.10.jpeg 1280w\" sizes=\"(max-width: 300px) 100vw, 300px\" \/><img decoding=\"async\" class=\"alignnone size-medium wp-image-27081\" src=\"https:\/\/uvbbrasil.com.br\/wp-content\/uploads\/2022\/08\/WhatsApp-Image-2022-08-30-at-21.27.00-300x200.jpeg\" alt=\"\" width=\"300\" height=\"200\" srcset=\"https:\/\/uvbbrasil.com.br\/wp-content\/uploads\/2022\/08\/WhatsApp-Image-2022-08-30-at-21.27.00-300x200.jpeg 300w, https:\/\/uvbbrasil.com.br\/wp-content\/uploads\/2022\/08\/WhatsApp-Image-2022-08-30-at-21.27.00-1024x682.jpeg 1024w, https:\/\/uvbbrasil.com.br\/wp-content\/uploads\/2022\/08\/WhatsApp-Image-2022-08-30-at-21.27.00-768x512.jpeg 768w, https:\/\/uvbbrasil.com.br\/wp-content\/uploads\/2022\/08\/WhatsApp-Image-2022-08-30-at-21.27.00.jpeg 1280w\" sizes=\"(max-width: 300px) 100vw, 300px\" \/><img decoding=\"async\" class=\"alignnone size-medium wp-image-27082\" src=\"https:\/\/uvbbrasil.com.br\/wp-content\/uploads\/2022\/08\/WhatsApp-Image-2022-08-30-at-21.35.14-300x200.jpeg\" alt=\"\" width=\"300\" height=\"200\" srcset=\"https:\/\/uvbbrasil.com.br\/wp-content\/uploads\/2022\/08\/WhatsApp-Image-2022-08-30-at-21.35.14-300x200.jpeg 300w, https:\/\/uvbbrasil.com.br\/wp-content\/uploads\/2022\/08\/WhatsApp-Image-2022-08-30-at-21.35.14-1024x682.jpeg 1024w, https:\/\/uvbbrasil.com.br\/wp-content\/uploads\/2022\/08\/WhatsApp-Image-2022-08-30-at-21.35.14-768x512.jpeg 768w, https:\/\/uvbbrasil.com.br\/wp-content\/uploads\/2022\/08\/WhatsApp-Image-2022-08-30-at-21.35.14.jpeg 1280w\" sizes=\"(max-width: 300px) 100vw, 300px\" \/><img loading=\"lazy\" decoding=\"async\" class=\"alignnone size-medium wp-image-27083\" src=\"https:\/\/uvbbrasil.com.br\/wp-content\/uploads\/2022\/08\/WhatsApp-Image-2022-08-30-at-21.35.16-300x200.jpeg\" alt=\"\" width=\"300\" height=\"200\" srcset=\"https:\/\/uvbbrasil.com.br\/wp-content\/uploads\/2022\/08\/WhatsApp-Image-2022-08-30-at-21.35.16-300x200.jpeg 300w, https:\/\/uvbbrasil.com.br\/wp-content\/uploads\/2022\/08\/WhatsApp-Image-2022-08-30-at-21.35.16-1024x682.jpeg 1024w, https:\/\/uvbbrasil.com.br\/wp-content\/uploads\/2022\/08\/WhatsApp-Image-2022-08-30-at-21.35.16-768x512.jpeg 768w, https:\/\/uvbbrasil.com.br\/wp-content\/uploads\/2022\/08\/WhatsApp-Image-2022-08-30-at-21.35.16.jpeg 1280w\" sizes=\"(max-width: 300px) 100vw, 300px\" \/><img loading=\"lazy\" decoding=\"async\" class=\"alignnone size-medium wp-image-27084\" src=\"https:\/\/uvbbrasil.com.br\/wp-content\/uploads\/2022\/08\/WhatsApp-Image-2022-08-30-at-21.35.20-300x200.jpeg\" alt=\"\" width=\"300\" height=\"200\" srcset=\"https:\/\/uvbbrasil.com.br\/wp-content\/uploads\/2022\/08\/WhatsApp-Image-2022-08-30-at-21.35.20-300x200.jpeg 300w, https:\/\/uvbbrasil.com.br\/wp-content\/uploads\/2022\/08\/WhatsApp-Image-2022-08-30-at-21.35.20-1024x682.jpeg 1024w, https:\/\/uvbbrasil.com.br\/wp-content\/uploads\/2022\/08\/WhatsApp-Image-2022-08-30-at-21.35.20-768x512.jpeg 768w, https:\/\/uvbbrasil.com.br\/wp-content\/uploads\/2022\/08\/WhatsApp-Image-2022-08-30-at-21.35.20.jpeg 1280w\" sizes=\"(max-width: 300px) 100vw, 300px\" \/><img loading=\"lazy\" decoding=\"async\" class=\"alignnone size-medium wp-image-27085\" src=\"https:\/\/uvbbrasil.com.br\/wp-content\/uploads\/2022\/08\/WhatsApp-Image-2022-08-30-at-21.35.20-1-300x200.jpeg\" alt=\"\" width=\"300\" height=\"200\" srcset=\"https:\/\/uvbbrasil.com.br\/wp-content\/uploads\/2022\/08\/WhatsApp-Image-2022-08-30-at-21.35.20-1-300x200.jpeg 300w, https:\/\/uvbbrasil.com.br\/wp-content\/uploads\/2022\/08\/WhatsApp-Image-2022-08-30-at-21.35.20-1-1024x682.jpeg 1024w, https:\/\/uvbbrasil.com.br\/wp-content\/uploads\/2022\/08\/WhatsApp-Image-2022-08-30-at-21.35.20-1-768x512.jpeg 768w, https:\/\/uvbbrasil.com.br\/wp-content\/uploads\/2022\/08\/WhatsApp-Image-2022-08-30-at-21.35.20-1.jpeg 1280w\" sizes=\"(max-width: 300px) 100vw, 300px\" \/><strong><img loading=\"lazy\" decoding=\"async\" class=\"alignnone size-medium wp-image-27086\" src=\"https:\/\/uvbbrasil.com.br\/wp-content\/uploads\/2022\/08\/WhatsApp-Image-2022-08-30-at-21.35.21-300x200.jpeg\" alt=\"\" width=\"300\" height=\"200\" srcset=\"https:\/\/uvbbrasil.com.br\/wp-content\/uploads\/2022\/08\/WhatsApp-Image-2022-08-30-at-21.35.21-300x200.jpeg 300w, https:\/\/uvbbrasil.com.br\/wp-content\/uploads\/2022\/08\/WhatsApp-Image-2022-08-30-at-21.35.21-1024x682.jpeg 1024w, https:\/\/uvbbrasil.com.br\/wp-content\/uploads\/2022\/08\/WhatsApp-Image-2022-08-30-at-21.35.21-768x512.jpeg 768w, https:\/\/uvbbrasil.com.br\/wp-content\/uploads\/2022\/08\/WhatsApp-Image-2022-08-30-at-21.35.21.jpeg 1280w\" sizes=\"(max-width: 300px) 100vw, 300px\" \/><img loading=\"lazy\" decoding=\"async\" class=\"alignnone size-medium wp-image-27087\" src=\"https:\/\/uvbbrasil.com.br\/wp-content\/uploads\/2022\/08\/WhatsApp-Image-2022-08-30-at-21.35.23-300x200.jpeg\" alt=\"\" width=\"300\" height=\"200\" srcset=\"https:\/\/uvbbrasil.com.br\/wp-content\/uploads\/2022\/08\/WhatsApp-Image-2022-08-30-at-21.35.23-300x200.jpeg 300w, https:\/\/uvbbrasil.com.br\/wp-content\/uploads\/2022\/08\/WhatsApp-Image-2022-08-30-at-21.35.23-1024x682.jpeg 1024w, https:\/\/uvbbrasil.com.br\/wp-content\/uploads\/2022\/08\/WhatsApp-Image-2022-08-30-at-21.35.23-768x512.jpeg 768w, https:\/\/uvbbrasil.com.br\/wp-content\/uploads\/2022\/08\/WhatsApp-Image-2022-08-30-at-21.35.23.jpeg 1280w\" sizes=\"(max-width: 300px) 100vw, 300px\" \/><\/strong><\/p>\n","protected":false},"excerpt":{"rendered":"<p>O Presidente da Uni\u00e3o dos Vereadores do Brasil (UVB), Gilson Conzatti, visitou a C\u00e2mara de Garanhuns nessa ter\u00e7a-feira, dia 30,&#8230;<\/p>\n","protected":false},"author":1,"featured_media":27082,"comment_status":"open","ping_status":"open","sticky":false,"template":"","format":"standard","meta":{"footnotes":""},"categories":[3,4],"tags":[],"class_list":["post-27078","post","type-post","status-publish","format-standard","has-post-thumbnail","hentry","category-noticias","category-home"],"yoast_head":"<!-- This site is optimized with the Yoast SEO plugin v26.7 - https:\/\/yoast.com\/wordpress\/plugins\/seo\/ -->\n<title>C\u00e2mara de Garanhuns\/PE recebe presidente da UVB - UVB Brasil<\/title>\n<meta name=\"robots\" content=\"index, follow, max-snippet:-1, max-image-preview:large, max-video-preview:-1\" \/>\n<link rel=\"canonical\" href=\"https:\/\/uvbbrasil.com.br\/camara-de-garanhuns-pe-recebe-presidente-da-uvb\/\" \/>\n<meta property=\"og:locale\" content=\"pt_BR\" \/>\n<meta property=\"og:type\" content=\"article\" \/>\n<meta property=\"og:title\" content=\"C\u00e2mara de Garanhuns\/PE recebe presidente da UVB - UVB Brasil\" \/>\n<meta property=\"og:description\" content=\"O Presidente da Uni\u00e3o dos Vereadores do Brasil (UVB), Gilson Conzatti, visitou a C\u00e2mara de Garanhuns nessa ter\u00e7a-feira, dia 30,...\" \/>\n<meta property=\"og:url\" content=\"https:\/\/uvbbrasil.com.br\/camara-de-garanhuns-pe-recebe-presidente-da-uvb\/\" \/>\n<meta property=\"og:site_name\" content=\"UVB Brasil\" \/>\n<meta property=\"article:publisher\" content=\"https:\/\/www.facebook.com\/uvb.vereadoresbrasil\" \/>\n<meta property=\"article:published_time\" content=\"2022-08-31T13:55:22+00:00\" \/>\n<meta property=\"og:image\" content=\"https:\/\/uvbbrasil.com.br\/wp-content\/uploads\/2022\/08\/WhatsApp-Image-2022-08-30-at-21.35.14.jpeg\" \/>\n\t<meta property=\"og:image:width\" content=\"1280\" \/>\n\t<meta property=\"og:image:height\" content=\"853\" \/>\n\t<meta property=\"og:image:type\" content=\"image\/jpeg\" \/>\n<meta name=\"author\" content=\"adminuvb\" \/>\n<meta name=\"twitter:card\" content=\"summary_large_image\" \/>\n<meta name=\"twitter:label1\" content=\"Escrito por\" \/>\n\t<meta name=\"twitter:data1\" content=\"adminuvb\" \/>\n\t<meta name=\"twitter:label2\" content=\"Est. tempo de leitura\" \/>\n\t<meta name=\"twitter:data2\" content=\"3 minutos\" \/>\n<script type=\"application\/ld+json\" class=\"yoast-schema-graph\">{\"@context\":\"https:\/\/schema.org\",\"@graph\":[{\"@type\":\"Article\",\"@id\":\"https:\/\/uvbbrasil.com.br\/camara-de-garanhuns-pe-recebe-presidente-da-uvb\/#article\",\"isPartOf\":{\"@id\":\"https:\/\/uvbbrasil.com.br\/camara-de-garanhuns-pe-recebe-presidente-da-uvb\/\"},\"author\":{\"name\":\"adminuvb\",\"@id\":\"https:\/\/uvbbrasil.com.br\/#\/schema\/person\/17990098446c098f52effddff4f1b272\"},\"headline\":\"C\u00e2mara de Garanhuns\/PE recebe presidente da UVB\",\"datePublished\":\"2022-08-31T13:55:22+00:00\",\"mainEntityOfPage\":{\"@id\":\"https:\/\/uvbbrasil.com.br\/camara-de-garanhuns-pe-recebe-presidente-da-uvb\/\"},\"wordCount\":242,\"commentCount\":0,\"publisher\":{\"@id\":\"https:\/\/uvbbrasil.com.br\/#organization\"},\"image\":{\"@id\":\"https:\/\/uvbbrasil.com.br\/camara-de-garanhuns-pe-recebe-presidente-da-uvb\/#primaryimage\"},\"thumbnailUrl\":\"https:\/\/uvbbrasil.com.br\/wp-content\/uploads\/2022\/08\/WhatsApp-Image-2022-08-30-at-21.35.14.jpeg\",\"articleSection\":[\"NOT\u00cdCIAS\",\"UVB\"],\"inLanguage\":\"pt-BR\",\"potentialAction\":[{\"@type\":\"CommentAction\",\"name\":\"Comment\",\"target\":[\"https:\/\/uvbbrasil.com.br\/camara-de-garanhuns-pe-recebe-presidente-da-uvb\/#respond\"]}]},{\"@type\":\"WebPage\",\"@id\":\"https:\/\/uvbbrasil.com.br\/camara-de-garanhuns-pe-recebe-presidente-da-uvb\/\",\"url\":\"https:\/\/uvbbrasil.com.br\/camara-de-garanhuns-pe-recebe-presidente-da-uvb\/\",\"name\":\"C\u00e2mara de Garanhuns\/PE recebe presidente da UVB - UVB Brasil\",\"isPartOf\":{\"@id\":\"https:\/\/uvbbrasil.com.br\/#website\"},\"primaryImageOfPage\":{\"@id\":\"https:\/\/uvbbrasil.com.br\/camara-de-garanhuns-pe-recebe-presidente-da-uvb\/#primaryimage\"},\"image\":{\"@id\":\"https:\/\/uvbbrasil.com.br\/camara-de-garanhuns-pe-recebe-presidente-da-uvb\/#primaryimage\"},\"thumbnailUrl\":\"https:\/\/uvbbrasil.com.br\/wp-content\/uploads\/2022\/08\/WhatsApp-Image-2022-08-30-at-21.35.14.jpeg\",\"datePublished\":\"2022-08-31T13:55:22+00:00\",\"breadcrumb\":{\"@id\":\"https:\/\/uvbbrasil.com.br\/camara-de-garanhuns-pe-recebe-presidente-da-uvb\/#breadcrumb\"},\"inLanguage\":\"pt-BR\",\"potentialAction\":[{\"@type\":\"ReadAction\",\"target\":[\"https:\/\/uvbbrasil.com.br\/camara-de-garanhuns-pe-recebe-presidente-da-uvb\/\"]}]},{\"@type\":\"ImageObject\",\"inLanguage\":\"pt-BR\",\"@id\":\"https:\/\/uvbbrasil.com.br\/camara-de-garanhuns-pe-recebe-presidente-da-uvb\/#primaryimage\",\"url\":\"https:\/\/uvbbrasil.com.br\/wp-content\/uploads\/2022\/08\/WhatsApp-Image-2022-08-30-at-21.35.14.jpeg\",\"contentUrl\":\"https:\/\/uvbbrasil.com.br\/wp-content\/uploads\/2022\/08\/WhatsApp-Image-2022-08-30-at-21.35.14.jpeg\",\"width\":1280,\"height\":853},{\"@type\":\"BreadcrumbList\",\"@id\":\"https:\/\/uvbbrasil.com.br\/camara-de-garanhuns-pe-recebe-presidente-da-uvb\/#breadcrumb\",\"itemListElement\":[{\"@type\":\"ListItem\",\"position\":1,\"name\":\"In\u00edcio\",\"item\":\"https:\/\/uvbbrasil.com.br\/\"},{\"@type\":\"ListItem\",\"position\":2,\"name\":\"C\u00e2mara de Garanhuns\/PE recebe presidente da UVB\"}]},{\"@type\":\"WebSite\",\"@id\":\"https:\/\/uvbbrasil.com.br\/#website\",\"url\":\"https:\/\/uvbbrasil.com.br\/\",\"name\":\"UVB Brasil\",\"description\":\"Uni\u00e3o dos Vereadores do Brasil\",\"publisher\":{\"@id\":\"https:\/\/uvbbrasil.com.br\/#organization\"},\"potentialAction\":[{\"@type\":\"SearchAction\",\"target\":{\"@type\":\"EntryPoint\",\"urlTemplate\":\"https:\/\/uvbbrasil.com.br\/?s={search_term_string}\"},\"query-input\":{\"@type\":\"PropertyValueSpecification\",\"valueRequired\":true,\"valueName\":\"search_term_string\"}}],\"inLanguage\":\"pt-BR\"},{\"@type\":\"Organization\",\"@id\":\"https:\/\/uvbbrasil.com.br\/#organization\",\"name\":\"UVB Brasil\",\"url\":\"https:\/\/uvbbrasil.com.br\/\",\"logo\":{\"@type\":\"ImageObject\",\"inLanguage\":\"pt-BR\",\"@id\":\"https:\/\/uvbbrasil.com.br\/#\/schema\/logo\/image\/\",\"url\":\"https:\/\/uvbbrasil.com.br\/wp-content\/uploads\/2025\/01\/LOGO-UVB-2024-azul-1.jpg\",\"contentUrl\":\"https:\/\/uvbbrasil.com.br\/wp-content\/uploads\/2025\/01\/LOGO-UVB-2024-azul-1.jpg\",\"width\":600,\"height\":211,\"caption\":\"UVB Brasil\"},\"image\":{\"@id\":\"https:\/\/uvbbrasil.com.br\/#\/schema\/logo\/image\/\"},\"sameAs\":[\"https:\/\/www.facebook.com\/uvb.vereadoresbrasil\",\"https:\/\/www.instagram.com\/uvbbrasil\/\",\"https:\/\/www.youtube.com\/channel\/UCIlPQ8Xzw5GHNzosQIg9S5A\"]},{\"@type\":\"Person\",\"@id\":\"https:\/\/uvbbrasil.com.br\/#\/schema\/person\/17990098446c098f52effddff4f1b272\",\"name\":\"adminuvb\",\"image\":{\"@type\":\"ImageObject\",\"inLanguage\":\"pt-BR\",\"@id\":\"https:\/\/uvbbrasil.com.br\/#\/schema\/person\/image\/\",\"url\":\"https:\/\/secure.gravatar.com\/avatar\/1a494ea6f8e2dd1ae526e55b0e9497efdba542491e0620d704cccf63c6f77c45?s=96&d=mm&r=g\",\"contentUrl\":\"https:\/\/secure.gravatar.com\/avatar\/1a494ea6f8e2dd1ae526e55b0e9497efdba542491e0620d704cccf63c6f77c45?s=96&d=mm&r=g\",\"caption\":\"adminuvb\"},\"sameAs\":[\"https:\/\/uvbbrasil.com.br\"],\"url\":\"https:\/\/uvbbrasil.com.br\/author\/adminuvb\/\"}]}<\/script>\n<!-- \/ Yoast SEO plugin. -->","yoast_head_json":{"title":"C\u00e2mara de Garanhuns\/PE recebe presidente da UVB - UVB Brasil","robots":{"index":"index","follow":"follow","max-snippet":"max-snippet:-1","max-image-preview":"max-image-preview:large","max-video-preview":"max-video-preview:-1"},"canonical":"https:\/\/uvbbrasil.com.br\/camara-de-garanhuns-pe-recebe-presidente-da-uvb\/","og_locale":"pt_BR","og_type":"article","og_title":"C\u00e2mara de Garanhuns\/PE recebe presidente da UVB - UVB Brasil","og_description":"O Presidente da Uni\u00e3o dos Vereadores do Brasil (UVB), Gilson Conzatti, visitou a C\u00e2mara de Garanhuns nessa ter\u00e7a-feira, dia 30,...","og_url":"https:\/\/uvbbrasil.com.br\/camara-de-garanhuns-pe-recebe-presidente-da-uvb\/","og_site_name":"UVB Brasil","article_publisher":"https:\/\/www.facebook.com\/uvb.vereadoresbrasil","article_published_time":"2022-08-31T13:55:22+00:00","og_image":[{"width":1280,"height":853,"url":"https:\/\/uvbbrasil.com.br\/wp-content\/uploads\/2022\/08\/WhatsApp-Image-2022-08-30-at-21.35.14.jpeg","type":"image\/jpeg"}],"author":"adminuvb","twitter_card":"summary_large_image","twitter_misc":{"Escrito por":"adminuvb","Est. tempo de leitura":"3 minutos"},"schema":{"@context":"https:\/\/schema.org","@graph":[{"@type":"Article","@id":"https:\/\/uvbbrasil.com.br\/camara-de-garanhuns-pe-recebe-presidente-da-uvb\/#article","isPartOf":{"@id":"https:\/\/uvbbrasil.com.br\/camara-de-garanhuns-pe-recebe-presidente-da-uvb\/"},"author":{"name":"adminuvb","@id":"https:\/\/uvbbrasil.com.br\/#\/schema\/person\/17990098446c098f52effddff4f1b272"},"headline":"C\u00e2mara de Garanhuns\/PE recebe presidente da UVB","datePublished":"2022-08-31T13:55:22+00:00","mainEntityOfPage":{"@id":"https:\/\/uvbbrasil.com.br\/camara-de-garanhuns-pe-recebe-presidente-da-uvb\/"},"wordCount":242,"commentCount":0,"publisher":{"@id":"https:\/\/uvbbrasil.com.br\/#organization"},"image":{"@id":"https:\/\/uvbbrasil.com.br\/camara-de-garanhuns-pe-recebe-presidente-da-uvb\/#primaryimage"},"thumbnailUrl":"https:\/\/uvbbrasil.com.br\/wp-content\/uploads\/2022\/08\/WhatsApp-Image-2022-08-30-at-21.35.14.jpeg","articleSection":["NOT\u00cdCIAS","UVB"],"inLanguage":"pt-BR","potentialAction":[{"@type":"CommentAction","name":"Comment","target":["https:\/\/uvbbrasil.com.br\/camara-de-garanhuns-pe-recebe-presidente-da-uvb\/#respond"]}]},{"@type":"WebPage","@id":"https:\/\/uvbbrasil.com.br\/camara-de-garanhuns-pe-recebe-presidente-da-uvb\/","url":"https:\/\/uvbbrasil.com.br\/camara-de-garanhuns-pe-recebe-presidente-da-uvb\/","name":"C\u00e2mara de Garanhuns\/PE recebe presidente da UVB - UVB Brasil","isPartOf":{"@id":"https:\/\/uvbbrasil.com.br\/#website"},"primaryImageOfPage":{"@id":"https:\/\/uvbbrasil.com.br\/camara-de-garanhuns-pe-recebe-presidente-da-uvb\/#primaryimage"},"image":{"@id":"https:\/\/uvbbrasil.com.br\/camara-de-garanhuns-pe-recebe-presidente-da-uvb\/#primaryimage"},"thumbnailUrl":"https:\/\/uvbbrasil.com.br\/wp-content\/uploads\/2022\/08\/WhatsApp-Image-2022-08-30-at-21.35.14.jpeg","datePublished":"2022-08-31T13:55:22+00:00","breadcrumb":{"@id":"https:\/\/uvbbrasil.com.br\/camara-de-garanhuns-pe-recebe-presidente-da-uvb\/#breadcrumb"},"inLanguage":"pt-BR","potentialAction":[{"@type":"ReadAction","target":["https:\/\/uvbbrasil.com.br\/camara-de-garanhuns-pe-recebe-presidente-da-uvb\/"]}]},{"@type":"ImageObject","inLanguage":"pt-BR","@id":"https:\/\/uvbbrasil.com.br\/camara-de-garanhuns-pe-recebe-presidente-da-uvb\/#primaryimage","url":"https:\/\/uvbbrasil.com.br\/wp-content\/uploads\/2022\/08\/WhatsApp-Image-2022-08-30-at-21.35.14.jpeg","contentUrl":"https:\/\/uvbbrasil.com.br\/wp-content\/uploads\/2022\/08\/WhatsApp-Image-2022-08-30-at-21.35.14.jpeg","width":1280,"height":853},{"@type":"BreadcrumbList","@id":"https:\/\/uvbbrasil.com.br\/camara-de-garanhuns-pe-recebe-presidente-da-uvb\/#breadcrumb","itemListElement":[{"@type":"ListItem","position":1,"name":"In\u00edcio","item":"https:\/\/uvbbrasil.com.br\/"},{"@type":"ListItem","position":2,"name":"C\u00e2mara de Garanhuns\/PE recebe presidente da UVB"}]},{"@type":"WebSite","@id":"https:\/\/uvbbrasil.com.br\/#website","url":"https:\/\/uvbbrasil.com.br\/","name":"UVB Brasil","description":"Uni\u00e3o dos Vereadores do Brasil","publisher":{"@id":"https:\/\/uvbbrasil.com.br\/#organization"},"potentialAction":[{"@type":"SearchAction","target":{"@type":"EntryPoint","urlTemplate":"https:\/\/uvbbrasil.com.br\/?s={search_term_string}"},"query-input":{"@type":"PropertyValueSpecification","valueRequired":true,"valueName":"search_term_string"}}],"inLanguage":"pt-BR"},{"@type":"Organization","@id":"https:\/\/uvbbrasil.com.br\/#organization","name":"UVB Brasil","url":"https:\/\/uvbbrasil.com.br\/","logo":{"@type":"ImageObject","inLanguage":"pt-BR","@id":"https:\/\/uvbbrasil.com.br\/#\/schema\/logo\/image\/","url":"https:\/\/uvbbrasil.com.br\/wp-content\/uploads\/2025\/01\/LOGO-UVB-2024-azul-1.jpg","contentUrl":"https:\/\/uvbbrasil.com.br\/wp-content\/uploads\/2025\/01\/LOGO-UVB-2024-azul-1.jpg","width":600,"height":211,"caption":"UVB Brasil"},"image":{"@id":"https:\/\/uvbbrasil.com.br\/#\/schema\/logo\/image\/"},"sameAs":["https:\/\/www.facebook.com\/uvb.vereadoresbrasil","https:\/\/www.instagram.com\/uvbbrasil\/","https:\/\/www.youtube.com\/channel\/UCIlPQ8Xzw5GHNzosQIg9S5A"]},{"@type":"Person","@id":"https:\/\/uvbbrasil.com.br\/#\/schema\/person\/17990098446c098f52effddff4f1b272","name":"adminuvb","image":{"@type":"ImageObject","inLanguage":"pt-BR","@id":"https:\/\/uvbbrasil.com.br\/#\/schema\/person\/image\/","url":"https:\/\/secure.gravatar.com\/avatar\/1a494ea6f8e2dd1ae526e55b0e9497efdba542491e0620d704cccf63c6f77c45?s=96&d=mm&r=g","contentUrl":"https:\/\/secure.gravatar.com\/avatar\/1a494ea6f8e2dd1ae526e55b0e9497efdba542491e0620d704cccf63c6f77c45?s=96&d=mm&r=g","caption":"adminuvb"},"sameAs":["https:\/\/uvbbrasil.com.br"],"url":"https:\/\/uvbbrasil.com.br\/author\/adminuvb\/"}]}},"_links":{"self":[{"href":"https:\/\/uvbbrasil.com.br\/uvb-json\/wp\/v2\/posts\/27078","targetHints":{"allow":["GET"]}}],"collection":[{"href":"https:\/\/uvbbrasil.com.br\/uvb-json\/wp\/v2\/posts"}],"about":[{"href":"https:\/\/uvbbrasil.com.br\/uvb-json\/wp\/v2\/types\/post"}],"author":[{"embeddable":true,"href":"https:\/\/uvbbrasil.com.br\/uvb-json\/wp\/v2\/users\/1"}],"replies":[{"embeddable":true,"href":"https:\/\/uvbbrasil.com.br\/uvb-json\/wp\/v2\/comments?post=27078"}],"version-history":[{"count":0,"href":"https:\/\/uvbbrasil.com.br\/uvb-json\/wp\/v2\/posts\/27078\/revisions"}],"wp:featuredmedia":[{"embeddable":true,"href":"https:\/\/uvbbrasil.com.br\/uvb-json\/wp\/v2\/media\/27082"}],"wp:attachment":[{"href":"https:\/\/uvbbrasil.com.br\/uvb-json\/wp\/v2\/media?parent=27078"}],"wp:term":[{"taxonomy":"category","embeddable":true,"href":"https:\/\/uvbbrasil.com.br\/uvb-json\/wp\/v2\/categories?post=27078"},{"taxonomy":"post_tag","embeddable":true,"href":"https:\/\/uvbbrasil.com.br\/uvb-json\/wp\/v2\/tags?post=27078"}],"curies":[{"name":"wp","href":"https:\/\/api.w.org\/{rel}","templated":true}]}}