{"id":27071,"date":"2022-08-30T11:08:30","date_gmt":"2022-08-30T14:08:30","guid":{"rendered":"https:\/\/wpsandbox4.pante.com.br\/?p=27071"},"modified":"2022-08-30T11:08:30","modified_gmt":"2022-08-30T14:08:30","slug":"legislativo-de-irai-rs-celebra-dois-anos-da-nova-sede","status":"publish","type":"post","link":"https:\/\/uvbbrasil.com.br\/legislativo-de-irai-rs-celebra-dois-anos-da-nova-sede\/","title":{"rendered":"Legislativo de Ira\u00ed\/RS celebra dois anos da nova sede"},"content":{"rendered":"<div class=\"m8h3af8h l7ghb35v kjdc1dyq kmwttqpk gh25dzvf n3t5jt4f\">\n<div dir=\"auto\"><\/div>\n<\/div>\n<div class=\"l7ghb35v kjdc1dyq kmwttqpk gh25dzvf jikcssrz n3t5jt4f\">\n<div dir=\"auto\">H\u00e1 dois anos atr\u00e1s a C\u00e2mara de Vereadores de Ira\u00ed dava um importante passo para sua autonomia e independ\u00eancia, conquistando sua sede pr\u00f3pria, considerando que em 85 anos o Legislativo nunca havia possu\u00eddo uma sede que fosse desvinculada do pr\u00e9dio da Prefeitura. A primeira sess\u00e3o ordin\u00e1ria foi realizada no dia 21 de agosto de 2020, durante a 18\u00aa Legislatura.<\/div>\n<\/div>\n<div class=\"l7ghb35v kjdc1dyq kmwttqpk gh25dzvf jikcssrz n3t5jt4f\">\n<div dir=\"auto\">A proposta da nova Casa foi idealizada pelo ent\u00e3o presidente na \u00e9poca, o vereador Gilson Conzatti, onde a desvincula\u00e7\u00e3o do pr\u00e9dio da Prefeitura visava atender melhor a popula\u00e7\u00e3o, servidores e parlamentares, como tamb\u00e9m, se adequar a Constitui\u00e7\u00e3o Federal de 1988 que prev\u00ea a separa\u00e7\u00e3o de ambos, isso se chama independ\u00eancia dos Poderes. O pr\u00e9dio foi concedido pelo Estado do Rio Grande do Sul ao Munic\u00edpio, por tanto, o Legislativo n\u00e3o tem custo com aluguel.<\/div>\n<\/div>\n<div class=\"l7ghb35v kjdc1dyq kmwttqpk gh25dzvf jikcssrz n3t5jt4f\">\n<div dir=\"auto\">No novo espa\u00e7o, foi permitido colocar em pr\u00e1tica novos projetos como a Escola do Legislativo, Procuradoria da Mulher da C\u00e2mara, Biblioteca do Legislativo, sala de reuni\u00f5es das Comiss\u00f5es, gabinete do presidente, sala de reuni\u00e3o dos vereadores, sala administrativa, sala de imprensa, sala da TV do Legislativo, amplo plen\u00e1rio e futuramente novos projetos ser\u00e3o realizados na nova sede da Casa de Leis.<\/div>\n<\/div>\n<div class=\"l7ghb35v kjdc1dyq kmwttqpk gh25dzvf jikcssrz n3t5jt4f\">\n<div dir=\"auto\">Entre as a\u00e7\u00f5es j\u00e1 realizadas na nova sede destaque para a capacita\u00e7\u00e3o \u201cPara Que Serve o Vereador\u201d, curso este in\u00e9dito no munic\u00edpio e regi\u00e3o para os ent\u00e3o candidatos em 2020 ao cargo de vereador, treinamento para os vereadores eleitos, a retomada do sistema de vota\u00e7\u00e3o eletr\u00f4nica, a volta das transmiss\u00f5es ao vivo das sess\u00f5es, e tamb\u00e9m foi realizada a primeira sess\u00e3o solene de posse dos vereadores que comp\u00f5em a 19\u00aa Legislatura do Poder Legislativo de Ira\u00ed e do prefeito Antonio Vilson Bernardi e o vice-prefeito Esequiel Tonial.<\/div>\n<\/div>\n<div class=\"l7ghb35v kjdc1dyq kmwttqpk gh25dzvf jikcssrz n3t5jt4f\">\n<div dir=\"auto\">Desde sua primeira sess\u00e3o, em 21 de agosto de 2020, o Legislativo realizou at\u00e9 o momento 54 sess\u00f5es na nova sede.<\/div>\n<div dir=\"auto\"><img fetchpriority=\"high\" decoding=\"async\" class=\"alignnone size-medium wp-image-27072\" src=\"https:\/\/uvbbrasil.com.br\/wp-content\/uploads\/2022\/08\/ira-300x200.jpg\" alt=\"\" width=\"300\" height=\"200\" srcset=\"https:\/\/uvbbrasil.com.br\/wp-content\/uploads\/2022\/08\/ira-300x200.jpg 300w, https:\/\/uvbbrasil.com.br\/wp-content\/uploads\/2022\/08\/ira-1024x683.jpg 1024w, https:\/\/uvbbrasil.com.br\/wp-content\/uploads\/2022\/08\/ira-768x512.jpg 768w, https:\/\/uvbbrasil.com.br\/wp-content\/uploads\/2022\/08\/ira-1536x1024.jpg 1536w, https:\/\/uvbbrasil.com.br\/wp-content\/uploads\/2022\/08\/ira.jpg 2048w\" sizes=\"(max-width: 300px) 100vw, 300px\" \/><\/div>\n<div dir=\"auto\"><img decoding=\"async\" class=\"alignnone size-medium wp-image-27073\" src=\"https:\/\/uvbbrasil.com.br\/wp-content\/uploads\/2022\/08\/ira-2-300x225.jpg\" alt=\"\" width=\"300\" height=\"225\" srcset=\"https:\/\/uvbbrasil.com.br\/wp-content\/uploads\/2022\/08\/ira-2-300x225.jpg 300w, https:\/\/uvbbrasil.com.br\/wp-content\/uploads\/2022\/08\/ira-2-1024x768.jpg 1024w, https:\/\/uvbbrasil.com.br\/wp-content\/uploads\/2022\/08\/ira-2-768x576.jpg 768w, https:\/\/uvbbrasil.com.br\/wp-content\/uploads\/2022\/08\/ira-2-1536x1152.jpg 1536w, https:\/\/uvbbrasil.com.br\/wp-content\/uploads\/2022\/08\/ira-2.jpg 2048w\" sizes=\"(max-width: 300px) 100vw, 300px\" \/><\/div>\n<\/div>\n","protected":false},"excerpt":{"rendered":"<p>H\u00e1 dois anos atr\u00e1s a C\u00e2mara de Vereadores de Ira\u00ed dava um importante passo para sua autonomia e independ\u00eancia, conquistando&#8230;<\/p>\n","protected":false},"author":1,"featured_media":27072,"comment_status":"open","ping_status":"open","sticky":false,"template":"","format":"standard","meta":{"footnotes":""},"categories":[3],"tags":[],"class_list":["post-27071","post","type-post","status-publish","format-standard","has-post-thumbnail","hentry","category-noticias"],"yoast_head":"<!-- This site is optimized with the Yoast SEO plugin v26.7 - https:\/\/yoast.com\/wordpress\/plugins\/seo\/ -->\n<title>Legislativo de Ira\u00ed\/RS celebra dois anos da nova sede - UVB Brasil<\/title>\n<meta name=\"robots\" content=\"index, follow, max-snippet:-1, max-image-preview:large, max-video-preview:-1\" \/>\n<link rel=\"canonical\" href=\"https:\/\/uvbbrasil.com.br\/legislativo-de-irai-rs-celebra-dois-anos-da-nova-sede\/\" \/>\n<meta property=\"og:locale\" content=\"pt_BR\" \/>\n<meta property=\"og:type\" content=\"article\" \/>\n<meta property=\"og:title\" content=\"Legislativo de Ira\u00ed\/RS celebra dois anos da nova sede - UVB Brasil\" \/>\n<meta property=\"og:description\" content=\"H\u00e1 dois anos atr\u00e1s a C\u00e2mara de Vereadores de Ira\u00ed dava um importante passo para sua autonomia e independ\u00eancia, conquistando...\" \/>\n<meta property=\"og:url\" content=\"https:\/\/uvbbrasil.com.br\/legislativo-de-irai-rs-celebra-dois-anos-da-nova-sede\/\" \/>\n<meta property=\"og:site_name\" content=\"UVB Brasil\" \/>\n<meta property=\"article:publisher\" content=\"https:\/\/www.facebook.com\/uvb.vereadoresbrasil\" \/>\n<meta property=\"article:published_time\" content=\"2022-08-30T14:08:30+00:00\" \/>\n<meta property=\"og:image\" content=\"https:\/\/uvbbrasil.com.br\/wp-content\/uploads\/2022\/08\/ira.jpg\" \/>\n\t<meta property=\"og:image:width\" content=\"2048\" \/>\n\t<meta property=\"og:image:height\" content=\"1365\" \/>\n\t<meta property=\"og:image:type\" content=\"image\/jpeg\" \/>\n<meta name=\"author\" content=\"adminuvb\" \/>\n<meta name=\"twitter:card\" content=\"summary_large_image\" \/>\n<meta name=\"twitter:label1\" content=\"Escrito por\" \/>\n\t<meta name=\"twitter:data1\" content=\"adminuvb\" \/>\n\t<meta name=\"twitter:label2\" content=\"Est. tempo de leitura\" \/>\n\t<meta name=\"twitter:data2\" content=\"2 minutos\" \/>\n<script type=\"application\/ld+json\" class=\"yoast-schema-graph\">{\"@context\":\"https:\/\/schema.org\",\"@graph\":[{\"@type\":\"Article\",\"@id\":\"https:\/\/uvbbrasil.com.br\/legislativo-de-irai-rs-celebra-dois-anos-da-nova-sede\/#article\",\"isPartOf\":{\"@id\":\"https:\/\/uvbbrasil.com.br\/legislativo-de-irai-rs-celebra-dois-anos-da-nova-sede\/\"},\"author\":{\"name\":\"adminuvb\",\"@id\":\"https:\/\/uvbbrasil.com.br\/#\/schema\/person\/17990098446c098f52effddff4f1b272\"},\"headline\":\"Legislativo de Ira\u00ed\/RS celebra dois anos da nova sede\",\"datePublished\":\"2022-08-30T14:08:30+00:00\",\"mainEntityOfPage\":{\"@id\":\"https:\/\/uvbbrasil.com.br\/legislativo-de-irai-rs-celebra-dois-anos-da-nova-sede\/\"},\"wordCount\":344,\"commentCount\":0,\"publisher\":{\"@id\":\"https:\/\/uvbbrasil.com.br\/#organization\"},\"image\":{\"@id\":\"https:\/\/uvbbrasil.com.br\/legislativo-de-irai-rs-celebra-dois-anos-da-nova-sede\/#primaryimage\"},\"thumbnailUrl\":\"https:\/\/uvbbrasil.com.br\/wp-content\/uploads\/2022\/08\/ira.jpg\",\"articleSection\":[\"NOT\u00cdCIAS\"],\"inLanguage\":\"pt-BR\",\"potentialAction\":[{\"@type\":\"CommentAction\",\"name\":\"Comment\",\"target\":[\"https:\/\/uvbbrasil.com.br\/legislativo-de-irai-rs-celebra-dois-anos-da-nova-sede\/#respond\"]}]},{\"@type\":\"WebPage\",\"@id\":\"https:\/\/uvbbrasil.com.br\/legislativo-de-irai-rs-celebra-dois-anos-da-nova-sede\/\",\"url\":\"https:\/\/uvbbrasil.com.br\/legislativo-de-irai-rs-celebra-dois-anos-da-nova-sede\/\",\"name\":\"Legislativo de Ira\u00ed\/RS celebra dois anos da nova sede - UVB Brasil\",\"isPartOf\":{\"@id\":\"https:\/\/uvbbrasil.com.br\/#website\"},\"primaryImageOfPage\":{\"@id\":\"https:\/\/uvbbrasil.com.br\/legislativo-de-irai-rs-celebra-dois-anos-da-nova-sede\/#primaryimage\"},\"image\":{\"@id\":\"https:\/\/uvbbrasil.com.br\/legislativo-de-irai-rs-celebra-dois-anos-da-nova-sede\/#primaryimage\"},\"thumbnailUrl\":\"https:\/\/uvbbrasil.com.br\/wp-content\/uploads\/2022\/08\/ira.jpg\",\"datePublished\":\"2022-08-30T14:08:30+00:00\",\"breadcrumb\":{\"@id\":\"https:\/\/uvbbrasil.com.br\/legislativo-de-irai-rs-celebra-dois-anos-da-nova-sede\/#breadcrumb\"},\"inLanguage\":\"pt-BR\",\"potentialAction\":[{\"@type\":\"ReadAction\",\"target\":[\"https:\/\/uvbbrasil.com.br\/legislativo-de-irai-rs-celebra-dois-anos-da-nova-sede\/\"]}]},{\"@type\":\"ImageObject\",\"inLanguage\":\"pt-BR\",\"@id\":\"https:\/\/uvbbrasil.com.br\/legislativo-de-irai-rs-celebra-dois-anos-da-nova-sede\/#primaryimage\",\"url\":\"https:\/\/uvbbrasil.com.br\/wp-content\/uploads\/2022\/08\/ira.jpg\",\"contentUrl\":\"https:\/\/uvbbrasil.com.br\/wp-content\/uploads\/2022\/08\/ira.jpg\",\"width\":2048,\"height\":1365},{\"@type\":\"BreadcrumbList\",\"@id\":\"https:\/\/uvbbrasil.com.br\/legislativo-de-irai-rs-celebra-dois-anos-da-nova-sede\/#breadcrumb\",\"itemListElement\":[{\"@type\":\"ListItem\",\"position\":1,\"name\":\"In\u00edcio\",\"item\":\"https:\/\/uvbbrasil.com.br\/\"},{\"@type\":\"ListItem\",\"position\":2,\"name\":\"Legislativo de Ira\u00ed\/RS celebra dois anos da nova sede\"}]},{\"@type\":\"WebSite\",\"@id\":\"https:\/\/uvbbrasil.com.br\/#website\",\"url\":\"https:\/\/uvbbrasil.com.br\/\",\"name\":\"UVB Brasil\",\"description\":\"Uni\u00e3o dos Vereadores do Brasil\",\"publisher\":{\"@id\":\"https:\/\/uvbbrasil.com.br\/#organization\"},\"potentialAction\":[{\"@type\":\"SearchAction\",\"target\":{\"@type\":\"EntryPoint\",\"urlTemplate\":\"https:\/\/uvbbrasil.com.br\/?s={search_term_string}\"},\"query-input\":{\"@type\":\"PropertyValueSpecification\",\"valueRequired\":true,\"valueName\":\"search_term_string\"}}],\"inLanguage\":\"pt-BR\"},{\"@type\":\"Organization\",\"@id\":\"https:\/\/uvbbrasil.com.br\/#organization\",\"name\":\"UVB Brasil\",\"url\":\"https:\/\/uvbbrasil.com.br\/\",\"logo\":{\"@type\":\"ImageObject\",\"inLanguage\":\"pt-BR\",\"@id\":\"https:\/\/uvbbrasil.com.br\/#\/schema\/logo\/image\/\",\"url\":\"https:\/\/uvbbrasil.com.br\/wp-content\/uploads\/2025\/01\/LOGO-UVB-2024-azul-1.jpg\",\"contentUrl\":\"https:\/\/uvbbrasil.com.br\/wp-content\/uploads\/2025\/01\/LOGO-UVB-2024-azul-1.jpg\",\"width\":600,\"height\":211,\"caption\":\"UVB Brasil\"},\"image\":{\"@id\":\"https:\/\/uvbbrasil.com.br\/#\/schema\/logo\/image\/\"},\"sameAs\":[\"https:\/\/www.facebook.com\/uvb.vereadoresbrasil\",\"https:\/\/www.instagram.com\/uvbbrasil\/\",\"https:\/\/www.youtube.com\/channel\/UCIlPQ8Xzw5GHNzosQIg9S5A\"]},{\"@type\":\"Person\",\"@id\":\"https:\/\/uvbbrasil.com.br\/#\/schema\/person\/17990098446c098f52effddff4f1b272\",\"name\":\"adminuvb\",\"image\":{\"@type\":\"ImageObject\",\"inLanguage\":\"pt-BR\",\"@id\":\"https:\/\/uvbbrasil.com.br\/#\/schema\/person\/image\/\",\"url\":\"https:\/\/secure.gravatar.com\/avatar\/1a494ea6f8e2dd1ae526e55b0e9497efdba542491e0620d704cccf63c6f77c45?s=96&d=mm&r=g\",\"contentUrl\":\"https:\/\/secure.gravatar.com\/avatar\/1a494ea6f8e2dd1ae526e55b0e9497efdba542491e0620d704cccf63c6f77c45?s=96&d=mm&r=g\",\"caption\":\"adminuvb\"},\"sameAs\":[\"https:\/\/uvbbrasil.com.br\"],\"url\":\"https:\/\/uvbbrasil.com.br\/author\/adminuvb\/\"}]}<\/script>\n<!-- \/ Yoast SEO plugin. -->","yoast_head_json":{"title":"Legislativo de Ira\u00ed\/RS celebra dois anos da nova sede - UVB Brasil","robots":{"index":"index","follow":"follow","max-snippet":"max-snippet:-1","max-image-preview":"max-image-preview:large","max-video-preview":"max-video-preview:-1"},"canonical":"https:\/\/uvbbrasil.com.br\/legislativo-de-irai-rs-celebra-dois-anos-da-nova-sede\/","og_locale":"pt_BR","og_type":"article","og_title":"Legislativo de Ira\u00ed\/RS celebra dois anos da nova sede - UVB Brasil","og_description":"H\u00e1 dois anos atr\u00e1s a C\u00e2mara de Vereadores de Ira\u00ed dava um importante passo para sua autonomia e independ\u00eancia, conquistando...","og_url":"https:\/\/uvbbrasil.com.br\/legislativo-de-irai-rs-celebra-dois-anos-da-nova-sede\/","og_site_name":"UVB Brasil","article_publisher":"https:\/\/www.facebook.com\/uvb.vereadoresbrasil","article_published_time":"2022-08-30T14:08:30+00:00","og_image":[{"width":2048,"height":1365,"url":"https:\/\/uvbbrasil.com.br\/wp-content\/uploads\/2022\/08\/ira.jpg","type":"image\/jpeg"}],"author":"adminuvb","twitter_card":"summary_large_image","twitter_misc":{"Escrito por":"adminuvb","Est. tempo de leitura":"2 minutos"},"schema":{"@context":"https:\/\/schema.org","@graph":[{"@type":"Article","@id":"https:\/\/uvbbrasil.com.br\/legislativo-de-irai-rs-celebra-dois-anos-da-nova-sede\/#article","isPartOf":{"@id":"https:\/\/uvbbrasil.com.br\/legislativo-de-irai-rs-celebra-dois-anos-da-nova-sede\/"},"author":{"name":"adminuvb","@id":"https:\/\/uvbbrasil.com.br\/#\/schema\/person\/17990098446c098f52effddff4f1b272"},"headline":"Legislativo de Ira\u00ed\/RS celebra dois anos da nova sede","datePublished":"2022-08-30T14:08:30+00:00","mainEntityOfPage":{"@id":"https:\/\/uvbbrasil.com.br\/legislativo-de-irai-rs-celebra-dois-anos-da-nova-sede\/"},"wordCount":344,"commentCount":0,"publisher":{"@id":"https:\/\/uvbbrasil.com.br\/#organization"},"image":{"@id":"https:\/\/uvbbrasil.com.br\/legislativo-de-irai-rs-celebra-dois-anos-da-nova-sede\/#primaryimage"},"thumbnailUrl":"https:\/\/uvbbrasil.com.br\/wp-content\/uploads\/2022\/08\/ira.jpg","articleSection":["NOT\u00cdCIAS"],"inLanguage":"pt-BR","potentialAction":[{"@type":"CommentAction","name":"Comment","target":["https:\/\/uvbbrasil.com.br\/legislativo-de-irai-rs-celebra-dois-anos-da-nova-sede\/#respond"]}]},{"@type":"WebPage","@id":"https:\/\/uvbbrasil.com.br\/legislativo-de-irai-rs-celebra-dois-anos-da-nova-sede\/","url":"https:\/\/uvbbrasil.com.br\/legislativo-de-irai-rs-celebra-dois-anos-da-nova-sede\/","name":"Legislativo de Ira\u00ed\/RS celebra dois anos da nova sede - UVB Brasil","isPartOf":{"@id":"https:\/\/uvbbrasil.com.br\/#website"},"primaryImageOfPage":{"@id":"https:\/\/uvbbrasil.com.br\/legislativo-de-irai-rs-celebra-dois-anos-da-nova-sede\/#primaryimage"},"image":{"@id":"https:\/\/uvbbrasil.com.br\/legislativo-de-irai-rs-celebra-dois-anos-da-nova-sede\/#primaryimage"},"thumbnailUrl":"https:\/\/uvbbrasil.com.br\/wp-content\/uploads\/2022\/08\/ira.jpg","datePublished":"2022-08-30T14:08:30+00:00","breadcrumb":{"@id":"https:\/\/uvbbrasil.com.br\/legislativo-de-irai-rs-celebra-dois-anos-da-nova-sede\/#breadcrumb"},"inLanguage":"pt-BR","potentialAction":[{"@type":"ReadAction","target":["https:\/\/uvbbrasil.com.br\/legislativo-de-irai-rs-celebra-dois-anos-da-nova-sede\/"]}]},{"@type":"ImageObject","inLanguage":"pt-BR","@id":"https:\/\/uvbbrasil.com.br\/legislativo-de-irai-rs-celebra-dois-anos-da-nova-sede\/#primaryimage","url":"https:\/\/uvbbrasil.com.br\/wp-content\/uploads\/2022\/08\/ira.jpg","contentUrl":"https:\/\/uvbbrasil.com.br\/wp-content\/uploads\/2022\/08\/ira.jpg","width":2048,"height":1365},{"@type":"BreadcrumbList","@id":"https:\/\/uvbbrasil.com.br\/legislativo-de-irai-rs-celebra-dois-anos-da-nova-sede\/#breadcrumb","itemListElement":[{"@type":"ListItem","position":1,"name":"In\u00edcio","item":"https:\/\/uvbbrasil.com.br\/"},{"@type":"ListItem","position":2,"name":"Legislativo de Ira\u00ed\/RS celebra dois anos da nova sede"}]},{"@type":"WebSite","@id":"https:\/\/uvbbrasil.com.br\/#website","url":"https:\/\/uvbbrasil.com.br\/","name":"UVB Brasil","description":"Uni\u00e3o dos Vereadores do Brasil","publisher":{"@id":"https:\/\/uvbbrasil.com.br\/#organization"},"potentialAction":[{"@type":"SearchAction","target":{"@type":"EntryPoint","urlTemplate":"https:\/\/uvbbrasil.com.br\/?s={search_term_string}"},"query-input":{"@type":"PropertyValueSpecification","valueRequired":true,"valueName":"search_term_string"}}],"inLanguage":"pt-BR"},{"@type":"Organization","@id":"https:\/\/uvbbrasil.com.br\/#organization","name":"UVB Brasil","url":"https:\/\/uvbbrasil.com.br\/","logo":{"@type":"ImageObject","inLanguage":"pt-BR","@id":"https:\/\/uvbbrasil.com.br\/#\/schema\/logo\/image\/","url":"https:\/\/uvbbrasil.com.br\/wp-content\/uploads\/2025\/01\/LOGO-UVB-2024-azul-1.jpg","contentUrl":"https:\/\/uvbbrasil.com.br\/wp-content\/uploads\/2025\/01\/LOGO-UVB-2024-azul-1.jpg","width":600,"height":211,"caption":"UVB Brasil"},"image":{"@id":"https:\/\/uvbbrasil.com.br\/#\/schema\/logo\/image\/"},"sameAs":["https:\/\/www.facebook.com\/uvb.vereadoresbrasil","https:\/\/www.instagram.com\/uvbbrasil\/","https:\/\/www.youtube.com\/channel\/UCIlPQ8Xzw5GHNzosQIg9S5A"]},{"@type":"Person","@id":"https:\/\/uvbbrasil.com.br\/#\/schema\/person\/17990098446c098f52effddff4f1b272","name":"adminuvb","image":{"@type":"ImageObject","inLanguage":"pt-BR","@id":"https:\/\/uvbbrasil.com.br\/#\/schema\/person\/image\/","url":"https:\/\/secure.gravatar.com\/avatar\/1a494ea6f8e2dd1ae526e55b0e9497efdba542491e0620d704cccf63c6f77c45?s=96&d=mm&r=g","contentUrl":"https:\/\/secure.gravatar.com\/avatar\/1a494ea6f8e2dd1ae526e55b0e9497efdba542491e0620d704cccf63c6f77c45?s=96&d=mm&r=g","caption":"adminuvb"},"sameAs":["https:\/\/uvbbrasil.com.br"],"url":"https:\/\/uvbbrasil.com.br\/author\/adminuvb\/"}]}},"_links":{"self":[{"href":"https:\/\/uvbbrasil.com.br\/uvb-json\/wp\/v2\/posts\/27071","targetHints":{"allow":["GET"]}}],"collection":[{"href":"https:\/\/uvbbrasil.com.br\/uvb-json\/wp\/v2\/posts"}],"about":[{"href":"https:\/\/uvbbrasil.com.br\/uvb-json\/wp\/v2\/types\/post"}],"author":[{"embeddable":true,"href":"https:\/\/uvbbrasil.com.br\/uvb-json\/wp\/v2\/users\/1"}],"replies":[{"embeddable":true,"href":"https:\/\/uvbbrasil.com.br\/uvb-json\/wp\/v2\/comments?post=27071"}],"version-history":[{"count":0,"href":"https:\/\/uvbbrasil.com.br\/uvb-json\/wp\/v2\/posts\/27071\/revisions"}],"wp:featuredmedia":[{"embeddable":true,"href":"https:\/\/uvbbrasil.com.br\/uvb-json\/wp\/v2\/media\/27072"}],"wp:attachment":[{"href":"https:\/\/uvbbrasil.com.br\/uvb-json\/wp\/v2\/media?parent=27071"}],"wp:term":[{"taxonomy":"category","embeddable":true,"href":"https:\/\/uvbbrasil.com.br\/uvb-json\/wp\/v2\/categories?post=27071"},{"taxonomy":"post_tag","embeddable":true,"href":"https:\/\/uvbbrasil.com.br\/uvb-json\/wp\/v2\/tags?post=27071"}],"curies":[{"name":"wp","href":"https:\/\/api.w.org\/{rel}","templated":true}]}}