{"id":26867,"date":"2022-08-13T07:34:45","date_gmt":"2022-08-13T10:34:45","guid":{"rendered":"https:\/\/wpsandbox4.pante.com.br\/?p=26867"},"modified":"2022-08-13T07:34:45","modified_gmt":"2022-08-13T10:34:45","slug":"novas-regras-eleitorais-visam-a-menos-fragmentacao-e-mais-diversidade","status":"publish","type":"post","link":"https:\/\/uvbbrasil.com.br\/novas-regras-eleitorais-visam-a-menos-fragmentacao-e-mais-diversidade\/","title":{"rendered":"Novas regras eleitorais visam a menos fragmenta\u00e7\u00e3o e mais diversidade"},"content":{"rendered":"<p>As principais mudan\u00e7as nas regras para as elei\u00e7\u00f5es de 2022, aprovadas pelo Senado no ano passado, visam aprimorar a representa\u00e7\u00e3o popular no Parlamento, reduzindo a fragmenta\u00e7\u00e3o partid\u00e1ria e aumentando a diversidade racial e de g\u00eanero dos eleitos. O pleito servir\u00e1 como teste da efic\u00e1cia desse esfor\u00e7o, mostrando se ser\u00e3o necess\u00e1rias outras altera\u00e7\u00f5es para as elei\u00e7\u00f5es seguintes.<\/p>\n<p>Algumas das maiores novidades para este ano s\u00e3o a eleva\u00e7\u00e3o da &#8220;cl\u00e1usula de desempenho&#8221; (o m\u00ednimo de votos necess\u00e1rio para se ter acesso ao fundo partid\u00e1rio e ao hor\u00e1rio gratuito de r\u00e1dio e televis\u00e3o); e o incentivo a candidaturas femininas ou de pessoas negras (inclu\u00eddo na\u00a0<a class=\"external-link\" title=\"\" href=\"http:\/\/normas.leg.br\/?urn=urn:lex:br:federal:emenda.constitucional:2021-09-28;111\" target=\"_blank\" rel=\"noopener\">Emenda Constitucional 111<\/a>, dando peso maior aos votos nessas candidaturas no c\u00e1lculo da divis\u00e3o do fundo partid\u00e1rio e do fundo eleitoral). Al\u00e9m disso, a <a class=\"external-link\" title=\"\" href=\"http:\/\/normas.leg.br\/?urn=urn:lex:br:federal:lei:2021-09-28;14208\" target=\"_blank\" rel=\"noopener\">Lei 14.208<\/a>, tamb\u00e9m de 2021, instituiu as &#8220;federa\u00e7\u00f5es partid\u00e1rias&#8221;, associa\u00e7\u00f5es entre dois ou mais partidos por um per\u00edodo m\u00ednimo de quatro anos. A inten\u00e7\u00e3o \u00e9 evitar a forma\u00e7\u00e3o de coliga\u00e7\u00f5es meramente eleitoreiras, como ocorria at\u00e9 as elei\u00e7\u00f5es de 2018.<\/p>\n<p>\u2014 S\u00f3 o tempo dir\u00e1, mas a inten\u00e7\u00e3o dessas mudan\u00e7as \u00e9 justamente a redu\u00e7\u00e3o da fragmenta\u00e7\u00e3o partid\u00e1ria e, no caso das federa\u00e7\u00f5es, uma uni\u00e3o mais duradoura dos partidos com afinidades program\u00e1ticas \u2014 afirma a senadora Zenaide Maia (Pros-RN). \u2014 Mulheres e negros s\u00e3o maioria na popula\u00e7\u00e3o brasileira e minoria nos parlamentos e no Executivo. Para mudar isso, \u00e9 preciso menos discurso e mais a\u00e7\u00e3o, inclusive dentro dos partidos.<\/p>\n<h3><strong>Federa\u00e7\u00f5es<\/strong><\/h3>\n<p>A institui\u00e7\u00e3o das federa\u00e7\u00f5es foi criticada por parte dos especialistas, porque, segundo eles, isso seria uma esp\u00e9cie de recria\u00e7\u00e3o das coliga\u00e7\u00f5es, dificultando a redu\u00e7\u00e3o do n\u00famero de partidos. Por\u00e9m, para o senador Randolfe Rodrigues (Rede-AP), as federa\u00e7\u00f5es possibilitam \u201ca sobrevida de legendas pol\u00edticas hist\u00f3ricas\u201d:<\/p>\n<p>\u2014 N\u00f3s n\u00e3o estamos falando de legendas pol\u00edticas de aluguel. Estamos falando de legendas pol\u00edticas que t\u00eam identidade program\u00e1tica, como \u00e9 o caso do meu partido \u2014 disse Randolfe por ocasi\u00e3o da discuss\u00e3o do respectivo projeto em Plen\u00e1rio.<\/p>\n<p>Durante a discuss\u00e3o do texto, o senador Carlos F\u00e1varo (MT), agora licenciado, atacou a proposta:<\/p>\n<p>\u2014 Diante da coer\u00eancia que estamos mantendo, acabando com a coliga\u00e7\u00e3o no Brasil, [dever\u00edamos] sepultar, definitivamente, as coliga\u00e7\u00f5es para os partidos pol\u00edticos nas [elei\u00e7\u00f5es] proporcionais \u2014 declarou ele.<\/p>\n<p>Antes de ser transformado na\u00a0Lei 14.208, de 2021, essa proposta tramitou no Senado na forma do\u00a0<a class=\"external-link\" title=\"\" href=\"http:\/\/www25.senado.leg.br\/web\/atividade\/materias\/-\/materia\/122304\" target=\"_blank\" rel=\"noopener\">PLS 477\/2015<\/a>\u00a0e na C\u00e2mara na forma do\u00a0<a class=\"external-link\" title=\"\" href=\"http:\/\/www.camara.leg.br\/proposicoesWeb\/fichadetramitacao?idProposicao=1594917\" target=\"_blank\" rel=\"noopener\">PL 2.522\/2015<\/a>.<\/p>\n<p>Atualmente h\u00e1 30 partidos representados na C\u00e2mara dos Deputados. No Senado, h\u00e1 17: Avante, Cidadania, MDB, PDT, PL, Podemos, PP, Pros, PSB, PSC, PSD, PSDB, PT, PTB, Rede, Republicanos e Uni\u00e3o. Muitos cientistas pol\u00edticos consideram essa fragmenta\u00e7\u00e3o, uma das maiores do mundo, prejudicial \u00e0 governabilidade, por aumentar o esfor\u00e7o necess\u00e1rio para negociar uma maioria parlamentar que aprove as pautas de interesse do governo.<\/p>\n<h3><strong>Emenda Constitucional 97<\/strong><\/h3>\n<p>Al\u00e9m dos textos aprovados em 2021, <a class=\"external-link\" title=\"\" href=\"http:\/\/normas.leg.br\/?urn=urn:lex:br:federal:emenda.constitucional:2017-10-04;97\" target=\"_blank\" rel=\"noopener\">outra emenda constitucional, a 97<\/a>, ainda traz novidades para as elei\u00e7\u00f5es deste ano, mesmo tendo sido promulgada em 2017. Ela prev\u00ea, desde as elei\u00e7\u00f5es municipais de 2020, o fim das coliga\u00e7\u00f5es nas elei\u00e7\u00f5es proporcionais e uma &#8220;cl\u00e1usula de desempenho&#8221; (paulatinamente mais rigorosa, com um m\u00ednimo de votos para que os partidos possam ter acesso aos fundos eleitoral e partid\u00e1rio e ao tempo de propaganda no r\u00e1dio e na televis\u00e3o). Essa &#8220;barreira&#8221;, em 2022, ser\u00e1 de 2% dos votos v\u00e1lidos e 11 deputados federais eleitos. A ideia \u00e9 que isso resulte em um n\u00famero menor de partidos, mais robustos eleitoralmente.<\/p>\n<p>Autor de um <a class=\"external-link\" title=\"\" href=\"http:\/\/www12.senado.leg.br\/publicacoes\/estudos-legislativos\/tipos-de-estudos\/textos-para-discussao\/td299\" target=\"_blank\" rel=\"noopener\">texto para discuss\u00e3o que analisa a fragmenta\u00e7\u00e3o partid\u00e1ria<\/a>, o consultor legislativo do Senado Clay Souza e Teles acredita que as mudan\u00e7as criadas pela Emenda 97 est\u00e3o entre &#8220;as mais substanciais&#8221; das \u00faltimas d\u00e9cadas, e que seus efeitos ser\u00e3o plenamente percebidos no longo prazo.<\/p>\n<p>\u2014 Eu acredito que os dois, juntos, t\u00eam o poder de diminuir a fragmenta\u00e7\u00e3o. Essa diminui\u00e7\u00e3o ser\u00e1 significativa? N\u00e3o d\u00e1 para garantir. Na elei\u00e7\u00e3o passada j\u00e1 vimos um leve enxugamento do quadro partid\u00e1rio. A cl\u00e1usula de barreira, por si s\u00f3, estimulou as fus\u00f5es e incorpora\u00e7\u00f5es de partidos. Agora estamos vendo uma din\u00e2mica diferente. Os partidos come\u00e7aram a se juntar em federa\u00e7\u00f5es; temos agora tr\u00eas. Outra din\u00e2mica: os partidos est\u00e3o querendo colocar alguns candidatos de peso na C\u00e2mara dos Deputados, justamente para assegurar a cl\u00e1usula de barreira. Potenciais candidatos a cargos majorit\u00e1rios devem [mudar de ideia e] se candidatar a deputado federal, atuando, assim, como puxadores de votos em seus partidos \u2014 analisa o consultor.<\/p>\n<h3><strong>Diversidade<\/strong><\/h3>\n<p>Souza e Teles v\u00ea com &#8220;otimismo&#8221; a regra criada pela Emenda Constitucional 111, que duplica o peso dos votos a mulheres e pessoas negras no c\u00e1lculo dos fundos partid\u00e1rio e eleitoral.<\/p>\n<p>\u2014 A Emenda 111 entra em um ponto muito importante para os partidos, que \u00e9 a distribui\u00e7\u00e3o de recursos p\u00fablicos. Agora, contando em dobro, vai interessar ao partido ter candidatas mulheres e candidatas e candidatos negros com potencial de vota\u00e7\u00e3o mais expressiva.\u00a0N\u00e3o \u00e9 conveniente para o partido registrar uma candidatura apenas para preencher o percentual m\u00ednimo exigido em lei \u2014 explica.<\/p>\n<h3><strong>Futuras mudan\u00e7as<\/strong><\/h3>\n<p>Quaisquer que sejam os resultados pr\u00e1ticos das novas regras, a maioria dos especialistas no sistema eleitoral aponta distor\u00e7\u00f5es que exigiriam uma reforma mais ampla. Esta, por\u00e9m, esbarra na dificuldade de se encontrar um consenso no Parlamento para altera\u00e7\u00f5es mais profundas. Por esse motivo, nos \u00faltimos pleitos a Justi\u00e7a Eleitoral tem tomado decis\u00f5es normatizando lacunas da legisla\u00e7\u00e3o, como a regulamenta\u00e7\u00e3o das pesquisas de inten\u00e7\u00e3o de voto.<\/p>\n<p>Para a senadora Zenaide Maia, uma das quest\u00f5es mais urgentes \u00e9 a das <em>fake news<\/em>:<\/p>\n<p>\u2014 Para mim, a atitude mais importante nem \u00e9 uma nova mudan\u00e7a na legisla\u00e7\u00e3o eleitoral, mas um investimento pesado no combate \u00e0s <em>fake news<\/em>. As mentiras que j\u00e1 est\u00e3o envenenando as campanhas corroem a democracia, porque tiram do cidad\u00e3o e da cidad\u00e3 o direito \u00e0 informa\u00e7\u00e3o verdadeira.<\/p>\n<p>O consultor legislativo Clay Souza e Teles acredita que o per\u00edodo de pr\u00e9-campanha exige um regramento mais detalhado. Para ele, a tend\u00eancia a encurtar o per\u00edodo oficial de campanha (este ano, a partir de 16 de agosto) sob o argumento do barateamento leva a pr\u00e9-campanhas com quase nenhuma regulamenta\u00e7\u00e3o:<\/p>\n<p>\u2014 \u00c9 como se a campanha fosse uma maratona, e esse per\u00edodo a partir de 16 de agosto fosse a reta final. Reduziu-se o per\u00edodo de propaganda no r\u00e1dio e na TV, mas antes disso h\u00e1 memes, v\u00eddeos e at\u00e9 outdoors estampando o rosto de pr\u00e9-candidatos em datas comemorativas&#8230; A lei permite algumas condutas, desde que n\u00e3o envolvam o pedido expl\u00edcito de votos, mas muitas vezes h\u00e1 d\u00favidas sobre o que \u00e9 permitido ou n\u00e3o. Diante do sil\u00eancio da legisla\u00e7\u00e3o, o TSE [Tribunal Superior Eleitoral]\u00a0vem construindo uma jurisprud\u00eancia em cima disso \u2014 ressalta ele.<\/p>\n<table class=\"tablemateria\">\n<tbody>\n<tr>\n<td colspan=\"2\"><strong>Confira as principais mudan\u00e7as nas regras para as elei\u00e7\u00f5es de 2022<\/strong><\/td>\n<\/tr>\n<tr>\n<td><strong>Contagem em dobro para a distribui\u00e7\u00e3o dos fundos<\/strong><\/td>\n<td>Os votos dados a mulheres e pessoas negras ser\u00e3o contados em dobro para efeito da distribui\u00e7\u00e3o dos recursos do fundo partid\u00e1rio e do Fundo Especial de Financiamento de Campanha (conhecido como fundo eleitoral) nas elei\u00e7\u00f5es de 2022 a 2030. A inten\u00e7\u00e3o \u00e9 estimular os partidos a aumentarem as representa\u00e7\u00f5es feminina e negra no Legislativo.<\/td>\n<\/tr>\n<tr>\n<td><strong>Coliga\u00e7\u00f5es partid\u00e1rias<\/strong><\/td>\n<td>Proibidas nas elei\u00e7\u00f5es proporcionais pela Emenda Constitucional 97 (a contar do \u00faltimo pleito municipal, em 2020).<\/td>\n<\/tr>\n<tr>\n<td><strong>Federa\u00e7\u00f5es partid\u00e1rias<\/strong><\/td>\n<td>Criadas para &#8220;substituir&#8221; as coliga\u00e7\u00f5es por um sistema mais duradouro. Dois ou mais partidos podem se associar para disputar elei\u00e7\u00f5es, mas n\u00e3o podem deixar a federa\u00e7\u00e3o por um per\u00edodo m\u00ednimo de quatro anos.<\/td>\n<\/tr>\n<tr>\n<td><strong>Cl\u00e1usula de desempenho<\/strong><\/td>\n<td>Estabelecida pela Emenda Constitucional 97 para determinar como se d\u00e1 o acesso aos fundos eleitoral e partid\u00e1rio, foi de 1,5% dos votos v\u00e1lidos e nove deputados federais eleitos nas elei\u00e7\u00f5es de 2018. Em 2022, ser\u00e1 de 2% e 11 deputados eleitos, e continuar\u00e1 subindo nas pr\u00f3ximas elei\u00e7\u00f5es (2,5% e 13 eleitos em 2026; 3% e 15 eleitos em 2030).<\/td>\n<\/tr>\n<tr>\n<td><strong>Distribui\u00e7\u00e3o das &#8220;sobras&#8221; eleitorais<\/strong><\/td>\n<td>A <a class=\"external-link\" title=\"\" href=\"http:\/\/normas.leg.br\/?urn=urn:lex:br:federal:lei:2021-10-01;14211\" target=\"_blank\" rel=\"noopener\">Lei 14.211, de 2021<\/a>, mudou o crit\u00e9rio para preenchimento das vagas que &#8220;sobram&#8221; no sistema proporcional. S\u00f3 podem concorrer a elas os candidatos com pelo menos 20% do quociente eleitoral e os partidos com pelo menos 80% do mesmo quociente (n\u00famero de votos v\u00e1lidos dividido pelo n\u00famero de vagas). A inten\u00e7\u00e3o \u00e9 evitar que candidatos com vota\u00e7\u00e3o irris\u00f3ria se elejam gra\u00e7as a um &#8220;puxador de votos&#8221; no partido.<\/td>\n<\/tr>\n<tr>\n<td><strong>Fidelidade partid\u00e1ria<\/strong><\/td>\n<td>Deputados federais, estaduais e distritais e vereadores que sa\u00edrem do partido pelo qual tenham sido eleitos n\u00e3o perder\u00e3o o mandato se a legenda concordar com a sa\u00edda. Hoje, ao trocar de partido, esses parlamentares mant\u00eam o mandato apenas em caso de \u201cjusta causa\u201d \u2014 que inclui, segundo a <a class=\"external-link\" title=\"\" href=\"http:\/\/normas.leg.br\/?urn=urn:lex:br:federal:lei:1995-09-19;9096\" target=\"_blank\" rel=\"noopener\">Lei 9.096, de 1995<\/a>, mudan\u00e7a substancial ou desvio reiterado do programa partid\u00e1rio; grave discrimina\u00e7\u00e3o pol\u00edtica pessoal; e se o desligamento ocorrer durante o per\u00edodo de 30 dias que antecede o prazo de filia\u00e7\u00e3o exigido em lei para disputar a elei\u00e7\u00e3o.<\/td>\n<\/tr>\n<tr>\n<td><strong>Incorpora\u00e7\u00e3o de partidos<\/strong><\/td>\n<td>A legenda que incorpora outras siglas n\u00e3o ser\u00e1 responsabilizada pelas puni\u00e7\u00f5es aplicadas aos \u00f3rg\u00e3os partid\u00e1rios regionais e municipais e aos antigos dirigentes do partido incorporado, inclusive as relativas \u00e0 presta\u00e7\u00e3o de contas.<\/td>\n<\/tr>\n<tr>\n<td><strong>Consultas populares<\/strong><\/td>\n<td>A Emenda Constitucional 111 tamb\u00e9m prev\u00ea a realiza\u00e7\u00e3o de consultas populares sobre quest\u00f5es locais junto com as elei\u00e7\u00f5es municipais. Essas consultas t\u00eam de ser aprovadas pelas c\u00e2maras municipais e encaminhadas \u00e0 Justi\u00e7a Eleitoral em at\u00e9 90 dias antes da data das elei\u00e7\u00f5es. As manifesta\u00e7\u00f5es dos candidatos sobre essas quest\u00f5es n\u00e3o poder\u00e3o ser exibidas durante a propaganda gratuita no r\u00e1dio e na televis\u00e3o.<\/td>\n<\/tr>\n<tr>\n<td><strong>Nova data de posse<\/strong><\/td>\n<td>Presidente da Rep\u00fablica e governadores eleitos este ano ter\u00e3o mandatos alguns dias mais longos que seus antecessores, devido a uma mudan\u00e7a na data de posses futuras. A partir de 2027, a posse do ou da presidente da Rep\u00fablica passa a ocorrer em 5 de janeiro, e a de governadores e governadoras, no dia seguinte. Hoje ambas ocorrem no dia 1\u00ba de janeiro, o que cria dificuldades de organiza\u00e7\u00e3o das cerim\u00f4nias, em raz\u00e3o da coincid\u00eancia com as festas de fim de ano.<\/p>\n<p>&nbsp;<\/td>\n<\/tr>\n<\/tbody>\n<\/table>\n<p><img fetchpriority=\"high\" decoding=\"async\" class=\"alignnone size-medium wp-image-26868\" src=\"https:\/\/uvbbrasil.com.br\/wp-content\/uploads\/2022\/08\/imagem_materia-1-300x199.jpg\" alt=\"\" width=\"300\" height=\"199\" srcset=\"https:\/\/uvbbrasil.com.br\/wp-content\/uploads\/2022\/08\/imagem_materia-1-300x199.jpg 300w, https:\/\/uvbbrasil.com.br\/wp-content\/uploads\/2022\/08\/imagem_materia-1-768x509.jpg 768w, https:\/\/uvbbrasil.com.br\/wp-content\/uploads\/2022\/08\/imagem_materia-1.jpg 860w\" sizes=\"(max-width: 300px) 100vw, 300px\" \/><\/p>\n<p>Fonte: Ag\u00eancia Senado<\/p>\n","protected":false},"excerpt":{"rendered":"<p>As principais mudan\u00e7as nas regras para as elei\u00e7\u00f5es de 2022, aprovadas pelo Senado no ano passado, visam aprimorar a representa\u00e7\u00e3o&#8230;<\/p>\n","protected":false},"author":1,"featured_media":26868,"comment_status":"open","ping_status":"open","sticky":false,"template":"","format":"standard","meta":{"footnotes":""},"categories":[3],"tags":[],"class_list":["post-26867","post","type-post","status-publish","format-standard","has-post-thumbnail","hentry","category-noticias"],"yoast_head":"<!-- This site is optimized with the Yoast SEO plugin v26.7 - https:\/\/yoast.com\/wordpress\/plugins\/seo\/ -->\n<title>Novas regras eleitorais visam a menos fragmenta\u00e7\u00e3o e mais diversidade - UVB Brasil<\/title>\n<meta name=\"robots\" content=\"index, follow, max-snippet:-1, max-image-preview:large, max-video-preview:-1\" \/>\n<link rel=\"canonical\" href=\"https:\/\/uvbbrasil.com.br\/novas-regras-eleitorais-visam-a-menos-fragmentacao-e-mais-diversidade\/\" \/>\n<meta property=\"og:locale\" content=\"pt_BR\" \/>\n<meta property=\"og:type\" content=\"article\" \/>\n<meta property=\"og:title\" content=\"Novas regras eleitorais visam a menos fragmenta\u00e7\u00e3o e mais diversidade - UVB Brasil\" \/>\n<meta property=\"og:description\" content=\"As principais mudan\u00e7as nas regras para as elei\u00e7\u00f5es de 2022, aprovadas pelo Senado no ano passado, visam aprimorar a representa\u00e7\u00e3o...\" \/>\n<meta property=\"og:url\" content=\"https:\/\/uvbbrasil.com.br\/novas-regras-eleitorais-visam-a-menos-fragmentacao-e-mais-diversidade\/\" \/>\n<meta property=\"og:site_name\" content=\"UVB Brasil\" \/>\n<meta property=\"article:publisher\" content=\"https:\/\/www.facebook.com\/uvb.vereadoresbrasil\" \/>\n<meta property=\"article:published_time\" content=\"2022-08-13T10:34:45+00:00\" \/>\n<meta property=\"og:image\" content=\"https:\/\/uvbbrasil.com.br\/wp-content\/uploads\/2022\/08\/imagem_materia-1.jpg\" \/>\n\t<meta property=\"og:image:width\" content=\"860\" \/>\n\t<meta property=\"og:image:height\" content=\"570\" \/>\n\t<meta property=\"og:image:type\" content=\"image\/jpeg\" \/>\n<meta name=\"author\" content=\"adminuvb\" \/>\n<meta name=\"twitter:card\" content=\"summary_large_image\" \/>\n<meta name=\"twitter:label1\" content=\"Escrito por\" \/>\n\t<meta name=\"twitter:data1\" content=\"adminuvb\" \/>\n\t<meta name=\"twitter:label2\" content=\"Est. tempo de leitura\" \/>\n\t<meta name=\"twitter:data2\" content=\"8 minutos\" \/>\n<script type=\"application\/ld+json\" class=\"yoast-schema-graph\">{\"@context\":\"https:\/\/schema.org\",\"@graph\":[{\"@type\":\"Article\",\"@id\":\"https:\/\/uvbbrasil.com.br\/novas-regras-eleitorais-visam-a-menos-fragmentacao-e-mais-diversidade\/#article\",\"isPartOf\":{\"@id\":\"https:\/\/uvbbrasil.com.br\/novas-regras-eleitorais-visam-a-menos-fragmentacao-e-mais-diversidade\/\"},\"author\":{\"name\":\"adminuvb\",\"@id\":\"https:\/\/uvbbrasil.com.br\/#\/schema\/person\/17990098446c098f52effddff4f1b272\"},\"headline\":\"Novas regras eleitorais visam a menos fragmenta\u00e7\u00e3o e mais diversidade\",\"datePublished\":\"2022-08-13T10:34:45+00:00\",\"mainEntityOfPage\":{\"@id\":\"https:\/\/uvbbrasil.com.br\/novas-regras-eleitorais-visam-a-menos-fragmentacao-e-mais-diversidade\/\"},\"wordCount\":1787,\"commentCount\":0,\"publisher\":{\"@id\":\"https:\/\/uvbbrasil.com.br\/#organization\"},\"image\":{\"@id\":\"https:\/\/uvbbrasil.com.br\/novas-regras-eleitorais-visam-a-menos-fragmentacao-e-mais-diversidade\/#primaryimage\"},\"thumbnailUrl\":\"https:\/\/uvbbrasil.com.br\/wp-content\/uploads\/2022\/08\/imagem_materia-1.jpg\",\"articleSection\":[\"NOT\u00cdCIAS\"],\"inLanguage\":\"pt-BR\",\"potentialAction\":[{\"@type\":\"CommentAction\",\"name\":\"Comment\",\"target\":[\"https:\/\/uvbbrasil.com.br\/novas-regras-eleitorais-visam-a-menos-fragmentacao-e-mais-diversidade\/#respond\"]}]},{\"@type\":\"WebPage\",\"@id\":\"https:\/\/uvbbrasil.com.br\/novas-regras-eleitorais-visam-a-menos-fragmentacao-e-mais-diversidade\/\",\"url\":\"https:\/\/uvbbrasil.com.br\/novas-regras-eleitorais-visam-a-menos-fragmentacao-e-mais-diversidade\/\",\"name\":\"Novas regras eleitorais visam a menos fragmenta\u00e7\u00e3o e mais diversidade - UVB Brasil\",\"isPartOf\":{\"@id\":\"https:\/\/uvbbrasil.com.br\/#website\"},\"primaryImageOfPage\":{\"@id\":\"https:\/\/uvbbrasil.com.br\/novas-regras-eleitorais-visam-a-menos-fragmentacao-e-mais-diversidade\/#primaryimage\"},\"image\":{\"@id\":\"https:\/\/uvbbrasil.com.br\/novas-regras-eleitorais-visam-a-menos-fragmentacao-e-mais-diversidade\/#primaryimage\"},\"thumbnailUrl\":\"https:\/\/uvbbrasil.com.br\/wp-content\/uploads\/2022\/08\/imagem_materia-1.jpg\",\"datePublished\":\"2022-08-13T10:34:45+00:00\",\"breadcrumb\":{\"@id\":\"https:\/\/uvbbrasil.com.br\/novas-regras-eleitorais-visam-a-menos-fragmentacao-e-mais-diversidade\/#breadcrumb\"},\"inLanguage\":\"pt-BR\",\"potentialAction\":[{\"@type\":\"ReadAction\",\"target\":[\"https:\/\/uvbbrasil.com.br\/novas-regras-eleitorais-visam-a-menos-fragmentacao-e-mais-diversidade\/\"]}]},{\"@type\":\"ImageObject\",\"inLanguage\":\"pt-BR\",\"@id\":\"https:\/\/uvbbrasil.com.br\/novas-regras-eleitorais-visam-a-menos-fragmentacao-e-mais-diversidade\/#primaryimage\",\"url\":\"https:\/\/uvbbrasil.com.br\/wp-content\/uploads\/2022\/08\/imagem_materia-1.jpg\",\"contentUrl\":\"https:\/\/uvbbrasil.com.br\/wp-content\/uploads\/2022\/08\/imagem_materia-1.jpg\",\"width\":860,\"height\":570},{\"@type\":\"BreadcrumbList\",\"@id\":\"https:\/\/uvbbrasil.com.br\/novas-regras-eleitorais-visam-a-menos-fragmentacao-e-mais-diversidade\/#breadcrumb\",\"itemListElement\":[{\"@type\":\"ListItem\",\"position\":1,\"name\":\"In\u00edcio\",\"item\":\"https:\/\/uvbbrasil.com.br\/\"},{\"@type\":\"ListItem\",\"position\":2,\"name\":\"Novas regras eleitorais visam a menos fragmenta\u00e7\u00e3o e mais diversidade\"}]},{\"@type\":\"WebSite\",\"@id\":\"https:\/\/uvbbrasil.com.br\/#website\",\"url\":\"https:\/\/uvbbrasil.com.br\/\",\"name\":\"UVB Brasil\",\"description\":\"Uni\u00e3o dos Vereadores do Brasil\",\"publisher\":{\"@id\":\"https:\/\/uvbbrasil.com.br\/#organization\"},\"potentialAction\":[{\"@type\":\"SearchAction\",\"target\":{\"@type\":\"EntryPoint\",\"urlTemplate\":\"https:\/\/uvbbrasil.com.br\/?s={search_term_string}\"},\"query-input\":{\"@type\":\"PropertyValueSpecification\",\"valueRequired\":true,\"valueName\":\"search_term_string\"}}],\"inLanguage\":\"pt-BR\"},{\"@type\":\"Organization\",\"@id\":\"https:\/\/uvbbrasil.com.br\/#organization\",\"name\":\"UVB Brasil\",\"url\":\"https:\/\/uvbbrasil.com.br\/\",\"logo\":{\"@type\":\"ImageObject\",\"inLanguage\":\"pt-BR\",\"@id\":\"https:\/\/uvbbrasil.com.br\/#\/schema\/logo\/image\/\",\"url\":\"https:\/\/uvbbrasil.com.br\/wp-content\/uploads\/2025\/01\/LOGO-UVB-2024-azul-1.jpg\",\"contentUrl\":\"https:\/\/uvbbrasil.com.br\/wp-content\/uploads\/2025\/01\/LOGO-UVB-2024-azul-1.jpg\",\"width\":600,\"height\":211,\"caption\":\"UVB Brasil\"},\"image\":{\"@id\":\"https:\/\/uvbbrasil.com.br\/#\/schema\/logo\/image\/\"},\"sameAs\":[\"https:\/\/www.facebook.com\/uvb.vereadoresbrasil\",\"https:\/\/www.instagram.com\/uvbbrasil\/\",\"https:\/\/www.youtube.com\/channel\/UCIlPQ8Xzw5GHNzosQIg9S5A\"]},{\"@type\":\"Person\",\"@id\":\"https:\/\/uvbbrasil.com.br\/#\/schema\/person\/17990098446c098f52effddff4f1b272\",\"name\":\"adminuvb\",\"image\":{\"@type\":\"ImageObject\",\"inLanguage\":\"pt-BR\",\"@id\":\"https:\/\/uvbbrasil.com.br\/#\/schema\/person\/image\/\",\"url\":\"https:\/\/secure.gravatar.com\/avatar\/1a494ea6f8e2dd1ae526e55b0e9497efdba542491e0620d704cccf63c6f77c45?s=96&d=mm&r=g\",\"contentUrl\":\"https:\/\/secure.gravatar.com\/avatar\/1a494ea6f8e2dd1ae526e55b0e9497efdba542491e0620d704cccf63c6f77c45?s=96&d=mm&r=g\",\"caption\":\"adminuvb\"},\"sameAs\":[\"https:\/\/uvbbrasil.com.br\"],\"url\":\"https:\/\/uvbbrasil.com.br\/author\/adminuvb\/\"}]}<\/script>\n<!-- \/ Yoast SEO plugin. -->","yoast_head_json":{"title":"Novas regras eleitorais visam a menos fragmenta\u00e7\u00e3o e mais diversidade - UVB Brasil","robots":{"index":"index","follow":"follow","max-snippet":"max-snippet:-1","max-image-preview":"max-image-preview:large","max-video-preview":"max-video-preview:-1"},"canonical":"https:\/\/uvbbrasil.com.br\/novas-regras-eleitorais-visam-a-menos-fragmentacao-e-mais-diversidade\/","og_locale":"pt_BR","og_type":"article","og_title":"Novas regras eleitorais visam a menos fragmenta\u00e7\u00e3o e mais diversidade - UVB Brasil","og_description":"As principais mudan\u00e7as nas regras para as elei\u00e7\u00f5es de 2022, aprovadas pelo Senado no ano passado, visam aprimorar a representa\u00e7\u00e3o...","og_url":"https:\/\/uvbbrasil.com.br\/novas-regras-eleitorais-visam-a-menos-fragmentacao-e-mais-diversidade\/","og_site_name":"UVB Brasil","article_publisher":"https:\/\/www.facebook.com\/uvb.vereadoresbrasil","article_published_time":"2022-08-13T10:34:45+00:00","og_image":[{"width":860,"height":570,"url":"https:\/\/uvbbrasil.com.br\/wp-content\/uploads\/2022\/08\/imagem_materia-1.jpg","type":"image\/jpeg"}],"author":"adminuvb","twitter_card":"summary_large_image","twitter_misc":{"Escrito por":"adminuvb","Est. tempo de leitura":"8 minutos"},"schema":{"@context":"https:\/\/schema.org","@graph":[{"@type":"Article","@id":"https:\/\/uvbbrasil.com.br\/novas-regras-eleitorais-visam-a-menos-fragmentacao-e-mais-diversidade\/#article","isPartOf":{"@id":"https:\/\/uvbbrasil.com.br\/novas-regras-eleitorais-visam-a-menos-fragmentacao-e-mais-diversidade\/"},"author":{"name":"adminuvb","@id":"https:\/\/uvbbrasil.com.br\/#\/schema\/person\/17990098446c098f52effddff4f1b272"},"headline":"Novas regras eleitorais visam a menos fragmenta\u00e7\u00e3o e mais diversidade","datePublished":"2022-08-13T10:34:45+00:00","mainEntityOfPage":{"@id":"https:\/\/uvbbrasil.com.br\/novas-regras-eleitorais-visam-a-menos-fragmentacao-e-mais-diversidade\/"},"wordCount":1787,"commentCount":0,"publisher":{"@id":"https:\/\/uvbbrasil.com.br\/#organization"},"image":{"@id":"https:\/\/uvbbrasil.com.br\/novas-regras-eleitorais-visam-a-menos-fragmentacao-e-mais-diversidade\/#primaryimage"},"thumbnailUrl":"https:\/\/uvbbrasil.com.br\/wp-content\/uploads\/2022\/08\/imagem_materia-1.jpg","articleSection":["NOT\u00cdCIAS"],"inLanguage":"pt-BR","potentialAction":[{"@type":"CommentAction","name":"Comment","target":["https:\/\/uvbbrasil.com.br\/novas-regras-eleitorais-visam-a-menos-fragmentacao-e-mais-diversidade\/#respond"]}]},{"@type":"WebPage","@id":"https:\/\/uvbbrasil.com.br\/novas-regras-eleitorais-visam-a-menos-fragmentacao-e-mais-diversidade\/","url":"https:\/\/uvbbrasil.com.br\/novas-regras-eleitorais-visam-a-menos-fragmentacao-e-mais-diversidade\/","name":"Novas regras eleitorais visam a menos fragmenta\u00e7\u00e3o e mais diversidade - UVB Brasil","isPartOf":{"@id":"https:\/\/uvbbrasil.com.br\/#website"},"primaryImageOfPage":{"@id":"https:\/\/uvbbrasil.com.br\/novas-regras-eleitorais-visam-a-menos-fragmentacao-e-mais-diversidade\/#primaryimage"},"image":{"@id":"https:\/\/uvbbrasil.com.br\/novas-regras-eleitorais-visam-a-menos-fragmentacao-e-mais-diversidade\/#primaryimage"},"thumbnailUrl":"https:\/\/uvbbrasil.com.br\/wp-content\/uploads\/2022\/08\/imagem_materia-1.jpg","datePublished":"2022-08-13T10:34:45+00:00","breadcrumb":{"@id":"https:\/\/uvbbrasil.com.br\/novas-regras-eleitorais-visam-a-menos-fragmentacao-e-mais-diversidade\/#breadcrumb"},"inLanguage":"pt-BR","potentialAction":[{"@type":"ReadAction","target":["https:\/\/uvbbrasil.com.br\/novas-regras-eleitorais-visam-a-menos-fragmentacao-e-mais-diversidade\/"]}]},{"@type":"ImageObject","inLanguage":"pt-BR","@id":"https:\/\/uvbbrasil.com.br\/novas-regras-eleitorais-visam-a-menos-fragmentacao-e-mais-diversidade\/#primaryimage","url":"https:\/\/uvbbrasil.com.br\/wp-content\/uploads\/2022\/08\/imagem_materia-1.jpg","contentUrl":"https:\/\/uvbbrasil.com.br\/wp-content\/uploads\/2022\/08\/imagem_materia-1.jpg","width":860,"height":570},{"@type":"BreadcrumbList","@id":"https:\/\/uvbbrasil.com.br\/novas-regras-eleitorais-visam-a-menos-fragmentacao-e-mais-diversidade\/#breadcrumb","itemListElement":[{"@type":"ListItem","position":1,"name":"In\u00edcio","item":"https:\/\/uvbbrasil.com.br\/"},{"@type":"ListItem","position":2,"name":"Novas regras eleitorais visam a menos fragmenta\u00e7\u00e3o e mais diversidade"}]},{"@type":"WebSite","@id":"https:\/\/uvbbrasil.com.br\/#website","url":"https:\/\/uvbbrasil.com.br\/","name":"UVB Brasil","description":"Uni\u00e3o dos Vereadores do Brasil","publisher":{"@id":"https:\/\/uvbbrasil.com.br\/#organization"},"potentialAction":[{"@type":"SearchAction","target":{"@type":"EntryPoint","urlTemplate":"https:\/\/uvbbrasil.com.br\/?s={search_term_string}"},"query-input":{"@type":"PropertyValueSpecification","valueRequired":true,"valueName":"search_term_string"}}],"inLanguage":"pt-BR"},{"@type":"Organization","@id":"https:\/\/uvbbrasil.com.br\/#organization","name":"UVB Brasil","url":"https:\/\/uvbbrasil.com.br\/","logo":{"@type":"ImageObject","inLanguage":"pt-BR","@id":"https:\/\/uvbbrasil.com.br\/#\/schema\/logo\/image\/","url":"https:\/\/uvbbrasil.com.br\/wp-content\/uploads\/2025\/01\/LOGO-UVB-2024-azul-1.jpg","contentUrl":"https:\/\/uvbbrasil.com.br\/wp-content\/uploads\/2025\/01\/LOGO-UVB-2024-azul-1.jpg","width":600,"height":211,"caption":"UVB Brasil"},"image":{"@id":"https:\/\/uvbbrasil.com.br\/#\/schema\/logo\/image\/"},"sameAs":["https:\/\/www.facebook.com\/uvb.vereadoresbrasil","https:\/\/www.instagram.com\/uvbbrasil\/","https:\/\/www.youtube.com\/channel\/UCIlPQ8Xzw5GHNzosQIg9S5A"]},{"@type":"Person","@id":"https:\/\/uvbbrasil.com.br\/#\/schema\/person\/17990098446c098f52effddff4f1b272","name":"adminuvb","image":{"@type":"ImageObject","inLanguage":"pt-BR","@id":"https:\/\/uvbbrasil.com.br\/#\/schema\/person\/image\/","url":"https:\/\/secure.gravatar.com\/avatar\/1a494ea6f8e2dd1ae526e55b0e9497efdba542491e0620d704cccf63c6f77c45?s=96&d=mm&r=g","contentUrl":"https:\/\/secure.gravatar.com\/avatar\/1a494ea6f8e2dd1ae526e55b0e9497efdba542491e0620d704cccf63c6f77c45?s=96&d=mm&r=g","caption":"adminuvb"},"sameAs":["https:\/\/uvbbrasil.com.br"],"url":"https:\/\/uvbbrasil.com.br\/author\/adminuvb\/"}]}},"_links":{"self":[{"href":"https:\/\/uvbbrasil.com.br\/uvb-json\/wp\/v2\/posts\/26867","targetHints":{"allow":["GET"]}}],"collection":[{"href":"https:\/\/uvbbrasil.com.br\/uvb-json\/wp\/v2\/posts"}],"about":[{"href":"https:\/\/uvbbrasil.com.br\/uvb-json\/wp\/v2\/types\/post"}],"author":[{"embeddable":true,"href":"https:\/\/uvbbrasil.com.br\/uvb-json\/wp\/v2\/users\/1"}],"replies":[{"embeddable":true,"href":"https:\/\/uvbbrasil.com.br\/uvb-json\/wp\/v2\/comments?post=26867"}],"version-history":[{"count":0,"href":"https:\/\/uvbbrasil.com.br\/uvb-json\/wp\/v2\/posts\/26867\/revisions"}],"wp:featuredmedia":[{"embeddable":true,"href":"https:\/\/uvbbrasil.com.br\/uvb-json\/wp\/v2\/media\/26868"}],"wp:attachment":[{"href":"https:\/\/uvbbrasil.com.br\/uvb-json\/wp\/v2\/media?parent=26867"}],"wp:term":[{"taxonomy":"category","embeddable":true,"href":"https:\/\/uvbbrasil.com.br\/uvb-json\/wp\/v2\/categories?post=26867"},{"taxonomy":"post_tag","embeddable":true,"href":"https:\/\/uvbbrasil.com.br\/uvb-json\/wp\/v2\/tags?post=26867"}],"curies":[{"name":"wp","href":"https:\/\/api.w.org\/{rel}","templated":true}]}}