{"id":26852,"date":"2022-08-11T11:38:36","date_gmt":"2022-08-11T14:38:36","guid":{"rendered":"https:\/\/wpsandbox4.pante.com.br\/?p=26852"},"modified":"2022-08-11T11:38:36","modified_gmt":"2022-08-11T14:38:36","slug":"agosto-lilas-sera-mes-nacional-de-protecao-a-mulher-aprova-plenario","status":"publish","type":"post","link":"https:\/\/uvbbrasil.com.br\/agosto-lilas-sera-mes-nacional-de-protecao-a-mulher-aprova-plenario\/","title":{"rendered":"Agosto Lil\u00e1s ser\u00e1 m\u00eas nacional de prote\u00e7\u00e3o \u00e0 mulher, aprova Plen\u00e1rio"},"content":{"rendered":"<p>O Plen\u00e1rio do Senado aprovou nesta quarta-feira (10) um projeto de lei que institui o Agosto Lil\u00e1s como m\u00eas de prote\u00e7\u00e3o \u00e0 mulher (<a class=\"external-link\" title=\"\" href=\"http:\/\/www25.senado.leg.br\/web\/atividade\/materias\/-\/materia\/154306\" target=\"_blank\" rel=\"noopener\">PL 3.855\/2020<\/a>). O projeto, relatado pela senadora Nilda Gondim (MDB-PB), estabelece que durante o m\u00eas de agosto,\u00a0em todo o pa\u00eds, a Uni\u00e3o, os estados e os munic\u00edpios dever\u00e3o promover a\u00e7\u00f5es de conscientiza\u00e7\u00e3o e esclarecimento sobre as diferentes formas de viol\u00eancia contra a mulher. De iniciativa da deputada Carla Dickson (Uni\u00e3o-RN), o texto foi aprovado pela C\u00e2mara dos Deputados no in\u00edcio de julho e segue agora para san\u00e7\u00e3o presidencial.<\/p>\n<p>\u2014 O Agosto Lil\u00e1s re\u00fane dois s\u00edmbolos importantes para a luta pela igualdade de g\u00eanero. A cor lil\u00e1s \u00e9 alus\u00e3o ao movimento pelo voto feminino, que a adotou como s\u00edmbolo h\u00e1 mais de cem anos. O m\u00eas de agosto remete \u00e0 san\u00e7\u00e3o da <a class=\"external-link\" title=\"\" href=\"http:\/\/normas.leg.br\/?urn=urn:lex:br:federal:lei:2006-08-07;11340\" target=\"_blank\" rel=\"noopener\">Lei Maria da Penha<\/a>, que ocorreu em 7 de agosto de 2006 \u2014 declarou Nilda Gondim, ao apresentar seu relat\u00f3rio com apenas uma emenda de reda\u00e7\u00e3o.<\/p>\n<p>Para a relatora, os atos de viol\u00eancia contra a mulher violam tamb\u00e9m o direito \u00e0 igualdade, refor\u00e7ando a ideia de que as mulheres seriam cidad\u00e3s de segunda classe, que deveriam suportar as agress\u00f5es e a sujei\u00e7\u00e3o aos homens. Dessa forma, segundo a senadora, al\u00e9m de ferir a consci\u00eancia humanit\u00e1ria, esse tipo de viol\u00eancia \u201cataca pilares important\u00edssimos do estado democr\u00e1tico de direito\u201d.<\/p>\n<p>\u2014 Por essas raz\u00f5es, seja sob a perspectiva das rela\u00e7\u00f5es privadas, seja por quest\u00f5es de natureza p\u00fablica, n\u00e3o podemos tolerar a misoginia \u2014 afirmou Nilda Gondim, ao defender mais educa\u00e7\u00e3o e conscientiza\u00e7\u00e3o no combate \u00e0 viol\u00eancia de g\u00eanero.<\/p>\n<h3><b>Uni\u00e3o<\/b><\/h3>\n<p>A senadora Eliziane Gama (Cidadania-MA) foi quem presidiu a sess\u00e3o. Ela agradeceu ao presidente do Senado, Rodrigo Pacheco, pela decis\u00e3o de fazer \u201cuma pauta eminentemente feminina\u201d nesta quarta. Eliziane disse entender que o combate \u00e0 viol\u00eancia contra a mulher deve ser \u201cuma premissa de todos n\u00f3s e uma a\u00e7\u00e3o transversal n\u00e3o apenas de um \u00f3rg\u00e3o, n\u00e3o apenas de uma secretaria, n\u00e3o apenas de um Poder, mas de todos os Poderes, no sentido de trazer a prote\u00e7\u00e3o \u00e0s nossas mulheres\u201d.<\/p>\n<p>\u2014 Com a aprova\u00e7\u00e3o desse projeto de lei, vamos oficializar o Agosto Lil\u00e1s como uma campanha de alcance nacional e uma campanha permanente \u2014 comemorou Eliziane.<\/p>\n<p>Na vis\u00e3o da senadora Zenaide Maia (Pros-RN), nada empodera mais o povo do que o conhecimento. Ela disse que o projeto \u00e9 importante no sentido de levar \u00e0 popula\u00e7\u00e3o campanhas de conscientiza\u00e7\u00e3o sobre a viol\u00eancia de g\u00eanero e informa\u00e7\u00f5es sobre canais de den\u00fancia. A senadora cobrou mais presen\u00e7a de mulheres em cargos importantes da Rep\u00fablica e pediu a uni\u00e3o de todos contra a viol\u00eancia.<\/p>\n<p>\u2014 Todos t\u00eam que se dar as m\u00e3os. Nada justifica uma mulher ser assassinada neste pa\u00eds a cada sete horas \u2014 registrou Zenaide.<\/p>\n<h3><b>A\u00e7\u00f5es<\/b><\/h3>\n<p>Al\u00e9m de estimular a conscientiza\u00e7\u00e3o da sociedade para a preven\u00e7\u00e3o e o enfrentamento da viol\u00eancia contra a mulher, por meio da ilumina\u00e7\u00e3o de pr\u00e9dios p\u00fablicos com luz de cor lil\u00e1s, o objetivo da proposta \u00e9 orientar e difundir as medidas que podem ser adotadas, judicial e administrativamente, bem como informar sobre\u00a0 \u00f3rg\u00e3os e entidades envolvidos, redes de suporte dispon\u00edveis e canais de comunica\u00e7\u00e3o existentes. O projeto tamb\u00e9m estipula a promo\u00e7\u00e3o de debates e outros eventos sobre as pol\u00edticas p\u00fablicas de aten\u00e7\u00e3o integral \u00e0 mulher em situa\u00e7\u00e3o de viol\u00eancia. Os entes federados poder\u00e3o apoiar, ainda que tecnicamente, as atividades organizadas pela sociedade com o intuito de prevenir, combater e enfrentar os diferentes tipos de viol\u00eancia contra a mulher.<\/p>\n<p>Outro objetivo do projeto \u00e9 veicular campanhas de m\u00eddia e disponibilizar informa\u00e7\u00f5es \u00e0 popula\u00e7\u00e3o por meio de banners, folders e outros materiais ilustrativos e exemplificativos sobre as diferentes formas de viol\u00eancia contra a mulher e sobre os mecanismos de preven\u00e7\u00e3o, canais dispon\u00edveis para den\u00fancia de casos de viol\u00eancia e instrumentos de prote\u00e7\u00e3o \u00e0s v\u00edtimas. Por fim, devem ser adotadas outras medidas com o prop\u00f3sito de esclarecer, sensibilizar a sociedade e estimular a\u00e7\u00f5es preventivas e campanhas educativas, inclusive para orientar como cada um pode contribuir para o fim da viol\u00eancia contra a mulher.<\/p>\n<p>A autora da proposta destacou no texto que, em a\u00e7\u00f5es pontuais, promovidas por determinados estados e munic\u00edpios, j\u00e1 se reconhece o m\u00eas de agosto como Agosto Lil\u00e1s. Segundo a deputada Carla Dickson, \u201ca viol\u00eancia contra a mulher deve ser considerada em rela\u00e7\u00e3o a qualquer conduta (a\u00e7\u00e3o ou omiss\u00e3o) de discrimina\u00e7\u00e3o, agress\u00e3o ou coer\u00e7\u00e3o, que seja feita pelo simples fato de a v\u00edtima ser mulher e que cause danos, morte (feminic\u00eddio), constrangimento, limita\u00e7\u00e3o, sofrimento f\u00edsico, sexual, moral, psicol\u00f3gico, social, pol\u00edtico ou econ\u00f4mico ou perda patrimonial\u201d.<\/p>\n<h3><strong>N\u00fameros<\/strong><\/h3>\n<p>Os dados da viol\u00eancia contra a mulher no Brasil s\u00e3o alarmantes. Os registros mais recentes apontam que 30 mulheres sofrem agress\u00e3o f\u00edsica por hora. Uma menina ou mulher \u00e9 estuprada a cada 10 minutos no pa\u00eds. A cada dia, tr\u00eas mulheres s\u00e3o v\u00edtimas de feminic\u00eddio. A cada dois dias, uma travesti ou mulher trans \u00e9 assassinada.<\/p>\n<p>Os dados constam na plataforma <a class=\"external-link\" title=\"\" href=\"http:\/\/dossies.agenciapatriciagalvao.org.br\/violencia-em-dados\/\" target=\"_blank\" rel=\"noopener\">Viol\u00eancia contra as Mulheres em Dados<\/a>, site que re\u00fane pesquisas, fontes e s\u00ednteses sobre o problema no Brasil. Segundo Nilda Gondim, informa\u00e7\u00f5es divulgadas pelo F\u00f3rum Brasileiro de Seguran\u00e7a P\u00fablica mostram que, no ano passado, os registros de estupro de mulheres e meninas chegaram a 56.098 casos no pa\u00eds.<\/p>\n<p><img fetchpriority=\"high\" decoding=\"async\" class=\"alignnone size-medium wp-image-26853\" src=\"https:\/\/uvbbrasil.com.br\/wp-content\/uploads\/2022\/08\/imagem_materia-8-300x199.jpg\" alt=\"\" width=\"300\" height=\"199\" srcset=\"https:\/\/uvbbrasil.com.br\/wp-content\/uploads\/2022\/08\/imagem_materia-8-300x199.jpg 300w, https:\/\/uvbbrasil.com.br\/wp-content\/uploads\/2022\/08\/imagem_materia-8-768x509.jpg 768w, https:\/\/uvbbrasil.com.br\/wp-content\/uploads\/2022\/08\/imagem_materia-8.jpg 860w\" sizes=\"(max-width: 300px) 100vw, 300px\" \/><\/p>\n<p>Fonte: Ag\u00eancia Senado<\/p>\n","protected":false},"excerpt":{"rendered":"<p>O Plen\u00e1rio do Senado aprovou nesta quarta-feira (10) um projeto de lei que institui o Agosto Lil\u00e1s como m\u00eas de&#8230;<\/p>\n","protected":false},"author":1,"featured_media":26853,"comment_status":"open","ping_status":"open","sticky":false,"template":"","format":"standard","meta":{"footnotes":""},"categories":[3],"tags":[],"class_list":["post-26852","post","type-post","status-publish","format-standard","has-post-thumbnail","hentry","category-noticias"],"yoast_head":"<!-- This site is optimized with the Yoast SEO plugin v26.7 - https:\/\/yoast.com\/wordpress\/plugins\/seo\/ -->\n<title>Agosto Lil\u00e1s ser\u00e1 m\u00eas nacional de prote\u00e7\u00e3o \u00e0 mulher, aprova Plen\u00e1rio - UVB Brasil<\/title>\n<meta name=\"robots\" content=\"index, follow, max-snippet:-1, max-image-preview:large, max-video-preview:-1\" \/>\n<link rel=\"canonical\" href=\"https:\/\/uvbbrasil.com.br\/agosto-lilas-sera-mes-nacional-de-protecao-a-mulher-aprova-plenario\/\" \/>\n<meta property=\"og:locale\" content=\"pt_BR\" \/>\n<meta property=\"og:type\" content=\"article\" \/>\n<meta property=\"og:title\" content=\"Agosto Lil\u00e1s ser\u00e1 m\u00eas nacional de prote\u00e7\u00e3o \u00e0 mulher, aprova Plen\u00e1rio - UVB Brasil\" \/>\n<meta property=\"og:description\" content=\"O Plen\u00e1rio do Senado aprovou nesta quarta-feira (10) um projeto de lei que institui o Agosto Lil\u00e1s como m\u00eas de...\" \/>\n<meta property=\"og:url\" content=\"https:\/\/uvbbrasil.com.br\/agosto-lilas-sera-mes-nacional-de-protecao-a-mulher-aprova-plenario\/\" \/>\n<meta property=\"og:site_name\" content=\"UVB Brasil\" \/>\n<meta property=\"article:publisher\" content=\"https:\/\/www.facebook.com\/uvb.vereadoresbrasil\" \/>\n<meta property=\"article:published_time\" content=\"2022-08-11T14:38:36+00:00\" \/>\n<meta property=\"og:image\" content=\"https:\/\/uvbbrasil.com.br\/wp-content\/uploads\/2022\/08\/imagem_materia-8.jpg\" \/>\n\t<meta property=\"og:image:width\" content=\"860\" \/>\n\t<meta property=\"og:image:height\" content=\"570\" \/>\n\t<meta property=\"og:image:type\" content=\"image\/jpeg\" \/>\n<meta name=\"author\" content=\"adminuvb\" \/>\n<meta name=\"twitter:card\" content=\"summary_large_image\" \/>\n<meta name=\"twitter:label1\" content=\"Escrito por\" \/>\n\t<meta name=\"twitter:data1\" content=\"adminuvb\" \/>\n\t<meta name=\"twitter:label2\" content=\"Est. tempo de leitura\" \/>\n\t<meta name=\"twitter:data2\" content=\"4 minutos\" \/>\n<script type=\"application\/ld+json\" class=\"yoast-schema-graph\">{\"@context\":\"https:\/\/schema.org\",\"@graph\":[{\"@type\":\"Article\",\"@id\":\"https:\/\/uvbbrasil.com.br\/agosto-lilas-sera-mes-nacional-de-protecao-a-mulher-aprova-plenario\/#article\",\"isPartOf\":{\"@id\":\"https:\/\/uvbbrasil.com.br\/agosto-lilas-sera-mes-nacional-de-protecao-a-mulher-aprova-plenario\/\"},\"author\":{\"name\":\"adminuvb\",\"@id\":\"https:\/\/uvbbrasil.com.br\/#\/schema\/person\/17990098446c098f52effddff4f1b272\"},\"headline\":\"Agosto Lil\u00e1s ser\u00e1 m\u00eas nacional de prote\u00e7\u00e3o \u00e0 mulher, aprova Plen\u00e1rio\",\"datePublished\":\"2022-08-11T14:38:36+00:00\",\"mainEntityOfPage\":{\"@id\":\"https:\/\/uvbbrasil.com.br\/agosto-lilas-sera-mes-nacional-de-protecao-a-mulher-aprova-plenario\/\"},\"wordCount\":991,\"commentCount\":0,\"publisher\":{\"@id\":\"https:\/\/uvbbrasil.com.br\/#organization\"},\"image\":{\"@id\":\"https:\/\/uvbbrasil.com.br\/agosto-lilas-sera-mes-nacional-de-protecao-a-mulher-aprova-plenario\/#primaryimage\"},\"thumbnailUrl\":\"https:\/\/uvbbrasil.com.br\/wp-content\/uploads\/2022\/08\/imagem_materia-8.jpg\",\"articleSection\":[\"NOT\u00cdCIAS\"],\"inLanguage\":\"pt-BR\",\"potentialAction\":[{\"@type\":\"CommentAction\",\"name\":\"Comment\",\"target\":[\"https:\/\/uvbbrasil.com.br\/agosto-lilas-sera-mes-nacional-de-protecao-a-mulher-aprova-plenario\/#respond\"]}]},{\"@type\":\"WebPage\",\"@id\":\"https:\/\/uvbbrasil.com.br\/agosto-lilas-sera-mes-nacional-de-protecao-a-mulher-aprova-plenario\/\",\"url\":\"https:\/\/uvbbrasil.com.br\/agosto-lilas-sera-mes-nacional-de-protecao-a-mulher-aprova-plenario\/\",\"name\":\"Agosto Lil\u00e1s ser\u00e1 m\u00eas nacional de prote\u00e7\u00e3o \u00e0 mulher, aprova Plen\u00e1rio - UVB Brasil\",\"isPartOf\":{\"@id\":\"https:\/\/uvbbrasil.com.br\/#website\"},\"primaryImageOfPage\":{\"@id\":\"https:\/\/uvbbrasil.com.br\/agosto-lilas-sera-mes-nacional-de-protecao-a-mulher-aprova-plenario\/#primaryimage\"},\"image\":{\"@id\":\"https:\/\/uvbbrasil.com.br\/agosto-lilas-sera-mes-nacional-de-protecao-a-mulher-aprova-plenario\/#primaryimage\"},\"thumbnailUrl\":\"https:\/\/uvbbrasil.com.br\/wp-content\/uploads\/2022\/08\/imagem_materia-8.jpg\",\"datePublished\":\"2022-08-11T14:38:36+00:00\",\"breadcrumb\":{\"@id\":\"https:\/\/uvbbrasil.com.br\/agosto-lilas-sera-mes-nacional-de-protecao-a-mulher-aprova-plenario\/#breadcrumb\"},\"inLanguage\":\"pt-BR\",\"potentialAction\":[{\"@type\":\"ReadAction\",\"target\":[\"https:\/\/uvbbrasil.com.br\/agosto-lilas-sera-mes-nacional-de-protecao-a-mulher-aprova-plenario\/\"]}]},{\"@type\":\"ImageObject\",\"inLanguage\":\"pt-BR\",\"@id\":\"https:\/\/uvbbrasil.com.br\/agosto-lilas-sera-mes-nacional-de-protecao-a-mulher-aprova-plenario\/#primaryimage\",\"url\":\"https:\/\/uvbbrasil.com.br\/wp-content\/uploads\/2022\/08\/imagem_materia-8.jpg\",\"contentUrl\":\"https:\/\/uvbbrasil.com.br\/wp-content\/uploads\/2022\/08\/imagem_materia-8.jpg\",\"width\":860,\"height\":570},{\"@type\":\"BreadcrumbList\",\"@id\":\"https:\/\/uvbbrasil.com.br\/agosto-lilas-sera-mes-nacional-de-protecao-a-mulher-aprova-plenario\/#breadcrumb\",\"itemListElement\":[{\"@type\":\"ListItem\",\"position\":1,\"name\":\"In\u00edcio\",\"item\":\"https:\/\/uvbbrasil.com.br\/\"},{\"@type\":\"ListItem\",\"position\":2,\"name\":\"Agosto Lil\u00e1s ser\u00e1 m\u00eas nacional de prote\u00e7\u00e3o \u00e0 mulher, aprova Plen\u00e1rio\"}]},{\"@type\":\"WebSite\",\"@id\":\"https:\/\/uvbbrasil.com.br\/#website\",\"url\":\"https:\/\/uvbbrasil.com.br\/\",\"name\":\"UVB Brasil\",\"description\":\"Uni\u00e3o dos Vereadores do Brasil\",\"publisher\":{\"@id\":\"https:\/\/uvbbrasil.com.br\/#organization\"},\"potentialAction\":[{\"@type\":\"SearchAction\",\"target\":{\"@type\":\"EntryPoint\",\"urlTemplate\":\"https:\/\/uvbbrasil.com.br\/?s={search_term_string}\"},\"query-input\":{\"@type\":\"PropertyValueSpecification\",\"valueRequired\":true,\"valueName\":\"search_term_string\"}}],\"inLanguage\":\"pt-BR\"},{\"@type\":\"Organization\",\"@id\":\"https:\/\/uvbbrasil.com.br\/#organization\",\"name\":\"UVB Brasil\",\"url\":\"https:\/\/uvbbrasil.com.br\/\",\"logo\":{\"@type\":\"ImageObject\",\"inLanguage\":\"pt-BR\",\"@id\":\"https:\/\/uvbbrasil.com.br\/#\/schema\/logo\/image\/\",\"url\":\"https:\/\/uvbbrasil.com.br\/wp-content\/uploads\/2025\/01\/LOGO-UVB-2024-azul-1.jpg\",\"contentUrl\":\"https:\/\/uvbbrasil.com.br\/wp-content\/uploads\/2025\/01\/LOGO-UVB-2024-azul-1.jpg\",\"width\":600,\"height\":211,\"caption\":\"UVB Brasil\"},\"image\":{\"@id\":\"https:\/\/uvbbrasil.com.br\/#\/schema\/logo\/image\/\"},\"sameAs\":[\"https:\/\/www.facebook.com\/uvb.vereadoresbrasil\",\"https:\/\/www.instagram.com\/uvbbrasil\/\",\"https:\/\/www.youtube.com\/channel\/UCIlPQ8Xzw5GHNzosQIg9S5A\"]},{\"@type\":\"Person\",\"@id\":\"https:\/\/uvbbrasil.com.br\/#\/schema\/person\/17990098446c098f52effddff4f1b272\",\"name\":\"adminuvb\",\"image\":{\"@type\":\"ImageObject\",\"inLanguage\":\"pt-BR\",\"@id\":\"https:\/\/uvbbrasil.com.br\/#\/schema\/person\/image\/\",\"url\":\"https:\/\/secure.gravatar.com\/avatar\/1a494ea6f8e2dd1ae526e55b0e9497efdba542491e0620d704cccf63c6f77c45?s=96&d=mm&r=g\",\"contentUrl\":\"https:\/\/secure.gravatar.com\/avatar\/1a494ea6f8e2dd1ae526e55b0e9497efdba542491e0620d704cccf63c6f77c45?s=96&d=mm&r=g\",\"caption\":\"adminuvb\"},\"sameAs\":[\"https:\/\/uvbbrasil.com.br\"],\"url\":\"https:\/\/uvbbrasil.com.br\/author\/adminuvb\/\"}]}<\/script>\n<!-- \/ Yoast SEO plugin. -->","yoast_head_json":{"title":"Agosto Lil\u00e1s ser\u00e1 m\u00eas nacional de prote\u00e7\u00e3o \u00e0 mulher, aprova Plen\u00e1rio - UVB Brasil","robots":{"index":"index","follow":"follow","max-snippet":"max-snippet:-1","max-image-preview":"max-image-preview:large","max-video-preview":"max-video-preview:-1"},"canonical":"https:\/\/uvbbrasil.com.br\/agosto-lilas-sera-mes-nacional-de-protecao-a-mulher-aprova-plenario\/","og_locale":"pt_BR","og_type":"article","og_title":"Agosto Lil\u00e1s ser\u00e1 m\u00eas nacional de prote\u00e7\u00e3o \u00e0 mulher, aprova Plen\u00e1rio - UVB Brasil","og_description":"O Plen\u00e1rio do Senado aprovou nesta quarta-feira (10) um projeto de lei que institui o Agosto Lil\u00e1s como m\u00eas de...","og_url":"https:\/\/uvbbrasil.com.br\/agosto-lilas-sera-mes-nacional-de-protecao-a-mulher-aprova-plenario\/","og_site_name":"UVB Brasil","article_publisher":"https:\/\/www.facebook.com\/uvb.vereadoresbrasil","article_published_time":"2022-08-11T14:38:36+00:00","og_image":[{"width":860,"height":570,"url":"https:\/\/uvbbrasil.com.br\/wp-content\/uploads\/2022\/08\/imagem_materia-8.jpg","type":"image\/jpeg"}],"author":"adminuvb","twitter_card":"summary_large_image","twitter_misc":{"Escrito por":"adminuvb","Est. tempo de leitura":"4 minutos"},"schema":{"@context":"https:\/\/schema.org","@graph":[{"@type":"Article","@id":"https:\/\/uvbbrasil.com.br\/agosto-lilas-sera-mes-nacional-de-protecao-a-mulher-aprova-plenario\/#article","isPartOf":{"@id":"https:\/\/uvbbrasil.com.br\/agosto-lilas-sera-mes-nacional-de-protecao-a-mulher-aprova-plenario\/"},"author":{"name":"adminuvb","@id":"https:\/\/uvbbrasil.com.br\/#\/schema\/person\/17990098446c098f52effddff4f1b272"},"headline":"Agosto Lil\u00e1s ser\u00e1 m\u00eas nacional de prote\u00e7\u00e3o \u00e0 mulher, aprova Plen\u00e1rio","datePublished":"2022-08-11T14:38:36+00:00","mainEntityOfPage":{"@id":"https:\/\/uvbbrasil.com.br\/agosto-lilas-sera-mes-nacional-de-protecao-a-mulher-aprova-plenario\/"},"wordCount":991,"commentCount":0,"publisher":{"@id":"https:\/\/uvbbrasil.com.br\/#organization"},"image":{"@id":"https:\/\/uvbbrasil.com.br\/agosto-lilas-sera-mes-nacional-de-protecao-a-mulher-aprova-plenario\/#primaryimage"},"thumbnailUrl":"https:\/\/uvbbrasil.com.br\/wp-content\/uploads\/2022\/08\/imagem_materia-8.jpg","articleSection":["NOT\u00cdCIAS"],"inLanguage":"pt-BR","potentialAction":[{"@type":"CommentAction","name":"Comment","target":["https:\/\/uvbbrasil.com.br\/agosto-lilas-sera-mes-nacional-de-protecao-a-mulher-aprova-plenario\/#respond"]}]},{"@type":"WebPage","@id":"https:\/\/uvbbrasil.com.br\/agosto-lilas-sera-mes-nacional-de-protecao-a-mulher-aprova-plenario\/","url":"https:\/\/uvbbrasil.com.br\/agosto-lilas-sera-mes-nacional-de-protecao-a-mulher-aprova-plenario\/","name":"Agosto Lil\u00e1s ser\u00e1 m\u00eas nacional de prote\u00e7\u00e3o \u00e0 mulher, aprova Plen\u00e1rio - UVB Brasil","isPartOf":{"@id":"https:\/\/uvbbrasil.com.br\/#website"},"primaryImageOfPage":{"@id":"https:\/\/uvbbrasil.com.br\/agosto-lilas-sera-mes-nacional-de-protecao-a-mulher-aprova-plenario\/#primaryimage"},"image":{"@id":"https:\/\/uvbbrasil.com.br\/agosto-lilas-sera-mes-nacional-de-protecao-a-mulher-aprova-plenario\/#primaryimage"},"thumbnailUrl":"https:\/\/uvbbrasil.com.br\/wp-content\/uploads\/2022\/08\/imagem_materia-8.jpg","datePublished":"2022-08-11T14:38:36+00:00","breadcrumb":{"@id":"https:\/\/uvbbrasil.com.br\/agosto-lilas-sera-mes-nacional-de-protecao-a-mulher-aprova-plenario\/#breadcrumb"},"inLanguage":"pt-BR","potentialAction":[{"@type":"ReadAction","target":["https:\/\/uvbbrasil.com.br\/agosto-lilas-sera-mes-nacional-de-protecao-a-mulher-aprova-plenario\/"]}]},{"@type":"ImageObject","inLanguage":"pt-BR","@id":"https:\/\/uvbbrasil.com.br\/agosto-lilas-sera-mes-nacional-de-protecao-a-mulher-aprova-plenario\/#primaryimage","url":"https:\/\/uvbbrasil.com.br\/wp-content\/uploads\/2022\/08\/imagem_materia-8.jpg","contentUrl":"https:\/\/uvbbrasil.com.br\/wp-content\/uploads\/2022\/08\/imagem_materia-8.jpg","width":860,"height":570},{"@type":"BreadcrumbList","@id":"https:\/\/uvbbrasil.com.br\/agosto-lilas-sera-mes-nacional-de-protecao-a-mulher-aprova-plenario\/#breadcrumb","itemListElement":[{"@type":"ListItem","position":1,"name":"In\u00edcio","item":"https:\/\/uvbbrasil.com.br\/"},{"@type":"ListItem","position":2,"name":"Agosto Lil\u00e1s ser\u00e1 m\u00eas nacional de prote\u00e7\u00e3o \u00e0 mulher, aprova Plen\u00e1rio"}]},{"@type":"WebSite","@id":"https:\/\/uvbbrasil.com.br\/#website","url":"https:\/\/uvbbrasil.com.br\/","name":"UVB Brasil","description":"Uni\u00e3o dos Vereadores do Brasil","publisher":{"@id":"https:\/\/uvbbrasil.com.br\/#organization"},"potentialAction":[{"@type":"SearchAction","target":{"@type":"EntryPoint","urlTemplate":"https:\/\/uvbbrasil.com.br\/?s={search_term_string}"},"query-input":{"@type":"PropertyValueSpecification","valueRequired":true,"valueName":"search_term_string"}}],"inLanguage":"pt-BR"},{"@type":"Organization","@id":"https:\/\/uvbbrasil.com.br\/#organization","name":"UVB Brasil","url":"https:\/\/uvbbrasil.com.br\/","logo":{"@type":"ImageObject","inLanguage":"pt-BR","@id":"https:\/\/uvbbrasil.com.br\/#\/schema\/logo\/image\/","url":"https:\/\/uvbbrasil.com.br\/wp-content\/uploads\/2025\/01\/LOGO-UVB-2024-azul-1.jpg","contentUrl":"https:\/\/uvbbrasil.com.br\/wp-content\/uploads\/2025\/01\/LOGO-UVB-2024-azul-1.jpg","width":600,"height":211,"caption":"UVB Brasil"},"image":{"@id":"https:\/\/uvbbrasil.com.br\/#\/schema\/logo\/image\/"},"sameAs":["https:\/\/www.facebook.com\/uvb.vereadoresbrasil","https:\/\/www.instagram.com\/uvbbrasil\/","https:\/\/www.youtube.com\/channel\/UCIlPQ8Xzw5GHNzosQIg9S5A"]},{"@type":"Person","@id":"https:\/\/uvbbrasil.com.br\/#\/schema\/person\/17990098446c098f52effddff4f1b272","name":"adminuvb","image":{"@type":"ImageObject","inLanguage":"pt-BR","@id":"https:\/\/uvbbrasil.com.br\/#\/schema\/person\/image\/","url":"https:\/\/secure.gravatar.com\/avatar\/1a494ea6f8e2dd1ae526e55b0e9497efdba542491e0620d704cccf63c6f77c45?s=96&d=mm&r=g","contentUrl":"https:\/\/secure.gravatar.com\/avatar\/1a494ea6f8e2dd1ae526e55b0e9497efdba542491e0620d704cccf63c6f77c45?s=96&d=mm&r=g","caption":"adminuvb"},"sameAs":["https:\/\/uvbbrasil.com.br"],"url":"https:\/\/uvbbrasil.com.br\/author\/adminuvb\/"}]}},"_links":{"self":[{"href":"https:\/\/uvbbrasil.com.br\/uvb-json\/wp\/v2\/posts\/26852","targetHints":{"allow":["GET"]}}],"collection":[{"href":"https:\/\/uvbbrasil.com.br\/uvb-json\/wp\/v2\/posts"}],"about":[{"href":"https:\/\/uvbbrasil.com.br\/uvb-json\/wp\/v2\/types\/post"}],"author":[{"embeddable":true,"href":"https:\/\/uvbbrasil.com.br\/uvb-json\/wp\/v2\/users\/1"}],"replies":[{"embeddable":true,"href":"https:\/\/uvbbrasil.com.br\/uvb-json\/wp\/v2\/comments?post=26852"}],"version-history":[{"count":0,"href":"https:\/\/uvbbrasil.com.br\/uvb-json\/wp\/v2\/posts\/26852\/revisions"}],"wp:featuredmedia":[{"embeddable":true,"href":"https:\/\/uvbbrasil.com.br\/uvb-json\/wp\/v2\/media\/26853"}],"wp:attachment":[{"href":"https:\/\/uvbbrasil.com.br\/uvb-json\/wp\/v2\/media?parent=26852"}],"wp:term":[{"taxonomy":"category","embeddable":true,"href":"https:\/\/uvbbrasil.com.br\/uvb-json\/wp\/v2\/categories?post=26852"},{"taxonomy":"post_tag","embeddable":true,"href":"https:\/\/uvbbrasil.com.br\/uvb-json\/wp\/v2\/tags?post=26852"}],"curies":[{"name":"wp","href":"https:\/\/api.w.org\/{rel}","templated":true}]}}