{"id":2683,"date":"2015-12-28T14:13:36","date_gmt":"2015-12-28T16:13:36","guid":{"rendered":"https:\/\/wpsandbox4.pante.com.br\/?p=2683"},"modified":"2015-12-28T14:13:36","modified_gmt":"2015-12-28T16:13:36","slug":"confira-as-principais-propostas-aprovadas-pela-camara-dos-deputados-em-2015","status":"publish","type":"post","link":"https:\/\/uvbbrasil.com.br\/confira-as-principais-propostas-aprovadas-pela-camara-dos-deputados-em-2015\/","title":{"rendered":"Confira as principais propostas aprovadas pela C\u00e2mara dos Deputados em 2015"},"content":{"rendered":"<p>Gustavo Lima\/C\u00e2mara dos Deputados<\/p>\n<p>Vota\u00e7\u00e3o da PEC da Maioridade Penal Plen\u00e1rio da C\u00e2mara aprovou a PEC da Maioridade Penal em meio a debate pol\u00eamico<\/p>\n<p>Em 2015, a C\u00e2mara dos Deputados aprovou v\u00e1rios projetos que j\u00e1 viraram lei, como a corre\u00e7\u00e3o do Fundo de Garantia do Tempo de Servi\u00e7o (FGTS) pelo \u00edndice da poupan\u00e7a, a regulamenta\u00e7\u00e3o dos direitos dos empregados dom\u00e9sticos e a regulariza\u00e7\u00e3o de recursos no exterior.<\/p>\n<p>Temas pol\u00eamicos tamb\u00e9m foram votados em Plen\u00e1rio, como as propostas do ajuste fiscal do governo, a regulamenta\u00e7\u00e3o do servi\u00e7o terceirizado e as propostas de emenda \u00e0 Constitui\u00e7\u00e3o da reforma pol\u00edtica e da redu\u00e7\u00e3o da maioridade penal.<\/p>\n<p>Os deputados votaram ainda uma minirreforma eleitoral, com diminui\u00e7\u00e3o do tempo de propaganda eleitoral e defini\u00e7\u00e3o do teto de doa\u00e7\u00f5es e de gastos com campanhas.<\/p>\n<p>Pacto federativo &#8211; Uma das propostas do novo pacto federativo foi aprovada pela C\u00e2mara dos Deputados para proibir lei federal de impor ou transferir aos estados, ao Distrito Federal ou aos munic\u00edpios qualquer encargo ou a presta\u00e7\u00e3o de servi\u00e7os sem a previs\u00e3o de repasses financeiros necess\u00e1rios ao seu custeio.<\/p>\n<p>D\u00edvidas de clubes &#8211; A C\u00e2mara aprovou tamb\u00e9m uma esp\u00e9cie de Lei de Responsabilidade do Futebol, que vincula o parcelamento de d\u00edvidas dos clubes desportivos com a Uni\u00e3o a pr\u00e1ticas de gest\u00e3o mais transparentes, como conselho fiscal independente e limite para a reelei\u00e7\u00e3o de dirigentes.<\/p>\n<p>Novo c\u00f4njuge &#8211; Entre os projetos aprovados em car\u00e1ter conclusivo pela Comiss\u00e3o de Constitui\u00e7\u00e3o e Justi\u00e7a e de Cidadania (CCJ) destaca-se o que protege da penhora judicial o patrim\u00f4nio do novo c\u00f4njuge ou companheiro de um devedor de pens\u00e3o aliment\u00edcia. A mat\u00e9ria tamb\u00e9m j\u00e1 virou lei.<\/p>\n<p>Seguran\u00e7a &#8211; Na \u00e1rea de seguran\u00e7a, os deputados aprovaram a criminaliza\u00e7\u00e3o da venda ou entrega de bebidas alco\u00f3licas a menores de 18 anos, com deten\u00e7\u00e3o e multa. J\u00e1 aquele que corromper ou facilitar a corrup\u00e7\u00e3o de menor de 18 anos para a pr\u00e1tica de crimes ter\u00e1 pena maior se o crime for hediondo. Para coibir as explos\u00f5es de caixas autom\u00e1ticos em bancos, os deputados aumentaram a pena pelo uso de explosivos no furto qualificado.<\/p>\n<p>Or\u00e7amento impositivo Depois de dois anos de tramita\u00e7\u00e3o, a C\u00e2mara aprovou a PEC do or\u00e7amento impositivo, que obriga a execu\u00e7\u00e3o das emendas individuais ao or\u00e7amento da Uni\u00e3o at\u00e9 o limite de 1,2% da receita corrente l\u00edquida (RCL) realizada no ano anterior.<\/p>\n<p>Aposentadoria compuls\u00f3ria &#8211; Para todo o servi\u00e7o p\u00fablico, a C\u00e2mara aprovou a possibilidade de aposentadoria compuls\u00f3ria por idade aos 75 anos. O limite atual \u00e9 de 70 anos.<\/p>\n<p>Reportagem \u2013 Eduardo Piovesan Edi\u00e7\u00e3o \u2013 Pierre Triboli<\/p>\n<p>Ag\u00eancia C\u00e2mara Not\u00edcias&#8217;<\/p>\n","protected":false},"excerpt":{"rendered":"<p>Gustavo Lima\/C\u00e2mara dos Deputados Vota\u00e7\u00e3o da PEC da Maioridade Penal Plen\u00e1rio da C\u00e2mara aprovou a PEC da Maioridade Penal em&#8230;<\/p>\n","protected":false},"author":1,"featured_media":2099,"comment_status":"open","ping_status":"open","sticky":false,"template":"","format":"standard","meta":{"footnotes":""},"categories":[3],"tags":[],"class_list":["post-2683","post","type-post","status-publish","format-standard","has-post-thumbnail","hentry","category-noticias"],"yoast_head":"<!-- This site is optimized with the Yoast SEO plugin v26.7 - https:\/\/yoast.com\/wordpress\/plugins\/seo\/ -->\n<title>Confira as principais propostas aprovadas pela C\u00e2mara dos Deputados em 2015 - UVB Brasil<\/title>\n<meta name=\"robots\" content=\"index, follow, max-snippet:-1, max-image-preview:large, max-video-preview:-1\" \/>\n<link rel=\"canonical\" href=\"https:\/\/uvbbrasil.com.br\/confira-as-principais-propostas-aprovadas-pela-camara-dos-deputados-em-2015\/\" \/>\n<meta property=\"og:locale\" content=\"pt_BR\" \/>\n<meta property=\"og:type\" content=\"article\" \/>\n<meta property=\"og:title\" content=\"Confira as principais propostas aprovadas pela C\u00e2mara dos Deputados em 2015 - UVB Brasil\" \/>\n<meta property=\"og:description\" content=\"Gustavo Lima\/C\u00e2mara dos Deputados Vota\u00e7\u00e3o da PEC da Maioridade Penal Plen\u00e1rio da C\u00e2mara aprovou a PEC da Maioridade Penal em...\" \/>\n<meta property=\"og:url\" content=\"https:\/\/uvbbrasil.com.br\/confira-as-principais-propostas-aprovadas-pela-camara-dos-deputados-em-2015\/\" \/>\n<meta property=\"og:site_name\" content=\"UVB Brasil\" \/>\n<meta property=\"article:publisher\" content=\"https:\/\/www.facebook.com\/uvb.vereadoresbrasil\" \/>\n<meta property=\"article:published_time\" content=\"2015-12-28T16:13:36+00:00\" \/>\n<meta property=\"og:image\" content=\"https:\/\/uvbbrasil.com.br\/wp-content\/uploads\/2015\/11\/veti-scaled.jpg\" \/>\n\t<meta property=\"og:image:width\" content=\"2560\" \/>\n\t<meta property=\"og:image:height\" content=\"1707\" \/>\n\t<meta property=\"og:image:type\" content=\"image\/jpeg\" \/>\n<meta name=\"author\" content=\"adminuvb\" \/>\n<meta name=\"twitter:card\" content=\"summary_large_image\" \/>\n<meta name=\"twitter:label1\" content=\"Escrito por\" \/>\n\t<meta name=\"twitter:data1\" content=\"adminuvb\" \/>\n\t<meta name=\"twitter:label2\" content=\"Est. tempo de leitura\" \/>\n\t<meta name=\"twitter:data2\" content=\"2 minutos\" \/>\n<script type=\"application\/ld+json\" class=\"yoast-schema-graph\">{\"@context\":\"https:\/\/schema.org\",\"@graph\":[{\"@type\":\"Article\",\"@id\":\"https:\/\/uvbbrasil.com.br\/confira-as-principais-propostas-aprovadas-pela-camara-dos-deputados-em-2015\/#article\",\"isPartOf\":{\"@id\":\"https:\/\/uvbbrasil.com.br\/confira-as-principais-propostas-aprovadas-pela-camara-dos-deputados-em-2015\/\"},\"author\":{\"name\":\"adminuvb\",\"@id\":\"https:\/\/uvbbrasil.com.br\/#\/schema\/person\/17990098446c098f52effddff4f1b272\"},\"headline\":\"Confira as principais propostas aprovadas pela C\u00e2mara dos Deputados em 2015\",\"datePublished\":\"2015-12-28T16:13:36+00:00\",\"mainEntityOfPage\":{\"@id\":\"https:\/\/uvbbrasil.com.br\/confira-as-principais-propostas-aprovadas-pela-camara-dos-deputados-em-2015\/\"},\"wordCount\":500,\"commentCount\":0,\"publisher\":{\"@id\":\"https:\/\/uvbbrasil.com.br\/#organization\"},\"image\":{\"@id\":\"https:\/\/uvbbrasil.com.br\/confira-as-principais-propostas-aprovadas-pela-camara-dos-deputados-em-2015\/#primaryimage\"},\"thumbnailUrl\":\"https:\/\/uvbbrasil.com.br\/wp-content\/uploads\/2015\/11\/veti-scaled.jpg\",\"articleSection\":[\"NOT\u00cdCIAS\"],\"inLanguage\":\"pt-BR\",\"potentialAction\":[{\"@type\":\"CommentAction\",\"name\":\"Comment\",\"target\":[\"https:\/\/uvbbrasil.com.br\/confira-as-principais-propostas-aprovadas-pela-camara-dos-deputados-em-2015\/#respond\"]}]},{\"@type\":\"WebPage\",\"@id\":\"https:\/\/uvbbrasil.com.br\/confira-as-principais-propostas-aprovadas-pela-camara-dos-deputados-em-2015\/\",\"url\":\"https:\/\/uvbbrasil.com.br\/confira-as-principais-propostas-aprovadas-pela-camara-dos-deputados-em-2015\/\",\"name\":\"Confira as principais propostas aprovadas pela C\u00e2mara dos Deputados em 2015 - UVB Brasil\",\"isPartOf\":{\"@id\":\"https:\/\/uvbbrasil.com.br\/#website\"},\"primaryImageOfPage\":{\"@id\":\"https:\/\/uvbbrasil.com.br\/confira-as-principais-propostas-aprovadas-pela-camara-dos-deputados-em-2015\/#primaryimage\"},\"image\":{\"@id\":\"https:\/\/uvbbrasil.com.br\/confira-as-principais-propostas-aprovadas-pela-camara-dos-deputados-em-2015\/#primaryimage\"},\"thumbnailUrl\":\"https:\/\/uvbbrasil.com.br\/wp-content\/uploads\/2015\/11\/veti-scaled.jpg\",\"datePublished\":\"2015-12-28T16:13:36+00:00\",\"breadcrumb\":{\"@id\":\"https:\/\/uvbbrasil.com.br\/confira-as-principais-propostas-aprovadas-pela-camara-dos-deputados-em-2015\/#breadcrumb\"},\"inLanguage\":\"pt-BR\",\"potentialAction\":[{\"@type\":\"ReadAction\",\"target\":[\"https:\/\/uvbbrasil.com.br\/confira-as-principais-propostas-aprovadas-pela-camara-dos-deputados-em-2015\/\"]}]},{\"@type\":\"ImageObject\",\"inLanguage\":\"pt-BR\",\"@id\":\"https:\/\/uvbbrasil.com.br\/confira-as-principais-propostas-aprovadas-pela-camara-dos-deputados-em-2015\/#primaryimage\",\"url\":\"https:\/\/uvbbrasil.com.br\/wp-content\/uploads\/2015\/11\/veti-scaled.jpg\",\"contentUrl\":\"https:\/\/uvbbrasil.com.br\/wp-content\/uploads\/2015\/11\/veti-scaled.jpg\",\"width\":2560,\"height\":1707},{\"@type\":\"BreadcrumbList\",\"@id\":\"https:\/\/uvbbrasil.com.br\/confira-as-principais-propostas-aprovadas-pela-camara-dos-deputados-em-2015\/#breadcrumb\",\"itemListElement\":[{\"@type\":\"ListItem\",\"position\":1,\"name\":\"In\u00edcio\",\"item\":\"https:\/\/uvbbrasil.com.br\/\"},{\"@type\":\"ListItem\",\"position\":2,\"name\":\"Confira as principais propostas aprovadas pela C\u00e2mara dos Deputados em 2015\"}]},{\"@type\":\"WebSite\",\"@id\":\"https:\/\/uvbbrasil.com.br\/#website\",\"url\":\"https:\/\/uvbbrasil.com.br\/\",\"name\":\"UVB Brasil\",\"description\":\"Uni\u00e3o dos Vereadores do Brasil\",\"publisher\":{\"@id\":\"https:\/\/uvbbrasil.com.br\/#organization\"},\"potentialAction\":[{\"@type\":\"SearchAction\",\"target\":{\"@type\":\"EntryPoint\",\"urlTemplate\":\"https:\/\/uvbbrasil.com.br\/?s={search_term_string}\"},\"query-input\":{\"@type\":\"PropertyValueSpecification\",\"valueRequired\":true,\"valueName\":\"search_term_string\"}}],\"inLanguage\":\"pt-BR\"},{\"@type\":\"Organization\",\"@id\":\"https:\/\/uvbbrasil.com.br\/#organization\",\"name\":\"UVB Brasil\",\"url\":\"https:\/\/uvbbrasil.com.br\/\",\"logo\":{\"@type\":\"ImageObject\",\"inLanguage\":\"pt-BR\",\"@id\":\"https:\/\/uvbbrasil.com.br\/#\/schema\/logo\/image\/\",\"url\":\"https:\/\/uvbbrasil.com.br\/wp-content\/uploads\/2025\/01\/LOGO-UVB-2024-azul-1.jpg\",\"contentUrl\":\"https:\/\/uvbbrasil.com.br\/wp-content\/uploads\/2025\/01\/LOGO-UVB-2024-azul-1.jpg\",\"width\":600,\"height\":211,\"caption\":\"UVB Brasil\"},\"image\":{\"@id\":\"https:\/\/uvbbrasil.com.br\/#\/schema\/logo\/image\/\"},\"sameAs\":[\"https:\/\/www.facebook.com\/uvb.vereadoresbrasil\",\"https:\/\/www.instagram.com\/uvbbrasil\/\",\"https:\/\/www.youtube.com\/channel\/UCIlPQ8Xzw5GHNzosQIg9S5A\"]},{\"@type\":\"Person\",\"@id\":\"https:\/\/uvbbrasil.com.br\/#\/schema\/person\/17990098446c098f52effddff4f1b272\",\"name\":\"adminuvb\",\"image\":{\"@type\":\"ImageObject\",\"inLanguage\":\"pt-BR\",\"@id\":\"https:\/\/uvbbrasil.com.br\/#\/schema\/person\/image\/\",\"url\":\"https:\/\/secure.gravatar.com\/avatar\/1a494ea6f8e2dd1ae526e55b0e9497efdba542491e0620d704cccf63c6f77c45?s=96&d=mm&r=g\",\"contentUrl\":\"https:\/\/secure.gravatar.com\/avatar\/1a494ea6f8e2dd1ae526e55b0e9497efdba542491e0620d704cccf63c6f77c45?s=96&d=mm&r=g\",\"caption\":\"adminuvb\"},\"sameAs\":[\"https:\/\/uvbbrasil.com.br\"],\"url\":\"https:\/\/uvbbrasil.com.br\/author\/adminuvb\/\"}]}<\/script>\n<!-- \/ Yoast SEO plugin. -->","yoast_head_json":{"title":"Confira as principais propostas aprovadas pela C\u00e2mara dos Deputados em 2015 - UVB Brasil","robots":{"index":"index","follow":"follow","max-snippet":"max-snippet:-1","max-image-preview":"max-image-preview:large","max-video-preview":"max-video-preview:-1"},"canonical":"https:\/\/uvbbrasil.com.br\/confira-as-principais-propostas-aprovadas-pela-camara-dos-deputados-em-2015\/","og_locale":"pt_BR","og_type":"article","og_title":"Confira as principais propostas aprovadas pela C\u00e2mara dos Deputados em 2015 - UVB Brasil","og_description":"Gustavo Lima\/C\u00e2mara dos Deputados Vota\u00e7\u00e3o da PEC da Maioridade Penal Plen\u00e1rio da C\u00e2mara aprovou a PEC da Maioridade Penal em...","og_url":"https:\/\/uvbbrasil.com.br\/confira-as-principais-propostas-aprovadas-pela-camara-dos-deputados-em-2015\/","og_site_name":"UVB Brasil","article_publisher":"https:\/\/www.facebook.com\/uvb.vereadoresbrasil","article_published_time":"2015-12-28T16:13:36+00:00","og_image":[{"width":2560,"height":1707,"url":"https:\/\/uvbbrasil.com.br\/wp-content\/uploads\/2015\/11\/veti-scaled.jpg","type":"image\/jpeg"}],"author":"adminuvb","twitter_card":"summary_large_image","twitter_misc":{"Escrito por":"adminuvb","Est. tempo de leitura":"2 minutos"},"schema":{"@context":"https:\/\/schema.org","@graph":[{"@type":"Article","@id":"https:\/\/uvbbrasil.com.br\/confira-as-principais-propostas-aprovadas-pela-camara-dos-deputados-em-2015\/#article","isPartOf":{"@id":"https:\/\/uvbbrasil.com.br\/confira-as-principais-propostas-aprovadas-pela-camara-dos-deputados-em-2015\/"},"author":{"name":"adminuvb","@id":"https:\/\/uvbbrasil.com.br\/#\/schema\/person\/17990098446c098f52effddff4f1b272"},"headline":"Confira as principais propostas aprovadas pela C\u00e2mara dos Deputados em 2015","datePublished":"2015-12-28T16:13:36+00:00","mainEntityOfPage":{"@id":"https:\/\/uvbbrasil.com.br\/confira-as-principais-propostas-aprovadas-pela-camara-dos-deputados-em-2015\/"},"wordCount":500,"commentCount":0,"publisher":{"@id":"https:\/\/uvbbrasil.com.br\/#organization"},"image":{"@id":"https:\/\/uvbbrasil.com.br\/confira-as-principais-propostas-aprovadas-pela-camara-dos-deputados-em-2015\/#primaryimage"},"thumbnailUrl":"https:\/\/uvbbrasil.com.br\/wp-content\/uploads\/2015\/11\/veti-scaled.jpg","articleSection":["NOT\u00cdCIAS"],"inLanguage":"pt-BR","potentialAction":[{"@type":"CommentAction","name":"Comment","target":["https:\/\/uvbbrasil.com.br\/confira-as-principais-propostas-aprovadas-pela-camara-dos-deputados-em-2015\/#respond"]}]},{"@type":"WebPage","@id":"https:\/\/uvbbrasil.com.br\/confira-as-principais-propostas-aprovadas-pela-camara-dos-deputados-em-2015\/","url":"https:\/\/uvbbrasil.com.br\/confira-as-principais-propostas-aprovadas-pela-camara-dos-deputados-em-2015\/","name":"Confira as principais propostas aprovadas pela C\u00e2mara dos Deputados em 2015 - UVB Brasil","isPartOf":{"@id":"https:\/\/uvbbrasil.com.br\/#website"},"primaryImageOfPage":{"@id":"https:\/\/uvbbrasil.com.br\/confira-as-principais-propostas-aprovadas-pela-camara-dos-deputados-em-2015\/#primaryimage"},"image":{"@id":"https:\/\/uvbbrasil.com.br\/confira-as-principais-propostas-aprovadas-pela-camara-dos-deputados-em-2015\/#primaryimage"},"thumbnailUrl":"https:\/\/uvbbrasil.com.br\/wp-content\/uploads\/2015\/11\/veti-scaled.jpg","datePublished":"2015-12-28T16:13:36+00:00","breadcrumb":{"@id":"https:\/\/uvbbrasil.com.br\/confira-as-principais-propostas-aprovadas-pela-camara-dos-deputados-em-2015\/#breadcrumb"},"inLanguage":"pt-BR","potentialAction":[{"@type":"ReadAction","target":["https:\/\/uvbbrasil.com.br\/confira-as-principais-propostas-aprovadas-pela-camara-dos-deputados-em-2015\/"]}]},{"@type":"ImageObject","inLanguage":"pt-BR","@id":"https:\/\/uvbbrasil.com.br\/confira-as-principais-propostas-aprovadas-pela-camara-dos-deputados-em-2015\/#primaryimage","url":"https:\/\/uvbbrasil.com.br\/wp-content\/uploads\/2015\/11\/veti-scaled.jpg","contentUrl":"https:\/\/uvbbrasil.com.br\/wp-content\/uploads\/2015\/11\/veti-scaled.jpg","width":2560,"height":1707},{"@type":"BreadcrumbList","@id":"https:\/\/uvbbrasil.com.br\/confira-as-principais-propostas-aprovadas-pela-camara-dos-deputados-em-2015\/#breadcrumb","itemListElement":[{"@type":"ListItem","position":1,"name":"In\u00edcio","item":"https:\/\/uvbbrasil.com.br\/"},{"@type":"ListItem","position":2,"name":"Confira as principais propostas aprovadas pela C\u00e2mara dos Deputados em 2015"}]},{"@type":"WebSite","@id":"https:\/\/uvbbrasil.com.br\/#website","url":"https:\/\/uvbbrasil.com.br\/","name":"UVB Brasil","description":"Uni\u00e3o dos Vereadores do Brasil","publisher":{"@id":"https:\/\/uvbbrasil.com.br\/#organization"},"potentialAction":[{"@type":"SearchAction","target":{"@type":"EntryPoint","urlTemplate":"https:\/\/uvbbrasil.com.br\/?s={search_term_string}"},"query-input":{"@type":"PropertyValueSpecification","valueRequired":true,"valueName":"search_term_string"}}],"inLanguage":"pt-BR"},{"@type":"Organization","@id":"https:\/\/uvbbrasil.com.br\/#organization","name":"UVB Brasil","url":"https:\/\/uvbbrasil.com.br\/","logo":{"@type":"ImageObject","inLanguage":"pt-BR","@id":"https:\/\/uvbbrasil.com.br\/#\/schema\/logo\/image\/","url":"https:\/\/uvbbrasil.com.br\/wp-content\/uploads\/2025\/01\/LOGO-UVB-2024-azul-1.jpg","contentUrl":"https:\/\/uvbbrasil.com.br\/wp-content\/uploads\/2025\/01\/LOGO-UVB-2024-azul-1.jpg","width":600,"height":211,"caption":"UVB Brasil"},"image":{"@id":"https:\/\/uvbbrasil.com.br\/#\/schema\/logo\/image\/"},"sameAs":["https:\/\/www.facebook.com\/uvb.vereadoresbrasil","https:\/\/www.instagram.com\/uvbbrasil\/","https:\/\/www.youtube.com\/channel\/UCIlPQ8Xzw5GHNzosQIg9S5A"]},{"@type":"Person","@id":"https:\/\/uvbbrasil.com.br\/#\/schema\/person\/17990098446c098f52effddff4f1b272","name":"adminuvb","image":{"@type":"ImageObject","inLanguage":"pt-BR","@id":"https:\/\/uvbbrasil.com.br\/#\/schema\/person\/image\/","url":"https:\/\/secure.gravatar.com\/avatar\/1a494ea6f8e2dd1ae526e55b0e9497efdba542491e0620d704cccf63c6f77c45?s=96&d=mm&r=g","contentUrl":"https:\/\/secure.gravatar.com\/avatar\/1a494ea6f8e2dd1ae526e55b0e9497efdba542491e0620d704cccf63c6f77c45?s=96&d=mm&r=g","caption":"adminuvb"},"sameAs":["https:\/\/uvbbrasil.com.br"],"url":"https:\/\/uvbbrasil.com.br\/author\/adminuvb\/"}]}},"_links":{"self":[{"href":"https:\/\/uvbbrasil.com.br\/uvb-json\/wp\/v2\/posts\/2683","targetHints":{"allow":["GET"]}}],"collection":[{"href":"https:\/\/uvbbrasil.com.br\/uvb-json\/wp\/v2\/posts"}],"about":[{"href":"https:\/\/uvbbrasil.com.br\/uvb-json\/wp\/v2\/types\/post"}],"author":[{"embeddable":true,"href":"https:\/\/uvbbrasil.com.br\/uvb-json\/wp\/v2\/users\/1"}],"replies":[{"embeddable":true,"href":"https:\/\/uvbbrasil.com.br\/uvb-json\/wp\/v2\/comments?post=2683"}],"version-history":[{"count":0,"href":"https:\/\/uvbbrasil.com.br\/uvb-json\/wp\/v2\/posts\/2683\/revisions"}],"wp:featuredmedia":[{"embeddable":true,"href":"https:\/\/uvbbrasil.com.br\/uvb-json\/wp\/v2\/media\/2099"}],"wp:attachment":[{"href":"https:\/\/uvbbrasil.com.br\/uvb-json\/wp\/v2\/media?parent=2683"}],"wp:term":[{"taxonomy":"category","embeddable":true,"href":"https:\/\/uvbbrasil.com.br\/uvb-json\/wp\/v2\/categories?post=2683"},{"taxonomy":"post_tag","embeddable":true,"href":"https:\/\/uvbbrasil.com.br\/uvb-json\/wp\/v2\/tags?post=2683"}],"curies":[{"name":"wp","href":"https:\/\/api.w.org\/{rel}","templated":true}]}}