{"id":26800,"date":"2022-08-06T11:53:08","date_gmt":"2022-08-06T14:53:08","guid":{"rendered":"https:\/\/wpsandbox4.pante.com.br\/?p=26800"},"modified":"2022-08-06T11:53:08","modified_gmt":"2022-08-06T14:53:08","slug":"avat-reune-ex-presidentes-e-apresenta-programacao-alusiva-aos-35-anos","status":"publish","type":"post","link":"https:\/\/uvbbrasil.com.br\/avat-reune-ex-presidentes-e-apresenta-programacao-alusiva-aos-35-anos\/","title":{"rendered":"Avat re\u00fane ex-presidentes e apresenta programa\u00e7\u00e3o alusiva aos 35 anos"},"content":{"rendered":"<p>A Associa\u00e7\u00e3o de Vereadores do Vale do Taquari (Avat) promoveu na tarde do dia 04, o 1\u00b0 Encontro de Ex-presidentes. O evento ocorreu na sede da c\u00e2mara de Encantado\/RS\u00a0e contou com a presen\u00e7a de oito, dos 13 representantes da associa\u00e7\u00e3o ao longo destes 35 anos de atua\u00e7\u00e3o.<\/p>\n<p>Por meio de bate-papo, os participantes relembraram fatos hist\u00f3ricos da Avat e o que mudou desde 1987. \u201cN\u00e3o \u00e9 por acaso que a associa\u00e7\u00e3o possui mais de tr\u00eas d\u00e9cadas. Ela se consolida como uma institui\u00e7\u00e3o que faz e vive pol\u00edtica e, o principal, atua junto ao pol\u00edtico\u201d, disse o presidente e vereador de Taquari, Leandro Mariante (PT).<\/p>\n<p>Na ocasi\u00e3o, o vice-presidente e vereador de Encantado, Diego Pretto (PP) destacou a import\u00e2ncia de ter uma representatividade que entenda as reais necessidades da comunidade e que atue de forma conjunta com todos os munic\u00edpios. \u201c\u00c9 preciso manter a uni\u00e3o para que possamos solucionar os problemas que cada legislativo possui em sua particularidade\u201d.<\/p>\n<p>Durante o encontro foi lan\u00e7ada a programa\u00e7\u00e3o comemorativa aos 35 anos da Avat, que ocorre em outubro. Conforme Mariante, o destaque ficar\u00e1 por conta de um documento hist\u00f3rico que traz por meio de uma revista, a import\u00e2ncia da atua\u00e7\u00e3o do legislativo perante a sociedade. \u201cA ideia \u00e9 mostrar um pouco do parlamento do Vale e suas fun\u00e7\u00f5es. Esse projeto ser\u00e1 lan\u00e7ado durante a programa\u00e7\u00e3o\u201d, revela.<\/p>\n<p>A\u00a0<a href=\"https:\/\/www.facebook.com\/CamaraEncantado?__cft__[0]=AZUszoJJWgsbGmzSwQhZpiQ5b9I0TjQjnZUZN9NNdAjwe328EtyxGq4s54jm9vvGkggnCi-0NaU-xCLSVnj0ZHMOd38ut9zDr38VoNqVLO3Yp3TRqyppRybcDPEm-9bCUc0&amp;__tn__=-]K-R\" target=\"_blank\" rel=\"noopener noreferrer\">C\u00e2mara de Vereadores de Encantado<\/a>, em nome de seu Presidente, Valdecir Gonzatti, manifestou que sentiu-se honrada em ter nas suas depend\u00eancias esta importante associa\u00e7\u00e3o no ano em que celebra os seus 35 anos.<\/p>\n","protected":false},"excerpt":{"rendered":"<p>A Associa\u00e7\u00e3o de Vereadores do Vale do Taquari (Avat) promoveu na tarde do dia 04, o 1\u00b0 Encontro de Ex-presidentes&#8230;.<\/p>\n","protected":false},"author":1,"featured_media":26801,"comment_status":"open","ping_status":"open","sticky":false,"template":"","format":"standard","meta":{"footnotes":""},"categories":[3],"tags":[],"class_list":["post-26800","post","type-post","status-publish","format-standard","has-post-thumbnail","hentry","category-noticias"],"yoast_head":"<!-- This site is optimized with the Yoast SEO plugin v27.5 - https:\/\/yoast.com\/product\/yoast-seo-wordpress\/ -->\n<title>Avat re\u00fane ex-presidentes e apresenta programa\u00e7\u00e3o alusiva aos 35 anos - UVB Brasil<\/title>\n<meta name=\"robots\" content=\"index, follow, max-snippet:-1, max-image-preview:large, max-video-preview:-1\" \/>\n<link rel=\"canonical\" href=\"https:\/\/uvbbrasil.com.br\/avat-reune-ex-presidentes-e-apresenta-programacao-alusiva-aos-35-anos\/\" \/>\n<meta property=\"og:locale\" content=\"pt_BR\" \/>\n<meta property=\"og:type\" content=\"article\" \/>\n<meta property=\"og:title\" content=\"Avat re\u00fane ex-presidentes e apresenta programa\u00e7\u00e3o alusiva aos 35 anos - UVB Brasil\" \/>\n<meta property=\"og:description\" content=\"A Associa\u00e7\u00e3o de Vereadores do Vale do Taquari (Avat) promoveu na tarde do dia 04, o 1\u00b0 Encontro de Ex-presidentes....\" \/>\n<meta property=\"og:url\" content=\"https:\/\/uvbbrasil.com.br\/avat-reune-ex-presidentes-e-apresenta-programacao-alusiva-aos-35-anos\/\" \/>\n<meta property=\"og:site_name\" content=\"UVB Brasil\" \/>\n<meta property=\"article:publisher\" content=\"https:\/\/www.facebook.com\/uvb.vereadoresbrasil\" \/>\n<meta property=\"article:published_time\" content=\"2022-08-06T14:53:08+00:00\" \/>\n<meta property=\"og:image\" content=\"https:\/\/uvbbrasil.com.br\/wp-content\/uploads\/2022\/08\/AVAT-EX-PRESIDENTES.jpeg\" \/>\n\t<meta property=\"og:image:width\" content=\"1280\" \/>\n\t<meta property=\"og:image:height\" content=\"911\" \/>\n\t<meta property=\"og:image:type\" content=\"image\/jpeg\" \/>\n<meta name=\"author\" content=\"adminuvb\" \/>\n<meta name=\"twitter:card\" content=\"summary_large_image\" \/>\n<meta name=\"twitter:label1\" content=\"Escrito por\" \/>\n\t<meta name=\"twitter:data1\" content=\"adminuvb\" \/>\n\t<meta name=\"twitter:label2\" content=\"Est. tempo de leitura\" \/>\n\t<meta name=\"twitter:data2\" content=\"2 minutos\" \/>\n<script type=\"application\/ld+json\" class=\"yoast-schema-graph\">{\"@context\":\"https:\\\/\\\/schema.org\",\"@graph\":[{\"@type\":\"Article\",\"@id\":\"https:\\\/\\\/uvbbrasil.com.br\\\/avat-reune-ex-presidentes-e-apresenta-programacao-alusiva-aos-35-anos\\\/#article\",\"isPartOf\":{\"@id\":\"https:\\\/\\\/uvbbrasil.com.br\\\/avat-reune-ex-presidentes-e-apresenta-programacao-alusiva-aos-35-anos\\\/\"},\"author\":{\"name\":\"adminuvb\",\"@id\":\"https:\\\/\\\/uvbbrasil.com.br\\\/#\\\/schema\\\/person\\\/17990098446c098f52effddff4f1b272\"},\"headline\":\"Avat re\u00fane ex-presidentes e apresenta programa\u00e7\u00e3o alusiva aos 35 anos\",\"datePublished\":\"2022-08-06T14:53:08+00:00\",\"mainEntityOfPage\":{\"@id\":\"https:\\\/\\\/uvbbrasil.com.br\\\/avat-reune-ex-presidentes-e-apresenta-programacao-alusiva-aos-35-anos\\\/\"},\"wordCount\":287,\"commentCount\":0,\"publisher\":{\"@id\":\"https:\\\/\\\/uvbbrasil.com.br\\\/#organization\"},\"image\":{\"@id\":\"https:\\\/\\\/uvbbrasil.com.br\\\/avat-reune-ex-presidentes-e-apresenta-programacao-alusiva-aos-35-anos\\\/#primaryimage\"},\"thumbnailUrl\":\"https:\\\/\\\/uvbbrasil.com.br\\\/wp-content\\\/uploads\\\/2022\\\/08\\\/AVAT-EX-PRESIDENTES.jpeg\",\"articleSection\":[\"NOT\u00cdCIAS\"],\"inLanguage\":\"pt-BR\",\"potentialAction\":[{\"@type\":\"CommentAction\",\"name\":\"Comment\",\"target\":[\"https:\\\/\\\/uvbbrasil.com.br\\\/avat-reune-ex-presidentes-e-apresenta-programacao-alusiva-aos-35-anos\\\/#respond\"]}]},{\"@type\":\"WebPage\",\"@id\":\"https:\\\/\\\/uvbbrasil.com.br\\\/avat-reune-ex-presidentes-e-apresenta-programacao-alusiva-aos-35-anos\\\/\",\"url\":\"https:\\\/\\\/uvbbrasil.com.br\\\/avat-reune-ex-presidentes-e-apresenta-programacao-alusiva-aos-35-anos\\\/\",\"name\":\"Avat re\u00fane ex-presidentes e apresenta programa\u00e7\u00e3o alusiva aos 35 anos - UVB Brasil\",\"isPartOf\":{\"@id\":\"https:\\\/\\\/uvbbrasil.com.br\\\/#website\"},\"primaryImageOfPage\":{\"@id\":\"https:\\\/\\\/uvbbrasil.com.br\\\/avat-reune-ex-presidentes-e-apresenta-programacao-alusiva-aos-35-anos\\\/#primaryimage\"},\"image\":{\"@id\":\"https:\\\/\\\/uvbbrasil.com.br\\\/avat-reune-ex-presidentes-e-apresenta-programacao-alusiva-aos-35-anos\\\/#primaryimage\"},\"thumbnailUrl\":\"https:\\\/\\\/uvbbrasil.com.br\\\/wp-content\\\/uploads\\\/2022\\\/08\\\/AVAT-EX-PRESIDENTES.jpeg\",\"datePublished\":\"2022-08-06T14:53:08+00:00\",\"breadcrumb\":{\"@id\":\"https:\\\/\\\/uvbbrasil.com.br\\\/avat-reune-ex-presidentes-e-apresenta-programacao-alusiva-aos-35-anos\\\/#breadcrumb\"},\"inLanguage\":\"pt-BR\",\"potentialAction\":[{\"@type\":\"ReadAction\",\"target\":[\"https:\\\/\\\/uvbbrasil.com.br\\\/avat-reune-ex-presidentes-e-apresenta-programacao-alusiva-aos-35-anos\\\/\"]}]},{\"@type\":\"ImageObject\",\"inLanguage\":\"pt-BR\",\"@id\":\"https:\\\/\\\/uvbbrasil.com.br\\\/avat-reune-ex-presidentes-e-apresenta-programacao-alusiva-aos-35-anos\\\/#primaryimage\",\"url\":\"https:\\\/\\\/uvbbrasil.com.br\\\/wp-content\\\/uploads\\\/2022\\\/08\\\/AVAT-EX-PRESIDENTES.jpeg\",\"contentUrl\":\"https:\\\/\\\/uvbbrasil.com.br\\\/wp-content\\\/uploads\\\/2022\\\/08\\\/AVAT-EX-PRESIDENTES.jpeg\",\"width\":1280,\"height\":911},{\"@type\":\"BreadcrumbList\",\"@id\":\"https:\\\/\\\/uvbbrasil.com.br\\\/avat-reune-ex-presidentes-e-apresenta-programacao-alusiva-aos-35-anos\\\/#breadcrumb\",\"itemListElement\":[{\"@type\":\"ListItem\",\"position\":1,\"name\":\"In\u00edcio\",\"item\":\"https:\\\/\\\/uvbbrasil.com.br\\\/\"},{\"@type\":\"ListItem\",\"position\":2,\"name\":\"Avat re\u00fane ex-presidentes e apresenta programa\u00e7\u00e3o alusiva aos 35 anos\"}]},{\"@type\":\"WebSite\",\"@id\":\"https:\\\/\\\/uvbbrasil.com.br\\\/#website\",\"url\":\"https:\\\/\\\/uvbbrasil.com.br\\\/\",\"name\":\"UVB Brasil\",\"description\":\"Uni\u00e3o dos Vereadores do Brasil\",\"publisher\":{\"@id\":\"https:\\\/\\\/uvbbrasil.com.br\\\/#organization\"},\"potentialAction\":[{\"@type\":\"SearchAction\",\"target\":{\"@type\":\"EntryPoint\",\"urlTemplate\":\"https:\\\/\\\/uvbbrasil.com.br\\\/?s={search_term_string}\"},\"query-input\":{\"@type\":\"PropertyValueSpecification\",\"valueRequired\":true,\"valueName\":\"search_term_string\"}}],\"inLanguage\":\"pt-BR\"},{\"@type\":\"Organization\",\"@id\":\"https:\\\/\\\/uvbbrasil.com.br\\\/#organization\",\"name\":\"UVB Brasil\",\"url\":\"https:\\\/\\\/uvbbrasil.com.br\\\/\",\"logo\":{\"@type\":\"ImageObject\",\"inLanguage\":\"pt-BR\",\"@id\":\"https:\\\/\\\/uvbbrasil.com.br\\\/#\\\/schema\\\/logo\\\/image\\\/\",\"url\":\"https:\\\/\\\/uvbbrasil.com.br\\\/wp-content\\\/uploads\\\/2025\\\/01\\\/LOGO-UVB-2024-azul-1.jpg\",\"contentUrl\":\"https:\\\/\\\/uvbbrasil.com.br\\\/wp-content\\\/uploads\\\/2025\\\/01\\\/LOGO-UVB-2024-azul-1.jpg\",\"width\":600,\"height\":211,\"caption\":\"UVB Brasil\"},\"image\":{\"@id\":\"https:\\\/\\\/uvbbrasil.com.br\\\/#\\\/schema\\\/logo\\\/image\\\/\"},\"sameAs\":[\"https:\\\/\\\/www.facebook.com\\\/uvb.vereadoresbrasil\",\"https:\\\/\\\/www.instagram.com\\\/uvbbrasil\\\/\",\"https:\\\/\\\/www.youtube.com\\\/channel\\\/UCIlPQ8Xzw5GHNzosQIg9S5A\"]},{\"@type\":\"Person\",\"@id\":\"https:\\\/\\\/uvbbrasil.com.br\\\/#\\\/schema\\\/person\\\/17990098446c098f52effddff4f1b272\",\"name\":\"adminuvb\",\"image\":{\"@type\":\"ImageObject\",\"inLanguage\":\"pt-BR\",\"@id\":\"https:\\\/\\\/secure.gravatar.com\\\/avatar\\\/1a494ea6f8e2dd1ae526e55b0e9497efdba542491e0620d704cccf63c6f77c45?s=96&d=mm&r=g\",\"url\":\"https:\\\/\\\/secure.gravatar.com\\\/avatar\\\/1a494ea6f8e2dd1ae526e55b0e9497efdba542491e0620d704cccf63c6f77c45?s=96&d=mm&r=g\",\"contentUrl\":\"https:\\\/\\\/secure.gravatar.com\\\/avatar\\\/1a494ea6f8e2dd1ae526e55b0e9497efdba542491e0620d704cccf63c6f77c45?s=96&d=mm&r=g\",\"caption\":\"adminuvb\"},\"sameAs\":[\"https:\\\/\\\/uvbbrasil.com.br\"],\"url\":\"https:\\\/\\\/uvbbrasil.com.br\\\/author\\\/adminuvb\\\/\"}]}<\/script>\n<!-- \/ Yoast SEO plugin. -->","yoast_head_json":{"title":"Avat re\u00fane ex-presidentes e apresenta programa\u00e7\u00e3o alusiva aos 35 anos - UVB Brasil","robots":{"index":"index","follow":"follow","max-snippet":"max-snippet:-1","max-image-preview":"max-image-preview:large","max-video-preview":"max-video-preview:-1"},"canonical":"https:\/\/uvbbrasil.com.br\/avat-reune-ex-presidentes-e-apresenta-programacao-alusiva-aos-35-anos\/","og_locale":"pt_BR","og_type":"article","og_title":"Avat re\u00fane ex-presidentes e apresenta programa\u00e7\u00e3o alusiva aos 35 anos - UVB Brasil","og_description":"A Associa\u00e7\u00e3o de Vereadores do Vale do Taquari (Avat) promoveu na tarde do dia 04, o 1\u00b0 Encontro de Ex-presidentes....","og_url":"https:\/\/uvbbrasil.com.br\/avat-reune-ex-presidentes-e-apresenta-programacao-alusiva-aos-35-anos\/","og_site_name":"UVB Brasil","article_publisher":"https:\/\/www.facebook.com\/uvb.vereadoresbrasil","article_published_time":"2022-08-06T14:53:08+00:00","og_image":[{"width":1280,"height":911,"url":"https:\/\/uvbbrasil.com.br\/wp-content\/uploads\/2022\/08\/AVAT-EX-PRESIDENTES.jpeg","type":"image\/jpeg"}],"author":"adminuvb","twitter_card":"summary_large_image","twitter_misc":{"Escrito por":"adminuvb","Est. tempo de leitura":"2 minutos"},"schema":{"@context":"https:\/\/schema.org","@graph":[{"@type":"Article","@id":"https:\/\/uvbbrasil.com.br\/avat-reune-ex-presidentes-e-apresenta-programacao-alusiva-aos-35-anos\/#article","isPartOf":{"@id":"https:\/\/uvbbrasil.com.br\/avat-reune-ex-presidentes-e-apresenta-programacao-alusiva-aos-35-anos\/"},"author":{"name":"adminuvb","@id":"https:\/\/uvbbrasil.com.br\/#\/schema\/person\/17990098446c098f52effddff4f1b272"},"headline":"Avat re\u00fane ex-presidentes e apresenta programa\u00e7\u00e3o alusiva aos 35 anos","datePublished":"2022-08-06T14:53:08+00:00","mainEntityOfPage":{"@id":"https:\/\/uvbbrasil.com.br\/avat-reune-ex-presidentes-e-apresenta-programacao-alusiva-aos-35-anos\/"},"wordCount":287,"commentCount":0,"publisher":{"@id":"https:\/\/uvbbrasil.com.br\/#organization"},"image":{"@id":"https:\/\/uvbbrasil.com.br\/avat-reune-ex-presidentes-e-apresenta-programacao-alusiva-aos-35-anos\/#primaryimage"},"thumbnailUrl":"https:\/\/uvbbrasil.com.br\/wp-content\/uploads\/2022\/08\/AVAT-EX-PRESIDENTES.jpeg","articleSection":["NOT\u00cdCIAS"],"inLanguage":"pt-BR","potentialAction":[{"@type":"CommentAction","name":"Comment","target":["https:\/\/uvbbrasil.com.br\/avat-reune-ex-presidentes-e-apresenta-programacao-alusiva-aos-35-anos\/#respond"]}]},{"@type":"WebPage","@id":"https:\/\/uvbbrasil.com.br\/avat-reune-ex-presidentes-e-apresenta-programacao-alusiva-aos-35-anos\/","url":"https:\/\/uvbbrasil.com.br\/avat-reune-ex-presidentes-e-apresenta-programacao-alusiva-aos-35-anos\/","name":"Avat re\u00fane ex-presidentes e apresenta programa\u00e7\u00e3o alusiva aos 35 anos - UVB Brasil","isPartOf":{"@id":"https:\/\/uvbbrasil.com.br\/#website"},"primaryImageOfPage":{"@id":"https:\/\/uvbbrasil.com.br\/avat-reune-ex-presidentes-e-apresenta-programacao-alusiva-aos-35-anos\/#primaryimage"},"image":{"@id":"https:\/\/uvbbrasil.com.br\/avat-reune-ex-presidentes-e-apresenta-programacao-alusiva-aos-35-anos\/#primaryimage"},"thumbnailUrl":"https:\/\/uvbbrasil.com.br\/wp-content\/uploads\/2022\/08\/AVAT-EX-PRESIDENTES.jpeg","datePublished":"2022-08-06T14:53:08+00:00","breadcrumb":{"@id":"https:\/\/uvbbrasil.com.br\/avat-reune-ex-presidentes-e-apresenta-programacao-alusiva-aos-35-anos\/#breadcrumb"},"inLanguage":"pt-BR","potentialAction":[{"@type":"ReadAction","target":["https:\/\/uvbbrasil.com.br\/avat-reune-ex-presidentes-e-apresenta-programacao-alusiva-aos-35-anos\/"]}]},{"@type":"ImageObject","inLanguage":"pt-BR","@id":"https:\/\/uvbbrasil.com.br\/avat-reune-ex-presidentes-e-apresenta-programacao-alusiva-aos-35-anos\/#primaryimage","url":"https:\/\/uvbbrasil.com.br\/wp-content\/uploads\/2022\/08\/AVAT-EX-PRESIDENTES.jpeg","contentUrl":"https:\/\/uvbbrasil.com.br\/wp-content\/uploads\/2022\/08\/AVAT-EX-PRESIDENTES.jpeg","width":1280,"height":911},{"@type":"BreadcrumbList","@id":"https:\/\/uvbbrasil.com.br\/avat-reune-ex-presidentes-e-apresenta-programacao-alusiva-aos-35-anos\/#breadcrumb","itemListElement":[{"@type":"ListItem","position":1,"name":"In\u00edcio","item":"https:\/\/uvbbrasil.com.br\/"},{"@type":"ListItem","position":2,"name":"Avat re\u00fane ex-presidentes e apresenta programa\u00e7\u00e3o alusiva aos 35 anos"}]},{"@type":"WebSite","@id":"https:\/\/uvbbrasil.com.br\/#website","url":"https:\/\/uvbbrasil.com.br\/","name":"UVB Brasil","description":"Uni\u00e3o dos Vereadores do Brasil","publisher":{"@id":"https:\/\/uvbbrasil.com.br\/#organization"},"potentialAction":[{"@type":"SearchAction","target":{"@type":"EntryPoint","urlTemplate":"https:\/\/uvbbrasil.com.br\/?s={search_term_string}"},"query-input":{"@type":"PropertyValueSpecification","valueRequired":true,"valueName":"search_term_string"}}],"inLanguage":"pt-BR"},{"@type":"Organization","@id":"https:\/\/uvbbrasil.com.br\/#organization","name":"UVB Brasil","url":"https:\/\/uvbbrasil.com.br\/","logo":{"@type":"ImageObject","inLanguage":"pt-BR","@id":"https:\/\/uvbbrasil.com.br\/#\/schema\/logo\/image\/","url":"https:\/\/uvbbrasil.com.br\/wp-content\/uploads\/2025\/01\/LOGO-UVB-2024-azul-1.jpg","contentUrl":"https:\/\/uvbbrasil.com.br\/wp-content\/uploads\/2025\/01\/LOGO-UVB-2024-azul-1.jpg","width":600,"height":211,"caption":"UVB Brasil"},"image":{"@id":"https:\/\/uvbbrasil.com.br\/#\/schema\/logo\/image\/"},"sameAs":["https:\/\/www.facebook.com\/uvb.vereadoresbrasil","https:\/\/www.instagram.com\/uvbbrasil\/","https:\/\/www.youtube.com\/channel\/UCIlPQ8Xzw5GHNzosQIg9S5A"]},{"@type":"Person","@id":"https:\/\/uvbbrasil.com.br\/#\/schema\/person\/17990098446c098f52effddff4f1b272","name":"adminuvb","image":{"@type":"ImageObject","inLanguage":"pt-BR","@id":"https:\/\/secure.gravatar.com\/avatar\/1a494ea6f8e2dd1ae526e55b0e9497efdba542491e0620d704cccf63c6f77c45?s=96&d=mm&r=g","url":"https:\/\/secure.gravatar.com\/avatar\/1a494ea6f8e2dd1ae526e55b0e9497efdba542491e0620d704cccf63c6f77c45?s=96&d=mm&r=g","contentUrl":"https:\/\/secure.gravatar.com\/avatar\/1a494ea6f8e2dd1ae526e55b0e9497efdba542491e0620d704cccf63c6f77c45?s=96&d=mm&r=g","caption":"adminuvb"},"sameAs":["https:\/\/uvbbrasil.com.br"],"url":"https:\/\/uvbbrasil.com.br\/author\/adminuvb\/"}]}},"_links":{"self":[{"href":"https:\/\/uvbbrasil.com.br\/uvb-json\/wp\/v2\/posts\/26800","targetHints":{"allow":["GET"]}}],"collection":[{"href":"https:\/\/uvbbrasil.com.br\/uvb-json\/wp\/v2\/posts"}],"about":[{"href":"https:\/\/uvbbrasil.com.br\/uvb-json\/wp\/v2\/types\/post"}],"author":[{"embeddable":true,"href":"https:\/\/uvbbrasil.com.br\/uvb-json\/wp\/v2\/users\/1"}],"replies":[{"embeddable":true,"href":"https:\/\/uvbbrasil.com.br\/uvb-json\/wp\/v2\/comments?post=26800"}],"version-history":[{"count":0,"href":"https:\/\/uvbbrasil.com.br\/uvb-json\/wp\/v2\/posts\/26800\/revisions"}],"wp:featuredmedia":[{"embeddable":true,"href":"https:\/\/uvbbrasil.com.br\/uvb-json\/wp\/v2\/media\/26801"}],"wp:attachment":[{"href":"https:\/\/uvbbrasil.com.br\/uvb-json\/wp\/v2\/media?parent=26800"}],"wp:term":[{"taxonomy":"category","embeddable":true,"href":"https:\/\/uvbbrasil.com.br\/uvb-json\/wp\/v2\/categories?post=26800"},{"taxonomy":"post_tag","embeddable":true,"href":"https:\/\/uvbbrasil.com.br\/uvb-json\/wp\/v2\/tags?post=26800"}],"curies":[{"name":"wp","href":"https:\/\/api.w.org\/{rel}","templated":true}]}}