{"id":2680,"date":"2015-12-28T13:58:56","date_gmt":"2015-12-28T15:58:56","guid":{"rendered":"https:\/\/wpsandbox4.pante.com.br\/?p=2680"},"modified":"2015-12-28T13:58:56","modified_gmt":"2015-12-28T15:58:56","slug":"pesquisas-eleitorais-terao-registro-obrigatorio-a-partir-do-dia-1o-de-janeiro","status":"publish","type":"post","link":"https:\/\/uvbbrasil.com.br\/pesquisas-eleitorais-terao-registro-obrigatorio-a-partir-do-dia-1o-de-janeiro\/","title":{"rendered":"Pesquisas eleitorais ter\u00e3o registro obrigat\u00f3rio a partir do dia 1\u00ba de janeiro"},"content":{"rendered":"<div id=\"textoMateria\">\n<p>A partir de 1\u00ba de janeiro as empresas que fizerem pesquisas de opini\u00e3o p\u00fablica sobre as elei\u00e7\u00f5es municipais, destinadas a conhecimento p\u00fablico, ser\u00e3o obrigadas a registr\u00e1-las na Justi\u00e7a Eleitoral. Segundo a resolu\u00e7\u00e3o do Tribunal Superior Eleitoral que disciplina o assunto (<a href=\"http:\/\/www.justicaeleitoral.jus.br\/arquivos\/instrucao-de-pesquisas-eleitorais-eleicoes-2016\">\u00edntegra aqui<\/a>), o registro deve ocorrer com anteced\u00eancia m\u00ednima de cinco dias.<\/p>\n<p>A divulga\u00e7\u00e3o de pesquisa sem o pr\u00e9vio registro e a eventual divulga\u00e7\u00e3o de pesquisa fraudulenta constituem crimes, pun\u00edveis com deten\u00e7\u00e3o de seis meses a um ano e multa de R$ 53.205,00 a R$ 106.410,00.<\/p>\n<p>Os procedimentos a serem respeitados na produ\u00e7\u00e3o e divulga\u00e7\u00e3o de pesquisas est\u00e3o entre as regras para as elei\u00e7\u00f5es de 2016 que o (TSE) aprovou no \u00faltimo dia 15 de dezembro. No dia 2 de outubro, em primeiro turno, e em 30 de outubro, no segundo turno, todos os munic\u00edpios brasileiros escolher\u00e3o prefeitos, vice-prefeitos e vereadores.<\/p>\n<p>De acordo com a regulamenta\u00e7\u00e3o do TSE, os ve\u00edculos de comunica\u00e7\u00e3o ficam sujeitos a puni\u00e7\u00e3o se publicarem pesquisa n\u00e3o registrada, mesmo que apenas reproduzindo mat\u00e9ria veiculada em outro \u00f3rg\u00e3o de imprensa. Na divulga\u00e7\u00e3o dos resultados de pesquisas, atuais ou n\u00e3o, ser\u00e3o obrigatoriamente informados o per\u00edodo de realiza\u00e7\u00e3o da coleta de dados, a margem de erro, o n\u00edvel de confian\u00e7a, o n\u00famero de entrevistas, o nome da entidade ou empresa que a realizou e o \u00a0n\u00famero de registro da pesquisa. Tais regras se aplicam, inclusive, ao que for divulgado no hor\u00e1rio eleitoral no r\u00e1dio e na televis\u00e3o.<\/p>\n<p>O registro abranger\u00e1, entre outras informa\u00e7\u00f5es, o nome de quem pagou pela pesquisa, o seu custo, o question\u00e1rio aplicado e toda a metodologia seguida (<strong>veja a lista completa no quadro abaixo <\/strong>). Esses dados ser\u00e3o informados pela internet, onde ficar\u00e3o dispon\u00edveis para toda a sociedade.<\/p>\n<p>A resolu\u00e7\u00e3o tamb\u00e9m estabelece que ser\u00e1 permitida, a qualquer momento, a divulga\u00e7\u00e3o de pesquisas realizadas em data anterior \u00e0 das elei\u00e7\u00f5es. Os resultados delas poder\u00e3o ser divulgados inclusive no dia da vota\u00e7\u00e3o. No entanto, s\u00f3 poder\u00e1 ser divulgado ap\u00f3s o encerramento da vota\u00e7\u00e3o o levantamento de inten\u00e7\u00e3o de voto feito no dia do pleito.<\/p>\n<p>Conforme a normatiza\u00e7\u00e3o do TSE, o juiz eleitoral, o Minist\u00e9rio P\u00fablico Eleitoral, os candidatos, os partidos pol\u00edticos e as coliga\u00e7\u00f5es poder\u00e3o ter acesso a todas as informa\u00e7\u00f5es internas relativas \u00e0s pesquisas, incluindo a checagem dos dados coletados (preservada a identidade dos entrevistados) e a identifica\u00e7\u00e3o dos entrevistadores.<\/p>\n<p>Tanto o Minist\u00e9rio P\u00fablico Eleitoral quanto os candidatos, partidos e coliga\u00e7\u00f5es podem contestar o registro ou a divulga\u00e7\u00e3o das pesquisas, no ju\u00edzo eleitoral competente.<\/p>\n<p>O juiz eleitoral poder\u00e1 determinar a suspens\u00e3o da divulga\u00e7\u00e3o dos resultados da pesquisa contestada ou a inclus\u00e3o de esclarecimento na divulga\u00e7\u00e3o de seus resultados.<\/p>\n<p>Durante a campanha eleitoral, \u00e9 proibida a divulga\u00e7\u00e3o de enquetes ou de quaisquer outros levantamentos de opini\u00e3o relativos \u00e0s elei\u00e7\u00f5es que n\u00e3o estejam de acordo com as determina\u00e7\u00f5es expressas baixas pelo TSE.<\/p>\n<table class=\"tablemateria\">\n<tbody>\n<tr>\n<th><img decoding=\"async\" class=\"image-inline\" src=\"http:\/\/www12.senado.leg.br\/noticias\/materias\/resolveuid\/6c90fa38-6b4a-4ef6-90c7-7d548c39f387\" alt=\"\" \/><\/th>\n<th>\n<h3>Informa\u00e7\u00f5es exigidas para registrar pesquisa sobre as elei\u00e7\u00f5es de 2016<\/h3>\n<\/th>\n<\/tr>\n<tr>\n<td colspan=\"2\">\n<ul>\n<li>Contratante da pesquisa e seu n\u00famero de inscri\u00e7\u00e3o no CPF ou no CNPJ;<\/li>\n<li>Valor e origem dos recursos gastos no trabalho;<\/li>\n<li>Metodologia e per\u00edodo de realiza\u00e7\u00e3o da pesquisa;<\/li>\n<li>Plano amostral e pondera\u00e7\u00e3o quanto a sexo, idade, grau de instru\u00e7\u00e3o, n\u00edvel econ\u00f4mico do entrevistado e \u00e1rea f\u00edsica de realiza\u00e7\u00e3o do trabalho a ser executado;<\/li>\n<li>N\u00edvel de confian\u00e7a e margem de erro, com a indica\u00e7\u00e3o da fonte p\u00fablica dos dados utilizados;<\/li>\n<li>Sistema interno de controle e verifica\u00e7\u00e3o, confer\u00eancia e fiscaliza\u00e7\u00e3o da coleta de dados e do trabalho de campo;<\/li>\n<li>Question\u00e1rio completo aplicado ou a ser aplicado;<\/li>\n<li>Quem pagou pela realiza\u00e7\u00e3o da pesquisa e seu n\u00famero de inscri\u00e7\u00e3o no CPF ou no CNPJ;<\/li>\n<li>C\u00f3pia da respectiva nota fiscal;<\/li>\n<li>Nome do estat\u00edstico respons\u00e1vel pela pesquisa e o n\u00famero de seu registro no Conselho Regional de Estat\u00edstica.<\/li>\n<\/ul>\n<p><i>Fonte: <a href=\"http:\/\/www.justicaeleitoral.jus.br\/arquivos\/instrucao-de-pesquisas-eleitorais-eleicoes-2016\" target=\"_blank\">Resolu\u00e7\u00e3o do TSE<\/a><\/i><\/td>\n<\/tr>\n<\/tbody>\n<\/table>\n<p class=\"text-muted\"><small>Ag\u00eancia Senado (Reprodu\u00e7\u00e3o autorizada mediante cita\u00e7\u00e3o da Ag\u00eancia Senado)<\/small><\/p>\n<\/div>\n<div class=\"topicos\"><\/div>\n","protected":false},"excerpt":{"rendered":"<p>A partir de 1\u00ba de janeiro as empresas que fizerem pesquisas de opini\u00e3o p\u00fablica sobre as elei\u00e7\u00f5es municipais, destinadas a&#8230;<\/p>\n","protected":false},"author":1,"featured_media":2681,"comment_status":"open","ping_status":"open","sticky":false,"template":"","format":"standard","meta":{"footnotes":""},"categories":[3],"tags":[],"class_list":["post-2680","post","type-post","status-publish","format-standard","has-post-thumbnail","hentry","category-noticias"],"yoast_head":"<!-- This site is optimized with the Yoast SEO plugin v26.7 - https:\/\/yoast.com\/wordpress\/plugins\/seo\/ -->\n<title>Pesquisas eleitorais ter\u00e3o registro obrigat\u00f3rio a partir do dia 1\u00ba de janeiro - UVB Brasil<\/title>\n<meta name=\"robots\" content=\"index, follow, max-snippet:-1, max-image-preview:large, max-video-preview:-1\" \/>\n<link rel=\"canonical\" href=\"https:\/\/uvbbrasil.com.br\/pesquisas-eleitorais-terao-registro-obrigatorio-a-partir-do-dia-1o-de-janeiro\/\" \/>\n<meta property=\"og:locale\" content=\"pt_BR\" \/>\n<meta property=\"og:type\" content=\"article\" \/>\n<meta property=\"og:title\" content=\"Pesquisas eleitorais ter\u00e3o registro obrigat\u00f3rio a partir do dia 1\u00ba de janeiro - UVB Brasil\" \/>\n<meta property=\"og:description\" content=\"A partir de 1\u00ba de janeiro as empresas que fizerem pesquisas de opini\u00e3o p\u00fablica sobre as elei\u00e7\u00f5es municipais, destinadas a...\" \/>\n<meta property=\"og:url\" content=\"https:\/\/uvbbrasil.com.br\/pesquisas-eleitorais-terao-registro-obrigatorio-a-partir-do-dia-1o-de-janeiro\/\" \/>\n<meta property=\"og:site_name\" content=\"UVB Brasil\" \/>\n<meta property=\"article:publisher\" content=\"https:\/\/www.facebook.com\/uvb.vereadoresbrasil\" \/>\n<meta property=\"article:published_time\" content=\"2015-12-28T15:58:56+00:00\" \/>\n<meta property=\"og:image\" content=\"https:\/\/uvbbrasil.com.br\/wp-content\/uploads\/2015\/12\/urna-tse.jpg\" \/>\n\t<meta property=\"og:image:width\" content=\"860\" \/>\n\t<meta property=\"og:image:height\" content=\"570\" \/>\n\t<meta property=\"og:image:type\" content=\"image\/jpeg\" \/>\n<meta name=\"author\" content=\"adminuvb\" \/>\n<meta name=\"twitter:card\" content=\"summary_large_image\" \/>\n<meta name=\"twitter:label1\" content=\"Escrito por\" \/>\n\t<meta name=\"twitter:data1\" content=\"adminuvb\" \/>\n\t<meta name=\"twitter:label2\" content=\"Est. tempo de leitura\" \/>\n\t<meta name=\"twitter:data2\" content=\"4 minutos\" \/>\n<script type=\"application\/ld+json\" class=\"yoast-schema-graph\">{\"@context\":\"https:\/\/schema.org\",\"@graph\":[{\"@type\":\"Article\",\"@id\":\"https:\/\/uvbbrasil.com.br\/pesquisas-eleitorais-terao-registro-obrigatorio-a-partir-do-dia-1o-de-janeiro\/#article\",\"isPartOf\":{\"@id\":\"https:\/\/uvbbrasil.com.br\/pesquisas-eleitorais-terao-registro-obrigatorio-a-partir-do-dia-1o-de-janeiro\/\"},\"author\":{\"name\":\"adminuvb\",\"@id\":\"https:\/\/uvbbrasil.com.br\/#\/schema\/person\/17990098446c098f52effddff4f1b272\"},\"headline\":\"Pesquisas eleitorais ter\u00e3o registro obrigat\u00f3rio a partir do dia 1\u00ba de janeiro\",\"datePublished\":\"2015-12-28T15:58:56+00:00\",\"mainEntityOfPage\":{\"@id\":\"https:\/\/uvbbrasil.com.br\/pesquisas-eleitorais-terao-registro-obrigatorio-a-partir-do-dia-1o-de-janeiro\/\"},\"wordCount\":729,\"commentCount\":0,\"publisher\":{\"@id\":\"https:\/\/uvbbrasil.com.br\/#organization\"},\"image\":{\"@id\":\"https:\/\/uvbbrasil.com.br\/pesquisas-eleitorais-terao-registro-obrigatorio-a-partir-do-dia-1o-de-janeiro\/#primaryimage\"},\"thumbnailUrl\":\"https:\/\/uvbbrasil.com.br\/wp-content\/uploads\/2015\/12\/urna-tse.jpg\",\"articleSection\":[\"NOT\u00cdCIAS\"],\"inLanguage\":\"pt-BR\",\"potentialAction\":[{\"@type\":\"CommentAction\",\"name\":\"Comment\",\"target\":[\"https:\/\/uvbbrasil.com.br\/pesquisas-eleitorais-terao-registro-obrigatorio-a-partir-do-dia-1o-de-janeiro\/#respond\"]}]},{\"@type\":\"WebPage\",\"@id\":\"https:\/\/uvbbrasil.com.br\/pesquisas-eleitorais-terao-registro-obrigatorio-a-partir-do-dia-1o-de-janeiro\/\",\"url\":\"https:\/\/uvbbrasil.com.br\/pesquisas-eleitorais-terao-registro-obrigatorio-a-partir-do-dia-1o-de-janeiro\/\",\"name\":\"Pesquisas eleitorais ter\u00e3o registro obrigat\u00f3rio a partir do dia 1\u00ba de janeiro - UVB Brasil\",\"isPartOf\":{\"@id\":\"https:\/\/uvbbrasil.com.br\/#website\"},\"primaryImageOfPage\":{\"@id\":\"https:\/\/uvbbrasil.com.br\/pesquisas-eleitorais-terao-registro-obrigatorio-a-partir-do-dia-1o-de-janeiro\/#primaryimage\"},\"image\":{\"@id\":\"https:\/\/uvbbrasil.com.br\/pesquisas-eleitorais-terao-registro-obrigatorio-a-partir-do-dia-1o-de-janeiro\/#primaryimage\"},\"thumbnailUrl\":\"https:\/\/uvbbrasil.com.br\/wp-content\/uploads\/2015\/12\/urna-tse.jpg\",\"datePublished\":\"2015-12-28T15:58:56+00:00\",\"breadcrumb\":{\"@id\":\"https:\/\/uvbbrasil.com.br\/pesquisas-eleitorais-terao-registro-obrigatorio-a-partir-do-dia-1o-de-janeiro\/#breadcrumb\"},\"inLanguage\":\"pt-BR\",\"potentialAction\":[{\"@type\":\"ReadAction\",\"target\":[\"https:\/\/uvbbrasil.com.br\/pesquisas-eleitorais-terao-registro-obrigatorio-a-partir-do-dia-1o-de-janeiro\/\"]}]},{\"@type\":\"ImageObject\",\"inLanguage\":\"pt-BR\",\"@id\":\"https:\/\/uvbbrasil.com.br\/pesquisas-eleitorais-terao-registro-obrigatorio-a-partir-do-dia-1o-de-janeiro\/#primaryimage\",\"url\":\"https:\/\/uvbbrasil.com.br\/wp-content\/uploads\/2015\/12\/urna-tse.jpg\",\"contentUrl\":\"https:\/\/uvbbrasil.com.br\/wp-content\/uploads\/2015\/12\/urna-tse.jpg\",\"width\":860,\"height\":570},{\"@type\":\"BreadcrumbList\",\"@id\":\"https:\/\/uvbbrasil.com.br\/pesquisas-eleitorais-terao-registro-obrigatorio-a-partir-do-dia-1o-de-janeiro\/#breadcrumb\",\"itemListElement\":[{\"@type\":\"ListItem\",\"position\":1,\"name\":\"In\u00edcio\",\"item\":\"https:\/\/uvbbrasil.com.br\/\"},{\"@type\":\"ListItem\",\"position\":2,\"name\":\"Pesquisas eleitorais ter\u00e3o registro obrigat\u00f3rio a partir do dia 1\u00ba de janeiro\"}]},{\"@type\":\"WebSite\",\"@id\":\"https:\/\/uvbbrasil.com.br\/#website\",\"url\":\"https:\/\/uvbbrasil.com.br\/\",\"name\":\"UVB Brasil\",\"description\":\"Uni\u00e3o dos Vereadores do Brasil\",\"publisher\":{\"@id\":\"https:\/\/uvbbrasil.com.br\/#organization\"},\"potentialAction\":[{\"@type\":\"SearchAction\",\"target\":{\"@type\":\"EntryPoint\",\"urlTemplate\":\"https:\/\/uvbbrasil.com.br\/?s={search_term_string}\"},\"query-input\":{\"@type\":\"PropertyValueSpecification\",\"valueRequired\":true,\"valueName\":\"search_term_string\"}}],\"inLanguage\":\"pt-BR\"},{\"@type\":\"Organization\",\"@id\":\"https:\/\/uvbbrasil.com.br\/#organization\",\"name\":\"UVB Brasil\",\"url\":\"https:\/\/uvbbrasil.com.br\/\",\"logo\":{\"@type\":\"ImageObject\",\"inLanguage\":\"pt-BR\",\"@id\":\"https:\/\/uvbbrasil.com.br\/#\/schema\/logo\/image\/\",\"url\":\"https:\/\/uvbbrasil.com.br\/wp-content\/uploads\/2025\/01\/LOGO-UVB-2024-azul-1.jpg\",\"contentUrl\":\"https:\/\/uvbbrasil.com.br\/wp-content\/uploads\/2025\/01\/LOGO-UVB-2024-azul-1.jpg\",\"width\":600,\"height\":211,\"caption\":\"UVB Brasil\"},\"image\":{\"@id\":\"https:\/\/uvbbrasil.com.br\/#\/schema\/logo\/image\/\"},\"sameAs\":[\"https:\/\/www.facebook.com\/uvb.vereadoresbrasil\",\"https:\/\/www.instagram.com\/uvbbrasil\/\",\"https:\/\/www.youtube.com\/channel\/UCIlPQ8Xzw5GHNzosQIg9S5A\"]},{\"@type\":\"Person\",\"@id\":\"https:\/\/uvbbrasil.com.br\/#\/schema\/person\/17990098446c098f52effddff4f1b272\",\"name\":\"adminuvb\",\"image\":{\"@type\":\"ImageObject\",\"inLanguage\":\"pt-BR\",\"@id\":\"https:\/\/uvbbrasil.com.br\/#\/schema\/person\/image\/\",\"url\":\"https:\/\/secure.gravatar.com\/avatar\/1a494ea6f8e2dd1ae526e55b0e9497efdba542491e0620d704cccf63c6f77c45?s=96&d=mm&r=g\",\"contentUrl\":\"https:\/\/secure.gravatar.com\/avatar\/1a494ea6f8e2dd1ae526e55b0e9497efdba542491e0620d704cccf63c6f77c45?s=96&d=mm&r=g\",\"caption\":\"adminuvb\"},\"sameAs\":[\"https:\/\/uvbbrasil.com.br\"],\"url\":\"https:\/\/uvbbrasil.com.br\/author\/adminuvb\/\"}]}<\/script>\n<!-- \/ Yoast SEO plugin. -->","yoast_head_json":{"title":"Pesquisas eleitorais ter\u00e3o registro obrigat\u00f3rio a partir do dia 1\u00ba de janeiro - UVB Brasil","robots":{"index":"index","follow":"follow","max-snippet":"max-snippet:-1","max-image-preview":"max-image-preview:large","max-video-preview":"max-video-preview:-1"},"canonical":"https:\/\/uvbbrasil.com.br\/pesquisas-eleitorais-terao-registro-obrigatorio-a-partir-do-dia-1o-de-janeiro\/","og_locale":"pt_BR","og_type":"article","og_title":"Pesquisas eleitorais ter\u00e3o registro obrigat\u00f3rio a partir do dia 1\u00ba de janeiro - UVB Brasil","og_description":"A partir de 1\u00ba de janeiro as empresas que fizerem pesquisas de opini\u00e3o p\u00fablica sobre as elei\u00e7\u00f5es municipais, destinadas a...","og_url":"https:\/\/uvbbrasil.com.br\/pesquisas-eleitorais-terao-registro-obrigatorio-a-partir-do-dia-1o-de-janeiro\/","og_site_name":"UVB Brasil","article_publisher":"https:\/\/www.facebook.com\/uvb.vereadoresbrasil","article_published_time":"2015-12-28T15:58:56+00:00","og_image":[{"width":860,"height":570,"url":"https:\/\/uvbbrasil.com.br\/wp-content\/uploads\/2015\/12\/urna-tse.jpg","type":"image\/jpeg"}],"author":"adminuvb","twitter_card":"summary_large_image","twitter_misc":{"Escrito por":"adminuvb","Est. tempo de leitura":"4 minutos"},"schema":{"@context":"https:\/\/schema.org","@graph":[{"@type":"Article","@id":"https:\/\/uvbbrasil.com.br\/pesquisas-eleitorais-terao-registro-obrigatorio-a-partir-do-dia-1o-de-janeiro\/#article","isPartOf":{"@id":"https:\/\/uvbbrasil.com.br\/pesquisas-eleitorais-terao-registro-obrigatorio-a-partir-do-dia-1o-de-janeiro\/"},"author":{"name":"adminuvb","@id":"https:\/\/uvbbrasil.com.br\/#\/schema\/person\/17990098446c098f52effddff4f1b272"},"headline":"Pesquisas eleitorais ter\u00e3o registro obrigat\u00f3rio a partir do dia 1\u00ba de janeiro","datePublished":"2015-12-28T15:58:56+00:00","mainEntityOfPage":{"@id":"https:\/\/uvbbrasil.com.br\/pesquisas-eleitorais-terao-registro-obrigatorio-a-partir-do-dia-1o-de-janeiro\/"},"wordCount":729,"commentCount":0,"publisher":{"@id":"https:\/\/uvbbrasil.com.br\/#organization"},"image":{"@id":"https:\/\/uvbbrasil.com.br\/pesquisas-eleitorais-terao-registro-obrigatorio-a-partir-do-dia-1o-de-janeiro\/#primaryimage"},"thumbnailUrl":"https:\/\/uvbbrasil.com.br\/wp-content\/uploads\/2015\/12\/urna-tse.jpg","articleSection":["NOT\u00cdCIAS"],"inLanguage":"pt-BR","potentialAction":[{"@type":"CommentAction","name":"Comment","target":["https:\/\/uvbbrasil.com.br\/pesquisas-eleitorais-terao-registro-obrigatorio-a-partir-do-dia-1o-de-janeiro\/#respond"]}]},{"@type":"WebPage","@id":"https:\/\/uvbbrasil.com.br\/pesquisas-eleitorais-terao-registro-obrigatorio-a-partir-do-dia-1o-de-janeiro\/","url":"https:\/\/uvbbrasil.com.br\/pesquisas-eleitorais-terao-registro-obrigatorio-a-partir-do-dia-1o-de-janeiro\/","name":"Pesquisas eleitorais ter\u00e3o registro obrigat\u00f3rio a partir do dia 1\u00ba de janeiro - UVB Brasil","isPartOf":{"@id":"https:\/\/uvbbrasil.com.br\/#website"},"primaryImageOfPage":{"@id":"https:\/\/uvbbrasil.com.br\/pesquisas-eleitorais-terao-registro-obrigatorio-a-partir-do-dia-1o-de-janeiro\/#primaryimage"},"image":{"@id":"https:\/\/uvbbrasil.com.br\/pesquisas-eleitorais-terao-registro-obrigatorio-a-partir-do-dia-1o-de-janeiro\/#primaryimage"},"thumbnailUrl":"https:\/\/uvbbrasil.com.br\/wp-content\/uploads\/2015\/12\/urna-tse.jpg","datePublished":"2015-12-28T15:58:56+00:00","breadcrumb":{"@id":"https:\/\/uvbbrasil.com.br\/pesquisas-eleitorais-terao-registro-obrigatorio-a-partir-do-dia-1o-de-janeiro\/#breadcrumb"},"inLanguage":"pt-BR","potentialAction":[{"@type":"ReadAction","target":["https:\/\/uvbbrasil.com.br\/pesquisas-eleitorais-terao-registro-obrigatorio-a-partir-do-dia-1o-de-janeiro\/"]}]},{"@type":"ImageObject","inLanguage":"pt-BR","@id":"https:\/\/uvbbrasil.com.br\/pesquisas-eleitorais-terao-registro-obrigatorio-a-partir-do-dia-1o-de-janeiro\/#primaryimage","url":"https:\/\/uvbbrasil.com.br\/wp-content\/uploads\/2015\/12\/urna-tse.jpg","contentUrl":"https:\/\/uvbbrasil.com.br\/wp-content\/uploads\/2015\/12\/urna-tse.jpg","width":860,"height":570},{"@type":"BreadcrumbList","@id":"https:\/\/uvbbrasil.com.br\/pesquisas-eleitorais-terao-registro-obrigatorio-a-partir-do-dia-1o-de-janeiro\/#breadcrumb","itemListElement":[{"@type":"ListItem","position":1,"name":"In\u00edcio","item":"https:\/\/uvbbrasil.com.br\/"},{"@type":"ListItem","position":2,"name":"Pesquisas eleitorais ter\u00e3o registro obrigat\u00f3rio a partir do dia 1\u00ba de janeiro"}]},{"@type":"WebSite","@id":"https:\/\/uvbbrasil.com.br\/#website","url":"https:\/\/uvbbrasil.com.br\/","name":"UVB Brasil","description":"Uni\u00e3o dos Vereadores do Brasil","publisher":{"@id":"https:\/\/uvbbrasil.com.br\/#organization"},"potentialAction":[{"@type":"SearchAction","target":{"@type":"EntryPoint","urlTemplate":"https:\/\/uvbbrasil.com.br\/?s={search_term_string}"},"query-input":{"@type":"PropertyValueSpecification","valueRequired":true,"valueName":"search_term_string"}}],"inLanguage":"pt-BR"},{"@type":"Organization","@id":"https:\/\/uvbbrasil.com.br\/#organization","name":"UVB Brasil","url":"https:\/\/uvbbrasil.com.br\/","logo":{"@type":"ImageObject","inLanguage":"pt-BR","@id":"https:\/\/uvbbrasil.com.br\/#\/schema\/logo\/image\/","url":"https:\/\/uvbbrasil.com.br\/wp-content\/uploads\/2025\/01\/LOGO-UVB-2024-azul-1.jpg","contentUrl":"https:\/\/uvbbrasil.com.br\/wp-content\/uploads\/2025\/01\/LOGO-UVB-2024-azul-1.jpg","width":600,"height":211,"caption":"UVB Brasil"},"image":{"@id":"https:\/\/uvbbrasil.com.br\/#\/schema\/logo\/image\/"},"sameAs":["https:\/\/www.facebook.com\/uvb.vereadoresbrasil","https:\/\/www.instagram.com\/uvbbrasil\/","https:\/\/www.youtube.com\/channel\/UCIlPQ8Xzw5GHNzosQIg9S5A"]},{"@type":"Person","@id":"https:\/\/uvbbrasil.com.br\/#\/schema\/person\/17990098446c098f52effddff4f1b272","name":"adminuvb","image":{"@type":"ImageObject","inLanguage":"pt-BR","@id":"https:\/\/uvbbrasil.com.br\/#\/schema\/person\/image\/","url":"https:\/\/secure.gravatar.com\/avatar\/1a494ea6f8e2dd1ae526e55b0e9497efdba542491e0620d704cccf63c6f77c45?s=96&d=mm&r=g","contentUrl":"https:\/\/secure.gravatar.com\/avatar\/1a494ea6f8e2dd1ae526e55b0e9497efdba542491e0620d704cccf63c6f77c45?s=96&d=mm&r=g","caption":"adminuvb"},"sameAs":["https:\/\/uvbbrasil.com.br"],"url":"https:\/\/uvbbrasil.com.br\/author\/adminuvb\/"}]}},"_links":{"self":[{"href":"https:\/\/uvbbrasil.com.br\/uvb-json\/wp\/v2\/posts\/2680","targetHints":{"allow":["GET"]}}],"collection":[{"href":"https:\/\/uvbbrasil.com.br\/uvb-json\/wp\/v2\/posts"}],"about":[{"href":"https:\/\/uvbbrasil.com.br\/uvb-json\/wp\/v2\/types\/post"}],"author":[{"embeddable":true,"href":"https:\/\/uvbbrasil.com.br\/uvb-json\/wp\/v2\/users\/1"}],"replies":[{"embeddable":true,"href":"https:\/\/uvbbrasil.com.br\/uvb-json\/wp\/v2\/comments?post=2680"}],"version-history":[{"count":0,"href":"https:\/\/uvbbrasil.com.br\/uvb-json\/wp\/v2\/posts\/2680\/revisions"}],"wp:featuredmedia":[{"embeddable":true,"href":"https:\/\/uvbbrasil.com.br\/uvb-json\/wp\/v2\/media\/2681"}],"wp:attachment":[{"href":"https:\/\/uvbbrasil.com.br\/uvb-json\/wp\/v2\/media?parent=2680"}],"wp:term":[{"taxonomy":"category","embeddable":true,"href":"https:\/\/uvbbrasil.com.br\/uvb-json\/wp\/v2\/categories?post=2680"},{"taxonomy":"post_tag","embeddable":true,"href":"https:\/\/uvbbrasil.com.br\/uvb-json\/wp\/v2\/tags?post=2680"}],"curies":[{"name":"wp","href":"https:\/\/api.w.org\/{rel}","templated":true}]}}