{"id":26714,"date":"2022-07-29T15:49:04","date_gmt":"2022-07-29T18:49:04","guid":{"rendered":"https:\/\/wpsandbox4.pante.com.br\/?p=26714"},"modified":"2022-07-29T15:49:04","modified_gmt":"2022-07-29T18:49:04","slug":"em-evento-em-brasilia-fachin-discursa-em-defesa-da-democracia-e-da-normalidade-do-processo-eleitoral","status":"publish","type":"post","link":"https:\/\/uvbbrasil.com.br\/em-evento-em-brasilia-fachin-discursa-em-defesa-da-democracia-e-da-normalidade-do-processo-eleitoral\/","title":{"rendered":"Em evento em Bras\u00edlia, Fachin discursa em defesa da democracia e da normalidade do processo eleitoral"},"content":{"rendered":"<p class=\"noticia-subtitulo\">Durante reuni\u00e3o da Associa\u00e7\u00e3o dos Dirigentes das Institui\u00e7\u00f5es Federais de Ensino Superior, ele reiterou que enfrentar a desinforma\u00e7\u00e3o \u00e9 promover a paz, o respeito e a harmonia<\/p>\n<p>Com um discurso em defesa da normalidade do processo eleitoral como valor constitucional, o presidente do Tribunal Superior Eleitoral (TSE), ministro Edson Fachin, abriu a 188\u00aa reuni\u00e3o ordin\u00e1ria do Conselho Pleno da Associa\u00e7\u00e3o dos Dirigentes das Institui\u00e7\u00f5es Federais de Ensino Superior (Andifes), realizada na tarde desta quinta-feira (28), em Bras\u00edlia.<\/p>\n<p>&#8220;\u00c9 hora de recusar o abismo ideol\u00f3gico e as baixezas externas, elevar a racionalidade e abolir a temporada das fal\u00e1cias e do dogmatismo. \u00c9 tempo de restabelecer uma forma de comunica\u00e7\u00e3o pol\u00edtica que cumpra o seu papel utilit\u00e1rio, que \u00e9 leg\u00edtimo, mas que n\u00e3o enterre a sociedade em um conflito permanente, tampouco a democracia num processo de eros\u00e3o, alavancado, indevidamente, pela ind\u00fastria\u00a0<em>hi-tech<\/em>\u00a0das mentiras&#8221;, afirmou.<\/p>\n<p>No pronunciamento, Fachin tra\u00e7ou um breve panorama em torno das Elei\u00e7\u00f5es Gerais de outubro e pregou a uni\u00e3o em defesa dos fatos, do direito, da verdade e da institucionalidade. \u201cEsse \u00e9 nosso dever e nosso direito\u201d, disse, ressaltando que o Brasil vive um momento de humores agudos e tempos at\u00edpicos, em que o retorno \u00e0 normalidade emerge como um sonho de consumo.<\/p>\n<p>De acordo com o ministro, \u201ca normalidade eleitoral consiste em valor constitucional tradicionalmente esquecido, pelo simples fato de operar, desde a Carta de 1988, como uma premissa dada e inquestion\u00e1vel, por parte de competidores, partidos pol\u00edticos e da sociedade em geral\u201d. Conforme explicou Fachin, a normalidade eleitoral tem como pressupostos b\u00e1sicos o respeito \u00e0s regras do jogo e a aceita\u00e7\u00e3o do crivo popular, bem como a manuten\u00e7\u00e3o incondicionada de sua natureza pac\u00edfica e o exerc\u00edcio indiscriminado da toler\u00e2ncia.<\/p>\n<p>Todavia, ponderou, na \u00faltima d\u00e9cada, a explora\u00e7\u00e3o sistem\u00e1tica do desencanto e das frustra\u00e7\u00f5es em v\u00e1rias partes do mundo abalou as expectativas constitucionais com\u00a0 campanhas emocionais, pautadas numa ret\u00f3rica incendi\u00e1ria, explorando a credulidade e capitalizando em cima do \u00f3dio e do medo.<\/p>\n<p>&#8220;Essa forma de comunica\u00e7\u00e3o pol\u00edtica, obviamente, produz efeitos sociais demasiadamente nocivos, sobretudo quando associada com a desinforma\u00e7\u00e3o. Nesse panorama, narrativas inventadas semeiam a conflituosidade social, colocando institui\u00e7\u00f5es e pessoas em rota de colis\u00e3o, e atraindo a perspectiva de viol\u00eancia em diversos n\u00edveis&#8221;, lamentou.<\/p>\n<p><strong>Desinforma\u00e7\u00e3o<\/strong><\/p>\n<p>Fachin enfatizou que os ataques da desinforma\u00e7\u00e3o acirram a animosidade e a intoler\u00e2ncia, difundindo mensagens distorcidas que produzem comportamentos repulsivos e radicais, desenhando um espa\u00e7o p\u00fablico contaminado e propenso ao fanatismo e ao rompimento de la\u00e7os sociais.<\/p>\n<p>Ele reiterou que enfrentar a desinforma\u00e7\u00e3o \u00e9 promover a paz, o respeito e a harmonia. \u00c9 lutar por um pa\u00eds mais justo e plural, mais apto a acomodar as diverg\u00eancias leg\u00edtimas num espa\u00e7o de di\u00e1logo cont\u00ednuo, composto por habitantes que se reconhecem, reciprocamente, n\u00e3o como inimigos, mas como concidad\u00e3os.<\/p>\n<p>Para o presidente do TSE, transformar advers\u00e1rios em inimigos enfraquece o debate, e a incita\u00e7\u00e3o do \u00f3dio \u00e0s institui\u00e7\u00f5es coloca em xeque a preserva\u00e7\u00e3o do patamar civilizat\u00f3rio e das conquistas sociais. \u201cPor tudo isso, independentemente das vis\u00f5es ideol\u00f3gicas, naturalmente dissonantes, \u00e9 essencial, num momento como este, preservar os consensos fundamentais e blindar as institui\u00e7\u00f5es\u201d, destacou Fachin.<\/p>\n<p>O ministro tamb\u00e9m enfatizou a import\u00e2ncia do compromisso c\u00edvico de preservar o patrim\u00f4nio democr\u00e1tico, o Estado de Direito, as institui\u00e7\u00f5es p\u00fablicas e os fundamentos da democracia liberal. \u201cApenas as institui\u00e7\u00f5es democr\u00e1ticas t\u00eam condi\u00e7\u00f5es de sustentar a paz e os direitos, independentemente dos arroubos e inclina\u00e7\u00f5es de governantes passageiros. A democracia \u00e9, por excel\u00eancia, uma forma de organiza\u00e7\u00e3o em que o poder pol\u00edtico n\u00e3o tem propriet\u00e1rios, mas somente inquilinos\u201d, salientou.<\/p>\n<p>Falando em nome da Andifes, o presidente da institui\u00e7\u00e3o, Marcus Vinicius David, enalteceu as palavras \u201cs\u00e1bias, seguras e confiantes\u201d proferidas pelo presidente da Corte Eleitoral. Ele reconheceu a gravidade do momento enfrentado no Brasil e ressaltou que todas as for\u00e7as da sociedade civil devem se mobilizar em defesa da democracia.<\/p>\n<p><strong>Agradecimentos<\/strong><\/p>\n<p>Fachin agradeceu publicamente \u00e0 Andifes e ao Conselho Nacional das Institui\u00e7\u00f5es da Rede Federal de Educa\u00e7\u00e3o Profissional, Cient\u00edfica e Tecnol\u00f3gica (Conif) pela ades\u00e3o ao Programa Permanente de Enfrentamento \u00e0 Desinforma\u00e7\u00e3o do TSE e pelo lan\u00e7amento da campanha em respeito \u00e0 democracia e \u00e0 confian\u00e7a das entidades no processo eleitoral, na Justi\u00e7a Eleitoral e nas urnas eletr\u00f4nicas. \u201cA\u00e7\u00f5es que evidenciam o elevado grau de consci\u00eancia c\u00edvica e de compromisso democr\u00e1tico da institui\u00e7\u00e3o\u201d, afirmou.<\/p>\n<p>Criada em 1989, a Andifes \u00e9 a representante oficial das universidades federais na interlocu\u00e7\u00e3o com o governo federal, bem como com as associa\u00e7\u00f5es de professores, de t\u00e9cnico-administrativos e de estudantes, e com a sociedade em geral. Al\u00e9m de atuar na forma\u00e7\u00e3o de profissionais qualificados e na produ\u00e7\u00e3o de pesquisas e tecnologias em 69 universidades e institutos federais, a Associa\u00e7\u00e3o \u00e9 respons\u00e1vel por 45 hospitais universit\u00e1rios que formam a maior rede p\u00fablica brasileira de sa\u00fade.<\/p>\n<p>Tamb\u00e9m compuseram a mesa da plen\u00e1ria o 1\u00ba vice-presidente da Andifes, Ricardo Marcelo Fonseca, a 2\u00aa vice-presidente, M\u00e1rcia Abrah\u00e3o Moura, os suplentes Alfredo Macedo Gomes e Jos\u00e9 Geraldo Ticianeli e o secret\u00e1rio executivo, Gustavo Henrique de Sousa Balduino.<\/p>\n<p><img decoding=\"async\" class=\"alignnone size-medium wp-image-26715\" src=\"https:\/\/uvbbrasil.com.br\/wp-content\/uploads\/2022\/07\/29-07-300x145.jpeg\" alt=\"\" width=\"300\" height=\"145\" srcset=\"https:\/\/uvbbrasil.com.br\/wp-content\/uploads\/2022\/07\/29-07-300x145.jpeg 300w, https:\/\/uvbbrasil.com.br\/wp-content\/uploads\/2022\/07\/29-07.jpeg 620w\" sizes=\"(max-width: 300px) 100vw, 300px\" \/><\/p>\n<p>fonte: https:\/\/www.tse.jus.br\/comunicacao\/noticias\/<\/p>\n","protected":false},"excerpt":{"rendered":"<p>Durante reuni\u00e3o da Associa\u00e7\u00e3o dos Dirigentes das Institui\u00e7\u00f5es Federais de Ensino Superior, ele reiterou que enfrentar a desinforma\u00e7\u00e3o \u00e9 promover&#8230;<\/p>\n","protected":false},"author":1,"featured_media":26715,"comment_status":"open","ping_status":"open","sticky":false,"template":"","format":"standard","meta":{"footnotes":""},"categories":[3],"tags":[],"class_list":["post-26714","post","type-post","status-publish","format-standard","has-post-thumbnail","hentry","category-noticias"],"yoast_head":"<!-- This site is optimized with the Yoast SEO plugin v26.7 - https:\/\/yoast.com\/wordpress\/plugins\/seo\/ -->\n<title>Em evento em Bras\u00edlia, Fachin discursa em defesa da democracia e da normalidade do processo eleitoral - UVB Brasil<\/title>\n<meta name=\"robots\" content=\"index, follow, max-snippet:-1, max-image-preview:large, max-video-preview:-1\" \/>\n<link rel=\"canonical\" href=\"https:\/\/uvbbrasil.com.br\/em-evento-em-brasilia-fachin-discursa-em-defesa-da-democracia-e-da-normalidade-do-processo-eleitoral\/\" \/>\n<meta property=\"og:locale\" content=\"pt_BR\" \/>\n<meta property=\"og:type\" content=\"article\" \/>\n<meta property=\"og:title\" content=\"Em evento em Bras\u00edlia, Fachin discursa em defesa da democracia e da normalidade do processo eleitoral - UVB Brasil\" \/>\n<meta property=\"og:description\" content=\"Durante reuni\u00e3o da Associa\u00e7\u00e3o dos Dirigentes das Institui\u00e7\u00f5es Federais de Ensino Superior, ele reiterou que enfrentar a desinforma\u00e7\u00e3o \u00e9 promover...\" \/>\n<meta property=\"og:url\" content=\"https:\/\/uvbbrasil.com.br\/em-evento-em-brasilia-fachin-discursa-em-defesa-da-democracia-e-da-normalidade-do-processo-eleitoral\/\" \/>\n<meta property=\"og:site_name\" content=\"UVB Brasil\" \/>\n<meta property=\"article:publisher\" content=\"https:\/\/www.facebook.com\/uvb.vereadoresbrasil\" \/>\n<meta property=\"article:published_time\" content=\"2022-07-29T18:49:04+00:00\" \/>\n<meta property=\"og:image\" content=\"https:\/\/uvbbrasil.com.br\/wp-content\/uploads\/2022\/07\/29-07.jpeg\" \/>\n\t<meta property=\"og:image:width\" content=\"620\" \/>\n\t<meta property=\"og:image:height\" content=\"300\" \/>\n\t<meta property=\"og:image:type\" content=\"image\/jpeg\" \/>\n<meta name=\"author\" content=\"adminuvb\" \/>\n<meta name=\"twitter:card\" content=\"summary_large_image\" \/>\n<meta name=\"twitter:label1\" content=\"Escrito por\" \/>\n\t<meta name=\"twitter:data1\" content=\"adminuvb\" \/>\n\t<meta name=\"twitter:label2\" content=\"Est. tempo de leitura\" \/>\n\t<meta name=\"twitter:data2\" content=\"4 minutos\" \/>\n<script type=\"application\/ld+json\" class=\"yoast-schema-graph\">{\"@context\":\"https:\/\/schema.org\",\"@graph\":[{\"@type\":\"Article\",\"@id\":\"https:\/\/uvbbrasil.com.br\/em-evento-em-brasilia-fachin-discursa-em-defesa-da-democracia-e-da-normalidade-do-processo-eleitoral\/#article\",\"isPartOf\":{\"@id\":\"https:\/\/uvbbrasil.com.br\/em-evento-em-brasilia-fachin-discursa-em-defesa-da-democracia-e-da-normalidade-do-processo-eleitoral\/\"},\"author\":{\"name\":\"adminuvb\",\"@id\":\"https:\/\/uvbbrasil.com.br\/#\/schema\/person\/17990098446c098f52effddff4f1b272\"},\"headline\":\"Em evento em Bras\u00edlia, Fachin discursa em defesa da democracia e da normalidade do processo eleitoral\",\"datePublished\":\"2022-07-29T18:49:04+00:00\",\"mainEntityOfPage\":{\"@id\":\"https:\/\/uvbbrasil.com.br\/em-evento-em-brasilia-fachin-discursa-em-defesa-da-democracia-e-da-normalidade-do-processo-eleitoral\/\"},\"wordCount\":933,\"commentCount\":0,\"publisher\":{\"@id\":\"https:\/\/uvbbrasil.com.br\/#organization\"},\"image\":{\"@id\":\"https:\/\/uvbbrasil.com.br\/em-evento-em-brasilia-fachin-discursa-em-defesa-da-democracia-e-da-normalidade-do-processo-eleitoral\/#primaryimage\"},\"thumbnailUrl\":\"https:\/\/uvbbrasil.com.br\/wp-content\/uploads\/2022\/07\/29-07.jpeg\",\"articleSection\":[\"NOT\u00cdCIAS\"],\"inLanguage\":\"pt-BR\",\"potentialAction\":[{\"@type\":\"CommentAction\",\"name\":\"Comment\",\"target\":[\"https:\/\/uvbbrasil.com.br\/em-evento-em-brasilia-fachin-discursa-em-defesa-da-democracia-e-da-normalidade-do-processo-eleitoral\/#respond\"]}]},{\"@type\":\"WebPage\",\"@id\":\"https:\/\/uvbbrasil.com.br\/em-evento-em-brasilia-fachin-discursa-em-defesa-da-democracia-e-da-normalidade-do-processo-eleitoral\/\",\"url\":\"https:\/\/uvbbrasil.com.br\/em-evento-em-brasilia-fachin-discursa-em-defesa-da-democracia-e-da-normalidade-do-processo-eleitoral\/\",\"name\":\"Em evento em Bras\u00edlia, Fachin discursa em defesa da democracia e da normalidade do processo eleitoral - UVB Brasil\",\"isPartOf\":{\"@id\":\"https:\/\/uvbbrasil.com.br\/#website\"},\"primaryImageOfPage\":{\"@id\":\"https:\/\/uvbbrasil.com.br\/em-evento-em-brasilia-fachin-discursa-em-defesa-da-democracia-e-da-normalidade-do-processo-eleitoral\/#primaryimage\"},\"image\":{\"@id\":\"https:\/\/uvbbrasil.com.br\/em-evento-em-brasilia-fachin-discursa-em-defesa-da-democracia-e-da-normalidade-do-processo-eleitoral\/#primaryimage\"},\"thumbnailUrl\":\"https:\/\/uvbbrasil.com.br\/wp-content\/uploads\/2022\/07\/29-07.jpeg\",\"datePublished\":\"2022-07-29T18:49:04+00:00\",\"breadcrumb\":{\"@id\":\"https:\/\/uvbbrasil.com.br\/em-evento-em-brasilia-fachin-discursa-em-defesa-da-democracia-e-da-normalidade-do-processo-eleitoral\/#breadcrumb\"},\"inLanguage\":\"pt-BR\",\"potentialAction\":[{\"@type\":\"ReadAction\",\"target\":[\"https:\/\/uvbbrasil.com.br\/em-evento-em-brasilia-fachin-discursa-em-defesa-da-democracia-e-da-normalidade-do-processo-eleitoral\/\"]}]},{\"@type\":\"ImageObject\",\"inLanguage\":\"pt-BR\",\"@id\":\"https:\/\/uvbbrasil.com.br\/em-evento-em-brasilia-fachin-discursa-em-defesa-da-democracia-e-da-normalidade-do-processo-eleitoral\/#primaryimage\",\"url\":\"https:\/\/uvbbrasil.com.br\/wp-content\/uploads\/2022\/07\/29-07.jpeg\",\"contentUrl\":\"https:\/\/uvbbrasil.com.br\/wp-content\/uploads\/2022\/07\/29-07.jpeg\",\"width\":620,\"height\":300},{\"@type\":\"BreadcrumbList\",\"@id\":\"https:\/\/uvbbrasil.com.br\/em-evento-em-brasilia-fachin-discursa-em-defesa-da-democracia-e-da-normalidade-do-processo-eleitoral\/#breadcrumb\",\"itemListElement\":[{\"@type\":\"ListItem\",\"position\":1,\"name\":\"In\u00edcio\",\"item\":\"https:\/\/uvbbrasil.com.br\/\"},{\"@type\":\"ListItem\",\"position\":2,\"name\":\"Em evento em Bras\u00edlia, Fachin discursa em defesa da democracia e da normalidade do processo eleitoral\"}]},{\"@type\":\"WebSite\",\"@id\":\"https:\/\/uvbbrasil.com.br\/#website\",\"url\":\"https:\/\/uvbbrasil.com.br\/\",\"name\":\"UVB Brasil\",\"description\":\"Uni\u00e3o dos Vereadores do Brasil\",\"publisher\":{\"@id\":\"https:\/\/uvbbrasil.com.br\/#organization\"},\"potentialAction\":[{\"@type\":\"SearchAction\",\"target\":{\"@type\":\"EntryPoint\",\"urlTemplate\":\"https:\/\/uvbbrasil.com.br\/?s={search_term_string}\"},\"query-input\":{\"@type\":\"PropertyValueSpecification\",\"valueRequired\":true,\"valueName\":\"search_term_string\"}}],\"inLanguage\":\"pt-BR\"},{\"@type\":\"Organization\",\"@id\":\"https:\/\/uvbbrasil.com.br\/#organization\",\"name\":\"UVB Brasil\",\"url\":\"https:\/\/uvbbrasil.com.br\/\",\"logo\":{\"@type\":\"ImageObject\",\"inLanguage\":\"pt-BR\",\"@id\":\"https:\/\/uvbbrasil.com.br\/#\/schema\/logo\/image\/\",\"url\":\"https:\/\/uvbbrasil.com.br\/wp-content\/uploads\/2025\/01\/LOGO-UVB-2024-azul-1.jpg\",\"contentUrl\":\"https:\/\/uvbbrasil.com.br\/wp-content\/uploads\/2025\/01\/LOGO-UVB-2024-azul-1.jpg\",\"width\":600,\"height\":211,\"caption\":\"UVB Brasil\"},\"image\":{\"@id\":\"https:\/\/uvbbrasil.com.br\/#\/schema\/logo\/image\/\"},\"sameAs\":[\"https:\/\/www.facebook.com\/uvb.vereadoresbrasil\",\"https:\/\/www.instagram.com\/uvbbrasil\/\",\"https:\/\/www.youtube.com\/channel\/UCIlPQ8Xzw5GHNzosQIg9S5A\"]},{\"@type\":\"Person\",\"@id\":\"https:\/\/uvbbrasil.com.br\/#\/schema\/person\/17990098446c098f52effddff4f1b272\",\"name\":\"adminuvb\",\"image\":{\"@type\":\"ImageObject\",\"inLanguage\":\"pt-BR\",\"@id\":\"https:\/\/uvbbrasil.com.br\/#\/schema\/person\/image\/\",\"url\":\"https:\/\/secure.gravatar.com\/avatar\/1a494ea6f8e2dd1ae526e55b0e9497efdba542491e0620d704cccf63c6f77c45?s=96&d=mm&r=g\",\"contentUrl\":\"https:\/\/secure.gravatar.com\/avatar\/1a494ea6f8e2dd1ae526e55b0e9497efdba542491e0620d704cccf63c6f77c45?s=96&d=mm&r=g\",\"caption\":\"adminuvb\"},\"sameAs\":[\"https:\/\/uvbbrasil.com.br\"],\"url\":\"https:\/\/uvbbrasil.com.br\/author\/adminuvb\/\"}]}<\/script>\n<!-- \/ Yoast SEO plugin. -->","yoast_head_json":{"title":"Em evento em Bras\u00edlia, Fachin discursa em defesa da democracia e da normalidade do processo eleitoral - UVB Brasil","robots":{"index":"index","follow":"follow","max-snippet":"max-snippet:-1","max-image-preview":"max-image-preview:large","max-video-preview":"max-video-preview:-1"},"canonical":"https:\/\/uvbbrasil.com.br\/em-evento-em-brasilia-fachin-discursa-em-defesa-da-democracia-e-da-normalidade-do-processo-eleitoral\/","og_locale":"pt_BR","og_type":"article","og_title":"Em evento em Bras\u00edlia, Fachin discursa em defesa da democracia e da normalidade do processo eleitoral - UVB Brasil","og_description":"Durante reuni\u00e3o da Associa\u00e7\u00e3o dos Dirigentes das Institui\u00e7\u00f5es Federais de Ensino Superior, ele reiterou que enfrentar a desinforma\u00e7\u00e3o \u00e9 promover...","og_url":"https:\/\/uvbbrasil.com.br\/em-evento-em-brasilia-fachin-discursa-em-defesa-da-democracia-e-da-normalidade-do-processo-eleitoral\/","og_site_name":"UVB Brasil","article_publisher":"https:\/\/www.facebook.com\/uvb.vereadoresbrasil","article_published_time":"2022-07-29T18:49:04+00:00","og_image":[{"width":620,"height":300,"url":"https:\/\/uvbbrasil.com.br\/wp-content\/uploads\/2022\/07\/29-07.jpeg","type":"image\/jpeg"}],"author":"adminuvb","twitter_card":"summary_large_image","twitter_misc":{"Escrito por":"adminuvb","Est. tempo de leitura":"4 minutos"},"schema":{"@context":"https:\/\/schema.org","@graph":[{"@type":"Article","@id":"https:\/\/uvbbrasil.com.br\/em-evento-em-brasilia-fachin-discursa-em-defesa-da-democracia-e-da-normalidade-do-processo-eleitoral\/#article","isPartOf":{"@id":"https:\/\/uvbbrasil.com.br\/em-evento-em-brasilia-fachin-discursa-em-defesa-da-democracia-e-da-normalidade-do-processo-eleitoral\/"},"author":{"name":"adminuvb","@id":"https:\/\/uvbbrasil.com.br\/#\/schema\/person\/17990098446c098f52effddff4f1b272"},"headline":"Em evento em Bras\u00edlia, Fachin discursa em defesa da democracia e da normalidade do processo eleitoral","datePublished":"2022-07-29T18:49:04+00:00","mainEntityOfPage":{"@id":"https:\/\/uvbbrasil.com.br\/em-evento-em-brasilia-fachin-discursa-em-defesa-da-democracia-e-da-normalidade-do-processo-eleitoral\/"},"wordCount":933,"commentCount":0,"publisher":{"@id":"https:\/\/uvbbrasil.com.br\/#organization"},"image":{"@id":"https:\/\/uvbbrasil.com.br\/em-evento-em-brasilia-fachin-discursa-em-defesa-da-democracia-e-da-normalidade-do-processo-eleitoral\/#primaryimage"},"thumbnailUrl":"https:\/\/uvbbrasil.com.br\/wp-content\/uploads\/2022\/07\/29-07.jpeg","articleSection":["NOT\u00cdCIAS"],"inLanguage":"pt-BR","potentialAction":[{"@type":"CommentAction","name":"Comment","target":["https:\/\/uvbbrasil.com.br\/em-evento-em-brasilia-fachin-discursa-em-defesa-da-democracia-e-da-normalidade-do-processo-eleitoral\/#respond"]}]},{"@type":"WebPage","@id":"https:\/\/uvbbrasil.com.br\/em-evento-em-brasilia-fachin-discursa-em-defesa-da-democracia-e-da-normalidade-do-processo-eleitoral\/","url":"https:\/\/uvbbrasil.com.br\/em-evento-em-brasilia-fachin-discursa-em-defesa-da-democracia-e-da-normalidade-do-processo-eleitoral\/","name":"Em evento em Bras\u00edlia, Fachin discursa em defesa da democracia e da normalidade do processo eleitoral - UVB Brasil","isPartOf":{"@id":"https:\/\/uvbbrasil.com.br\/#website"},"primaryImageOfPage":{"@id":"https:\/\/uvbbrasil.com.br\/em-evento-em-brasilia-fachin-discursa-em-defesa-da-democracia-e-da-normalidade-do-processo-eleitoral\/#primaryimage"},"image":{"@id":"https:\/\/uvbbrasil.com.br\/em-evento-em-brasilia-fachin-discursa-em-defesa-da-democracia-e-da-normalidade-do-processo-eleitoral\/#primaryimage"},"thumbnailUrl":"https:\/\/uvbbrasil.com.br\/wp-content\/uploads\/2022\/07\/29-07.jpeg","datePublished":"2022-07-29T18:49:04+00:00","breadcrumb":{"@id":"https:\/\/uvbbrasil.com.br\/em-evento-em-brasilia-fachin-discursa-em-defesa-da-democracia-e-da-normalidade-do-processo-eleitoral\/#breadcrumb"},"inLanguage":"pt-BR","potentialAction":[{"@type":"ReadAction","target":["https:\/\/uvbbrasil.com.br\/em-evento-em-brasilia-fachin-discursa-em-defesa-da-democracia-e-da-normalidade-do-processo-eleitoral\/"]}]},{"@type":"ImageObject","inLanguage":"pt-BR","@id":"https:\/\/uvbbrasil.com.br\/em-evento-em-brasilia-fachin-discursa-em-defesa-da-democracia-e-da-normalidade-do-processo-eleitoral\/#primaryimage","url":"https:\/\/uvbbrasil.com.br\/wp-content\/uploads\/2022\/07\/29-07.jpeg","contentUrl":"https:\/\/uvbbrasil.com.br\/wp-content\/uploads\/2022\/07\/29-07.jpeg","width":620,"height":300},{"@type":"BreadcrumbList","@id":"https:\/\/uvbbrasil.com.br\/em-evento-em-brasilia-fachin-discursa-em-defesa-da-democracia-e-da-normalidade-do-processo-eleitoral\/#breadcrumb","itemListElement":[{"@type":"ListItem","position":1,"name":"In\u00edcio","item":"https:\/\/uvbbrasil.com.br\/"},{"@type":"ListItem","position":2,"name":"Em evento em Bras\u00edlia, Fachin discursa em defesa da democracia e da normalidade do processo eleitoral"}]},{"@type":"WebSite","@id":"https:\/\/uvbbrasil.com.br\/#website","url":"https:\/\/uvbbrasil.com.br\/","name":"UVB Brasil","description":"Uni\u00e3o dos Vereadores do Brasil","publisher":{"@id":"https:\/\/uvbbrasil.com.br\/#organization"},"potentialAction":[{"@type":"SearchAction","target":{"@type":"EntryPoint","urlTemplate":"https:\/\/uvbbrasil.com.br\/?s={search_term_string}"},"query-input":{"@type":"PropertyValueSpecification","valueRequired":true,"valueName":"search_term_string"}}],"inLanguage":"pt-BR"},{"@type":"Organization","@id":"https:\/\/uvbbrasil.com.br\/#organization","name":"UVB Brasil","url":"https:\/\/uvbbrasil.com.br\/","logo":{"@type":"ImageObject","inLanguage":"pt-BR","@id":"https:\/\/uvbbrasil.com.br\/#\/schema\/logo\/image\/","url":"https:\/\/uvbbrasil.com.br\/wp-content\/uploads\/2025\/01\/LOGO-UVB-2024-azul-1.jpg","contentUrl":"https:\/\/uvbbrasil.com.br\/wp-content\/uploads\/2025\/01\/LOGO-UVB-2024-azul-1.jpg","width":600,"height":211,"caption":"UVB Brasil"},"image":{"@id":"https:\/\/uvbbrasil.com.br\/#\/schema\/logo\/image\/"},"sameAs":["https:\/\/www.facebook.com\/uvb.vereadoresbrasil","https:\/\/www.instagram.com\/uvbbrasil\/","https:\/\/www.youtube.com\/channel\/UCIlPQ8Xzw5GHNzosQIg9S5A"]},{"@type":"Person","@id":"https:\/\/uvbbrasil.com.br\/#\/schema\/person\/17990098446c098f52effddff4f1b272","name":"adminuvb","image":{"@type":"ImageObject","inLanguage":"pt-BR","@id":"https:\/\/uvbbrasil.com.br\/#\/schema\/person\/image\/","url":"https:\/\/secure.gravatar.com\/avatar\/1a494ea6f8e2dd1ae526e55b0e9497efdba542491e0620d704cccf63c6f77c45?s=96&d=mm&r=g","contentUrl":"https:\/\/secure.gravatar.com\/avatar\/1a494ea6f8e2dd1ae526e55b0e9497efdba542491e0620d704cccf63c6f77c45?s=96&d=mm&r=g","caption":"adminuvb"},"sameAs":["https:\/\/uvbbrasil.com.br"],"url":"https:\/\/uvbbrasil.com.br\/author\/adminuvb\/"}]}},"_links":{"self":[{"href":"https:\/\/uvbbrasil.com.br\/uvb-json\/wp\/v2\/posts\/26714","targetHints":{"allow":["GET"]}}],"collection":[{"href":"https:\/\/uvbbrasil.com.br\/uvb-json\/wp\/v2\/posts"}],"about":[{"href":"https:\/\/uvbbrasil.com.br\/uvb-json\/wp\/v2\/types\/post"}],"author":[{"embeddable":true,"href":"https:\/\/uvbbrasil.com.br\/uvb-json\/wp\/v2\/users\/1"}],"replies":[{"embeddable":true,"href":"https:\/\/uvbbrasil.com.br\/uvb-json\/wp\/v2\/comments?post=26714"}],"version-history":[{"count":0,"href":"https:\/\/uvbbrasil.com.br\/uvb-json\/wp\/v2\/posts\/26714\/revisions"}],"wp:featuredmedia":[{"embeddable":true,"href":"https:\/\/uvbbrasil.com.br\/uvb-json\/wp\/v2\/media\/26715"}],"wp:attachment":[{"href":"https:\/\/uvbbrasil.com.br\/uvb-json\/wp\/v2\/media?parent=26714"}],"wp:term":[{"taxonomy":"category","embeddable":true,"href":"https:\/\/uvbbrasil.com.br\/uvb-json\/wp\/v2\/categories?post=26714"},{"taxonomy":"post_tag","embeddable":true,"href":"https:\/\/uvbbrasil.com.br\/uvb-json\/wp\/v2\/tags?post=26714"}],"curies":[{"name":"wp","href":"https:\/\/api.w.org\/{rel}","templated":true}]}}