{"id":26699,"date":"2022-07-27T11:17:39","date_gmt":"2022-07-27T14:17:39","guid":{"rendered":"https:\/\/wpsandbox4.pante.com.br\/?p=26699"},"modified":"2022-07-27T11:17:39","modified_gmt":"2022-07-27T14:17:39","slug":"cachoerinha-rs-presidente-da-camara-recebe-representantes-dos-optometristas-gauchos","status":"publish","type":"post","link":"https:\/\/uvbbrasil.com.br\/cachoerinha-rs-presidente-da-camara-recebe-representantes-dos-optometristas-gauchos\/","title":{"rendered":"Cachoerinha\/RS-Presidente da c\u00e2mara recebe representantes dos optometristas ga\u00fachos"},"content":{"rendered":"<div class=\"kvgmc6g5 cxmmr5t8 oygrvhab hcukyx3x c1et5uql ii04i59q\">\n<div dir=\"auto\"><\/div>\n<\/div>\n<div class=\"cxmmr5t8 oygrvhab hcukyx3x c1et5uql o9v6fnle ii04i59q\">\n<div dir=\"auto\">O Presidente da C\u00e2mara Municipal, Vereador Gelson Braga, recebeu nesta semana a visita do Vice-Presidente do Conselho Regional de \u00d3ptica e Optometria do RS (CROO-RS), Jos\u00e9 Fialho. A fila de espera para atendimento prim\u00e1rio da sa\u00fade da vis\u00e3o, a realidade desse cen\u00e1rio em Cachoeirinha e como CROO-RS pode contribuir com o munic\u00edpio foram os temas tratados no encontro. \u201cEstamos conversando com os poderes municipais e estaduais, pois queremos levar a decis\u00e3o do Supremo Tribunal Federal (STF) que reconheceu a profiss\u00e3o de optometrista de n\u00edvel superior. Desse modo, estamos nos colocando \u00e0 disposi\u00e7\u00e3o para ampliar o atendimento prim\u00e1rio da sa\u00fade da vis\u00e3o\u201d, ressaltou Fialho. No pr\u00f3ximo m\u00eas, optometristas de todo o Brasil s\u00e3o esperados no Rio Grande do Sul para assembleia geral da categoria, no Teatro Dante Barone da Assembleia Legislativa, no dia 6 de agosto, os profissionais debater\u00e3o os rumos da profiss\u00e3o.<\/div>\n<div dir=\"auto\">Existem hoje no Brasil 5 mil profissionais em optometria, que atuam inclusive no Sistema \u00danico de Sa\u00fade (SUS). Diferente do t\u00e9cnico em \u00f3ptica, que \u00e9 o respons\u00e1vel por receber a receita e fabricar as lentes ou os \u00f3culos, os optometristas s\u00e3o profissionais de sa\u00fade com capacita\u00e7\u00e3o para avaliar a condi\u00e7\u00e3o de todo o sistema visual e ocular, aferindo sua integridade e sinais de defici\u00eancia na vis\u00e3o que possam ser corrigidas com a receita de \u00f3culos ou lentes. Esses profissionais tamb\u00e9m est\u00e3o aptos a identificar doen\u00e7as que necessitem da interven\u00e7\u00e3o m\u00e9dica, quando o paciente \u00e9 encaminhado com agilidade ao corpo cl\u00ednico.<\/div>\n<div dir=\"auto\">No fim de outubro de 2021, por unanimidade (10 votos a zero), os ministros do Supremo Tribunal Federal (STF), ao concluir o julgamento do m\u00e9rito dos Embargos de Declara\u00e7\u00e3o dentro da Argui\u00e7\u00e3o de Descumprimento de Preceito Fundamental (ADPF 131), decidiram que optometristas com forma\u00e7\u00e3o de n\u00edvel superior em institui\u00e7\u00e3o reconhecida pelo Minist\u00e9rio da Educa\u00e7\u00e3o s\u00e3o qualificados e podem atuar na sa\u00fade prim\u00e1ria da vis\u00e3o. O Pleno do STF ratificou, portanto, decis\u00e3o que havia sido tomada, em car\u00e1ter liminar, pelo Ministro Gilmar Mendes, respondendo a Embargos de Declara\u00e7\u00e3o interpostos pelo Conselho Brasileiro de \u00d3ptica e Optometria (CBOO) e pelo Minist\u00e9rio P\u00fablico Federal.<\/div>\n<\/div>\n<div dir=\"auto\"><img fetchpriority=\"high\" decoding=\"async\" class=\"alignnone size-medium wp-image-26700\" src=\"https:\/\/uvbbrasil.com.br\/wp-content\/uploads\/2022\/07\/294972305_420181770135729_7235100357398612043_n-300x225.jpg\" alt=\"\" width=\"300\" height=\"225\" srcset=\"https:\/\/uvbbrasil.com.br\/wp-content\/uploads\/2022\/07\/294972305_420181770135729_7235100357398612043_n-300x225.jpg 300w, https:\/\/uvbbrasil.com.br\/wp-content\/uploads\/2022\/07\/294972305_420181770135729_7235100357398612043_n-1024x768.jpg 1024w, https:\/\/uvbbrasil.com.br\/wp-content\/uploads\/2022\/07\/294972305_420181770135729_7235100357398612043_n-768x576.jpg 768w, https:\/\/uvbbrasil.com.br\/wp-content\/uploads\/2022\/07\/294972305_420181770135729_7235100357398612043_n-1536x1152.jpg 1536w, https:\/\/uvbbrasil.com.br\/wp-content\/uploads\/2022\/07\/294972305_420181770135729_7235100357398612043_n.jpg 1600w\" sizes=\"(max-width: 300px) 100vw, 300px\" \/><\/div>\n","protected":false},"excerpt":{"rendered":"<p>O Presidente da C\u00e2mara Municipal, Vereador Gelson Braga, recebeu nesta semana a visita do Vice-Presidente do Conselho Regional de \u00d3ptica&#8230;<\/p>\n","protected":false},"author":1,"featured_media":26700,"comment_status":"open","ping_status":"open","sticky":false,"template":"","format":"standard","meta":{"footnotes":""},"categories":[3],"tags":[],"class_list":["post-26699","post","type-post","status-publish","format-standard","has-post-thumbnail","hentry","category-noticias"],"yoast_head":"<!-- This site is optimized with the Yoast SEO plugin v26.7 - https:\/\/yoast.com\/wordpress\/plugins\/seo\/ -->\n<title>Cachoerinha\/RS-Presidente da c\u00e2mara recebe representantes dos optometristas ga\u00fachos - UVB Brasil<\/title>\n<meta name=\"robots\" content=\"index, follow, max-snippet:-1, max-image-preview:large, max-video-preview:-1\" \/>\n<link rel=\"canonical\" href=\"https:\/\/uvbbrasil.com.br\/cachoerinha-rs-presidente-da-camara-recebe-representantes-dos-optometristas-gauchos\/\" \/>\n<meta property=\"og:locale\" content=\"pt_BR\" \/>\n<meta property=\"og:type\" content=\"article\" \/>\n<meta property=\"og:title\" content=\"Cachoerinha\/RS-Presidente da c\u00e2mara recebe representantes dos optometristas ga\u00fachos - UVB Brasil\" \/>\n<meta property=\"og:description\" content=\"O Presidente da C\u00e2mara Municipal, Vereador Gelson Braga, recebeu nesta semana a visita do Vice-Presidente do Conselho Regional de \u00d3ptica...\" \/>\n<meta property=\"og:url\" content=\"https:\/\/uvbbrasil.com.br\/cachoerinha-rs-presidente-da-camara-recebe-representantes-dos-optometristas-gauchos\/\" \/>\n<meta property=\"og:site_name\" content=\"UVB Brasil\" \/>\n<meta property=\"article:publisher\" content=\"https:\/\/www.facebook.com\/uvb.vereadoresbrasil\" \/>\n<meta property=\"article:published_time\" content=\"2022-07-27T14:17:39+00:00\" \/>\n<meta property=\"og:image\" content=\"https:\/\/uvbbrasil.com.br\/wp-content\/uploads\/2022\/07\/294972305_420181770135729_7235100357398612043_n.jpg\" \/>\n\t<meta property=\"og:image:width\" content=\"1600\" \/>\n\t<meta property=\"og:image:height\" content=\"1200\" \/>\n\t<meta property=\"og:image:type\" content=\"image\/jpeg\" \/>\n<meta name=\"author\" content=\"adminuvb\" \/>\n<meta name=\"twitter:card\" content=\"summary_large_image\" \/>\n<meta name=\"twitter:label1\" content=\"Escrito por\" \/>\n\t<meta name=\"twitter:data1\" content=\"adminuvb\" \/>\n\t<meta name=\"twitter:label2\" content=\"Est. tempo de leitura\" \/>\n\t<meta name=\"twitter:data2\" content=\"2 minutos\" \/>\n<script type=\"application\/ld+json\" class=\"yoast-schema-graph\">{\"@context\":\"https:\/\/schema.org\",\"@graph\":[{\"@type\":\"Article\",\"@id\":\"https:\/\/uvbbrasil.com.br\/cachoerinha-rs-presidente-da-camara-recebe-representantes-dos-optometristas-gauchos\/#article\",\"isPartOf\":{\"@id\":\"https:\/\/uvbbrasil.com.br\/cachoerinha-rs-presidente-da-camara-recebe-representantes-dos-optometristas-gauchos\/\"},\"author\":{\"name\":\"adminuvb\",\"@id\":\"https:\/\/uvbbrasil.com.br\/#\/schema\/person\/17990098446c098f52effddff4f1b272\"},\"headline\":\"Cachoerinha\/RS-Presidente da c\u00e2mara recebe representantes dos optometristas ga\u00fachos\",\"datePublished\":\"2022-07-27T14:17:39+00:00\",\"mainEntityOfPage\":{\"@id\":\"https:\/\/uvbbrasil.com.br\/cachoerinha-rs-presidente-da-camara-recebe-representantes-dos-optometristas-gauchos\/\"},\"wordCount\":396,\"commentCount\":0,\"publisher\":{\"@id\":\"https:\/\/uvbbrasil.com.br\/#organization\"},\"image\":{\"@id\":\"https:\/\/uvbbrasil.com.br\/cachoerinha-rs-presidente-da-camara-recebe-representantes-dos-optometristas-gauchos\/#primaryimage\"},\"thumbnailUrl\":\"https:\/\/uvbbrasil.com.br\/wp-content\/uploads\/2022\/07\/294972305_420181770135729_7235100357398612043_n.jpg\",\"articleSection\":[\"NOT\u00cdCIAS\"],\"inLanguage\":\"pt-BR\",\"potentialAction\":[{\"@type\":\"CommentAction\",\"name\":\"Comment\",\"target\":[\"https:\/\/uvbbrasil.com.br\/cachoerinha-rs-presidente-da-camara-recebe-representantes-dos-optometristas-gauchos\/#respond\"]}]},{\"@type\":\"WebPage\",\"@id\":\"https:\/\/uvbbrasil.com.br\/cachoerinha-rs-presidente-da-camara-recebe-representantes-dos-optometristas-gauchos\/\",\"url\":\"https:\/\/uvbbrasil.com.br\/cachoerinha-rs-presidente-da-camara-recebe-representantes-dos-optometristas-gauchos\/\",\"name\":\"Cachoerinha\/RS-Presidente da c\u00e2mara recebe representantes dos optometristas ga\u00fachos - UVB Brasil\",\"isPartOf\":{\"@id\":\"https:\/\/uvbbrasil.com.br\/#website\"},\"primaryImageOfPage\":{\"@id\":\"https:\/\/uvbbrasil.com.br\/cachoerinha-rs-presidente-da-camara-recebe-representantes-dos-optometristas-gauchos\/#primaryimage\"},\"image\":{\"@id\":\"https:\/\/uvbbrasil.com.br\/cachoerinha-rs-presidente-da-camara-recebe-representantes-dos-optometristas-gauchos\/#primaryimage\"},\"thumbnailUrl\":\"https:\/\/uvbbrasil.com.br\/wp-content\/uploads\/2022\/07\/294972305_420181770135729_7235100357398612043_n.jpg\",\"datePublished\":\"2022-07-27T14:17:39+00:00\",\"breadcrumb\":{\"@id\":\"https:\/\/uvbbrasil.com.br\/cachoerinha-rs-presidente-da-camara-recebe-representantes-dos-optometristas-gauchos\/#breadcrumb\"},\"inLanguage\":\"pt-BR\",\"potentialAction\":[{\"@type\":\"ReadAction\",\"target\":[\"https:\/\/uvbbrasil.com.br\/cachoerinha-rs-presidente-da-camara-recebe-representantes-dos-optometristas-gauchos\/\"]}]},{\"@type\":\"ImageObject\",\"inLanguage\":\"pt-BR\",\"@id\":\"https:\/\/uvbbrasil.com.br\/cachoerinha-rs-presidente-da-camara-recebe-representantes-dos-optometristas-gauchos\/#primaryimage\",\"url\":\"https:\/\/uvbbrasil.com.br\/wp-content\/uploads\/2022\/07\/294972305_420181770135729_7235100357398612043_n.jpg\",\"contentUrl\":\"https:\/\/uvbbrasil.com.br\/wp-content\/uploads\/2022\/07\/294972305_420181770135729_7235100357398612043_n.jpg\",\"width\":1600,\"height\":1200},{\"@type\":\"BreadcrumbList\",\"@id\":\"https:\/\/uvbbrasil.com.br\/cachoerinha-rs-presidente-da-camara-recebe-representantes-dos-optometristas-gauchos\/#breadcrumb\",\"itemListElement\":[{\"@type\":\"ListItem\",\"position\":1,\"name\":\"In\u00edcio\",\"item\":\"https:\/\/uvbbrasil.com.br\/\"},{\"@type\":\"ListItem\",\"position\":2,\"name\":\"Cachoerinha\/RS-Presidente da c\u00e2mara recebe representantes dos optometristas ga\u00fachos\"}]},{\"@type\":\"WebSite\",\"@id\":\"https:\/\/uvbbrasil.com.br\/#website\",\"url\":\"https:\/\/uvbbrasil.com.br\/\",\"name\":\"UVB Brasil\",\"description\":\"Uni\u00e3o dos Vereadores do Brasil\",\"publisher\":{\"@id\":\"https:\/\/uvbbrasil.com.br\/#organization\"},\"potentialAction\":[{\"@type\":\"SearchAction\",\"target\":{\"@type\":\"EntryPoint\",\"urlTemplate\":\"https:\/\/uvbbrasil.com.br\/?s={search_term_string}\"},\"query-input\":{\"@type\":\"PropertyValueSpecification\",\"valueRequired\":true,\"valueName\":\"search_term_string\"}}],\"inLanguage\":\"pt-BR\"},{\"@type\":\"Organization\",\"@id\":\"https:\/\/uvbbrasil.com.br\/#organization\",\"name\":\"UVB Brasil\",\"url\":\"https:\/\/uvbbrasil.com.br\/\",\"logo\":{\"@type\":\"ImageObject\",\"inLanguage\":\"pt-BR\",\"@id\":\"https:\/\/uvbbrasil.com.br\/#\/schema\/logo\/image\/\",\"url\":\"https:\/\/uvbbrasil.com.br\/wp-content\/uploads\/2025\/01\/LOGO-UVB-2024-azul-1.jpg\",\"contentUrl\":\"https:\/\/uvbbrasil.com.br\/wp-content\/uploads\/2025\/01\/LOGO-UVB-2024-azul-1.jpg\",\"width\":600,\"height\":211,\"caption\":\"UVB Brasil\"},\"image\":{\"@id\":\"https:\/\/uvbbrasil.com.br\/#\/schema\/logo\/image\/\"},\"sameAs\":[\"https:\/\/www.facebook.com\/uvb.vereadoresbrasil\",\"https:\/\/www.instagram.com\/uvbbrasil\/\",\"https:\/\/www.youtube.com\/channel\/UCIlPQ8Xzw5GHNzosQIg9S5A\"]},{\"@type\":\"Person\",\"@id\":\"https:\/\/uvbbrasil.com.br\/#\/schema\/person\/17990098446c098f52effddff4f1b272\",\"name\":\"adminuvb\",\"image\":{\"@type\":\"ImageObject\",\"inLanguage\":\"pt-BR\",\"@id\":\"https:\/\/uvbbrasil.com.br\/#\/schema\/person\/image\/\",\"url\":\"https:\/\/secure.gravatar.com\/avatar\/1a494ea6f8e2dd1ae526e55b0e9497efdba542491e0620d704cccf63c6f77c45?s=96&d=mm&r=g\",\"contentUrl\":\"https:\/\/secure.gravatar.com\/avatar\/1a494ea6f8e2dd1ae526e55b0e9497efdba542491e0620d704cccf63c6f77c45?s=96&d=mm&r=g\",\"caption\":\"adminuvb\"},\"sameAs\":[\"https:\/\/uvbbrasil.com.br\"],\"url\":\"https:\/\/uvbbrasil.com.br\/author\/adminuvb\/\"}]}<\/script>\n<!-- \/ Yoast SEO plugin. -->","yoast_head_json":{"title":"Cachoerinha\/RS-Presidente da c\u00e2mara recebe representantes dos optometristas ga\u00fachos - UVB Brasil","robots":{"index":"index","follow":"follow","max-snippet":"max-snippet:-1","max-image-preview":"max-image-preview:large","max-video-preview":"max-video-preview:-1"},"canonical":"https:\/\/uvbbrasil.com.br\/cachoerinha-rs-presidente-da-camara-recebe-representantes-dos-optometristas-gauchos\/","og_locale":"pt_BR","og_type":"article","og_title":"Cachoerinha\/RS-Presidente da c\u00e2mara recebe representantes dos optometristas ga\u00fachos - UVB Brasil","og_description":"O Presidente da C\u00e2mara Municipal, Vereador Gelson Braga, recebeu nesta semana a visita do Vice-Presidente do Conselho Regional de \u00d3ptica...","og_url":"https:\/\/uvbbrasil.com.br\/cachoerinha-rs-presidente-da-camara-recebe-representantes-dos-optometristas-gauchos\/","og_site_name":"UVB Brasil","article_publisher":"https:\/\/www.facebook.com\/uvb.vereadoresbrasil","article_published_time":"2022-07-27T14:17:39+00:00","og_image":[{"width":1600,"height":1200,"url":"https:\/\/uvbbrasil.com.br\/wp-content\/uploads\/2022\/07\/294972305_420181770135729_7235100357398612043_n.jpg","type":"image\/jpeg"}],"author":"adminuvb","twitter_card":"summary_large_image","twitter_misc":{"Escrito por":"adminuvb","Est. tempo de leitura":"2 minutos"},"schema":{"@context":"https:\/\/schema.org","@graph":[{"@type":"Article","@id":"https:\/\/uvbbrasil.com.br\/cachoerinha-rs-presidente-da-camara-recebe-representantes-dos-optometristas-gauchos\/#article","isPartOf":{"@id":"https:\/\/uvbbrasil.com.br\/cachoerinha-rs-presidente-da-camara-recebe-representantes-dos-optometristas-gauchos\/"},"author":{"name":"adminuvb","@id":"https:\/\/uvbbrasil.com.br\/#\/schema\/person\/17990098446c098f52effddff4f1b272"},"headline":"Cachoerinha\/RS-Presidente da c\u00e2mara recebe representantes dos optometristas ga\u00fachos","datePublished":"2022-07-27T14:17:39+00:00","mainEntityOfPage":{"@id":"https:\/\/uvbbrasil.com.br\/cachoerinha-rs-presidente-da-camara-recebe-representantes-dos-optometristas-gauchos\/"},"wordCount":396,"commentCount":0,"publisher":{"@id":"https:\/\/uvbbrasil.com.br\/#organization"},"image":{"@id":"https:\/\/uvbbrasil.com.br\/cachoerinha-rs-presidente-da-camara-recebe-representantes-dos-optometristas-gauchos\/#primaryimage"},"thumbnailUrl":"https:\/\/uvbbrasil.com.br\/wp-content\/uploads\/2022\/07\/294972305_420181770135729_7235100357398612043_n.jpg","articleSection":["NOT\u00cdCIAS"],"inLanguage":"pt-BR","potentialAction":[{"@type":"CommentAction","name":"Comment","target":["https:\/\/uvbbrasil.com.br\/cachoerinha-rs-presidente-da-camara-recebe-representantes-dos-optometristas-gauchos\/#respond"]}]},{"@type":"WebPage","@id":"https:\/\/uvbbrasil.com.br\/cachoerinha-rs-presidente-da-camara-recebe-representantes-dos-optometristas-gauchos\/","url":"https:\/\/uvbbrasil.com.br\/cachoerinha-rs-presidente-da-camara-recebe-representantes-dos-optometristas-gauchos\/","name":"Cachoerinha\/RS-Presidente da c\u00e2mara recebe representantes dos optometristas ga\u00fachos - UVB Brasil","isPartOf":{"@id":"https:\/\/uvbbrasil.com.br\/#website"},"primaryImageOfPage":{"@id":"https:\/\/uvbbrasil.com.br\/cachoerinha-rs-presidente-da-camara-recebe-representantes-dos-optometristas-gauchos\/#primaryimage"},"image":{"@id":"https:\/\/uvbbrasil.com.br\/cachoerinha-rs-presidente-da-camara-recebe-representantes-dos-optometristas-gauchos\/#primaryimage"},"thumbnailUrl":"https:\/\/uvbbrasil.com.br\/wp-content\/uploads\/2022\/07\/294972305_420181770135729_7235100357398612043_n.jpg","datePublished":"2022-07-27T14:17:39+00:00","breadcrumb":{"@id":"https:\/\/uvbbrasil.com.br\/cachoerinha-rs-presidente-da-camara-recebe-representantes-dos-optometristas-gauchos\/#breadcrumb"},"inLanguage":"pt-BR","potentialAction":[{"@type":"ReadAction","target":["https:\/\/uvbbrasil.com.br\/cachoerinha-rs-presidente-da-camara-recebe-representantes-dos-optometristas-gauchos\/"]}]},{"@type":"ImageObject","inLanguage":"pt-BR","@id":"https:\/\/uvbbrasil.com.br\/cachoerinha-rs-presidente-da-camara-recebe-representantes-dos-optometristas-gauchos\/#primaryimage","url":"https:\/\/uvbbrasil.com.br\/wp-content\/uploads\/2022\/07\/294972305_420181770135729_7235100357398612043_n.jpg","contentUrl":"https:\/\/uvbbrasil.com.br\/wp-content\/uploads\/2022\/07\/294972305_420181770135729_7235100357398612043_n.jpg","width":1600,"height":1200},{"@type":"BreadcrumbList","@id":"https:\/\/uvbbrasil.com.br\/cachoerinha-rs-presidente-da-camara-recebe-representantes-dos-optometristas-gauchos\/#breadcrumb","itemListElement":[{"@type":"ListItem","position":1,"name":"In\u00edcio","item":"https:\/\/uvbbrasil.com.br\/"},{"@type":"ListItem","position":2,"name":"Cachoerinha\/RS-Presidente da c\u00e2mara recebe representantes dos optometristas ga\u00fachos"}]},{"@type":"WebSite","@id":"https:\/\/uvbbrasil.com.br\/#website","url":"https:\/\/uvbbrasil.com.br\/","name":"UVB Brasil","description":"Uni\u00e3o dos Vereadores do Brasil","publisher":{"@id":"https:\/\/uvbbrasil.com.br\/#organization"},"potentialAction":[{"@type":"SearchAction","target":{"@type":"EntryPoint","urlTemplate":"https:\/\/uvbbrasil.com.br\/?s={search_term_string}"},"query-input":{"@type":"PropertyValueSpecification","valueRequired":true,"valueName":"search_term_string"}}],"inLanguage":"pt-BR"},{"@type":"Organization","@id":"https:\/\/uvbbrasil.com.br\/#organization","name":"UVB Brasil","url":"https:\/\/uvbbrasil.com.br\/","logo":{"@type":"ImageObject","inLanguage":"pt-BR","@id":"https:\/\/uvbbrasil.com.br\/#\/schema\/logo\/image\/","url":"https:\/\/uvbbrasil.com.br\/wp-content\/uploads\/2025\/01\/LOGO-UVB-2024-azul-1.jpg","contentUrl":"https:\/\/uvbbrasil.com.br\/wp-content\/uploads\/2025\/01\/LOGO-UVB-2024-azul-1.jpg","width":600,"height":211,"caption":"UVB Brasil"},"image":{"@id":"https:\/\/uvbbrasil.com.br\/#\/schema\/logo\/image\/"},"sameAs":["https:\/\/www.facebook.com\/uvb.vereadoresbrasil","https:\/\/www.instagram.com\/uvbbrasil\/","https:\/\/www.youtube.com\/channel\/UCIlPQ8Xzw5GHNzosQIg9S5A"]},{"@type":"Person","@id":"https:\/\/uvbbrasil.com.br\/#\/schema\/person\/17990098446c098f52effddff4f1b272","name":"adminuvb","image":{"@type":"ImageObject","inLanguage":"pt-BR","@id":"https:\/\/uvbbrasil.com.br\/#\/schema\/person\/image\/","url":"https:\/\/secure.gravatar.com\/avatar\/1a494ea6f8e2dd1ae526e55b0e9497efdba542491e0620d704cccf63c6f77c45?s=96&d=mm&r=g","contentUrl":"https:\/\/secure.gravatar.com\/avatar\/1a494ea6f8e2dd1ae526e55b0e9497efdba542491e0620d704cccf63c6f77c45?s=96&d=mm&r=g","caption":"adminuvb"},"sameAs":["https:\/\/uvbbrasil.com.br"],"url":"https:\/\/uvbbrasil.com.br\/author\/adminuvb\/"}]}},"_links":{"self":[{"href":"https:\/\/uvbbrasil.com.br\/uvb-json\/wp\/v2\/posts\/26699","targetHints":{"allow":["GET"]}}],"collection":[{"href":"https:\/\/uvbbrasil.com.br\/uvb-json\/wp\/v2\/posts"}],"about":[{"href":"https:\/\/uvbbrasil.com.br\/uvb-json\/wp\/v2\/types\/post"}],"author":[{"embeddable":true,"href":"https:\/\/uvbbrasil.com.br\/uvb-json\/wp\/v2\/users\/1"}],"replies":[{"embeddable":true,"href":"https:\/\/uvbbrasil.com.br\/uvb-json\/wp\/v2\/comments?post=26699"}],"version-history":[{"count":0,"href":"https:\/\/uvbbrasil.com.br\/uvb-json\/wp\/v2\/posts\/26699\/revisions"}],"wp:featuredmedia":[{"embeddable":true,"href":"https:\/\/uvbbrasil.com.br\/uvb-json\/wp\/v2\/media\/26700"}],"wp:attachment":[{"href":"https:\/\/uvbbrasil.com.br\/uvb-json\/wp\/v2\/media?parent=26699"}],"wp:term":[{"taxonomy":"category","embeddable":true,"href":"https:\/\/uvbbrasil.com.br\/uvb-json\/wp\/v2\/categories?post=26699"},{"taxonomy":"post_tag","embeddable":true,"href":"https:\/\/uvbbrasil.com.br\/uvb-json\/wp\/v2\/tags?post=26699"}],"curies":[{"name":"wp","href":"https:\/\/api.w.org\/{rel}","templated":true}]}}