{"id":26694,"date":"2022-08-08T16:05:19","date_gmt":"2022-08-08T19:05:19","guid":{"rendered":"https:\/\/wpsandbox4.pante.com.br\/?p=26694"},"modified":"2022-08-08T16:05:19","modified_gmt":"2022-08-08T19:05:19","slug":"encontro-de-legislativos-em-brasilia-df-confira-a-programacao","status":"publish","type":"post","link":"https:\/\/uvbbrasil.com.br\/encontro-de-legislativos-em-brasilia-df-confira-a-programacao\/","title":{"rendered":"Encontro de Legislativos em Bras\u00edlia DE 16 A 19\/08, Veja a Programa\u00e7\u00e3o"},"content":{"rendered":"<header>O Encontro tem o objetivo de fortalecer o poder legislativo municipal, levar qualifica\u00e7\u00e3o e conhecimento aos parlamentares,\u00a0 e promover a integra\u00e7\u00e3o entre as c\u00e2mara municipais e os vereadores e vereadoras do Brasil.<\/header>\n<div class=\"elements-box\">\n<p><strong>Local: Hotel Bras\u00edlia Imperial<\/strong><\/p>\n<p style=\"text-align: center;\"><strong>PROGRAMA\u00c7\u00c3O*<\/strong><\/p>\n<p style=\"text-align: center;\"><strong>16\/08 \u2013 TER\u00c7A-FEIRA<\/strong><\/p>\n<p>15h \u2013 Credenciamento e entrega de material<\/p>\n<p style=\"text-align: center;\"><strong>17\/08 \u2013 QUARTA \u2013 FEIRA<\/strong><\/p>\n<p>09h \u2013 ABERTURA OFICIAL<\/p>\n<p>11h \u2013 MANDATO DE VALOR, Ganhar ou Vencer?\u201d<\/p>\n<p>Randerson\u00a0 Cirqueira<br \/>\n\u2013 Servidor de carreira da Procuradoria Geral do DF<br \/>\n\u2013 Assessor Parlamentar na C\u00e2mara Legislativa do DF<br \/>\n\u2013 Criador da marca Mandato de Valor<br \/>\n\u2013 Autor do livro Mandato de Valor<br \/>\n\u2013 Coautor do Livro Vade Mecum e Processo Legislativo Integral<br \/>\n\u2013 Palestrante, Bras\u00edlia\/DF<\/p>\n<p>12h \u2013 Intervalo para almo\u00e7o<\/p>\n<p>14h \u2013 MULHERES EMPODERADAS<\/p>\n<p>Coordena\u00e7\u00e3o do F\u00f3rum da Mulher Parlamentar da UVB<\/p>\n<p>16h \u2013 LEGISLATIVO NA ESCOLA \u2013 Apresenta\u00e7\u00e3o do Projeto de Educa\u00e7\u00e3o Legislativa e Cidadania<\/p>\n<p>Gilson Conzattti, vereador presidente da UVB<\/p>\n<p>16h10 &#8211; LEIS OR\u00c7AMENT\u00c1RIAS<\/p>\n<p>Dr. Andr\u00e9 Camillo, advogado especialista em direito p\u00fablico e eleitoral, Procurador da UVB<\/p>\n<p>18h \u2013 Encerramento<\/p>\n<p style=\"text-align: center;\"><strong>18\/08 \u2013 QUINTA \u2013 FEIRA<\/strong><\/p>\n<p>09h \u2013 ESCOLAS DO LEGISLATIVO E O PROTAGONISMO NAS C\u00c2MARAS MUNICIPAIS<\/p>\n<p>Dr. Florian Augusto Coutinho Madruga \u2013 Presidente da Associa\u00e7\u00e3o Brasileira das Escolas do Legislativo e de Contas \u2013 ABEL, Diretor SEGRAF \u2013 Senado Federal.<\/p>\n<p>10h \u2013 CIDADE INTELIGENTE, GEST\u00c3O EFICI\u00caNTE<\/p>\n<p>Dr. Luiz Fernando Pires Machado \u2013 P\u00f3s-doutor em direito penal e garantias constitucionais (Universidad Nacional de La Matanza, Buenos Aires, Ar). Doutor em ci\u00eancias jur\u00eddicas e sociais (Universidad del Museo Nacional Argentino).escritor, professor universit\u00e1rio, regimentalista e leg\u00edstico. Servidor efetivo ativo do Senado Federal.<\/p>\n<p>12h \u2013 Intervalo para almo\u00e7o<\/p>\n<p>14h as 17h \u2013 CONTRIBUI\u00c7\u00d5ES PARA UM MANDATO DE EXCEL\u00caNCIA<\/p>\n<ul>\n<li>A NOVA LEI DAS LICITA\u00c7\u00d5ES<\/li>\n<li>IMPROBIDADE ADMINISTRATIVA<\/li>\n<li>LEI DAS DI\u00c1RIAS E SUBS\u00cdDIOS<\/li>\n<li>Dr. Andr\u00e9 Camillo, advogado especialista em direito p\u00fablico e eleitoral, Procurador da UVB<\/li>\n<\/ul>\n<p>18h \u2013 Encerramento<\/p>\n<p style=\"text-align: center;\"><strong>19\/08 &#8211; SEXTA &#8211; FEIRA<\/strong><\/p>\n<p>09h- Visita ao Tribunal Superior Eleitoral\/TSE<\/p>\n<p>11h- Encerramento<\/p>\n<p><strong>*Programa\u00e7\u00e3o sujeita a altera\u00e7\u00f5es sem aviso pr\u00e9vio<\/strong><\/p>\n<p>P\u00fablico Alvo: Vereadores(a), assessores, diretores, procuradores e servidores de c\u00e2maras municipais, Prefeitos, vice-prefeitos, assessores, diretores, procuradores e servidores de prefeituras municipais, assim como, membros da sociedade civil interessados nos temas propostos.<\/p>\n<p>Maiores informa\u00e7\u00f5es: 51 98033 1642 \u2013 Thain\u00e1 ou 55 996449022 \u2013 Fernando Radaelli<\/p>\n<p>Investimento: R$ 590,00 por participante<\/p>\n<p>&nbsp;<\/p>\n<\/div>\n","protected":false},"excerpt":{"rendered":"<p>O Encontro tem o objetivo de fortalecer o poder legislativo municipal, levar qualifica\u00e7\u00e3o e conhecimento aos parlamentares,\u00a0 e promover a&#8230;<\/p>\n","protected":false},"author":1,"featured_media":26081,"comment_status":"open","ping_status":"open","sticky":false,"template":"","format":"standard","meta":{"footnotes":""},"categories":[3,4],"tags":[],"class_list":["post-26694","post","type-post","status-publish","format-standard","has-post-thumbnail","hentry","category-noticias","category-home"],"yoast_head":"<!-- This site is optimized with the Yoast SEO plugin v26.7 - https:\/\/yoast.com\/wordpress\/plugins\/seo\/ -->\n<title>Encontro de Legislativos em Bras\u00edlia DE 16 A 19\/08, Veja a Programa\u00e7\u00e3o - UVB Brasil<\/title>\n<meta name=\"robots\" content=\"index, follow, max-snippet:-1, max-image-preview:large, max-video-preview:-1\" \/>\n<link rel=\"canonical\" href=\"https:\/\/uvbbrasil.com.br\/encontro-de-legislativos-em-brasilia-df-confira-a-programacao\/\" \/>\n<meta property=\"og:locale\" content=\"pt_BR\" \/>\n<meta property=\"og:type\" content=\"article\" \/>\n<meta property=\"og:title\" content=\"Encontro de Legislativos em Bras\u00edlia DE 16 A 19\/08, Veja a Programa\u00e7\u00e3o - UVB Brasil\" \/>\n<meta property=\"og:description\" content=\"O Encontro tem o objetivo de fortalecer o poder legislativo municipal, levar qualifica\u00e7\u00e3o e conhecimento aos parlamentares,\u00a0 e promover a...\" \/>\n<meta property=\"og:url\" content=\"https:\/\/uvbbrasil.com.br\/encontro-de-legislativos-em-brasilia-df-confira-a-programacao\/\" \/>\n<meta property=\"og:site_name\" content=\"UVB Brasil\" \/>\n<meta property=\"article:publisher\" content=\"https:\/\/www.facebook.com\/uvb.vereadoresbrasil\" \/>\n<meta property=\"article:published_time\" content=\"2022-08-08T19:05:19+00:00\" \/>\n<meta property=\"og:image\" content=\"https:\/\/uvbbrasil.com.br\/wp-content\/uploads\/2022\/01\/WhatsApp-Image-2022-05-27-at-11.31.02-1.jpeg\" \/>\n\t<meta property=\"og:image:width\" content=\"800\" \/>\n\t<meta property=\"og:image:height\" content=\"800\" \/>\n\t<meta property=\"og:image:type\" content=\"image\/jpeg\" \/>\n<meta name=\"author\" content=\"adminuvb\" \/>\n<meta name=\"twitter:card\" content=\"summary_large_image\" \/>\n<meta name=\"twitter:label1\" content=\"Escrito por\" \/>\n\t<meta name=\"twitter:data1\" content=\"adminuvb\" \/>\n\t<meta name=\"twitter:label2\" content=\"Est. tempo de leitura\" \/>\n\t<meta name=\"twitter:data2\" content=\"2 minutos\" \/>\n<script type=\"application\/ld+json\" class=\"yoast-schema-graph\">{\"@context\":\"https:\/\/schema.org\",\"@graph\":[{\"@type\":\"Article\",\"@id\":\"https:\/\/uvbbrasil.com.br\/encontro-de-legislativos-em-brasilia-df-confira-a-programacao\/#article\",\"isPartOf\":{\"@id\":\"https:\/\/uvbbrasil.com.br\/encontro-de-legislativos-em-brasilia-df-confira-a-programacao\/\"},\"author\":{\"name\":\"adminuvb\",\"@id\":\"https:\/\/uvbbrasil.com.br\/#\/schema\/person\/17990098446c098f52effddff4f1b272\"},\"headline\":\"Encontro de Legislativos em Bras\u00edlia DE 16 A 19\/08, Veja a Programa\u00e7\u00e3o\",\"datePublished\":\"2022-08-08T19:05:19+00:00\",\"mainEntityOfPage\":{\"@id\":\"https:\/\/uvbbrasil.com.br\/encontro-de-legislativos-em-brasilia-df-confira-a-programacao\/\"},\"wordCount\":383,\"commentCount\":0,\"publisher\":{\"@id\":\"https:\/\/uvbbrasil.com.br\/#organization\"},\"image\":{\"@id\":\"https:\/\/uvbbrasil.com.br\/encontro-de-legislativos-em-brasilia-df-confira-a-programacao\/#primaryimage\"},\"thumbnailUrl\":\"https:\/\/uvbbrasil.com.br\/wp-content\/uploads\/2022\/01\/WhatsApp-Image-2022-05-27-at-11.31.02-1.jpeg\",\"articleSection\":[\"NOT\u00cdCIAS\",\"UVB\"],\"inLanguage\":\"pt-BR\",\"potentialAction\":[{\"@type\":\"CommentAction\",\"name\":\"Comment\",\"target\":[\"https:\/\/uvbbrasil.com.br\/encontro-de-legislativos-em-brasilia-df-confira-a-programacao\/#respond\"]}]},{\"@type\":\"WebPage\",\"@id\":\"https:\/\/uvbbrasil.com.br\/encontro-de-legislativos-em-brasilia-df-confira-a-programacao\/\",\"url\":\"https:\/\/uvbbrasil.com.br\/encontro-de-legislativos-em-brasilia-df-confira-a-programacao\/\",\"name\":\"Encontro de Legislativos em Bras\u00edlia DE 16 A 19\/08, Veja a Programa\u00e7\u00e3o - UVB Brasil\",\"isPartOf\":{\"@id\":\"https:\/\/uvbbrasil.com.br\/#website\"},\"primaryImageOfPage\":{\"@id\":\"https:\/\/uvbbrasil.com.br\/encontro-de-legislativos-em-brasilia-df-confira-a-programacao\/#primaryimage\"},\"image\":{\"@id\":\"https:\/\/uvbbrasil.com.br\/encontro-de-legislativos-em-brasilia-df-confira-a-programacao\/#primaryimage\"},\"thumbnailUrl\":\"https:\/\/uvbbrasil.com.br\/wp-content\/uploads\/2022\/01\/WhatsApp-Image-2022-05-27-at-11.31.02-1.jpeg\",\"datePublished\":\"2022-08-08T19:05:19+00:00\",\"breadcrumb\":{\"@id\":\"https:\/\/uvbbrasil.com.br\/encontro-de-legislativos-em-brasilia-df-confira-a-programacao\/#breadcrumb\"},\"inLanguage\":\"pt-BR\",\"potentialAction\":[{\"@type\":\"ReadAction\",\"target\":[\"https:\/\/uvbbrasil.com.br\/encontro-de-legislativos-em-brasilia-df-confira-a-programacao\/\"]}]},{\"@type\":\"ImageObject\",\"inLanguage\":\"pt-BR\",\"@id\":\"https:\/\/uvbbrasil.com.br\/encontro-de-legislativos-em-brasilia-df-confira-a-programacao\/#primaryimage\",\"url\":\"https:\/\/uvbbrasil.com.br\/wp-content\/uploads\/2022\/01\/WhatsApp-Image-2022-05-27-at-11.31.02-1.jpeg\",\"contentUrl\":\"https:\/\/uvbbrasil.com.br\/wp-content\/uploads\/2022\/01\/WhatsApp-Image-2022-05-27-at-11.31.02-1.jpeg\",\"width\":800,\"height\":800},{\"@type\":\"BreadcrumbList\",\"@id\":\"https:\/\/uvbbrasil.com.br\/encontro-de-legislativos-em-brasilia-df-confira-a-programacao\/#breadcrumb\",\"itemListElement\":[{\"@type\":\"ListItem\",\"position\":1,\"name\":\"In\u00edcio\",\"item\":\"https:\/\/uvbbrasil.com.br\/\"},{\"@type\":\"ListItem\",\"position\":2,\"name\":\"Encontro de Legislativos em Bras\u00edlia DE 16 A 19\/08, Veja a Programa\u00e7\u00e3o\"}]},{\"@type\":\"WebSite\",\"@id\":\"https:\/\/uvbbrasil.com.br\/#website\",\"url\":\"https:\/\/uvbbrasil.com.br\/\",\"name\":\"UVB Brasil\",\"description\":\"Uni\u00e3o dos Vereadores do Brasil\",\"publisher\":{\"@id\":\"https:\/\/uvbbrasil.com.br\/#organization\"},\"potentialAction\":[{\"@type\":\"SearchAction\",\"target\":{\"@type\":\"EntryPoint\",\"urlTemplate\":\"https:\/\/uvbbrasil.com.br\/?s={search_term_string}\"},\"query-input\":{\"@type\":\"PropertyValueSpecification\",\"valueRequired\":true,\"valueName\":\"search_term_string\"}}],\"inLanguage\":\"pt-BR\"},{\"@type\":\"Organization\",\"@id\":\"https:\/\/uvbbrasil.com.br\/#organization\",\"name\":\"UVB Brasil\",\"url\":\"https:\/\/uvbbrasil.com.br\/\",\"logo\":{\"@type\":\"ImageObject\",\"inLanguage\":\"pt-BR\",\"@id\":\"https:\/\/uvbbrasil.com.br\/#\/schema\/logo\/image\/\",\"url\":\"https:\/\/uvbbrasil.com.br\/wp-content\/uploads\/2025\/01\/LOGO-UVB-2024-azul-1.jpg\",\"contentUrl\":\"https:\/\/uvbbrasil.com.br\/wp-content\/uploads\/2025\/01\/LOGO-UVB-2024-azul-1.jpg\",\"width\":600,\"height\":211,\"caption\":\"UVB Brasil\"},\"image\":{\"@id\":\"https:\/\/uvbbrasil.com.br\/#\/schema\/logo\/image\/\"},\"sameAs\":[\"https:\/\/www.facebook.com\/uvb.vereadoresbrasil\",\"https:\/\/www.instagram.com\/uvbbrasil\/\",\"https:\/\/www.youtube.com\/channel\/UCIlPQ8Xzw5GHNzosQIg9S5A\"]},{\"@type\":\"Person\",\"@id\":\"https:\/\/uvbbrasil.com.br\/#\/schema\/person\/17990098446c098f52effddff4f1b272\",\"name\":\"adminuvb\",\"image\":{\"@type\":\"ImageObject\",\"inLanguage\":\"pt-BR\",\"@id\":\"https:\/\/uvbbrasil.com.br\/#\/schema\/person\/image\/\",\"url\":\"https:\/\/secure.gravatar.com\/avatar\/1a494ea6f8e2dd1ae526e55b0e9497efdba542491e0620d704cccf63c6f77c45?s=96&d=mm&r=g\",\"contentUrl\":\"https:\/\/secure.gravatar.com\/avatar\/1a494ea6f8e2dd1ae526e55b0e9497efdba542491e0620d704cccf63c6f77c45?s=96&d=mm&r=g\",\"caption\":\"adminuvb\"},\"sameAs\":[\"https:\/\/uvbbrasil.com.br\"],\"url\":\"https:\/\/uvbbrasil.com.br\/author\/adminuvb\/\"}]}<\/script>\n<!-- \/ Yoast SEO plugin. -->","yoast_head_json":{"title":"Encontro de Legislativos em Bras\u00edlia DE 16 A 19\/08, Veja a Programa\u00e7\u00e3o - UVB Brasil","robots":{"index":"index","follow":"follow","max-snippet":"max-snippet:-1","max-image-preview":"max-image-preview:large","max-video-preview":"max-video-preview:-1"},"canonical":"https:\/\/uvbbrasil.com.br\/encontro-de-legislativos-em-brasilia-df-confira-a-programacao\/","og_locale":"pt_BR","og_type":"article","og_title":"Encontro de Legislativos em Bras\u00edlia DE 16 A 19\/08, Veja a Programa\u00e7\u00e3o - UVB Brasil","og_description":"O Encontro tem o objetivo de fortalecer o poder legislativo municipal, levar qualifica\u00e7\u00e3o e conhecimento aos parlamentares,\u00a0 e promover a...","og_url":"https:\/\/uvbbrasil.com.br\/encontro-de-legislativos-em-brasilia-df-confira-a-programacao\/","og_site_name":"UVB Brasil","article_publisher":"https:\/\/www.facebook.com\/uvb.vereadoresbrasil","article_published_time":"2022-08-08T19:05:19+00:00","og_image":[{"width":800,"height":800,"url":"https:\/\/uvbbrasil.com.br\/wp-content\/uploads\/2022\/01\/WhatsApp-Image-2022-05-27-at-11.31.02-1.jpeg","type":"image\/jpeg"}],"author":"adminuvb","twitter_card":"summary_large_image","twitter_misc":{"Escrito por":"adminuvb","Est. tempo de leitura":"2 minutos"},"schema":{"@context":"https:\/\/schema.org","@graph":[{"@type":"Article","@id":"https:\/\/uvbbrasil.com.br\/encontro-de-legislativos-em-brasilia-df-confira-a-programacao\/#article","isPartOf":{"@id":"https:\/\/uvbbrasil.com.br\/encontro-de-legislativos-em-brasilia-df-confira-a-programacao\/"},"author":{"name":"adminuvb","@id":"https:\/\/uvbbrasil.com.br\/#\/schema\/person\/17990098446c098f52effddff4f1b272"},"headline":"Encontro de Legislativos em Bras\u00edlia DE 16 A 19\/08, Veja a Programa\u00e7\u00e3o","datePublished":"2022-08-08T19:05:19+00:00","mainEntityOfPage":{"@id":"https:\/\/uvbbrasil.com.br\/encontro-de-legislativos-em-brasilia-df-confira-a-programacao\/"},"wordCount":383,"commentCount":0,"publisher":{"@id":"https:\/\/uvbbrasil.com.br\/#organization"},"image":{"@id":"https:\/\/uvbbrasil.com.br\/encontro-de-legislativos-em-brasilia-df-confira-a-programacao\/#primaryimage"},"thumbnailUrl":"https:\/\/uvbbrasil.com.br\/wp-content\/uploads\/2022\/01\/WhatsApp-Image-2022-05-27-at-11.31.02-1.jpeg","articleSection":["NOT\u00cdCIAS","UVB"],"inLanguage":"pt-BR","potentialAction":[{"@type":"CommentAction","name":"Comment","target":["https:\/\/uvbbrasil.com.br\/encontro-de-legislativos-em-brasilia-df-confira-a-programacao\/#respond"]}]},{"@type":"WebPage","@id":"https:\/\/uvbbrasil.com.br\/encontro-de-legislativos-em-brasilia-df-confira-a-programacao\/","url":"https:\/\/uvbbrasil.com.br\/encontro-de-legislativos-em-brasilia-df-confira-a-programacao\/","name":"Encontro de Legislativos em Bras\u00edlia DE 16 A 19\/08, Veja a Programa\u00e7\u00e3o - UVB Brasil","isPartOf":{"@id":"https:\/\/uvbbrasil.com.br\/#website"},"primaryImageOfPage":{"@id":"https:\/\/uvbbrasil.com.br\/encontro-de-legislativos-em-brasilia-df-confira-a-programacao\/#primaryimage"},"image":{"@id":"https:\/\/uvbbrasil.com.br\/encontro-de-legislativos-em-brasilia-df-confira-a-programacao\/#primaryimage"},"thumbnailUrl":"https:\/\/uvbbrasil.com.br\/wp-content\/uploads\/2022\/01\/WhatsApp-Image-2022-05-27-at-11.31.02-1.jpeg","datePublished":"2022-08-08T19:05:19+00:00","breadcrumb":{"@id":"https:\/\/uvbbrasil.com.br\/encontro-de-legislativos-em-brasilia-df-confira-a-programacao\/#breadcrumb"},"inLanguage":"pt-BR","potentialAction":[{"@type":"ReadAction","target":["https:\/\/uvbbrasil.com.br\/encontro-de-legislativos-em-brasilia-df-confira-a-programacao\/"]}]},{"@type":"ImageObject","inLanguage":"pt-BR","@id":"https:\/\/uvbbrasil.com.br\/encontro-de-legislativos-em-brasilia-df-confira-a-programacao\/#primaryimage","url":"https:\/\/uvbbrasil.com.br\/wp-content\/uploads\/2022\/01\/WhatsApp-Image-2022-05-27-at-11.31.02-1.jpeg","contentUrl":"https:\/\/uvbbrasil.com.br\/wp-content\/uploads\/2022\/01\/WhatsApp-Image-2022-05-27-at-11.31.02-1.jpeg","width":800,"height":800},{"@type":"BreadcrumbList","@id":"https:\/\/uvbbrasil.com.br\/encontro-de-legislativos-em-brasilia-df-confira-a-programacao\/#breadcrumb","itemListElement":[{"@type":"ListItem","position":1,"name":"In\u00edcio","item":"https:\/\/uvbbrasil.com.br\/"},{"@type":"ListItem","position":2,"name":"Encontro de Legislativos em Bras\u00edlia DE 16 A 19\/08, Veja a Programa\u00e7\u00e3o"}]},{"@type":"WebSite","@id":"https:\/\/uvbbrasil.com.br\/#website","url":"https:\/\/uvbbrasil.com.br\/","name":"UVB Brasil","description":"Uni\u00e3o dos Vereadores do Brasil","publisher":{"@id":"https:\/\/uvbbrasil.com.br\/#organization"},"potentialAction":[{"@type":"SearchAction","target":{"@type":"EntryPoint","urlTemplate":"https:\/\/uvbbrasil.com.br\/?s={search_term_string}"},"query-input":{"@type":"PropertyValueSpecification","valueRequired":true,"valueName":"search_term_string"}}],"inLanguage":"pt-BR"},{"@type":"Organization","@id":"https:\/\/uvbbrasil.com.br\/#organization","name":"UVB Brasil","url":"https:\/\/uvbbrasil.com.br\/","logo":{"@type":"ImageObject","inLanguage":"pt-BR","@id":"https:\/\/uvbbrasil.com.br\/#\/schema\/logo\/image\/","url":"https:\/\/uvbbrasil.com.br\/wp-content\/uploads\/2025\/01\/LOGO-UVB-2024-azul-1.jpg","contentUrl":"https:\/\/uvbbrasil.com.br\/wp-content\/uploads\/2025\/01\/LOGO-UVB-2024-azul-1.jpg","width":600,"height":211,"caption":"UVB Brasil"},"image":{"@id":"https:\/\/uvbbrasil.com.br\/#\/schema\/logo\/image\/"},"sameAs":["https:\/\/www.facebook.com\/uvb.vereadoresbrasil","https:\/\/www.instagram.com\/uvbbrasil\/","https:\/\/www.youtube.com\/channel\/UCIlPQ8Xzw5GHNzosQIg9S5A"]},{"@type":"Person","@id":"https:\/\/uvbbrasil.com.br\/#\/schema\/person\/17990098446c098f52effddff4f1b272","name":"adminuvb","image":{"@type":"ImageObject","inLanguage":"pt-BR","@id":"https:\/\/uvbbrasil.com.br\/#\/schema\/person\/image\/","url":"https:\/\/secure.gravatar.com\/avatar\/1a494ea6f8e2dd1ae526e55b0e9497efdba542491e0620d704cccf63c6f77c45?s=96&d=mm&r=g","contentUrl":"https:\/\/secure.gravatar.com\/avatar\/1a494ea6f8e2dd1ae526e55b0e9497efdba542491e0620d704cccf63c6f77c45?s=96&d=mm&r=g","caption":"adminuvb"},"sameAs":["https:\/\/uvbbrasil.com.br"],"url":"https:\/\/uvbbrasil.com.br\/author\/adminuvb\/"}]}},"_links":{"self":[{"href":"https:\/\/uvbbrasil.com.br\/uvb-json\/wp\/v2\/posts\/26694","targetHints":{"allow":["GET"]}}],"collection":[{"href":"https:\/\/uvbbrasil.com.br\/uvb-json\/wp\/v2\/posts"}],"about":[{"href":"https:\/\/uvbbrasil.com.br\/uvb-json\/wp\/v2\/types\/post"}],"author":[{"embeddable":true,"href":"https:\/\/uvbbrasil.com.br\/uvb-json\/wp\/v2\/users\/1"}],"replies":[{"embeddable":true,"href":"https:\/\/uvbbrasil.com.br\/uvb-json\/wp\/v2\/comments?post=26694"}],"version-history":[{"count":0,"href":"https:\/\/uvbbrasil.com.br\/uvb-json\/wp\/v2\/posts\/26694\/revisions"}],"wp:featuredmedia":[{"embeddable":true,"href":"https:\/\/uvbbrasil.com.br\/uvb-json\/wp\/v2\/media\/26081"}],"wp:attachment":[{"href":"https:\/\/uvbbrasil.com.br\/uvb-json\/wp\/v2\/media?parent=26694"}],"wp:term":[{"taxonomy":"category","embeddable":true,"href":"https:\/\/uvbbrasil.com.br\/uvb-json\/wp\/v2\/categories?post=26694"},{"taxonomy":"post_tag","embeddable":true,"href":"https:\/\/uvbbrasil.com.br\/uvb-json\/wp\/v2\/tags?post=26694"}],"curies":[{"name":"wp","href":"https:\/\/api.w.org\/{rel}","templated":true}]}}