{"id":26677,"date":"2022-07-25T10:51:29","date_gmt":"2022-07-25T13:51:29","guid":{"rendered":"https:\/\/wpsandbox4.pante.com.br\/?p=26677"},"modified":"2022-07-25T10:51:29","modified_gmt":"2022-07-25T13:51:29","slug":"medalha-merito-municipalista-em-educacao-e-entregue-em-sao-miguel-do-gostoso-rn","status":"publish","type":"post","link":"https:\/\/uvbbrasil.com.br\/medalha-merito-municipalista-em-educacao-e-entregue-em-sao-miguel-do-gostoso-rn\/","title":{"rendered":"Medalha M\u00e9rito Municipalista em Educa\u00e7\u00e3o \u00e9 entregue em S\u00e3o Miguel do Gostoso"},"content":{"rendered":"<p>A Uni\u00e3o dos Vereadores do Brasil\/UVB, atrav\u00e9s do presidente, Gilson Conzatti, homenageou o Professor Jo\u00e3o Maria de Lima com a medalha M\u00e9rito Municipalista em Educa\u00e7\u00e3o, durante a programa\u00e7\u00e3o do Encontro Nacional de Legislativos Municipais em S\u00e3o Miguel do Gostoso\/RN<\/p>\n<p>A Medalha M\u00e9rito Municipalista em Educa\u00e7\u00e3o tem o objetivo de valorizar quem faz a diferen\u00e7a na educa\u00e7\u00e3o, a condecora\u00e7\u00e3o \u00e9 destinada a agraciar, profissionais em educa\u00e7\u00e3o, administradores municipais, entidades e personalidades da sociedade civil, que se destacam na constru\u00e7\u00e3o da Educa\u00e7\u00e3o, Cultura e Cidadania nos munic\u00edpios brasileiros.<\/p>\n<p>Jo\u00e3o Maria de Lima, foi indicado pela UVB pelos trabalhos desenvolvidos no Estado do Rio Grande do Norte onde\u00a0 \u00e9 professor h\u00e1 26 anos, Mestre em Letras, Diretor da Escola da Assembleia do RN, Presidente da Associa\u00e7\u00e3o Potiguar das Escolas do Legislativo, Vice-Presidente da Associa\u00e7\u00e3o Brasileira das Escolas do Legislativo e de Contas e fomentou a cria\u00e7\u00e3o de 67 Escolas Legislativas no Rio Grande do Norte.<\/p>\n<p>O professor Jo\u00e3o Maria agradeceu a UVB pela homenagem e citou a\u00a0 import\u00e2ncia da institui\u00e7\u00e3o que tanto tem lutado pela qualifica\u00e7\u00e3o\u00a0 do poder legislativo no Brasil inteiro, honrado em fazer o trabalho de qualifica\u00e7\u00e3o na cria\u00e7\u00e3o e expans\u00e3o de escolas legislativas levando cidadania e que quando uma institui\u00e7\u00e3o que congrega tantos vereadores no Brasil do porte da UVB homenageia um profissional da educa\u00e7\u00e3o significa que este trabalho est\u00e1 rendendo frutos e relata que a honraria tem duplo significado por se trata de uma homenagem de uma institui\u00e7\u00e3o que leva a qualifica\u00e7\u00e3o\u00a0 e fortalece o poder legislativo municipal em todo o Brasil.<\/p>\n<p>A medalha foi entregue pelo Presidente da UVB, Gilson Conzatti, e representando os estados \u00a0estiveram participando com a sauda\u00e7\u00e3o o Presidente da Uni\u00e3o dos Vereadores do Rio Grande do Norte\/UVERN, Edinor Albuquerque e\u00a0 a diretor da Federa\u00e7\u00e3o das C\u00e2maras Municipais do Rio Grande do Norte\/FECAM, Erineide S\u00e1.<\/p>\n<p><img fetchpriority=\"high\" decoding=\"async\" class=\"alignnone size-medium wp-image-26681\" src=\"https:\/\/uvbbrasil.com.br\/wp-content\/uploads\/2022\/07\/WhatsApp-Image-2022-07-25-at-10.34.08-2-300x200.jpeg\" alt=\"\" width=\"300\" height=\"200\" srcset=\"https:\/\/uvbbrasil.com.br\/wp-content\/uploads\/2022\/07\/WhatsApp-Image-2022-07-25-at-10.34.08-2-300x200.jpeg 300w, https:\/\/uvbbrasil.com.br\/wp-content\/uploads\/2022\/07\/WhatsApp-Image-2022-07-25-at-10.34.08-2-1024x682.jpeg 1024w, https:\/\/uvbbrasil.com.br\/wp-content\/uploads\/2022\/07\/WhatsApp-Image-2022-07-25-at-10.34.08-2-768x512.jpeg 768w, https:\/\/uvbbrasil.com.br\/wp-content\/uploads\/2022\/07\/WhatsApp-Image-2022-07-25-at-10.34.08-2.jpeg 1280w\" sizes=\"(max-width: 300px) 100vw, 300px\" \/><img decoding=\"async\" class=\"alignnone size-medium wp-image-26683\" src=\"https:\/\/uvbbrasil.com.br\/wp-content\/uploads\/2022\/07\/WhatsApp-Image-2022-07-25-at-10.34.10-1-300x200.jpeg\" alt=\"\" width=\"300\" height=\"200\" srcset=\"https:\/\/uvbbrasil.com.br\/wp-content\/uploads\/2022\/07\/WhatsApp-Image-2022-07-25-at-10.34.10-1-300x200.jpeg 300w, https:\/\/uvbbrasil.com.br\/wp-content\/uploads\/2022\/07\/WhatsApp-Image-2022-07-25-at-10.34.10-1-1024x682.jpeg 1024w, https:\/\/uvbbrasil.com.br\/wp-content\/uploads\/2022\/07\/WhatsApp-Image-2022-07-25-at-10.34.10-1-768x512.jpeg 768w, https:\/\/uvbbrasil.com.br\/wp-content\/uploads\/2022\/07\/WhatsApp-Image-2022-07-25-at-10.34.10-1.jpeg 1280w\" sizes=\"(max-width: 300px) 100vw, 300px\" \/><img decoding=\"async\" class=\"alignnone size-medium wp-image-26684\" src=\"https:\/\/uvbbrasil.com.br\/wp-content\/uploads\/2022\/07\/WhatsApp-Image-2022-07-25-at-10.34.11-300x200.jpeg\" alt=\"\" width=\"300\" height=\"200\" srcset=\"https:\/\/uvbbrasil.com.br\/wp-content\/uploads\/2022\/07\/WhatsApp-Image-2022-07-25-at-10.34.11-300x200.jpeg 300w, https:\/\/uvbbrasil.com.br\/wp-content\/uploads\/2022\/07\/WhatsApp-Image-2022-07-25-at-10.34.11-1024x682.jpeg 1024w, https:\/\/uvbbrasil.com.br\/wp-content\/uploads\/2022\/07\/WhatsApp-Image-2022-07-25-at-10.34.11-768x512.jpeg 768w, https:\/\/uvbbrasil.com.br\/wp-content\/uploads\/2022\/07\/WhatsApp-Image-2022-07-25-at-10.34.11.jpeg 1280w\" sizes=\"(max-width: 300px) 100vw, 300px\" \/><img loading=\"lazy\" decoding=\"async\" class=\"alignnone size-medium wp-image-26685\" src=\"https:\/\/uvbbrasil.com.br\/wp-content\/uploads\/2022\/07\/WhatsApp-Image-2022-07-25-at-10.34.11-1-300x200.jpeg\" alt=\"\" width=\"300\" height=\"200\" srcset=\"https:\/\/uvbbrasil.com.br\/wp-content\/uploads\/2022\/07\/WhatsApp-Image-2022-07-25-at-10.34.11-1-300x200.jpeg 300w, https:\/\/uvbbrasil.com.br\/wp-content\/uploads\/2022\/07\/WhatsApp-Image-2022-07-25-at-10.34.11-1-1024x682.jpeg 1024w, https:\/\/uvbbrasil.com.br\/wp-content\/uploads\/2022\/07\/WhatsApp-Image-2022-07-25-at-10.34.11-1-768x512.jpeg 768w, https:\/\/uvbbrasil.com.br\/wp-content\/uploads\/2022\/07\/WhatsApp-Image-2022-07-25-at-10.34.11-1.jpeg 1280w\" sizes=\"(max-width: 300px) 100vw, 300px\" \/><img loading=\"lazy\" decoding=\"async\" class=\"alignnone size-medium wp-image-26686\" src=\"https:\/\/uvbbrasil.com.br\/wp-content\/uploads\/2022\/07\/WhatsApp-Image-2022-07-25-at-10.34.11-2-300x200.jpeg\" alt=\"\" width=\"300\" height=\"200\" srcset=\"https:\/\/uvbbrasil.com.br\/wp-content\/uploads\/2022\/07\/WhatsApp-Image-2022-07-25-at-10.34.11-2-300x200.jpeg 300w, https:\/\/uvbbrasil.com.br\/wp-content\/uploads\/2022\/07\/WhatsApp-Image-2022-07-25-at-10.34.11-2-1024x682.jpeg 1024w, https:\/\/uvbbrasil.com.br\/wp-content\/uploads\/2022\/07\/WhatsApp-Image-2022-07-25-at-10.34.11-2-768x512.jpeg 768w, https:\/\/uvbbrasil.com.br\/wp-content\/uploads\/2022\/07\/WhatsApp-Image-2022-07-25-at-10.34.11-2.jpeg 1280w\" sizes=\"(max-width: 300px) 100vw, 300px\" \/><img loading=\"lazy\" decoding=\"async\" class=\"alignnone size-medium wp-image-26678\" src=\"https:\/\/uvbbrasil.com.br\/wp-content\/uploads\/2022\/07\/WhatsApp-Image-2022-07-25-at-10.34.10-300x200.jpeg\" alt=\"\" width=\"300\" height=\"200\" srcset=\"https:\/\/uvbbrasil.com.br\/wp-content\/uploads\/2022\/07\/WhatsApp-Image-2022-07-25-at-10.34.10-300x200.jpeg 300w, https:\/\/uvbbrasil.com.br\/wp-content\/uploads\/2022\/07\/WhatsApp-Image-2022-07-25-at-10.34.10-1024x682.jpeg 1024w, https:\/\/uvbbrasil.com.br\/wp-content\/uploads\/2022\/07\/WhatsApp-Image-2022-07-25-at-10.34.10-768x512.jpeg 768w, https:\/\/uvbbrasil.com.br\/wp-content\/uploads\/2022\/07\/WhatsApp-Image-2022-07-25-at-10.34.10.jpeg 1280w\" sizes=\"(max-width: 300px) 100vw, 300px\" \/><img loading=\"lazy\" decoding=\"async\" class=\"alignnone size-medium wp-image-26679\" src=\"https:\/\/uvbbrasil.com.br\/wp-content\/uploads\/2022\/07\/WhatsApp-Image-2022-07-25-at-10.34.08-300x200.jpeg\" alt=\"\" width=\"300\" height=\"200\" srcset=\"https:\/\/uvbbrasil.com.br\/wp-content\/uploads\/2022\/07\/WhatsApp-Image-2022-07-25-at-10.34.08-300x200.jpeg 300w, https:\/\/uvbbrasil.com.br\/wp-content\/uploads\/2022\/07\/WhatsApp-Image-2022-07-25-at-10.34.08-1024x682.jpeg 1024w, https:\/\/uvbbrasil.com.br\/wp-content\/uploads\/2022\/07\/WhatsApp-Image-2022-07-25-at-10.34.08-768x512.jpeg 768w, https:\/\/uvbbrasil.com.br\/wp-content\/uploads\/2022\/07\/WhatsApp-Image-2022-07-25-at-10.34.08.jpeg 1280w\" sizes=\"(max-width: 300px) 100vw, 300px\" \/><\/p>\n","protected":false},"excerpt":{"rendered":"<p>A Uni\u00e3o dos Vereadores do Brasil\/UVB, atrav\u00e9s do presidente, Gilson Conzatti, homenageou o Professor Jo\u00e3o Maria de Lima com a&#8230;<\/p>\n","protected":false},"author":1,"featured_media":26679,"comment_status":"open","ping_status":"open","sticky":false,"template":"","format":"standard","meta":{"footnotes":""},"categories":[3,4],"tags":[],"class_list":["post-26677","post","type-post","status-publish","format-standard","has-post-thumbnail","hentry","category-noticias","category-home"],"yoast_head":"<!-- This site is optimized with the Yoast SEO plugin v26.7 - https:\/\/yoast.com\/wordpress\/plugins\/seo\/ -->\n<title>Medalha M\u00e9rito Municipalista em Educa\u00e7\u00e3o \u00e9 entregue em S\u00e3o Miguel do Gostoso - UVB Brasil<\/title>\n<meta name=\"robots\" content=\"index, follow, max-snippet:-1, max-image-preview:large, max-video-preview:-1\" \/>\n<link rel=\"canonical\" href=\"https:\/\/uvbbrasil.com.br\/medalha-merito-municipalista-em-educacao-e-entregue-em-sao-miguel-do-gostoso-rn\/\" \/>\n<meta property=\"og:locale\" content=\"pt_BR\" \/>\n<meta property=\"og:type\" content=\"article\" \/>\n<meta property=\"og:title\" content=\"Medalha M\u00e9rito Municipalista em Educa\u00e7\u00e3o \u00e9 entregue em S\u00e3o Miguel do Gostoso - UVB Brasil\" \/>\n<meta property=\"og:description\" content=\"A Uni\u00e3o dos Vereadores do Brasil\/UVB, atrav\u00e9s do presidente, Gilson Conzatti, homenageou o Professor Jo\u00e3o Maria de Lima com a...\" \/>\n<meta property=\"og:url\" content=\"https:\/\/uvbbrasil.com.br\/medalha-merito-municipalista-em-educacao-e-entregue-em-sao-miguel-do-gostoso-rn\/\" \/>\n<meta property=\"og:site_name\" content=\"UVB Brasil\" \/>\n<meta property=\"article:publisher\" content=\"https:\/\/www.facebook.com\/uvb.vereadoresbrasil\" \/>\n<meta property=\"article:published_time\" content=\"2022-07-25T13:51:29+00:00\" \/>\n<meta property=\"og:image\" content=\"https:\/\/uvbbrasil.com.br\/wp-content\/uploads\/2022\/07\/WhatsApp-Image-2022-07-25-at-10.34.08.jpeg\" \/>\n\t<meta property=\"og:image:width\" content=\"1280\" \/>\n\t<meta property=\"og:image:height\" content=\"853\" \/>\n\t<meta property=\"og:image:type\" content=\"image\/jpeg\" \/>\n<meta name=\"author\" content=\"adminuvb\" \/>\n<meta name=\"twitter:card\" content=\"summary_large_image\" \/>\n<meta name=\"twitter:label1\" content=\"Escrito por\" \/>\n\t<meta name=\"twitter:data1\" content=\"adminuvb\" \/>\n\t<meta name=\"twitter:label2\" content=\"Est. tempo de leitura\" \/>\n\t<meta name=\"twitter:data2\" content=\"3 minutos\" \/>\n<script type=\"application\/ld+json\" class=\"yoast-schema-graph\">{\"@context\":\"https:\/\/schema.org\",\"@graph\":[{\"@type\":\"Article\",\"@id\":\"https:\/\/uvbbrasil.com.br\/medalha-merito-municipalista-em-educacao-e-entregue-em-sao-miguel-do-gostoso-rn\/#article\",\"isPartOf\":{\"@id\":\"https:\/\/uvbbrasil.com.br\/medalha-merito-municipalista-em-educacao-e-entregue-em-sao-miguel-do-gostoso-rn\/\"},\"author\":{\"name\":\"adminuvb\",\"@id\":\"https:\/\/uvbbrasil.com.br\/#\/schema\/person\/17990098446c098f52effddff4f1b272\"},\"headline\":\"Medalha M\u00e9rito Municipalista em Educa\u00e7\u00e3o \u00e9 entregue em S\u00e3o Miguel do Gostoso\",\"datePublished\":\"2022-07-25T13:51:29+00:00\",\"mainEntityOfPage\":{\"@id\":\"https:\/\/uvbbrasil.com.br\/medalha-merito-municipalista-em-educacao-e-entregue-em-sao-miguel-do-gostoso-rn\/\"},\"wordCount\":349,\"commentCount\":0,\"publisher\":{\"@id\":\"https:\/\/uvbbrasil.com.br\/#organization\"},\"image\":{\"@id\":\"https:\/\/uvbbrasil.com.br\/medalha-merito-municipalista-em-educacao-e-entregue-em-sao-miguel-do-gostoso-rn\/#primaryimage\"},\"thumbnailUrl\":\"https:\/\/uvbbrasil.com.br\/wp-content\/uploads\/2022\/07\/WhatsApp-Image-2022-07-25-at-10.34.08.jpeg\",\"articleSection\":[\"NOT\u00cdCIAS\",\"UVB\"],\"inLanguage\":\"pt-BR\",\"potentialAction\":[{\"@type\":\"CommentAction\",\"name\":\"Comment\",\"target\":[\"https:\/\/uvbbrasil.com.br\/medalha-merito-municipalista-em-educacao-e-entregue-em-sao-miguel-do-gostoso-rn\/#respond\"]}]},{\"@type\":\"WebPage\",\"@id\":\"https:\/\/uvbbrasil.com.br\/medalha-merito-municipalista-em-educacao-e-entregue-em-sao-miguel-do-gostoso-rn\/\",\"url\":\"https:\/\/uvbbrasil.com.br\/medalha-merito-municipalista-em-educacao-e-entregue-em-sao-miguel-do-gostoso-rn\/\",\"name\":\"Medalha M\u00e9rito Municipalista em Educa\u00e7\u00e3o \u00e9 entregue em S\u00e3o Miguel do Gostoso - UVB Brasil\",\"isPartOf\":{\"@id\":\"https:\/\/uvbbrasil.com.br\/#website\"},\"primaryImageOfPage\":{\"@id\":\"https:\/\/uvbbrasil.com.br\/medalha-merito-municipalista-em-educacao-e-entregue-em-sao-miguel-do-gostoso-rn\/#primaryimage\"},\"image\":{\"@id\":\"https:\/\/uvbbrasil.com.br\/medalha-merito-municipalista-em-educacao-e-entregue-em-sao-miguel-do-gostoso-rn\/#primaryimage\"},\"thumbnailUrl\":\"https:\/\/uvbbrasil.com.br\/wp-content\/uploads\/2022\/07\/WhatsApp-Image-2022-07-25-at-10.34.08.jpeg\",\"datePublished\":\"2022-07-25T13:51:29+00:00\",\"breadcrumb\":{\"@id\":\"https:\/\/uvbbrasil.com.br\/medalha-merito-municipalista-em-educacao-e-entregue-em-sao-miguel-do-gostoso-rn\/#breadcrumb\"},\"inLanguage\":\"pt-BR\",\"potentialAction\":[{\"@type\":\"ReadAction\",\"target\":[\"https:\/\/uvbbrasil.com.br\/medalha-merito-municipalista-em-educacao-e-entregue-em-sao-miguel-do-gostoso-rn\/\"]}]},{\"@type\":\"ImageObject\",\"inLanguage\":\"pt-BR\",\"@id\":\"https:\/\/uvbbrasil.com.br\/medalha-merito-municipalista-em-educacao-e-entregue-em-sao-miguel-do-gostoso-rn\/#primaryimage\",\"url\":\"https:\/\/uvbbrasil.com.br\/wp-content\/uploads\/2022\/07\/WhatsApp-Image-2022-07-25-at-10.34.08.jpeg\",\"contentUrl\":\"https:\/\/uvbbrasil.com.br\/wp-content\/uploads\/2022\/07\/WhatsApp-Image-2022-07-25-at-10.34.08.jpeg\",\"width\":1280,\"height\":853},{\"@type\":\"BreadcrumbList\",\"@id\":\"https:\/\/uvbbrasil.com.br\/medalha-merito-municipalista-em-educacao-e-entregue-em-sao-miguel-do-gostoso-rn\/#breadcrumb\",\"itemListElement\":[{\"@type\":\"ListItem\",\"position\":1,\"name\":\"In\u00edcio\",\"item\":\"https:\/\/uvbbrasil.com.br\/\"},{\"@type\":\"ListItem\",\"position\":2,\"name\":\"Medalha M\u00e9rito Municipalista em Educa\u00e7\u00e3o \u00e9 entregue em S\u00e3o Miguel do Gostoso\"}]},{\"@type\":\"WebSite\",\"@id\":\"https:\/\/uvbbrasil.com.br\/#website\",\"url\":\"https:\/\/uvbbrasil.com.br\/\",\"name\":\"UVB Brasil\",\"description\":\"Uni\u00e3o dos Vereadores do Brasil\",\"publisher\":{\"@id\":\"https:\/\/uvbbrasil.com.br\/#organization\"},\"potentialAction\":[{\"@type\":\"SearchAction\",\"target\":{\"@type\":\"EntryPoint\",\"urlTemplate\":\"https:\/\/uvbbrasil.com.br\/?s={search_term_string}\"},\"query-input\":{\"@type\":\"PropertyValueSpecification\",\"valueRequired\":true,\"valueName\":\"search_term_string\"}}],\"inLanguage\":\"pt-BR\"},{\"@type\":\"Organization\",\"@id\":\"https:\/\/uvbbrasil.com.br\/#organization\",\"name\":\"UVB Brasil\",\"url\":\"https:\/\/uvbbrasil.com.br\/\",\"logo\":{\"@type\":\"ImageObject\",\"inLanguage\":\"pt-BR\",\"@id\":\"https:\/\/uvbbrasil.com.br\/#\/schema\/logo\/image\/\",\"url\":\"https:\/\/uvbbrasil.com.br\/wp-content\/uploads\/2025\/01\/LOGO-UVB-2024-azul-1.jpg\",\"contentUrl\":\"https:\/\/uvbbrasil.com.br\/wp-content\/uploads\/2025\/01\/LOGO-UVB-2024-azul-1.jpg\",\"width\":600,\"height\":211,\"caption\":\"UVB Brasil\"},\"image\":{\"@id\":\"https:\/\/uvbbrasil.com.br\/#\/schema\/logo\/image\/\"},\"sameAs\":[\"https:\/\/www.facebook.com\/uvb.vereadoresbrasil\",\"https:\/\/www.instagram.com\/uvbbrasil\/\",\"https:\/\/www.youtube.com\/channel\/UCIlPQ8Xzw5GHNzosQIg9S5A\"]},{\"@type\":\"Person\",\"@id\":\"https:\/\/uvbbrasil.com.br\/#\/schema\/person\/17990098446c098f52effddff4f1b272\",\"name\":\"adminuvb\",\"image\":{\"@type\":\"ImageObject\",\"inLanguage\":\"pt-BR\",\"@id\":\"https:\/\/uvbbrasil.com.br\/#\/schema\/person\/image\/\",\"url\":\"https:\/\/secure.gravatar.com\/avatar\/1a494ea6f8e2dd1ae526e55b0e9497efdba542491e0620d704cccf63c6f77c45?s=96&d=mm&r=g\",\"contentUrl\":\"https:\/\/secure.gravatar.com\/avatar\/1a494ea6f8e2dd1ae526e55b0e9497efdba542491e0620d704cccf63c6f77c45?s=96&d=mm&r=g\",\"caption\":\"adminuvb\"},\"sameAs\":[\"https:\/\/uvbbrasil.com.br\"],\"url\":\"https:\/\/uvbbrasil.com.br\/author\/adminuvb\/\"}]}<\/script>\n<!-- \/ Yoast SEO plugin. -->","yoast_head_json":{"title":"Medalha M\u00e9rito Municipalista em Educa\u00e7\u00e3o \u00e9 entregue em S\u00e3o Miguel do Gostoso - UVB Brasil","robots":{"index":"index","follow":"follow","max-snippet":"max-snippet:-1","max-image-preview":"max-image-preview:large","max-video-preview":"max-video-preview:-1"},"canonical":"https:\/\/uvbbrasil.com.br\/medalha-merito-municipalista-em-educacao-e-entregue-em-sao-miguel-do-gostoso-rn\/","og_locale":"pt_BR","og_type":"article","og_title":"Medalha M\u00e9rito Municipalista em Educa\u00e7\u00e3o \u00e9 entregue em S\u00e3o Miguel do Gostoso - UVB Brasil","og_description":"A Uni\u00e3o dos Vereadores do Brasil\/UVB, atrav\u00e9s do presidente, Gilson Conzatti, homenageou o Professor Jo\u00e3o Maria de Lima com a...","og_url":"https:\/\/uvbbrasil.com.br\/medalha-merito-municipalista-em-educacao-e-entregue-em-sao-miguel-do-gostoso-rn\/","og_site_name":"UVB Brasil","article_publisher":"https:\/\/www.facebook.com\/uvb.vereadoresbrasil","article_published_time":"2022-07-25T13:51:29+00:00","og_image":[{"width":1280,"height":853,"url":"https:\/\/uvbbrasil.com.br\/wp-content\/uploads\/2022\/07\/WhatsApp-Image-2022-07-25-at-10.34.08.jpeg","type":"image\/jpeg"}],"author":"adminuvb","twitter_card":"summary_large_image","twitter_misc":{"Escrito por":"adminuvb","Est. tempo de leitura":"3 minutos"},"schema":{"@context":"https:\/\/schema.org","@graph":[{"@type":"Article","@id":"https:\/\/uvbbrasil.com.br\/medalha-merito-municipalista-em-educacao-e-entregue-em-sao-miguel-do-gostoso-rn\/#article","isPartOf":{"@id":"https:\/\/uvbbrasil.com.br\/medalha-merito-municipalista-em-educacao-e-entregue-em-sao-miguel-do-gostoso-rn\/"},"author":{"name":"adminuvb","@id":"https:\/\/uvbbrasil.com.br\/#\/schema\/person\/17990098446c098f52effddff4f1b272"},"headline":"Medalha M\u00e9rito Municipalista em Educa\u00e7\u00e3o \u00e9 entregue em S\u00e3o Miguel do Gostoso","datePublished":"2022-07-25T13:51:29+00:00","mainEntityOfPage":{"@id":"https:\/\/uvbbrasil.com.br\/medalha-merito-municipalista-em-educacao-e-entregue-em-sao-miguel-do-gostoso-rn\/"},"wordCount":349,"commentCount":0,"publisher":{"@id":"https:\/\/uvbbrasil.com.br\/#organization"},"image":{"@id":"https:\/\/uvbbrasil.com.br\/medalha-merito-municipalista-em-educacao-e-entregue-em-sao-miguel-do-gostoso-rn\/#primaryimage"},"thumbnailUrl":"https:\/\/uvbbrasil.com.br\/wp-content\/uploads\/2022\/07\/WhatsApp-Image-2022-07-25-at-10.34.08.jpeg","articleSection":["NOT\u00cdCIAS","UVB"],"inLanguage":"pt-BR","potentialAction":[{"@type":"CommentAction","name":"Comment","target":["https:\/\/uvbbrasil.com.br\/medalha-merito-municipalista-em-educacao-e-entregue-em-sao-miguel-do-gostoso-rn\/#respond"]}]},{"@type":"WebPage","@id":"https:\/\/uvbbrasil.com.br\/medalha-merito-municipalista-em-educacao-e-entregue-em-sao-miguel-do-gostoso-rn\/","url":"https:\/\/uvbbrasil.com.br\/medalha-merito-municipalista-em-educacao-e-entregue-em-sao-miguel-do-gostoso-rn\/","name":"Medalha M\u00e9rito Municipalista em Educa\u00e7\u00e3o \u00e9 entregue em S\u00e3o Miguel do Gostoso - UVB Brasil","isPartOf":{"@id":"https:\/\/uvbbrasil.com.br\/#website"},"primaryImageOfPage":{"@id":"https:\/\/uvbbrasil.com.br\/medalha-merito-municipalista-em-educacao-e-entregue-em-sao-miguel-do-gostoso-rn\/#primaryimage"},"image":{"@id":"https:\/\/uvbbrasil.com.br\/medalha-merito-municipalista-em-educacao-e-entregue-em-sao-miguel-do-gostoso-rn\/#primaryimage"},"thumbnailUrl":"https:\/\/uvbbrasil.com.br\/wp-content\/uploads\/2022\/07\/WhatsApp-Image-2022-07-25-at-10.34.08.jpeg","datePublished":"2022-07-25T13:51:29+00:00","breadcrumb":{"@id":"https:\/\/uvbbrasil.com.br\/medalha-merito-municipalista-em-educacao-e-entregue-em-sao-miguel-do-gostoso-rn\/#breadcrumb"},"inLanguage":"pt-BR","potentialAction":[{"@type":"ReadAction","target":["https:\/\/uvbbrasil.com.br\/medalha-merito-municipalista-em-educacao-e-entregue-em-sao-miguel-do-gostoso-rn\/"]}]},{"@type":"ImageObject","inLanguage":"pt-BR","@id":"https:\/\/uvbbrasil.com.br\/medalha-merito-municipalista-em-educacao-e-entregue-em-sao-miguel-do-gostoso-rn\/#primaryimage","url":"https:\/\/uvbbrasil.com.br\/wp-content\/uploads\/2022\/07\/WhatsApp-Image-2022-07-25-at-10.34.08.jpeg","contentUrl":"https:\/\/uvbbrasil.com.br\/wp-content\/uploads\/2022\/07\/WhatsApp-Image-2022-07-25-at-10.34.08.jpeg","width":1280,"height":853},{"@type":"BreadcrumbList","@id":"https:\/\/uvbbrasil.com.br\/medalha-merito-municipalista-em-educacao-e-entregue-em-sao-miguel-do-gostoso-rn\/#breadcrumb","itemListElement":[{"@type":"ListItem","position":1,"name":"In\u00edcio","item":"https:\/\/uvbbrasil.com.br\/"},{"@type":"ListItem","position":2,"name":"Medalha M\u00e9rito Municipalista em Educa\u00e7\u00e3o \u00e9 entregue em S\u00e3o Miguel do Gostoso"}]},{"@type":"WebSite","@id":"https:\/\/uvbbrasil.com.br\/#website","url":"https:\/\/uvbbrasil.com.br\/","name":"UVB Brasil","description":"Uni\u00e3o dos Vereadores do Brasil","publisher":{"@id":"https:\/\/uvbbrasil.com.br\/#organization"},"potentialAction":[{"@type":"SearchAction","target":{"@type":"EntryPoint","urlTemplate":"https:\/\/uvbbrasil.com.br\/?s={search_term_string}"},"query-input":{"@type":"PropertyValueSpecification","valueRequired":true,"valueName":"search_term_string"}}],"inLanguage":"pt-BR"},{"@type":"Organization","@id":"https:\/\/uvbbrasil.com.br\/#organization","name":"UVB Brasil","url":"https:\/\/uvbbrasil.com.br\/","logo":{"@type":"ImageObject","inLanguage":"pt-BR","@id":"https:\/\/uvbbrasil.com.br\/#\/schema\/logo\/image\/","url":"https:\/\/uvbbrasil.com.br\/wp-content\/uploads\/2025\/01\/LOGO-UVB-2024-azul-1.jpg","contentUrl":"https:\/\/uvbbrasil.com.br\/wp-content\/uploads\/2025\/01\/LOGO-UVB-2024-azul-1.jpg","width":600,"height":211,"caption":"UVB Brasil"},"image":{"@id":"https:\/\/uvbbrasil.com.br\/#\/schema\/logo\/image\/"},"sameAs":["https:\/\/www.facebook.com\/uvb.vereadoresbrasil","https:\/\/www.instagram.com\/uvbbrasil\/","https:\/\/www.youtube.com\/channel\/UCIlPQ8Xzw5GHNzosQIg9S5A"]},{"@type":"Person","@id":"https:\/\/uvbbrasil.com.br\/#\/schema\/person\/17990098446c098f52effddff4f1b272","name":"adminuvb","image":{"@type":"ImageObject","inLanguage":"pt-BR","@id":"https:\/\/uvbbrasil.com.br\/#\/schema\/person\/image\/","url":"https:\/\/secure.gravatar.com\/avatar\/1a494ea6f8e2dd1ae526e55b0e9497efdba542491e0620d704cccf63c6f77c45?s=96&d=mm&r=g","contentUrl":"https:\/\/secure.gravatar.com\/avatar\/1a494ea6f8e2dd1ae526e55b0e9497efdba542491e0620d704cccf63c6f77c45?s=96&d=mm&r=g","caption":"adminuvb"},"sameAs":["https:\/\/uvbbrasil.com.br"],"url":"https:\/\/uvbbrasil.com.br\/author\/adminuvb\/"}]}},"_links":{"self":[{"href":"https:\/\/uvbbrasil.com.br\/uvb-json\/wp\/v2\/posts\/26677","targetHints":{"allow":["GET"]}}],"collection":[{"href":"https:\/\/uvbbrasil.com.br\/uvb-json\/wp\/v2\/posts"}],"about":[{"href":"https:\/\/uvbbrasil.com.br\/uvb-json\/wp\/v2\/types\/post"}],"author":[{"embeddable":true,"href":"https:\/\/uvbbrasil.com.br\/uvb-json\/wp\/v2\/users\/1"}],"replies":[{"embeddable":true,"href":"https:\/\/uvbbrasil.com.br\/uvb-json\/wp\/v2\/comments?post=26677"}],"version-history":[{"count":0,"href":"https:\/\/uvbbrasil.com.br\/uvb-json\/wp\/v2\/posts\/26677\/revisions"}],"wp:featuredmedia":[{"embeddable":true,"href":"https:\/\/uvbbrasil.com.br\/uvb-json\/wp\/v2\/media\/26679"}],"wp:attachment":[{"href":"https:\/\/uvbbrasil.com.br\/uvb-json\/wp\/v2\/media?parent=26677"}],"wp:term":[{"taxonomy":"category","embeddable":true,"href":"https:\/\/uvbbrasil.com.br\/uvb-json\/wp\/v2\/categories?post=26677"},{"taxonomy":"post_tag","embeddable":true,"href":"https:\/\/uvbbrasil.com.br\/uvb-json\/wp\/v2\/tags?post=26677"}],"curies":[{"name":"wp","href":"https:\/\/api.w.org\/{rel}","templated":true}]}}