{"id":26674,"date":"2022-07-25T09:45:19","date_gmt":"2022-07-25T12:45:19","guid":{"rendered":"https:\/\/wpsandbox4.pante.com.br\/?p=26674"},"modified":"2022-07-25T09:45:19","modified_gmt":"2022-07-25T12:45:19","slug":"eleicoes-2022-saiba-como-pedir-para-votar-em-transito","status":"publish","type":"post","link":"https:\/\/uvbbrasil.com.br\/eleicoes-2022-saiba-como-pedir-para-votar-em-transito\/","title":{"rendered":"Elei\u00e7\u00f5es 2022: saiba como pedir para votar em tr\u00e2nsito"},"content":{"rendered":"<p class=\"noticia-subtitulo\">\n<p>Eleitoras e eleitores que pretendem votar em tr\u00e2nsito devem ficar atentos ao prazo, que come\u00e7aram na segunda-feira (18), e aos procedimentos para fazer a solicita\u00e7\u00e3o.<\/p>\n<p>O voto em tr\u00e2nsito \u00e9 como uma transfer\u00eancia de domic\u00edlio eleitoral, mas tempor\u00e1ria. Por exemplo, moro no Rio de Janeiro, mas j\u00e1 sei que estarei em Bras\u00edlia no dia da vota\u00e7\u00e3o. Nessa hip\u00f3tese, basta informar \u00e0 Justi\u00e7a Eleitoral que pretende votar naquela cidade indicada.<\/p>\n<p>Resumindo: o voto em tr\u00e2nsito ocorre quando o eleitor est\u00e1 fora do seu domic\u00edlio eleitoral e indica outra cidade para votar, mas\u00a0<strong>somente em capitais e munic\u00edpios com mais de 100 mil eleitores<\/strong>. Essa possibilidade pode ocorrer no primeiro, no segundo ou em ambos os turnos. Neste ano, o primeiro turno est\u00e1 marcado para 2 de outubro e, eventual segundo turno, marcado para o dia 30 do mesmo m\u00eas.<\/p>\n<p><strong>Modalidades<\/strong><\/p>\n<p>Segundo o\u00a0<a href=\"http:\/\/www.planalto.gov.br\/ccivil_03\/leis\/L4737.htm#art135\"><strong>C\u00f3digo Eleitoral<\/strong><\/a>\u00a0(artigo 233-A) e a\u00a0<a href=\"https:\/\/www.tse.jus.br\/legislacao\/compilada\/res\/2021\/resolucao-no-23-669-de-14-de-dezembro-de-2021\"><strong>Resolu\u00e7\u00e3o TSE n\u00ba 23.669\/2021<\/strong><\/a>, que tamb\u00e9m trata do assunto, s\u00e3o duas as possibilidades de voto em tr\u00e2nsito:<\/p>\n<p>\u2013 Para quem estiver fora da cidade, mas dentro do mesmo estado em que vota, poder\u00e1 participar das elei\u00e7\u00f5es para os cargos de presidente da Rep\u00fablica, governador, senador, deputado federal, deputado estadual ou deputado distrital.<\/p>\n<p>\u2013 J\u00e1 as eleitoras e os eleitores que pretendem votar em outro estado poder\u00e3o participar da escolha apenas para o cargo de presidente da Rep\u00fablica.<\/p>\n<p>Vale refor\u00e7ar que n\u00e3o \u00e9 poss\u00edvel votar em tr\u00e2nsito fora do Brasil. No entanto, quem tem o t\u00edtulo de eleitor cadastrado no exterior e estiver em tr\u00e2nsito no territ\u00f3rio brasileiro poder\u00e1, sim, votar na elei\u00e7\u00e3o para o cargo de presidente da Rep\u00fablica, desde que habilitado dentro do prazo.<\/p>\n<p><strong>Como se habilitar<\/strong><\/p>\n<p>Se j\u00e1 tiverem a informa\u00e7\u00e3o com anteced\u00eancia de onde estar\u00e3o no dia das elei\u00e7\u00f5es, as eleitoras e os eleitores poder\u00e3o procurar qualquer cart\u00f3rio eleitoral para indicar onde pretendem votar. Os pedidos para voto em tr\u00e2nsito devem ser feitos em atendimento presencial. N\u00e3o h\u00e1 a op\u00e7\u00e3o de solicita\u00e7\u00e3o pela internet.<\/p>\n<p>Nesses casos, na hora de indicar onde pretende votar, a escolha vale para locais diferentes para o primeiro e segundo turnos, ou para o mesmo local nos dois turnos. Mas, depois de comunicado no cart\u00f3rio, no prazo estipulado (18 de julho a 18 de agosto), n\u00e3o h\u00e1 como mudar depois.<\/p>\n<p>Saiba mais\u00a0<a href=\"https:\/\/youtu.be\/55SCPO3Yhqw\">nesse v\u00eddeo<\/a>\u00a0no canal do TSE.<\/p>\n<p><strong>Prazos do voto em tr\u00e2nsito<\/strong><\/p>\n<p><strong>15 de julho<\/strong><\/p>\n<p>Compete aos Tribunais Regionais Eleitorais (TREs) designarem at\u00e9 o dia 15 de julho os locais de vota\u00e7\u00e3o entre os que j\u00e1 existirem ou cri\u00e1-los especificamente para receber eleitoras ou eleitores que desejam votar em tr\u00e2nsito.<\/p>\n<p><strong>17 de julho<\/strong><\/p>\n<p>A rela\u00e7\u00e3o dos locais onde haver\u00e1 voto em tr\u00e2nsito dever\u00e1 ser divulgada nas p\u00e1ginas dos tribunais eleitorais at\u00e9 17 de julho. A se\u00e7\u00e3o eleitoral que se destinar exclusivamente a essa modalidade dever\u00e1 conter no m\u00ednimo 50 e no m\u00e1ximo 400 eleitoras e eleitores. At\u00e9 18 de agosto de 2022, os TREs poder\u00e3o atualizar os locais dispon\u00edveis para o voto em tr\u00e2nsito em fun\u00e7\u00e3o da demanda, observando a permanente disponibilidade de vagas, atualizando de imediato a rela\u00e7\u00e3o dos locais.<\/p>\n<p><strong>18 de julho<\/strong><\/p>\n<p>De acordo com o\u00a0<a href=\"https:\/\/www.tse.jus.br\/eleicoes\/calendario-eleitoral\/calendario-eleitoral\">calend\u00e1rio eleitoral<\/a>\u00a0das Elei\u00e7\u00f5es 2022,\u00a0<a href=\"https:\/\/www.tse.jus.br\/comunicacao\/noticias\/2022\/Junho\/eleicoes-2022-prazo-para-solicitar-voto-em-transito-comeca-em-18-de-julho\">a partir do dia 18 de julho\u00a0at\u00e9 18 de agosto de 2022<\/a>, a eleitora ou o eleitor poder\u00e1 se habilitar perante a Justi\u00e7a Eleitoral para votar\u00a0em tr\u00e2nsito, indicando o local em que pretende votar, assim como alterar ou cancelar sua habilita\u00e7\u00e3o, caso j\u00e1 o tenha requerido. Fique atento e n\u00e3o perca o prazo!<\/p>\n<p>MM\/CM, DM<\/p>\n<p><img decoding=\"async\" class=\"alignnone size-medium wp-image-26675\" src=\"https:\/\/uvbbrasil.com.br\/wp-content\/uploads\/2022\/07\/63ab38bf-880c-4c22-bba5-8ea63a86e694-300x144.jpeg\" alt=\"\" width=\"300\" height=\"144\" srcset=\"https:\/\/uvbbrasil.com.br\/wp-content\/uploads\/2022\/07\/63ab38bf-880c-4c22-bba5-8ea63a86e694-300x144.jpeg 300w, https:\/\/uvbbrasil.com.br\/wp-content\/uploads\/2022\/07\/63ab38bf-880c-4c22-bba5-8ea63a86e694.jpeg 540w\" sizes=\"(max-width: 300px) 100vw, 300px\" \/><\/p>\n","protected":false},"excerpt":{"rendered":"<p>Eleitoras e eleitores que pretendem votar em tr\u00e2nsito devem ficar atentos ao prazo, que come\u00e7aram na segunda-feira (18), e aos&#8230;<\/p>\n","protected":false},"author":1,"featured_media":26675,"comment_status":"open","ping_status":"open","sticky":false,"template":"","format":"standard","meta":{"footnotes":""},"categories":[3],"tags":[],"class_list":["post-26674","post","type-post","status-publish","format-standard","has-post-thumbnail","hentry","category-noticias"],"yoast_head":"<!-- This site is optimized with the Yoast SEO plugin v26.7 - https:\/\/yoast.com\/wordpress\/plugins\/seo\/ -->\n<title>Elei\u00e7\u00f5es 2022: saiba como pedir para votar em tr\u00e2nsito - UVB Brasil<\/title>\n<meta name=\"robots\" content=\"index, follow, max-snippet:-1, max-image-preview:large, max-video-preview:-1\" \/>\n<link rel=\"canonical\" href=\"https:\/\/uvbbrasil.com.br\/eleicoes-2022-saiba-como-pedir-para-votar-em-transito\/\" \/>\n<meta property=\"og:locale\" content=\"pt_BR\" \/>\n<meta property=\"og:type\" content=\"article\" \/>\n<meta property=\"og:title\" content=\"Elei\u00e7\u00f5es 2022: saiba como pedir para votar em tr\u00e2nsito - UVB Brasil\" \/>\n<meta property=\"og:description\" content=\"Eleitoras e eleitores que pretendem votar em tr\u00e2nsito devem ficar atentos ao prazo, que come\u00e7aram na segunda-feira (18), e aos...\" \/>\n<meta property=\"og:url\" content=\"https:\/\/uvbbrasil.com.br\/eleicoes-2022-saiba-como-pedir-para-votar-em-transito\/\" \/>\n<meta property=\"og:site_name\" content=\"UVB Brasil\" \/>\n<meta property=\"article:publisher\" content=\"https:\/\/www.facebook.com\/uvb.vereadoresbrasil\" \/>\n<meta property=\"article:published_time\" content=\"2022-07-25T12:45:19+00:00\" \/>\n<meta property=\"og:image\" content=\"https:\/\/uvbbrasil.com.br\/wp-content\/uploads\/2022\/07\/63ab38bf-880c-4c22-bba5-8ea63a86e694.jpeg\" \/>\n\t<meta property=\"og:image:width\" content=\"540\" \/>\n\t<meta property=\"og:image:height\" content=\"260\" \/>\n\t<meta property=\"og:image:type\" content=\"image\/jpeg\" \/>\n<meta name=\"author\" content=\"adminuvb\" \/>\n<meta name=\"twitter:card\" content=\"summary_large_image\" \/>\n<meta name=\"twitter:label1\" content=\"Escrito por\" \/>\n\t<meta name=\"twitter:data1\" content=\"adminuvb\" \/>\n\t<meta name=\"twitter:label2\" content=\"Est. tempo de leitura\" \/>\n\t<meta name=\"twitter:data2\" content=\"3 minutos\" \/>\n<script type=\"application\/ld+json\" class=\"yoast-schema-graph\">{\"@context\":\"https:\/\/schema.org\",\"@graph\":[{\"@type\":\"Article\",\"@id\":\"https:\/\/uvbbrasil.com.br\/eleicoes-2022-saiba-como-pedir-para-votar-em-transito\/#article\",\"isPartOf\":{\"@id\":\"https:\/\/uvbbrasil.com.br\/eleicoes-2022-saiba-como-pedir-para-votar-em-transito\/\"},\"author\":{\"name\":\"adminuvb\",\"@id\":\"https:\/\/uvbbrasil.com.br\/#\/schema\/person\/17990098446c098f52effddff4f1b272\"},\"headline\":\"Elei\u00e7\u00f5es 2022: saiba como pedir para votar em tr\u00e2nsito\",\"datePublished\":\"2022-07-25T12:45:19+00:00\",\"mainEntityOfPage\":{\"@id\":\"https:\/\/uvbbrasil.com.br\/eleicoes-2022-saiba-como-pedir-para-votar-em-transito\/\"},\"wordCount\":628,\"commentCount\":0,\"publisher\":{\"@id\":\"https:\/\/uvbbrasil.com.br\/#organization\"},\"image\":{\"@id\":\"https:\/\/uvbbrasil.com.br\/eleicoes-2022-saiba-como-pedir-para-votar-em-transito\/#primaryimage\"},\"thumbnailUrl\":\"https:\/\/uvbbrasil.com.br\/wp-content\/uploads\/2022\/07\/63ab38bf-880c-4c22-bba5-8ea63a86e694.jpeg\",\"articleSection\":[\"NOT\u00cdCIAS\"],\"inLanguage\":\"pt-BR\",\"potentialAction\":[{\"@type\":\"CommentAction\",\"name\":\"Comment\",\"target\":[\"https:\/\/uvbbrasil.com.br\/eleicoes-2022-saiba-como-pedir-para-votar-em-transito\/#respond\"]}]},{\"@type\":\"WebPage\",\"@id\":\"https:\/\/uvbbrasil.com.br\/eleicoes-2022-saiba-como-pedir-para-votar-em-transito\/\",\"url\":\"https:\/\/uvbbrasil.com.br\/eleicoes-2022-saiba-como-pedir-para-votar-em-transito\/\",\"name\":\"Elei\u00e7\u00f5es 2022: saiba como pedir para votar em tr\u00e2nsito - UVB Brasil\",\"isPartOf\":{\"@id\":\"https:\/\/uvbbrasil.com.br\/#website\"},\"primaryImageOfPage\":{\"@id\":\"https:\/\/uvbbrasil.com.br\/eleicoes-2022-saiba-como-pedir-para-votar-em-transito\/#primaryimage\"},\"image\":{\"@id\":\"https:\/\/uvbbrasil.com.br\/eleicoes-2022-saiba-como-pedir-para-votar-em-transito\/#primaryimage\"},\"thumbnailUrl\":\"https:\/\/uvbbrasil.com.br\/wp-content\/uploads\/2022\/07\/63ab38bf-880c-4c22-bba5-8ea63a86e694.jpeg\",\"datePublished\":\"2022-07-25T12:45:19+00:00\",\"breadcrumb\":{\"@id\":\"https:\/\/uvbbrasil.com.br\/eleicoes-2022-saiba-como-pedir-para-votar-em-transito\/#breadcrumb\"},\"inLanguage\":\"pt-BR\",\"potentialAction\":[{\"@type\":\"ReadAction\",\"target\":[\"https:\/\/uvbbrasil.com.br\/eleicoes-2022-saiba-como-pedir-para-votar-em-transito\/\"]}]},{\"@type\":\"ImageObject\",\"inLanguage\":\"pt-BR\",\"@id\":\"https:\/\/uvbbrasil.com.br\/eleicoes-2022-saiba-como-pedir-para-votar-em-transito\/#primaryimage\",\"url\":\"https:\/\/uvbbrasil.com.br\/wp-content\/uploads\/2022\/07\/63ab38bf-880c-4c22-bba5-8ea63a86e694.jpeg\",\"contentUrl\":\"https:\/\/uvbbrasil.com.br\/wp-content\/uploads\/2022\/07\/63ab38bf-880c-4c22-bba5-8ea63a86e694.jpeg\",\"width\":540,\"height\":260},{\"@type\":\"BreadcrumbList\",\"@id\":\"https:\/\/uvbbrasil.com.br\/eleicoes-2022-saiba-como-pedir-para-votar-em-transito\/#breadcrumb\",\"itemListElement\":[{\"@type\":\"ListItem\",\"position\":1,\"name\":\"In\u00edcio\",\"item\":\"https:\/\/uvbbrasil.com.br\/\"},{\"@type\":\"ListItem\",\"position\":2,\"name\":\"Elei\u00e7\u00f5es 2022: saiba como pedir para votar em tr\u00e2nsito\"}]},{\"@type\":\"WebSite\",\"@id\":\"https:\/\/uvbbrasil.com.br\/#website\",\"url\":\"https:\/\/uvbbrasil.com.br\/\",\"name\":\"UVB Brasil\",\"description\":\"Uni\u00e3o dos Vereadores do Brasil\",\"publisher\":{\"@id\":\"https:\/\/uvbbrasil.com.br\/#organization\"},\"potentialAction\":[{\"@type\":\"SearchAction\",\"target\":{\"@type\":\"EntryPoint\",\"urlTemplate\":\"https:\/\/uvbbrasil.com.br\/?s={search_term_string}\"},\"query-input\":{\"@type\":\"PropertyValueSpecification\",\"valueRequired\":true,\"valueName\":\"search_term_string\"}}],\"inLanguage\":\"pt-BR\"},{\"@type\":\"Organization\",\"@id\":\"https:\/\/uvbbrasil.com.br\/#organization\",\"name\":\"UVB Brasil\",\"url\":\"https:\/\/uvbbrasil.com.br\/\",\"logo\":{\"@type\":\"ImageObject\",\"inLanguage\":\"pt-BR\",\"@id\":\"https:\/\/uvbbrasil.com.br\/#\/schema\/logo\/image\/\",\"url\":\"https:\/\/uvbbrasil.com.br\/wp-content\/uploads\/2025\/01\/LOGO-UVB-2024-azul-1.jpg\",\"contentUrl\":\"https:\/\/uvbbrasil.com.br\/wp-content\/uploads\/2025\/01\/LOGO-UVB-2024-azul-1.jpg\",\"width\":600,\"height\":211,\"caption\":\"UVB Brasil\"},\"image\":{\"@id\":\"https:\/\/uvbbrasil.com.br\/#\/schema\/logo\/image\/\"},\"sameAs\":[\"https:\/\/www.facebook.com\/uvb.vereadoresbrasil\",\"https:\/\/www.instagram.com\/uvbbrasil\/\",\"https:\/\/www.youtube.com\/channel\/UCIlPQ8Xzw5GHNzosQIg9S5A\"]},{\"@type\":\"Person\",\"@id\":\"https:\/\/uvbbrasil.com.br\/#\/schema\/person\/17990098446c098f52effddff4f1b272\",\"name\":\"adminuvb\",\"image\":{\"@type\":\"ImageObject\",\"inLanguage\":\"pt-BR\",\"@id\":\"https:\/\/uvbbrasil.com.br\/#\/schema\/person\/image\/\",\"url\":\"https:\/\/secure.gravatar.com\/avatar\/1a494ea6f8e2dd1ae526e55b0e9497efdba542491e0620d704cccf63c6f77c45?s=96&d=mm&r=g\",\"contentUrl\":\"https:\/\/secure.gravatar.com\/avatar\/1a494ea6f8e2dd1ae526e55b0e9497efdba542491e0620d704cccf63c6f77c45?s=96&d=mm&r=g\",\"caption\":\"adminuvb\"},\"sameAs\":[\"https:\/\/uvbbrasil.com.br\"],\"url\":\"https:\/\/uvbbrasil.com.br\/author\/adminuvb\/\"}]}<\/script>\n<!-- \/ Yoast SEO plugin. -->","yoast_head_json":{"title":"Elei\u00e7\u00f5es 2022: saiba como pedir para votar em tr\u00e2nsito - UVB Brasil","robots":{"index":"index","follow":"follow","max-snippet":"max-snippet:-1","max-image-preview":"max-image-preview:large","max-video-preview":"max-video-preview:-1"},"canonical":"https:\/\/uvbbrasil.com.br\/eleicoes-2022-saiba-como-pedir-para-votar-em-transito\/","og_locale":"pt_BR","og_type":"article","og_title":"Elei\u00e7\u00f5es 2022: saiba como pedir para votar em tr\u00e2nsito - UVB Brasil","og_description":"Eleitoras e eleitores que pretendem votar em tr\u00e2nsito devem ficar atentos ao prazo, que come\u00e7aram na segunda-feira (18), e aos...","og_url":"https:\/\/uvbbrasil.com.br\/eleicoes-2022-saiba-como-pedir-para-votar-em-transito\/","og_site_name":"UVB Brasil","article_publisher":"https:\/\/www.facebook.com\/uvb.vereadoresbrasil","article_published_time":"2022-07-25T12:45:19+00:00","og_image":[{"width":540,"height":260,"url":"https:\/\/uvbbrasil.com.br\/wp-content\/uploads\/2022\/07\/63ab38bf-880c-4c22-bba5-8ea63a86e694.jpeg","type":"image\/jpeg"}],"author":"adminuvb","twitter_card":"summary_large_image","twitter_misc":{"Escrito por":"adminuvb","Est. tempo de leitura":"3 minutos"},"schema":{"@context":"https:\/\/schema.org","@graph":[{"@type":"Article","@id":"https:\/\/uvbbrasil.com.br\/eleicoes-2022-saiba-como-pedir-para-votar-em-transito\/#article","isPartOf":{"@id":"https:\/\/uvbbrasil.com.br\/eleicoes-2022-saiba-como-pedir-para-votar-em-transito\/"},"author":{"name":"adminuvb","@id":"https:\/\/uvbbrasil.com.br\/#\/schema\/person\/17990098446c098f52effddff4f1b272"},"headline":"Elei\u00e7\u00f5es 2022: saiba como pedir para votar em tr\u00e2nsito","datePublished":"2022-07-25T12:45:19+00:00","mainEntityOfPage":{"@id":"https:\/\/uvbbrasil.com.br\/eleicoes-2022-saiba-como-pedir-para-votar-em-transito\/"},"wordCount":628,"commentCount":0,"publisher":{"@id":"https:\/\/uvbbrasil.com.br\/#organization"},"image":{"@id":"https:\/\/uvbbrasil.com.br\/eleicoes-2022-saiba-como-pedir-para-votar-em-transito\/#primaryimage"},"thumbnailUrl":"https:\/\/uvbbrasil.com.br\/wp-content\/uploads\/2022\/07\/63ab38bf-880c-4c22-bba5-8ea63a86e694.jpeg","articleSection":["NOT\u00cdCIAS"],"inLanguage":"pt-BR","potentialAction":[{"@type":"CommentAction","name":"Comment","target":["https:\/\/uvbbrasil.com.br\/eleicoes-2022-saiba-como-pedir-para-votar-em-transito\/#respond"]}]},{"@type":"WebPage","@id":"https:\/\/uvbbrasil.com.br\/eleicoes-2022-saiba-como-pedir-para-votar-em-transito\/","url":"https:\/\/uvbbrasil.com.br\/eleicoes-2022-saiba-como-pedir-para-votar-em-transito\/","name":"Elei\u00e7\u00f5es 2022: saiba como pedir para votar em tr\u00e2nsito - UVB Brasil","isPartOf":{"@id":"https:\/\/uvbbrasil.com.br\/#website"},"primaryImageOfPage":{"@id":"https:\/\/uvbbrasil.com.br\/eleicoes-2022-saiba-como-pedir-para-votar-em-transito\/#primaryimage"},"image":{"@id":"https:\/\/uvbbrasil.com.br\/eleicoes-2022-saiba-como-pedir-para-votar-em-transito\/#primaryimage"},"thumbnailUrl":"https:\/\/uvbbrasil.com.br\/wp-content\/uploads\/2022\/07\/63ab38bf-880c-4c22-bba5-8ea63a86e694.jpeg","datePublished":"2022-07-25T12:45:19+00:00","breadcrumb":{"@id":"https:\/\/uvbbrasil.com.br\/eleicoes-2022-saiba-como-pedir-para-votar-em-transito\/#breadcrumb"},"inLanguage":"pt-BR","potentialAction":[{"@type":"ReadAction","target":["https:\/\/uvbbrasil.com.br\/eleicoes-2022-saiba-como-pedir-para-votar-em-transito\/"]}]},{"@type":"ImageObject","inLanguage":"pt-BR","@id":"https:\/\/uvbbrasil.com.br\/eleicoes-2022-saiba-como-pedir-para-votar-em-transito\/#primaryimage","url":"https:\/\/uvbbrasil.com.br\/wp-content\/uploads\/2022\/07\/63ab38bf-880c-4c22-bba5-8ea63a86e694.jpeg","contentUrl":"https:\/\/uvbbrasil.com.br\/wp-content\/uploads\/2022\/07\/63ab38bf-880c-4c22-bba5-8ea63a86e694.jpeg","width":540,"height":260},{"@type":"BreadcrumbList","@id":"https:\/\/uvbbrasil.com.br\/eleicoes-2022-saiba-como-pedir-para-votar-em-transito\/#breadcrumb","itemListElement":[{"@type":"ListItem","position":1,"name":"In\u00edcio","item":"https:\/\/uvbbrasil.com.br\/"},{"@type":"ListItem","position":2,"name":"Elei\u00e7\u00f5es 2022: saiba como pedir para votar em tr\u00e2nsito"}]},{"@type":"WebSite","@id":"https:\/\/uvbbrasil.com.br\/#website","url":"https:\/\/uvbbrasil.com.br\/","name":"UVB Brasil","description":"Uni\u00e3o dos Vereadores do Brasil","publisher":{"@id":"https:\/\/uvbbrasil.com.br\/#organization"},"potentialAction":[{"@type":"SearchAction","target":{"@type":"EntryPoint","urlTemplate":"https:\/\/uvbbrasil.com.br\/?s={search_term_string}"},"query-input":{"@type":"PropertyValueSpecification","valueRequired":true,"valueName":"search_term_string"}}],"inLanguage":"pt-BR"},{"@type":"Organization","@id":"https:\/\/uvbbrasil.com.br\/#organization","name":"UVB Brasil","url":"https:\/\/uvbbrasil.com.br\/","logo":{"@type":"ImageObject","inLanguage":"pt-BR","@id":"https:\/\/uvbbrasil.com.br\/#\/schema\/logo\/image\/","url":"https:\/\/uvbbrasil.com.br\/wp-content\/uploads\/2025\/01\/LOGO-UVB-2024-azul-1.jpg","contentUrl":"https:\/\/uvbbrasil.com.br\/wp-content\/uploads\/2025\/01\/LOGO-UVB-2024-azul-1.jpg","width":600,"height":211,"caption":"UVB Brasil"},"image":{"@id":"https:\/\/uvbbrasil.com.br\/#\/schema\/logo\/image\/"},"sameAs":["https:\/\/www.facebook.com\/uvb.vereadoresbrasil","https:\/\/www.instagram.com\/uvbbrasil\/","https:\/\/www.youtube.com\/channel\/UCIlPQ8Xzw5GHNzosQIg9S5A"]},{"@type":"Person","@id":"https:\/\/uvbbrasil.com.br\/#\/schema\/person\/17990098446c098f52effddff4f1b272","name":"adminuvb","image":{"@type":"ImageObject","inLanguage":"pt-BR","@id":"https:\/\/uvbbrasil.com.br\/#\/schema\/person\/image\/","url":"https:\/\/secure.gravatar.com\/avatar\/1a494ea6f8e2dd1ae526e55b0e9497efdba542491e0620d704cccf63c6f77c45?s=96&d=mm&r=g","contentUrl":"https:\/\/secure.gravatar.com\/avatar\/1a494ea6f8e2dd1ae526e55b0e9497efdba542491e0620d704cccf63c6f77c45?s=96&d=mm&r=g","caption":"adminuvb"},"sameAs":["https:\/\/uvbbrasil.com.br"],"url":"https:\/\/uvbbrasil.com.br\/author\/adminuvb\/"}]}},"_links":{"self":[{"href":"https:\/\/uvbbrasil.com.br\/uvb-json\/wp\/v2\/posts\/26674","targetHints":{"allow":["GET"]}}],"collection":[{"href":"https:\/\/uvbbrasil.com.br\/uvb-json\/wp\/v2\/posts"}],"about":[{"href":"https:\/\/uvbbrasil.com.br\/uvb-json\/wp\/v2\/types\/post"}],"author":[{"embeddable":true,"href":"https:\/\/uvbbrasil.com.br\/uvb-json\/wp\/v2\/users\/1"}],"replies":[{"embeddable":true,"href":"https:\/\/uvbbrasil.com.br\/uvb-json\/wp\/v2\/comments?post=26674"}],"version-history":[{"count":0,"href":"https:\/\/uvbbrasil.com.br\/uvb-json\/wp\/v2\/posts\/26674\/revisions"}],"wp:featuredmedia":[{"embeddable":true,"href":"https:\/\/uvbbrasil.com.br\/uvb-json\/wp\/v2\/media\/26675"}],"wp:attachment":[{"href":"https:\/\/uvbbrasil.com.br\/uvb-json\/wp\/v2\/media?parent=26674"}],"wp:term":[{"taxonomy":"category","embeddable":true,"href":"https:\/\/uvbbrasil.com.br\/uvb-json\/wp\/v2\/categories?post=26674"},{"taxonomy":"post_tag","embeddable":true,"href":"https:\/\/uvbbrasil.com.br\/uvb-json\/wp\/v2\/tags?post=26674"}],"curies":[{"name":"wp","href":"https:\/\/api.w.org\/{rel}","templated":true}]}}