{"id":26635,"date":"2022-07-20T16:28:48","date_gmt":"2022-07-20T19:28:48","guid":{"rendered":"https:\/\/wpsandbox4.pante.com.br\/?p=26635"},"modified":"2022-07-20T16:28:48","modified_gmt":"2022-07-20T19:28:48","slug":"deputada-estadual-cristiane-dantas-fala-sobre-a-participacao-das-mulheres-na-politica","status":"publish","type":"post","link":"https:\/\/uvbbrasil.com.br\/deputada-estadual-cristiane-dantas-fala-sobre-a-participacao-das-mulheres-na-politica\/","title":{"rendered":"Deputada Estadual Cristiane Dantas fala sobre a participa\u00e7\u00e3o das mulheres na pol\u00edtica"},"content":{"rendered":"<p>A Deputada Estadual, Cristiane Bezerra de Souza Dantas, participou na manha desta quarta-feira(20) da programa\u00e7\u00e3o do Encontro Nacional de Legislativos Municipais em S\u00e3o Miguel do Gostoso\/RN, onde enfatizou sobre a participa\u00e7\u00e3o das mulheres na pol\u00edtica. Bacharel em Direito e em processamento de dados, a deputada segue em seu segundo mandato parlamentar na Assembleia Legislativa do Rio Grande do Norte.<\/p>\n<p>Na Casa Legislativa, tem passagem por importantes comiss\u00f5es t\u00e9cnicas como a Comiss\u00e3o de Constitui\u00e7\u00e3o e Justi\u00e7a, Finan\u00e7as e Fiscaliza\u00e7\u00e3o, Educa\u00e7\u00e3o e Direitos Humanos, al\u00e9m de ser presidente, desde 2017, da Frente Parlamentar da Mulher e vice-presidente da Frente Parlamentar em Defesa da Crian\u00e7a e do Adolescente.<\/p>\n<p>Incentivadora da Frente Parlamentar da Mulher criada em agosto de 2017,\u00a0 a deputada Cristiane Dantas, explica\u00a0 o objetivo\u00a0 da frente parlamentar que \u00e9\u00a0 fortalecer a luta pelos direitos da mulher atrav\u00e9s da uni\u00e3o de esfor\u00e7os do parlamento estadual, \u00f3rg\u00e3os p\u00fablicos, entidades e movimentos sociais para a execu\u00e7\u00e3o de pol\u00edticas p\u00fablicas que tenha a mulher como principal beneficiada.<\/p>\n<p>Nos \u00faltimos dois anos, a Frente Parlamentar realizou audi\u00eancias p\u00fablicas na Assembleia e tamb\u00e9m, de forma itinerante, visitou munic\u00edpios com alto \u00edndices de casos de viol\u00eancia dom\u00e9stica contra a mulher, em parcerias realizadas com a Defensoria P\u00fablica, Secretaria Estadual de Pol\u00edticas P\u00fablicas para as Mulheres e Tribunal de Justi\u00e7a.<\/p>\n<p><img fetchpriority=\"high\" decoding=\"async\" class=\"alignnone size-medium wp-image-26638\" src=\"https:\/\/uvbbrasil.com.br\/wp-content\/uploads\/2022\/07\/WhatsApp-Image-2022-07-20-at-15.14.26-300x169.jpeg\" alt=\"\" width=\"300\" height=\"169\" srcset=\"https:\/\/uvbbrasil.com.br\/wp-content\/uploads\/2022\/07\/WhatsApp-Image-2022-07-20-at-15.14.26-300x169.jpeg 300w, https:\/\/uvbbrasil.com.br\/wp-content\/uploads\/2022\/07\/WhatsApp-Image-2022-07-20-at-15.14.26-1024x576.jpeg 1024w, https:\/\/uvbbrasil.com.br\/wp-content\/uploads\/2022\/07\/WhatsApp-Image-2022-07-20-at-15.14.26-768x432.jpeg 768w, https:\/\/uvbbrasil.com.br\/wp-content\/uploads\/2022\/07\/WhatsApp-Image-2022-07-20-at-15.14.26-1536x864.jpeg 1536w, https:\/\/uvbbrasil.com.br\/wp-content\/uploads\/2022\/07\/WhatsApp-Image-2022-07-20-at-15.14.26.jpeg 1600w\" sizes=\"(max-width: 300px) 100vw, 300px\" \/><\/p>\n<p><img decoding=\"async\" class=\"alignnone size-medium wp-image-26637\" src=\"https:\/\/uvbbrasil.com.br\/wp-content\/uploads\/2022\/07\/WhatsApp-Image-2022-07-20-at-15.14.25-169x300.jpeg\" alt=\"\" width=\"169\" height=\"300\" srcset=\"https:\/\/uvbbrasil.com.br\/wp-content\/uploads\/2022\/07\/WhatsApp-Image-2022-07-20-at-15.14.25-169x300.jpeg 169w, https:\/\/uvbbrasil.com.br\/wp-content\/uploads\/2022\/07\/WhatsApp-Image-2022-07-20-at-15.14.25-576x1024.jpeg 576w, https:\/\/uvbbrasil.com.br\/wp-content\/uploads\/2022\/07\/WhatsApp-Image-2022-07-20-at-15.14.25-768x1365.jpeg 768w, https:\/\/uvbbrasil.com.br\/wp-content\/uploads\/2022\/07\/WhatsApp-Image-2022-07-20-at-15.14.25-864x1536.jpeg 864w, https:\/\/uvbbrasil.com.br\/wp-content\/uploads\/2022\/07\/WhatsApp-Image-2022-07-20-at-15.14.25.jpeg 900w\" sizes=\"(max-width: 169px) 100vw, 169px\" \/><\/p>\n<p><img decoding=\"async\" class=\"alignnone size-medium wp-image-26636\" src=\"https:\/\/uvbbrasil.com.br\/wp-content\/uploads\/2022\/07\/WhatsApp-Image-2022-07-20-at-11.06.47-300x169.jpeg\" alt=\"\" width=\"300\" height=\"169\" srcset=\"https:\/\/uvbbrasil.com.br\/wp-content\/uploads\/2022\/07\/WhatsApp-Image-2022-07-20-at-11.06.47-300x169.jpeg 300w, https:\/\/uvbbrasil.com.br\/wp-content\/uploads\/2022\/07\/WhatsApp-Image-2022-07-20-at-11.06.47-1024x576.jpeg 1024w, https:\/\/uvbbrasil.com.br\/wp-content\/uploads\/2022\/07\/WhatsApp-Image-2022-07-20-at-11.06.47-768x432.jpeg 768w, https:\/\/uvbbrasil.com.br\/wp-content\/uploads\/2022\/07\/WhatsApp-Image-2022-07-20-at-11.06.47-1536x864.jpeg 1536w, https:\/\/uvbbrasil.com.br\/wp-content\/uploads\/2022\/07\/WhatsApp-Image-2022-07-20-at-11.06.47.jpeg 1600w\" sizes=\"(max-width: 300px) 100vw, 300px\" \/><\/p>\n","protected":false},"excerpt":{"rendered":"<p>A Deputada Estadual, Cristiane Bezerra de Souza Dantas, participou na manha desta quarta-feira(20) da programa\u00e7\u00e3o do Encontro Nacional de Legislativos&#8230;<\/p>\n","protected":false},"author":1,"featured_media":26638,"comment_status":"open","ping_status":"open","sticky":false,"template":"","format":"standard","meta":{"footnotes":""},"categories":[3,4],"tags":[],"class_list":["post-26635","post","type-post","status-publish","format-standard","has-post-thumbnail","hentry","category-noticias","category-home"],"yoast_head":"<!-- This site is optimized with the Yoast SEO plugin v26.7 - https:\/\/yoast.com\/wordpress\/plugins\/seo\/ -->\n<title>Deputada Estadual Cristiane Dantas fala sobre a participa\u00e7\u00e3o das mulheres na pol\u00edtica - UVB Brasil<\/title>\n<meta name=\"robots\" content=\"index, follow, max-snippet:-1, max-image-preview:large, max-video-preview:-1\" \/>\n<link rel=\"canonical\" href=\"https:\/\/uvbbrasil.com.br\/deputada-estadual-cristiane-dantas-fala-sobre-a-participacao-das-mulheres-na-politica\/\" \/>\n<meta property=\"og:locale\" content=\"pt_BR\" \/>\n<meta property=\"og:type\" content=\"article\" \/>\n<meta property=\"og:title\" content=\"Deputada Estadual Cristiane Dantas fala sobre a participa\u00e7\u00e3o das mulheres na pol\u00edtica - UVB Brasil\" \/>\n<meta property=\"og:description\" content=\"A Deputada Estadual, Cristiane Bezerra de Souza Dantas, participou na manha desta quarta-feira(20) da programa\u00e7\u00e3o do Encontro Nacional de Legislativos...\" \/>\n<meta property=\"og:url\" content=\"https:\/\/uvbbrasil.com.br\/deputada-estadual-cristiane-dantas-fala-sobre-a-participacao-das-mulheres-na-politica\/\" \/>\n<meta property=\"og:site_name\" content=\"UVB Brasil\" \/>\n<meta property=\"article:publisher\" content=\"https:\/\/www.facebook.com\/uvb.vereadoresbrasil\" \/>\n<meta property=\"article:published_time\" content=\"2022-07-20T19:28:48+00:00\" \/>\n<meta property=\"og:image\" content=\"https:\/\/uvbbrasil.com.br\/wp-content\/uploads\/2022\/07\/WhatsApp-Image-2022-07-20-at-15.14.26.jpeg\" \/>\n\t<meta property=\"og:image:width\" content=\"1600\" \/>\n\t<meta property=\"og:image:height\" content=\"900\" \/>\n\t<meta property=\"og:image:type\" content=\"image\/jpeg\" \/>\n<meta name=\"author\" content=\"adminuvb\" \/>\n<meta name=\"twitter:card\" content=\"summary_large_image\" \/>\n<meta name=\"twitter:label1\" content=\"Escrito por\" \/>\n\t<meta name=\"twitter:data1\" content=\"adminuvb\" \/>\n\t<meta name=\"twitter:label2\" content=\"Est. tempo de leitura\" \/>\n\t<meta name=\"twitter:data2\" content=\"2 minutos\" \/>\n<script type=\"application\/ld+json\" class=\"yoast-schema-graph\">{\"@context\":\"https:\/\/schema.org\",\"@graph\":[{\"@type\":\"Article\",\"@id\":\"https:\/\/uvbbrasil.com.br\/deputada-estadual-cristiane-dantas-fala-sobre-a-participacao-das-mulheres-na-politica\/#article\",\"isPartOf\":{\"@id\":\"https:\/\/uvbbrasil.com.br\/deputada-estadual-cristiane-dantas-fala-sobre-a-participacao-das-mulheres-na-politica\/\"},\"author\":{\"name\":\"adminuvb\",\"@id\":\"https:\/\/uvbbrasil.com.br\/#\/schema\/person\/17990098446c098f52effddff4f1b272\"},\"headline\":\"Deputada Estadual Cristiane Dantas fala sobre a participa\u00e7\u00e3o das mulheres na pol\u00edtica\",\"datePublished\":\"2022-07-20T19:28:48+00:00\",\"mainEntityOfPage\":{\"@id\":\"https:\/\/uvbbrasil.com.br\/deputada-estadual-cristiane-dantas-fala-sobre-a-participacao-das-mulheres-na-politica\/\"},\"wordCount\":255,\"commentCount\":0,\"publisher\":{\"@id\":\"https:\/\/uvbbrasil.com.br\/#organization\"},\"image\":{\"@id\":\"https:\/\/uvbbrasil.com.br\/deputada-estadual-cristiane-dantas-fala-sobre-a-participacao-das-mulheres-na-politica\/#primaryimage\"},\"thumbnailUrl\":\"https:\/\/uvbbrasil.com.br\/wp-content\/uploads\/2022\/07\/WhatsApp-Image-2022-07-20-at-15.14.26.jpeg\",\"articleSection\":[\"NOT\u00cdCIAS\",\"UVB\"],\"inLanguage\":\"pt-BR\",\"potentialAction\":[{\"@type\":\"CommentAction\",\"name\":\"Comment\",\"target\":[\"https:\/\/uvbbrasil.com.br\/deputada-estadual-cristiane-dantas-fala-sobre-a-participacao-das-mulheres-na-politica\/#respond\"]}]},{\"@type\":\"WebPage\",\"@id\":\"https:\/\/uvbbrasil.com.br\/deputada-estadual-cristiane-dantas-fala-sobre-a-participacao-das-mulheres-na-politica\/\",\"url\":\"https:\/\/uvbbrasil.com.br\/deputada-estadual-cristiane-dantas-fala-sobre-a-participacao-das-mulheres-na-politica\/\",\"name\":\"Deputada Estadual Cristiane Dantas fala sobre a participa\u00e7\u00e3o das mulheres na pol\u00edtica - UVB Brasil\",\"isPartOf\":{\"@id\":\"https:\/\/uvbbrasil.com.br\/#website\"},\"primaryImageOfPage\":{\"@id\":\"https:\/\/uvbbrasil.com.br\/deputada-estadual-cristiane-dantas-fala-sobre-a-participacao-das-mulheres-na-politica\/#primaryimage\"},\"image\":{\"@id\":\"https:\/\/uvbbrasil.com.br\/deputada-estadual-cristiane-dantas-fala-sobre-a-participacao-das-mulheres-na-politica\/#primaryimage\"},\"thumbnailUrl\":\"https:\/\/uvbbrasil.com.br\/wp-content\/uploads\/2022\/07\/WhatsApp-Image-2022-07-20-at-15.14.26.jpeg\",\"datePublished\":\"2022-07-20T19:28:48+00:00\",\"breadcrumb\":{\"@id\":\"https:\/\/uvbbrasil.com.br\/deputada-estadual-cristiane-dantas-fala-sobre-a-participacao-das-mulheres-na-politica\/#breadcrumb\"},\"inLanguage\":\"pt-BR\",\"potentialAction\":[{\"@type\":\"ReadAction\",\"target\":[\"https:\/\/uvbbrasil.com.br\/deputada-estadual-cristiane-dantas-fala-sobre-a-participacao-das-mulheres-na-politica\/\"]}]},{\"@type\":\"ImageObject\",\"inLanguage\":\"pt-BR\",\"@id\":\"https:\/\/uvbbrasil.com.br\/deputada-estadual-cristiane-dantas-fala-sobre-a-participacao-das-mulheres-na-politica\/#primaryimage\",\"url\":\"https:\/\/uvbbrasil.com.br\/wp-content\/uploads\/2022\/07\/WhatsApp-Image-2022-07-20-at-15.14.26.jpeg\",\"contentUrl\":\"https:\/\/uvbbrasil.com.br\/wp-content\/uploads\/2022\/07\/WhatsApp-Image-2022-07-20-at-15.14.26.jpeg\",\"width\":1600,\"height\":900},{\"@type\":\"BreadcrumbList\",\"@id\":\"https:\/\/uvbbrasil.com.br\/deputada-estadual-cristiane-dantas-fala-sobre-a-participacao-das-mulheres-na-politica\/#breadcrumb\",\"itemListElement\":[{\"@type\":\"ListItem\",\"position\":1,\"name\":\"In\u00edcio\",\"item\":\"https:\/\/uvbbrasil.com.br\/\"},{\"@type\":\"ListItem\",\"position\":2,\"name\":\"Deputada Estadual Cristiane Dantas fala sobre a participa\u00e7\u00e3o das mulheres na pol\u00edtica\"}]},{\"@type\":\"WebSite\",\"@id\":\"https:\/\/uvbbrasil.com.br\/#website\",\"url\":\"https:\/\/uvbbrasil.com.br\/\",\"name\":\"UVB Brasil\",\"description\":\"Uni\u00e3o dos Vereadores do Brasil\",\"publisher\":{\"@id\":\"https:\/\/uvbbrasil.com.br\/#organization\"},\"potentialAction\":[{\"@type\":\"SearchAction\",\"target\":{\"@type\":\"EntryPoint\",\"urlTemplate\":\"https:\/\/uvbbrasil.com.br\/?s={search_term_string}\"},\"query-input\":{\"@type\":\"PropertyValueSpecification\",\"valueRequired\":true,\"valueName\":\"search_term_string\"}}],\"inLanguage\":\"pt-BR\"},{\"@type\":\"Organization\",\"@id\":\"https:\/\/uvbbrasil.com.br\/#organization\",\"name\":\"UVB Brasil\",\"url\":\"https:\/\/uvbbrasil.com.br\/\",\"logo\":{\"@type\":\"ImageObject\",\"inLanguage\":\"pt-BR\",\"@id\":\"https:\/\/uvbbrasil.com.br\/#\/schema\/logo\/image\/\",\"url\":\"https:\/\/uvbbrasil.com.br\/wp-content\/uploads\/2025\/01\/LOGO-UVB-2024-azul-1.jpg\",\"contentUrl\":\"https:\/\/uvbbrasil.com.br\/wp-content\/uploads\/2025\/01\/LOGO-UVB-2024-azul-1.jpg\",\"width\":600,\"height\":211,\"caption\":\"UVB Brasil\"},\"image\":{\"@id\":\"https:\/\/uvbbrasil.com.br\/#\/schema\/logo\/image\/\"},\"sameAs\":[\"https:\/\/www.facebook.com\/uvb.vereadoresbrasil\",\"https:\/\/www.instagram.com\/uvbbrasil\/\",\"https:\/\/www.youtube.com\/channel\/UCIlPQ8Xzw5GHNzosQIg9S5A\"]},{\"@type\":\"Person\",\"@id\":\"https:\/\/uvbbrasil.com.br\/#\/schema\/person\/17990098446c098f52effddff4f1b272\",\"name\":\"adminuvb\",\"image\":{\"@type\":\"ImageObject\",\"inLanguage\":\"pt-BR\",\"@id\":\"https:\/\/uvbbrasil.com.br\/#\/schema\/person\/image\/\",\"url\":\"https:\/\/secure.gravatar.com\/avatar\/1a494ea6f8e2dd1ae526e55b0e9497efdba542491e0620d704cccf63c6f77c45?s=96&d=mm&r=g\",\"contentUrl\":\"https:\/\/secure.gravatar.com\/avatar\/1a494ea6f8e2dd1ae526e55b0e9497efdba542491e0620d704cccf63c6f77c45?s=96&d=mm&r=g\",\"caption\":\"adminuvb\"},\"sameAs\":[\"https:\/\/uvbbrasil.com.br\"],\"url\":\"https:\/\/uvbbrasil.com.br\/author\/adminuvb\/\"}]}<\/script>\n<!-- \/ Yoast SEO plugin. -->","yoast_head_json":{"title":"Deputada Estadual Cristiane Dantas fala sobre a participa\u00e7\u00e3o das mulheres na pol\u00edtica - UVB Brasil","robots":{"index":"index","follow":"follow","max-snippet":"max-snippet:-1","max-image-preview":"max-image-preview:large","max-video-preview":"max-video-preview:-1"},"canonical":"https:\/\/uvbbrasil.com.br\/deputada-estadual-cristiane-dantas-fala-sobre-a-participacao-das-mulheres-na-politica\/","og_locale":"pt_BR","og_type":"article","og_title":"Deputada Estadual Cristiane Dantas fala sobre a participa\u00e7\u00e3o das mulheres na pol\u00edtica - UVB Brasil","og_description":"A Deputada Estadual, Cristiane Bezerra de Souza Dantas, participou na manha desta quarta-feira(20) da programa\u00e7\u00e3o do Encontro Nacional de Legislativos...","og_url":"https:\/\/uvbbrasil.com.br\/deputada-estadual-cristiane-dantas-fala-sobre-a-participacao-das-mulheres-na-politica\/","og_site_name":"UVB Brasil","article_publisher":"https:\/\/www.facebook.com\/uvb.vereadoresbrasil","article_published_time":"2022-07-20T19:28:48+00:00","og_image":[{"width":1600,"height":900,"url":"https:\/\/uvbbrasil.com.br\/wp-content\/uploads\/2022\/07\/WhatsApp-Image-2022-07-20-at-15.14.26.jpeg","type":"image\/jpeg"}],"author":"adminuvb","twitter_card":"summary_large_image","twitter_misc":{"Escrito por":"adminuvb","Est. tempo de leitura":"2 minutos"},"schema":{"@context":"https:\/\/schema.org","@graph":[{"@type":"Article","@id":"https:\/\/uvbbrasil.com.br\/deputada-estadual-cristiane-dantas-fala-sobre-a-participacao-das-mulheres-na-politica\/#article","isPartOf":{"@id":"https:\/\/uvbbrasil.com.br\/deputada-estadual-cristiane-dantas-fala-sobre-a-participacao-das-mulheres-na-politica\/"},"author":{"name":"adminuvb","@id":"https:\/\/uvbbrasil.com.br\/#\/schema\/person\/17990098446c098f52effddff4f1b272"},"headline":"Deputada Estadual Cristiane Dantas fala sobre a participa\u00e7\u00e3o das mulheres na pol\u00edtica","datePublished":"2022-07-20T19:28:48+00:00","mainEntityOfPage":{"@id":"https:\/\/uvbbrasil.com.br\/deputada-estadual-cristiane-dantas-fala-sobre-a-participacao-das-mulheres-na-politica\/"},"wordCount":255,"commentCount":0,"publisher":{"@id":"https:\/\/uvbbrasil.com.br\/#organization"},"image":{"@id":"https:\/\/uvbbrasil.com.br\/deputada-estadual-cristiane-dantas-fala-sobre-a-participacao-das-mulheres-na-politica\/#primaryimage"},"thumbnailUrl":"https:\/\/uvbbrasil.com.br\/wp-content\/uploads\/2022\/07\/WhatsApp-Image-2022-07-20-at-15.14.26.jpeg","articleSection":["NOT\u00cdCIAS","UVB"],"inLanguage":"pt-BR","potentialAction":[{"@type":"CommentAction","name":"Comment","target":["https:\/\/uvbbrasil.com.br\/deputada-estadual-cristiane-dantas-fala-sobre-a-participacao-das-mulheres-na-politica\/#respond"]}]},{"@type":"WebPage","@id":"https:\/\/uvbbrasil.com.br\/deputada-estadual-cristiane-dantas-fala-sobre-a-participacao-das-mulheres-na-politica\/","url":"https:\/\/uvbbrasil.com.br\/deputada-estadual-cristiane-dantas-fala-sobre-a-participacao-das-mulheres-na-politica\/","name":"Deputada Estadual Cristiane Dantas fala sobre a participa\u00e7\u00e3o das mulheres na pol\u00edtica - UVB Brasil","isPartOf":{"@id":"https:\/\/uvbbrasil.com.br\/#website"},"primaryImageOfPage":{"@id":"https:\/\/uvbbrasil.com.br\/deputada-estadual-cristiane-dantas-fala-sobre-a-participacao-das-mulheres-na-politica\/#primaryimage"},"image":{"@id":"https:\/\/uvbbrasil.com.br\/deputada-estadual-cristiane-dantas-fala-sobre-a-participacao-das-mulheres-na-politica\/#primaryimage"},"thumbnailUrl":"https:\/\/uvbbrasil.com.br\/wp-content\/uploads\/2022\/07\/WhatsApp-Image-2022-07-20-at-15.14.26.jpeg","datePublished":"2022-07-20T19:28:48+00:00","breadcrumb":{"@id":"https:\/\/uvbbrasil.com.br\/deputada-estadual-cristiane-dantas-fala-sobre-a-participacao-das-mulheres-na-politica\/#breadcrumb"},"inLanguage":"pt-BR","potentialAction":[{"@type":"ReadAction","target":["https:\/\/uvbbrasil.com.br\/deputada-estadual-cristiane-dantas-fala-sobre-a-participacao-das-mulheres-na-politica\/"]}]},{"@type":"ImageObject","inLanguage":"pt-BR","@id":"https:\/\/uvbbrasil.com.br\/deputada-estadual-cristiane-dantas-fala-sobre-a-participacao-das-mulheres-na-politica\/#primaryimage","url":"https:\/\/uvbbrasil.com.br\/wp-content\/uploads\/2022\/07\/WhatsApp-Image-2022-07-20-at-15.14.26.jpeg","contentUrl":"https:\/\/uvbbrasil.com.br\/wp-content\/uploads\/2022\/07\/WhatsApp-Image-2022-07-20-at-15.14.26.jpeg","width":1600,"height":900},{"@type":"BreadcrumbList","@id":"https:\/\/uvbbrasil.com.br\/deputada-estadual-cristiane-dantas-fala-sobre-a-participacao-das-mulheres-na-politica\/#breadcrumb","itemListElement":[{"@type":"ListItem","position":1,"name":"In\u00edcio","item":"https:\/\/uvbbrasil.com.br\/"},{"@type":"ListItem","position":2,"name":"Deputada Estadual Cristiane Dantas fala sobre a participa\u00e7\u00e3o das mulheres na pol\u00edtica"}]},{"@type":"WebSite","@id":"https:\/\/uvbbrasil.com.br\/#website","url":"https:\/\/uvbbrasil.com.br\/","name":"UVB Brasil","description":"Uni\u00e3o dos Vereadores do Brasil","publisher":{"@id":"https:\/\/uvbbrasil.com.br\/#organization"},"potentialAction":[{"@type":"SearchAction","target":{"@type":"EntryPoint","urlTemplate":"https:\/\/uvbbrasil.com.br\/?s={search_term_string}"},"query-input":{"@type":"PropertyValueSpecification","valueRequired":true,"valueName":"search_term_string"}}],"inLanguage":"pt-BR"},{"@type":"Organization","@id":"https:\/\/uvbbrasil.com.br\/#organization","name":"UVB Brasil","url":"https:\/\/uvbbrasil.com.br\/","logo":{"@type":"ImageObject","inLanguage":"pt-BR","@id":"https:\/\/uvbbrasil.com.br\/#\/schema\/logo\/image\/","url":"https:\/\/uvbbrasil.com.br\/wp-content\/uploads\/2025\/01\/LOGO-UVB-2024-azul-1.jpg","contentUrl":"https:\/\/uvbbrasil.com.br\/wp-content\/uploads\/2025\/01\/LOGO-UVB-2024-azul-1.jpg","width":600,"height":211,"caption":"UVB Brasil"},"image":{"@id":"https:\/\/uvbbrasil.com.br\/#\/schema\/logo\/image\/"},"sameAs":["https:\/\/www.facebook.com\/uvb.vereadoresbrasil","https:\/\/www.instagram.com\/uvbbrasil\/","https:\/\/www.youtube.com\/channel\/UCIlPQ8Xzw5GHNzosQIg9S5A"]},{"@type":"Person","@id":"https:\/\/uvbbrasil.com.br\/#\/schema\/person\/17990098446c098f52effddff4f1b272","name":"adminuvb","image":{"@type":"ImageObject","inLanguage":"pt-BR","@id":"https:\/\/uvbbrasil.com.br\/#\/schema\/person\/image\/","url":"https:\/\/secure.gravatar.com\/avatar\/1a494ea6f8e2dd1ae526e55b0e9497efdba542491e0620d704cccf63c6f77c45?s=96&d=mm&r=g","contentUrl":"https:\/\/secure.gravatar.com\/avatar\/1a494ea6f8e2dd1ae526e55b0e9497efdba542491e0620d704cccf63c6f77c45?s=96&d=mm&r=g","caption":"adminuvb"},"sameAs":["https:\/\/uvbbrasil.com.br"],"url":"https:\/\/uvbbrasil.com.br\/author\/adminuvb\/"}]}},"_links":{"self":[{"href":"https:\/\/uvbbrasil.com.br\/uvb-json\/wp\/v2\/posts\/26635","targetHints":{"allow":["GET"]}}],"collection":[{"href":"https:\/\/uvbbrasil.com.br\/uvb-json\/wp\/v2\/posts"}],"about":[{"href":"https:\/\/uvbbrasil.com.br\/uvb-json\/wp\/v2\/types\/post"}],"author":[{"embeddable":true,"href":"https:\/\/uvbbrasil.com.br\/uvb-json\/wp\/v2\/users\/1"}],"replies":[{"embeddable":true,"href":"https:\/\/uvbbrasil.com.br\/uvb-json\/wp\/v2\/comments?post=26635"}],"version-history":[{"count":0,"href":"https:\/\/uvbbrasil.com.br\/uvb-json\/wp\/v2\/posts\/26635\/revisions"}],"wp:featuredmedia":[{"embeddable":true,"href":"https:\/\/uvbbrasil.com.br\/uvb-json\/wp\/v2\/media\/26638"}],"wp:attachment":[{"href":"https:\/\/uvbbrasil.com.br\/uvb-json\/wp\/v2\/media?parent=26635"}],"wp:term":[{"taxonomy":"category","embeddable":true,"href":"https:\/\/uvbbrasil.com.br\/uvb-json\/wp\/v2\/categories?post=26635"},{"taxonomy":"post_tag","embeddable":true,"href":"https:\/\/uvbbrasil.com.br\/uvb-json\/wp\/v2\/tags?post=26635"}],"curies":[{"name":"wp","href":"https:\/\/api.w.org\/{rel}","templated":true}]}}