{"id":26629,"date":"2022-07-20T16:16:23","date_gmt":"2022-07-20T19:16:23","guid":{"rendered":"https:\/\/wpsandbox4.pante.com.br\/?p=26629"},"modified":"2022-07-20T16:16:23","modified_gmt":"2022-07-20T19:16:23","slug":"nuances-e-detalhes-do-processo-legislativo","status":"publish","type":"post","link":"https:\/\/uvbbrasil.com.br\/nuances-e-detalhes-do-processo-legislativo\/","title":{"rendered":"Nuances e Detalhes do Processo Legislativo"},"content":{"rendered":"<p>O advogado e consultor jur\u00eddico Aldo Ara\u00fajo, em participa\u00e7\u00e3o no Encontro\u00a0 de Legislativos Municipais \u00a0na cidade de S\u00e3o Miguel do Gostoso\/RN), apresentou aos parlamentares presentes sobre Nuances e detalhes do Processo Legislativo.<\/p>\n<p>Na pratica s\u00e3o detalhes da processualista eminentemente legislativa com que o vereador lida diariamente nas suas a\u00e7\u00f5es \u00a0no legislativo municipal, sobre tudo com \u00eanfase para\u00a0 as altera\u00e7\u00f5es ao regimento interno e a lei org\u00e2nica \u00a0municipal. Com rela\u00e7\u00e3o o regimento interno\u00a0 enfatizou\u00a0 que essa \u00a0altera\u00e7\u00e3o \u00a0muitas c\u00e2mara, adotam uma postura\u00a0 diferentes \u00a0mais simplesmente com a propositura \u00a0de projeto de resolu\u00e7\u00e3o que \u00e9 exatamente o tipo de\u00a0 mat\u00e9ria legislativa criadora do regimento interno, portanto o regimento interno apesar do nome \u00e9 uma proposi\u00e7\u00e3o \u00a0denominada de resolu\u00e7\u00e3o.<\/p>\n<p>J\u00e1 a processualista da propositura de altera\u00e7\u00e3o da lei org\u00e2nica municipal\u00a0 \u00e9 bem mais complexa onde chama a aten\u00e7\u00e3o das c\u00e2maras municipais que tamb\u00e9m procedem muitas vezes erroneamente nesse ponto. Existem algumas caracter\u00edsticas para altera\u00e7\u00e3o da lei org\u00e2nica e uma delas \u00e9 o interst\u00edcios de 10 dias da vota\u00e7\u00e3o em primeiro turno para o segundo turno, que muitas c\u00e2maras principalmente no interior fazem de forma errada \u00e9 votarem essa altera\u00e7\u00e3o em primeiro turno e na semana seguinte pelo fato do regimento prever sess\u00f5es semanais j\u00e1 votam em segundo turno n\u00e3o obedecendo esse interst\u00edcios de 10 dias exigido pela constitui\u00e7\u00e3o, inclusive ressaltou\u00a0 que n\u00e3o \u00e9 uma lei\u00a0 ordin\u00e1ria e sim\u00a0 a Constitui\u00e7\u00e3o Federal \u00a0que estabelece\u00a0 essa nuance de altera\u00e7\u00e3o da lei org\u00e2nica, Finalizou o especialista em Processo Legislativo Municipal.<\/p>\n<p>Dr. Aldo Ara\u00fajo, al\u00e9m de ser advogado \u00e9 especialista em Processo Legislativo Municipal, presta consultoria e assessoria a diversas outras C\u00e2maras Municipais no Estado do Rio Grande do Norte.<\/p>\n<p><img fetchpriority=\"high\" decoding=\"async\" class=\"alignnone size-medium wp-image-26632\" src=\"https:\/\/uvbbrasil.com.br\/wp-content\/uploads\/2022\/07\/WhatsApp-Image-2022-07-20-at-16.01.25-300x169.jpeg\" alt=\"\" width=\"300\" height=\"169\" srcset=\"https:\/\/uvbbrasil.com.br\/wp-content\/uploads\/2022\/07\/WhatsApp-Image-2022-07-20-at-16.01.25-300x169.jpeg 300w, https:\/\/uvbbrasil.com.br\/wp-content\/uploads\/2022\/07\/WhatsApp-Image-2022-07-20-at-16.01.25-1024x576.jpeg 1024w, https:\/\/uvbbrasil.com.br\/wp-content\/uploads\/2022\/07\/WhatsApp-Image-2022-07-20-at-16.01.25-768x432.jpeg 768w, https:\/\/uvbbrasil.com.br\/wp-content\/uploads\/2022\/07\/WhatsApp-Image-2022-07-20-at-16.01.25-1536x864.jpeg 1536w, https:\/\/uvbbrasil.com.br\/wp-content\/uploads\/2022\/07\/WhatsApp-Image-2022-07-20-at-16.01.25.jpeg 1600w\" sizes=\"(max-width: 300px) 100vw, 300px\" \/><\/p>\n<p><img decoding=\"async\" class=\"alignnone size-medium wp-image-26630\" src=\"https:\/\/uvbbrasil.com.br\/wp-content\/uploads\/2022\/07\/WhatsApp-Image-2022-07-20-at-15.01.35-300x169.jpeg\" alt=\"\" width=\"300\" height=\"169\" srcset=\"https:\/\/uvbbrasil.com.br\/wp-content\/uploads\/2022\/07\/WhatsApp-Image-2022-07-20-at-15.01.35-300x169.jpeg 300w, https:\/\/uvbbrasil.com.br\/wp-content\/uploads\/2022\/07\/WhatsApp-Image-2022-07-20-at-15.01.35-1024x576.jpeg 1024w, https:\/\/uvbbrasil.com.br\/wp-content\/uploads\/2022\/07\/WhatsApp-Image-2022-07-20-at-15.01.35-768x432.jpeg 768w, https:\/\/uvbbrasil.com.br\/wp-content\/uploads\/2022\/07\/WhatsApp-Image-2022-07-20-at-15.01.35-1536x864.jpeg 1536w, https:\/\/uvbbrasil.com.br\/wp-content\/uploads\/2022\/07\/WhatsApp-Image-2022-07-20-at-15.01.35.jpeg 1600w\" sizes=\"(max-width: 300px) 100vw, 300px\" \/><img decoding=\"async\" class=\"alignnone size-medium wp-image-26631\" src=\"https:\/\/uvbbrasil.com.br\/wp-content\/uploads\/2022\/07\/WhatsApp-Image-2022-07-20-at-15.01.36-300x169.jpeg\" alt=\"\" width=\"300\" height=\"169\" srcset=\"https:\/\/uvbbrasil.com.br\/wp-content\/uploads\/2022\/07\/WhatsApp-Image-2022-07-20-at-15.01.36-300x169.jpeg 300w, https:\/\/uvbbrasil.com.br\/wp-content\/uploads\/2022\/07\/WhatsApp-Image-2022-07-20-at-15.01.36-1024x576.jpeg 1024w, https:\/\/uvbbrasil.com.br\/wp-content\/uploads\/2022\/07\/WhatsApp-Image-2022-07-20-at-15.01.36-768x432.jpeg 768w, https:\/\/uvbbrasil.com.br\/wp-content\/uploads\/2022\/07\/WhatsApp-Image-2022-07-20-at-15.01.36-1536x864.jpeg 1536w, https:\/\/uvbbrasil.com.br\/wp-content\/uploads\/2022\/07\/WhatsApp-Image-2022-07-20-at-15.01.36.jpeg 1600w\" sizes=\"(max-width: 300px) 100vw, 300px\" \/><\/p>\n","protected":false},"excerpt":{"rendered":"<p>O advogado e consultor jur\u00eddico Aldo Ara\u00fajo, em participa\u00e7\u00e3o no Encontro\u00a0 de Legislativos Municipais \u00a0na cidade de S\u00e3o Miguel do&#8230;<\/p>\n","protected":false},"author":1,"featured_media":26630,"comment_status":"open","ping_status":"open","sticky":false,"template":"","format":"standard","meta":{"footnotes":""},"categories":[3,4],"tags":[],"class_list":["post-26629","post","type-post","status-publish","format-standard","has-post-thumbnail","hentry","category-noticias","category-home"],"yoast_head":"<!-- This site is optimized with the Yoast SEO plugin v26.7 - https:\/\/yoast.com\/wordpress\/plugins\/seo\/ -->\n<title>Nuances e Detalhes do Processo Legislativo - UVB Brasil<\/title>\n<meta name=\"robots\" content=\"index, follow, max-snippet:-1, max-image-preview:large, max-video-preview:-1\" \/>\n<link rel=\"canonical\" href=\"https:\/\/uvbbrasil.com.br\/nuances-e-detalhes-do-processo-legislativo\/\" \/>\n<meta property=\"og:locale\" content=\"pt_BR\" \/>\n<meta property=\"og:type\" content=\"article\" \/>\n<meta property=\"og:title\" content=\"Nuances e Detalhes do Processo Legislativo - UVB Brasil\" \/>\n<meta property=\"og:description\" content=\"O advogado e consultor jur\u00eddico Aldo Ara\u00fajo, em participa\u00e7\u00e3o no Encontro\u00a0 de Legislativos Municipais \u00a0na cidade de S\u00e3o Miguel do...\" \/>\n<meta property=\"og:url\" content=\"https:\/\/uvbbrasil.com.br\/nuances-e-detalhes-do-processo-legislativo\/\" \/>\n<meta property=\"og:site_name\" content=\"UVB Brasil\" \/>\n<meta property=\"article:publisher\" content=\"https:\/\/www.facebook.com\/uvb.vereadoresbrasil\" \/>\n<meta property=\"article:published_time\" content=\"2022-07-20T19:16:23+00:00\" \/>\n<meta property=\"og:image\" content=\"https:\/\/uvbbrasil.com.br\/wp-content\/uploads\/2022\/07\/WhatsApp-Image-2022-07-20-at-15.01.35.jpeg\" \/>\n\t<meta property=\"og:image:width\" content=\"1600\" \/>\n\t<meta property=\"og:image:height\" content=\"900\" \/>\n\t<meta property=\"og:image:type\" content=\"image\/jpeg\" \/>\n<meta name=\"author\" content=\"adminuvb\" \/>\n<meta name=\"twitter:card\" content=\"summary_large_image\" \/>\n<meta name=\"twitter:label1\" content=\"Escrito por\" \/>\n\t<meta name=\"twitter:data1\" content=\"adminuvb\" \/>\n\t<meta name=\"twitter:label2\" content=\"Est. tempo de leitura\" \/>\n\t<meta name=\"twitter:data2\" content=\"2 minutos\" \/>\n<script type=\"application\/ld+json\" class=\"yoast-schema-graph\">{\"@context\":\"https:\/\/schema.org\",\"@graph\":[{\"@type\":\"Article\",\"@id\":\"https:\/\/uvbbrasil.com.br\/nuances-e-detalhes-do-processo-legislativo\/#article\",\"isPartOf\":{\"@id\":\"https:\/\/uvbbrasil.com.br\/nuances-e-detalhes-do-processo-legislativo\/\"},\"author\":{\"name\":\"adminuvb\",\"@id\":\"https:\/\/uvbbrasil.com.br\/#\/schema\/person\/17990098446c098f52effddff4f1b272\"},\"headline\":\"Nuances e Detalhes do Processo Legislativo\",\"datePublished\":\"2022-07-20T19:16:23+00:00\",\"mainEntityOfPage\":{\"@id\":\"https:\/\/uvbbrasil.com.br\/nuances-e-detalhes-do-processo-legislativo\/\"},\"wordCount\":310,\"commentCount\":0,\"publisher\":{\"@id\":\"https:\/\/uvbbrasil.com.br\/#organization\"},\"image\":{\"@id\":\"https:\/\/uvbbrasil.com.br\/nuances-e-detalhes-do-processo-legislativo\/#primaryimage\"},\"thumbnailUrl\":\"https:\/\/uvbbrasil.com.br\/wp-content\/uploads\/2022\/07\/WhatsApp-Image-2022-07-20-at-15.01.35.jpeg\",\"articleSection\":[\"NOT\u00cdCIAS\",\"UVB\"],\"inLanguage\":\"pt-BR\",\"potentialAction\":[{\"@type\":\"CommentAction\",\"name\":\"Comment\",\"target\":[\"https:\/\/uvbbrasil.com.br\/nuances-e-detalhes-do-processo-legislativo\/#respond\"]}]},{\"@type\":\"WebPage\",\"@id\":\"https:\/\/uvbbrasil.com.br\/nuances-e-detalhes-do-processo-legislativo\/\",\"url\":\"https:\/\/uvbbrasil.com.br\/nuances-e-detalhes-do-processo-legislativo\/\",\"name\":\"Nuances e Detalhes do Processo Legislativo - UVB Brasil\",\"isPartOf\":{\"@id\":\"https:\/\/uvbbrasil.com.br\/#website\"},\"primaryImageOfPage\":{\"@id\":\"https:\/\/uvbbrasil.com.br\/nuances-e-detalhes-do-processo-legislativo\/#primaryimage\"},\"image\":{\"@id\":\"https:\/\/uvbbrasil.com.br\/nuances-e-detalhes-do-processo-legislativo\/#primaryimage\"},\"thumbnailUrl\":\"https:\/\/uvbbrasil.com.br\/wp-content\/uploads\/2022\/07\/WhatsApp-Image-2022-07-20-at-15.01.35.jpeg\",\"datePublished\":\"2022-07-20T19:16:23+00:00\",\"breadcrumb\":{\"@id\":\"https:\/\/uvbbrasil.com.br\/nuances-e-detalhes-do-processo-legislativo\/#breadcrumb\"},\"inLanguage\":\"pt-BR\",\"potentialAction\":[{\"@type\":\"ReadAction\",\"target\":[\"https:\/\/uvbbrasil.com.br\/nuances-e-detalhes-do-processo-legislativo\/\"]}]},{\"@type\":\"ImageObject\",\"inLanguage\":\"pt-BR\",\"@id\":\"https:\/\/uvbbrasil.com.br\/nuances-e-detalhes-do-processo-legislativo\/#primaryimage\",\"url\":\"https:\/\/uvbbrasil.com.br\/wp-content\/uploads\/2022\/07\/WhatsApp-Image-2022-07-20-at-15.01.35.jpeg\",\"contentUrl\":\"https:\/\/uvbbrasil.com.br\/wp-content\/uploads\/2022\/07\/WhatsApp-Image-2022-07-20-at-15.01.35.jpeg\",\"width\":1600,\"height\":900},{\"@type\":\"BreadcrumbList\",\"@id\":\"https:\/\/uvbbrasil.com.br\/nuances-e-detalhes-do-processo-legislativo\/#breadcrumb\",\"itemListElement\":[{\"@type\":\"ListItem\",\"position\":1,\"name\":\"In\u00edcio\",\"item\":\"https:\/\/uvbbrasil.com.br\/\"},{\"@type\":\"ListItem\",\"position\":2,\"name\":\"Nuances e Detalhes do Processo Legislativo\"}]},{\"@type\":\"WebSite\",\"@id\":\"https:\/\/uvbbrasil.com.br\/#website\",\"url\":\"https:\/\/uvbbrasil.com.br\/\",\"name\":\"UVB Brasil\",\"description\":\"Uni\u00e3o dos Vereadores do Brasil\",\"publisher\":{\"@id\":\"https:\/\/uvbbrasil.com.br\/#organization\"},\"potentialAction\":[{\"@type\":\"SearchAction\",\"target\":{\"@type\":\"EntryPoint\",\"urlTemplate\":\"https:\/\/uvbbrasil.com.br\/?s={search_term_string}\"},\"query-input\":{\"@type\":\"PropertyValueSpecification\",\"valueRequired\":true,\"valueName\":\"search_term_string\"}}],\"inLanguage\":\"pt-BR\"},{\"@type\":\"Organization\",\"@id\":\"https:\/\/uvbbrasil.com.br\/#organization\",\"name\":\"UVB Brasil\",\"url\":\"https:\/\/uvbbrasil.com.br\/\",\"logo\":{\"@type\":\"ImageObject\",\"inLanguage\":\"pt-BR\",\"@id\":\"https:\/\/uvbbrasil.com.br\/#\/schema\/logo\/image\/\",\"url\":\"https:\/\/uvbbrasil.com.br\/wp-content\/uploads\/2025\/01\/LOGO-UVB-2024-azul-1.jpg\",\"contentUrl\":\"https:\/\/uvbbrasil.com.br\/wp-content\/uploads\/2025\/01\/LOGO-UVB-2024-azul-1.jpg\",\"width\":600,\"height\":211,\"caption\":\"UVB Brasil\"},\"image\":{\"@id\":\"https:\/\/uvbbrasil.com.br\/#\/schema\/logo\/image\/\"},\"sameAs\":[\"https:\/\/www.facebook.com\/uvb.vereadoresbrasil\",\"https:\/\/www.instagram.com\/uvbbrasil\/\",\"https:\/\/www.youtube.com\/channel\/UCIlPQ8Xzw5GHNzosQIg9S5A\"]},{\"@type\":\"Person\",\"@id\":\"https:\/\/uvbbrasil.com.br\/#\/schema\/person\/17990098446c098f52effddff4f1b272\",\"name\":\"adminuvb\",\"image\":{\"@type\":\"ImageObject\",\"inLanguage\":\"pt-BR\",\"@id\":\"https:\/\/uvbbrasil.com.br\/#\/schema\/person\/image\/\",\"url\":\"https:\/\/secure.gravatar.com\/avatar\/1a494ea6f8e2dd1ae526e55b0e9497efdba542491e0620d704cccf63c6f77c45?s=96&d=mm&r=g\",\"contentUrl\":\"https:\/\/secure.gravatar.com\/avatar\/1a494ea6f8e2dd1ae526e55b0e9497efdba542491e0620d704cccf63c6f77c45?s=96&d=mm&r=g\",\"caption\":\"adminuvb\"},\"sameAs\":[\"https:\/\/uvbbrasil.com.br\"],\"url\":\"https:\/\/uvbbrasil.com.br\/author\/adminuvb\/\"}]}<\/script>\n<!-- \/ Yoast SEO plugin. -->","yoast_head_json":{"title":"Nuances e Detalhes do Processo Legislativo - UVB Brasil","robots":{"index":"index","follow":"follow","max-snippet":"max-snippet:-1","max-image-preview":"max-image-preview:large","max-video-preview":"max-video-preview:-1"},"canonical":"https:\/\/uvbbrasil.com.br\/nuances-e-detalhes-do-processo-legislativo\/","og_locale":"pt_BR","og_type":"article","og_title":"Nuances e Detalhes do Processo Legislativo - UVB Brasil","og_description":"O advogado e consultor jur\u00eddico Aldo Ara\u00fajo, em participa\u00e7\u00e3o no Encontro\u00a0 de Legislativos Municipais \u00a0na cidade de S\u00e3o Miguel do...","og_url":"https:\/\/uvbbrasil.com.br\/nuances-e-detalhes-do-processo-legislativo\/","og_site_name":"UVB Brasil","article_publisher":"https:\/\/www.facebook.com\/uvb.vereadoresbrasil","article_published_time":"2022-07-20T19:16:23+00:00","og_image":[{"width":1600,"height":900,"url":"https:\/\/uvbbrasil.com.br\/wp-content\/uploads\/2022\/07\/WhatsApp-Image-2022-07-20-at-15.01.35.jpeg","type":"image\/jpeg"}],"author":"adminuvb","twitter_card":"summary_large_image","twitter_misc":{"Escrito por":"adminuvb","Est. tempo de leitura":"2 minutos"},"schema":{"@context":"https:\/\/schema.org","@graph":[{"@type":"Article","@id":"https:\/\/uvbbrasil.com.br\/nuances-e-detalhes-do-processo-legislativo\/#article","isPartOf":{"@id":"https:\/\/uvbbrasil.com.br\/nuances-e-detalhes-do-processo-legislativo\/"},"author":{"name":"adminuvb","@id":"https:\/\/uvbbrasil.com.br\/#\/schema\/person\/17990098446c098f52effddff4f1b272"},"headline":"Nuances e Detalhes do Processo Legislativo","datePublished":"2022-07-20T19:16:23+00:00","mainEntityOfPage":{"@id":"https:\/\/uvbbrasil.com.br\/nuances-e-detalhes-do-processo-legislativo\/"},"wordCount":310,"commentCount":0,"publisher":{"@id":"https:\/\/uvbbrasil.com.br\/#organization"},"image":{"@id":"https:\/\/uvbbrasil.com.br\/nuances-e-detalhes-do-processo-legislativo\/#primaryimage"},"thumbnailUrl":"https:\/\/uvbbrasil.com.br\/wp-content\/uploads\/2022\/07\/WhatsApp-Image-2022-07-20-at-15.01.35.jpeg","articleSection":["NOT\u00cdCIAS","UVB"],"inLanguage":"pt-BR","potentialAction":[{"@type":"CommentAction","name":"Comment","target":["https:\/\/uvbbrasil.com.br\/nuances-e-detalhes-do-processo-legislativo\/#respond"]}]},{"@type":"WebPage","@id":"https:\/\/uvbbrasil.com.br\/nuances-e-detalhes-do-processo-legislativo\/","url":"https:\/\/uvbbrasil.com.br\/nuances-e-detalhes-do-processo-legislativo\/","name":"Nuances e Detalhes do Processo Legislativo - UVB Brasil","isPartOf":{"@id":"https:\/\/uvbbrasil.com.br\/#website"},"primaryImageOfPage":{"@id":"https:\/\/uvbbrasil.com.br\/nuances-e-detalhes-do-processo-legislativo\/#primaryimage"},"image":{"@id":"https:\/\/uvbbrasil.com.br\/nuances-e-detalhes-do-processo-legislativo\/#primaryimage"},"thumbnailUrl":"https:\/\/uvbbrasil.com.br\/wp-content\/uploads\/2022\/07\/WhatsApp-Image-2022-07-20-at-15.01.35.jpeg","datePublished":"2022-07-20T19:16:23+00:00","breadcrumb":{"@id":"https:\/\/uvbbrasil.com.br\/nuances-e-detalhes-do-processo-legislativo\/#breadcrumb"},"inLanguage":"pt-BR","potentialAction":[{"@type":"ReadAction","target":["https:\/\/uvbbrasil.com.br\/nuances-e-detalhes-do-processo-legislativo\/"]}]},{"@type":"ImageObject","inLanguage":"pt-BR","@id":"https:\/\/uvbbrasil.com.br\/nuances-e-detalhes-do-processo-legislativo\/#primaryimage","url":"https:\/\/uvbbrasil.com.br\/wp-content\/uploads\/2022\/07\/WhatsApp-Image-2022-07-20-at-15.01.35.jpeg","contentUrl":"https:\/\/uvbbrasil.com.br\/wp-content\/uploads\/2022\/07\/WhatsApp-Image-2022-07-20-at-15.01.35.jpeg","width":1600,"height":900},{"@type":"BreadcrumbList","@id":"https:\/\/uvbbrasil.com.br\/nuances-e-detalhes-do-processo-legislativo\/#breadcrumb","itemListElement":[{"@type":"ListItem","position":1,"name":"In\u00edcio","item":"https:\/\/uvbbrasil.com.br\/"},{"@type":"ListItem","position":2,"name":"Nuances e Detalhes do Processo Legislativo"}]},{"@type":"WebSite","@id":"https:\/\/uvbbrasil.com.br\/#website","url":"https:\/\/uvbbrasil.com.br\/","name":"UVB Brasil","description":"Uni\u00e3o dos Vereadores do Brasil","publisher":{"@id":"https:\/\/uvbbrasil.com.br\/#organization"},"potentialAction":[{"@type":"SearchAction","target":{"@type":"EntryPoint","urlTemplate":"https:\/\/uvbbrasil.com.br\/?s={search_term_string}"},"query-input":{"@type":"PropertyValueSpecification","valueRequired":true,"valueName":"search_term_string"}}],"inLanguage":"pt-BR"},{"@type":"Organization","@id":"https:\/\/uvbbrasil.com.br\/#organization","name":"UVB Brasil","url":"https:\/\/uvbbrasil.com.br\/","logo":{"@type":"ImageObject","inLanguage":"pt-BR","@id":"https:\/\/uvbbrasil.com.br\/#\/schema\/logo\/image\/","url":"https:\/\/uvbbrasil.com.br\/wp-content\/uploads\/2025\/01\/LOGO-UVB-2024-azul-1.jpg","contentUrl":"https:\/\/uvbbrasil.com.br\/wp-content\/uploads\/2025\/01\/LOGO-UVB-2024-azul-1.jpg","width":600,"height":211,"caption":"UVB Brasil"},"image":{"@id":"https:\/\/uvbbrasil.com.br\/#\/schema\/logo\/image\/"},"sameAs":["https:\/\/www.facebook.com\/uvb.vereadoresbrasil","https:\/\/www.instagram.com\/uvbbrasil\/","https:\/\/www.youtube.com\/channel\/UCIlPQ8Xzw5GHNzosQIg9S5A"]},{"@type":"Person","@id":"https:\/\/uvbbrasil.com.br\/#\/schema\/person\/17990098446c098f52effddff4f1b272","name":"adminuvb","image":{"@type":"ImageObject","inLanguage":"pt-BR","@id":"https:\/\/uvbbrasil.com.br\/#\/schema\/person\/image\/","url":"https:\/\/secure.gravatar.com\/avatar\/1a494ea6f8e2dd1ae526e55b0e9497efdba542491e0620d704cccf63c6f77c45?s=96&d=mm&r=g","contentUrl":"https:\/\/secure.gravatar.com\/avatar\/1a494ea6f8e2dd1ae526e55b0e9497efdba542491e0620d704cccf63c6f77c45?s=96&d=mm&r=g","caption":"adminuvb"},"sameAs":["https:\/\/uvbbrasil.com.br"],"url":"https:\/\/uvbbrasil.com.br\/author\/adminuvb\/"}]}},"_links":{"self":[{"href":"https:\/\/uvbbrasil.com.br\/uvb-json\/wp\/v2\/posts\/26629","targetHints":{"allow":["GET"]}}],"collection":[{"href":"https:\/\/uvbbrasil.com.br\/uvb-json\/wp\/v2\/posts"}],"about":[{"href":"https:\/\/uvbbrasil.com.br\/uvb-json\/wp\/v2\/types\/post"}],"author":[{"embeddable":true,"href":"https:\/\/uvbbrasil.com.br\/uvb-json\/wp\/v2\/users\/1"}],"replies":[{"embeddable":true,"href":"https:\/\/uvbbrasil.com.br\/uvb-json\/wp\/v2\/comments?post=26629"}],"version-history":[{"count":0,"href":"https:\/\/uvbbrasil.com.br\/uvb-json\/wp\/v2\/posts\/26629\/revisions"}],"wp:featuredmedia":[{"embeddable":true,"href":"https:\/\/uvbbrasil.com.br\/uvb-json\/wp\/v2\/media\/26630"}],"wp:attachment":[{"href":"https:\/\/uvbbrasil.com.br\/uvb-json\/wp\/v2\/media?parent=26629"}],"wp:term":[{"taxonomy":"category","embeddable":true,"href":"https:\/\/uvbbrasil.com.br\/uvb-json\/wp\/v2\/categories?post=26629"},{"taxonomy":"post_tag","embeddable":true,"href":"https:\/\/uvbbrasil.com.br\/uvb-json\/wp\/v2\/tags?post=26629"}],"curies":[{"name":"wp","href":"https:\/\/api.w.org\/{rel}","templated":true}]}}