{"id":26612,"date":"2022-07-20T10:51:48","date_gmt":"2022-07-20T13:51:48","guid":{"rendered":"https:\/\/wpsandbox4.pante.com.br\/?p=26612"},"modified":"2022-07-20T10:51:48","modified_gmt":"2022-07-20T13:51:48","slug":"camara-de-cachoeirinha-homenageia-24-anos-do-26o-bpm","status":"publish","type":"post","link":"https:\/\/uvbbrasil.com.br\/camara-de-cachoeirinha-homenageia-24-anos-do-26o-bpm\/","title":{"rendered":"C\u00e2mara de Cachoeirinha\/RS homenageia 24 anos do 26\u00ba BPM"},"content":{"rendered":"<div class=\"kvgmc6g5 cxmmr5t8 oygrvhab hcukyx3x c1et5uql ii04i59q\">\n<div dir=\"auto\"><\/div>\n<\/div>\n<div class=\"cxmmr5t8 oygrvhab hcukyx3x c1et5uql o9v6fnle ii04i59q\">\n<div dir=\"auto\">O Plen\u00e1rio Osvaldo Corr\u00eaa, na C\u00e2mara Municipal de Cachoeirinha\/RS, recebeu a 27\u00aa Sess\u00e3o Ordin\u00e1ria na noite desta ter\u00e7a-feira, dia 19. Entre as pautas, se destaca a homenagem feita a Brigada Militar de Cachoeirinha que completou 24 anos de cria\u00e7\u00e3o. Tamb\u00e9m foi destaque o uso da Tribuna Popular por parte da ONG Brasil Sem Grades, representada pelo m\u00e9dico Marcelo Leone de Souza Lima. O m\u00e9dico utilizou seu espa\u00e7o para tratar do planejamento sexual e reprodutivo no Sistema \u00danico de Sa\u00fade (SUS). A Vereadora Jussara Ca\u00e7apava (Avante), foi quem pediu o espa\u00e7o da Tribuna para uso da ONG Brasil Sem Grades. J\u00e1 a homenagem feita a Brigada Militar de Cachoeirinha foi proposta pelo Vereador Mano do Parque. A BM foi representada pelo Comandante do 26\u00ba BPM, Tenente Coronel Rafael Tiaraju.<\/div>\n<div dir=\"auto\">No intervalo da Sess\u00e3o foram entregues Mo\u00e7\u00f5es de Congratula\u00e7\u00f5es para o Cruzeiro, de Cachoeirinha, pelos 109 anos de funda\u00e7\u00e3o (autoria Vereadora Jussara Ca\u00e7apava), para a m\u00e9dica Patr\u00edcia Panni, pelos servi\u00e7os prestados para a sa\u00fade p\u00fablica de Cachoeirinha (autora Vereadora Jussara Ca\u00e7apava), para o clube Garra, de Cachoeirinha, pela conquista do primeiro turno da LIDEFA (autoria Vereadora Pricila Barra), para Caroline Nunes, pelos servi\u00e7os prestados ao Cruzeiro de Cachoeirinha (autoria Vereador Marco Barbosa).<\/div>\n<div dir=\"auto\"><img fetchpriority=\"high\" decoding=\"async\" class=\"alignnone size-medium wp-image-26614\" src=\"https:\/\/uvbbrasil.com.br\/wp-content\/uploads\/2022\/07\/CACHOEIRINHA-1-300x200.jpg\" alt=\"\" width=\"300\" height=\"200\" srcset=\"https:\/\/uvbbrasil.com.br\/wp-content\/uploads\/2022\/07\/CACHOEIRINHA-1-300x200.jpg 300w, https:\/\/uvbbrasil.com.br\/wp-content\/uploads\/2022\/07\/CACHOEIRINHA-1-1024x683.jpg 1024w, https:\/\/uvbbrasil.com.br\/wp-content\/uploads\/2022\/07\/CACHOEIRINHA-1-768x512.jpg 768w, https:\/\/uvbbrasil.com.br\/wp-content\/uploads\/2022\/07\/CACHOEIRINHA-1-1536x1024.jpg 1536w, https:\/\/uvbbrasil.com.br\/wp-content\/uploads\/2022\/07\/CACHOEIRINHA-1.jpg 2048w\" sizes=\"(max-width: 300px) 100vw, 300px\" \/><img decoding=\"async\" class=\"alignnone size-medium wp-image-26615\" src=\"https:\/\/uvbbrasil.com.br\/wp-content\/uploads\/2022\/07\/CACHOEIRINHA-3-300x200.jpg\" alt=\"\" width=\"300\" height=\"200\" srcset=\"https:\/\/uvbbrasil.com.br\/wp-content\/uploads\/2022\/07\/CACHOEIRINHA-3-300x200.jpg 300w, https:\/\/uvbbrasil.com.br\/wp-content\/uploads\/2022\/07\/CACHOEIRINHA-3-1024x683.jpg 1024w, https:\/\/uvbbrasil.com.br\/wp-content\/uploads\/2022\/07\/CACHOEIRINHA-3-768x512.jpg 768w, https:\/\/uvbbrasil.com.br\/wp-content\/uploads\/2022\/07\/CACHOEIRINHA-3-1536x1024.jpg 1536w, https:\/\/uvbbrasil.com.br\/wp-content\/uploads\/2022\/07\/CACHOEIRINHA-3.jpg 2048w\" sizes=\"(max-width: 300px) 100vw, 300px\" \/><\/div>\n<\/div>\n<div dir=\"auto\"><img decoding=\"async\" class=\"alignnone size-medium wp-image-26613\" src=\"https:\/\/uvbbrasil.com.br\/wp-content\/uploads\/2022\/07\/CACHOEIRINHA-300x200.jpg\" alt=\"\" width=\"300\" height=\"200\" srcset=\"https:\/\/uvbbrasil.com.br\/wp-content\/uploads\/2022\/07\/CACHOEIRINHA-300x200.jpg 300w, https:\/\/uvbbrasil.com.br\/wp-content\/uploads\/2022\/07\/CACHOEIRINHA-1024x683.jpg 1024w, https:\/\/uvbbrasil.com.br\/wp-content\/uploads\/2022\/07\/CACHOEIRINHA-768x512.jpg 768w, https:\/\/uvbbrasil.com.br\/wp-content\/uploads\/2022\/07\/CACHOEIRINHA-1536x1024.jpg 1536w, https:\/\/uvbbrasil.com.br\/wp-content\/uploads\/2022\/07\/CACHOEIRINHA.jpg 2048w\" sizes=\"(max-width: 300px) 100vw, 300px\" \/><\/div>\n","protected":false},"excerpt":{"rendered":"<p>O Plen\u00e1rio Osvaldo Corr\u00eaa, na C\u00e2mara Municipal de Cachoeirinha\/RS, recebeu a 27\u00aa Sess\u00e3o Ordin\u00e1ria na noite desta ter\u00e7a-feira, dia 19&#8230;.<\/p>\n","protected":false},"author":1,"featured_media":26613,"comment_status":"open","ping_status":"open","sticky":false,"template":"","format":"standard","meta":{"footnotes":""},"categories":[3],"tags":[],"class_list":["post-26612","post","type-post","status-publish","format-standard","has-post-thumbnail","hentry","category-noticias"],"yoast_head":"<!-- This site is optimized with the Yoast SEO plugin v26.7 - https:\/\/yoast.com\/wordpress\/plugins\/seo\/ -->\n<title>C\u00e2mara de Cachoeirinha\/RS homenageia 24 anos do 26\u00ba BPM - UVB Brasil<\/title>\n<meta name=\"robots\" content=\"index, follow, max-snippet:-1, max-image-preview:large, max-video-preview:-1\" \/>\n<link rel=\"canonical\" href=\"https:\/\/uvbbrasil.com.br\/camara-de-cachoeirinha-homenageia-24-anos-do-26o-bpm\/\" \/>\n<meta property=\"og:locale\" content=\"pt_BR\" \/>\n<meta property=\"og:type\" content=\"article\" \/>\n<meta property=\"og:title\" content=\"C\u00e2mara de Cachoeirinha\/RS homenageia 24 anos do 26\u00ba BPM - UVB Brasil\" \/>\n<meta property=\"og:description\" content=\"O Plen\u00e1rio Osvaldo Corr\u00eaa, na C\u00e2mara Municipal de Cachoeirinha\/RS, recebeu a 27\u00aa Sess\u00e3o Ordin\u00e1ria na noite desta ter\u00e7a-feira, dia 19....\" \/>\n<meta property=\"og:url\" content=\"https:\/\/uvbbrasil.com.br\/camara-de-cachoeirinha-homenageia-24-anos-do-26o-bpm\/\" \/>\n<meta property=\"og:site_name\" content=\"UVB Brasil\" \/>\n<meta property=\"article:publisher\" content=\"https:\/\/www.facebook.com\/uvb.vereadoresbrasil\" \/>\n<meta property=\"article:published_time\" content=\"2022-07-20T13:51:48+00:00\" \/>\n<meta property=\"og:image\" content=\"https:\/\/uvbbrasil.com.br\/wp-content\/uploads\/2022\/07\/CACHOEIRINHA.jpg\" \/>\n\t<meta property=\"og:image:width\" content=\"2048\" \/>\n\t<meta property=\"og:image:height\" content=\"1365\" \/>\n\t<meta property=\"og:image:type\" content=\"image\/jpeg\" \/>\n<meta name=\"author\" content=\"adminuvb\" \/>\n<meta name=\"twitter:card\" content=\"summary_large_image\" \/>\n<meta name=\"twitter:label1\" content=\"Escrito por\" \/>\n\t<meta name=\"twitter:data1\" content=\"adminuvb\" \/>\n\t<meta name=\"twitter:label2\" content=\"Est. tempo de leitura\" \/>\n\t<meta name=\"twitter:data2\" content=\"2 minutos\" \/>\n<script type=\"application\/ld+json\" class=\"yoast-schema-graph\">{\"@context\":\"https:\/\/schema.org\",\"@graph\":[{\"@type\":\"Article\",\"@id\":\"https:\/\/uvbbrasil.com.br\/camara-de-cachoeirinha-homenageia-24-anos-do-26o-bpm\/#article\",\"isPartOf\":{\"@id\":\"https:\/\/uvbbrasil.com.br\/camara-de-cachoeirinha-homenageia-24-anos-do-26o-bpm\/\"},\"author\":{\"name\":\"adminuvb\",\"@id\":\"https:\/\/uvbbrasil.com.br\/#\/schema\/person\/17990098446c098f52effddff4f1b272\"},\"headline\":\"C\u00e2mara de Cachoeirinha\/RS homenageia 24 anos do 26\u00ba BPM\",\"datePublished\":\"2022-07-20T13:51:48+00:00\",\"mainEntityOfPage\":{\"@id\":\"https:\/\/uvbbrasil.com.br\/camara-de-cachoeirinha-homenageia-24-anos-do-26o-bpm\/\"},\"wordCount\":231,\"commentCount\":0,\"publisher\":{\"@id\":\"https:\/\/uvbbrasil.com.br\/#organization\"},\"image\":{\"@id\":\"https:\/\/uvbbrasil.com.br\/camara-de-cachoeirinha-homenageia-24-anos-do-26o-bpm\/#primaryimage\"},\"thumbnailUrl\":\"https:\/\/uvbbrasil.com.br\/wp-content\/uploads\/2022\/07\/CACHOEIRINHA.jpg\",\"articleSection\":[\"NOT\u00cdCIAS\"],\"inLanguage\":\"pt-BR\",\"potentialAction\":[{\"@type\":\"CommentAction\",\"name\":\"Comment\",\"target\":[\"https:\/\/uvbbrasil.com.br\/camara-de-cachoeirinha-homenageia-24-anos-do-26o-bpm\/#respond\"]}]},{\"@type\":\"WebPage\",\"@id\":\"https:\/\/uvbbrasil.com.br\/camara-de-cachoeirinha-homenageia-24-anos-do-26o-bpm\/\",\"url\":\"https:\/\/uvbbrasil.com.br\/camara-de-cachoeirinha-homenageia-24-anos-do-26o-bpm\/\",\"name\":\"C\u00e2mara de Cachoeirinha\/RS homenageia 24 anos do 26\u00ba BPM - UVB Brasil\",\"isPartOf\":{\"@id\":\"https:\/\/uvbbrasil.com.br\/#website\"},\"primaryImageOfPage\":{\"@id\":\"https:\/\/uvbbrasil.com.br\/camara-de-cachoeirinha-homenageia-24-anos-do-26o-bpm\/#primaryimage\"},\"image\":{\"@id\":\"https:\/\/uvbbrasil.com.br\/camara-de-cachoeirinha-homenageia-24-anos-do-26o-bpm\/#primaryimage\"},\"thumbnailUrl\":\"https:\/\/uvbbrasil.com.br\/wp-content\/uploads\/2022\/07\/CACHOEIRINHA.jpg\",\"datePublished\":\"2022-07-20T13:51:48+00:00\",\"breadcrumb\":{\"@id\":\"https:\/\/uvbbrasil.com.br\/camara-de-cachoeirinha-homenageia-24-anos-do-26o-bpm\/#breadcrumb\"},\"inLanguage\":\"pt-BR\",\"potentialAction\":[{\"@type\":\"ReadAction\",\"target\":[\"https:\/\/uvbbrasil.com.br\/camara-de-cachoeirinha-homenageia-24-anos-do-26o-bpm\/\"]}]},{\"@type\":\"ImageObject\",\"inLanguage\":\"pt-BR\",\"@id\":\"https:\/\/uvbbrasil.com.br\/camara-de-cachoeirinha-homenageia-24-anos-do-26o-bpm\/#primaryimage\",\"url\":\"https:\/\/uvbbrasil.com.br\/wp-content\/uploads\/2022\/07\/CACHOEIRINHA.jpg\",\"contentUrl\":\"https:\/\/uvbbrasil.com.br\/wp-content\/uploads\/2022\/07\/CACHOEIRINHA.jpg\",\"width\":2048,\"height\":1365},{\"@type\":\"BreadcrumbList\",\"@id\":\"https:\/\/uvbbrasil.com.br\/camara-de-cachoeirinha-homenageia-24-anos-do-26o-bpm\/#breadcrumb\",\"itemListElement\":[{\"@type\":\"ListItem\",\"position\":1,\"name\":\"In\u00edcio\",\"item\":\"https:\/\/uvbbrasil.com.br\/\"},{\"@type\":\"ListItem\",\"position\":2,\"name\":\"C\u00e2mara de Cachoeirinha\/RS homenageia 24 anos do 26\u00ba BPM\"}]},{\"@type\":\"WebSite\",\"@id\":\"https:\/\/uvbbrasil.com.br\/#website\",\"url\":\"https:\/\/uvbbrasil.com.br\/\",\"name\":\"UVB Brasil\",\"description\":\"Uni\u00e3o dos Vereadores do Brasil\",\"publisher\":{\"@id\":\"https:\/\/uvbbrasil.com.br\/#organization\"},\"potentialAction\":[{\"@type\":\"SearchAction\",\"target\":{\"@type\":\"EntryPoint\",\"urlTemplate\":\"https:\/\/uvbbrasil.com.br\/?s={search_term_string}\"},\"query-input\":{\"@type\":\"PropertyValueSpecification\",\"valueRequired\":true,\"valueName\":\"search_term_string\"}}],\"inLanguage\":\"pt-BR\"},{\"@type\":\"Organization\",\"@id\":\"https:\/\/uvbbrasil.com.br\/#organization\",\"name\":\"UVB Brasil\",\"url\":\"https:\/\/uvbbrasil.com.br\/\",\"logo\":{\"@type\":\"ImageObject\",\"inLanguage\":\"pt-BR\",\"@id\":\"https:\/\/uvbbrasil.com.br\/#\/schema\/logo\/image\/\",\"url\":\"https:\/\/uvbbrasil.com.br\/wp-content\/uploads\/2025\/01\/LOGO-UVB-2024-azul-1.jpg\",\"contentUrl\":\"https:\/\/uvbbrasil.com.br\/wp-content\/uploads\/2025\/01\/LOGO-UVB-2024-azul-1.jpg\",\"width\":600,\"height\":211,\"caption\":\"UVB Brasil\"},\"image\":{\"@id\":\"https:\/\/uvbbrasil.com.br\/#\/schema\/logo\/image\/\"},\"sameAs\":[\"https:\/\/www.facebook.com\/uvb.vereadoresbrasil\",\"https:\/\/www.instagram.com\/uvbbrasil\/\",\"https:\/\/www.youtube.com\/channel\/UCIlPQ8Xzw5GHNzosQIg9S5A\"]},{\"@type\":\"Person\",\"@id\":\"https:\/\/uvbbrasil.com.br\/#\/schema\/person\/17990098446c098f52effddff4f1b272\",\"name\":\"adminuvb\",\"image\":{\"@type\":\"ImageObject\",\"inLanguage\":\"pt-BR\",\"@id\":\"https:\/\/uvbbrasil.com.br\/#\/schema\/person\/image\/\",\"url\":\"https:\/\/secure.gravatar.com\/avatar\/1a494ea6f8e2dd1ae526e55b0e9497efdba542491e0620d704cccf63c6f77c45?s=96&d=mm&r=g\",\"contentUrl\":\"https:\/\/secure.gravatar.com\/avatar\/1a494ea6f8e2dd1ae526e55b0e9497efdba542491e0620d704cccf63c6f77c45?s=96&d=mm&r=g\",\"caption\":\"adminuvb\"},\"sameAs\":[\"https:\/\/uvbbrasil.com.br\"],\"url\":\"https:\/\/uvbbrasil.com.br\/author\/adminuvb\/\"}]}<\/script>\n<!-- \/ Yoast SEO plugin. -->","yoast_head_json":{"title":"C\u00e2mara de Cachoeirinha\/RS homenageia 24 anos do 26\u00ba BPM - UVB Brasil","robots":{"index":"index","follow":"follow","max-snippet":"max-snippet:-1","max-image-preview":"max-image-preview:large","max-video-preview":"max-video-preview:-1"},"canonical":"https:\/\/uvbbrasil.com.br\/camara-de-cachoeirinha-homenageia-24-anos-do-26o-bpm\/","og_locale":"pt_BR","og_type":"article","og_title":"C\u00e2mara de Cachoeirinha\/RS homenageia 24 anos do 26\u00ba BPM - UVB Brasil","og_description":"O Plen\u00e1rio Osvaldo Corr\u00eaa, na C\u00e2mara Municipal de Cachoeirinha\/RS, recebeu a 27\u00aa Sess\u00e3o Ordin\u00e1ria na noite desta ter\u00e7a-feira, dia 19....","og_url":"https:\/\/uvbbrasil.com.br\/camara-de-cachoeirinha-homenageia-24-anos-do-26o-bpm\/","og_site_name":"UVB Brasil","article_publisher":"https:\/\/www.facebook.com\/uvb.vereadoresbrasil","article_published_time":"2022-07-20T13:51:48+00:00","og_image":[{"width":2048,"height":1365,"url":"https:\/\/uvbbrasil.com.br\/wp-content\/uploads\/2022\/07\/CACHOEIRINHA.jpg","type":"image\/jpeg"}],"author":"adminuvb","twitter_card":"summary_large_image","twitter_misc":{"Escrito por":"adminuvb","Est. tempo de leitura":"2 minutos"},"schema":{"@context":"https:\/\/schema.org","@graph":[{"@type":"Article","@id":"https:\/\/uvbbrasil.com.br\/camara-de-cachoeirinha-homenageia-24-anos-do-26o-bpm\/#article","isPartOf":{"@id":"https:\/\/uvbbrasil.com.br\/camara-de-cachoeirinha-homenageia-24-anos-do-26o-bpm\/"},"author":{"name":"adminuvb","@id":"https:\/\/uvbbrasil.com.br\/#\/schema\/person\/17990098446c098f52effddff4f1b272"},"headline":"C\u00e2mara de Cachoeirinha\/RS homenageia 24 anos do 26\u00ba BPM","datePublished":"2022-07-20T13:51:48+00:00","mainEntityOfPage":{"@id":"https:\/\/uvbbrasil.com.br\/camara-de-cachoeirinha-homenageia-24-anos-do-26o-bpm\/"},"wordCount":231,"commentCount":0,"publisher":{"@id":"https:\/\/uvbbrasil.com.br\/#organization"},"image":{"@id":"https:\/\/uvbbrasil.com.br\/camara-de-cachoeirinha-homenageia-24-anos-do-26o-bpm\/#primaryimage"},"thumbnailUrl":"https:\/\/uvbbrasil.com.br\/wp-content\/uploads\/2022\/07\/CACHOEIRINHA.jpg","articleSection":["NOT\u00cdCIAS"],"inLanguage":"pt-BR","potentialAction":[{"@type":"CommentAction","name":"Comment","target":["https:\/\/uvbbrasil.com.br\/camara-de-cachoeirinha-homenageia-24-anos-do-26o-bpm\/#respond"]}]},{"@type":"WebPage","@id":"https:\/\/uvbbrasil.com.br\/camara-de-cachoeirinha-homenageia-24-anos-do-26o-bpm\/","url":"https:\/\/uvbbrasil.com.br\/camara-de-cachoeirinha-homenageia-24-anos-do-26o-bpm\/","name":"C\u00e2mara de Cachoeirinha\/RS homenageia 24 anos do 26\u00ba BPM - UVB Brasil","isPartOf":{"@id":"https:\/\/uvbbrasil.com.br\/#website"},"primaryImageOfPage":{"@id":"https:\/\/uvbbrasil.com.br\/camara-de-cachoeirinha-homenageia-24-anos-do-26o-bpm\/#primaryimage"},"image":{"@id":"https:\/\/uvbbrasil.com.br\/camara-de-cachoeirinha-homenageia-24-anos-do-26o-bpm\/#primaryimage"},"thumbnailUrl":"https:\/\/uvbbrasil.com.br\/wp-content\/uploads\/2022\/07\/CACHOEIRINHA.jpg","datePublished":"2022-07-20T13:51:48+00:00","breadcrumb":{"@id":"https:\/\/uvbbrasil.com.br\/camara-de-cachoeirinha-homenageia-24-anos-do-26o-bpm\/#breadcrumb"},"inLanguage":"pt-BR","potentialAction":[{"@type":"ReadAction","target":["https:\/\/uvbbrasil.com.br\/camara-de-cachoeirinha-homenageia-24-anos-do-26o-bpm\/"]}]},{"@type":"ImageObject","inLanguage":"pt-BR","@id":"https:\/\/uvbbrasil.com.br\/camara-de-cachoeirinha-homenageia-24-anos-do-26o-bpm\/#primaryimage","url":"https:\/\/uvbbrasil.com.br\/wp-content\/uploads\/2022\/07\/CACHOEIRINHA.jpg","contentUrl":"https:\/\/uvbbrasil.com.br\/wp-content\/uploads\/2022\/07\/CACHOEIRINHA.jpg","width":2048,"height":1365},{"@type":"BreadcrumbList","@id":"https:\/\/uvbbrasil.com.br\/camara-de-cachoeirinha-homenageia-24-anos-do-26o-bpm\/#breadcrumb","itemListElement":[{"@type":"ListItem","position":1,"name":"In\u00edcio","item":"https:\/\/uvbbrasil.com.br\/"},{"@type":"ListItem","position":2,"name":"C\u00e2mara de Cachoeirinha\/RS homenageia 24 anos do 26\u00ba BPM"}]},{"@type":"WebSite","@id":"https:\/\/uvbbrasil.com.br\/#website","url":"https:\/\/uvbbrasil.com.br\/","name":"UVB Brasil","description":"Uni\u00e3o dos Vereadores do Brasil","publisher":{"@id":"https:\/\/uvbbrasil.com.br\/#organization"},"potentialAction":[{"@type":"SearchAction","target":{"@type":"EntryPoint","urlTemplate":"https:\/\/uvbbrasil.com.br\/?s={search_term_string}"},"query-input":{"@type":"PropertyValueSpecification","valueRequired":true,"valueName":"search_term_string"}}],"inLanguage":"pt-BR"},{"@type":"Organization","@id":"https:\/\/uvbbrasil.com.br\/#organization","name":"UVB Brasil","url":"https:\/\/uvbbrasil.com.br\/","logo":{"@type":"ImageObject","inLanguage":"pt-BR","@id":"https:\/\/uvbbrasil.com.br\/#\/schema\/logo\/image\/","url":"https:\/\/uvbbrasil.com.br\/wp-content\/uploads\/2025\/01\/LOGO-UVB-2024-azul-1.jpg","contentUrl":"https:\/\/uvbbrasil.com.br\/wp-content\/uploads\/2025\/01\/LOGO-UVB-2024-azul-1.jpg","width":600,"height":211,"caption":"UVB Brasil"},"image":{"@id":"https:\/\/uvbbrasil.com.br\/#\/schema\/logo\/image\/"},"sameAs":["https:\/\/www.facebook.com\/uvb.vereadoresbrasil","https:\/\/www.instagram.com\/uvbbrasil\/","https:\/\/www.youtube.com\/channel\/UCIlPQ8Xzw5GHNzosQIg9S5A"]},{"@type":"Person","@id":"https:\/\/uvbbrasil.com.br\/#\/schema\/person\/17990098446c098f52effddff4f1b272","name":"adminuvb","image":{"@type":"ImageObject","inLanguage":"pt-BR","@id":"https:\/\/uvbbrasil.com.br\/#\/schema\/person\/image\/","url":"https:\/\/secure.gravatar.com\/avatar\/1a494ea6f8e2dd1ae526e55b0e9497efdba542491e0620d704cccf63c6f77c45?s=96&d=mm&r=g","contentUrl":"https:\/\/secure.gravatar.com\/avatar\/1a494ea6f8e2dd1ae526e55b0e9497efdba542491e0620d704cccf63c6f77c45?s=96&d=mm&r=g","caption":"adminuvb"},"sameAs":["https:\/\/uvbbrasil.com.br"],"url":"https:\/\/uvbbrasil.com.br\/author\/adminuvb\/"}]}},"_links":{"self":[{"href":"https:\/\/uvbbrasil.com.br\/uvb-json\/wp\/v2\/posts\/26612","targetHints":{"allow":["GET"]}}],"collection":[{"href":"https:\/\/uvbbrasil.com.br\/uvb-json\/wp\/v2\/posts"}],"about":[{"href":"https:\/\/uvbbrasil.com.br\/uvb-json\/wp\/v2\/types\/post"}],"author":[{"embeddable":true,"href":"https:\/\/uvbbrasil.com.br\/uvb-json\/wp\/v2\/users\/1"}],"replies":[{"embeddable":true,"href":"https:\/\/uvbbrasil.com.br\/uvb-json\/wp\/v2\/comments?post=26612"}],"version-history":[{"count":0,"href":"https:\/\/uvbbrasil.com.br\/uvb-json\/wp\/v2\/posts\/26612\/revisions"}],"wp:featuredmedia":[{"embeddable":true,"href":"https:\/\/uvbbrasil.com.br\/uvb-json\/wp\/v2\/media\/26613"}],"wp:attachment":[{"href":"https:\/\/uvbbrasil.com.br\/uvb-json\/wp\/v2\/media?parent=26612"}],"wp:term":[{"taxonomy":"category","embeddable":true,"href":"https:\/\/uvbbrasil.com.br\/uvb-json\/wp\/v2\/categories?post=26612"},{"taxonomy":"post_tag","embeddable":true,"href":"https:\/\/uvbbrasil.com.br\/uvb-json\/wp\/v2\/tags?post=26612"}],"curies":[{"name":"wp","href":"https:\/\/api.w.org\/{rel}","templated":true}]}}