{"id":26582,"date":"2022-07-19T09:50:06","date_gmt":"2022-07-19T12:50:06","guid":{"rendered":"https:\/\/wpsandbox4.pante.com.br\/?p=26582"},"modified":"2022-07-19T09:50:06","modified_gmt":"2022-07-19T12:50:06","slug":"proporcao-de-jovens-cresce-no-maior-eleitorado-da-historia","status":"publish","type":"post","link":"https:\/\/uvbbrasil.com.br\/proporcao-de-jovens-cresce-no-maior-eleitorado-da-historia\/","title":{"rendered":"Propor\u00e7\u00e3o de jovens cresce no maior eleitorado da hist\u00f3ria"},"content":{"rendered":"<p>O eleitorado brasileiro em 2022 \u00e9 6,21% maior que o registrado em 2018. A informa\u00e7\u00e3o \u00e9 do Tribunal Superior Eleitoral (TSE), que divulgou <a href=\"https:\/\/sig.tse.jus.br\/ords\/dwapr\/seai\/r\/sig-eleicao\/home?session=7328375491882\">estat\u00edsticas<\/a> sobre os 156 milh\u00f5es de cidad\u00e3os aptos a votar nas elei\u00e7\u00f5es deste ano, no dia 2 de outubro. Um dos maiores aumentos registrados foi no n\u00famero de jovens entre 16 e 17 anos, cujo voto \u00e9 facultativo.<\/p>\n<p>Nas elei\u00e7\u00f5es deste ano, 2,1 milh\u00f5es de\u00a0jovens nessa faixa et\u00e1ria poder\u00e3o votar. Em 2018, eram 1,4 milh\u00f5es. O crescimento equivale a 51,13% nessa faixa et\u00e1ria do eleitorado. Segundo o TSE quase a totalidade dos eleitores jovens que v\u00e3o votar em 2022 fez cadastro na Justi\u00e7a Eleitoral nos quatro primeiros meses deste ano, gra\u00e7as a campanhas promovidas para conscientizar os jovens do seu direito.<\/p>\n<p>\u2014 Os dados demonstram a pujan\u00e7a c\u00edvica da cidadania no Brasil. S\u00e3o mais de 156 milh\u00f5es de eleitores que comp\u00f5em no cadastro eleitoral o maior eleitorado da hist\u00f3ria brasileira \u2014 disse o presidente do TSE, ministro Edson Facchin, ao divulgar os resultado final da sistematiza\u00e7\u00e3o do cadastramento eleitoral no Brasil.<\/p>\n<p>O eleitorado acima de 70 anos tamb\u00e9m cresceu. O salto foi de 23,82%, de 12 milh\u00f5es em 2018 para 14,8 milh\u00f5es em 2022. Esse n\u00famero representa 9,52% de todo o eleitorado apto a votar no dia 2 de outubro. O voto nessa faixa et\u00e1ria tamb\u00e9m \u00e9 facultativo, assim como acontece com os jovens e os analfabetos.<\/p>\n<p>Segundo o TSE, os eleitores brasileiros est\u00e3o distribu\u00eddos em 5.570 cidades no Brasil e 181 no exterior. Ao todo, eles est\u00e3o divididos em 496.512 mil se\u00e7\u00f5es eleitorais. Outra raz\u00e3o para o aumento no n\u00famero s\u00e3o os mais de 4 milh\u00f5es de cancelamentos de t\u00edtulo revertidos. Al\u00e9m disso houve um crescimento expressivo no eleitorado no exterior, que saltou de 500.727 em 2018 para 697.078 em 2022, um aumento de 39,21%.<\/p>\n<p><b>Perfil<\/b><\/p>\n<p>Entre os eleitores, a maior parte \u00e9 de mulheres. S\u00e3o 82,3 milh\u00f5es de eleitoras, 52,65% do total. J\u00e1 os homens s\u00e3o 74 milh\u00f5es, 47,33%. Outros 36,7 mil votantes n\u00e3o declararam g\u00eanero, num total de 0,02%. Esta \u00e9 a terceira elei\u00e7\u00e3o na qual a Justi\u00e7a Eleitoral garante que pessoas transg\u00eanero, transexuais e travestis tenham o nome (como preferem ser chamados) impresso no t\u00edtulo de eleitor e no caderno de vota\u00e7\u00e3o. No total, 37,6 mil eleitores fizeram essa solicita\u00e7\u00e3o.<\/p>\n<p>No quesito<b> <\/b>escolaridade, os dados do Cadastro Eleitoral mostram que a maior parcela do eleitorado, 23,31%, \u00e9 de pessoas que declararam possuir o ensino m\u00e9dio completo. Nas elei\u00e7\u00f5es de 2018 e 2014, a principal faixa do eleitorado era aquela composta por pessoas com o ensino fundamental incompleto. Em 2022, essa faixa do eleitorado corresponde a 22,97% total. Eleitores com ensino m\u00e9dio incompleto s\u00e3o 16,65% e com ensino superior completo s\u00e3o 10,95%.<\/p>\n<p>O n\u00famero de eleitores que declararam ter algum tipo de defici\u00eancia ou mobilidade reduzida cresceu 35,27%, passando 939,9 mil em 2018 para 1,27 milh\u00e3o em 2022.<\/p>\n<p><b>Regi\u00f5es<\/b><\/p>\n<p>Ainda segundo o TSE, S\u00e3o Paulo continua a ser o estado com maior col\u00e9gio eleitoral brasileiro, com 22,16% de todos os eleitores. Em seguida aparecem os estados de Minas Gerais, com 10,41% do total de eleitores e Rio de Janeiro, com 8,2%. Ao todo, a regi\u00e3o Sudeste concentra 42,64% de todo o eleitorado nacional.<\/p>\n<p>O Nordeste vem logo ap\u00f3s, com 27,11% do eleitorado. Na sequ\u00eancia aparecem o Sul (14,42%), Norte (8,03%) e Centro-Oeste (7,38%). Roraima (0,23%), Amap\u00e1 (0,35%) e Acre (0,38%) s\u00e3o as unidades da Federa\u00e7\u00e3o com menos eleitores.<\/p>\n<p>Entre os munic\u00edpios brasileiros, S\u00e3o Paulo tamb\u00e9m det\u00e9m o maior eleitorado com 9,3 milh\u00f5es de cidad\u00e3os. Em seguida aparecem Rio de Janeiro (5 milh\u00f5es), Bras\u00edlia (2,2 milh\u00f5es), Belo Horizonte (2 milh\u00f5es) e Salvador (1,9 milh\u00f5es). Os menores col\u00e9gios eleitorais est\u00e3o nos munic\u00edpios de Bor\u00e1 (SP), Araguainha (MT), Serra da Saudade (MG), Engenho Velho (RS) e Anhanguera (GO), que t\u00eam entre 1.040 e 1.234 eleitores.<\/p>\n<p><b>Elei\u00e7\u00f5es<\/b><\/p>\n<p>O primeiro turno das elei\u00e7\u00f5es est\u00e1 marcado para o dia 2 de outubro e o segundo ser\u00e1 no dia 30 de outubro. As elei\u00e7\u00f5es de 2022 s\u00e3o para os cargos de presidente da Rep\u00fablica, governador, senador, deputado federal e deputado estadual ou distrital.<\/p>\n<p>Mais de 118 milh\u00f5es de eleitores \u2014 tr\u00eas a cada 4 brasileiros (75,51%) \u2014 j\u00e1 cadastraram a biometria e ser\u00e3o identificados por meio das impress\u00f5es digitais. Em 2018 eram 59,31% e, em 2014, apenas 16,7%.<\/p>\n<p><em>Com informa\u00e7\u00f5es do TSE<\/em><\/p>\n<p><img fetchpriority=\"high\" decoding=\"async\" class=\"alignnone size-medium wp-image-26583\" src=\"https:\/\/uvbbrasil.com.br\/wp-content\/uploads\/2022\/07\/imagem_materia-4-300x199.jpg\" alt=\"\" width=\"300\" height=\"199\" srcset=\"https:\/\/uvbbrasil.com.br\/wp-content\/uploads\/2022\/07\/imagem_materia-4-300x199.jpg 300w, https:\/\/uvbbrasil.com.br\/wp-content\/uploads\/2022\/07\/imagem_materia-4-768x509.jpg 768w, https:\/\/uvbbrasil.com.br\/wp-content\/uploads\/2022\/07\/imagem_materia-4.jpg 860w\" sizes=\"(max-width: 300px) 100vw, 300px\" \/><\/p>\n<p>Fonte: Ag\u00eancia Senado<\/p>\n","protected":false},"excerpt":{"rendered":"<p>O eleitorado brasileiro em 2022 \u00e9 6,21% maior que o registrado em 2018. A informa\u00e7\u00e3o \u00e9 do Tribunal Superior Eleitoral&#8230;<\/p>\n","protected":false},"author":1,"featured_media":26583,"comment_status":"open","ping_status":"open","sticky":false,"template":"","format":"standard","meta":{"footnotes":""},"categories":[3],"tags":[],"class_list":["post-26582","post","type-post","status-publish","format-standard","has-post-thumbnail","hentry","category-noticias"],"yoast_head":"<!-- This site is optimized with the Yoast SEO plugin v26.7 - https:\/\/yoast.com\/wordpress\/plugins\/seo\/ -->\n<title>Propor\u00e7\u00e3o de jovens cresce no maior eleitorado da hist\u00f3ria - UVB Brasil<\/title>\n<meta name=\"robots\" content=\"index, follow, max-snippet:-1, max-image-preview:large, max-video-preview:-1\" \/>\n<link rel=\"canonical\" href=\"https:\/\/uvbbrasil.com.br\/proporcao-de-jovens-cresce-no-maior-eleitorado-da-historia\/\" \/>\n<meta property=\"og:locale\" content=\"pt_BR\" \/>\n<meta property=\"og:type\" content=\"article\" \/>\n<meta property=\"og:title\" content=\"Propor\u00e7\u00e3o de jovens cresce no maior eleitorado da hist\u00f3ria - UVB Brasil\" \/>\n<meta property=\"og:description\" content=\"O eleitorado brasileiro em 2022 \u00e9 6,21% maior que o registrado em 2018. A informa\u00e7\u00e3o \u00e9 do Tribunal Superior Eleitoral...\" \/>\n<meta property=\"og:url\" content=\"https:\/\/uvbbrasil.com.br\/proporcao-de-jovens-cresce-no-maior-eleitorado-da-historia\/\" \/>\n<meta property=\"og:site_name\" content=\"UVB Brasil\" \/>\n<meta property=\"article:publisher\" content=\"https:\/\/www.facebook.com\/uvb.vereadoresbrasil\" \/>\n<meta property=\"article:published_time\" content=\"2022-07-19T12:50:06+00:00\" \/>\n<meta property=\"og:image\" content=\"https:\/\/uvbbrasil.com.br\/wp-content\/uploads\/2022\/07\/imagem_materia-4.jpg\" \/>\n\t<meta property=\"og:image:width\" content=\"860\" \/>\n\t<meta property=\"og:image:height\" content=\"570\" \/>\n\t<meta property=\"og:image:type\" content=\"image\/jpeg\" \/>\n<meta name=\"author\" content=\"adminuvb\" \/>\n<meta name=\"twitter:card\" content=\"summary_large_image\" \/>\n<meta name=\"twitter:label1\" content=\"Escrito por\" \/>\n\t<meta name=\"twitter:data1\" content=\"adminuvb\" \/>\n\t<meta name=\"twitter:label2\" content=\"Est. tempo de leitura\" \/>\n\t<meta name=\"twitter:data2\" content=\"4 minutos\" \/>\n<script type=\"application\/ld+json\" class=\"yoast-schema-graph\">{\"@context\":\"https:\/\/schema.org\",\"@graph\":[{\"@type\":\"Article\",\"@id\":\"https:\/\/uvbbrasil.com.br\/proporcao-de-jovens-cresce-no-maior-eleitorado-da-historia\/#article\",\"isPartOf\":{\"@id\":\"https:\/\/uvbbrasil.com.br\/proporcao-de-jovens-cresce-no-maior-eleitorado-da-historia\/\"},\"author\":{\"name\":\"adminuvb\",\"@id\":\"https:\/\/uvbbrasil.com.br\/#\/schema\/person\/17990098446c098f52effddff4f1b272\"},\"headline\":\"Propor\u00e7\u00e3o de jovens cresce no maior eleitorado da hist\u00f3ria\",\"datePublished\":\"2022-07-19T12:50:06+00:00\",\"mainEntityOfPage\":{\"@id\":\"https:\/\/uvbbrasil.com.br\/proporcao-de-jovens-cresce-no-maior-eleitorado-da-historia\/\"},\"wordCount\":730,\"commentCount\":0,\"publisher\":{\"@id\":\"https:\/\/uvbbrasil.com.br\/#organization\"},\"image\":{\"@id\":\"https:\/\/uvbbrasil.com.br\/proporcao-de-jovens-cresce-no-maior-eleitorado-da-historia\/#primaryimage\"},\"thumbnailUrl\":\"https:\/\/uvbbrasil.com.br\/wp-content\/uploads\/2022\/07\/imagem_materia-4.jpg\",\"articleSection\":[\"NOT\u00cdCIAS\"],\"inLanguage\":\"pt-BR\",\"potentialAction\":[{\"@type\":\"CommentAction\",\"name\":\"Comment\",\"target\":[\"https:\/\/uvbbrasil.com.br\/proporcao-de-jovens-cresce-no-maior-eleitorado-da-historia\/#respond\"]}]},{\"@type\":\"WebPage\",\"@id\":\"https:\/\/uvbbrasil.com.br\/proporcao-de-jovens-cresce-no-maior-eleitorado-da-historia\/\",\"url\":\"https:\/\/uvbbrasil.com.br\/proporcao-de-jovens-cresce-no-maior-eleitorado-da-historia\/\",\"name\":\"Propor\u00e7\u00e3o de jovens cresce no maior eleitorado da hist\u00f3ria - UVB Brasil\",\"isPartOf\":{\"@id\":\"https:\/\/uvbbrasil.com.br\/#website\"},\"primaryImageOfPage\":{\"@id\":\"https:\/\/uvbbrasil.com.br\/proporcao-de-jovens-cresce-no-maior-eleitorado-da-historia\/#primaryimage\"},\"image\":{\"@id\":\"https:\/\/uvbbrasil.com.br\/proporcao-de-jovens-cresce-no-maior-eleitorado-da-historia\/#primaryimage\"},\"thumbnailUrl\":\"https:\/\/uvbbrasil.com.br\/wp-content\/uploads\/2022\/07\/imagem_materia-4.jpg\",\"datePublished\":\"2022-07-19T12:50:06+00:00\",\"breadcrumb\":{\"@id\":\"https:\/\/uvbbrasil.com.br\/proporcao-de-jovens-cresce-no-maior-eleitorado-da-historia\/#breadcrumb\"},\"inLanguage\":\"pt-BR\",\"potentialAction\":[{\"@type\":\"ReadAction\",\"target\":[\"https:\/\/uvbbrasil.com.br\/proporcao-de-jovens-cresce-no-maior-eleitorado-da-historia\/\"]}]},{\"@type\":\"ImageObject\",\"inLanguage\":\"pt-BR\",\"@id\":\"https:\/\/uvbbrasil.com.br\/proporcao-de-jovens-cresce-no-maior-eleitorado-da-historia\/#primaryimage\",\"url\":\"https:\/\/uvbbrasil.com.br\/wp-content\/uploads\/2022\/07\/imagem_materia-4.jpg\",\"contentUrl\":\"https:\/\/uvbbrasil.com.br\/wp-content\/uploads\/2022\/07\/imagem_materia-4.jpg\",\"width\":860,\"height\":570},{\"@type\":\"BreadcrumbList\",\"@id\":\"https:\/\/uvbbrasil.com.br\/proporcao-de-jovens-cresce-no-maior-eleitorado-da-historia\/#breadcrumb\",\"itemListElement\":[{\"@type\":\"ListItem\",\"position\":1,\"name\":\"In\u00edcio\",\"item\":\"https:\/\/uvbbrasil.com.br\/\"},{\"@type\":\"ListItem\",\"position\":2,\"name\":\"Propor\u00e7\u00e3o de jovens cresce no maior eleitorado da hist\u00f3ria\"}]},{\"@type\":\"WebSite\",\"@id\":\"https:\/\/uvbbrasil.com.br\/#website\",\"url\":\"https:\/\/uvbbrasil.com.br\/\",\"name\":\"UVB Brasil\",\"description\":\"Uni\u00e3o dos Vereadores do Brasil\",\"publisher\":{\"@id\":\"https:\/\/uvbbrasil.com.br\/#organization\"},\"potentialAction\":[{\"@type\":\"SearchAction\",\"target\":{\"@type\":\"EntryPoint\",\"urlTemplate\":\"https:\/\/uvbbrasil.com.br\/?s={search_term_string}\"},\"query-input\":{\"@type\":\"PropertyValueSpecification\",\"valueRequired\":true,\"valueName\":\"search_term_string\"}}],\"inLanguage\":\"pt-BR\"},{\"@type\":\"Organization\",\"@id\":\"https:\/\/uvbbrasil.com.br\/#organization\",\"name\":\"UVB Brasil\",\"url\":\"https:\/\/uvbbrasil.com.br\/\",\"logo\":{\"@type\":\"ImageObject\",\"inLanguage\":\"pt-BR\",\"@id\":\"https:\/\/uvbbrasil.com.br\/#\/schema\/logo\/image\/\",\"url\":\"https:\/\/uvbbrasil.com.br\/wp-content\/uploads\/2025\/01\/LOGO-UVB-2024-azul-1.jpg\",\"contentUrl\":\"https:\/\/uvbbrasil.com.br\/wp-content\/uploads\/2025\/01\/LOGO-UVB-2024-azul-1.jpg\",\"width\":600,\"height\":211,\"caption\":\"UVB Brasil\"},\"image\":{\"@id\":\"https:\/\/uvbbrasil.com.br\/#\/schema\/logo\/image\/\"},\"sameAs\":[\"https:\/\/www.facebook.com\/uvb.vereadoresbrasil\",\"https:\/\/www.instagram.com\/uvbbrasil\/\",\"https:\/\/www.youtube.com\/channel\/UCIlPQ8Xzw5GHNzosQIg9S5A\"]},{\"@type\":\"Person\",\"@id\":\"https:\/\/uvbbrasil.com.br\/#\/schema\/person\/17990098446c098f52effddff4f1b272\",\"name\":\"adminuvb\",\"image\":{\"@type\":\"ImageObject\",\"inLanguage\":\"pt-BR\",\"@id\":\"https:\/\/uvbbrasil.com.br\/#\/schema\/person\/image\/\",\"url\":\"https:\/\/secure.gravatar.com\/avatar\/1a494ea6f8e2dd1ae526e55b0e9497efdba542491e0620d704cccf63c6f77c45?s=96&d=mm&r=g\",\"contentUrl\":\"https:\/\/secure.gravatar.com\/avatar\/1a494ea6f8e2dd1ae526e55b0e9497efdba542491e0620d704cccf63c6f77c45?s=96&d=mm&r=g\",\"caption\":\"adminuvb\"},\"sameAs\":[\"https:\/\/uvbbrasil.com.br\"],\"url\":\"https:\/\/uvbbrasil.com.br\/author\/adminuvb\/\"}]}<\/script>\n<!-- \/ Yoast SEO plugin. -->","yoast_head_json":{"title":"Propor\u00e7\u00e3o de jovens cresce no maior eleitorado da hist\u00f3ria - UVB Brasil","robots":{"index":"index","follow":"follow","max-snippet":"max-snippet:-1","max-image-preview":"max-image-preview:large","max-video-preview":"max-video-preview:-1"},"canonical":"https:\/\/uvbbrasil.com.br\/proporcao-de-jovens-cresce-no-maior-eleitorado-da-historia\/","og_locale":"pt_BR","og_type":"article","og_title":"Propor\u00e7\u00e3o de jovens cresce no maior eleitorado da hist\u00f3ria - UVB Brasil","og_description":"O eleitorado brasileiro em 2022 \u00e9 6,21% maior que o registrado em 2018. A informa\u00e7\u00e3o \u00e9 do Tribunal Superior Eleitoral...","og_url":"https:\/\/uvbbrasil.com.br\/proporcao-de-jovens-cresce-no-maior-eleitorado-da-historia\/","og_site_name":"UVB Brasil","article_publisher":"https:\/\/www.facebook.com\/uvb.vereadoresbrasil","article_published_time":"2022-07-19T12:50:06+00:00","og_image":[{"width":860,"height":570,"url":"https:\/\/uvbbrasil.com.br\/wp-content\/uploads\/2022\/07\/imagem_materia-4.jpg","type":"image\/jpeg"}],"author":"adminuvb","twitter_card":"summary_large_image","twitter_misc":{"Escrito por":"adminuvb","Est. tempo de leitura":"4 minutos"},"schema":{"@context":"https:\/\/schema.org","@graph":[{"@type":"Article","@id":"https:\/\/uvbbrasil.com.br\/proporcao-de-jovens-cresce-no-maior-eleitorado-da-historia\/#article","isPartOf":{"@id":"https:\/\/uvbbrasil.com.br\/proporcao-de-jovens-cresce-no-maior-eleitorado-da-historia\/"},"author":{"name":"adminuvb","@id":"https:\/\/uvbbrasil.com.br\/#\/schema\/person\/17990098446c098f52effddff4f1b272"},"headline":"Propor\u00e7\u00e3o de jovens cresce no maior eleitorado da hist\u00f3ria","datePublished":"2022-07-19T12:50:06+00:00","mainEntityOfPage":{"@id":"https:\/\/uvbbrasil.com.br\/proporcao-de-jovens-cresce-no-maior-eleitorado-da-historia\/"},"wordCount":730,"commentCount":0,"publisher":{"@id":"https:\/\/uvbbrasil.com.br\/#organization"},"image":{"@id":"https:\/\/uvbbrasil.com.br\/proporcao-de-jovens-cresce-no-maior-eleitorado-da-historia\/#primaryimage"},"thumbnailUrl":"https:\/\/uvbbrasil.com.br\/wp-content\/uploads\/2022\/07\/imagem_materia-4.jpg","articleSection":["NOT\u00cdCIAS"],"inLanguage":"pt-BR","potentialAction":[{"@type":"CommentAction","name":"Comment","target":["https:\/\/uvbbrasil.com.br\/proporcao-de-jovens-cresce-no-maior-eleitorado-da-historia\/#respond"]}]},{"@type":"WebPage","@id":"https:\/\/uvbbrasil.com.br\/proporcao-de-jovens-cresce-no-maior-eleitorado-da-historia\/","url":"https:\/\/uvbbrasil.com.br\/proporcao-de-jovens-cresce-no-maior-eleitorado-da-historia\/","name":"Propor\u00e7\u00e3o de jovens cresce no maior eleitorado da hist\u00f3ria - UVB Brasil","isPartOf":{"@id":"https:\/\/uvbbrasil.com.br\/#website"},"primaryImageOfPage":{"@id":"https:\/\/uvbbrasil.com.br\/proporcao-de-jovens-cresce-no-maior-eleitorado-da-historia\/#primaryimage"},"image":{"@id":"https:\/\/uvbbrasil.com.br\/proporcao-de-jovens-cresce-no-maior-eleitorado-da-historia\/#primaryimage"},"thumbnailUrl":"https:\/\/uvbbrasil.com.br\/wp-content\/uploads\/2022\/07\/imagem_materia-4.jpg","datePublished":"2022-07-19T12:50:06+00:00","breadcrumb":{"@id":"https:\/\/uvbbrasil.com.br\/proporcao-de-jovens-cresce-no-maior-eleitorado-da-historia\/#breadcrumb"},"inLanguage":"pt-BR","potentialAction":[{"@type":"ReadAction","target":["https:\/\/uvbbrasil.com.br\/proporcao-de-jovens-cresce-no-maior-eleitorado-da-historia\/"]}]},{"@type":"ImageObject","inLanguage":"pt-BR","@id":"https:\/\/uvbbrasil.com.br\/proporcao-de-jovens-cresce-no-maior-eleitorado-da-historia\/#primaryimage","url":"https:\/\/uvbbrasil.com.br\/wp-content\/uploads\/2022\/07\/imagem_materia-4.jpg","contentUrl":"https:\/\/uvbbrasil.com.br\/wp-content\/uploads\/2022\/07\/imagem_materia-4.jpg","width":860,"height":570},{"@type":"BreadcrumbList","@id":"https:\/\/uvbbrasil.com.br\/proporcao-de-jovens-cresce-no-maior-eleitorado-da-historia\/#breadcrumb","itemListElement":[{"@type":"ListItem","position":1,"name":"In\u00edcio","item":"https:\/\/uvbbrasil.com.br\/"},{"@type":"ListItem","position":2,"name":"Propor\u00e7\u00e3o de jovens cresce no maior eleitorado da hist\u00f3ria"}]},{"@type":"WebSite","@id":"https:\/\/uvbbrasil.com.br\/#website","url":"https:\/\/uvbbrasil.com.br\/","name":"UVB Brasil","description":"Uni\u00e3o dos Vereadores do Brasil","publisher":{"@id":"https:\/\/uvbbrasil.com.br\/#organization"},"potentialAction":[{"@type":"SearchAction","target":{"@type":"EntryPoint","urlTemplate":"https:\/\/uvbbrasil.com.br\/?s={search_term_string}"},"query-input":{"@type":"PropertyValueSpecification","valueRequired":true,"valueName":"search_term_string"}}],"inLanguage":"pt-BR"},{"@type":"Organization","@id":"https:\/\/uvbbrasil.com.br\/#organization","name":"UVB Brasil","url":"https:\/\/uvbbrasil.com.br\/","logo":{"@type":"ImageObject","inLanguage":"pt-BR","@id":"https:\/\/uvbbrasil.com.br\/#\/schema\/logo\/image\/","url":"https:\/\/uvbbrasil.com.br\/wp-content\/uploads\/2025\/01\/LOGO-UVB-2024-azul-1.jpg","contentUrl":"https:\/\/uvbbrasil.com.br\/wp-content\/uploads\/2025\/01\/LOGO-UVB-2024-azul-1.jpg","width":600,"height":211,"caption":"UVB Brasil"},"image":{"@id":"https:\/\/uvbbrasil.com.br\/#\/schema\/logo\/image\/"},"sameAs":["https:\/\/www.facebook.com\/uvb.vereadoresbrasil","https:\/\/www.instagram.com\/uvbbrasil\/","https:\/\/www.youtube.com\/channel\/UCIlPQ8Xzw5GHNzosQIg9S5A"]},{"@type":"Person","@id":"https:\/\/uvbbrasil.com.br\/#\/schema\/person\/17990098446c098f52effddff4f1b272","name":"adminuvb","image":{"@type":"ImageObject","inLanguage":"pt-BR","@id":"https:\/\/uvbbrasil.com.br\/#\/schema\/person\/image\/","url":"https:\/\/secure.gravatar.com\/avatar\/1a494ea6f8e2dd1ae526e55b0e9497efdba542491e0620d704cccf63c6f77c45?s=96&d=mm&r=g","contentUrl":"https:\/\/secure.gravatar.com\/avatar\/1a494ea6f8e2dd1ae526e55b0e9497efdba542491e0620d704cccf63c6f77c45?s=96&d=mm&r=g","caption":"adminuvb"},"sameAs":["https:\/\/uvbbrasil.com.br"],"url":"https:\/\/uvbbrasil.com.br\/author\/adminuvb\/"}]}},"_links":{"self":[{"href":"https:\/\/uvbbrasil.com.br\/uvb-json\/wp\/v2\/posts\/26582","targetHints":{"allow":["GET"]}}],"collection":[{"href":"https:\/\/uvbbrasil.com.br\/uvb-json\/wp\/v2\/posts"}],"about":[{"href":"https:\/\/uvbbrasil.com.br\/uvb-json\/wp\/v2\/types\/post"}],"author":[{"embeddable":true,"href":"https:\/\/uvbbrasil.com.br\/uvb-json\/wp\/v2\/users\/1"}],"replies":[{"embeddable":true,"href":"https:\/\/uvbbrasil.com.br\/uvb-json\/wp\/v2\/comments?post=26582"}],"version-history":[{"count":0,"href":"https:\/\/uvbbrasil.com.br\/uvb-json\/wp\/v2\/posts\/26582\/revisions"}],"wp:featuredmedia":[{"embeddable":true,"href":"https:\/\/uvbbrasil.com.br\/uvb-json\/wp\/v2\/media\/26583"}],"wp:attachment":[{"href":"https:\/\/uvbbrasil.com.br\/uvb-json\/wp\/v2\/media?parent=26582"}],"wp:term":[{"taxonomy":"category","embeddable":true,"href":"https:\/\/uvbbrasil.com.br\/uvb-json\/wp\/v2\/categories?post=26582"},{"taxonomy":"post_tag","embeddable":true,"href":"https:\/\/uvbbrasil.com.br\/uvb-json\/wp\/v2\/tags?post=26582"}],"curies":[{"name":"wp","href":"https:\/\/api.w.org\/{rel}","templated":true}]}}