{"id":26540,"date":"2022-07-13T15:44:16","date_gmt":"2022-07-13T18:44:16","guid":{"rendered":"https:\/\/wpsandbox4.pante.com.br\/?p=26540"},"modified":"2022-07-13T15:44:16","modified_gmt":"2022-07-13T18:44:16","slug":"vereador-de-campo-mourao-pr-morre-em-acidente-de-moto","status":"publish","type":"post","link":"https:\/\/uvbbrasil.com.br\/vereador-de-campo-mourao-pr-morre-em-acidente-de-moto\/","title":{"rendered":"Vereador de Campo Mour\u00e3o\/PR morre em acidente de moto"},"content":{"rendered":"<p>O vereador de Campo Mour\u00e3o, Sidney Ronaldo Ribeiro, 44 anos, mais conhecido por \u201cTucano\u201d, acabou morrendo ap\u00f3s cair da motocicleta que pilotava. O acidente ocorreu no trevo para a sa\u00edda para Maring\u00e1, per\u00edmetro urbano de Campo Mour\u00e3o, no in\u00edcio da madrugada desta ter\u00e7a-feira, 12.<br \/>\nSegundo as informa\u00e7\u00f5es de testemunhas, ele teria sofrido uma primeira queda da moto no sem\u00e1foro de acesso ao pr\u00e9dio da Coamo, na PR-158, em frente ao Paran\u00e1 Fam\u00edlia, mas recusou atendimento de populares.<br \/>\nAparentemente bem, ele montou na motocicleta e seguiu sentido a sa\u00edda para Maring\u00e1, quando acabou caindo novamente no trevo que liga a PR-158 com a Perimetral Tancredo Neves.<br \/>\nEquipes do Samu foram acionadas, mas quando chegaram ao local o vereador j\u00e1 estava morto. Pol\u00edcia Rodovi\u00e1ria Estadual, Pol\u00edcia Civil e a Pericia Criminal tamb\u00e9m realizaram atendimento da ocorr\u00eancia, fazendo a liberado do corpo para o IML.<br \/>\nTucano estava no segundo mandato e era o 1\u00b0 secret\u00e1rio da C\u00e2mara. Foi reeleito nas elei\u00e7\u00f5es municipais de 2020, com 939 votos pelo PSD. Era casado e tinha tr\u00eas filhos.<\/p>\n<p>A Uni\u00e3o dos Vereadores do Brasil\/UVB, se solidariza com todos os familiares e amigos por esta grande perda,\u00a0 vereador Sidney era um grande parceiro da UVB, que participava das a\u00e7\u00f5es e eventos promovidos pela entidade, e que muito contribuiu para o munic\u00edpio de Campo Mour\u00e3o.<\/p>\n<p>&nbsp;<\/p>\n<p><img decoding=\"async\" class=\"alignnone size-full wp-image-26541\" src=\"https:\/\/uvbbrasil.com.br\/wp-content\/uploads\/2022\/07\/th-2.jpg\" alt=\"\" width=\"185\" height=\"185\" srcset=\"https:\/\/uvbbrasil.com.br\/wp-content\/uploads\/2022\/07\/th-2.jpg 185w, https:\/\/uvbbrasil.com.br\/wp-content\/uploads\/2022\/07\/th-2-150x150.jpg 150w\" sizes=\"(max-width: 185px) 100vw, 185px\" \/><\/p>\n<p>Com informa\u00e7\u00f5es e fotos: Jo\u00e3o Silvestrin\/Tasabendo.com<\/p>\n","protected":false},"excerpt":{"rendered":"<p>O vereador de Campo Mour\u00e3o, Sidney Ronaldo Ribeiro, 44 anos, mais conhecido por \u201cTucano\u201d, acabou morrendo ap\u00f3s cair da motocicleta&#8230;<\/p>\n","protected":false},"author":1,"featured_media":26541,"comment_status":"open","ping_status":"open","sticky":false,"template":"","format":"standard","meta":{"footnotes":""},"categories":[3],"tags":[],"class_list":["post-26540","post","type-post","status-publish","format-standard","has-post-thumbnail","hentry","category-noticias"],"yoast_head":"<!-- This site is optimized with the Yoast SEO plugin v27.5 - https:\/\/yoast.com\/product\/yoast-seo-wordpress\/ -->\n<title>Vereador de Campo Mour\u00e3o\/PR morre em acidente de moto - UVB Brasil<\/title>\n<meta name=\"robots\" content=\"index, follow, max-snippet:-1, max-image-preview:large, max-video-preview:-1\" \/>\n<link rel=\"canonical\" href=\"https:\/\/uvbbrasil.com.br\/vereador-de-campo-mourao-pr-morre-em-acidente-de-moto\/\" \/>\n<meta property=\"og:locale\" content=\"pt_BR\" \/>\n<meta property=\"og:type\" content=\"article\" \/>\n<meta property=\"og:title\" content=\"Vereador de Campo Mour\u00e3o\/PR morre em acidente de moto - UVB Brasil\" \/>\n<meta property=\"og:description\" content=\"O vereador de Campo Mour\u00e3o, Sidney Ronaldo Ribeiro, 44 anos, mais conhecido por \u201cTucano\u201d, acabou morrendo ap\u00f3s cair da motocicleta...\" \/>\n<meta property=\"og:url\" content=\"https:\/\/uvbbrasil.com.br\/vereador-de-campo-mourao-pr-morre-em-acidente-de-moto\/\" \/>\n<meta property=\"og:site_name\" content=\"UVB Brasil\" \/>\n<meta property=\"article:publisher\" content=\"https:\/\/www.facebook.com\/uvb.vereadoresbrasil\" \/>\n<meta property=\"article:published_time\" content=\"2022-07-13T18:44:16+00:00\" \/>\n<meta property=\"og:image\" content=\"https:\/\/uvbbrasil.com.br\/wp-content\/uploads\/2022\/07\/th-2.jpg\" \/>\n\t<meta property=\"og:image:width\" content=\"185\" \/>\n\t<meta property=\"og:image:height\" content=\"185\" \/>\n\t<meta property=\"og:image:type\" content=\"image\/jpeg\" \/>\n<meta name=\"author\" content=\"adminuvb\" \/>\n<meta name=\"twitter:card\" content=\"summary_large_image\" \/>\n<meta name=\"twitter:label1\" content=\"Escrito por\" \/>\n\t<meta name=\"twitter:data1\" content=\"adminuvb\" \/>\n\t<meta name=\"twitter:label2\" content=\"Est. tempo de leitura\" \/>\n\t<meta name=\"twitter:data2\" content=\"2 minutos\" \/>\n<script type=\"application\/ld+json\" class=\"yoast-schema-graph\">{\"@context\":\"https:\\\/\\\/schema.org\",\"@graph\":[{\"@type\":\"Article\",\"@id\":\"https:\\\/\\\/uvbbrasil.com.br\\\/vereador-de-campo-mourao-pr-morre-em-acidente-de-moto\\\/#article\",\"isPartOf\":{\"@id\":\"https:\\\/\\\/uvbbrasil.com.br\\\/vereador-de-campo-mourao-pr-morre-em-acidente-de-moto\\\/\"},\"author\":{\"name\":\"adminuvb\",\"@id\":\"https:\\\/\\\/uvbbrasil.com.br\\\/#\\\/schema\\\/person\\\/17990098446c098f52effddff4f1b272\"},\"headline\":\"Vereador de Campo Mour\u00e3o\\\/PR morre em acidente de moto\",\"datePublished\":\"2022-07-13T18:44:16+00:00\",\"mainEntityOfPage\":{\"@id\":\"https:\\\/\\\/uvbbrasil.com.br\\\/vereador-de-campo-mourao-pr-morre-em-acidente-de-moto\\\/\"},\"wordCount\":260,\"commentCount\":0,\"publisher\":{\"@id\":\"https:\\\/\\\/uvbbrasil.com.br\\\/#organization\"},\"image\":{\"@id\":\"https:\\\/\\\/uvbbrasil.com.br\\\/vereador-de-campo-mourao-pr-morre-em-acidente-de-moto\\\/#primaryimage\"},\"thumbnailUrl\":\"https:\\\/\\\/uvbbrasil.com.br\\\/wp-content\\\/uploads\\\/2022\\\/07\\\/th-2.jpg\",\"articleSection\":[\"NOT\u00cdCIAS\"],\"inLanguage\":\"pt-BR\",\"potentialAction\":[{\"@type\":\"CommentAction\",\"name\":\"Comment\",\"target\":[\"https:\\\/\\\/uvbbrasil.com.br\\\/vereador-de-campo-mourao-pr-morre-em-acidente-de-moto\\\/#respond\"]}]},{\"@type\":\"WebPage\",\"@id\":\"https:\\\/\\\/uvbbrasil.com.br\\\/vereador-de-campo-mourao-pr-morre-em-acidente-de-moto\\\/\",\"url\":\"https:\\\/\\\/uvbbrasil.com.br\\\/vereador-de-campo-mourao-pr-morre-em-acidente-de-moto\\\/\",\"name\":\"Vereador de Campo Mour\u00e3o\\\/PR morre em acidente de moto - UVB Brasil\",\"isPartOf\":{\"@id\":\"https:\\\/\\\/uvbbrasil.com.br\\\/#website\"},\"primaryImageOfPage\":{\"@id\":\"https:\\\/\\\/uvbbrasil.com.br\\\/vereador-de-campo-mourao-pr-morre-em-acidente-de-moto\\\/#primaryimage\"},\"image\":{\"@id\":\"https:\\\/\\\/uvbbrasil.com.br\\\/vereador-de-campo-mourao-pr-morre-em-acidente-de-moto\\\/#primaryimage\"},\"thumbnailUrl\":\"https:\\\/\\\/uvbbrasil.com.br\\\/wp-content\\\/uploads\\\/2022\\\/07\\\/th-2.jpg\",\"datePublished\":\"2022-07-13T18:44:16+00:00\",\"breadcrumb\":{\"@id\":\"https:\\\/\\\/uvbbrasil.com.br\\\/vereador-de-campo-mourao-pr-morre-em-acidente-de-moto\\\/#breadcrumb\"},\"inLanguage\":\"pt-BR\",\"potentialAction\":[{\"@type\":\"ReadAction\",\"target\":[\"https:\\\/\\\/uvbbrasil.com.br\\\/vereador-de-campo-mourao-pr-morre-em-acidente-de-moto\\\/\"]}]},{\"@type\":\"ImageObject\",\"inLanguage\":\"pt-BR\",\"@id\":\"https:\\\/\\\/uvbbrasil.com.br\\\/vereador-de-campo-mourao-pr-morre-em-acidente-de-moto\\\/#primaryimage\",\"url\":\"https:\\\/\\\/uvbbrasil.com.br\\\/wp-content\\\/uploads\\\/2022\\\/07\\\/th-2.jpg\",\"contentUrl\":\"https:\\\/\\\/uvbbrasil.com.br\\\/wp-content\\\/uploads\\\/2022\\\/07\\\/th-2.jpg\",\"width\":185,\"height\":185},{\"@type\":\"BreadcrumbList\",\"@id\":\"https:\\\/\\\/uvbbrasil.com.br\\\/vereador-de-campo-mourao-pr-morre-em-acidente-de-moto\\\/#breadcrumb\",\"itemListElement\":[{\"@type\":\"ListItem\",\"position\":1,\"name\":\"In\u00edcio\",\"item\":\"https:\\\/\\\/uvbbrasil.com.br\\\/\"},{\"@type\":\"ListItem\",\"position\":2,\"name\":\"Vereador de Campo Mour\u00e3o\\\/PR morre em acidente de moto\"}]},{\"@type\":\"WebSite\",\"@id\":\"https:\\\/\\\/uvbbrasil.com.br\\\/#website\",\"url\":\"https:\\\/\\\/uvbbrasil.com.br\\\/\",\"name\":\"UVB Brasil\",\"description\":\"Uni\u00e3o dos Vereadores do Brasil\",\"publisher\":{\"@id\":\"https:\\\/\\\/uvbbrasil.com.br\\\/#organization\"},\"potentialAction\":[{\"@type\":\"SearchAction\",\"target\":{\"@type\":\"EntryPoint\",\"urlTemplate\":\"https:\\\/\\\/uvbbrasil.com.br\\\/?s={search_term_string}\"},\"query-input\":{\"@type\":\"PropertyValueSpecification\",\"valueRequired\":true,\"valueName\":\"search_term_string\"}}],\"inLanguage\":\"pt-BR\"},{\"@type\":\"Organization\",\"@id\":\"https:\\\/\\\/uvbbrasil.com.br\\\/#organization\",\"name\":\"UVB Brasil\",\"url\":\"https:\\\/\\\/uvbbrasil.com.br\\\/\",\"logo\":{\"@type\":\"ImageObject\",\"inLanguage\":\"pt-BR\",\"@id\":\"https:\\\/\\\/uvbbrasil.com.br\\\/#\\\/schema\\\/logo\\\/image\\\/\",\"url\":\"https:\\\/\\\/uvbbrasil.com.br\\\/wp-content\\\/uploads\\\/2025\\\/01\\\/LOGO-UVB-2024-azul-1.jpg\",\"contentUrl\":\"https:\\\/\\\/uvbbrasil.com.br\\\/wp-content\\\/uploads\\\/2025\\\/01\\\/LOGO-UVB-2024-azul-1.jpg\",\"width\":600,\"height\":211,\"caption\":\"UVB Brasil\"},\"image\":{\"@id\":\"https:\\\/\\\/uvbbrasil.com.br\\\/#\\\/schema\\\/logo\\\/image\\\/\"},\"sameAs\":[\"https:\\\/\\\/www.facebook.com\\\/uvb.vereadoresbrasil\",\"https:\\\/\\\/www.instagram.com\\\/uvbbrasil\\\/\",\"https:\\\/\\\/www.youtube.com\\\/channel\\\/UCIlPQ8Xzw5GHNzosQIg9S5A\"]},{\"@type\":\"Person\",\"@id\":\"https:\\\/\\\/uvbbrasil.com.br\\\/#\\\/schema\\\/person\\\/17990098446c098f52effddff4f1b272\",\"name\":\"adminuvb\",\"image\":{\"@type\":\"ImageObject\",\"inLanguage\":\"pt-BR\",\"@id\":\"https:\\\/\\\/secure.gravatar.com\\\/avatar\\\/1a494ea6f8e2dd1ae526e55b0e9497efdba542491e0620d704cccf63c6f77c45?s=96&d=mm&r=g\",\"url\":\"https:\\\/\\\/secure.gravatar.com\\\/avatar\\\/1a494ea6f8e2dd1ae526e55b0e9497efdba542491e0620d704cccf63c6f77c45?s=96&d=mm&r=g\",\"contentUrl\":\"https:\\\/\\\/secure.gravatar.com\\\/avatar\\\/1a494ea6f8e2dd1ae526e55b0e9497efdba542491e0620d704cccf63c6f77c45?s=96&d=mm&r=g\",\"caption\":\"adminuvb\"},\"sameAs\":[\"https:\\\/\\\/uvbbrasil.com.br\"],\"url\":\"https:\\\/\\\/uvbbrasil.com.br\\\/author\\\/adminuvb\\\/\"}]}<\/script>\n<!-- \/ Yoast SEO plugin. -->","yoast_head_json":{"title":"Vereador de Campo Mour\u00e3o\/PR morre em acidente de moto - UVB Brasil","robots":{"index":"index","follow":"follow","max-snippet":"max-snippet:-1","max-image-preview":"max-image-preview:large","max-video-preview":"max-video-preview:-1"},"canonical":"https:\/\/uvbbrasil.com.br\/vereador-de-campo-mourao-pr-morre-em-acidente-de-moto\/","og_locale":"pt_BR","og_type":"article","og_title":"Vereador de Campo Mour\u00e3o\/PR morre em acidente de moto - UVB Brasil","og_description":"O vereador de Campo Mour\u00e3o, Sidney Ronaldo Ribeiro, 44 anos, mais conhecido por \u201cTucano\u201d, acabou morrendo ap\u00f3s cair da motocicleta...","og_url":"https:\/\/uvbbrasil.com.br\/vereador-de-campo-mourao-pr-morre-em-acidente-de-moto\/","og_site_name":"UVB Brasil","article_publisher":"https:\/\/www.facebook.com\/uvb.vereadoresbrasil","article_published_time":"2022-07-13T18:44:16+00:00","og_image":[{"width":185,"height":185,"url":"https:\/\/uvbbrasil.com.br\/wp-content\/uploads\/2022\/07\/th-2.jpg","type":"image\/jpeg"}],"author":"adminuvb","twitter_card":"summary_large_image","twitter_misc":{"Escrito por":"adminuvb","Est. tempo de leitura":"2 minutos"},"schema":{"@context":"https:\/\/schema.org","@graph":[{"@type":"Article","@id":"https:\/\/uvbbrasil.com.br\/vereador-de-campo-mourao-pr-morre-em-acidente-de-moto\/#article","isPartOf":{"@id":"https:\/\/uvbbrasil.com.br\/vereador-de-campo-mourao-pr-morre-em-acidente-de-moto\/"},"author":{"name":"adminuvb","@id":"https:\/\/uvbbrasil.com.br\/#\/schema\/person\/17990098446c098f52effddff4f1b272"},"headline":"Vereador de Campo Mour\u00e3o\/PR morre em acidente de moto","datePublished":"2022-07-13T18:44:16+00:00","mainEntityOfPage":{"@id":"https:\/\/uvbbrasil.com.br\/vereador-de-campo-mourao-pr-morre-em-acidente-de-moto\/"},"wordCount":260,"commentCount":0,"publisher":{"@id":"https:\/\/uvbbrasil.com.br\/#organization"},"image":{"@id":"https:\/\/uvbbrasil.com.br\/vereador-de-campo-mourao-pr-morre-em-acidente-de-moto\/#primaryimage"},"thumbnailUrl":"https:\/\/uvbbrasil.com.br\/wp-content\/uploads\/2022\/07\/th-2.jpg","articleSection":["NOT\u00cdCIAS"],"inLanguage":"pt-BR","potentialAction":[{"@type":"CommentAction","name":"Comment","target":["https:\/\/uvbbrasil.com.br\/vereador-de-campo-mourao-pr-morre-em-acidente-de-moto\/#respond"]}]},{"@type":"WebPage","@id":"https:\/\/uvbbrasil.com.br\/vereador-de-campo-mourao-pr-morre-em-acidente-de-moto\/","url":"https:\/\/uvbbrasil.com.br\/vereador-de-campo-mourao-pr-morre-em-acidente-de-moto\/","name":"Vereador de Campo Mour\u00e3o\/PR morre em acidente de moto - UVB Brasil","isPartOf":{"@id":"https:\/\/uvbbrasil.com.br\/#website"},"primaryImageOfPage":{"@id":"https:\/\/uvbbrasil.com.br\/vereador-de-campo-mourao-pr-morre-em-acidente-de-moto\/#primaryimage"},"image":{"@id":"https:\/\/uvbbrasil.com.br\/vereador-de-campo-mourao-pr-morre-em-acidente-de-moto\/#primaryimage"},"thumbnailUrl":"https:\/\/uvbbrasil.com.br\/wp-content\/uploads\/2022\/07\/th-2.jpg","datePublished":"2022-07-13T18:44:16+00:00","breadcrumb":{"@id":"https:\/\/uvbbrasil.com.br\/vereador-de-campo-mourao-pr-morre-em-acidente-de-moto\/#breadcrumb"},"inLanguage":"pt-BR","potentialAction":[{"@type":"ReadAction","target":["https:\/\/uvbbrasil.com.br\/vereador-de-campo-mourao-pr-morre-em-acidente-de-moto\/"]}]},{"@type":"ImageObject","inLanguage":"pt-BR","@id":"https:\/\/uvbbrasil.com.br\/vereador-de-campo-mourao-pr-morre-em-acidente-de-moto\/#primaryimage","url":"https:\/\/uvbbrasil.com.br\/wp-content\/uploads\/2022\/07\/th-2.jpg","contentUrl":"https:\/\/uvbbrasil.com.br\/wp-content\/uploads\/2022\/07\/th-2.jpg","width":185,"height":185},{"@type":"BreadcrumbList","@id":"https:\/\/uvbbrasil.com.br\/vereador-de-campo-mourao-pr-morre-em-acidente-de-moto\/#breadcrumb","itemListElement":[{"@type":"ListItem","position":1,"name":"In\u00edcio","item":"https:\/\/uvbbrasil.com.br\/"},{"@type":"ListItem","position":2,"name":"Vereador de Campo Mour\u00e3o\/PR morre em acidente de moto"}]},{"@type":"WebSite","@id":"https:\/\/uvbbrasil.com.br\/#website","url":"https:\/\/uvbbrasil.com.br\/","name":"UVB Brasil","description":"Uni\u00e3o dos Vereadores do Brasil","publisher":{"@id":"https:\/\/uvbbrasil.com.br\/#organization"},"potentialAction":[{"@type":"SearchAction","target":{"@type":"EntryPoint","urlTemplate":"https:\/\/uvbbrasil.com.br\/?s={search_term_string}"},"query-input":{"@type":"PropertyValueSpecification","valueRequired":true,"valueName":"search_term_string"}}],"inLanguage":"pt-BR"},{"@type":"Organization","@id":"https:\/\/uvbbrasil.com.br\/#organization","name":"UVB Brasil","url":"https:\/\/uvbbrasil.com.br\/","logo":{"@type":"ImageObject","inLanguage":"pt-BR","@id":"https:\/\/uvbbrasil.com.br\/#\/schema\/logo\/image\/","url":"https:\/\/uvbbrasil.com.br\/wp-content\/uploads\/2025\/01\/LOGO-UVB-2024-azul-1.jpg","contentUrl":"https:\/\/uvbbrasil.com.br\/wp-content\/uploads\/2025\/01\/LOGO-UVB-2024-azul-1.jpg","width":600,"height":211,"caption":"UVB Brasil"},"image":{"@id":"https:\/\/uvbbrasil.com.br\/#\/schema\/logo\/image\/"},"sameAs":["https:\/\/www.facebook.com\/uvb.vereadoresbrasil","https:\/\/www.instagram.com\/uvbbrasil\/","https:\/\/www.youtube.com\/channel\/UCIlPQ8Xzw5GHNzosQIg9S5A"]},{"@type":"Person","@id":"https:\/\/uvbbrasil.com.br\/#\/schema\/person\/17990098446c098f52effddff4f1b272","name":"adminuvb","image":{"@type":"ImageObject","inLanguage":"pt-BR","@id":"https:\/\/secure.gravatar.com\/avatar\/1a494ea6f8e2dd1ae526e55b0e9497efdba542491e0620d704cccf63c6f77c45?s=96&d=mm&r=g","url":"https:\/\/secure.gravatar.com\/avatar\/1a494ea6f8e2dd1ae526e55b0e9497efdba542491e0620d704cccf63c6f77c45?s=96&d=mm&r=g","contentUrl":"https:\/\/secure.gravatar.com\/avatar\/1a494ea6f8e2dd1ae526e55b0e9497efdba542491e0620d704cccf63c6f77c45?s=96&d=mm&r=g","caption":"adminuvb"},"sameAs":["https:\/\/uvbbrasil.com.br"],"url":"https:\/\/uvbbrasil.com.br\/author\/adminuvb\/"}]}},"_links":{"self":[{"href":"https:\/\/uvbbrasil.com.br\/uvb-json\/wp\/v2\/posts\/26540","targetHints":{"allow":["GET"]}}],"collection":[{"href":"https:\/\/uvbbrasil.com.br\/uvb-json\/wp\/v2\/posts"}],"about":[{"href":"https:\/\/uvbbrasil.com.br\/uvb-json\/wp\/v2\/types\/post"}],"author":[{"embeddable":true,"href":"https:\/\/uvbbrasil.com.br\/uvb-json\/wp\/v2\/users\/1"}],"replies":[{"embeddable":true,"href":"https:\/\/uvbbrasil.com.br\/uvb-json\/wp\/v2\/comments?post=26540"}],"version-history":[{"count":0,"href":"https:\/\/uvbbrasil.com.br\/uvb-json\/wp\/v2\/posts\/26540\/revisions"}],"wp:featuredmedia":[{"embeddable":true,"href":"https:\/\/uvbbrasil.com.br\/uvb-json\/wp\/v2\/media\/26541"}],"wp:attachment":[{"href":"https:\/\/uvbbrasil.com.br\/uvb-json\/wp\/v2\/media?parent=26540"}],"wp:term":[{"taxonomy":"category","embeddable":true,"href":"https:\/\/uvbbrasil.com.br\/uvb-json\/wp\/v2\/categories?post=26540"},{"taxonomy":"post_tag","embeddable":true,"href":"https:\/\/uvbbrasil.com.br\/uvb-json\/wp\/v2\/tags?post=26540"}],"curies":[{"name":"wp","href":"https:\/\/api.w.org\/{rel}","templated":true}]}}