{"id":26526,"date":"2022-07-12T10:13:34","date_gmt":"2022-07-12T13:13:34","guid":{"rendered":"https:\/\/wpsandbox4.pante.com.br\/?p=26526"},"modified":"2022-07-12T10:13:34","modified_gmt":"2022-07-12T13:13:34","slug":"em-busca-de-acordo-para-votacao-da-ldo-sessao-do-congresso-e-suspensa-ate-terca","status":"publish","type":"post","link":"https:\/\/uvbbrasil.com.br\/em-busca-de-acordo-para-votacao-da-ldo-sessao-do-congresso-e-suspensa-ate-terca\/","title":{"rendered":"Em busca de acordo para vota\u00e7\u00e3o da LDO, sess\u00e3o do Congresso \u00e9 suspensa at\u00e9 ter\u00e7a"},"content":{"rendered":"<p>Em busca de um acordo para vota\u00e7\u00e3o da Lei de Diretrizes Or\u00e7ament\u00e1rias (LDO), o presidente do Senado, Rodrigo Pacheco, suspendeu a sess\u00e3o do Congresso desta segunda-feira (11) e informou que a sess\u00e3o ser\u00e1 retomada nesta ter\u00e7a-feira (12), \u00e0s 10h. A suspens\u00e3o veio ap\u00f3s o an\u00fancio da retirada do texto da medida que tornava impositivas as emendas de relator e de um impasse sobre a possibilidade de vota\u00e7\u00e3o do projeto da LDO de 2023 (<a href=\"http:\/\/www.congressonacional.leg.br\/materias\/pesquisa\/-\/materia\/152731\">PLN 5\/2022<\/a>) antes da an\u00e1lise de vetos presidenciais.<\/p>\n<p>A <a href=\"https:\/\/www.youtube.com\/watch?v=Q66ZSkBLKr0\">LDO<\/a> aponta as prioridades do governo para o pr\u00f3ximo ano e orienta a elabora\u00e7\u00e3o da Lei Or\u00e7ament\u00e1ria Anual. O texto aprovado na Comiss\u00e3o Mista de Or\u00e7amentos (CMO) estabeleceu que as emendas de relator, chamadas de RP-9, devem ser impositivas, isto \u00e9, pagas obrigatoriamente pelo governo. Mas o relator, Marcos do Val (Podemos-ES), recuou ap\u00f3s reuni\u00e3o entre l\u00edderes nesta segunda-feira e retirou a impositividade do texto.<\/p>\n<p>\u2014 Eu estou suprimindo, de pronto, o art. 81-A, do parecer da comiss\u00e3o, relativo \u00e0 impositividade da RP-9 \u2014 disse o relator durante a sess\u00e3o.<\/p>\n<p>Antes de abrir a sess\u00e3o do Congresso, Rodrigo Pacheco antecipou em entrevista coletiva a previs\u00e3o de impositividade das emendas de relator.<\/p>\n<p>\u2014 Esse momento \u00e9 inoportuno de modo que o parecer da LDO vai sem a impositividade \u2014 afirmou a jornalistas.<\/p>\n<p>Senadores se dividiram sobre o adiamento da sess\u00e3o. O senador Jorge Kajuru (Podemos-GO) defendeu a continuidade da reuni\u00e3o para \u201cdar fim ao or\u00e7amento secreto\u201d.<\/p>\n<p>\u2014 Eu sei que o senhor j\u00e1 estava costurando algo que o Brasil inteiro esperava: acabar com a obriga\u00e7\u00e3o dessa indec\u00eancia corrupta chamada or\u00e7amento secreto \u00a0\u2014 disse o parlamentar.<\/p>\n<p>J\u00e1 o senador Oriovisto Guimar\u00e3es (Podemos-PR) considerou que a mudan\u00e7a feita por Marcos do Val no relat\u00f3rio \u00e9 insuficiente para acabar com a impositividade das emendas de relator. Ele cobrou a retirada de outros trechos do parecer.<\/p>\n<p>\u2014 O senador Marcos do Val n\u00e3o retirou a impositividade. Para retirar a impositividade, n\u00e3o basta retirar o 81-A, \u00e9 preciso que se retire tamb\u00e9m o art. 13, onde est\u00e1 dito que o Executivo ter\u00e1 que fazer uma reserva de recursos \u2014 reserva de recursos! \u2014 da ordem dos 16 bilh\u00f5es para pagar RP9, ent\u00e3o \u00e9 outra forma de colocar a impositividade \u2014 defendeu.<\/p>\n<p>Em resposta, o relator sustentou que o parecer aumentou a transpar\u00eancia das emendas de relator. A posi\u00e7\u00e3o \u00e9 compartilhada pelo senador Marcelo Castro (MDB-PI). Ele afirmou que o relat\u00f3rio do projeto da LDO aprovado na CMO determina que as emendas RP-9 dever\u00e3o sempre indicar o nome do parlamentar solicitante. Escolhido como relator do Or\u00e7amento para 2023, Marcelo Castro afirmou que buscar\u00e1 aprimorar ainda mais as regras na Lei Or\u00e7ament\u00e1ria Anual.<\/p>\n<p>\u2014 As emendas de relator sempre existiram neste Parlamento s\u00f3 que n\u00e3o eram para todos como \u00e9 hoje. Eram para poucos. S\u00f3 as c\u00fapulas partid\u00e1rias \u00e9 que participavam dessas emendas \u2014 apontou.<\/p>\n<p>O deputado Marcelo Ramos (PSD-AM) afirmou que o maior problema das emendas de relator n\u00e3o \u00e9 a falta de transpar\u00eancia, mas a falta de crit\u00e9rios de distribui\u00e7\u00e3o.<\/p>\n<p>\u2014 Vamos definir no relat\u00f3rio que elas ter\u00e3o os mesmos crit\u00e9rios das emendas individuais e de bancadas \u2014 observou.<\/p>\n<p>Atualmente, a Constitui\u00e7\u00e3o j\u00e1 garante que emendas individuais e de bancada devem ser pagas. As regras est\u00e3o definidas na <a href=\"http:\/\/www.planalto.gov.br\/ccivil_03\/_Ato2004-2006\/2006\/Congresso\/ResCN1-06.htm\">Resolu\u00e7\u00e3o 1\/2006<\/a> do Congresso Nacional.<\/p>\n<h3><strong>Invers\u00e3o de pauta<\/strong><\/h3>\n<p>Logo no in\u00edcio da sess\u00e3o, o l\u00edder do governo, senador Eduardo Gomes (PL-TO), solicitou a invers\u00e3o de pauta de forma a garantir a vota\u00e7\u00e3o da LDO antes dos vetos. A medida foi criticada por parlamentares de v\u00e1rios partidos, entre eles PSOL, Uni\u00e3o Brasil e Novo. Eles apresentaram quest\u00e3o de ordem para impedir a invers\u00e3o. Alguns parlamentares tamb\u00e9m cobraram a reabertura de prazo para apresenta\u00e7\u00e3o e destaques diante da apresenta\u00e7\u00e3o de novo relat\u00f3rio de Marcos do Val.<\/p>\n<p>\u2014 Eu entendo, pelo Regimento Comum, que n\u00e3o h\u00e1 possibilidade da Presid\u00eancia inverter a pauta de of\u00edcio, salvo acordo por unanimidade, que vejo que n\u00e3o h\u00e1 no Plen\u00e1rio \u2014 disse o deputado Kim Kataguiri (Uni\u00e3o-SP).<\/p>\n<p>Diante do impasse, Pacheco sugeriu uma reuni\u00e3o de l\u00edderes para tentar viabilizar a vota\u00e7\u00e3o da LDO.<\/p>\n<p>\u2014 Ser\u00e1 suspens\u00e3o para permitir que os l\u00edderes se re\u00fanam\u00a0\u2014 informou Pacheco<\/p>\n<h3><strong>Vetos<\/strong><\/h3>\n<p>Tamb\u00e9m integram a pauta do Congresso outros projetos de lei e a an\u00e1lise de vetos presidenciais. Entre eles, o<a href=\"https:\/\/www.congressonacional.leg.br\/materias\/vetos\/-\/veto\/detalhe\/14905\"> Veto 67\/2021<\/a>, aplicado \u00e0<a href=\"https:\/\/legis.senado.leg.br\/norma\/35319491\"> Lei 14.273, de 2021<\/a>, que trata do Marco Legal das Ferrovias. Oriunda do<a href=\"https:\/\/www25.senado.leg.br\/web\/atividade\/materias\/-\/materia\/133432\"> PLS 261\/2018<\/a>, a mat\u00e9ria foi <a href=\"https:\/\/www12.senado.leg.br\/pauta\/noticias\/materias\/2021\/10\/05\/projeto-do-novo-marco-legal-das-ferrovias-promete-modernizar-o-setor\">aprovada no Senado<\/a> no in\u00edcio de outubro e enviada \u00e0 C\u00e2mara dos Deputados. Um dos itens vetados pelo presidente da Rep\u00fablica, Jair Bolsonaro, previa que \u201ca destina\u00e7\u00e3o final dos bens relacionados ao trecho desativado ou devolvido seria determinada pelo regulador ferrovi\u00e1rio\u201d. Para o Executivo, a previs\u00e3o contraria o interesse p\u00fablico, pois, segundo previs\u00e3o legal, a destina\u00e7\u00e3o desses bens deveria ser decidida pela Uni\u00e3o. Bolsonaro tamb\u00e9m vetou exig\u00eancias documentais reputadas como n\u00e3o essenciais \u00e0 obten\u00e7\u00e3o das autoriza\u00e7\u00f5es e vetou dispositivo que estabelecia prefer\u00eancia para as atuais concession\u00e1rias na obten\u00e7\u00e3o de autoriza\u00e7\u00f5es em sua \u00e1rea de influ\u00eancia.<\/p>\n<p>Outro veto a ser analisado \u00e9 o<a href=\"https:\/\/www.congressonacional.leg.br\/materias\/vetos\/-\/veto\/detalhe\/14565\"> 46\/2021<\/a>, referente \u00e0 criminaliza\u00e7\u00e3o de fake news. O dispositivo constava do projeto que deu origem \u00e0 norma que definiu crimes contra o Estado democr\u00e1tico de direito (<a href=\"http:\/\/www.planalto.gov.br\/ccivil_03\/_ato2019-2022\/2021\/lei\/l14197.htm\">Lei 14.197, de 2021<\/a>) e previa at\u00e9 cinco anos de reclus\u00e3o para quem cometesse o crime de \u201ccomunica\u00e7\u00e3o enganosa em massa\u201d, definido como a promo\u00e7\u00e3o ou financiamento de campanha ou iniciativa para disseminar fatos inver\u00eddicos e que fossem capazes de comprometer o processo eleitoral.<\/p>\n<h3><strong>PLNs<\/strong><\/h3>\n<p>Entre os demais projetos da pauta do Congresso est\u00e1 o que abre cr\u00e9dito especial de R$ 23,9 bilh\u00f5es para o munic\u00edpio de S\u00e3o Paulo, como parte de pagamento de decis\u00e3o do Supremo Tribunal Federal sobre a posse do aeroporto Campo de Marte. O<a href=\"https:\/\/www.congressonacional.leg.br\/materias\/pesquisa\/-\/materia\/152730\"> PLN 4\/2022<\/a> refere-se a uma disputa judicial de 74 anos entre a Uni\u00e3o e o munic\u00edpio. O aeroporto abrigou a avia\u00e7\u00e3o b\u00e9lica alinhada com os paulistas na Revolu\u00e7\u00e3o Constitucionalista de 1932 e acabou por ser conquistado pelas for\u00e7as federais.<\/p>\n<p>J\u00e1 o<a href=\"https:\/\/www.congressonacional.leg.br\/materias\/pesquisa\/-\/materia\/153121\"> PLN 9\/2022<\/a> abre cr\u00e9dito suplementar de R$ 202,5 milh\u00f5es para os Poderes Legislativo e Judici\u00e1rio, a Defensoria P\u00fablica da Uni\u00e3o e o Minist\u00e9rio P\u00fablico da Uni\u00e3o refor\u00e7arem dota\u00e7\u00f5es previstas no Or\u00e7amento deste ano.<\/p>\n<p>&nbsp;<\/p>\n<p><img fetchpriority=\"high\" decoding=\"async\" class=\"alignnone size-medium wp-image-26527\" src=\"https:\/\/uvbbrasil.com.br\/wp-content\/uploads\/2022\/07\/imagem_materia-3-300x199.jpg\" alt=\"\" width=\"300\" height=\"199\" srcset=\"https:\/\/uvbbrasil.com.br\/wp-content\/uploads\/2022\/07\/imagem_materia-3-300x199.jpg 300w, https:\/\/uvbbrasil.com.br\/wp-content\/uploads\/2022\/07\/imagem_materia-3-768x509.jpg 768w, https:\/\/uvbbrasil.com.br\/wp-content\/uploads\/2022\/07\/imagem_materia-3.jpg 860w\" sizes=\"(max-width: 300px) 100vw, 300px\" \/><\/p>\n<p>Fonte: Ag\u00eancia Senado<\/p>\n","protected":false},"excerpt":{"rendered":"<p>Em busca de um acordo para vota\u00e7\u00e3o da Lei de Diretrizes Or\u00e7ament\u00e1rias (LDO), o presidente do Senado, Rodrigo Pacheco, suspendeu&#8230;<\/p>\n","protected":false},"author":1,"featured_media":26527,"comment_status":"open","ping_status":"open","sticky":false,"template":"","format":"standard","meta":{"footnotes":""},"categories":[3],"tags":[],"class_list":["post-26526","post","type-post","status-publish","format-standard","has-post-thumbnail","hentry","category-noticias"],"yoast_head":"<!-- This site is optimized with the Yoast SEO plugin v26.7 - https:\/\/yoast.com\/wordpress\/plugins\/seo\/ -->\n<title>Em busca de acordo para vota\u00e7\u00e3o da LDO, sess\u00e3o do Congresso \u00e9 suspensa at\u00e9 ter\u00e7a - UVB Brasil<\/title>\n<meta name=\"robots\" content=\"index, follow, max-snippet:-1, max-image-preview:large, max-video-preview:-1\" \/>\n<link rel=\"canonical\" href=\"https:\/\/uvbbrasil.com.br\/em-busca-de-acordo-para-votacao-da-ldo-sessao-do-congresso-e-suspensa-ate-terca\/\" \/>\n<meta property=\"og:locale\" content=\"pt_BR\" \/>\n<meta property=\"og:type\" content=\"article\" \/>\n<meta property=\"og:title\" content=\"Em busca de acordo para vota\u00e7\u00e3o da LDO, sess\u00e3o do Congresso \u00e9 suspensa at\u00e9 ter\u00e7a - UVB Brasil\" \/>\n<meta property=\"og:description\" content=\"Em busca de um acordo para vota\u00e7\u00e3o da Lei de Diretrizes Or\u00e7ament\u00e1rias (LDO), o presidente do Senado, Rodrigo Pacheco, suspendeu...\" \/>\n<meta property=\"og:url\" content=\"https:\/\/uvbbrasil.com.br\/em-busca-de-acordo-para-votacao-da-ldo-sessao-do-congresso-e-suspensa-ate-terca\/\" \/>\n<meta property=\"og:site_name\" content=\"UVB Brasil\" \/>\n<meta property=\"article:publisher\" content=\"https:\/\/www.facebook.com\/uvb.vereadoresbrasil\" \/>\n<meta property=\"article:published_time\" content=\"2022-07-12T13:13:34+00:00\" \/>\n<meta property=\"og:image\" content=\"https:\/\/uvbbrasil.com.br\/wp-content\/uploads\/2022\/07\/imagem_materia-3.jpg\" \/>\n\t<meta property=\"og:image:width\" content=\"860\" \/>\n\t<meta property=\"og:image:height\" content=\"570\" \/>\n\t<meta property=\"og:image:type\" content=\"image\/jpeg\" \/>\n<meta name=\"author\" content=\"adminuvb\" \/>\n<meta name=\"twitter:card\" content=\"summary_large_image\" \/>\n<meta name=\"twitter:label1\" content=\"Escrito por\" \/>\n\t<meta name=\"twitter:data1\" content=\"adminuvb\" \/>\n\t<meta name=\"twitter:label2\" content=\"Est. tempo de leitura\" \/>\n\t<meta name=\"twitter:data2\" content=\"5 minutos\" \/>\n<script type=\"application\/ld+json\" class=\"yoast-schema-graph\">{\"@context\":\"https:\/\/schema.org\",\"@graph\":[{\"@type\":\"Article\",\"@id\":\"https:\/\/uvbbrasil.com.br\/em-busca-de-acordo-para-votacao-da-ldo-sessao-do-congresso-e-suspensa-ate-terca\/#article\",\"isPartOf\":{\"@id\":\"https:\/\/uvbbrasil.com.br\/em-busca-de-acordo-para-votacao-da-ldo-sessao-do-congresso-e-suspensa-ate-terca\/\"},\"author\":{\"name\":\"adminuvb\",\"@id\":\"https:\/\/uvbbrasil.com.br\/#\/schema\/person\/17990098446c098f52effddff4f1b272\"},\"headline\":\"Em busca de acordo para vota\u00e7\u00e3o da LDO, sess\u00e3o do Congresso \u00e9 suspensa at\u00e9 ter\u00e7a\",\"datePublished\":\"2022-07-12T13:13:34+00:00\",\"mainEntityOfPage\":{\"@id\":\"https:\/\/uvbbrasil.com.br\/em-busca-de-acordo-para-votacao-da-ldo-sessao-do-congresso-e-suspensa-ate-terca\/\"},\"wordCount\":1116,\"commentCount\":0,\"publisher\":{\"@id\":\"https:\/\/uvbbrasil.com.br\/#organization\"},\"image\":{\"@id\":\"https:\/\/uvbbrasil.com.br\/em-busca-de-acordo-para-votacao-da-ldo-sessao-do-congresso-e-suspensa-ate-terca\/#primaryimage\"},\"thumbnailUrl\":\"https:\/\/uvbbrasil.com.br\/wp-content\/uploads\/2022\/07\/imagem_materia-3.jpg\",\"articleSection\":[\"NOT\u00cdCIAS\"],\"inLanguage\":\"pt-BR\",\"potentialAction\":[{\"@type\":\"CommentAction\",\"name\":\"Comment\",\"target\":[\"https:\/\/uvbbrasil.com.br\/em-busca-de-acordo-para-votacao-da-ldo-sessao-do-congresso-e-suspensa-ate-terca\/#respond\"]}]},{\"@type\":\"WebPage\",\"@id\":\"https:\/\/uvbbrasil.com.br\/em-busca-de-acordo-para-votacao-da-ldo-sessao-do-congresso-e-suspensa-ate-terca\/\",\"url\":\"https:\/\/uvbbrasil.com.br\/em-busca-de-acordo-para-votacao-da-ldo-sessao-do-congresso-e-suspensa-ate-terca\/\",\"name\":\"Em busca de acordo para vota\u00e7\u00e3o da LDO, sess\u00e3o do Congresso \u00e9 suspensa at\u00e9 ter\u00e7a - UVB Brasil\",\"isPartOf\":{\"@id\":\"https:\/\/uvbbrasil.com.br\/#website\"},\"primaryImageOfPage\":{\"@id\":\"https:\/\/uvbbrasil.com.br\/em-busca-de-acordo-para-votacao-da-ldo-sessao-do-congresso-e-suspensa-ate-terca\/#primaryimage\"},\"image\":{\"@id\":\"https:\/\/uvbbrasil.com.br\/em-busca-de-acordo-para-votacao-da-ldo-sessao-do-congresso-e-suspensa-ate-terca\/#primaryimage\"},\"thumbnailUrl\":\"https:\/\/uvbbrasil.com.br\/wp-content\/uploads\/2022\/07\/imagem_materia-3.jpg\",\"datePublished\":\"2022-07-12T13:13:34+00:00\",\"breadcrumb\":{\"@id\":\"https:\/\/uvbbrasil.com.br\/em-busca-de-acordo-para-votacao-da-ldo-sessao-do-congresso-e-suspensa-ate-terca\/#breadcrumb\"},\"inLanguage\":\"pt-BR\",\"potentialAction\":[{\"@type\":\"ReadAction\",\"target\":[\"https:\/\/uvbbrasil.com.br\/em-busca-de-acordo-para-votacao-da-ldo-sessao-do-congresso-e-suspensa-ate-terca\/\"]}]},{\"@type\":\"ImageObject\",\"inLanguage\":\"pt-BR\",\"@id\":\"https:\/\/uvbbrasil.com.br\/em-busca-de-acordo-para-votacao-da-ldo-sessao-do-congresso-e-suspensa-ate-terca\/#primaryimage\",\"url\":\"https:\/\/uvbbrasil.com.br\/wp-content\/uploads\/2022\/07\/imagem_materia-3.jpg\",\"contentUrl\":\"https:\/\/uvbbrasil.com.br\/wp-content\/uploads\/2022\/07\/imagem_materia-3.jpg\",\"width\":860,\"height\":570},{\"@type\":\"BreadcrumbList\",\"@id\":\"https:\/\/uvbbrasil.com.br\/em-busca-de-acordo-para-votacao-da-ldo-sessao-do-congresso-e-suspensa-ate-terca\/#breadcrumb\",\"itemListElement\":[{\"@type\":\"ListItem\",\"position\":1,\"name\":\"In\u00edcio\",\"item\":\"https:\/\/uvbbrasil.com.br\/\"},{\"@type\":\"ListItem\",\"position\":2,\"name\":\"Em busca de acordo para vota\u00e7\u00e3o da LDO, sess\u00e3o do Congresso \u00e9 suspensa at\u00e9 ter\u00e7a\"}]},{\"@type\":\"WebSite\",\"@id\":\"https:\/\/uvbbrasil.com.br\/#website\",\"url\":\"https:\/\/uvbbrasil.com.br\/\",\"name\":\"UVB Brasil\",\"description\":\"Uni\u00e3o dos Vereadores do Brasil\",\"publisher\":{\"@id\":\"https:\/\/uvbbrasil.com.br\/#organization\"},\"potentialAction\":[{\"@type\":\"SearchAction\",\"target\":{\"@type\":\"EntryPoint\",\"urlTemplate\":\"https:\/\/uvbbrasil.com.br\/?s={search_term_string}\"},\"query-input\":{\"@type\":\"PropertyValueSpecification\",\"valueRequired\":true,\"valueName\":\"search_term_string\"}}],\"inLanguage\":\"pt-BR\"},{\"@type\":\"Organization\",\"@id\":\"https:\/\/uvbbrasil.com.br\/#organization\",\"name\":\"UVB Brasil\",\"url\":\"https:\/\/uvbbrasil.com.br\/\",\"logo\":{\"@type\":\"ImageObject\",\"inLanguage\":\"pt-BR\",\"@id\":\"https:\/\/uvbbrasil.com.br\/#\/schema\/logo\/image\/\",\"url\":\"https:\/\/uvbbrasil.com.br\/wp-content\/uploads\/2025\/01\/LOGO-UVB-2024-azul-1.jpg\",\"contentUrl\":\"https:\/\/uvbbrasil.com.br\/wp-content\/uploads\/2025\/01\/LOGO-UVB-2024-azul-1.jpg\",\"width\":600,\"height\":211,\"caption\":\"UVB Brasil\"},\"image\":{\"@id\":\"https:\/\/uvbbrasil.com.br\/#\/schema\/logo\/image\/\"},\"sameAs\":[\"https:\/\/www.facebook.com\/uvb.vereadoresbrasil\",\"https:\/\/www.instagram.com\/uvbbrasil\/\",\"https:\/\/www.youtube.com\/channel\/UCIlPQ8Xzw5GHNzosQIg9S5A\"]},{\"@type\":\"Person\",\"@id\":\"https:\/\/uvbbrasil.com.br\/#\/schema\/person\/17990098446c098f52effddff4f1b272\",\"name\":\"adminuvb\",\"image\":{\"@type\":\"ImageObject\",\"inLanguage\":\"pt-BR\",\"@id\":\"https:\/\/uvbbrasil.com.br\/#\/schema\/person\/image\/\",\"url\":\"https:\/\/secure.gravatar.com\/avatar\/1a494ea6f8e2dd1ae526e55b0e9497efdba542491e0620d704cccf63c6f77c45?s=96&d=mm&r=g\",\"contentUrl\":\"https:\/\/secure.gravatar.com\/avatar\/1a494ea6f8e2dd1ae526e55b0e9497efdba542491e0620d704cccf63c6f77c45?s=96&d=mm&r=g\",\"caption\":\"adminuvb\"},\"sameAs\":[\"https:\/\/uvbbrasil.com.br\"],\"url\":\"https:\/\/uvbbrasil.com.br\/author\/adminuvb\/\"}]}<\/script>\n<!-- \/ Yoast SEO plugin. -->","yoast_head_json":{"title":"Em busca de acordo para vota\u00e7\u00e3o da LDO, sess\u00e3o do Congresso \u00e9 suspensa at\u00e9 ter\u00e7a - UVB Brasil","robots":{"index":"index","follow":"follow","max-snippet":"max-snippet:-1","max-image-preview":"max-image-preview:large","max-video-preview":"max-video-preview:-1"},"canonical":"https:\/\/uvbbrasil.com.br\/em-busca-de-acordo-para-votacao-da-ldo-sessao-do-congresso-e-suspensa-ate-terca\/","og_locale":"pt_BR","og_type":"article","og_title":"Em busca de acordo para vota\u00e7\u00e3o da LDO, sess\u00e3o do Congresso \u00e9 suspensa at\u00e9 ter\u00e7a - UVB Brasil","og_description":"Em busca de um acordo para vota\u00e7\u00e3o da Lei de Diretrizes Or\u00e7ament\u00e1rias (LDO), o presidente do Senado, Rodrigo Pacheco, suspendeu...","og_url":"https:\/\/uvbbrasil.com.br\/em-busca-de-acordo-para-votacao-da-ldo-sessao-do-congresso-e-suspensa-ate-terca\/","og_site_name":"UVB Brasil","article_publisher":"https:\/\/www.facebook.com\/uvb.vereadoresbrasil","article_published_time":"2022-07-12T13:13:34+00:00","og_image":[{"width":860,"height":570,"url":"https:\/\/uvbbrasil.com.br\/wp-content\/uploads\/2022\/07\/imagem_materia-3.jpg","type":"image\/jpeg"}],"author":"adminuvb","twitter_card":"summary_large_image","twitter_misc":{"Escrito por":"adminuvb","Est. tempo de leitura":"5 minutos"},"schema":{"@context":"https:\/\/schema.org","@graph":[{"@type":"Article","@id":"https:\/\/uvbbrasil.com.br\/em-busca-de-acordo-para-votacao-da-ldo-sessao-do-congresso-e-suspensa-ate-terca\/#article","isPartOf":{"@id":"https:\/\/uvbbrasil.com.br\/em-busca-de-acordo-para-votacao-da-ldo-sessao-do-congresso-e-suspensa-ate-terca\/"},"author":{"name":"adminuvb","@id":"https:\/\/uvbbrasil.com.br\/#\/schema\/person\/17990098446c098f52effddff4f1b272"},"headline":"Em busca de acordo para vota\u00e7\u00e3o da LDO, sess\u00e3o do Congresso \u00e9 suspensa at\u00e9 ter\u00e7a","datePublished":"2022-07-12T13:13:34+00:00","mainEntityOfPage":{"@id":"https:\/\/uvbbrasil.com.br\/em-busca-de-acordo-para-votacao-da-ldo-sessao-do-congresso-e-suspensa-ate-terca\/"},"wordCount":1116,"commentCount":0,"publisher":{"@id":"https:\/\/uvbbrasil.com.br\/#organization"},"image":{"@id":"https:\/\/uvbbrasil.com.br\/em-busca-de-acordo-para-votacao-da-ldo-sessao-do-congresso-e-suspensa-ate-terca\/#primaryimage"},"thumbnailUrl":"https:\/\/uvbbrasil.com.br\/wp-content\/uploads\/2022\/07\/imagem_materia-3.jpg","articleSection":["NOT\u00cdCIAS"],"inLanguage":"pt-BR","potentialAction":[{"@type":"CommentAction","name":"Comment","target":["https:\/\/uvbbrasil.com.br\/em-busca-de-acordo-para-votacao-da-ldo-sessao-do-congresso-e-suspensa-ate-terca\/#respond"]}]},{"@type":"WebPage","@id":"https:\/\/uvbbrasil.com.br\/em-busca-de-acordo-para-votacao-da-ldo-sessao-do-congresso-e-suspensa-ate-terca\/","url":"https:\/\/uvbbrasil.com.br\/em-busca-de-acordo-para-votacao-da-ldo-sessao-do-congresso-e-suspensa-ate-terca\/","name":"Em busca de acordo para vota\u00e7\u00e3o da LDO, sess\u00e3o do Congresso \u00e9 suspensa at\u00e9 ter\u00e7a - UVB Brasil","isPartOf":{"@id":"https:\/\/uvbbrasil.com.br\/#website"},"primaryImageOfPage":{"@id":"https:\/\/uvbbrasil.com.br\/em-busca-de-acordo-para-votacao-da-ldo-sessao-do-congresso-e-suspensa-ate-terca\/#primaryimage"},"image":{"@id":"https:\/\/uvbbrasil.com.br\/em-busca-de-acordo-para-votacao-da-ldo-sessao-do-congresso-e-suspensa-ate-terca\/#primaryimage"},"thumbnailUrl":"https:\/\/uvbbrasil.com.br\/wp-content\/uploads\/2022\/07\/imagem_materia-3.jpg","datePublished":"2022-07-12T13:13:34+00:00","breadcrumb":{"@id":"https:\/\/uvbbrasil.com.br\/em-busca-de-acordo-para-votacao-da-ldo-sessao-do-congresso-e-suspensa-ate-terca\/#breadcrumb"},"inLanguage":"pt-BR","potentialAction":[{"@type":"ReadAction","target":["https:\/\/uvbbrasil.com.br\/em-busca-de-acordo-para-votacao-da-ldo-sessao-do-congresso-e-suspensa-ate-terca\/"]}]},{"@type":"ImageObject","inLanguage":"pt-BR","@id":"https:\/\/uvbbrasil.com.br\/em-busca-de-acordo-para-votacao-da-ldo-sessao-do-congresso-e-suspensa-ate-terca\/#primaryimage","url":"https:\/\/uvbbrasil.com.br\/wp-content\/uploads\/2022\/07\/imagem_materia-3.jpg","contentUrl":"https:\/\/uvbbrasil.com.br\/wp-content\/uploads\/2022\/07\/imagem_materia-3.jpg","width":860,"height":570},{"@type":"BreadcrumbList","@id":"https:\/\/uvbbrasil.com.br\/em-busca-de-acordo-para-votacao-da-ldo-sessao-do-congresso-e-suspensa-ate-terca\/#breadcrumb","itemListElement":[{"@type":"ListItem","position":1,"name":"In\u00edcio","item":"https:\/\/uvbbrasil.com.br\/"},{"@type":"ListItem","position":2,"name":"Em busca de acordo para vota\u00e7\u00e3o da LDO, sess\u00e3o do Congresso \u00e9 suspensa at\u00e9 ter\u00e7a"}]},{"@type":"WebSite","@id":"https:\/\/uvbbrasil.com.br\/#website","url":"https:\/\/uvbbrasil.com.br\/","name":"UVB Brasil","description":"Uni\u00e3o dos Vereadores do Brasil","publisher":{"@id":"https:\/\/uvbbrasil.com.br\/#organization"},"potentialAction":[{"@type":"SearchAction","target":{"@type":"EntryPoint","urlTemplate":"https:\/\/uvbbrasil.com.br\/?s={search_term_string}"},"query-input":{"@type":"PropertyValueSpecification","valueRequired":true,"valueName":"search_term_string"}}],"inLanguage":"pt-BR"},{"@type":"Organization","@id":"https:\/\/uvbbrasil.com.br\/#organization","name":"UVB Brasil","url":"https:\/\/uvbbrasil.com.br\/","logo":{"@type":"ImageObject","inLanguage":"pt-BR","@id":"https:\/\/uvbbrasil.com.br\/#\/schema\/logo\/image\/","url":"https:\/\/uvbbrasil.com.br\/wp-content\/uploads\/2025\/01\/LOGO-UVB-2024-azul-1.jpg","contentUrl":"https:\/\/uvbbrasil.com.br\/wp-content\/uploads\/2025\/01\/LOGO-UVB-2024-azul-1.jpg","width":600,"height":211,"caption":"UVB Brasil"},"image":{"@id":"https:\/\/uvbbrasil.com.br\/#\/schema\/logo\/image\/"},"sameAs":["https:\/\/www.facebook.com\/uvb.vereadoresbrasil","https:\/\/www.instagram.com\/uvbbrasil\/","https:\/\/www.youtube.com\/channel\/UCIlPQ8Xzw5GHNzosQIg9S5A"]},{"@type":"Person","@id":"https:\/\/uvbbrasil.com.br\/#\/schema\/person\/17990098446c098f52effddff4f1b272","name":"adminuvb","image":{"@type":"ImageObject","inLanguage":"pt-BR","@id":"https:\/\/uvbbrasil.com.br\/#\/schema\/person\/image\/","url":"https:\/\/secure.gravatar.com\/avatar\/1a494ea6f8e2dd1ae526e55b0e9497efdba542491e0620d704cccf63c6f77c45?s=96&d=mm&r=g","contentUrl":"https:\/\/secure.gravatar.com\/avatar\/1a494ea6f8e2dd1ae526e55b0e9497efdba542491e0620d704cccf63c6f77c45?s=96&d=mm&r=g","caption":"adminuvb"},"sameAs":["https:\/\/uvbbrasil.com.br"],"url":"https:\/\/uvbbrasil.com.br\/author\/adminuvb\/"}]}},"_links":{"self":[{"href":"https:\/\/uvbbrasil.com.br\/uvb-json\/wp\/v2\/posts\/26526","targetHints":{"allow":["GET"]}}],"collection":[{"href":"https:\/\/uvbbrasil.com.br\/uvb-json\/wp\/v2\/posts"}],"about":[{"href":"https:\/\/uvbbrasil.com.br\/uvb-json\/wp\/v2\/types\/post"}],"author":[{"embeddable":true,"href":"https:\/\/uvbbrasil.com.br\/uvb-json\/wp\/v2\/users\/1"}],"replies":[{"embeddable":true,"href":"https:\/\/uvbbrasil.com.br\/uvb-json\/wp\/v2\/comments?post=26526"}],"version-history":[{"count":0,"href":"https:\/\/uvbbrasil.com.br\/uvb-json\/wp\/v2\/posts\/26526\/revisions"}],"wp:featuredmedia":[{"embeddable":true,"href":"https:\/\/uvbbrasil.com.br\/uvb-json\/wp\/v2\/media\/26527"}],"wp:attachment":[{"href":"https:\/\/uvbbrasil.com.br\/uvb-json\/wp\/v2\/media?parent=26526"}],"wp:term":[{"taxonomy":"category","embeddable":true,"href":"https:\/\/uvbbrasil.com.br\/uvb-json\/wp\/v2\/categories?post=26526"},{"taxonomy":"post_tag","embeddable":true,"href":"https:\/\/uvbbrasil.com.br\/uvb-json\/wp\/v2\/tags?post=26526"}],"curies":[{"name":"wp","href":"https:\/\/api.w.org\/{rel}","templated":true}]}}