{"id":26511,"date":"2022-07-09T08:00:50","date_gmt":"2022-07-09T11:00:50","guid":{"rendered":"https:\/\/wpsandbox4.pante.com.br\/?p=26511"},"modified":"2022-07-09T08:00:50","modified_gmt":"2022-07-09T11:00:50","slug":"mandato-eficiencia-e-comunicacao","status":"publish","type":"post","link":"https:\/\/uvbbrasil.com.br\/mandato-eficiencia-e-comunicacao\/","title":{"rendered":"Mandato, Efici\u00eancia e Comunica\u00e7\u00e3o"},"content":{"rendered":"<p>Palestrante confirmado, Junior Campos, Consultor Pol\u00edtico, membro da ABCOP, Especialista em Assessoria de e em Comunica\u00e7\u00e3o e Marketing Pol\u00edtico. Assessor de Comunica\u00e7\u00e3o em \u00d3rg\u00e3os P\u00fablicos. Idealizador do M\u00e9todo Orat\u00f3ria Humanizada. Palestrante. Dona In\u00eas\/PB<\/p>\n<p>Garanta a sua participa\u00e7\u00e3o, inscri\u00e7\u00f5es pelo site da UVB, maiores informa\u00e7\u00f5es seguimos a disposi\u00e7\u00e3o atrav\u00e9s dos contatos (55) 99644-9022( Fernando Radaelli) e (51) 98033-1642( Thain\u00e1 Leite)<br \/>\n.<br \/>\n.<br \/>\n.<br \/>\n.<\/p>\n<p>#camaramunicipal #vereador #vereadora #vereadores #S\u00e3o_Miguel_do_Gostoso_Rio_Grande_do_Norte #marchadosvereadores #uvbbrasil #legislativo #poderlegislativo #municipalismo #cidadania #politicabrasileira<\/p>\n<p><img fetchpriority=\"high\" decoding=\"async\" class=\"alignnone size-medium wp-image-26512\" src=\"https:\/\/uvbbrasil.com.br\/wp-content\/uploads\/2022\/07\/WhatsApp-Image-2022-07-08-at-15.45.43-300x300.jpeg\" alt=\"\" width=\"300\" height=\"300\" srcset=\"https:\/\/uvbbrasil.com.br\/wp-content\/uploads\/2022\/07\/WhatsApp-Image-2022-07-08-at-15.45.43-300x300.jpeg 300w, https:\/\/uvbbrasil.com.br\/wp-content\/uploads\/2022\/07\/WhatsApp-Image-2022-07-08-at-15.45.43-150x150.jpeg 150w, https:\/\/uvbbrasil.com.br\/wp-content\/uploads\/2022\/07\/WhatsApp-Image-2022-07-08-at-15.45.43-768x768.jpeg 768w, https:\/\/uvbbrasil.com.br\/wp-content\/uploads\/2022\/07\/WhatsApp-Image-2022-07-08-at-15.45.43.jpeg 800w\" sizes=\"(max-width: 300px) 100vw, 300px\" \/><\/p>\n","protected":false},"excerpt":{"rendered":"<p>Palestrante confirmado, Junior Campos, Consultor Pol\u00edtico, membro da ABCOP, Especialista em Assessoria de e em Comunica\u00e7\u00e3o e Marketing Pol\u00edtico. Assessor&#8230;<\/p>\n","protected":false},"author":1,"featured_media":26512,"comment_status":"open","ping_status":"open","sticky":false,"template":"","format":"standard","meta":{"footnotes":""},"categories":[3,4],"tags":[],"class_list":["post-26511","post","type-post","status-publish","format-standard","has-post-thumbnail","hentry","category-noticias","category-home"],"yoast_head":"<!-- This site is optimized with the Yoast SEO plugin v26.7 - https:\/\/yoast.com\/wordpress\/plugins\/seo\/ -->\n<title>Mandato, Efici\u00eancia e Comunica\u00e7\u00e3o - UVB Brasil<\/title>\n<meta name=\"robots\" content=\"index, follow, max-snippet:-1, max-image-preview:large, max-video-preview:-1\" \/>\n<link rel=\"canonical\" href=\"https:\/\/uvbbrasil.com.br\/mandato-eficiencia-e-comunicacao\/\" \/>\n<meta property=\"og:locale\" content=\"pt_BR\" \/>\n<meta property=\"og:type\" content=\"article\" \/>\n<meta property=\"og:title\" content=\"Mandato, Efici\u00eancia e Comunica\u00e7\u00e3o - UVB Brasil\" \/>\n<meta property=\"og:description\" content=\"Palestrante confirmado, Junior Campos, Consultor Pol\u00edtico, membro da ABCOP, Especialista em Assessoria de e em Comunica\u00e7\u00e3o e Marketing Pol\u00edtico. Assessor...\" \/>\n<meta property=\"og:url\" content=\"https:\/\/uvbbrasil.com.br\/mandato-eficiencia-e-comunicacao\/\" \/>\n<meta property=\"og:site_name\" content=\"UVB Brasil\" \/>\n<meta property=\"article:publisher\" content=\"https:\/\/www.facebook.com\/uvb.vereadoresbrasil\" \/>\n<meta property=\"article:published_time\" content=\"2022-07-09T11:00:50+00:00\" \/>\n<meta property=\"og:image\" content=\"https:\/\/uvbbrasil.com.br\/wp-content\/uploads\/2022\/07\/WhatsApp-Image-2022-07-08-at-15.45.43.jpeg\" \/>\n\t<meta property=\"og:image:width\" content=\"800\" \/>\n\t<meta property=\"og:image:height\" content=\"800\" \/>\n\t<meta property=\"og:image:type\" content=\"image\/jpeg\" \/>\n<meta name=\"author\" content=\"adminuvb\" \/>\n<meta name=\"twitter:card\" content=\"summary_large_image\" \/>\n<meta name=\"twitter:label1\" content=\"Escrito por\" \/>\n\t<meta name=\"twitter:data1\" content=\"adminuvb\" \/>\n\t<meta name=\"twitter:label2\" content=\"Est. tempo de leitura\" \/>\n\t<meta name=\"twitter:data2\" content=\"1 minuto\" \/>\n<script type=\"application\/ld+json\" class=\"yoast-schema-graph\">{\"@context\":\"https:\/\/schema.org\",\"@graph\":[{\"@type\":\"Article\",\"@id\":\"https:\/\/uvbbrasil.com.br\/mandato-eficiencia-e-comunicacao\/#article\",\"isPartOf\":{\"@id\":\"https:\/\/uvbbrasil.com.br\/mandato-eficiencia-e-comunicacao\/\"},\"author\":{\"name\":\"adminuvb\",\"@id\":\"https:\/\/uvbbrasil.com.br\/#\/schema\/person\/17990098446c098f52effddff4f1b272\"},\"headline\":\"Mandato, Efici\u00eancia e Comunica\u00e7\u00e3o\",\"datePublished\":\"2022-07-09T11:00:50+00:00\",\"mainEntityOfPage\":{\"@id\":\"https:\/\/uvbbrasil.com.br\/mandato-eficiencia-e-comunicacao\/\"},\"wordCount\":98,\"commentCount\":0,\"publisher\":{\"@id\":\"https:\/\/uvbbrasil.com.br\/#organization\"},\"image\":{\"@id\":\"https:\/\/uvbbrasil.com.br\/mandato-eficiencia-e-comunicacao\/#primaryimage\"},\"thumbnailUrl\":\"https:\/\/uvbbrasil.com.br\/wp-content\/uploads\/2022\/07\/WhatsApp-Image-2022-07-08-at-15.45.43.jpeg\",\"articleSection\":[\"NOT\u00cdCIAS\",\"UVB\"],\"inLanguage\":\"pt-BR\",\"potentialAction\":[{\"@type\":\"CommentAction\",\"name\":\"Comment\",\"target\":[\"https:\/\/uvbbrasil.com.br\/mandato-eficiencia-e-comunicacao\/#respond\"]}]},{\"@type\":\"WebPage\",\"@id\":\"https:\/\/uvbbrasil.com.br\/mandato-eficiencia-e-comunicacao\/\",\"url\":\"https:\/\/uvbbrasil.com.br\/mandato-eficiencia-e-comunicacao\/\",\"name\":\"Mandato, Efici\u00eancia e Comunica\u00e7\u00e3o - UVB Brasil\",\"isPartOf\":{\"@id\":\"https:\/\/uvbbrasil.com.br\/#website\"},\"primaryImageOfPage\":{\"@id\":\"https:\/\/uvbbrasil.com.br\/mandato-eficiencia-e-comunicacao\/#primaryimage\"},\"image\":{\"@id\":\"https:\/\/uvbbrasil.com.br\/mandato-eficiencia-e-comunicacao\/#primaryimage\"},\"thumbnailUrl\":\"https:\/\/uvbbrasil.com.br\/wp-content\/uploads\/2022\/07\/WhatsApp-Image-2022-07-08-at-15.45.43.jpeg\",\"datePublished\":\"2022-07-09T11:00:50+00:00\",\"breadcrumb\":{\"@id\":\"https:\/\/uvbbrasil.com.br\/mandato-eficiencia-e-comunicacao\/#breadcrumb\"},\"inLanguage\":\"pt-BR\",\"potentialAction\":[{\"@type\":\"ReadAction\",\"target\":[\"https:\/\/uvbbrasil.com.br\/mandato-eficiencia-e-comunicacao\/\"]}]},{\"@type\":\"ImageObject\",\"inLanguage\":\"pt-BR\",\"@id\":\"https:\/\/uvbbrasil.com.br\/mandato-eficiencia-e-comunicacao\/#primaryimage\",\"url\":\"https:\/\/uvbbrasil.com.br\/wp-content\/uploads\/2022\/07\/WhatsApp-Image-2022-07-08-at-15.45.43.jpeg\",\"contentUrl\":\"https:\/\/uvbbrasil.com.br\/wp-content\/uploads\/2022\/07\/WhatsApp-Image-2022-07-08-at-15.45.43.jpeg\",\"width\":800,\"height\":800},{\"@type\":\"BreadcrumbList\",\"@id\":\"https:\/\/uvbbrasil.com.br\/mandato-eficiencia-e-comunicacao\/#breadcrumb\",\"itemListElement\":[{\"@type\":\"ListItem\",\"position\":1,\"name\":\"In\u00edcio\",\"item\":\"https:\/\/uvbbrasil.com.br\/\"},{\"@type\":\"ListItem\",\"position\":2,\"name\":\"Mandato, Efici\u00eancia e Comunica\u00e7\u00e3o\"}]},{\"@type\":\"WebSite\",\"@id\":\"https:\/\/uvbbrasil.com.br\/#website\",\"url\":\"https:\/\/uvbbrasil.com.br\/\",\"name\":\"UVB Brasil\",\"description\":\"Uni\u00e3o dos Vereadores do Brasil\",\"publisher\":{\"@id\":\"https:\/\/uvbbrasil.com.br\/#organization\"},\"potentialAction\":[{\"@type\":\"SearchAction\",\"target\":{\"@type\":\"EntryPoint\",\"urlTemplate\":\"https:\/\/uvbbrasil.com.br\/?s={search_term_string}\"},\"query-input\":{\"@type\":\"PropertyValueSpecification\",\"valueRequired\":true,\"valueName\":\"search_term_string\"}}],\"inLanguage\":\"pt-BR\"},{\"@type\":\"Organization\",\"@id\":\"https:\/\/uvbbrasil.com.br\/#organization\",\"name\":\"UVB Brasil\",\"url\":\"https:\/\/uvbbrasil.com.br\/\",\"logo\":{\"@type\":\"ImageObject\",\"inLanguage\":\"pt-BR\",\"@id\":\"https:\/\/uvbbrasil.com.br\/#\/schema\/logo\/image\/\",\"url\":\"https:\/\/uvbbrasil.com.br\/wp-content\/uploads\/2025\/01\/LOGO-UVB-2024-azul-1.jpg\",\"contentUrl\":\"https:\/\/uvbbrasil.com.br\/wp-content\/uploads\/2025\/01\/LOGO-UVB-2024-azul-1.jpg\",\"width\":600,\"height\":211,\"caption\":\"UVB Brasil\"},\"image\":{\"@id\":\"https:\/\/uvbbrasil.com.br\/#\/schema\/logo\/image\/\"},\"sameAs\":[\"https:\/\/www.facebook.com\/uvb.vereadoresbrasil\",\"https:\/\/www.instagram.com\/uvbbrasil\/\",\"https:\/\/www.youtube.com\/channel\/UCIlPQ8Xzw5GHNzosQIg9S5A\"]},{\"@type\":\"Person\",\"@id\":\"https:\/\/uvbbrasil.com.br\/#\/schema\/person\/17990098446c098f52effddff4f1b272\",\"name\":\"adminuvb\",\"image\":{\"@type\":\"ImageObject\",\"inLanguage\":\"pt-BR\",\"@id\":\"https:\/\/uvbbrasil.com.br\/#\/schema\/person\/image\/\",\"url\":\"https:\/\/secure.gravatar.com\/avatar\/1a494ea6f8e2dd1ae526e55b0e9497efdba542491e0620d704cccf63c6f77c45?s=96&d=mm&r=g\",\"contentUrl\":\"https:\/\/secure.gravatar.com\/avatar\/1a494ea6f8e2dd1ae526e55b0e9497efdba542491e0620d704cccf63c6f77c45?s=96&d=mm&r=g\",\"caption\":\"adminuvb\"},\"sameAs\":[\"https:\/\/uvbbrasil.com.br\"],\"url\":\"https:\/\/uvbbrasil.com.br\/author\/adminuvb\/\"}]}<\/script>\n<!-- \/ Yoast SEO plugin. -->","yoast_head_json":{"title":"Mandato, Efici\u00eancia e Comunica\u00e7\u00e3o - UVB Brasil","robots":{"index":"index","follow":"follow","max-snippet":"max-snippet:-1","max-image-preview":"max-image-preview:large","max-video-preview":"max-video-preview:-1"},"canonical":"https:\/\/uvbbrasil.com.br\/mandato-eficiencia-e-comunicacao\/","og_locale":"pt_BR","og_type":"article","og_title":"Mandato, Efici\u00eancia e Comunica\u00e7\u00e3o - UVB Brasil","og_description":"Palestrante confirmado, Junior Campos, Consultor Pol\u00edtico, membro da ABCOP, Especialista em Assessoria de e em Comunica\u00e7\u00e3o e Marketing Pol\u00edtico. Assessor...","og_url":"https:\/\/uvbbrasil.com.br\/mandato-eficiencia-e-comunicacao\/","og_site_name":"UVB Brasil","article_publisher":"https:\/\/www.facebook.com\/uvb.vereadoresbrasil","article_published_time":"2022-07-09T11:00:50+00:00","og_image":[{"width":800,"height":800,"url":"https:\/\/uvbbrasil.com.br\/wp-content\/uploads\/2022\/07\/WhatsApp-Image-2022-07-08-at-15.45.43.jpeg","type":"image\/jpeg"}],"author":"adminuvb","twitter_card":"summary_large_image","twitter_misc":{"Escrito por":"adminuvb","Est. tempo de leitura":"1 minuto"},"schema":{"@context":"https:\/\/schema.org","@graph":[{"@type":"Article","@id":"https:\/\/uvbbrasil.com.br\/mandato-eficiencia-e-comunicacao\/#article","isPartOf":{"@id":"https:\/\/uvbbrasil.com.br\/mandato-eficiencia-e-comunicacao\/"},"author":{"name":"adminuvb","@id":"https:\/\/uvbbrasil.com.br\/#\/schema\/person\/17990098446c098f52effddff4f1b272"},"headline":"Mandato, Efici\u00eancia e Comunica\u00e7\u00e3o","datePublished":"2022-07-09T11:00:50+00:00","mainEntityOfPage":{"@id":"https:\/\/uvbbrasil.com.br\/mandato-eficiencia-e-comunicacao\/"},"wordCount":98,"commentCount":0,"publisher":{"@id":"https:\/\/uvbbrasil.com.br\/#organization"},"image":{"@id":"https:\/\/uvbbrasil.com.br\/mandato-eficiencia-e-comunicacao\/#primaryimage"},"thumbnailUrl":"https:\/\/uvbbrasil.com.br\/wp-content\/uploads\/2022\/07\/WhatsApp-Image-2022-07-08-at-15.45.43.jpeg","articleSection":["NOT\u00cdCIAS","UVB"],"inLanguage":"pt-BR","potentialAction":[{"@type":"CommentAction","name":"Comment","target":["https:\/\/uvbbrasil.com.br\/mandato-eficiencia-e-comunicacao\/#respond"]}]},{"@type":"WebPage","@id":"https:\/\/uvbbrasil.com.br\/mandato-eficiencia-e-comunicacao\/","url":"https:\/\/uvbbrasil.com.br\/mandato-eficiencia-e-comunicacao\/","name":"Mandato, Efici\u00eancia e Comunica\u00e7\u00e3o - UVB Brasil","isPartOf":{"@id":"https:\/\/uvbbrasil.com.br\/#website"},"primaryImageOfPage":{"@id":"https:\/\/uvbbrasil.com.br\/mandato-eficiencia-e-comunicacao\/#primaryimage"},"image":{"@id":"https:\/\/uvbbrasil.com.br\/mandato-eficiencia-e-comunicacao\/#primaryimage"},"thumbnailUrl":"https:\/\/uvbbrasil.com.br\/wp-content\/uploads\/2022\/07\/WhatsApp-Image-2022-07-08-at-15.45.43.jpeg","datePublished":"2022-07-09T11:00:50+00:00","breadcrumb":{"@id":"https:\/\/uvbbrasil.com.br\/mandato-eficiencia-e-comunicacao\/#breadcrumb"},"inLanguage":"pt-BR","potentialAction":[{"@type":"ReadAction","target":["https:\/\/uvbbrasil.com.br\/mandato-eficiencia-e-comunicacao\/"]}]},{"@type":"ImageObject","inLanguage":"pt-BR","@id":"https:\/\/uvbbrasil.com.br\/mandato-eficiencia-e-comunicacao\/#primaryimage","url":"https:\/\/uvbbrasil.com.br\/wp-content\/uploads\/2022\/07\/WhatsApp-Image-2022-07-08-at-15.45.43.jpeg","contentUrl":"https:\/\/uvbbrasil.com.br\/wp-content\/uploads\/2022\/07\/WhatsApp-Image-2022-07-08-at-15.45.43.jpeg","width":800,"height":800},{"@type":"BreadcrumbList","@id":"https:\/\/uvbbrasil.com.br\/mandato-eficiencia-e-comunicacao\/#breadcrumb","itemListElement":[{"@type":"ListItem","position":1,"name":"In\u00edcio","item":"https:\/\/uvbbrasil.com.br\/"},{"@type":"ListItem","position":2,"name":"Mandato, Efici\u00eancia e Comunica\u00e7\u00e3o"}]},{"@type":"WebSite","@id":"https:\/\/uvbbrasil.com.br\/#website","url":"https:\/\/uvbbrasil.com.br\/","name":"UVB Brasil","description":"Uni\u00e3o dos Vereadores do Brasil","publisher":{"@id":"https:\/\/uvbbrasil.com.br\/#organization"},"potentialAction":[{"@type":"SearchAction","target":{"@type":"EntryPoint","urlTemplate":"https:\/\/uvbbrasil.com.br\/?s={search_term_string}"},"query-input":{"@type":"PropertyValueSpecification","valueRequired":true,"valueName":"search_term_string"}}],"inLanguage":"pt-BR"},{"@type":"Organization","@id":"https:\/\/uvbbrasil.com.br\/#organization","name":"UVB Brasil","url":"https:\/\/uvbbrasil.com.br\/","logo":{"@type":"ImageObject","inLanguage":"pt-BR","@id":"https:\/\/uvbbrasil.com.br\/#\/schema\/logo\/image\/","url":"https:\/\/uvbbrasil.com.br\/wp-content\/uploads\/2025\/01\/LOGO-UVB-2024-azul-1.jpg","contentUrl":"https:\/\/uvbbrasil.com.br\/wp-content\/uploads\/2025\/01\/LOGO-UVB-2024-azul-1.jpg","width":600,"height":211,"caption":"UVB Brasil"},"image":{"@id":"https:\/\/uvbbrasil.com.br\/#\/schema\/logo\/image\/"},"sameAs":["https:\/\/www.facebook.com\/uvb.vereadoresbrasil","https:\/\/www.instagram.com\/uvbbrasil\/","https:\/\/www.youtube.com\/channel\/UCIlPQ8Xzw5GHNzosQIg9S5A"]},{"@type":"Person","@id":"https:\/\/uvbbrasil.com.br\/#\/schema\/person\/17990098446c098f52effddff4f1b272","name":"adminuvb","image":{"@type":"ImageObject","inLanguage":"pt-BR","@id":"https:\/\/uvbbrasil.com.br\/#\/schema\/person\/image\/","url":"https:\/\/secure.gravatar.com\/avatar\/1a494ea6f8e2dd1ae526e55b0e9497efdba542491e0620d704cccf63c6f77c45?s=96&d=mm&r=g","contentUrl":"https:\/\/secure.gravatar.com\/avatar\/1a494ea6f8e2dd1ae526e55b0e9497efdba542491e0620d704cccf63c6f77c45?s=96&d=mm&r=g","caption":"adminuvb"},"sameAs":["https:\/\/uvbbrasil.com.br"],"url":"https:\/\/uvbbrasil.com.br\/author\/adminuvb\/"}]}},"_links":{"self":[{"href":"https:\/\/uvbbrasil.com.br\/uvb-json\/wp\/v2\/posts\/26511","targetHints":{"allow":["GET"]}}],"collection":[{"href":"https:\/\/uvbbrasil.com.br\/uvb-json\/wp\/v2\/posts"}],"about":[{"href":"https:\/\/uvbbrasil.com.br\/uvb-json\/wp\/v2\/types\/post"}],"author":[{"embeddable":true,"href":"https:\/\/uvbbrasil.com.br\/uvb-json\/wp\/v2\/users\/1"}],"replies":[{"embeddable":true,"href":"https:\/\/uvbbrasil.com.br\/uvb-json\/wp\/v2\/comments?post=26511"}],"version-history":[{"count":0,"href":"https:\/\/uvbbrasil.com.br\/uvb-json\/wp\/v2\/posts\/26511\/revisions"}],"wp:featuredmedia":[{"embeddable":true,"href":"https:\/\/uvbbrasil.com.br\/uvb-json\/wp\/v2\/media\/26512"}],"wp:attachment":[{"href":"https:\/\/uvbbrasil.com.br\/uvb-json\/wp\/v2\/media?parent=26511"}],"wp:term":[{"taxonomy":"category","embeddable":true,"href":"https:\/\/uvbbrasil.com.br\/uvb-json\/wp\/v2\/categories?post=26511"},{"taxonomy":"post_tag","embeddable":true,"href":"https:\/\/uvbbrasil.com.br\/uvb-json\/wp\/v2\/tags?post=26511"}],"curies":[{"name":"wp","href":"https:\/\/api.w.org\/{rel}","templated":true}]}}