{"id":26502,"date":"2022-07-08T11:02:11","date_gmt":"2022-07-08T14:02:11","guid":{"rendered":"https:\/\/wpsandbox4.pante.com.br\/?p=26502"},"modified":"2022-07-08T11:02:11","modified_gmt":"2022-07-08T14:02:11","slug":"frederico-westphalen-recebe-14o-encontro-de-controle-e-orientacao-do-tce-rs","status":"publish","type":"post","link":"https:\/\/uvbbrasil.com.br\/frederico-westphalen-recebe-14o-encontro-de-controle-e-orientacao-do-tce-rs\/","title":{"rendered":"Frederico Westphalen recebe 14\u00ba Encontro de Controle e Orienta\u00e7\u00e3o do TCE-RS"},"content":{"rendered":"<p class=\"article__subtitle\">A atividade contou com cerca de 850 participantes dos 55 munic\u00edpios<\/p>\n<p id=\"p_1\">O Tribunal de Contas do Estado (TCE-RS) realizou, em Frederico Westphalen, nesta quinta-feira, 7 de julho, o 14\u00ba Encontro Regional de Controle e Orienta\u00e7\u00e3o (ERCO), na URI. A atividade contou com cerca de 850 participantes dos 55 munic\u00edpios fiscalizados pelo Servi\u00e7o Regional de Auditoria do TCE-RS na cidade.<\/p>\n<p id=\"p_2\">Essa \u00e9 a quinta etapa do ERCO, que iniciou em Santa Cruz do Sul, no dia 02 de junho, e j\u00e1 passou por Caxias do Sul, Erechim e Santo \u00c2ngelo. Os Encontros consistem em uma s\u00e9rie de eventos que percorrer\u00e3o o Rio Grande do Sul, com objetivo de orientar os administradores p\u00fablicos para as boas pr\u00e1ticas na gest\u00e3o, qualificando a aplica\u00e7\u00e3o dos recursos e evitando irregularidades.<\/p>\n<p id=\"p_3\">O coordenador do Servi\u00e7o de Frederico Westphalen, Gerson Batistella, ao posicionar a Regional da cidade como parceira dos gestores, lembrou que a representa\u00e7\u00e3o do TCE-RS no munic\u00edpio fez anivers\u00e1rio de 32 anos. Destacou que a Regional fiscaliza aproximadamente R$ 2,5 bilh\u00f5es em 55 munic\u00edpios.<\/p>\n<p id=\"p_4\">Disse, ainda, que o maior objetivo do ERCO \u00e9 compartilhar e difundir conhecimento. Frente aos desafios provocados pela pandemia, conforme ele, o TCE, para cumprir o seu papel constitucional, vem buscando utilizar ferramentas tecnol\u00f3gicas no sentido de trazer uma maior qualifica\u00e7\u00e3o na administra\u00e7\u00e3o p\u00fablica. \u201cTeremos em Frederico Westphalen o maior p\u00fablico em ERCO at\u00e9 hoje\u201d, finalizou.<\/p>\n<p id=\"p_5\">Participaram da abertura do evento o presidente do TCE-RS, conselheiro Alexandre Postal; os conselheiros Marco Peixoto e Edson Brum; o conselheiro substituto Alexandre Mariotti; o coordenador\u00a0 do Servi\u00e7o Regional de Auditoria de Frederico Westphalen (SRFW), Gerson Batistella;\u00a0 e os diretores do TCE, Mauro Carape\u00e7os, Bruno Londero, Livete Rajczuk Masiel Meira e Anderson Bettanin, respectivamente diretor-geral, de Controle e Fiscaliza\u00e7\u00e3o, administrativa, e da Escola Francisco Juruena; e o chefe de gabinete da Presid\u00eancia, Fabiano Geremia. Tamb\u00e9m estiveram presentes o prefeito de Frederico Westphalen, Jos\u00e9 Alberto Panosso, o presidente da C\u00e2mara de Vereadores,\u00a0 Leandro Mazzutti, e a professora S\u00edlvia Regina Canan, representando a URI.<\/p>\n<p>&nbsp;<\/p>\n<p><img fetchpriority=\"high\" decoding=\"async\" class=\"alignnone size-medium wp-image-26503\" src=\"https:\/\/uvbbrasil.com.br\/wp-content\/uploads\/2022\/07\/Alexandre-Postal-1536x900-1-300x176.jpeg\" alt=\"\" width=\"300\" height=\"176\" srcset=\"https:\/\/uvbbrasil.com.br\/wp-content\/uploads\/2022\/07\/Alexandre-Postal-1536x900-1-300x176.jpeg 300w, https:\/\/uvbbrasil.com.br\/wp-content\/uploads\/2022\/07\/Alexandre-Postal-1536x900-1-1024x600.jpeg 1024w, https:\/\/uvbbrasil.com.br\/wp-content\/uploads\/2022\/07\/Alexandre-Postal-1536x900-1-768x450.jpeg 768w, https:\/\/uvbbrasil.com.br\/wp-content\/uploads\/2022\/07\/Alexandre-Postal-1536x900-1.jpeg 1536w\" sizes=\"(max-width: 300px) 100vw, 300px\" \/><\/p>\n","protected":false},"excerpt":{"rendered":"<p>A atividade contou com cerca de 850 participantes dos 55 munic\u00edpios O Tribunal de Contas do Estado (TCE-RS) realizou, em&#8230;<\/p>\n","protected":false},"author":1,"featured_media":26503,"comment_status":"open","ping_status":"open","sticky":false,"template":"","format":"standard","meta":{"footnotes":""},"categories":[3],"tags":[],"class_list":["post-26502","post","type-post","status-publish","format-standard","has-post-thumbnail","hentry","category-noticias"],"yoast_head":"<!-- This site is optimized with the Yoast SEO plugin v26.7 - https:\/\/yoast.com\/wordpress\/plugins\/seo\/ -->\n<title>Frederico Westphalen recebe 14\u00ba Encontro de Controle e Orienta\u00e7\u00e3o do TCE-RS - UVB Brasil<\/title>\n<meta name=\"robots\" content=\"index, follow, max-snippet:-1, max-image-preview:large, max-video-preview:-1\" \/>\n<link rel=\"canonical\" href=\"https:\/\/uvbbrasil.com.br\/frederico-westphalen-recebe-14o-encontro-de-controle-e-orientacao-do-tce-rs\/\" \/>\n<meta property=\"og:locale\" content=\"pt_BR\" \/>\n<meta property=\"og:type\" content=\"article\" \/>\n<meta property=\"og:title\" content=\"Frederico Westphalen recebe 14\u00ba Encontro de Controle e Orienta\u00e7\u00e3o do TCE-RS - UVB Brasil\" \/>\n<meta property=\"og:description\" content=\"A atividade contou com cerca de 850 participantes dos 55 munic\u00edpios O Tribunal de Contas do Estado (TCE-RS) realizou, em...\" \/>\n<meta property=\"og:url\" content=\"https:\/\/uvbbrasil.com.br\/frederico-westphalen-recebe-14o-encontro-de-controle-e-orientacao-do-tce-rs\/\" \/>\n<meta property=\"og:site_name\" content=\"UVB Brasil\" \/>\n<meta property=\"article:publisher\" content=\"https:\/\/www.facebook.com\/uvb.vereadoresbrasil\" \/>\n<meta property=\"article:published_time\" content=\"2022-07-08T14:02:11+00:00\" \/>\n<meta property=\"og:image\" content=\"https:\/\/uvbbrasil.com.br\/wp-content\/uploads\/2022\/07\/Alexandre-Postal-1536x900-1.jpeg\" \/>\n\t<meta property=\"og:image:width\" content=\"1536\" \/>\n\t<meta property=\"og:image:height\" content=\"900\" \/>\n\t<meta property=\"og:image:type\" content=\"image\/jpeg\" \/>\n<meta name=\"author\" content=\"adminuvb\" \/>\n<meta name=\"twitter:card\" content=\"summary_large_image\" \/>\n<meta name=\"twitter:label1\" content=\"Escrito por\" \/>\n\t<meta name=\"twitter:data1\" content=\"adminuvb\" \/>\n\t<meta name=\"twitter:label2\" content=\"Est. tempo de leitura\" \/>\n\t<meta name=\"twitter:data2\" content=\"2 minutos\" \/>\n<script type=\"application\/ld+json\" class=\"yoast-schema-graph\">{\"@context\":\"https:\/\/schema.org\",\"@graph\":[{\"@type\":\"Article\",\"@id\":\"https:\/\/uvbbrasil.com.br\/frederico-westphalen-recebe-14o-encontro-de-controle-e-orientacao-do-tce-rs\/#article\",\"isPartOf\":{\"@id\":\"https:\/\/uvbbrasil.com.br\/frederico-westphalen-recebe-14o-encontro-de-controle-e-orientacao-do-tce-rs\/\"},\"author\":{\"name\":\"adminuvb\",\"@id\":\"https:\/\/uvbbrasil.com.br\/#\/schema\/person\/17990098446c098f52effddff4f1b272\"},\"headline\":\"Frederico Westphalen recebe 14\u00ba Encontro de Controle e Orienta\u00e7\u00e3o do TCE-RS\",\"datePublished\":\"2022-07-08T14:02:11+00:00\",\"mainEntityOfPage\":{\"@id\":\"https:\/\/uvbbrasil.com.br\/frederico-westphalen-recebe-14o-encontro-de-controle-e-orientacao-do-tce-rs\/\"},\"wordCount\":355,\"commentCount\":0,\"publisher\":{\"@id\":\"https:\/\/uvbbrasil.com.br\/#organization\"},\"image\":{\"@id\":\"https:\/\/uvbbrasil.com.br\/frederico-westphalen-recebe-14o-encontro-de-controle-e-orientacao-do-tce-rs\/#primaryimage\"},\"thumbnailUrl\":\"https:\/\/uvbbrasil.com.br\/wp-content\/uploads\/2022\/07\/Alexandre-Postal-1536x900-1.jpeg\",\"articleSection\":[\"NOT\u00cdCIAS\"],\"inLanguage\":\"pt-BR\",\"potentialAction\":[{\"@type\":\"CommentAction\",\"name\":\"Comment\",\"target\":[\"https:\/\/uvbbrasil.com.br\/frederico-westphalen-recebe-14o-encontro-de-controle-e-orientacao-do-tce-rs\/#respond\"]}]},{\"@type\":\"WebPage\",\"@id\":\"https:\/\/uvbbrasil.com.br\/frederico-westphalen-recebe-14o-encontro-de-controle-e-orientacao-do-tce-rs\/\",\"url\":\"https:\/\/uvbbrasil.com.br\/frederico-westphalen-recebe-14o-encontro-de-controle-e-orientacao-do-tce-rs\/\",\"name\":\"Frederico Westphalen recebe 14\u00ba Encontro de Controle e Orienta\u00e7\u00e3o do TCE-RS - UVB Brasil\",\"isPartOf\":{\"@id\":\"https:\/\/uvbbrasil.com.br\/#website\"},\"primaryImageOfPage\":{\"@id\":\"https:\/\/uvbbrasil.com.br\/frederico-westphalen-recebe-14o-encontro-de-controle-e-orientacao-do-tce-rs\/#primaryimage\"},\"image\":{\"@id\":\"https:\/\/uvbbrasil.com.br\/frederico-westphalen-recebe-14o-encontro-de-controle-e-orientacao-do-tce-rs\/#primaryimage\"},\"thumbnailUrl\":\"https:\/\/uvbbrasil.com.br\/wp-content\/uploads\/2022\/07\/Alexandre-Postal-1536x900-1.jpeg\",\"datePublished\":\"2022-07-08T14:02:11+00:00\",\"breadcrumb\":{\"@id\":\"https:\/\/uvbbrasil.com.br\/frederico-westphalen-recebe-14o-encontro-de-controle-e-orientacao-do-tce-rs\/#breadcrumb\"},\"inLanguage\":\"pt-BR\",\"potentialAction\":[{\"@type\":\"ReadAction\",\"target\":[\"https:\/\/uvbbrasil.com.br\/frederico-westphalen-recebe-14o-encontro-de-controle-e-orientacao-do-tce-rs\/\"]}]},{\"@type\":\"ImageObject\",\"inLanguage\":\"pt-BR\",\"@id\":\"https:\/\/uvbbrasil.com.br\/frederico-westphalen-recebe-14o-encontro-de-controle-e-orientacao-do-tce-rs\/#primaryimage\",\"url\":\"https:\/\/uvbbrasil.com.br\/wp-content\/uploads\/2022\/07\/Alexandre-Postal-1536x900-1.jpeg\",\"contentUrl\":\"https:\/\/uvbbrasil.com.br\/wp-content\/uploads\/2022\/07\/Alexandre-Postal-1536x900-1.jpeg\",\"width\":1536,\"height\":900},{\"@type\":\"BreadcrumbList\",\"@id\":\"https:\/\/uvbbrasil.com.br\/frederico-westphalen-recebe-14o-encontro-de-controle-e-orientacao-do-tce-rs\/#breadcrumb\",\"itemListElement\":[{\"@type\":\"ListItem\",\"position\":1,\"name\":\"In\u00edcio\",\"item\":\"https:\/\/uvbbrasil.com.br\/\"},{\"@type\":\"ListItem\",\"position\":2,\"name\":\"Frederico Westphalen recebe 14\u00ba Encontro de Controle e Orienta\u00e7\u00e3o do TCE-RS\"}]},{\"@type\":\"WebSite\",\"@id\":\"https:\/\/uvbbrasil.com.br\/#website\",\"url\":\"https:\/\/uvbbrasil.com.br\/\",\"name\":\"UVB Brasil\",\"description\":\"Uni\u00e3o dos Vereadores do Brasil\",\"publisher\":{\"@id\":\"https:\/\/uvbbrasil.com.br\/#organization\"},\"potentialAction\":[{\"@type\":\"SearchAction\",\"target\":{\"@type\":\"EntryPoint\",\"urlTemplate\":\"https:\/\/uvbbrasil.com.br\/?s={search_term_string}\"},\"query-input\":{\"@type\":\"PropertyValueSpecification\",\"valueRequired\":true,\"valueName\":\"search_term_string\"}}],\"inLanguage\":\"pt-BR\"},{\"@type\":\"Organization\",\"@id\":\"https:\/\/uvbbrasil.com.br\/#organization\",\"name\":\"UVB Brasil\",\"url\":\"https:\/\/uvbbrasil.com.br\/\",\"logo\":{\"@type\":\"ImageObject\",\"inLanguage\":\"pt-BR\",\"@id\":\"https:\/\/uvbbrasil.com.br\/#\/schema\/logo\/image\/\",\"url\":\"https:\/\/uvbbrasil.com.br\/wp-content\/uploads\/2025\/01\/LOGO-UVB-2024-azul-1.jpg\",\"contentUrl\":\"https:\/\/uvbbrasil.com.br\/wp-content\/uploads\/2025\/01\/LOGO-UVB-2024-azul-1.jpg\",\"width\":600,\"height\":211,\"caption\":\"UVB Brasil\"},\"image\":{\"@id\":\"https:\/\/uvbbrasil.com.br\/#\/schema\/logo\/image\/\"},\"sameAs\":[\"https:\/\/www.facebook.com\/uvb.vereadoresbrasil\",\"https:\/\/www.instagram.com\/uvbbrasil\/\",\"https:\/\/www.youtube.com\/channel\/UCIlPQ8Xzw5GHNzosQIg9S5A\"]},{\"@type\":\"Person\",\"@id\":\"https:\/\/uvbbrasil.com.br\/#\/schema\/person\/17990098446c098f52effddff4f1b272\",\"name\":\"adminuvb\",\"image\":{\"@type\":\"ImageObject\",\"inLanguage\":\"pt-BR\",\"@id\":\"https:\/\/uvbbrasil.com.br\/#\/schema\/person\/image\/\",\"url\":\"https:\/\/secure.gravatar.com\/avatar\/1a494ea6f8e2dd1ae526e55b0e9497efdba542491e0620d704cccf63c6f77c45?s=96&d=mm&r=g\",\"contentUrl\":\"https:\/\/secure.gravatar.com\/avatar\/1a494ea6f8e2dd1ae526e55b0e9497efdba542491e0620d704cccf63c6f77c45?s=96&d=mm&r=g\",\"caption\":\"adminuvb\"},\"sameAs\":[\"https:\/\/uvbbrasil.com.br\"],\"url\":\"https:\/\/uvbbrasil.com.br\/author\/adminuvb\/\"}]}<\/script>\n<!-- \/ Yoast SEO plugin. -->","yoast_head_json":{"title":"Frederico Westphalen recebe 14\u00ba Encontro de Controle e Orienta\u00e7\u00e3o do TCE-RS - UVB Brasil","robots":{"index":"index","follow":"follow","max-snippet":"max-snippet:-1","max-image-preview":"max-image-preview:large","max-video-preview":"max-video-preview:-1"},"canonical":"https:\/\/uvbbrasil.com.br\/frederico-westphalen-recebe-14o-encontro-de-controle-e-orientacao-do-tce-rs\/","og_locale":"pt_BR","og_type":"article","og_title":"Frederico Westphalen recebe 14\u00ba Encontro de Controle e Orienta\u00e7\u00e3o do TCE-RS - UVB Brasil","og_description":"A atividade contou com cerca de 850 participantes dos 55 munic\u00edpios O Tribunal de Contas do Estado (TCE-RS) realizou, em...","og_url":"https:\/\/uvbbrasil.com.br\/frederico-westphalen-recebe-14o-encontro-de-controle-e-orientacao-do-tce-rs\/","og_site_name":"UVB Brasil","article_publisher":"https:\/\/www.facebook.com\/uvb.vereadoresbrasil","article_published_time":"2022-07-08T14:02:11+00:00","og_image":[{"width":1536,"height":900,"url":"https:\/\/uvbbrasil.com.br\/wp-content\/uploads\/2022\/07\/Alexandre-Postal-1536x900-1.jpeg","type":"image\/jpeg"}],"author":"adminuvb","twitter_card":"summary_large_image","twitter_misc":{"Escrito por":"adminuvb","Est. tempo de leitura":"2 minutos"},"schema":{"@context":"https:\/\/schema.org","@graph":[{"@type":"Article","@id":"https:\/\/uvbbrasil.com.br\/frederico-westphalen-recebe-14o-encontro-de-controle-e-orientacao-do-tce-rs\/#article","isPartOf":{"@id":"https:\/\/uvbbrasil.com.br\/frederico-westphalen-recebe-14o-encontro-de-controle-e-orientacao-do-tce-rs\/"},"author":{"name":"adminuvb","@id":"https:\/\/uvbbrasil.com.br\/#\/schema\/person\/17990098446c098f52effddff4f1b272"},"headline":"Frederico Westphalen recebe 14\u00ba Encontro de Controle e Orienta\u00e7\u00e3o do TCE-RS","datePublished":"2022-07-08T14:02:11+00:00","mainEntityOfPage":{"@id":"https:\/\/uvbbrasil.com.br\/frederico-westphalen-recebe-14o-encontro-de-controle-e-orientacao-do-tce-rs\/"},"wordCount":355,"commentCount":0,"publisher":{"@id":"https:\/\/uvbbrasil.com.br\/#organization"},"image":{"@id":"https:\/\/uvbbrasil.com.br\/frederico-westphalen-recebe-14o-encontro-de-controle-e-orientacao-do-tce-rs\/#primaryimage"},"thumbnailUrl":"https:\/\/uvbbrasil.com.br\/wp-content\/uploads\/2022\/07\/Alexandre-Postal-1536x900-1.jpeg","articleSection":["NOT\u00cdCIAS"],"inLanguage":"pt-BR","potentialAction":[{"@type":"CommentAction","name":"Comment","target":["https:\/\/uvbbrasil.com.br\/frederico-westphalen-recebe-14o-encontro-de-controle-e-orientacao-do-tce-rs\/#respond"]}]},{"@type":"WebPage","@id":"https:\/\/uvbbrasil.com.br\/frederico-westphalen-recebe-14o-encontro-de-controle-e-orientacao-do-tce-rs\/","url":"https:\/\/uvbbrasil.com.br\/frederico-westphalen-recebe-14o-encontro-de-controle-e-orientacao-do-tce-rs\/","name":"Frederico Westphalen recebe 14\u00ba Encontro de Controle e Orienta\u00e7\u00e3o do TCE-RS - UVB Brasil","isPartOf":{"@id":"https:\/\/uvbbrasil.com.br\/#website"},"primaryImageOfPage":{"@id":"https:\/\/uvbbrasil.com.br\/frederico-westphalen-recebe-14o-encontro-de-controle-e-orientacao-do-tce-rs\/#primaryimage"},"image":{"@id":"https:\/\/uvbbrasil.com.br\/frederico-westphalen-recebe-14o-encontro-de-controle-e-orientacao-do-tce-rs\/#primaryimage"},"thumbnailUrl":"https:\/\/uvbbrasil.com.br\/wp-content\/uploads\/2022\/07\/Alexandre-Postal-1536x900-1.jpeg","datePublished":"2022-07-08T14:02:11+00:00","breadcrumb":{"@id":"https:\/\/uvbbrasil.com.br\/frederico-westphalen-recebe-14o-encontro-de-controle-e-orientacao-do-tce-rs\/#breadcrumb"},"inLanguage":"pt-BR","potentialAction":[{"@type":"ReadAction","target":["https:\/\/uvbbrasil.com.br\/frederico-westphalen-recebe-14o-encontro-de-controle-e-orientacao-do-tce-rs\/"]}]},{"@type":"ImageObject","inLanguage":"pt-BR","@id":"https:\/\/uvbbrasil.com.br\/frederico-westphalen-recebe-14o-encontro-de-controle-e-orientacao-do-tce-rs\/#primaryimage","url":"https:\/\/uvbbrasil.com.br\/wp-content\/uploads\/2022\/07\/Alexandre-Postal-1536x900-1.jpeg","contentUrl":"https:\/\/uvbbrasil.com.br\/wp-content\/uploads\/2022\/07\/Alexandre-Postal-1536x900-1.jpeg","width":1536,"height":900},{"@type":"BreadcrumbList","@id":"https:\/\/uvbbrasil.com.br\/frederico-westphalen-recebe-14o-encontro-de-controle-e-orientacao-do-tce-rs\/#breadcrumb","itemListElement":[{"@type":"ListItem","position":1,"name":"In\u00edcio","item":"https:\/\/uvbbrasil.com.br\/"},{"@type":"ListItem","position":2,"name":"Frederico Westphalen recebe 14\u00ba Encontro de Controle e Orienta\u00e7\u00e3o do TCE-RS"}]},{"@type":"WebSite","@id":"https:\/\/uvbbrasil.com.br\/#website","url":"https:\/\/uvbbrasil.com.br\/","name":"UVB Brasil","description":"Uni\u00e3o dos Vereadores do Brasil","publisher":{"@id":"https:\/\/uvbbrasil.com.br\/#organization"},"potentialAction":[{"@type":"SearchAction","target":{"@type":"EntryPoint","urlTemplate":"https:\/\/uvbbrasil.com.br\/?s={search_term_string}"},"query-input":{"@type":"PropertyValueSpecification","valueRequired":true,"valueName":"search_term_string"}}],"inLanguage":"pt-BR"},{"@type":"Organization","@id":"https:\/\/uvbbrasil.com.br\/#organization","name":"UVB Brasil","url":"https:\/\/uvbbrasil.com.br\/","logo":{"@type":"ImageObject","inLanguage":"pt-BR","@id":"https:\/\/uvbbrasil.com.br\/#\/schema\/logo\/image\/","url":"https:\/\/uvbbrasil.com.br\/wp-content\/uploads\/2025\/01\/LOGO-UVB-2024-azul-1.jpg","contentUrl":"https:\/\/uvbbrasil.com.br\/wp-content\/uploads\/2025\/01\/LOGO-UVB-2024-azul-1.jpg","width":600,"height":211,"caption":"UVB Brasil"},"image":{"@id":"https:\/\/uvbbrasil.com.br\/#\/schema\/logo\/image\/"},"sameAs":["https:\/\/www.facebook.com\/uvb.vereadoresbrasil","https:\/\/www.instagram.com\/uvbbrasil\/","https:\/\/www.youtube.com\/channel\/UCIlPQ8Xzw5GHNzosQIg9S5A"]},{"@type":"Person","@id":"https:\/\/uvbbrasil.com.br\/#\/schema\/person\/17990098446c098f52effddff4f1b272","name":"adminuvb","image":{"@type":"ImageObject","inLanguage":"pt-BR","@id":"https:\/\/uvbbrasil.com.br\/#\/schema\/person\/image\/","url":"https:\/\/secure.gravatar.com\/avatar\/1a494ea6f8e2dd1ae526e55b0e9497efdba542491e0620d704cccf63c6f77c45?s=96&d=mm&r=g","contentUrl":"https:\/\/secure.gravatar.com\/avatar\/1a494ea6f8e2dd1ae526e55b0e9497efdba542491e0620d704cccf63c6f77c45?s=96&d=mm&r=g","caption":"adminuvb"},"sameAs":["https:\/\/uvbbrasil.com.br"],"url":"https:\/\/uvbbrasil.com.br\/author\/adminuvb\/"}]}},"_links":{"self":[{"href":"https:\/\/uvbbrasil.com.br\/uvb-json\/wp\/v2\/posts\/26502","targetHints":{"allow":["GET"]}}],"collection":[{"href":"https:\/\/uvbbrasil.com.br\/uvb-json\/wp\/v2\/posts"}],"about":[{"href":"https:\/\/uvbbrasil.com.br\/uvb-json\/wp\/v2\/types\/post"}],"author":[{"embeddable":true,"href":"https:\/\/uvbbrasil.com.br\/uvb-json\/wp\/v2\/users\/1"}],"replies":[{"embeddable":true,"href":"https:\/\/uvbbrasil.com.br\/uvb-json\/wp\/v2\/comments?post=26502"}],"version-history":[{"count":0,"href":"https:\/\/uvbbrasil.com.br\/uvb-json\/wp\/v2\/posts\/26502\/revisions"}],"wp:featuredmedia":[{"embeddable":true,"href":"https:\/\/uvbbrasil.com.br\/uvb-json\/wp\/v2\/media\/26503"}],"wp:attachment":[{"href":"https:\/\/uvbbrasil.com.br\/uvb-json\/wp\/v2\/media?parent=26502"}],"wp:term":[{"taxonomy":"category","embeddable":true,"href":"https:\/\/uvbbrasil.com.br\/uvb-json\/wp\/v2\/categories?post=26502"},{"taxonomy":"post_tag","embeddable":true,"href":"https:\/\/uvbbrasil.com.br\/uvb-json\/wp\/v2\/tags?post=26502"}],"curies":[{"name":"wp","href":"https:\/\/api.w.org\/{rel}","templated":true}]}}