{"id":26395,"date":"2022-07-01T12:15:39","date_gmt":"2022-07-01T15:15:39","guid":{"rendered":"https:\/\/wpsandbox4.pante.com.br\/?p=26395"},"modified":"2022-07-01T12:15:39","modified_gmt":"2022-07-01T15:15:39","slug":"mandato-legislativo-com-planejamento-estrategico-na-plataformas-digitais","status":"publish","type":"post","link":"https:\/\/uvbbrasil.com.br\/mandato-legislativo-com-planejamento-estrategico-na-plataformas-digitais\/","title":{"rendered":"Mandato Legislativo com Planejamento Estrat\u00e9gico nas Plataformas Digitais"},"content":{"rendered":"<p>Ana Paula Mainardi, enfatizou aos \u00a0vereadores e vereadora\u00a0 a grande import\u00e2ncia das m\u00eddias sociais na pol\u00edtica moderna, hoje o mundo esta digital, principalmente ap\u00f3s a pandemia o que ainda n\u00e3o tinha entrado nesta era passou a ser, hoje as pessoas estudam pelo celular, pagam contas, e os vereadores e vereadoras passaram a realizar reuni\u00f5es, sess\u00f5es \u00a0virtuais durante a pandemia, isso mostra que a internet ganhou um espa\u00e7o imenso de 2018 aos dias atuais, desta forma a pol\u00edtica precisou se modernizar, os mandatos legislativos tiveram a necessidade de acompanhar esta informatiza\u00e7\u00e3o est\u00e1 ent\u00e3o nova era.<\/p>\n<p>Os vereadores e vereadoras tem hoje a oportunidade de expandir\u00a0 o seu trabalho de fazer com que seu trabalho seja tenha maior visibilidade, que n\u00e3o seja reconhecido e aceito apenas pelo seu nicho, ou seja, o \u00a0p\u00fablico que o elegeu. Com as redes sociais\u00a0 esse trabalho tem um maior alcance e o parlamentar pode utilizar as ferramentas dispon\u00edveis, principalmente o facebook, \u00a0wthatsapp e\u00a0 instagram para divulgar suas a\u00e7\u00f5es e projeto desenvolvidos no dia a dia e durante seu mandato.<\/p>\n<p>Destacou os melhores hor\u00e1rios para as publica\u00e7\u00f5es em cada rede social, trouxe aos participantes do encontro v\u00e1rios questionamentos de como os vereadores pode se auto-analisar, saber seus pontos fracos, pontos fortes e assim potencializar este mandato. O cidad\u00e3o informatizado passa horas e horas do dia diante do celular ou computador acompanhando tudo que acontece nos munic\u00edpios, estado no Brasil e no mundo, esse eleitor tem acesso a tudo na palma da m\u00e3o. \u00c9 importante que o vereador e a vereadora tenham est\u00e1 consci\u00eancia e saiba que o mandato precisa ter transpar\u00eancia. Quem tem trabalho tem a possibilidade hoje em dia de divulgar\u00a0 desempenho e resultados.<\/p>\n<p>Outro ponto importante \u00e9 saber o publico alvo onde quer chegar e quem deseja atingir, para realizar a publica\u00e7\u00e3o correta nas redes sociais, \u00e9 importante lembrar que cada rede existe uma particularidade, algumas v\u00eddeos s\u00e3o a melhor op\u00e7\u00e3o, outra card ou textos, ou seja, \u00e9 fundamental conhecer o funcionamento de cada, para assim acertar em cheio cada publica\u00e7\u00e3o.<\/p>\n<p>Neste Encontro Nacional de Legislativos Municipais\u00a0 grande parte dos participantes\u00a0 vereadores e vereadoras de primeiro mandato que est\u00e3o em busca da capacita\u00e7\u00e3o e conhecimento para que possam assim aprimorar e melhorar o desempenho de seu\u00a0 mandato.<\/p>\n<p>A\u00a0 palestrante Ana Paula que \u00e9 assessora parlamentar da C\u00e2mara Municipal de Cap\u00e3o da Canoa\/RS, parabenizou a Uni\u00e3o dos Vereadores do Brasil\/UVB e\u00a0 o presidente Gilson Conzatti pelo comprometimento e empenho em levar a capacita\u00e7\u00e3o o conhecimento para todos os vereadores do Brasil melhorando assim os legislativos Municipais.<\/p>\n<p><img fetchpriority=\"high\" decoding=\"async\" class=\"alignnone size-medium wp-image-26399\" src=\"https:\/\/uvbbrasil.com.br\/wp-content\/uploads\/2022\/07\/WhatsApp-Image-2022-07-01-at-11.18.32-300x169.jpeg\" alt=\"\" width=\"300\" height=\"169\" srcset=\"https:\/\/uvbbrasil.com.br\/wp-content\/uploads\/2022\/07\/WhatsApp-Image-2022-07-01-at-11.18.32-300x169.jpeg 300w, https:\/\/uvbbrasil.com.br\/wp-content\/uploads\/2022\/07\/WhatsApp-Image-2022-07-01-at-11.18.32-1024x576.jpeg 1024w, https:\/\/uvbbrasil.com.br\/wp-content\/uploads\/2022\/07\/WhatsApp-Image-2022-07-01-at-11.18.32-768x432.jpeg 768w, https:\/\/uvbbrasil.com.br\/wp-content\/uploads\/2022\/07\/WhatsApp-Image-2022-07-01-at-11.18.32-1536x864.jpeg 1536w, https:\/\/uvbbrasil.com.br\/wp-content\/uploads\/2022\/07\/WhatsApp-Image-2022-07-01-at-11.18.32.jpeg 1600w\" sizes=\"(max-width: 300px) 100vw, 300px\" \/><img decoding=\"async\" class=\"alignnone size-medium wp-image-26400\" src=\"https:\/\/uvbbrasil.com.br\/wp-content\/uploads\/2022\/07\/WhatsApp-Image-2022-07-01-at-11.18.32-1-225x300.jpeg\" alt=\"\" width=\"225\" height=\"300\" srcset=\"https:\/\/uvbbrasil.com.br\/wp-content\/uploads\/2022\/07\/WhatsApp-Image-2022-07-01-at-11.18.32-1-225x300.jpeg 225w, https:\/\/uvbbrasil.com.br\/wp-content\/uploads\/2022\/07\/WhatsApp-Image-2022-07-01-at-11.18.32-1-768x1024.jpeg 768w, https:\/\/uvbbrasil.com.br\/wp-content\/uploads\/2022\/07\/WhatsApp-Image-2022-07-01-at-11.18.32-1.jpeg 960w\" sizes=\"(max-width: 225px) 100vw, 225px\" \/><img decoding=\"async\" class=\"alignnone size-medium wp-image-26401\" src=\"https:\/\/uvbbrasil.com.br\/wp-content\/uploads\/2022\/07\/WhatsApp-Image-2022-07-01-at-11.20.50-1-300x169.jpeg\" alt=\"\" width=\"300\" height=\"169\" srcset=\"https:\/\/uvbbrasil.com.br\/wp-content\/uploads\/2022\/07\/WhatsApp-Image-2022-07-01-at-11.20.50-1-300x169.jpeg 300w, https:\/\/uvbbrasil.com.br\/wp-content\/uploads\/2022\/07\/WhatsApp-Image-2022-07-01-at-11.20.50-1-1024x576.jpeg 1024w, https:\/\/uvbbrasil.com.br\/wp-content\/uploads\/2022\/07\/WhatsApp-Image-2022-07-01-at-11.20.50-1-768x432.jpeg 768w, https:\/\/uvbbrasil.com.br\/wp-content\/uploads\/2022\/07\/WhatsApp-Image-2022-07-01-at-11.20.50-1-1536x864.jpeg 1536w, https:\/\/uvbbrasil.com.br\/wp-content\/uploads\/2022\/07\/WhatsApp-Image-2022-07-01-at-11.20.50-1.jpeg 1600w\" sizes=\"(max-width: 300px) 100vw, 300px\" \/><img loading=\"lazy\" decoding=\"async\" class=\"alignnone size-medium wp-image-26402\" src=\"https:\/\/uvbbrasil.com.br\/wp-content\/uploads\/2022\/07\/WhatsApp-Image-2022-06-30-at-15.07.10-300x169.jpeg\" alt=\"\" width=\"300\" height=\"169\" srcset=\"https:\/\/uvbbrasil.com.br\/wp-content\/uploads\/2022\/07\/WhatsApp-Image-2022-06-30-at-15.07.10-300x169.jpeg 300w, https:\/\/uvbbrasil.com.br\/wp-content\/uploads\/2022\/07\/WhatsApp-Image-2022-06-30-at-15.07.10-1024x576.jpeg 1024w, https:\/\/uvbbrasil.com.br\/wp-content\/uploads\/2022\/07\/WhatsApp-Image-2022-06-30-at-15.07.10-768x432.jpeg 768w, https:\/\/uvbbrasil.com.br\/wp-content\/uploads\/2022\/07\/WhatsApp-Image-2022-06-30-at-15.07.10-1536x864.jpeg 1536w, https:\/\/uvbbrasil.com.br\/wp-content\/uploads\/2022\/07\/WhatsApp-Image-2022-06-30-at-15.07.10.jpeg 1600w\" sizes=\"(max-width: 300px) 100vw, 300px\" \/><\/p>\n<p><img loading=\"lazy\" decoding=\"async\" class=\"alignnone size-medium wp-image-26396\" src=\"https:\/\/uvbbrasil.com.br\/wp-content\/uploads\/2022\/07\/WhatsApp-Image-2022-07-01-at-11.20.50-300x169.jpeg\" alt=\"\" width=\"300\" height=\"169\" srcset=\"https:\/\/uvbbrasil.com.br\/wp-content\/uploads\/2022\/07\/WhatsApp-Image-2022-07-01-at-11.20.50-300x169.jpeg 300w, https:\/\/uvbbrasil.com.br\/wp-content\/uploads\/2022\/07\/WhatsApp-Image-2022-07-01-at-11.20.50-1024x576.jpeg 1024w, https:\/\/uvbbrasil.com.br\/wp-content\/uploads\/2022\/07\/WhatsApp-Image-2022-07-01-at-11.20.50-768x432.jpeg 768w, https:\/\/uvbbrasil.com.br\/wp-content\/uploads\/2022\/07\/WhatsApp-Image-2022-07-01-at-11.20.50-1536x864.jpeg 1536w, https:\/\/uvbbrasil.com.br\/wp-content\/uploads\/2022\/07\/WhatsApp-Image-2022-07-01-at-11.20.50.jpeg 1600w\" sizes=\"(max-width: 300px) 100vw, 300px\" \/><\/p>\n<p><img loading=\"lazy\" decoding=\"async\" class=\"alignnone size-medium wp-image-26397\" src=\"https:\/\/uvbbrasil.com.br\/wp-content\/uploads\/2022\/07\/WhatsApp-Image-2022-07-01-at-11.12.56-300x197.jpeg\" alt=\"\" width=\"300\" height=\"197\" srcset=\"https:\/\/uvbbrasil.com.br\/wp-content\/uploads\/2022\/07\/WhatsApp-Image-2022-07-01-at-11.12.56-300x197.jpeg 300w, https:\/\/uvbbrasil.com.br\/wp-content\/uploads\/2022\/07\/WhatsApp-Image-2022-07-01-at-11.12.56-1024x673.jpeg 1024w, https:\/\/uvbbrasil.com.br\/wp-content\/uploads\/2022\/07\/WhatsApp-Image-2022-07-01-at-11.12.56-768x505.jpeg 768w, https:\/\/uvbbrasil.com.br\/wp-content\/uploads\/2022\/07\/WhatsApp-Image-2022-07-01-at-11.12.56.jpeg 1369w\" sizes=\"(max-width: 300px) 100vw, 300px\" \/><img loading=\"lazy\" decoding=\"async\" class=\"alignnone size-medium wp-image-26398\" src=\"https:\/\/uvbbrasil.com.br\/wp-content\/uploads\/2022\/07\/WhatsApp-Image-2022-07-01-at-11.13.41-300x169.jpeg\" alt=\"\" width=\"300\" height=\"169\" srcset=\"https:\/\/uvbbrasil.com.br\/wp-content\/uploads\/2022\/07\/WhatsApp-Image-2022-07-01-at-11.13.41-300x169.jpeg 300w, https:\/\/uvbbrasil.com.br\/wp-content\/uploads\/2022\/07\/WhatsApp-Image-2022-07-01-at-11.13.41-1024x576.jpeg 1024w, https:\/\/uvbbrasil.com.br\/wp-content\/uploads\/2022\/07\/WhatsApp-Image-2022-07-01-at-11.13.41-768x432.jpeg 768w, https:\/\/uvbbrasil.com.br\/wp-content\/uploads\/2022\/07\/WhatsApp-Image-2022-07-01-at-11.13.41-1536x864.jpeg 1536w, https:\/\/uvbbrasil.com.br\/wp-content\/uploads\/2022\/07\/WhatsApp-Image-2022-07-01-at-11.13.41.jpeg 1600w\" sizes=\"(max-width: 300px) 100vw, 300px\" \/><\/p>\n","protected":false},"excerpt":{"rendered":"<p>Ana Paula Mainardi, enfatizou aos \u00a0vereadores e vereadora\u00a0 a grande import\u00e2ncia das m\u00eddias sociais na pol\u00edtica moderna, hoje o mundo&#8230;<\/p>\n","protected":false},"author":1,"featured_media":26400,"comment_status":"open","ping_status":"open","sticky":false,"template":"","format":"standard","meta":{"footnotes":""},"categories":[3,4],"tags":[],"class_list":["post-26395","post","type-post","status-publish","format-standard","has-post-thumbnail","hentry","category-noticias","category-home"],"yoast_head":"<!-- This site is optimized with the Yoast SEO plugin v26.7 - https:\/\/yoast.com\/wordpress\/plugins\/seo\/ -->\n<title>Mandato Legislativo com Planejamento Estrat\u00e9gico nas Plataformas Digitais - UVB Brasil<\/title>\n<meta name=\"robots\" content=\"index, follow, max-snippet:-1, max-image-preview:large, max-video-preview:-1\" \/>\n<link rel=\"canonical\" href=\"https:\/\/uvbbrasil.com.br\/mandato-legislativo-com-planejamento-estrategico-na-plataformas-digitais\/\" \/>\n<meta property=\"og:locale\" content=\"pt_BR\" \/>\n<meta property=\"og:type\" content=\"article\" \/>\n<meta property=\"og:title\" content=\"Mandato Legislativo com Planejamento Estrat\u00e9gico nas Plataformas Digitais - UVB Brasil\" \/>\n<meta property=\"og:description\" content=\"Ana Paula Mainardi, enfatizou aos \u00a0vereadores e vereadora\u00a0 a grande import\u00e2ncia das m\u00eddias sociais na pol\u00edtica moderna, hoje o mundo...\" \/>\n<meta property=\"og:url\" content=\"https:\/\/uvbbrasil.com.br\/mandato-legislativo-com-planejamento-estrategico-na-plataformas-digitais\/\" \/>\n<meta property=\"og:site_name\" content=\"UVB Brasil\" \/>\n<meta property=\"article:publisher\" content=\"https:\/\/www.facebook.com\/uvb.vereadoresbrasil\" \/>\n<meta property=\"article:published_time\" content=\"2022-07-01T15:15:39+00:00\" \/>\n<meta property=\"og:image\" content=\"https:\/\/uvbbrasil.com.br\/wp-content\/uploads\/2022\/07\/WhatsApp-Image-2022-07-01-at-11.18.32-1.jpeg\" \/>\n\t<meta property=\"og:image:width\" content=\"960\" \/>\n\t<meta property=\"og:image:height\" content=\"1280\" \/>\n\t<meta property=\"og:image:type\" content=\"image\/jpeg\" \/>\n<meta name=\"author\" content=\"adminuvb\" \/>\n<meta name=\"twitter:card\" content=\"summary_large_image\" \/>\n<meta name=\"twitter:label1\" content=\"Escrito por\" \/>\n\t<meta name=\"twitter:data1\" content=\"adminuvb\" \/>\n\t<meta name=\"twitter:label2\" content=\"Est. tempo de leitura\" \/>\n\t<meta name=\"twitter:data2\" content=\"4 minutos\" \/>\n<script type=\"application\/ld+json\" class=\"yoast-schema-graph\">{\"@context\":\"https:\/\/schema.org\",\"@graph\":[{\"@type\":\"Article\",\"@id\":\"https:\/\/uvbbrasil.com.br\/mandato-legislativo-com-planejamento-estrategico-na-plataformas-digitais\/#article\",\"isPartOf\":{\"@id\":\"https:\/\/uvbbrasil.com.br\/mandato-legislativo-com-planejamento-estrategico-na-plataformas-digitais\/\"},\"author\":{\"name\":\"adminuvb\",\"@id\":\"https:\/\/uvbbrasil.com.br\/#\/schema\/person\/17990098446c098f52effddff4f1b272\"},\"headline\":\"Mandato Legislativo com Planejamento Estrat\u00e9gico nas Plataformas Digitais\",\"datePublished\":\"2022-07-01T15:15:39+00:00\",\"mainEntityOfPage\":{\"@id\":\"https:\/\/uvbbrasil.com.br\/mandato-legislativo-com-planejamento-estrategico-na-plataformas-digitais\/\"},\"wordCount\":459,\"commentCount\":0,\"publisher\":{\"@id\":\"https:\/\/uvbbrasil.com.br\/#organization\"},\"image\":{\"@id\":\"https:\/\/uvbbrasil.com.br\/mandato-legislativo-com-planejamento-estrategico-na-plataformas-digitais\/#primaryimage\"},\"thumbnailUrl\":\"https:\/\/uvbbrasil.com.br\/wp-content\/uploads\/2022\/07\/WhatsApp-Image-2022-07-01-at-11.18.32-1.jpeg\",\"articleSection\":[\"NOT\u00cdCIAS\",\"UVB\"],\"inLanguage\":\"pt-BR\",\"potentialAction\":[{\"@type\":\"CommentAction\",\"name\":\"Comment\",\"target\":[\"https:\/\/uvbbrasil.com.br\/mandato-legislativo-com-planejamento-estrategico-na-plataformas-digitais\/#respond\"]}]},{\"@type\":\"WebPage\",\"@id\":\"https:\/\/uvbbrasil.com.br\/mandato-legislativo-com-planejamento-estrategico-na-plataformas-digitais\/\",\"url\":\"https:\/\/uvbbrasil.com.br\/mandato-legislativo-com-planejamento-estrategico-na-plataformas-digitais\/\",\"name\":\"Mandato Legislativo com Planejamento Estrat\u00e9gico nas Plataformas Digitais - UVB Brasil\",\"isPartOf\":{\"@id\":\"https:\/\/uvbbrasil.com.br\/#website\"},\"primaryImageOfPage\":{\"@id\":\"https:\/\/uvbbrasil.com.br\/mandato-legislativo-com-planejamento-estrategico-na-plataformas-digitais\/#primaryimage\"},\"image\":{\"@id\":\"https:\/\/uvbbrasil.com.br\/mandato-legislativo-com-planejamento-estrategico-na-plataformas-digitais\/#primaryimage\"},\"thumbnailUrl\":\"https:\/\/uvbbrasil.com.br\/wp-content\/uploads\/2022\/07\/WhatsApp-Image-2022-07-01-at-11.18.32-1.jpeg\",\"datePublished\":\"2022-07-01T15:15:39+00:00\",\"breadcrumb\":{\"@id\":\"https:\/\/uvbbrasil.com.br\/mandato-legislativo-com-planejamento-estrategico-na-plataformas-digitais\/#breadcrumb\"},\"inLanguage\":\"pt-BR\",\"potentialAction\":[{\"@type\":\"ReadAction\",\"target\":[\"https:\/\/uvbbrasil.com.br\/mandato-legislativo-com-planejamento-estrategico-na-plataformas-digitais\/\"]}]},{\"@type\":\"ImageObject\",\"inLanguage\":\"pt-BR\",\"@id\":\"https:\/\/uvbbrasil.com.br\/mandato-legislativo-com-planejamento-estrategico-na-plataformas-digitais\/#primaryimage\",\"url\":\"https:\/\/uvbbrasil.com.br\/wp-content\/uploads\/2022\/07\/WhatsApp-Image-2022-07-01-at-11.18.32-1.jpeg\",\"contentUrl\":\"https:\/\/uvbbrasil.com.br\/wp-content\/uploads\/2022\/07\/WhatsApp-Image-2022-07-01-at-11.18.32-1.jpeg\",\"width\":960,\"height\":1280},{\"@type\":\"BreadcrumbList\",\"@id\":\"https:\/\/uvbbrasil.com.br\/mandato-legislativo-com-planejamento-estrategico-na-plataformas-digitais\/#breadcrumb\",\"itemListElement\":[{\"@type\":\"ListItem\",\"position\":1,\"name\":\"In\u00edcio\",\"item\":\"https:\/\/uvbbrasil.com.br\/\"},{\"@type\":\"ListItem\",\"position\":2,\"name\":\"Mandato Legislativo com Planejamento Estrat\u00e9gico nas Plataformas Digitais\"}]},{\"@type\":\"WebSite\",\"@id\":\"https:\/\/uvbbrasil.com.br\/#website\",\"url\":\"https:\/\/uvbbrasil.com.br\/\",\"name\":\"UVB Brasil\",\"description\":\"Uni\u00e3o dos Vereadores do Brasil\",\"publisher\":{\"@id\":\"https:\/\/uvbbrasil.com.br\/#organization\"},\"potentialAction\":[{\"@type\":\"SearchAction\",\"target\":{\"@type\":\"EntryPoint\",\"urlTemplate\":\"https:\/\/uvbbrasil.com.br\/?s={search_term_string}\"},\"query-input\":{\"@type\":\"PropertyValueSpecification\",\"valueRequired\":true,\"valueName\":\"search_term_string\"}}],\"inLanguage\":\"pt-BR\"},{\"@type\":\"Organization\",\"@id\":\"https:\/\/uvbbrasil.com.br\/#organization\",\"name\":\"UVB Brasil\",\"url\":\"https:\/\/uvbbrasil.com.br\/\",\"logo\":{\"@type\":\"ImageObject\",\"inLanguage\":\"pt-BR\",\"@id\":\"https:\/\/uvbbrasil.com.br\/#\/schema\/logo\/image\/\",\"url\":\"https:\/\/uvbbrasil.com.br\/wp-content\/uploads\/2025\/01\/LOGO-UVB-2024-azul-1.jpg\",\"contentUrl\":\"https:\/\/uvbbrasil.com.br\/wp-content\/uploads\/2025\/01\/LOGO-UVB-2024-azul-1.jpg\",\"width\":600,\"height\":211,\"caption\":\"UVB Brasil\"},\"image\":{\"@id\":\"https:\/\/uvbbrasil.com.br\/#\/schema\/logo\/image\/\"},\"sameAs\":[\"https:\/\/www.facebook.com\/uvb.vereadoresbrasil\",\"https:\/\/www.instagram.com\/uvbbrasil\/\",\"https:\/\/www.youtube.com\/channel\/UCIlPQ8Xzw5GHNzosQIg9S5A\"]},{\"@type\":\"Person\",\"@id\":\"https:\/\/uvbbrasil.com.br\/#\/schema\/person\/17990098446c098f52effddff4f1b272\",\"name\":\"adminuvb\",\"image\":{\"@type\":\"ImageObject\",\"inLanguage\":\"pt-BR\",\"@id\":\"https:\/\/uvbbrasil.com.br\/#\/schema\/person\/image\/\",\"url\":\"https:\/\/secure.gravatar.com\/avatar\/1a494ea6f8e2dd1ae526e55b0e9497efdba542491e0620d704cccf63c6f77c45?s=96&d=mm&r=g\",\"contentUrl\":\"https:\/\/secure.gravatar.com\/avatar\/1a494ea6f8e2dd1ae526e55b0e9497efdba542491e0620d704cccf63c6f77c45?s=96&d=mm&r=g\",\"caption\":\"adminuvb\"},\"sameAs\":[\"https:\/\/uvbbrasil.com.br\"],\"url\":\"https:\/\/uvbbrasil.com.br\/author\/adminuvb\/\"}]}<\/script>\n<!-- \/ Yoast SEO plugin. -->","yoast_head_json":{"title":"Mandato Legislativo com Planejamento Estrat\u00e9gico nas Plataformas Digitais - UVB Brasil","robots":{"index":"index","follow":"follow","max-snippet":"max-snippet:-1","max-image-preview":"max-image-preview:large","max-video-preview":"max-video-preview:-1"},"canonical":"https:\/\/uvbbrasil.com.br\/mandato-legislativo-com-planejamento-estrategico-na-plataformas-digitais\/","og_locale":"pt_BR","og_type":"article","og_title":"Mandato Legislativo com Planejamento Estrat\u00e9gico nas Plataformas Digitais - UVB Brasil","og_description":"Ana Paula Mainardi, enfatizou aos \u00a0vereadores e vereadora\u00a0 a grande import\u00e2ncia das m\u00eddias sociais na pol\u00edtica moderna, hoje o mundo...","og_url":"https:\/\/uvbbrasil.com.br\/mandato-legislativo-com-planejamento-estrategico-na-plataformas-digitais\/","og_site_name":"UVB Brasil","article_publisher":"https:\/\/www.facebook.com\/uvb.vereadoresbrasil","article_published_time":"2022-07-01T15:15:39+00:00","og_image":[{"width":960,"height":1280,"url":"https:\/\/uvbbrasil.com.br\/wp-content\/uploads\/2022\/07\/WhatsApp-Image-2022-07-01-at-11.18.32-1.jpeg","type":"image\/jpeg"}],"author":"adminuvb","twitter_card":"summary_large_image","twitter_misc":{"Escrito por":"adminuvb","Est. tempo de leitura":"4 minutos"},"schema":{"@context":"https:\/\/schema.org","@graph":[{"@type":"Article","@id":"https:\/\/uvbbrasil.com.br\/mandato-legislativo-com-planejamento-estrategico-na-plataformas-digitais\/#article","isPartOf":{"@id":"https:\/\/uvbbrasil.com.br\/mandato-legislativo-com-planejamento-estrategico-na-plataformas-digitais\/"},"author":{"name":"adminuvb","@id":"https:\/\/uvbbrasil.com.br\/#\/schema\/person\/17990098446c098f52effddff4f1b272"},"headline":"Mandato Legislativo com Planejamento Estrat\u00e9gico nas Plataformas Digitais","datePublished":"2022-07-01T15:15:39+00:00","mainEntityOfPage":{"@id":"https:\/\/uvbbrasil.com.br\/mandato-legislativo-com-planejamento-estrategico-na-plataformas-digitais\/"},"wordCount":459,"commentCount":0,"publisher":{"@id":"https:\/\/uvbbrasil.com.br\/#organization"},"image":{"@id":"https:\/\/uvbbrasil.com.br\/mandato-legislativo-com-planejamento-estrategico-na-plataformas-digitais\/#primaryimage"},"thumbnailUrl":"https:\/\/uvbbrasil.com.br\/wp-content\/uploads\/2022\/07\/WhatsApp-Image-2022-07-01-at-11.18.32-1.jpeg","articleSection":["NOT\u00cdCIAS","UVB"],"inLanguage":"pt-BR","potentialAction":[{"@type":"CommentAction","name":"Comment","target":["https:\/\/uvbbrasil.com.br\/mandato-legislativo-com-planejamento-estrategico-na-plataformas-digitais\/#respond"]}]},{"@type":"WebPage","@id":"https:\/\/uvbbrasil.com.br\/mandato-legislativo-com-planejamento-estrategico-na-plataformas-digitais\/","url":"https:\/\/uvbbrasil.com.br\/mandato-legislativo-com-planejamento-estrategico-na-plataformas-digitais\/","name":"Mandato Legislativo com Planejamento Estrat\u00e9gico nas Plataformas Digitais - UVB Brasil","isPartOf":{"@id":"https:\/\/uvbbrasil.com.br\/#website"},"primaryImageOfPage":{"@id":"https:\/\/uvbbrasil.com.br\/mandato-legislativo-com-planejamento-estrategico-na-plataformas-digitais\/#primaryimage"},"image":{"@id":"https:\/\/uvbbrasil.com.br\/mandato-legislativo-com-planejamento-estrategico-na-plataformas-digitais\/#primaryimage"},"thumbnailUrl":"https:\/\/uvbbrasil.com.br\/wp-content\/uploads\/2022\/07\/WhatsApp-Image-2022-07-01-at-11.18.32-1.jpeg","datePublished":"2022-07-01T15:15:39+00:00","breadcrumb":{"@id":"https:\/\/uvbbrasil.com.br\/mandato-legislativo-com-planejamento-estrategico-na-plataformas-digitais\/#breadcrumb"},"inLanguage":"pt-BR","potentialAction":[{"@type":"ReadAction","target":["https:\/\/uvbbrasil.com.br\/mandato-legislativo-com-planejamento-estrategico-na-plataformas-digitais\/"]}]},{"@type":"ImageObject","inLanguage":"pt-BR","@id":"https:\/\/uvbbrasil.com.br\/mandato-legislativo-com-planejamento-estrategico-na-plataformas-digitais\/#primaryimage","url":"https:\/\/uvbbrasil.com.br\/wp-content\/uploads\/2022\/07\/WhatsApp-Image-2022-07-01-at-11.18.32-1.jpeg","contentUrl":"https:\/\/uvbbrasil.com.br\/wp-content\/uploads\/2022\/07\/WhatsApp-Image-2022-07-01-at-11.18.32-1.jpeg","width":960,"height":1280},{"@type":"BreadcrumbList","@id":"https:\/\/uvbbrasil.com.br\/mandato-legislativo-com-planejamento-estrategico-na-plataformas-digitais\/#breadcrumb","itemListElement":[{"@type":"ListItem","position":1,"name":"In\u00edcio","item":"https:\/\/uvbbrasil.com.br\/"},{"@type":"ListItem","position":2,"name":"Mandato Legislativo com Planejamento Estrat\u00e9gico nas Plataformas Digitais"}]},{"@type":"WebSite","@id":"https:\/\/uvbbrasil.com.br\/#website","url":"https:\/\/uvbbrasil.com.br\/","name":"UVB Brasil","description":"Uni\u00e3o dos Vereadores do Brasil","publisher":{"@id":"https:\/\/uvbbrasil.com.br\/#organization"},"potentialAction":[{"@type":"SearchAction","target":{"@type":"EntryPoint","urlTemplate":"https:\/\/uvbbrasil.com.br\/?s={search_term_string}"},"query-input":{"@type":"PropertyValueSpecification","valueRequired":true,"valueName":"search_term_string"}}],"inLanguage":"pt-BR"},{"@type":"Organization","@id":"https:\/\/uvbbrasil.com.br\/#organization","name":"UVB Brasil","url":"https:\/\/uvbbrasil.com.br\/","logo":{"@type":"ImageObject","inLanguage":"pt-BR","@id":"https:\/\/uvbbrasil.com.br\/#\/schema\/logo\/image\/","url":"https:\/\/uvbbrasil.com.br\/wp-content\/uploads\/2025\/01\/LOGO-UVB-2024-azul-1.jpg","contentUrl":"https:\/\/uvbbrasil.com.br\/wp-content\/uploads\/2025\/01\/LOGO-UVB-2024-azul-1.jpg","width":600,"height":211,"caption":"UVB Brasil"},"image":{"@id":"https:\/\/uvbbrasil.com.br\/#\/schema\/logo\/image\/"},"sameAs":["https:\/\/www.facebook.com\/uvb.vereadoresbrasil","https:\/\/www.instagram.com\/uvbbrasil\/","https:\/\/www.youtube.com\/channel\/UCIlPQ8Xzw5GHNzosQIg9S5A"]},{"@type":"Person","@id":"https:\/\/uvbbrasil.com.br\/#\/schema\/person\/17990098446c098f52effddff4f1b272","name":"adminuvb","image":{"@type":"ImageObject","inLanguage":"pt-BR","@id":"https:\/\/uvbbrasil.com.br\/#\/schema\/person\/image\/","url":"https:\/\/secure.gravatar.com\/avatar\/1a494ea6f8e2dd1ae526e55b0e9497efdba542491e0620d704cccf63c6f77c45?s=96&d=mm&r=g","contentUrl":"https:\/\/secure.gravatar.com\/avatar\/1a494ea6f8e2dd1ae526e55b0e9497efdba542491e0620d704cccf63c6f77c45?s=96&d=mm&r=g","caption":"adminuvb"},"sameAs":["https:\/\/uvbbrasil.com.br"],"url":"https:\/\/uvbbrasil.com.br\/author\/adminuvb\/"}]}},"_links":{"self":[{"href":"https:\/\/uvbbrasil.com.br\/uvb-json\/wp\/v2\/posts\/26395","targetHints":{"allow":["GET"]}}],"collection":[{"href":"https:\/\/uvbbrasil.com.br\/uvb-json\/wp\/v2\/posts"}],"about":[{"href":"https:\/\/uvbbrasil.com.br\/uvb-json\/wp\/v2\/types\/post"}],"author":[{"embeddable":true,"href":"https:\/\/uvbbrasil.com.br\/uvb-json\/wp\/v2\/users\/1"}],"replies":[{"embeddable":true,"href":"https:\/\/uvbbrasil.com.br\/uvb-json\/wp\/v2\/comments?post=26395"}],"version-history":[{"count":0,"href":"https:\/\/uvbbrasil.com.br\/uvb-json\/wp\/v2\/posts\/26395\/revisions"}],"wp:featuredmedia":[{"embeddable":true,"href":"https:\/\/uvbbrasil.com.br\/uvb-json\/wp\/v2\/media\/26400"}],"wp:attachment":[{"href":"https:\/\/uvbbrasil.com.br\/uvb-json\/wp\/v2\/media?parent=26395"}],"wp:term":[{"taxonomy":"category","embeddable":true,"href":"https:\/\/uvbbrasil.com.br\/uvb-json\/wp\/v2\/categories?post=26395"},{"taxonomy":"post_tag","embeddable":true,"href":"https:\/\/uvbbrasil.com.br\/uvb-json\/wp\/v2\/tags?post=26395"}],"curies":[{"name":"wp","href":"https:\/\/api.w.org\/{rel}","templated":true}]}}