{"id":26383,"date":"2022-06-30T16:20:37","date_gmt":"2022-06-30T19:20:37","guid":{"rendered":"https:\/\/wpsandbox4.pante.com.br\/?p=26383"},"modified":"2022-06-30T16:20:37","modified_gmt":"2022-06-30T19:20:37","slug":"escola-legislativa-e-cidadania","status":"publish","type":"post","link":"https:\/\/uvbbrasil.com.br\/escola-legislativa-e-cidadania\/","title":{"rendered":"\u00a0Escola Legislativa e\u00a0 Cidadania"},"content":{"rendered":"<p>O professor Jo\u00e3o Maria de Lima, Presidente da Associa\u00e7\u00e3o Potiguar das Escolas Legislativas (ASPEL), Diretor da Escola da Assembleia do RN, Fomentou a cria\u00e7\u00e3o de 65 Escolas Legislativas no Rio Grande do Norte presente no Encontro Nacional de Legislativos Municipais no estado do Rio de Janeiro.<\/p>\n<p>Onde levou aos vereadores o importante tema de debate a &#8220;Escola Legislativa e\u00a0 Cidadania&#8221;,\u00a0 com \u00eanfase no Rio Grande do Norte, destaca-se, com atua\u00e7\u00e3o que n\u00e3o se resume \u00e0 capacita\u00e7\u00e3o de seu quadro t\u00e9cnico, a Escola da Assembl\u00e9ia, cuja miss\u00e3o \u00e9 promover uma educa\u00e7\u00e3o Legislativa de excel\u00eancia, contribuindo \u2013 por meio de servi\u00e7os educacionais \u2013 para a forma\u00e7\u00e3o pol\u00edtica e profissional dos agentes do Poder Legislativo e da comunidade, com \u00eanfase para fun\u00e7\u00f5es e atribui\u00e7\u00f5es do Parlamento.<\/p>\n<p>\u00c9 \u00a0fundamental no cen\u00e1rio em que as pessoas est\u00e3o descrentes com a pol\u00edtica, e a imagem dos pol\u00edticos sofre desgaste constante. Mostrar que a C\u00e2mara dos Vereadores, a casa do povo, est\u00e1 aberta, n\u00e3o s\u00f3 em dia de sess\u00e3o, mas trazendo benef\u00edcios \u2013 o maior deles, a educa\u00e7\u00e3o \u2013 de forma gratuita \u00e9 dar conta \u00e0 sociedade de que ela est\u00e1 em primeiro plano, que a Casa n\u00e3o \u00e9 s\u00f3 o palco de debates acalorados \u2013 situa\u00e7\u00e3o X oposi\u00e7\u00e3o.<\/p>\n<p>Nesse sentido, para que as C\u00e2maras Municipais pudessem ser contempladas com os cursos promovidos pela Escola da Assembleia, por meio do Conex\u00e3o Parlamento estabeleceu-se que os parlamentos deveriam criar suas escolas por meio de um projeto de resolu\u00e7\u00e3o.<\/p>\n<p><img fetchpriority=\"high\" decoding=\"async\" class=\"alignnone size-medium wp-image-26388\" src=\"https:\/\/uvbbrasil.com.br\/wp-content\/uploads\/2022\/06\/WhatsApp-Image-2022-06-30-at-15.57.10-225x300.jpeg\" alt=\"\" width=\"225\" height=\"300\" srcset=\"https:\/\/uvbbrasil.com.br\/wp-content\/uploads\/2022\/06\/WhatsApp-Image-2022-06-30-at-15.57.10-225x300.jpeg 225w, https:\/\/uvbbrasil.com.br\/wp-content\/uploads\/2022\/06\/WhatsApp-Image-2022-06-30-at-15.57.10-768x1024.jpeg 768w, https:\/\/uvbbrasil.com.br\/wp-content\/uploads\/2022\/06\/WhatsApp-Image-2022-06-30-at-15.57.10.jpeg 960w\" sizes=\"(max-width: 225px) 100vw, 225px\" \/><\/p>\n<p><img decoding=\"async\" class=\"alignnone size-medium wp-image-26386\" src=\"https:\/\/uvbbrasil.com.br\/wp-content\/uploads\/2022\/06\/WhatsApp-Image-2022-06-30-at-15.56.17-1-300x169.jpeg\" alt=\"\" width=\"300\" height=\"169\" srcset=\"https:\/\/uvbbrasil.com.br\/wp-content\/uploads\/2022\/06\/WhatsApp-Image-2022-06-30-at-15.56.17-1-300x169.jpeg 300w, https:\/\/uvbbrasil.com.br\/wp-content\/uploads\/2022\/06\/WhatsApp-Image-2022-06-30-at-15.56.17-1-1024x576.jpeg 1024w, https:\/\/uvbbrasil.com.br\/wp-content\/uploads\/2022\/06\/WhatsApp-Image-2022-06-30-at-15.56.17-1-768x432.jpeg 768w, https:\/\/uvbbrasil.com.br\/wp-content\/uploads\/2022\/06\/WhatsApp-Image-2022-06-30-at-15.56.17-1-1536x864.jpeg 1536w, https:\/\/uvbbrasil.com.br\/wp-content\/uploads\/2022\/06\/WhatsApp-Image-2022-06-30-at-15.56.17-1.jpeg 1600w\" sizes=\"(max-width: 300px) 100vw, 300px\" \/><img decoding=\"async\" class=\"alignnone size-medium wp-image-26389\" src=\"https:\/\/uvbbrasil.com.br\/wp-content\/uploads\/2022\/06\/WhatsApp-Image-2022-06-30-at-15.57.11-225x300.jpeg\" alt=\"\" width=\"225\" height=\"300\" srcset=\"https:\/\/uvbbrasil.com.br\/wp-content\/uploads\/2022\/06\/WhatsApp-Image-2022-06-30-at-15.57.11-225x300.jpeg 225w, https:\/\/uvbbrasil.com.br\/wp-content\/uploads\/2022\/06\/WhatsApp-Image-2022-06-30-at-15.57.11-768x1024.jpeg 768w, https:\/\/uvbbrasil.com.br\/wp-content\/uploads\/2022\/06\/WhatsApp-Image-2022-06-30-at-15.57.11.jpeg 960w\" sizes=\"(max-width: 225px) 100vw, 225px\" \/><\/p>\n","protected":false},"excerpt":{"rendered":"<p>O professor Jo\u00e3o Maria de Lima, Presidente da Associa\u00e7\u00e3o Potiguar das Escolas Legislativas (ASPEL), Diretor da Escola da Assembleia do&#8230;<\/p>\n","protected":false},"author":1,"featured_media":26386,"comment_status":"open","ping_status":"open","sticky":false,"template":"","format":"standard","meta":{"footnotes":""},"categories":[3,4],"tags":[],"class_list":["post-26383","post","type-post","status-publish","format-standard","has-post-thumbnail","hentry","category-noticias","category-home"],"yoast_head":"<!-- This site is optimized with the Yoast SEO plugin v26.7 - https:\/\/yoast.com\/wordpress\/plugins\/seo\/ -->\n<title>\u00a0Escola Legislativa e\u00a0 Cidadania - UVB Brasil<\/title>\n<meta name=\"robots\" content=\"index, follow, max-snippet:-1, max-image-preview:large, max-video-preview:-1\" \/>\n<link rel=\"canonical\" href=\"https:\/\/uvbbrasil.com.br\/escola-legislativa-e-cidadania\/\" \/>\n<meta property=\"og:locale\" content=\"pt_BR\" \/>\n<meta property=\"og:type\" content=\"article\" \/>\n<meta property=\"og:title\" content=\"\u00a0Escola Legislativa e\u00a0 Cidadania - UVB Brasil\" \/>\n<meta property=\"og:description\" content=\"O professor Jo\u00e3o Maria de Lima, Presidente da Associa\u00e7\u00e3o Potiguar das Escolas Legislativas (ASPEL), Diretor da Escola da Assembleia do...\" \/>\n<meta property=\"og:url\" content=\"https:\/\/uvbbrasil.com.br\/escola-legislativa-e-cidadania\/\" \/>\n<meta property=\"og:site_name\" content=\"UVB Brasil\" \/>\n<meta property=\"article:publisher\" content=\"https:\/\/www.facebook.com\/uvb.vereadoresbrasil\" \/>\n<meta property=\"article:published_time\" content=\"2022-06-30T19:20:37+00:00\" \/>\n<meta property=\"og:image\" content=\"https:\/\/uvbbrasil.com.br\/wp-content\/uploads\/2022\/06\/WhatsApp-Image-2022-06-30-at-15.56.17-1.jpeg\" \/>\n\t<meta property=\"og:image:width\" content=\"1600\" \/>\n\t<meta property=\"og:image:height\" content=\"900\" \/>\n\t<meta property=\"og:image:type\" content=\"image\/jpeg\" \/>\n<meta name=\"author\" content=\"adminuvb\" \/>\n<meta name=\"twitter:card\" content=\"summary_large_image\" \/>\n<meta name=\"twitter:label1\" content=\"Escrito por\" \/>\n\t<meta name=\"twitter:data1\" content=\"adminuvb\" \/>\n\t<meta name=\"twitter:label2\" content=\"Est. tempo de leitura\" \/>\n\t<meta name=\"twitter:data2\" content=\"2 minutos\" \/>\n<script type=\"application\/ld+json\" class=\"yoast-schema-graph\">{\"@context\":\"https:\/\/schema.org\",\"@graph\":[{\"@type\":\"Article\",\"@id\":\"https:\/\/uvbbrasil.com.br\/escola-legislativa-e-cidadania\/#article\",\"isPartOf\":{\"@id\":\"https:\/\/uvbbrasil.com.br\/escola-legislativa-e-cidadania\/\"},\"author\":{\"name\":\"adminuvb\",\"@id\":\"https:\/\/uvbbrasil.com.br\/#\/schema\/person\/17990098446c098f52effddff4f1b272\"},\"headline\":\"\u00a0Escola Legislativa e\u00a0 Cidadania\",\"datePublished\":\"2022-06-30T19:20:37+00:00\",\"mainEntityOfPage\":{\"@id\":\"https:\/\/uvbbrasil.com.br\/escola-legislativa-e-cidadania\/\"},\"wordCount\":263,\"commentCount\":0,\"publisher\":{\"@id\":\"https:\/\/uvbbrasil.com.br\/#organization\"},\"image\":{\"@id\":\"https:\/\/uvbbrasil.com.br\/escola-legislativa-e-cidadania\/#primaryimage\"},\"thumbnailUrl\":\"https:\/\/uvbbrasil.com.br\/wp-content\/uploads\/2022\/06\/WhatsApp-Image-2022-06-30-at-15.56.17-1.jpeg\",\"articleSection\":[\"NOT\u00cdCIAS\",\"UVB\"],\"inLanguage\":\"pt-BR\",\"potentialAction\":[{\"@type\":\"CommentAction\",\"name\":\"Comment\",\"target\":[\"https:\/\/uvbbrasil.com.br\/escola-legislativa-e-cidadania\/#respond\"]}]},{\"@type\":\"WebPage\",\"@id\":\"https:\/\/uvbbrasil.com.br\/escola-legislativa-e-cidadania\/\",\"url\":\"https:\/\/uvbbrasil.com.br\/escola-legislativa-e-cidadania\/\",\"name\":\"\u00a0Escola Legislativa e\u00a0 Cidadania - UVB Brasil\",\"isPartOf\":{\"@id\":\"https:\/\/uvbbrasil.com.br\/#website\"},\"primaryImageOfPage\":{\"@id\":\"https:\/\/uvbbrasil.com.br\/escola-legislativa-e-cidadania\/#primaryimage\"},\"image\":{\"@id\":\"https:\/\/uvbbrasil.com.br\/escola-legislativa-e-cidadania\/#primaryimage\"},\"thumbnailUrl\":\"https:\/\/uvbbrasil.com.br\/wp-content\/uploads\/2022\/06\/WhatsApp-Image-2022-06-30-at-15.56.17-1.jpeg\",\"datePublished\":\"2022-06-30T19:20:37+00:00\",\"breadcrumb\":{\"@id\":\"https:\/\/uvbbrasil.com.br\/escola-legislativa-e-cidadania\/#breadcrumb\"},\"inLanguage\":\"pt-BR\",\"potentialAction\":[{\"@type\":\"ReadAction\",\"target\":[\"https:\/\/uvbbrasil.com.br\/escola-legislativa-e-cidadania\/\"]}]},{\"@type\":\"ImageObject\",\"inLanguage\":\"pt-BR\",\"@id\":\"https:\/\/uvbbrasil.com.br\/escola-legislativa-e-cidadania\/#primaryimage\",\"url\":\"https:\/\/uvbbrasil.com.br\/wp-content\/uploads\/2022\/06\/WhatsApp-Image-2022-06-30-at-15.56.17-1.jpeg\",\"contentUrl\":\"https:\/\/uvbbrasil.com.br\/wp-content\/uploads\/2022\/06\/WhatsApp-Image-2022-06-30-at-15.56.17-1.jpeg\",\"width\":1600,\"height\":900},{\"@type\":\"BreadcrumbList\",\"@id\":\"https:\/\/uvbbrasil.com.br\/escola-legislativa-e-cidadania\/#breadcrumb\",\"itemListElement\":[{\"@type\":\"ListItem\",\"position\":1,\"name\":\"In\u00edcio\",\"item\":\"https:\/\/uvbbrasil.com.br\/\"},{\"@type\":\"ListItem\",\"position\":2,\"name\":\"\u00a0Escola Legislativa e\u00a0 Cidadania\"}]},{\"@type\":\"WebSite\",\"@id\":\"https:\/\/uvbbrasil.com.br\/#website\",\"url\":\"https:\/\/uvbbrasil.com.br\/\",\"name\":\"UVB Brasil\",\"description\":\"Uni\u00e3o dos Vereadores do Brasil\",\"publisher\":{\"@id\":\"https:\/\/uvbbrasil.com.br\/#organization\"},\"potentialAction\":[{\"@type\":\"SearchAction\",\"target\":{\"@type\":\"EntryPoint\",\"urlTemplate\":\"https:\/\/uvbbrasil.com.br\/?s={search_term_string}\"},\"query-input\":{\"@type\":\"PropertyValueSpecification\",\"valueRequired\":true,\"valueName\":\"search_term_string\"}}],\"inLanguage\":\"pt-BR\"},{\"@type\":\"Organization\",\"@id\":\"https:\/\/uvbbrasil.com.br\/#organization\",\"name\":\"UVB Brasil\",\"url\":\"https:\/\/uvbbrasil.com.br\/\",\"logo\":{\"@type\":\"ImageObject\",\"inLanguage\":\"pt-BR\",\"@id\":\"https:\/\/uvbbrasil.com.br\/#\/schema\/logo\/image\/\",\"url\":\"https:\/\/uvbbrasil.com.br\/wp-content\/uploads\/2025\/01\/LOGO-UVB-2024-azul-1.jpg\",\"contentUrl\":\"https:\/\/uvbbrasil.com.br\/wp-content\/uploads\/2025\/01\/LOGO-UVB-2024-azul-1.jpg\",\"width\":600,\"height\":211,\"caption\":\"UVB Brasil\"},\"image\":{\"@id\":\"https:\/\/uvbbrasil.com.br\/#\/schema\/logo\/image\/\"},\"sameAs\":[\"https:\/\/www.facebook.com\/uvb.vereadoresbrasil\",\"https:\/\/www.instagram.com\/uvbbrasil\/\",\"https:\/\/www.youtube.com\/channel\/UCIlPQ8Xzw5GHNzosQIg9S5A\"]},{\"@type\":\"Person\",\"@id\":\"https:\/\/uvbbrasil.com.br\/#\/schema\/person\/17990098446c098f52effddff4f1b272\",\"name\":\"adminuvb\",\"image\":{\"@type\":\"ImageObject\",\"inLanguage\":\"pt-BR\",\"@id\":\"https:\/\/uvbbrasil.com.br\/#\/schema\/person\/image\/\",\"url\":\"https:\/\/secure.gravatar.com\/avatar\/1a494ea6f8e2dd1ae526e55b0e9497efdba542491e0620d704cccf63c6f77c45?s=96&d=mm&r=g\",\"contentUrl\":\"https:\/\/secure.gravatar.com\/avatar\/1a494ea6f8e2dd1ae526e55b0e9497efdba542491e0620d704cccf63c6f77c45?s=96&d=mm&r=g\",\"caption\":\"adminuvb\"},\"sameAs\":[\"https:\/\/uvbbrasil.com.br\"],\"url\":\"https:\/\/uvbbrasil.com.br\/author\/adminuvb\/\"}]}<\/script>\n<!-- \/ Yoast SEO plugin. -->","yoast_head_json":{"title":"\u00a0Escola Legislativa e\u00a0 Cidadania - UVB Brasil","robots":{"index":"index","follow":"follow","max-snippet":"max-snippet:-1","max-image-preview":"max-image-preview:large","max-video-preview":"max-video-preview:-1"},"canonical":"https:\/\/uvbbrasil.com.br\/escola-legislativa-e-cidadania\/","og_locale":"pt_BR","og_type":"article","og_title":"\u00a0Escola Legislativa e\u00a0 Cidadania - UVB Brasil","og_description":"O professor Jo\u00e3o Maria de Lima, Presidente da Associa\u00e7\u00e3o Potiguar das Escolas Legislativas (ASPEL), Diretor da Escola da Assembleia do...","og_url":"https:\/\/uvbbrasil.com.br\/escola-legislativa-e-cidadania\/","og_site_name":"UVB Brasil","article_publisher":"https:\/\/www.facebook.com\/uvb.vereadoresbrasil","article_published_time":"2022-06-30T19:20:37+00:00","og_image":[{"width":1600,"height":900,"url":"https:\/\/uvbbrasil.com.br\/wp-content\/uploads\/2022\/06\/WhatsApp-Image-2022-06-30-at-15.56.17-1.jpeg","type":"image\/jpeg"}],"author":"adminuvb","twitter_card":"summary_large_image","twitter_misc":{"Escrito por":"adminuvb","Est. tempo de leitura":"2 minutos"},"schema":{"@context":"https:\/\/schema.org","@graph":[{"@type":"Article","@id":"https:\/\/uvbbrasil.com.br\/escola-legislativa-e-cidadania\/#article","isPartOf":{"@id":"https:\/\/uvbbrasil.com.br\/escola-legislativa-e-cidadania\/"},"author":{"name":"adminuvb","@id":"https:\/\/uvbbrasil.com.br\/#\/schema\/person\/17990098446c098f52effddff4f1b272"},"headline":"\u00a0Escola Legislativa e\u00a0 Cidadania","datePublished":"2022-06-30T19:20:37+00:00","mainEntityOfPage":{"@id":"https:\/\/uvbbrasil.com.br\/escola-legislativa-e-cidadania\/"},"wordCount":263,"commentCount":0,"publisher":{"@id":"https:\/\/uvbbrasil.com.br\/#organization"},"image":{"@id":"https:\/\/uvbbrasil.com.br\/escola-legislativa-e-cidadania\/#primaryimage"},"thumbnailUrl":"https:\/\/uvbbrasil.com.br\/wp-content\/uploads\/2022\/06\/WhatsApp-Image-2022-06-30-at-15.56.17-1.jpeg","articleSection":["NOT\u00cdCIAS","UVB"],"inLanguage":"pt-BR","potentialAction":[{"@type":"CommentAction","name":"Comment","target":["https:\/\/uvbbrasil.com.br\/escola-legislativa-e-cidadania\/#respond"]}]},{"@type":"WebPage","@id":"https:\/\/uvbbrasil.com.br\/escola-legislativa-e-cidadania\/","url":"https:\/\/uvbbrasil.com.br\/escola-legislativa-e-cidadania\/","name":"\u00a0Escola Legislativa e\u00a0 Cidadania - UVB Brasil","isPartOf":{"@id":"https:\/\/uvbbrasil.com.br\/#website"},"primaryImageOfPage":{"@id":"https:\/\/uvbbrasil.com.br\/escola-legislativa-e-cidadania\/#primaryimage"},"image":{"@id":"https:\/\/uvbbrasil.com.br\/escola-legislativa-e-cidadania\/#primaryimage"},"thumbnailUrl":"https:\/\/uvbbrasil.com.br\/wp-content\/uploads\/2022\/06\/WhatsApp-Image-2022-06-30-at-15.56.17-1.jpeg","datePublished":"2022-06-30T19:20:37+00:00","breadcrumb":{"@id":"https:\/\/uvbbrasil.com.br\/escola-legislativa-e-cidadania\/#breadcrumb"},"inLanguage":"pt-BR","potentialAction":[{"@type":"ReadAction","target":["https:\/\/uvbbrasil.com.br\/escola-legislativa-e-cidadania\/"]}]},{"@type":"ImageObject","inLanguage":"pt-BR","@id":"https:\/\/uvbbrasil.com.br\/escola-legislativa-e-cidadania\/#primaryimage","url":"https:\/\/uvbbrasil.com.br\/wp-content\/uploads\/2022\/06\/WhatsApp-Image-2022-06-30-at-15.56.17-1.jpeg","contentUrl":"https:\/\/uvbbrasil.com.br\/wp-content\/uploads\/2022\/06\/WhatsApp-Image-2022-06-30-at-15.56.17-1.jpeg","width":1600,"height":900},{"@type":"BreadcrumbList","@id":"https:\/\/uvbbrasil.com.br\/escola-legislativa-e-cidadania\/#breadcrumb","itemListElement":[{"@type":"ListItem","position":1,"name":"In\u00edcio","item":"https:\/\/uvbbrasil.com.br\/"},{"@type":"ListItem","position":2,"name":"\u00a0Escola Legislativa e\u00a0 Cidadania"}]},{"@type":"WebSite","@id":"https:\/\/uvbbrasil.com.br\/#website","url":"https:\/\/uvbbrasil.com.br\/","name":"UVB Brasil","description":"Uni\u00e3o dos Vereadores do Brasil","publisher":{"@id":"https:\/\/uvbbrasil.com.br\/#organization"},"potentialAction":[{"@type":"SearchAction","target":{"@type":"EntryPoint","urlTemplate":"https:\/\/uvbbrasil.com.br\/?s={search_term_string}"},"query-input":{"@type":"PropertyValueSpecification","valueRequired":true,"valueName":"search_term_string"}}],"inLanguage":"pt-BR"},{"@type":"Organization","@id":"https:\/\/uvbbrasil.com.br\/#organization","name":"UVB Brasil","url":"https:\/\/uvbbrasil.com.br\/","logo":{"@type":"ImageObject","inLanguage":"pt-BR","@id":"https:\/\/uvbbrasil.com.br\/#\/schema\/logo\/image\/","url":"https:\/\/uvbbrasil.com.br\/wp-content\/uploads\/2025\/01\/LOGO-UVB-2024-azul-1.jpg","contentUrl":"https:\/\/uvbbrasil.com.br\/wp-content\/uploads\/2025\/01\/LOGO-UVB-2024-azul-1.jpg","width":600,"height":211,"caption":"UVB Brasil"},"image":{"@id":"https:\/\/uvbbrasil.com.br\/#\/schema\/logo\/image\/"},"sameAs":["https:\/\/www.facebook.com\/uvb.vereadoresbrasil","https:\/\/www.instagram.com\/uvbbrasil\/","https:\/\/www.youtube.com\/channel\/UCIlPQ8Xzw5GHNzosQIg9S5A"]},{"@type":"Person","@id":"https:\/\/uvbbrasil.com.br\/#\/schema\/person\/17990098446c098f52effddff4f1b272","name":"adminuvb","image":{"@type":"ImageObject","inLanguage":"pt-BR","@id":"https:\/\/uvbbrasil.com.br\/#\/schema\/person\/image\/","url":"https:\/\/secure.gravatar.com\/avatar\/1a494ea6f8e2dd1ae526e55b0e9497efdba542491e0620d704cccf63c6f77c45?s=96&d=mm&r=g","contentUrl":"https:\/\/secure.gravatar.com\/avatar\/1a494ea6f8e2dd1ae526e55b0e9497efdba542491e0620d704cccf63c6f77c45?s=96&d=mm&r=g","caption":"adminuvb"},"sameAs":["https:\/\/uvbbrasil.com.br"],"url":"https:\/\/uvbbrasil.com.br\/author\/adminuvb\/"}]}},"_links":{"self":[{"href":"https:\/\/uvbbrasil.com.br\/uvb-json\/wp\/v2\/posts\/26383","targetHints":{"allow":["GET"]}}],"collection":[{"href":"https:\/\/uvbbrasil.com.br\/uvb-json\/wp\/v2\/posts"}],"about":[{"href":"https:\/\/uvbbrasil.com.br\/uvb-json\/wp\/v2\/types\/post"}],"author":[{"embeddable":true,"href":"https:\/\/uvbbrasil.com.br\/uvb-json\/wp\/v2\/users\/1"}],"replies":[{"embeddable":true,"href":"https:\/\/uvbbrasil.com.br\/uvb-json\/wp\/v2\/comments?post=26383"}],"version-history":[{"count":0,"href":"https:\/\/uvbbrasil.com.br\/uvb-json\/wp\/v2\/posts\/26383\/revisions"}],"wp:featuredmedia":[{"embeddable":true,"href":"https:\/\/uvbbrasil.com.br\/uvb-json\/wp\/v2\/media\/26386"}],"wp:attachment":[{"href":"https:\/\/uvbbrasil.com.br\/uvb-json\/wp\/v2\/media?parent=26383"}],"wp:term":[{"taxonomy":"category","embeddable":true,"href":"https:\/\/uvbbrasil.com.br\/uvb-json\/wp\/v2\/categories?post=26383"},{"taxonomy":"post_tag","embeddable":true,"href":"https:\/\/uvbbrasil.com.br\/uvb-json\/wp\/v2\/tags?post=26383"}],"curies":[{"name":"wp","href":"https:\/\/api.w.org\/{rel}","templated":true}]}}