{"id":26324,"date":"2022-06-28T14:47:08","date_gmt":"2022-06-28T17:47:08","guid":{"rendered":"https:\/\/wpsandbox4.pante.com.br\/?p=26324"},"modified":"2022-06-28T14:47:08","modified_gmt":"2022-06-28T17:47:08","slug":"suplente-assume-vaga-no-legislativo-de-chapeco-sc","status":"publish","type":"post","link":"https:\/\/uvbbrasil.com.br\/suplente-assume-vaga-no-legislativo-de-chapeco-sc\/","title":{"rendered":"Suplente assume vaga no Legislativo de Chapec\u00f3\/SC"},"content":{"rendered":"<div id=\"mostra_imagem_pq_5289\"><\/div>\n<div>\n<div>\n<div class=\"edit\">\n<p align=\"justify\">O suplente de vereador Juscemar Pav\u00e3o (PSD), tomou posse na tarde desta quarta-feira (22), no plen\u00e1rio do Legislativo de Chapec\u00f3. O ato aconteceu em fun\u00e7\u00e3o da licen\u00e7a do vereador Mauro Zandavalli (PSD), que assumiu pasta no Executivo Municipal.<\/p>\n<p align=\"justify\">Juscemar Pav\u00e3o assumiu a fun\u00e7\u00e3o de vereador pela primeira vez e, nas elei\u00e7\u00f5es municipais de 2020, obteve 422 votos. Natural de Caxambu do Sul, o vereador tem 53 anos e em 1984 iniciou suas atividades profissionais como frentista de posto de combust\u00edvel. Em 2001, foi eleito presidente do Sindicato dos Trabalhadores nas Empresas Revendedoras de Combust\u00edvel, Derivados de Petr\u00f3leo, Servi\u00e7os de Lavagens de Ve\u00edculos e estacionamentos de vias p\u00fablicas de Chapec\u00f3, Regi\u00e3o Oeste, Meio Oeste e Norte Catarinense (Sitercomoc), cargo em que permanece atualmente.<\/p>\n<p align=\"justify\">Exerceu atividades junto a C\u00e2mara Municipal de Chapec\u00f3, Assembleia Legislativa de Santa Catarina, e diretor de Tributos na Prefeitura Chapec\u00f3. \u201cSempre me coloquei \u00e0 disposi\u00e7\u00e3o na fun\u00e7\u00e3o de l\u00edder comunit\u00e1rio e \u00e9 dessa forma, que vou trabalhar apresentando proposi\u00e7\u00f5es que possam beneficiar a popula\u00e7\u00e3o chapecoense\u201d, destacou Pav\u00e3o.<\/p>\n<\/div>\n<\/div>\n<p align=\"justify\"><img fetchpriority=\"high\" decoding=\"async\" class=\"alignnone size-medium wp-image-26325\" src=\"https:\/\/uvbbrasil.com.br\/wp-content\/uploads\/2022\/06\/show_image-300x200.jpg\" alt=\"\" width=\"300\" height=\"200\" srcset=\"https:\/\/uvbbrasil.com.br\/wp-content\/uploads\/2022\/06\/show_image-300x200.jpg 300w, https:\/\/uvbbrasil.com.br\/wp-content\/uploads\/2022\/06\/show_image.jpg 555w\" sizes=\"(max-width: 300px) 100vw, 300px\" \/><\/p>\n<p align=\"justify\">fonte:<a href=\"http:\/\/www.cmc.sc.gov.br\/cmc\/noticias-\">http:\/\/www.cmc.sc.gov.br\/cmc\/noticias-<\/a><\/p>\n<\/div>\n","protected":false},"excerpt":{"rendered":"<p>O suplente de vereador Juscemar Pav\u00e3o (PSD), tomou posse na tarde desta quarta-feira (22), no plen\u00e1rio do Legislativo de Chapec\u00f3&#8230;.<\/p>\n","protected":false},"author":1,"featured_media":26325,"comment_status":"open","ping_status":"open","sticky":false,"template":"","format":"standard","meta":{"footnotes":""},"categories":[3],"tags":[],"class_list":["post-26324","post","type-post","status-publish","format-standard","has-post-thumbnail","hentry","category-noticias"],"yoast_head":"<!-- This site is optimized with the Yoast SEO plugin v26.7 - https:\/\/yoast.com\/wordpress\/plugins\/seo\/ -->\n<title>Suplente assume vaga no Legislativo de Chapec\u00f3\/SC - UVB Brasil<\/title>\n<meta name=\"robots\" content=\"index, follow, max-snippet:-1, max-image-preview:large, max-video-preview:-1\" \/>\n<link rel=\"canonical\" href=\"https:\/\/uvbbrasil.com.br\/suplente-assume-vaga-no-legislativo-de-chapeco-sc\/\" \/>\n<meta property=\"og:locale\" content=\"pt_BR\" \/>\n<meta property=\"og:type\" content=\"article\" \/>\n<meta property=\"og:title\" content=\"Suplente assume vaga no Legislativo de Chapec\u00f3\/SC - UVB Brasil\" \/>\n<meta property=\"og:description\" content=\"O suplente de vereador Juscemar Pav\u00e3o (PSD), tomou posse na tarde desta quarta-feira (22), no plen\u00e1rio do Legislativo de Chapec\u00f3....\" \/>\n<meta property=\"og:url\" content=\"https:\/\/uvbbrasil.com.br\/suplente-assume-vaga-no-legislativo-de-chapeco-sc\/\" \/>\n<meta property=\"og:site_name\" content=\"UVB Brasil\" \/>\n<meta property=\"article:publisher\" content=\"https:\/\/www.facebook.com\/uvb.vereadoresbrasil\" \/>\n<meta property=\"article:published_time\" content=\"2022-06-28T17:47:08+00:00\" \/>\n<meta property=\"og:image\" content=\"https:\/\/uvbbrasil.com.br\/wp-content\/uploads\/2022\/06\/show_image.jpg\" \/>\n\t<meta property=\"og:image:width\" content=\"555\" \/>\n\t<meta property=\"og:image:height\" content=\"370\" \/>\n\t<meta property=\"og:image:type\" content=\"image\/jpeg\" \/>\n<meta name=\"author\" content=\"adminuvb\" \/>\n<meta name=\"twitter:card\" content=\"summary_large_image\" \/>\n<meta name=\"twitter:label1\" content=\"Escrito por\" \/>\n\t<meta name=\"twitter:data1\" content=\"adminuvb\" \/>\n\t<meta name=\"twitter:label2\" content=\"Est. tempo de leitura\" \/>\n\t<meta name=\"twitter:data2\" content=\"1 minuto\" \/>\n<script type=\"application\/ld+json\" class=\"yoast-schema-graph\">{\"@context\":\"https:\/\/schema.org\",\"@graph\":[{\"@type\":\"Article\",\"@id\":\"https:\/\/uvbbrasil.com.br\/suplente-assume-vaga-no-legislativo-de-chapeco-sc\/#article\",\"isPartOf\":{\"@id\":\"https:\/\/uvbbrasil.com.br\/suplente-assume-vaga-no-legislativo-de-chapeco-sc\/\"},\"author\":{\"name\":\"adminuvb\",\"@id\":\"https:\/\/uvbbrasil.com.br\/#\/schema\/person\/17990098446c098f52effddff4f1b272\"},\"headline\":\"Suplente assume vaga no Legislativo de Chapec\u00f3\/SC\",\"datePublished\":\"2022-06-28T17:47:08+00:00\",\"mainEntityOfPage\":{\"@id\":\"https:\/\/uvbbrasil.com.br\/suplente-assume-vaga-no-legislativo-de-chapeco-sc\/\"},\"wordCount\":200,\"commentCount\":0,\"publisher\":{\"@id\":\"https:\/\/uvbbrasil.com.br\/#organization\"},\"image\":{\"@id\":\"https:\/\/uvbbrasil.com.br\/suplente-assume-vaga-no-legislativo-de-chapeco-sc\/#primaryimage\"},\"thumbnailUrl\":\"https:\/\/uvbbrasil.com.br\/wp-content\/uploads\/2022\/06\/show_image.jpg\",\"articleSection\":[\"NOT\u00cdCIAS\"],\"inLanguage\":\"pt-BR\",\"potentialAction\":[{\"@type\":\"CommentAction\",\"name\":\"Comment\",\"target\":[\"https:\/\/uvbbrasil.com.br\/suplente-assume-vaga-no-legislativo-de-chapeco-sc\/#respond\"]}]},{\"@type\":\"WebPage\",\"@id\":\"https:\/\/uvbbrasil.com.br\/suplente-assume-vaga-no-legislativo-de-chapeco-sc\/\",\"url\":\"https:\/\/uvbbrasil.com.br\/suplente-assume-vaga-no-legislativo-de-chapeco-sc\/\",\"name\":\"Suplente assume vaga no Legislativo de Chapec\u00f3\/SC - UVB Brasil\",\"isPartOf\":{\"@id\":\"https:\/\/uvbbrasil.com.br\/#website\"},\"primaryImageOfPage\":{\"@id\":\"https:\/\/uvbbrasil.com.br\/suplente-assume-vaga-no-legislativo-de-chapeco-sc\/#primaryimage\"},\"image\":{\"@id\":\"https:\/\/uvbbrasil.com.br\/suplente-assume-vaga-no-legislativo-de-chapeco-sc\/#primaryimage\"},\"thumbnailUrl\":\"https:\/\/uvbbrasil.com.br\/wp-content\/uploads\/2022\/06\/show_image.jpg\",\"datePublished\":\"2022-06-28T17:47:08+00:00\",\"breadcrumb\":{\"@id\":\"https:\/\/uvbbrasil.com.br\/suplente-assume-vaga-no-legislativo-de-chapeco-sc\/#breadcrumb\"},\"inLanguage\":\"pt-BR\",\"potentialAction\":[{\"@type\":\"ReadAction\",\"target\":[\"https:\/\/uvbbrasil.com.br\/suplente-assume-vaga-no-legislativo-de-chapeco-sc\/\"]}]},{\"@type\":\"ImageObject\",\"inLanguage\":\"pt-BR\",\"@id\":\"https:\/\/uvbbrasil.com.br\/suplente-assume-vaga-no-legislativo-de-chapeco-sc\/#primaryimage\",\"url\":\"https:\/\/uvbbrasil.com.br\/wp-content\/uploads\/2022\/06\/show_image.jpg\",\"contentUrl\":\"https:\/\/uvbbrasil.com.br\/wp-content\/uploads\/2022\/06\/show_image.jpg\",\"width\":555,\"height\":370},{\"@type\":\"BreadcrumbList\",\"@id\":\"https:\/\/uvbbrasil.com.br\/suplente-assume-vaga-no-legislativo-de-chapeco-sc\/#breadcrumb\",\"itemListElement\":[{\"@type\":\"ListItem\",\"position\":1,\"name\":\"In\u00edcio\",\"item\":\"https:\/\/uvbbrasil.com.br\/\"},{\"@type\":\"ListItem\",\"position\":2,\"name\":\"Suplente assume vaga no Legislativo de Chapec\u00f3\/SC\"}]},{\"@type\":\"WebSite\",\"@id\":\"https:\/\/uvbbrasil.com.br\/#website\",\"url\":\"https:\/\/uvbbrasil.com.br\/\",\"name\":\"UVB Brasil\",\"description\":\"Uni\u00e3o dos Vereadores do Brasil\",\"publisher\":{\"@id\":\"https:\/\/uvbbrasil.com.br\/#organization\"},\"potentialAction\":[{\"@type\":\"SearchAction\",\"target\":{\"@type\":\"EntryPoint\",\"urlTemplate\":\"https:\/\/uvbbrasil.com.br\/?s={search_term_string}\"},\"query-input\":{\"@type\":\"PropertyValueSpecification\",\"valueRequired\":true,\"valueName\":\"search_term_string\"}}],\"inLanguage\":\"pt-BR\"},{\"@type\":\"Organization\",\"@id\":\"https:\/\/uvbbrasil.com.br\/#organization\",\"name\":\"UVB Brasil\",\"url\":\"https:\/\/uvbbrasil.com.br\/\",\"logo\":{\"@type\":\"ImageObject\",\"inLanguage\":\"pt-BR\",\"@id\":\"https:\/\/uvbbrasil.com.br\/#\/schema\/logo\/image\/\",\"url\":\"https:\/\/uvbbrasil.com.br\/wp-content\/uploads\/2025\/01\/LOGO-UVB-2024-azul-1.jpg\",\"contentUrl\":\"https:\/\/uvbbrasil.com.br\/wp-content\/uploads\/2025\/01\/LOGO-UVB-2024-azul-1.jpg\",\"width\":600,\"height\":211,\"caption\":\"UVB Brasil\"},\"image\":{\"@id\":\"https:\/\/uvbbrasil.com.br\/#\/schema\/logo\/image\/\"},\"sameAs\":[\"https:\/\/www.facebook.com\/uvb.vereadoresbrasil\",\"https:\/\/www.instagram.com\/uvbbrasil\/\",\"https:\/\/www.youtube.com\/channel\/UCIlPQ8Xzw5GHNzosQIg9S5A\"]},{\"@type\":\"Person\",\"@id\":\"https:\/\/uvbbrasil.com.br\/#\/schema\/person\/17990098446c098f52effddff4f1b272\",\"name\":\"adminuvb\",\"image\":{\"@type\":\"ImageObject\",\"inLanguage\":\"pt-BR\",\"@id\":\"https:\/\/uvbbrasil.com.br\/#\/schema\/person\/image\/\",\"url\":\"https:\/\/secure.gravatar.com\/avatar\/1a494ea6f8e2dd1ae526e55b0e9497efdba542491e0620d704cccf63c6f77c45?s=96&d=mm&r=g\",\"contentUrl\":\"https:\/\/secure.gravatar.com\/avatar\/1a494ea6f8e2dd1ae526e55b0e9497efdba542491e0620d704cccf63c6f77c45?s=96&d=mm&r=g\",\"caption\":\"adminuvb\"},\"sameAs\":[\"https:\/\/uvbbrasil.com.br\"],\"url\":\"https:\/\/uvbbrasil.com.br\/author\/adminuvb\/\"}]}<\/script>\n<!-- \/ Yoast SEO plugin. -->","yoast_head_json":{"title":"Suplente assume vaga no Legislativo de Chapec\u00f3\/SC - UVB Brasil","robots":{"index":"index","follow":"follow","max-snippet":"max-snippet:-1","max-image-preview":"max-image-preview:large","max-video-preview":"max-video-preview:-1"},"canonical":"https:\/\/uvbbrasil.com.br\/suplente-assume-vaga-no-legislativo-de-chapeco-sc\/","og_locale":"pt_BR","og_type":"article","og_title":"Suplente assume vaga no Legislativo de Chapec\u00f3\/SC - UVB Brasil","og_description":"O suplente de vereador Juscemar Pav\u00e3o (PSD), tomou posse na tarde desta quarta-feira (22), no plen\u00e1rio do Legislativo de Chapec\u00f3....","og_url":"https:\/\/uvbbrasil.com.br\/suplente-assume-vaga-no-legislativo-de-chapeco-sc\/","og_site_name":"UVB Brasil","article_publisher":"https:\/\/www.facebook.com\/uvb.vereadoresbrasil","article_published_time":"2022-06-28T17:47:08+00:00","og_image":[{"width":555,"height":370,"url":"https:\/\/uvbbrasil.com.br\/wp-content\/uploads\/2022\/06\/show_image.jpg","type":"image\/jpeg"}],"author":"adminuvb","twitter_card":"summary_large_image","twitter_misc":{"Escrito por":"adminuvb","Est. tempo de leitura":"1 minuto"},"schema":{"@context":"https:\/\/schema.org","@graph":[{"@type":"Article","@id":"https:\/\/uvbbrasil.com.br\/suplente-assume-vaga-no-legislativo-de-chapeco-sc\/#article","isPartOf":{"@id":"https:\/\/uvbbrasil.com.br\/suplente-assume-vaga-no-legislativo-de-chapeco-sc\/"},"author":{"name":"adminuvb","@id":"https:\/\/uvbbrasil.com.br\/#\/schema\/person\/17990098446c098f52effddff4f1b272"},"headline":"Suplente assume vaga no Legislativo de Chapec\u00f3\/SC","datePublished":"2022-06-28T17:47:08+00:00","mainEntityOfPage":{"@id":"https:\/\/uvbbrasil.com.br\/suplente-assume-vaga-no-legislativo-de-chapeco-sc\/"},"wordCount":200,"commentCount":0,"publisher":{"@id":"https:\/\/uvbbrasil.com.br\/#organization"},"image":{"@id":"https:\/\/uvbbrasil.com.br\/suplente-assume-vaga-no-legislativo-de-chapeco-sc\/#primaryimage"},"thumbnailUrl":"https:\/\/uvbbrasil.com.br\/wp-content\/uploads\/2022\/06\/show_image.jpg","articleSection":["NOT\u00cdCIAS"],"inLanguage":"pt-BR","potentialAction":[{"@type":"CommentAction","name":"Comment","target":["https:\/\/uvbbrasil.com.br\/suplente-assume-vaga-no-legislativo-de-chapeco-sc\/#respond"]}]},{"@type":"WebPage","@id":"https:\/\/uvbbrasil.com.br\/suplente-assume-vaga-no-legislativo-de-chapeco-sc\/","url":"https:\/\/uvbbrasil.com.br\/suplente-assume-vaga-no-legislativo-de-chapeco-sc\/","name":"Suplente assume vaga no Legislativo de Chapec\u00f3\/SC - UVB Brasil","isPartOf":{"@id":"https:\/\/uvbbrasil.com.br\/#website"},"primaryImageOfPage":{"@id":"https:\/\/uvbbrasil.com.br\/suplente-assume-vaga-no-legislativo-de-chapeco-sc\/#primaryimage"},"image":{"@id":"https:\/\/uvbbrasil.com.br\/suplente-assume-vaga-no-legislativo-de-chapeco-sc\/#primaryimage"},"thumbnailUrl":"https:\/\/uvbbrasil.com.br\/wp-content\/uploads\/2022\/06\/show_image.jpg","datePublished":"2022-06-28T17:47:08+00:00","breadcrumb":{"@id":"https:\/\/uvbbrasil.com.br\/suplente-assume-vaga-no-legislativo-de-chapeco-sc\/#breadcrumb"},"inLanguage":"pt-BR","potentialAction":[{"@type":"ReadAction","target":["https:\/\/uvbbrasil.com.br\/suplente-assume-vaga-no-legislativo-de-chapeco-sc\/"]}]},{"@type":"ImageObject","inLanguage":"pt-BR","@id":"https:\/\/uvbbrasil.com.br\/suplente-assume-vaga-no-legislativo-de-chapeco-sc\/#primaryimage","url":"https:\/\/uvbbrasil.com.br\/wp-content\/uploads\/2022\/06\/show_image.jpg","contentUrl":"https:\/\/uvbbrasil.com.br\/wp-content\/uploads\/2022\/06\/show_image.jpg","width":555,"height":370},{"@type":"BreadcrumbList","@id":"https:\/\/uvbbrasil.com.br\/suplente-assume-vaga-no-legislativo-de-chapeco-sc\/#breadcrumb","itemListElement":[{"@type":"ListItem","position":1,"name":"In\u00edcio","item":"https:\/\/uvbbrasil.com.br\/"},{"@type":"ListItem","position":2,"name":"Suplente assume vaga no Legislativo de Chapec\u00f3\/SC"}]},{"@type":"WebSite","@id":"https:\/\/uvbbrasil.com.br\/#website","url":"https:\/\/uvbbrasil.com.br\/","name":"UVB Brasil","description":"Uni\u00e3o dos Vereadores do Brasil","publisher":{"@id":"https:\/\/uvbbrasil.com.br\/#organization"},"potentialAction":[{"@type":"SearchAction","target":{"@type":"EntryPoint","urlTemplate":"https:\/\/uvbbrasil.com.br\/?s={search_term_string}"},"query-input":{"@type":"PropertyValueSpecification","valueRequired":true,"valueName":"search_term_string"}}],"inLanguage":"pt-BR"},{"@type":"Organization","@id":"https:\/\/uvbbrasil.com.br\/#organization","name":"UVB Brasil","url":"https:\/\/uvbbrasil.com.br\/","logo":{"@type":"ImageObject","inLanguage":"pt-BR","@id":"https:\/\/uvbbrasil.com.br\/#\/schema\/logo\/image\/","url":"https:\/\/uvbbrasil.com.br\/wp-content\/uploads\/2025\/01\/LOGO-UVB-2024-azul-1.jpg","contentUrl":"https:\/\/uvbbrasil.com.br\/wp-content\/uploads\/2025\/01\/LOGO-UVB-2024-azul-1.jpg","width":600,"height":211,"caption":"UVB Brasil"},"image":{"@id":"https:\/\/uvbbrasil.com.br\/#\/schema\/logo\/image\/"},"sameAs":["https:\/\/www.facebook.com\/uvb.vereadoresbrasil","https:\/\/www.instagram.com\/uvbbrasil\/","https:\/\/www.youtube.com\/channel\/UCIlPQ8Xzw5GHNzosQIg9S5A"]},{"@type":"Person","@id":"https:\/\/uvbbrasil.com.br\/#\/schema\/person\/17990098446c098f52effddff4f1b272","name":"adminuvb","image":{"@type":"ImageObject","inLanguage":"pt-BR","@id":"https:\/\/uvbbrasil.com.br\/#\/schema\/person\/image\/","url":"https:\/\/secure.gravatar.com\/avatar\/1a494ea6f8e2dd1ae526e55b0e9497efdba542491e0620d704cccf63c6f77c45?s=96&d=mm&r=g","contentUrl":"https:\/\/secure.gravatar.com\/avatar\/1a494ea6f8e2dd1ae526e55b0e9497efdba542491e0620d704cccf63c6f77c45?s=96&d=mm&r=g","caption":"adminuvb"},"sameAs":["https:\/\/uvbbrasil.com.br"],"url":"https:\/\/uvbbrasil.com.br\/author\/adminuvb\/"}]}},"_links":{"self":[{"href":"https:\/\/uvbbrasil.com.br\/uvb-json\/wp\/v2\/posts\/26324","targetHints":{"allow":["GET"]}}],"collection":[{"href":"https:\/\/uvbbrasil.com.br\/uvb-json\/wp\/v2\/posts"}],"about":[{"href":"https:\/\/uvbbrasil.com.br\/uvb-json\/wp\/v2\/types\/post"}],"author":[{"embeddable":true,"href":"https:\/\/uvbbrasil.com.br\/uvb-json\/wp\/v2\/users\/1"}],"replies":[{"embeddable":true,"href":"https:\/\/uvbbrasil.com.br\/uvb-json\/wp\/v2\/comments?post=26324"}],"version-history":[{"count":0,"href":"https:\/\/uvbbrasil.com.br\/uvb-json\/wp\/v2\/posts\/26324\/revisions"}],"wp:featuredmedia":[{"embeddable":true,"href":"https:\/\/uvbbrasil.com.br\/uvb-json\/wp\/v2\/media\/26325"}],"wp:attachment":[{"href":"https:\/\/uvbbrasil.com.br\/uvb-json\/wp\/v2\/media?parent=26324"}],"wp:term":[{"taxonomy":"category","embeddable":true,"href":"https:\/\/uvbbrasil.com.br\/uvb-json\/wp\/v2\/categories?post=26324"},{"taxonomy":"post_tag","embeddable":true,"href":"https:\/\/uvbbrasil.com.br\/uvb-json\/wp\/v2\/tags?post=26324"}],"curies":[{"name":"wp","href":"https:\/\/api.w.org\/{rel}","templated":true}]}}