{"id":26299,"date":"2022-07-19T10:10:46","date_gmt":"2022-07-19T13:10:46","guid":{"rendered":"https:\/\/wpsandbox4.pante.com.br\/?p=26299"},"modified":"2022-07-19T10:10:46","modified_gmt":"2022-07-19T13:10:46","slug":"confira-a-programacao-do-encontro-sao-miguel-do-gostoso-rn","status":"publish","type":"post","link":"https:\/\/uvbbrasil.com.br\/confira-a-programacao-do-encontro-sao-miguel-do-gostoso-rn\/","title":{"rendered":"RN: Confira a Programa\u00e7\u00e3o do Encontro em S\u00e3o Miguel do Gostoso"},"content":{"rendered":"<p>Encontro Nacional de Legislativos Municipais de 19 a 22 de Julho de 2022 na cidade de S\u00e3o Miguel do Gostoso\/RN.<\/p>\n<p style=\"text-align: center;\"><strong>PROGRAMA\u00c7\u00c3O<\/strong><\/p>\n<p>&nbsp;<\/p>\n<p><strong>DIA 19\/07 \u2013 TER\u00c7A \u2013 FEIRA<\/strong><\/p>\n<p>15h \u2013 Credenciamento<\/p>\n<p><strong>DIA 20\/07 \u2013 QUARTA \u2013 FEIRA<\/strong><\/p>\n<p>09h \u2013 Abertura Oficial<\/p>\n<p>10h- Manifesta\u00e7\u00f5es de autoridades e convidados<\/p>\n<p>11h- Participa\u00e7\u00e3o das Mulheres na Pol\u00edtica<\/p>\n<p>Cristiane Dantas- Deputada Estadual, Presidente da Frente Parlamentar da Mulher de AL\/RN<\/p>\n<p>12h \u2013 Intervalo para almo\u00e7o<\/p>\n<p>14h \u2013 Nuances e Detalhes do Processo Legislativo<\/p>\n<p>Aldo Ara\u00fajo, de Serra do Mel (RN), advogado especialista em Direito P\u00fablico, autor dos livros \u201cO Vereador e a CPI Municipal\u201d e \u201cA C\u00e2mara Municipal de A a Z\u201d. Assessor Jur\u00eddico de v\u00e1rias C\u00e2maras Municipais no Rio Grande do Norte.<\/p>\n<p>15h \u2013 O Papel do Vereador na Fiscaliza\u00e7\u00e3o das Contrata\u00e7\u00f5es P\u00fablicas<\/p>\n<p>Thiago Martins Guterres, Procurador Geral do Minist\u00e9rio P\u00fablico de Contas (TCE\/RN)<\/p>\n<p>17h \u2013 Encerramento<\/p>\n<p><strong>DIA 21\/07 \u2013 QUINTA \u2013 FEIRA<\/strong><\/p>\n<p>09h \u2013 Painel Mulheres na Pol\u00edtica<\/p>\n<p>Participa\u00e7\u00e3o de vereadoras e convidadas<\/p>\n<p>10h30 \u2013 Pacto Federativo e Cofinanciamento do SUAS-<\/p>\n<p>Paulo C\u00e9sar Martiniano, Secret\u00e1rio de Assist\u00eancia Social do Munic\u00edpio de S\u00e3o Miguel do Gostoso\/RN<\/p>\n<p>12h \u2013 Intervalo para almo\u00e7o<\/p>\n<p>14h \u2013 Mandato, Efici\u00eancia e Comunica\u00e7\u00e3o<\/p>\n<p>Junior Campos, Consultor Pol\u00edtico, membro da ABCOP, Especialista em Assessoria de e em Comunica\u00e7\u00e3o e Marketing Pol\u00edtico. Assessor de Comunica\u00e7\u00e3o em \u00d3rg\u00e3os P\u00fablicos. Idealizador do M\u00e9todo Orat\u00f3ria Humanizada. Palestrante. Dona In\u00eas\/PB<\/p>\n<p>15h \u2013 Improbidade Administrativa<\/p>\n<p>Felipe Cortez, advogado eleitoralista e presidente da COMISS\u00c3O ESPECIAL DE FISCALIZA\u00c7\u00c3O E ACOMPANHAMENTO DE ATOS INSTITUCIONAIS da OAB\/RN. Natal\/RN<\/p>\n<p>17h \u2013 Encerramento<\/p>\n<p><strong>DIA 22 \u2013 SEXTA \u2013 FEIRA<\/strong><\/p>\n<p>09h \u2013 Improbidade e Inelegibilidade, reflexos eleitorais da nova Lei da Improbidade administrativa<\/p>\n<p>Cristiano Barros \u2013 Advogado e assessor jur\u00eddico da FECAM\/ Natal\/RN<\/p>\n<p>10h \u2013 A Verean\u00e7a (Pr\u00e9-candidatos ou n\u00e3o) em per\u00edodo eleitoral. Existem limita\u00e7\u00f5es?<\/p>\n<p>Jos\u00e9 Herval Sampaio Junior, Juiz da Comarca de Cear\u00e1 Mirim, Vice-Presidente da Associa\u00e7\u00e3o dos Magistrados do Brasil, Mestre e doutorando em Direito Constitucional. Especialista em Processo Civil e Penal. Professor da Universidade do Estado do Rio Grande do Norte (UERN) e Escola Superior da Magistratura do Estado do Rio Grande do Norte (ESMARN). Membro fundador da Associa\u00e7\u00e3o Norte Nordeste de Professores de Processo (ANNEP). Membro do Instituto Brasileiro de Direito Processual (IBDP). Membro da Associa\u00e7\u00e3o Brasileira de Direito Processual (ABDP). Membro da Associa\u00e7\u00e3o Brasileira de Direito Processual Constitucional (ABDPC). Membro do Instituto Potiguar de Processo Civil (IPPC). Palestrante nacional e autor de diversas obras jur\u00eddicas.<\/p>\n<p>12h \u2013 Solenidade de Encerramento<\/p>\n<ul>\n<li><strong><em>Programa\u00e7\u00e3o Sujeita a Altera\u00e7\u00f5es sem aviso pr\u00e9vio<\/em><\/strong><\/li>\n<\/ul>\n<p>P\u00fablico Alvo: Vereadores, assessores, diretores, procuradores e servidores de c\u00e2maras municipais, Prefeitos, vice-prefeitos, assessores, diretores, procuradores e servidores de prefeituras municipais, assim como, membros da sociedade civil interessados nos temas propostos.<\/p>\n<p>Investimento:\u00a0 R$ 560,00 por participante n\u00e3o filiados<\/p>\n<p>C\u00e2maras Filiadas, desconto especial<\/p>\n<p><strong>Local do evento: Centro\u00a0 M\u00faltiplo Uso( Rua Sarabonte, 01, centro, S\u00e3o Miguel do Gostoso\/RN)<\/strong><\/p>\n<p>Contato Informa\u00e7\u00f5es: whatsapp (55) 996449022 \u2013 Fernando, telefone fixo: (61) 3226 4707 com Thain\u00e1<\/p>\n","protected":false},"excerpt":{"rendered":"<p>Encontro Nacional de Legislativos Municipais de 19 a 22 de Julho de 2022 na cidade de S\u00e3o Miguel do Gostoso\/RN&#8230;.<\/p>\n","protected":false},"author":1,"featured_media":26099,"comment_status":"open","ping_status":"open","sticky":false,"template":"","format":"standard","meta":{"footnotes":""},"categories":[3,4],"tags":[],"class_list":["post-26299","post","type-post","status-publish","format-standard","has-post-thumbnail","hentry","category-noticias","category-home"],"yoast_head":"<!-- This site is optimized with the Yoast SEO plugin v26.7 - https:\/\/yoast.com\/wordpress\/plugins\/seo\/ -->\n<title>RN: Confira a Programa\u00e7\u00e3o do Encontro em S\u00e3o Miguel do Gostoso - UVB Brasil<\/title>\n<meta name=\"robots\" content=\"index, follow, max-snippet:-1, max-image-preview:large, max-video-preview:-1\" \/>\n<link rel=\"canonical\" href=\"https:\/\/uvbbrasil.com.br\/confira-a-programacao-do-encontro-sao-miguel-do-gostoso-rn\/\" \/>\n<meta property=\"og:locale\" content=\"pt_BR\" \/>\n<meta property=\"og:type\" content=\"article\" \/>\n<meta property=\"og:title\" content=\"RN: Confira a Programa\u00e7\u00e3o do Encontro em S\u00e3o Miguel do Gostoso - UVB Brasil\" \/>\n<meta property=\"og:description\" content=\"Encontro Nacional de Legislativos Municipais de 19 a 22 de Julho de 2022 na cidade de S\u00e3o Miguel do Gostoso\/RN....\" \/>\n<meta property=\"og:url\" content=\"https:\/\/uvbbrasil.com.br\/confira-a-programacao-do-encontro-sao-miguel-do-gostoso-rn\/\" \/>\n<meta property=\"og:site_name\" content=\"UVB Brasil\" \/>\n<meta property=\"article:publisher\" content=\"https:\/\/www.facebook.com\/uvb.vereadoresbrasil\" \/>\n<meta property=\"article:published_time\" content=\"2022-07-19T13:10:46+00:00\" \/>\n<meta property=\"og:image\" content=\"https:\/\/uvbbrasil.com.br\/wp-content\/uploads\/2022\/05\/WhatsApp-Image-2022-05-31-at-08.59.39.jpeg\" \/>\n\t<meta property=\"og:image:width\" content=\"800\" \/>\n\t<meta property=\"og:image:height\" content=\"800\" \/>\n\t<meta property=\"og:image:type\" content=\"image\/jpeg\" \/>\n<meta name=\"author\" content=\"adminuvb\" \/>\n<meta name=\"twitter:card\" content=\"summary_large_image\" \/>\n<meta name=\"twitter:label1\" content=\"Escrito por\" \/>\n\t<meta name=\"twitter:data1\" content=\"adminuvb\" \/>\n\t<meta name=\"twitter:label2\" content=\"Est. tempo de leitura\" \/>\n\t<meta name=\"twitter:data2\" content=\"2 minutos\" \/>\n<script type=\"application\/ld+json\" class=\"yoast-schema-graph\">{\"@context\":\"https:\/\/schema.org\",\"@graph\":[{\"@type\":\"Article\",\"@id\":\"https:\/\/uvbbrasil.com.br\/confira-a-programacao-do-encontro-sao-miguel-do-gostoso-rn\/#article\",\"isPartOf\":{\"@id\":\"https:\/\/uvbbrasil.com.br\/confira-a-programacao-do-encontro-sao-miguel-do-gostoso-rn\/\"},\"author\":{\"name\":\"adminuvb\",\"@id\":\"https:\/\/uvbbrasil.com.br\/#\/schema\/person\/17990098446c098f52effddff4f1b272\"},\"headline\":\"RN: Confira a Programa\u00e7\u00e3o do Encontro em S\u00e3o Miguel do Gostoso\",\"datePublished\":\"2022-07-19T13:10:46+00:00\",\"mainEntityOfPage\":{\"@id\":\"https:\/\/uvbbrasil.com.br\/confira-a-programacao-do-encontro-sao-miguel-do-gostoso-rn\/\"},\"wordCount\":521,\"commentCount\":0,\"publisher\":{\"@id\":\"https:\/\/uvbbrasil.com.br\/#organization\"},\"image\":{\"@id\":\"https:\/\/uvbbrasil.com.br\/confira-a-programacao-do-encontro-sao-miguel-do-gostoso-rn\/#primaryimage\"},\"thumbnailUrl\":\"https:\/\/uvbbrasil.com.br\/wp-content\/uploads\/2022\/05\/WhatsApp-Image-2022-05-31-at-08.59.39.jpeg\",\"articleSection\":[\"NOT\u00cdCIAS\",\"UVB\"],\"inLanguage\":\"pt-BR\",\"potentialAction\":[{\"@type\":\"CommentAction\",\"name\":\"Comment\",\"target\":[\"https:\/\/uvbbrasil.com.br\/confira-a-programacao-do-encontro-sao-miguel-do-gostoso-rn\/#respond\"]}]},{\"@type\":\"WebPage\",\"@id\":\"https:\/\/uvbbrasil.com.br\/confira-a-programacao-do-encontro-sao-miguel-do-gostoso-rn\/\",\"url\":\"https:\/\/uvbbrasil.com.br\/confira-a-programacao-do-encontro-sao-miguel-do-gostoso-rn\/\",\"name\":\"RN: Confira a Programa\u00e7\u00e3o do Encontro em S\u00e3o Miguel do Gostoso - UVB Brasil\",\"isPartOf\":{\"@id\":\"https:\/\/uvbbrasil.com.br\/#website\"},\"primaryImageOfPage\":{\"@id\":\"https:\/\/uvbbrasil.com.br\/confira-a-programacao-do-encontro-sao-miguel-do-gostoso-rn\/#primaryimage\"},\"image\":{\"@id\":\"https:\/\/uvbbrasil.com.br\/confira-a-programacao-do-encontro-sao-miguel-do-gostoso-rn\/#primaryimage\"},\"thumbnailUrl\":\"https:\/\/uvbbrasil.com.br\/wp-content\/uploads\/2022\/05\/WhatsApp-Image-2022-05-31-at-08.59.39.jpeg\",\"datePublished\":\"2022-07-19T13:10:46+00:00\",\"breadcrumb\":{\"@id\":\"https:\/\/uvbbrasil.com.br\/confira-a-programacao-do-encontro-sao-miguel-do-gostoso-rn\/#breadcrumb\"},\"inLanguage\":\"pt-BR\",\"potentialAction\":[{\"@type\":\"ReadAction\",\"target\":[\"https:\/\/uvbbrasil.com.br\/confira-a-programacao-do-encontro-sao-miguel-do-gostoso-rn\/\"]}]},{\"@type\":\"ImageObject\",\"inLanguage\":\"pt-BR\",\"@id\":\"https:\/\/uvbbrasil.com.br\/confira-a-programacao-do-encontro-sao-miguel-do-gostoso-rn\/#primaryimage\",\"url\":\"https:\/\/uvbbrasil.com.br\/wp-content\/uploads\/2022\/05\/WhatsApp-Image-2022-05-31-at-08.59.39.jpeg\",\"contentUrl\":\"https:\/\/uvbbrasil.com.br\/wp-content\/uploads\/2022\/05\/WhatsApp-Image-2022-05-31-at-08.59.39.jpeg\",\"width\":800,\"height\":800},{\"@type\":\"BreadcrumbList\",\"@id\":\"https:\/\/uvbbrasil.com.br\/confira-a-programacao-do-encontro-sao-miguel-do-gostoso-rn\/#breadcrumb\",\"itemListElement\":[{\"@type\":\"ListItem\",\"position\":1,\"name\":\"In\u00edcio\",\"item\":\"https:\/\/uvbbrasil.com.br\/\"},{\"@type\":\"ListItem\",\"position\":2,\"name\":\"RN: Confira a Programa\u00e7\u00e3o do Encontro em S\u00e3o Miguel do Gostoso\"}]},{\"@type\":\"WebSite\",\"@id\":\"https:\/\/uvbbrasil.com.br\/#website\",\"url\":\"https:\/\/uvbbrasil.com.br\/\",\"name\":\"UVB Brasil\",\"description\":\"Uni\u00e3o dos Vereadores do Brasil\",\"publisher\":{\"@id\":\"https:\/\/uvbbrasil.com.br\/#organization\"},\"potentialAction\":[{\"@type\":\"SearchAction\",\"target\":{\"@type\":\"EntryPoint\",\"urlTemplate\":\"https:\/\/uvbbrasil.com.br\/?s={search_term_string}\"},\"query-input\":{\"@type\":\"PropertyValueSpecification\",\"valueRequired\":true,\"valueName\":\"search_term_string\"}}],\"inLanguage\":\"pt-BR\"},{\"@type\":\"Organization\",\"@id\":\"https:\/\/uvbbrasil.com.br\/#organization\",\"name\":\"UVB Brasil\",\"url\":\"https:\/\/uvbbrasil.com.br\/\",\"logo\":{\"@type\":\"ImageObject\",\"inLanguage\":\"pt-BR\",\"@id\":\"https:\/\/uvbbrasil.com.br\/#\/schema\/logo\/image\/\",\"url\":\"https:\/\/uvbbrasil.com.br\/wp-content\/uploads\/2025\/01\/LOGO-UVB-2024-azul-1.jpg\",\"contentUrl\":\"https:\/\/uvbbrasil.com.br\/wp-content\/uploads\/2025\/01\/LOGO-UVB-2024-azul-1.jpg\",\"width\":600,\"height\":211,\"caption\":\"UVB Brasil\"},\"image\":{\"@id\":\"https:\/\/uvbbrasil.com.br\/#\/schema\/logo\/image\/\"},\"sameAs\":[\"https:\/\/www.facebook.com\/uvb.vereadoresbrasil\",\"https:\/\/www.instagram.com\/uvbbrasil\/\",\"https:\/\/www.youtube.com\/channel\/UCIlPQ8Xzw5GHNzosQIg9S5A\"]},{\"@type\":\"Person\",\"@id\":\"https:\/\/uvbbrasil.com.br\/#\/schema\/person\/17990098446c098f52effddff4f1b272\",\"name\":\"adminuvb\",\"image\":{\"@type\":\"ImageObject\",\"inLanguage\":\"pt-BR\",\"@id\":\"https:\/\/uvbbrasil.com.br\/#\/schema\/person\/image\/\",\"url\":\"https:\/\/secure.gravatar.com\/avatar\/1a494ea6f8e2dd1ae526e55b0e9497efdba542491e0620d704cccf63c6f77c45?s=96&d=mm&r=g\",\"contentUrl\":\"https:\/\/secure.gravatar.com\/avatar\/1a494ea6f8e2dd1ae526e55b0e9497efdba542491e0620d704cccf63c6f77c45?s=96&d=mm&r=g\",\"caption\":\"adminuvb\"},\"sameAs\":[\"https:\/\/uvbbrasil.com.br\"],\"url\":\"https:\/\/uvbbrasil.com.br\/author\/adminuvb\/\"}]}<\/script>\n<!-- \/ Yoast SEO plugin. -->","yoast_head_json":{"title":"RN: Confira a Programa\u00e7\u00e3o do Encontro em S\u00e3o Miguel do Gostoso - UVB Brasil","robots":{"index":"index","follow":"follow","max-snippet":"max-snippet:-1","max-image-preview":"max-image-preview:large","max-video-preview":"max-video-preview:-1"},"canonical":"https:\/\/uvbbrasil.com.br\/confira-a-programacao-do-encontro-sao-miguel-do-gostoso-rn\/","og_locale":"pt_BR","og_type":"article","og_title":"RN: Confira a Programa\u00e7\u00e3o do Encontro em S\u00e3o Miguel do Gostoso - UVB Brasil","og_description":"Encontro Nacional de Legislativos Municipais de 19 a 22 de Julho de 2022 na cidade de S\u00e3o Miguel do Gostoso\/RN....","og_url":"https:\/\/uvbbrasil.com.br\/confira-a-programacao-do-encontro-sao-miguel-do-gostoso-rn\/","og_site_name":"UVB Brasil","article_publisher":"https:\/\/www.facebook.com\/uvb.vereadoresbrasil","article_published_time":"2022-07-19T13:10:46+00:00","og_image":[{"width":800,"height":800,"url":"https:\/\/uvbbrasil.com.br\/wp-content\/uploads\/2022\/05\/WhatsApp-Image-2022-05-31-at-08.59.39.jpeg","type":"image\/jpeg"}],"author":"adminuvb","twitter_card":"summary_large_image","twitter_misc":{"Escrito por":"adminuvb","Est. tempo de leitura":"2 minutos"},"schema":{"@context":"https:\/\/schema.org","@graph":[{"@type":"Article","@id":"https:\/\/uvbbrasil.com.br\/confira-a-programacao-do-encontro-sao-miguel-do-gostoso-rn\/#article","isPartOf":{"@id":"https:\/\/uvbbrasil.com.br\/confira-a-programacao-do-encontro-sao-miguel-do-gostoso-rn\/"},"author":{"name":"adminuvb","@id":"https:\/\/uvbbrasil.com.br\/#\/schema\/person\/17990098446c098f52effddff4f1b272"},"headline":"RN: Confira a Programa\u00e7\u00e3o do Encontro em S\u00e3o Miguel do Gostoso","datePublished":"2022-07-19T13:10:46+00:00","mainEntityOfPage":{"@id":"https:\/\/uvbbrasil.com.br\/confira-a-programacao-do-encontro-sao-miguel-do-gostoso-rn\/"},"wordCount":521,"commentCount":0,"publisher":{"@id":"https:\/\/uvbbrasil.com.br\/#organization"},"image":{"@id":"https:\/\/uvbbrasil.com.br\/confira-a-programacao-do-encontro-sao-miguel-do-gostoso-rn\/#primaryimage"},"thumbnailUrl":"https:\/\/uvbbrasil.com.br\/wp-content\/uploads\/2022\/05\/WhatsApp-Image-2022-05-31-at-08.59.39.jpeg","articleSection":["NOT\u00cdCIAS","UVB"],"inLanguage":"pt-BR","potentialAction":[{"@type":"CommentAction","name":"Comment","target":["https:\/\/uvbbrasil.com.br\/confira-a-programacao-do-encontro-sao-miguel-do-gostoso-rn\/#respond"]}]},{"@type":"WebPage","@id":"https:\/\/uvbbrasil.com.br\/confira-a-programacao-do-encontro-sao-miguel-do-gostoso-rn\/","url":"https:\/\/uvbbrasil.com.br\/confira-a-programacao-do-encontro-sao-miguel-do-gostoso-rn\/","name":"RN: Confira a Programa\u00e7\u00e3o do Encontro em S\u00e3o Miguel do Gostoso - UVB Brasil","isPartOf":{"@id":"https:\/\/uvbbrasil.com.br\/#website"},"primaryImageOfPage":{"@id":"https:\/\/uvbbrasil.com.br\/confira-a-programacao-do-encontro-sao-miguel-do-gostoso-rn\/#primaryimage"},"image":{"@id":"https:\/\/uvbbrasil.com.br\/confira-a-programacao-do-encontro-sao-miguel-do-gostoso-rn\/#primaryimage"},"thumbnailUrl":"https:\/\/uvbbrasil.com.br\/wp-content\/uploads\/2022\/05\/WhatsApp-Image-2022-05-31-at-08.59.39.jpeg","datePublished":"2022-07-19T13:10:46+00:00","breadcrumb":{"@id":"https:\/\/uvbbrasil.com.br\/confira-a-programacao-do-encontro-sao-miguel-do-gostoso-rn\/#breadcrumb"},"inLanguage":"pt-BR","potentialAction":[{"@type":"ReadAction","target":["https:\/\/uvbbrasil.com.br\/confira-a-programacao-do-encontro-sao-miguel-do-gostoso-rn\/"]}]},{"@type":"ImageObject","inLanguage":"pt-BR","@id":"https:\/\/uvbbrasil.com.br\/confira-a-programacao-do-encontro-sao-miguel-do-gostoso-rn\/#primaryimage","url":"https:\/\/uvbbrasil.com.br\/wp-content\/uploads\/2022\/05\/WhatsApp-Image-2022-05-31-at-08.59.39.jpeg","contentUrl":"https:\/\/uvbbrasil.com.br\/wp-content\/uploads\/2022\/05\/WhatsApp-Image-2022-05-31-at-08.59.39.jpeg","width":800,"height":800},{"@type":"BreadcrumbList","@id":"https:\/\/uvbbrasil.com.br\/confira-a-programacao-do-encontro-sao-miguel-do-gostoso-rn\/#breadcrumb","itemListElement":[{"@type":"ListItem","position":1,"name":"In\u00edcio","item":"https:\/\/uvbbrasil.com.br\/"},{"@type":"ListItem","position":2,"name":"RN: Confira a Programa\u00e7\u00e3o do Encontro em S\u00e3o Miguel do Gostoso"}]},{"@type":"WebSite","@id":"https:\/\/uvbbrasil.com.br\/#website","url":"https:\/\/uvbbrasil.com.br\/","name":"UVB Brasil","description":"Uni\u00e3o dos Vereadores do Brasil","publisher":{"@id":"https:\/\/uvbbrasil.com.br\/#organization"},"potentialAction":[{"@type":"SearchAction","target":{"@type":"EntryPoint","urlTemplate":"https:\/\/uvbbrasil.com.br\/?s={search_term_string}"},"query-input":{"@type":"PropertyValueSpecification","valueRequired":true,"valueName":"search_term_string"}}],"inLanguage":"pt-BR"},{"@type":"Organization","@id":"https:\/\/uvbbrasil.com.br\/#organization","name":"UVB Brasil","url":"https:\/\/uvbbrasil.com.br\/","logo":{"@type":"ImageObject","inLanguage":"pt-BR","@id":"https:\/\/uvbbrasil.com.br\/#\/schema\/logo\/image\/","url":"https:\/\/uvbbrasil.com.br\/wp-content\/uploads\/2025\/01\/LOGO-UVB-2024-azul-1.jpg","contentUrl":"https:\/\/uvbbrasil.com.br\/wp-content\/uploads\/2025\/01\/LOGO-UVB-2024-azul-1.jpg","width":600,"height":211,"caption":"UVB Brasil"},"image":{"@id":"https:\/\/uvbbrasil.com.br\/#\/schema\/logo\/image\/"},"sameAs":["https:\/\/www.facebook.com\/uvb.vereadoresbrasil","https:\/\/www.instagram.com\/uvbbrasil\/","https:\/\/www.youtube.com\/channel\/UCIlPQ8Xzw5GHNzosQIg9S5A"]},{"@type":"Person","@id":"https:\/\/uvbbrasil.com.br\/#\/schema\/person\/17990098446c098f52effddff4f1b272","name":"adminuvb","image":{"@type":"ImageObject","inLanguage":"pt-BR","@id":"https:\/\/uvbbrasil.com.br\/#\/schema\/person\/image\/","url":"https:\/\/secure.gravatar.com\/avatar\/1a494ea6f8e2dd1ae526e55b0e9497efdba542491e0620d704cccf63c6f77c45?s=96&d=mm&r=g","contentUrl":"https:\/\/secure.gravatar.com\/avatar\/1a494ea6f8e2dd1ae526e55b0e9497efdba542491e0620d704cccf63c6f77c45?s=96&d=mm&r=g","caption":"adminuvb"},"sameAs":["https:\/\/uvbbrasil.com.br"],"url":"https:\/\/uvbbrasil.com.br\/author\/adminuvb\/"}]}},"_links":{"self":[{"href":"https:\/\/uvbbrasil.com.br\/uvb-json\/wp\/v2\/posts\/26299","targetHints":{"allow":["GET"]}}],"collection":[{"href":"https:\/\/uvbbrasil.com.br\/uvb-json\/wp\/v2\/posts"}],"about":[{"href":"https:\/\/uvbbrasil.com.br\/uvb-json\/wp\/v2\/types\/post"}],"author":[{"embeddable":true,"href":"https:\/\/uvbbrasil.com.br\/uvb-json\/wp\/v2\/users\/1"}],"replies":[{"embeddable":true,"href":"https:\/\/uvbbrasil.com.br\/uvb-json\/wp\/v2\/comments?post=26299"}],"version-history":[{"count":0,"href":"https:\/\/uvbbrasil.com.br\/uvb-json\/wp\/v2\/posts\/26299\/revisions"}],"wp:featuredmedia":[{"embeddable":true,"href":"https:\/\/uvbbrasil.com.br\/uvb-json\/wp\/v2\/media\/26099"}],"wp:attachment":[{"href":"https:\/\/uvbbrasil.com.br\/uvb-json\/wp\/v2\/media?parent=26299"}],"wp:term":[{"taxonomy":"category","embeddable":true,"href":"https:\/\/uvbbrasil.com.br\/uvb-json\/wp\/v2\/categories?post=26299"},{"taxonomy":"post_tag","embeddable":true,"href":"https:\/\/uvbbrasil.com.br\/uvb-json\/wp\/v2\/tags?post=26299"}],"curies":[{"name":"wp","href":"https:\/\/api.w.org\/{rel}","templated":true}]}}