{"id":26263,"date":"2022-06-23T11:20:26","date_gmt":"2022-06-23T14:20:26","guid":{"rendered":"https:\/\/wpsandbox4.pante.com.br\/?p=26263"},"modified":"2022-06-23T11:20:26","modified_gmt":"2022-06-23T14:20:26","slug":"1a-marcha-dos-legislativos-municipais-paranaenses-em-curitiba","status":"publish","type":"post","link":"https:\/\/uvbbrasil.com.br\/1a-marcha-dos-legislativos-municipais-paranaenses-em-curitiba\/","title":{"rendered":"1\u00aa Marcha dos Legislativos Municipais Paranaenses em Curitiba"},"content":{"rendered":"<p>A 1\u00aa Marcha dos Legislativos Municipais Paranaenses contou com a participa\u00e7\u00e3o de mais de 200 agentes p\u00fablicos, de diversas regi\u00f5es do Estado, com\u00a0 a participa\u00e7\u00e3o do \u00a0governador do Estado, Carlos Massa Ratinho Junior, al\u00e9m do secret\u00e1rio de Estado do Desenvolvimento Urbano e de Obras P\u00fablicas do Paran\u00e1, Augustinho Zucchi; do presidente da Uni\u00e3o dos Vereadores do Brasil\/UVB, Gilson Conzatti; do presidente da Associa\u00e7\u00e3o dos Munic\u00edpios do Paran\u00e1, J\u00fanior Weiller; do vice-prefeito de Peabiru, Bruno de Melo; dos deputados estaduais Luiz Fernando Guerra, Do Carmo e Evandro Ara\u00fajo; do deputado federal Felipe Francischini; do ex-prefeito de Uni\u00e3o da Vit\u00f3ria Santin Roveda; da prefeita de Astorga, Suzie Pucillo; e do o assessor de articula\u00e7\u00f5es pol\u00edticas da Prefeitura, Lucas Navarro de Souza.<\/p>\n<p>Ratinho Junior destacou que a parceria entre Governo do Estado e munic\u00edpios \u00e9 fundamental para o desenvolvimento uniforme do Paran\u00e1. \u201cSe h\u00e1 um ativo importante do meu governo \u00e9 a uni\u00e3o entre todos os entes p\u00fablicos em busca do crescimento do Paran\u00e1\u201d, afirmou Ratinho Junior. \u201cSem brigas, at\u00e9 porque a popula\u00e7\u00e3o nos paga para trabalhar. Foi essa uni\u00e3o, incluindo os vereadores, prefeitos, deputados e outros Poderes que nos permitiram superar crises como a pandemia da Covid-19, a escassez h\u00eddrica e a guerra agora entre R\u00fassia e Ucr\u00e2nia\u201d.<\/p>\n<p>O evento foi realizado no hotel Vict\u00f3ria Villa, em Curitiba organizado pela Uni\u00e3o de C\u00e2maras, Vereadores e Gestores P\u00fablicos do Paran\u00e1 (Uvepar) e tem como objetivo otimizar o mandado dos parlamentares em rela\u00e7\u00e3o \u00e0 atua\u00e7\u00e3o p\u00fablica, al\u00e9m de celebrar os 33 anos da associa\u00e7\u00e3o.<\/p>\n<p><img fetchpriority=\"high\" decoding=\"async\" class=\"alignnone size-medium wp-image-26266\" src=\"https:\/\/uvbbrasil.com.br\/wp-content\/uploads\/2022\/06\/289186517_3153884491495087_3135383347870457512_n-300x226.jpg\" alt=\"\" width=\"300\" height=\"226\" srcset=\"https:\/\/uvbbrasil.com.br\/wp-content\/uploads\/2022\/06\/289186517_3153884491495087_3135383347870457512_n-300x226.jpg 300w, https:\/\/uvbbrasil.com.br\/wp-content\/uploads\/2022\/06\/289186517_3153884491495087_3135383347870457512_n-768x578.jpg 768w, https:\/\/uvbbrasil.com.br\/wp-content\/uploads\/2022\/06\/289186517_3153884491495087_3135383347870457512_n.jpg 960w\" sizes=\"(max-width: 300px) 100vw, 300px\" \/><img decoding=\"async\" class=\"alignnone size-medium wp-image-26267\" src=\"https:\/\/uvbbrasil.com.br\/wp-content\/uploads\/2022\/06\/289587931_3153884651495071_298044885399885974_n-300x226.jpg\" alt=\"\" width=\"300\" height=\"226\" srcset=\"https:\/\/uvbbrasil.com.br\/wp-content\/uploads\/2022\/06\/289587931_3153884651495071_298044885399885974_n-300x226.jpg 300w, https:\/\/uvbbrasil.com.br\/wp-content\/uploads\/2022\/06\/289587931_3153884651495071_298044885399885974_n-1024x771.jpg 1024w, https:\/\/uvbbrasil.com.br\/wp-content\/uploads\/2022\/06\/289587931_3153884651495071_298044885399885974_n-768x578.jpg 768w, https:\/\/uvbbrasil.com.br\/wp-content\/uploads\/2022\/06\/289587931_3153884651495071_298044885399885974_n-1536x1157.jpg 1536w, https:\/\/uvbbrasil.com.br\/wp-content\/uploads\/2022\/06\/289587931_3153884651495071_298044885399885974_n.jpg 2048w\" sizes=\"(max-width: 300px) 100vw, 300px\" \/><\/p>\n<p><img decoding=\"async\" class=\"alignnone size-medium wp-image-26265\" src=\"https:\/\/uvbbrasil.com.br\/wp-content\/uploads\/2022\/06\/288629798_3153884321495104_8094214810276221370_n-300x226.jpg\" alt=\"\" width=\"300\" height=\"226\" srcset=\"https:\/\/uvbbrasil.com.br\/wp-content\/uploads\/2022\/06\/288629798_3153884321495104_8094214810276221370_n-300x226.jpg 300w, https:\/\/uvbbrasil.com.br\/wp-content\/uploads\/2022\/06\/288629798_3153884321495104_8094214810276221370_n-768x578.jpg 768w, https:\/\/uvbbrasil.com.br\/wp-content\/uploads\/2022\/06\/288629798_3153884321495104_8094214810276221370_n.jpg 960w\" sizes=\"(max-width: 300px) 100vw, 300px\" \/><\/p>\n<p><img loading=\"lazy\" decoding=\"async\" class=\"alignnone size-medium wp-image-26264\" src=\"https:\/\/uvbbrasil.com.br\/wp-content\/uploads\/2022\/06\/00347860-300x169.jpg\" alt=\"\" width=\"300\" height=\"169\" srcset=\"https:\/\/uvbbrasil.com.br\/wp-content\/uploads\/2022\/06\/00347860-300x169.jpg 300w, https:\/\/uvbbrasil.com.br\/wp-content\/uploads\/2022\/06\/00347860.jpg 690w\" sizes=\"(max-width: 300px) 100vw, 300px\" \/><\/p>\n","protected":false},"excerpt":{"rendered":"<p>A 1\u00aa Marcha dos Legislativos Municipais Paranaenses contou com a participa\u00e7\u00e3o de mais de 200 agentes p\u00fablicos, de diversas regi\u00f5es&#8230;<\/p>\n","protected":false},"author":1,"featured_media":26264,"comment_status":"open","ping_status":"open","sticky":false,"template":"","format":"standard","meta":{"footnotes":""},"categories":[3,4],"tags":[],"class_list":["post-26263","post","type-post","status-publish","format-standard","has-post-thumbnail","hentry","category-noticias","category-home"],"yoast_head":"<!-- This site is optimized with the Yoast SEO plugin v26.7 - https:\/\/yoast.com\/wordpress\/plugins\/seo\/ -->\n<title>1\u00aa Marcha dos Legislativos Municipais Paranaenses em Curitiba - UVB Brasil<\/title>\n<meta name=\"robots\" content=\"index, follow, max-snippet:-1, max-image-preview:large, max-video-preview:-1\" \/>\n<link rel=\"canonical\" href=\"https:\/\/uvbbrasil.com.br\/1a-marcha-dos-legislativos-municipais-paranaenses-em-curitiba\/\" \/>\n<meta property=\"og:locale\" content=\"pt_BR\" \/>\n<meta property=\"og:type\" content=\"article\" \/>\n<meta property=\"og:title\" content=\"1\u00aa Marcha dos Legislativos Municipais Paranaenses em Curitiba - UVB Brasil\" \/>\n<meta property=\"og:description\" content=\"A 1\u00aa Marcha dos Legislativos Municipais Paranaenses contou com a participa\u00e7\u00e3o de mais de 200 agentes p\u00fablicos, de diversas regi\u00f5es...\" \/>\n<meta property=\"og:url\" content=\"https:\/\/uvbbrasil.com.br\/1a-marcha-dos-legislativos-municipais-paranaenses-em-curitiba\/\" \/>\n<meta property=\"og:site_name\" content=\"UVB Brasil\" \/>\n<meta property=\"article:publisher\" content=\"https:\/\/www.facebook.com\/uvb.vereadoresbrasil\" \/>\n<meta property=\"article:published_time\" content=\"2022-06-23T14:20:26+00:00\" \/>\n<meta property=\"og:image\" content=\"https:\/\/uvbbrasil.com.br\/wp-content\/uploads\/2022\/06\/00347860.jpg\" \/>\n\t<meta property=\"og:image:width\" content=\"690\" \/>\n\t<meta property=\"og:image:height\" content=\"388\" \/>\n\t<meta property=\"og:image:type\" content=\"image\/jpeg\" \/>\n<meta name=\"author\" content=\"adminuvb\" \/>\n<meta name=\"twitter:card\" content=\"summary_large_image\" \/>\n<meta name=\"twitter:label1\" content=\"Escrito por\" \/>\n\t<meta name=\"twitter:data1\" content=\"adminuvb\" \/>\n\t<meta name=\"twitter:label2\" content=\"Est. tempo de leitura\" \/>\n\t<meta name=\"twitter:data2\" content=\"2 minutos\" \/>\n<script type=\"application\/ld+json\" class=\"yoast-schema-graph\">{\"@context\":\"https:\/\/schema.org\",\"@graph\":[{\"@type\":\"Article\",\"@id\":\"https:\/\/uvbbrasil.com.br\/1a-marcha-dos-legislativos-municipais-paranaenses-em-curitiba\/#article\",\"isPartOf\":{\"@id\":\"https:\/\/uvbbrasil.com.br\/1a-marcha-dos-legislativos-municipais-paranaenses-em-curitiba\/\"},\"author\":{\"name\":\"adminuvb\",\"@id\":\"https:\/\/uvbbrasil.com.br\/#\/schema\/person\/17990098446c098f52effddff4f1b272\"},\"headline\":\"1\u00aa Marcha dos Legislativos Municipais Paranaenses em Curitiba\",\"datePublished\":\"2022-06-23T14:20:26+00:00\",\"mainEntityOfPage\":{\"@id\":\"https:\/\/uvbbrasil.com.br\/1a-marcha-dos-legislativos-municipais-paranaenses-em-curitiba\/\"},\"wordCount\":285,\"commentCount\":0,\"publisher\":{\"@id\":\"https:\/\/uvbbrasil.com.br\/#organization\"},\"image\":{\"@id\":\"https:\/\/uvbbrasil.com.br\/1a-marcha-dos-legislativos-municipais-paranaenses-em-curitiba\/#primaryimage\"},\"thumbnailUrl\":\"https:\/\/uvbbrasil.com.br\/wp-content\/uploads\/2022\/06\/00347860.jpg\",\"articleSection\":[\"NOT\u00cdCIAS\",\"UVB\"],\"inLanguage\":\"pt-BR\",\"potentialAction\":[{\"@type\":\"CommentAction\",\"name\":\"Comment\",\"target\":[\"https:\/\/uvbbrasil.com.br\/1a-marcha-dos-legislativos-municipais-paranaenses-em-curitiba\/#respond\"]}]},{\"@type\":\"WebPage\",\"@id\":\"https:\/\/uvbbrasil.com.br\/1a-marcha-dos-legislativos-municipais-paranaenses-em-curitiba\/\",\"url\":\"https:\/\/uvbbrasil.com.br\/1a-marcha-dos-legislativos-municipais-paranaenses-em-curitiba\/\",\"name\":\"1\u00aa Marcha dos Legislativos Municipais Paranaenses em Curitiba - UVB Brasil\",\"isPartOf\":{\"@id\":\"https:\/\/uvbbrasil.com.br\/#website\"},\"primaryImageOfPage\":{\"@id\":\"https:\/\/uvbbrasil.com.br\/1a-marcha-dos-legislativos-municipais-paranaenses-em-curitiba\/#primaryimage\"},\"image\":{\"@id\":\"https:\/\/uvbbrasil.com.br\/1a-marcha-dos-legislativos-municipais-paranaenses-em-curitiba\/#primaryimage\"},\"thumbnailUrl\":\"https:\/\/uvbbrasil.com.br\/wp-content\/uploads\/2022\/06\/00347860.jpg\",\"datePublished\":\"2022-06-23T14:20:26+00:00\",\"breadcrumb\":{\"@id\":\"https:\/\/uvbbrasil.com.br\/1a-marcha-dos-legislativos-municipais-paranaenses-em-curitiba\/#breadcrumb\"},\"inLanguage\":\"pt-BR\",\"potentialAction\":[{\"@type\":\"ReadAction\",\"target\":[\"https:\/\/uvbbrasil.com.br\/1a-marcha-dos-legislativos-municipais-paranaenses-em-curitiba\/\"]}]},{\"@type\":\"ImageObject\",\"inLanguage\":\"pt-BR\",\"@id\":\"https:\/\/uvbbrasil.com.br\/1a-marcha-dos-legislativos-municipais-paranaenses-em-curitiba\/#primaryimage\",\"url\":\"https:\/\/uvbbrasil.com.br\/wp-content\/uploads\/2022\/06\/00347860.jpg\",\"contentUrl\":\"https:\/\/uvbbrasil.com.br\/wp-content\/uploads\/2022\/06\/00347860.jpg\",\"width\":690,\"height\":388},{\"@type\":\"BreadcrumbList\",\"@id\":\"https:\/\/uvbbrasil.com.br\/1a-marcha-dos-legislativos-municipais-paranaenses-em-curitiba\/#breadcrumb\",\"itemListElement\":[{\"@type\":\"ListItem\",\"position\":1,\"name\":\"In\u00edcio\",\"item\":\"https:\/\/uvbbrasil.com.br\/\"},{\"@type\":\"ListItem\",\"position\":2,\"name\":\"1\u00aa Marcha dos Legislativos Municipais Paranaenses em Curitiba\"}]},{\"@type\":\"WebSite\",\"@id\":\"https:\/\/uvbbrasil.com.br\/#website\",\"url\":\"https:\/\/uvbbrasil.com.br\/\",\"name\":\"UVB Brasil\",\"description\":\"Uni\u00e3o dos Vereadores do Brasil\",\"publisher\":{\"@id\":\"https:\/\/uvbbrasil.com.br\/#organization\"},\"potentialAction\":[{\"@type\":\"SearchAction\",\"target\":{\"@type\":\"EntryPoint\",\"urlTemplate\":\"https:\/\/uvbbrasil.com.br\/?s={search_term_string}\"},\"query-input\":{\"@type\":\"PropertyValueSpecification\",\"valueRequired\":true,\"valueName\":\"search_term_string\"}}],\"inLanguage\":\"pt-BR\"},{\"@type\":\"Organization\",\"@id\":\"https:\/\/uvbbrasil.com.br\/#organization\",\"name\":\"UVB Brasil\",\"url\":\"https:\/\/uvbbrasil.com.br\/\",\"logo\":{\"@type\":\"ImageObject\",\"inLanguage\":\"pt-BR\",\"@id\":\"https:\/\/uvbbrasil.com.br\/#\/schema\/logo\/image\/\",\"url\":\"https:\/\/uvbbrasil.com.br\/wp-content\/uploads\/2025\/01\/LOGO-UVB-2024-azul-1.jpg\",\"contentUrl\":\"https:\/\/uvbbrasil.com.br\/wp-content\/uploads\/2025\/01\/LOGO-UVB-2024-azul-1.jpg\",\"width\":600,\"height\":211,\"caption\":\"UVB Brasil\"},\"image\":{\"@id\":\"https:\/\/uvbbrasil.com.br\/#\/schema\/logo\/image\/\"},\"sameAs\":[\"https:\/\/www.facebook.com\/uvb.vereadoresbrasil\",\"https:\/\/www.instagram.com\/uvbbrasil\/\",\"https:\/\/www.youtube.com\/channel\/UCIlPQ8Xzw5GHNzosQIg9S5A\"]},{\"@type\":\"Person\",\"@id\":\"https:\/\/uvbbrasil.com.br\/#\/schema\/person\/17990098446c098f52effddff4f1b272\",\"name\":\"adminuvb\",\"image\":{\"@type\":\"ImageObject\",\"inLanguage\":\"pt-BR\",\"@id\":\"https:\/\/uvbbrasil.com.br\/#\/schema\/person\/image\/\",\"url\":\"https:\/\/secure.gravatar.com\/avatar\/1a494ea6f8e2dd1ae526e55b0e9497efdba542491e0620d704cccf63c6f77c45?s=96&d=mm&r=g\",\"contentUrl\":\"https:\/\/secure.gravatar.com\/avatar\/1a494ea6f8e2dd1ae526e55b0e9497efdba542491e0620d704cccf63c6f77c45?s=96&d=mm&r=g\",\"caption\":\"adminuvb\"},\"sameAs\":[\"https:\/\/uvbbrasil.com.br\"],\"url\":\"https:\/\/uvbbrasil.com.br\/author\/adminuvb\/\"}]}<\/script>\n<!-- \/ Yoast SEO plugin. -->","yoast_head_json":{"title":"1\u00aa Marcha dos Legislativos Municipais Paranaenses em Curitiba - UVB Brasil","robots":{"index":"index","follow":"follow","max-snippet":"max-snippet:-1","max-image-preview":"max-image-preview:large","max-video-preview":"max-video-preview:-1"},"canonical":"https:\/\/uvbbrasil.com.br\/1a-marcha-dos-legislativos-municipais-paranaenses-em-curitiba\/","og_locale":"pt_BR","og_type":"article","og_title":"1\u00aa Marcha dos Legislativos Municipais Paranaenses em Curitiba - UVB Brasil","og_description":"A 1\u00aa Marcha dos Legislativos Municipais Paranaenses contou com a participa\u00e7\u00e3o de mais de 200 agentes p\u00fablicos, de diversas regi\u00f5es...","og_url":"https:\/\/uvbbrasil.com.br\/1a-marcha-dos-legislativos-municipais-paranaenses-em-curitiba\/","og_site_name":"UVB Brasil","article_publisher":"https:\/\/www.facebook.com\/uvb.vereadoresbrasil","article_published_time":"2022-06-23T14:20:26+00:00","og_image":[{"width":690,"height":388,"url":"https:\/\/uvbbrasil.com.br\/wp-content\/uploads\/2022\/06\/00347860.jpg","type":"image\/jpeg"}],"author":"adminuvb","twitter_card":"summary_large_image","twitter_misc":{"Escrito por":"adminuvb","Est. tempo de leitura":"2 minutos"},"schema":{"@context":"https:\/\/schema.org","@graph":[{"@type":"Article","@id":"https:\/\/uvbbrasil.com.br\/1a-marcha-dos-legislativos-municipais-paranaenses-em-curitiba\/#article","isPartOf":{"@id":"https:\/\/uvbbrasil.com.br\/1a-marcha-dos-legislativos-municipais-paranaenses-em-curitiba\/"},"author":{"name":"adminuvb","@id":"https:\/\/uvbbrasil.com.br\/#\/schema\/person\/17990098446c098f52effddff4f1b272"},"headline":"1\u00aa Marcha dos Legislativos Municipais Paranaenses em Curitiba","datePublished":"2022-06-23T14:20:26+00:00","mainEntityOfPage":{"@id":"https:\/\/uvbbrasil.com.br\/1a-marcha-dos-legislativos-municipais-paranaenses-em-curitiba\/"},"wordCount":285,"commentCount":0,"publisher":{"@id":"https:\/\/uvbbrasil.com.br\/#organization"},"image":{"@id":"https:\/\/uvbbrasil.com.br\/1a-marcha-dos-legislativos-municipais-paranaenses-em-curitiba\/#primaryimage"},"thumbnailUrl":"https:\/\/uvbbrasil.com.br\/wp-content\/uploads\/2022\/06\/00347860.jpg","articleSection":["NOT\u00cdCIAS","UVB"],"inLanguage":"pt-BR","potentialAction":[{"@type":"CommentAction","name":"Comment","target":["https:\/\/uvbbrasil.com.br\/1a-marcha-dos-legislativos-municipais-paranaenses-em-curitiba\/#respond"]}]},{"@type":"WebPage","@id":"https:\/\/uvbbrasil.com.br\/1a-marcha-dos-legislativos-municipais-paranaenses-em-curitiba\/","url":"https:\/\/uvbbrasil.com.br\/1a-marcha-dos-legislativos-municipais-paranaenses-em-curitiba\/","name":"1\u00aa Marcha dos Legislativos Municipais Paranaenses em Curitiba - UVB Brasil","isPartOf":{"@id":"https:\/\/uvbbrasil.com.br\/#website"},"primaryImageOfPage":{"@id":"https:\/\/uvbbrasil.com.br\/1a-marcha-dos-legislativos-municipais-paranaenses-em-curitiba\/#primaryimage"},"image":{"@id":"https:\/\/uvbbrasil.com.br\/1a-marcha-dos-legislativos-municipais-paranaenses-em-curitiba\/#primaryimage"},"thumbnailUrl":"https:\/\/uvbbrasil.com.br\/wp-content\/uploads\/2022\/06\/00347860.jpg","datePublished":"2022-06-23T14:20:26+00:00","breadcrumb":{"@id":"https:\/\/uvbbrasil.com.br\/1a-marcha-dos-legislativos-municipais-paranaenses-em-curitiba\/#breadcrumb"},"inLanguage":"pt-BR","potentialAction":[{"@type":"ReadAction","target":["https:\/\/uvbbrasil.com.br\/1a-marcha-dos-legislativos-municipais-paranaenses-em-curitiba\/"]}]},{"@type":"ImageObject","inLanguage":"pt-BR","@id":"https:\/\/uvbbrasil.com.br\/1a-marcha-dos-legislativos-municipais-paranaenses-em-curitiba\/#primaryimage","url":"https:\/\/uvbbrasil.com.br\/wp-content\/uploads\/2022\/06\/00347860.jpg","contentUrl":"https:\/\/uvbbrasil.com.br\/wp-content\/uploads\/2022\/06\/00347860.jpg","width":690,"height":388},{"@type":"BreadcrumbList","@id":"https:\/\/uvbbrasil.com.br\/1a-marcha-dos-legislativos-municipais-paranaenses-em-curitiba\/#breadcrumb","itemListElement":[{"@type":"ListItem","position":1,"name":"In\u00edcio","item":"https:\/\/uvbbrasil.com.br\/"},{"@type":"ListItem","position":2,"name":"1\u00aa Marcha dos Legislativos Municipais Paranaenses em Curitiba"}]},{"@type":"WebSite","@id":"https:\/\/uvbbrasil.com.br\/#website","url":"https:\/\/uvbbrasil.com.br\/","name":"UVB Brasil","description":"Uni\u00e3o dos Vereadores do Brasil","publisher":{"@id":"https:\/\/uvbbrasil.com.br\/#organization"},"potentialAction":[{"@type":"SearchAction","target":{"@type":"EntryPoint","urlTemplate":"https:\/\/uvbbrasil.com.br\/?s={search_term_string}"},"query-input":{"@type":"PropertyValueSpecification","valueRequired":true,"valueName":"search_term_string"}}],"inLanguage":"pt-BR"},{"@type":"Organization","@id":"https:\/\/uvbbrasil.com.br\/#organization","name":"UVB Brasil","url":"https:\/\/uvbbrasil.com.br\/","logo":{"@type":"ImageObject","inLanguage":"pt-BR","@id":"https:\/\/uvbbrasil.com.br\/#\/schema\/logo\/image\/","url":"https:\/\/uvbbrasil.com.br\/wp-content\/uploads\/2025\/01\/LOGO-UVB-2024-azul-1.jpg","contentUrl":"https:\/\/uvbbrasil.com.br\/wp-content\/uploads\/2025\/01\/LOGO-UVB-2024-azul-1.jpg","width":600,"height":211,"caption":"UVB Brasil"},"image":{"@id":"https:\/\/uvbbrasil.com.br\/#\/schema\/logo\/image\/"},"sameAs":["https:\/\/www.facebook.com\/uvb.vereadoresbrasil","https:\/\/www.instagram.com\/uvbbrasil\/","https:\/\/www.youtube.com\/channel\/UCIlPQ8Xzw5GHNzosQIg9S5A"]},{"@type":"Person","@id":"https:\/\/uvbbrasil.com.br\/#\/schema\/person\/17990098446c098f52effddff4f1b272","name":"adminuvb","image":{"@type":"ImageObject","inLanguage":"pt-BR","@id":"https:\/\/uvbbrasil.com.br\/#\/schema\/person\/image\/","url":"https:\/\/secure.gravatar.com\/avatar\/1a494ea6f8e2dd1ae526e55b0e9497efdba542491e0620d704cccf63c6f77c45?s=96&d=mm&r=g","contentUrl":"https:\/\/secure.gravatar.com\/avatar\/1a494ea6f8e2dd1ae526e55b0e9497efdba542491e0620d704cccf63c6f77c45?s=96&d=mm&r=g","caption":"adminuvb"},"sameAs":["https:\/\/uvbbrasil.com.br"],"url":"https:\/\/uvbbrasil.com.br\/author\/adminuvb\/"}]}},"_links":{"self":[{"href":"https:\/\/uvbbrasil.com.br\/uvb-json\/wp\/v2\/posts\/26263","targetHints":{"allow":["GET"]}}],"collection":[{"href":"https:\/\/uvbbrasil.com.br\/uvb-json\/wp\/v2\/posts"}],"about":[{"href":"https:\/\/uvbbrasil.com.br\/uvb-json\/wp\/v2\/types\/post"}],"author":[{"embeddable":true,"href":"https:\/\/uvbbrasil.com.br\/uvb-json\/wp\/v2\/users\/1"}],"replies":[{"embeddable":true,"href":"https:\/\/uvbbrasil.com.br\/uvb-json\/wp\/v2\/comments?post=26263"}],"version-history":[{"count":0,"href":"https:\/\/uvbbrasil.com.br\/uvb-json\/wp\/v2\/posts\/26263\/revisions"}],"wp:featuredmedia":[{"embeddable":true,"href":"https:\/\/uvbbrasil.com.br\/uvb-json\/wp\/v2\/media\/26264"}],"wp:attachment":[{"href":"https:\/\/uvbbrasil.com.br\/uvb-json\/wp\/v2\/media?parent=26263"}],"wp:term":[{"taxonomy":"category","embeddable":true,"href":"https:\/\/uvbbrasil.com.br\/uvb-json\/wp\/v2\/categories?post=26263"},{"taxonomy":"post_tag","embeddable":true,"href":"https:\/\/uvbbrasil.com.br\/uvb-json\/wp\/v2\/tags?post=26263"}],"curies":[{"name":"wp","href":"https:\/\/api.w.org\/{rel}","templated":true}]}}