{"id":26243,"date":"2022-06-21T10:49:04","date_gmt":"2022-06-21T13:49:04","guid":{"rendered":"https:\/\/wpsandbox4.pante.com.br\/?p=26243"},"modified":"2022-06-21T10:49:04","modified_gmt":"2022-06-21T13:49:04","slug":"justica-cassa-mandatos-de-todos-os-nove-vereadores-e-tres-suplentes-de-monte-horebe-pb","status":"publish","type":"post","link":"https:\/\/uvbbrasil.com.br\/justica-cassa-mandatos-de-todos-os-nove-vereadores-e-tres-suplentes-de-monte-horebe-pb\/","title":{"rendered":"Justi\u00e7a cassa mandatos de todos os nove vereadores e tr\u00eas suplentes de Monte Horebe\/ PB"},"content":{"rendered":"<div class=\"title\">\n<p class=\"content-head__title\">Os nove vereadores e tr\u00eas suplentes, todos do MDB, foram condenados em primeira inst\u00e2ncia por lan\u00e7arem &#8216;candidaturas laranjas&#8217; de tr\u00eas mulheres, apenas para cumprir cota m\u00ednima.<\/p>\n<div class=\"mc-column content-text active-extra-styles \" data-block-type=\"unstyled\" data-block-weight=\"66\" data-block-id=\"2\">\n<p class=\"content-text__container \" data-track-category=\"Link no Texto\" data-track-links=\"\">A Justi\u00e7a Eleitoral cassou os mandatos de todos os nove vereadores e tr\u00eas suplentes da cidade de Monte Horebe, no Sert\u00e3o paraibano, condenados em primeira inst\u00e2ncia por lan\u00e7arem \u201ccandidaturas laranjas\u201d de tr\u00eas mulheres, para cumprir a cota m\u00ednima de 30% do g\u00eanero. A decis\u00e3o \u00e9 do juiz Ricardo Henriques Pereira Amorim, da 40\u00aa Zona Eleitoral de S\u00e3o Jos\u00e9 de Piranhas, e foi proferida na ter\u00e7a-feira (13).<\/p>\n<\/div>\n<div class=\"wall protected-content\">\n<div class=\"mc-column content-text active-extra-styles \" data-block-type=\"unstyled\" data-block-weight=\"58\" data-block-id=\"3\">\n<p class=\"content-text__container \" data-track-category=\"Link no Texto\" data-track-links=\"\">Monte Horebe\/PB, foi <a href=\"https:\/\/g1.globo.com\/pb\/paraiba\/eleicoes\/2020\/noticia\/2020\/11\/22\/paraiba-tem-cinco-cidades-com-prefeito-e-todos-os-vereadores-do-mesmo-partido.ghtml\">uma das cinco cidades\u00a0<\/a>da Para\u00edba em que o\u00a0<a href=\"https:\/\/g1.globo.com\/pb\/paraiba\/noticia\/2020\/11\/16\/marcos-eron-do-mdb-e-eleito-prefeito-de-monte-horebe.ghtml\">prefeito e todos os vereadores eleitos em 2020 eram do mesmo partido<\/a>. No caso desta cidade, os nove cassados eram do MDB. A decis\u00e3o cabe recurso ao Tribunal Regional Eleitoral da Para\u00edba (TRE-PB) e, enquanto a a\u00e7\u00e3o n\u00e3o transitar em julgado, os vereadores permanecem no cargo.<\/p>\n<\/div>\n<div class=\"mc-column content-text active-extra-styles \" data-block-type=\"unstyled\" data-block-weight=\"72\" data-block-id=\"5\">\n<p class=\"content-text__container \" data-track-category=\"Link no Texto\" data-track-links=\"\">A A\u00e7\u00e3o de Investiga\u00e7\u00e3o Judicial Eleitoral (AIJE) que gerou a decis\u00e3o foi movida pelo partido Cidadania. Nela s\u00e3o investigados os vereadores eleitos Edigley Cardoso Ferreira, J\u00falio C\u00e9zar Ferreira Braga, M\u00e1rcio Jos\u00e9 Nogueira, Iranaldo Pereira de Sousa, Joaquim Leite De Brito, Jos\u00e9 Nilton Pereira Dantas, Agamoneo Dias Guarita J\u00fanior, Valtiere Silva Barreiro, Jos\u00e9 Soares De Sousa, al\u00e9m das suplentes: Iracy De Sousa Cavalcanti Ferreira, Maria Marinalva Cardoso Dias e Josefa Alice da Costa.<\/p>\n<\/div>\n<div class=\"mc-column content-text active-extra-styles \" data-block-type=\"unstyled\" data-block-weight=\"38\" data-block-id=\"6\">\n<p class=\"content-text__container \" data-track-category=\"Link no Texto\" data-track-links=\"\">De acordo com a Justi\u00e7a, as investiga\u00e7\u00f5es apontaram que as ent\u00e3o candidatas Nilma Barbosa dos Santos, Josefa Alice Costa e Iracy de Sousa Cavalcanti Ferreira forjaram a pr\u00f3pria participa\u00e7\u00e3o na disputa para beneficiar os homens da chapa.<\/p>\n<\/div>\n<div class=\"mc-column content-text active-extra-styles \" data-block-type=\"unstyled\" data-block-weight=\"45\" data-block-id=\"7\">\n<p class=\"content-text__container \" data-track-category=\"Link no Texto\" data-track-links=\"\">\u2018\u2019As candidaturas femininas em quest\u00e3o verteram as mulheres envolvidas em mero objetos nos jogos pol\u00edticos dos homens do partido, usando-as para possibilitar que eles se lan\u00e7assem em suas campanhas, a partir da fraude \u00e0 legisla\u00e7\u00e3o eleitoral que exige a cota de g\u00eanero\u2019\u2019, afirma o juiz.<\/p>\n<\/div>\n<div class=\"mc-column content-text active-extra-styles \" data-block-type=\"unstyled\" data-block-weight=\"73\" data-block-id=\"8\">\n<p class=\"content-text__container \" data-track-category=\"Link no Texto\" data-track-links=\"\">Um dos casos citados na a\u00e7\u00e3o \u00e9 o de Josefa Costa, que \u00e9 esposa do vereador eleito Jos\u00e9 Nilton Pereira Dantas. Nos autos do processo, consta que ela chegou a alegar que desistiu da disputa na reta final da campanha para apoiar o pr\u00f3prio esposo. Outro caso foi o da candidata Iracy Ferreira, que foi considerada fict\u00edcia, uma vez que realizou campanha clara nas redes sociais, por\u00e9m pedindo voto para outro vereador.<\/p>\n<\/div>\n<p data-track-category=\"Link no Texto\" data-track-links=\"\"><img decoding=\"async\" class=\"alignnone size-medium wp-image-26244\" src=\"https:\/\/uvbbrasil.com.br\/wp-content\/uploads\/2022\/06\/comissao-de-concursos-do-tre-pb-preve-edital-para-este-semestre-800x534-1-750x375-1-300x150.jpg\" alt=\"\" width=\"300\" height=\"150\" srcset=\"https:\/\/uvbbrasil.com.br\/wp-content\/uploads\/2022\/06\/comissao-de-concursos-do-tre-pb-preve-edital-para-este-semestre-800x534-1-750x375-1-300x150.jpg 300w, https:\/\/uvbbrasil.com.br\/wp-content\/uploads\/2022\/06\/comissao-de-concursos-do-tre-pb-preve-edital-para-este-semestre-800x534-1-750x375-1.jpg 750w\" sizes=\"(max-width: 300px) 100vw, 300px\" \/><\/p>\n<\/div>\n<\/div>\n","protected":false},"excerpt":{"rendered":"<p>Os nove vereadores e tr\u00eas suplentes, todos do MDB, foram condenados em primeira inst\u00e2ncia por lan\u00e7arem &#8216;candidaturas laranjas&#8217; de tr\u00eas&#8230;<\/p>\n","protected":false},"author":1,"featured_media":26244,"comment_status":"open","ping_status":"open","sticky":false,"template":"","format":"standard","meta":{"footnotes":""},"categories":[3],"tags":[],"class_list":["post-26243","post","type-post","status-publish","format-standard","has-post-thumbnail","hentry","category-noticias"],"yoast_head":"<!-- This site is optimized with the Yoast SEO plugin v26.7 - https:\/\/yoast.com\/wordpress\/plugins\/seo\/ -->\n<title>Justi\u00e7a cassa mandatos de todos os nove vereadores e tr\u00eas suplentes de Monte Horebe\/ PB - UVB Brasil<\/title>\n<meta name=\"robots\" content=\"index, follow, max-snippet:-1, max-image-preview:large, max-video-preview:-1\" \/>\n<link rel=\"canonical\" href=\"https:\/\/uvbbrasil.com.br\/justica-cassa-mandatos-de-todos-os-nove-vereadores-e-tres-suplentes-de-monte-horebe-pb\/\" \/>\n<meta property=\"og:locale\" content=\"pt_BR\" \/>\n<meta property=\"og:type\" content=\"article\" \/>\n<meta property=\"og:title\" content=\"Justi\u00e7a cassa mandatos de todos os nove vereadores e tr\u00eas suplentes de Monte Horebe\/ PB - UVB Brasil\" \/>\n<meta property=\"og:description\" content=\"Os nove vereadores e tr\u00eas suplentes, todos do MDB, foram condenados em primeira inst\u00e2ncia por lan\u00e7arem &#8216;candidaturas laranjas&#8217; de tr\u00eas...\" \/>\n<meta property=\"og:url\" content=\"https:\/\/uvbbrasil.com.br\/justica-cassa-mandatos-de-todos-os-nove-vereadores-e-tres-suplentes-de-monte-horebe-pb\/\" \/>\n<meta property=\"og:site_name\" content=\"UVB Brasil\" \/>\n<meta property=\"article:publisher\" content=\"https:\/\/www.facebook.com\/uvb.vereadoresbrasil\" \/>\n<meta property=\"article:published_time\" content=\"2022-06-21T13:49:04+00:00\" \/>\n<meta property=\"og:image\" content=\"https:\/\/uvbbrasil.com.br\/wp-content\/uploads\/2022\/06\/comissao-de-concursos-do-tre-pb-preve-edital-para-este-semestre-800x534-1-750x375-1.jpg\" \/>\n\t<meta property=\"og:image:width\" content=\"750\" \/>\n\t<meta property=\"og:image:height\" content=\"375\" \/>\n\t<meta property=\"og:image:type\" content=\"image\/jpeg\" \/>\n<meta name=\"author\" content=\"adminuvb\" \/>\n<meta name=\"twitter:card\" content=\"summary_large_image\" \/>\n<meta name=\"twitter:label1\" content=\"Escrito por\" \/>\n\t<meta name=\"twitter:data1\" content=\"adminuvb\" \/>\n\t<meta name=\"twitter:label2\" content=\"Est. tempo de leitura\" \/>\n\t<meta name=\"twitter:data2\" content=\"2 minutos\" \/>\n<script type=\"application\/ld+json\" class=\"yoast-schema-graph\">{\"@context\":\"https:\/\/schema.org\",\"@graph\":[{\"@type\":\"Article\",\"@id\":\"https:\/\/uvbbrasil.com.br\/justica-cassa-mandatos-de-todos-os-nove-vereadores-e-tres-suplentes-de-monte-horebe-pb\/#article\",\"isPartOf\":{\"@id\":\"https:\/\/uvbbrasil.com.br\/justica-cassa-mandatos-de-todos-os-nove-vereadores-e-tres-suplentes-de-monte-horebe-pb\/\"},\"author\":{\"name\":\"adminuvb\",\"@id\":\"https:\/\/uvbbrasil.com.br\/#\/schema\/person\/17990098446c098f52effddff4f1b272\"},\"headline\":\"Justi\u00e7a cassa mandatos de todos os nove vereadores e tr\u00eas suplentes de Monte Horebe\/ PB\",\"datePublished\":\"2022-06-21T13:49:04+00:00\",\"mainEntityOfPage\":{\"@id\":\"https:\/\/uvbbrasil.com.br\/justica-cassa-mandatos-de-todos-os-nove-vereadores-e-tres-suplentes-de-monte-horebe-pb\/\"},\"wordCount\":430,\"commentCount\":0,\"publisher\":{\"@id\":\"https:\/\/uvbbrasil.com.br\/#organization\"},\"image\":{\"@id\":\"https:\/\/uvbbrasil.com.br\/justica-cassa-mandatos-de-todos-os-nove-vereadores-e-tres-suplentes-de-monte-horebe-pb\/#primaryimage\"},\"thumbnailUrl\":\"https:\/\/uvbbrasil.com.br\/wp-content\/uploads\/2022\/06\/comissao-de-concursos-do-tre-pb-preve-edital-para-este-semestre-800x534-1-750x375-1.jpg\",\"articleSection\":[\"NOT\u00cdCIAS\"],\"inLanguage\":\"pt-BR\",\"potentialAction\":[{\"@type\":\"CommentAction\",\"name\":\"Comment\",\"target\":[\"https:\/\/uvbbrasil.com.br\/justica-cassa-mandatos-de-todos-os-nove-vereadores-e-tres-suplentes-de-monte-horebe-pb\/#respond\"]}]},{\"@type\":\"WebPage\",\"@id\":\"https:\/\/uvbbrasil.com.br\/justica-cassa-mandatos-de-todos-os-nove-vereadores-e-tres-suplentes-de-monte-horebe-pb\/\",\"url\":\"https:\/\/uvbbrasil.com.br\/justica-cassa-mandatos-de-todos-os-nove-vereadores-e-tres-suplentes-de-monte-horebe-pb\/\",\"name\":\"Justi\u00e7a cassa mandatos de todos os nove vereadores e tr\u00eas suplentes de Monte Horebe\/ PB - UVB Brasil\",\"isPartOf\":{\"@id\":\"https:\/\/uvbbrasil.com.br\/#website\"},\"primaryImageOfPage\":{\"@id\":\"https:\/\/uvbbrasil.com.br\/justica-cassa-mandatos-de-todos-os-nove-vereadores-e-tres-suplentes-de-monte-horebe-pb\/#primaryimage\"},\"image\":{\"@id\":\"https:\/\/uvbbrasil.com.br\/justica-cassa-mandatos-de-todos-os-nove-vereadores-e-tres-suplentes-de-monte-horebe-pb\/#primaryimage\"},\"thumbnailUrl\":\"https:\/\/uvbbrasil.com.br\/wp-content\/uploads\/2022\/06\/comissao-de-concursos-do-tre-pb-preve-edital-para-este-semestre-800x534-1-750x375-1.jpg\",\"datePublished\":\"2022-06-21T13:49:04+00:00\",\"breadcrumb\":{\"@id\":\"https:\/\/uvbbrasil.com.br\/justica-cassa-mandatos-de-todos-os-nove-vereadores-e-tres-suplentes-de-monte-horebe-pb\/#breadcrumb\"},\"inLanguage\":\"pt-BR\",\"potentialAction\":[{\"@type\":\"ReadAction\",\"target\":[\"https:\/\/uvbbrasil.com.br\/justica-cassa-mandatos-de-todos-os-nove-vereadores-e-tres-suplentes-de-monte-horebe-pb\/\"]}]},{\"@type\":\"ImageObject\",\"inLanguage\":\"pt-BR\",\"@id\":\"https:\/\/uvbbrasil.com.br\/justica-cassa-mandatos-de-todos-os-nove-vereadores-e-tres-suplentes-de-monte-horebe-pb\/#primaryimage\",\"url\":\"https:\/\/uvbbrasil.com.br\/wp-content\/uploads\/2022\/06\/comissao-de-concursos-do-tre-pb-preve-edital-para-este-semestre-800x534-1-750x375-1.jpg\",\"contentUrl\":\"https:\/\/uvbbrasil.com.br\/wp-content\/uploads\/2022\/06\/comissao-de-concursos-do-tre-pb-preve-edital-para-este-semestre-800x534-1-750x375-1.jpg\",\"width\":750,\"height\":375},{\"@type\":\"BreadcrumbList\",\"@id\":\"https:\/\/uvbbrasil.com.br\/justica-cassa-mandatos-de-todos-os-nove-vereadores-e-tres-suplentes-de-monte-horebe-pb\/#breadcrumb\",\"itemListElement\":[{\"@type\":\"ListItem\",\"position\":1,\"name\":\"In\u00edcio\",\"item\":\"https:\/\/uvbbrasil.com.br\/\"},{\"@type\":\"ListItem\",\"position\":2,\"name\":\"Justi\u00e7a cassa mandatos de todos os nove vereadores e tr\u00eas suplentes de Monte Horebe\/ PB\"}]},{\"@type\":\"WebSite\",\"@id\":\"https:\/\/uvbbrasil.com.br\/#website\",\"url\":\"https:\/\/uvbbrasil.com.br\/\",\"name\":\"UVB Brasil\",\"description\":\"Uni\u00e3o dos Vereadores do Brasil\",\"publisher\":{\"@id\":\"https:\/\/uvbbrasil.com.br\/#organization\"},\"potentialAction\":[{\"@type\":\"SearchAction\",\"target\":{\"@type\":\"EntryPoint\",\"urlTemplate\":\"https:\/\/uvbbrasil.com.br\/?s={search_term_string}\"},\"query-input\":{\"@type\":\"PropertyValueSpecification\",\"valueRequired\":true,\"valueName\":\"search_term_string\"}}],\"inLanguage\":\"pt-BR\"},{\"@type\":\"Organization\",\"@id\":\"https:\/\/uvbbrasil.com.br\/#organization\",\"name\":\"UVB Brasil\",\"url\":\"https:\/\/uvbbrasil.com.br\/\",\"logo\":{\"@type\":\"ImageObject\",\"inLanguage\":\"pt-BR\",\"@id\":\"https:\/\/uvbbrasil.com.br\/#\/schema\/logo\/image\/\",\"url\":\"https:\/\/uvbbrasil.com.br\/wp-content\/uploads\/2025\/01\/LOGO-UVB-2024-azul-1.jpg\",\"contentUrl\":\"https:\/\/uvbbrasil.com.br\/wp-content\/uploads\/2025\/01\/LOGO-UVB-2024-azul-1.jpg\",\"width\":600,\"height\":211,\"caption\":\"UVB Brasil\"},\"image\":{\"@id\":\"https:\/\/uvbbrasil.com.br\/#\/schema\/logo\/image\/\"},\"sameAs\":[\"https:\/\/www.facebook.com\/uvb.vereadoresbrasil\",\"https:\/\/www.instagram.com\/uvbbrasil\/\",\"https:\/\/www.youtube.com\/channel\/UCIlPQ8Xzw5GHNzosQIg9S5A\"]},{\"@type\":\"Person\",\"@id\":\"https:\/\/uvbbrasil.com.br\/#\/schema\/person\/17990098446c098f52effddff4f1b272\",\"name\":\"adminuvb\",\"image\":{\"@type\":\"ImageObject\",\"inLanguage\":\"pt-BR\",\"@id\":\"https:\/\/uvbbrasil.com.br\/#\/schema\/person\/image\/\",\"url\":\"https:\/\/secure.gravatar.com\/avatar\/1a494ea6f8e2dd1ae526e55b0e9497efdba542491e0620d704cccf63c6f77c45?s=96&d=mm&r=g\",\"contentUrl\":\"https:\/\/secure.gravatar.com\/avatar\/1a494ea6f8e2dd1ae526e55b0e9497efdba542491e0620d704cccf63c6f77c45?s=96&d=mm&r=g\",\"caption\":\"adminuvb\"},\"sameAs\":[\"https:\/\/uvbbrasil.com.br\"],\"url\":\"https:\/\/uvbbrasil.com.br\/author\/adminuvb\/\"}]}<\/script>\n<!-- \/ Yoast SEO plugin. -->","yoast_head_json":{"title":"Justi\u00e7a cassa mandatos de todos os nove vereadores e tr\u00eas suplentes de Monte Horebe\/ PB - UVB Brasil","robots":{"index":"index","follow":"follow","max-snippet":"max-snippet:-1","max-image-preview":"max-image-preview:large","max-video-preview":"max-video-preview:-1"},"canonical":"https:\/\/uvbbrasil.com.br\/justica-cassa-mandatos-de-todos-os-nove-vereadores-e-tres-suplentes-de-monte-horebe-pb\/","og_locale":"pt_BR","og_type":"article","og_title":"Justi\u00e7a cassa mandatos de todos os nove vereadores e tr\u00eas suplentes de Monte Horebe\/ PB - UVB Brasil","og_description":"Os nove vereadores e tr\u00eas suplentes, todos do MDB, foram condenados em primeira inst\u00e2ncia por lan\u00e7arem &#8216;candidaturas laranjas&#8217; de tr\u00eas...","og_url":"https:\/\/uvbbrasil.com.br\/justica-cassa-mandatos-de-todos-os-nove-vereadores-e-tres-suplentes-de-monte-horebe-pb\/","og_site_name":"UVB Brasil","article_publisher":"https:\/\/www.facebook.com\/uvb.vereadoresbrasil","article_published_time":"2022-06-21T13:49:04+00:00","og_image":[{"width":750,"height":375,"url":"https:\/\/uvbbrasil.com.br\/wp-content\/uploads\/2022\/06\/comissao-de-concursos-do-tre-pb-preve-edital-para-este-semestre-800x534-1-750x375-1.jpg","type":"image\/jpeg"}],"author":"adminuvb","twitter_card":"summary_large_image","twitter_misc":{"Escrito por":"adminuvb","Est. tempo de leitura":"2 minutos"},"schema":{"@context":"https:\/\/schema.org","@graph":[{"@type":"Article","@id":"https:\/\/uvbbrasil.com.br\/justica-cassa-mandatos-de-todos-os-nove-vereadores-e-tres-suplentes-de-monte-horebe-pb\/#article","isPartOf":{"@id":"https:\/\/uvbbrasil.com.br\/justica-cassa-mandatos-de-todos-os-nove-vereadores-e-tres-suplentes-de-monte-horebe-pb\/"},"author":{"name":"adminuvb","@id":"https:\/\/uvbbrasil.com.br\/#\/schema\/person\/17990098446c098f52effddff4f1b272"},"headline":"Justi\u00e7a cassa mandatos de todos os nove vereadores e tr\u00eas suplentes de Monte Horebe\/ PB","datePublished":"2022-06-21T13:49:04+00:00","mainEntityOfPage":{"@id":"https:\/\/uvbbrasil.com.br\/justica-cassa-mandatos-de-todos-os-nove-vereadores-e-tres-suplentes-de-monte-horebe-pb\/"},"wordCount":430,"commentCount":0,"publisher":{"@id":"https:\/\/uvbbrasil.com.br\/#organization"},"image":{"@id":"https:\/\/uvbbrasil.com.br\/justica-cassa-mandatos-de-todos-os-nove-vereadores-e-tres-suplentes-de-monte-horebe-pb\/#primaryimage"},"thumbnailUrl":"https:\/\/uvbbrasil.com.br\/wp-content\/uploads\/2022\/06\/comissao-de-concursos-do-tre-pb-preve-edital-para-este-semestre-800x534-1-750x375-1.jpg","articleSection":["NOT\u00cdCIAS"],"inLanguage":"pt-BR","potentialAction":[{"@type":"CommentAction","name":"Comment","target":["https:\/\/uvbbrasil.com.br\/justica-cassa-mandatos-de-todos-os-nove-vereadores-e-tres-suplentes-de-monte-horebe-pb\/#respond"]}]},{"@type":"WebPage","@id":"https:\/\/uvbbrasil.com.br\/justica-cassa-mandatos-de-todos-os-nove-vereadores-e-tres-suplentes-de-monte-horebe-pb\/","url":"https:\/\/uvbbrasil.com.br\/justica-cassa-mandatos-de-todos-os-nove-vereadores-e-tres-suplentes-de-monte-horebe-pb\/","name":"Justi\u00e7a cassa mandatos de todos os nove vereadores e tr\u00eas suplentes de Monte Horebe\/ PB - UVB Brasil","isPartOf":{"@id":"https:\/\/uvbbrasil.com.br\/#website"},"primaryImageOfPage":{"@id":"https:\/\/uvbbrasil.com.br\/justica-cassa-mandatos-de-todos-os-nove-vereadores-e-tres-suplentes-de-monte-horebe-pb\/#primaryimage"},"image":{"@id":"https:\/\/uvbbrasil.com.br\/justica-cassa-mandatos-de-todos-os-nove-vereadores-e-tres-suplentes-de-monte-horebe-pb\/#primaryimage"},"thumbnailUrl":"https:\/\/uvbbrasil.com.br\/wp-content\/uploads\/2022\/06\/comissao-de-concursos-do-tre-pb-preve-edital-para-este-semestre-800x534-1-750x375-1.jpg","datePublished":"2022-06-21T13:49:04+00:00","breadcrumb":{"@id":"https:\/\/uvbbrasil.com.br\/justica-cassa-mandatos-de-todos-os-nove-vereadores-e-tres-suplentes-de-monte-horebe-pb\/#breadcrumb"},"inLanguage":"pt-BR","potentialAction":[{"@type":"ReadAction","target":["https:\/\/uvbbrasil.com.br\/justica-cassa-mandatos-de-todos-os-nove-vereadores-e-tres-suplentes-de-monte-horebe-pb\/"]}]},{"@type":"ImageObject","inLanguage":"pt-BR","@id":"https:\/\/uvbbrasil.com.br\/justica-cassa-mandatos-de-todos-os-nove-vereadores-e-tres-suplentes-de-monte-horebe-pb\/#primaryimage","url":"https:\/\/uvbbrasil.com.br\/wp-content\/uploads\/2022\/06\/comissao-de-concursos-do-tre-pb-preve-edital-para-este-semestre-800x534-1-750x375-1.jpg","contentUrl":"https:\/\/uvbbrasil.com.br\/wp-content\/uploads\/2022\/06\/comissao-de-concursos-do-tre-pb-preve-edital-para-este-semestre-800x534-1-750x375-1.jpg","width":750,"height":375},{"@type":"BreadcrumbList","@id":"https:\/\/uvbbrasil.com.br\/justica-cassa-mandatos-de-todos-os-nove-vereadores-e-tres-suplentes-de-monte-horebe-pb\/#breadcrumb","itemListElement":[{"@type":"ListItem","position":1,"name":"In\u00edcio","item":"https:\/\/uvbbrasil.com.br\/"},{"@type":"ListItem","position":2,"name":"Justi\u00e7a cassa mandatos de todos os nove vereadores e tr\u00eas suplentes de Monte Horebe\/ PB"}]},{"@type":"WebSite","@id":"https:\/\/uvbbrasil.com.br\/#website","url":"https:\/\/uvbbrasil.com.br\/","name":"UVB Brasil","description":"Uni\u00e3o dos Vereadores do Brasil","publisher":{"@id":"https:\/\/uvbbrasil.com.br\/#organization"},"potentialAction":[{"@type":"SearchAction","target":{"@type":"EntryPoint","urlTemplate":"https:\/\/uvbbrasil.com.br\/?s={search_term_string}"},"query-input":{"@type":"PropertyValueSpecification","valueRequired":true,"valueName":"search_term_string"}}],"inLanguage":"pt-BR"},{"@type":"Organization","@id":"https:\/\/uvbbrasil.com.br\/#organization","name":"UVB Brasil","url":"https:\/\/uvbbrasil.com.br\/","logo":{"@type":"ImageObject","inLanguage":"pt-BR","@id":"https:\/\/uvbbrasil.com.br\/#\/schema\/logo\/image\/","url":"https:\/\/uvbbrasil.com.br\/wp-content\/uploads\/2025\/01\/LOGO-UVB-2024-azul-1.jpg","contentUrl":"https:\/\/uvbbrasil.com.br\/wp-content\/uploads\/2025\/01\/LOGO-UVB-2024-azul-1.jpg","width":600,"height":211,"caption":"UVB Brasil"},"image":{"@id":"https:\/\/uvbbrasil.com.br\/#\/schema\/logo\/image\/"},"sameAs":["https:\/\/www.facebook.com\/uvb.vereadoresbrasil","https:\/\/www.instagram.com\/uvbbrasil\/","https:\/\/www.youtube.com\/channel\/UCIlPQ8Xzw5GHNzosQIg9S5A"]},{"@type":"Person","@id":"https:\/\/uvbbrasil.com.br\/#\/schema\/person\/17990098446c098f52effddff4f1b272","name":"adminuvb","image":{"@type":"ImageObject","inLanguage":"pt-BR","@id":"https:\/\/uvbbrasil.com.br\/#\/schema\/person\/image\/","url":"https:\/\/secure.gravatar.com\/avatar\/1a494ea6f8e2dd1ae526e55b0e9497efdba542491e0620d704cccf63c6f77c45?s=96&d=mm&r=g","contentUrl":"https:\/\/secure.gravatar.com\/avatar\/1a494ea6f8e2dd1ae526e55b0e9497efdba542491e0620d704cccf63c6f77c45?s=96&d=mm&r=g","caption":"adminuvb"},"sameAs":["https:\/\/uvbbrasil.com.br"],"url":"https:\/\/uvbbrasil.com.br\/author\/adminuvb\/"}]}},"_links":{"self":[{"href":"https:\/\/uvbbrasil.com.br\/uvb-json\/wp\/v2\/posts\/26243","targetHints":{"allow":["GET"]}}],"collection":[{"href":"https:\/\/uvbbrasil.com.br\/uvb-json\/wp\/v2\/posts"}],"about":[{"href":"https:\/\/uvbbrasil.com.br\/uvb-json\/wp\/v2\/types\/post"}],"author":[{"embeddable":true,"href":"https:\/\/uvbbrasil.com.br\/uvb-json\/wp\/v2\/users\/1"}],"replies":[{"embeddable":true,"href":"https:\/\/uvbbrasil.com.br\/uvb-json\/wp\/v2\/comments?post=26243"}],"version-history":[{"count":0,"href":"https:\/\/uvbbrasil.com.br\/uvb-json\/wp\/v2\/posts\/26243\/revisions"}],"wp:featuredmedia":[{"embeddable":true,"href":"https:\/\/uvbbrasil.com.br\/uvb-json\/wp\/v2\/media\/26244"}],"wp:attachment":[{"href":"https:\/\/uvbbrasil.com.br\/uvb-json\/wp\/v2\/media?parent=26243"}],"wp:term":[{"taxonomy":"category","embeddable":true,"href":"https:\/\/uvbbrasil.com.br\/uvb-json\/wp\/v2\/categories?post=26243"},{"taxonomy":"post_tag","embeddable":true,"href":"https:\/\/uvbbrasil.com.br\/uvb-json\/wp\/v2\/tags?post=26243"}],"curies":[{"name":"wp","href":"https:\/\/api.w.org\/{rel}","templated":true}]}}