{"id":26216,"date":"2022-06-14T15:07:23","date_gmt":"2022-06-14T18:07:23","guid":{"rendered":"https:\/\/wpsandbox4.pante.com.br\/?p=26216"},"modified":"2022-06-14T15:07:23","modified_gmt":"2022-06-14T18:07:23","slug":"encontro-nacional-de-legislativos-e-forum-da-mulher-parlamentar-no-rio-de-janeiro-rj-2","status":"publish","type":"post","link":"https:\/\/uvbbrasil.com.br\/encontro-nacional-de-legislativos-e-forum-da-mulher-parlamentar-no-rio-de-janeiro-rj-2\/","title":{"rendered":"Encontro Nacional de Legislativos e F\u00f3rum da Mulher Parlamentar no Rio de Janeiro\/RJ"},"content":{"rendered":"<p>De 28 de junho \u00e1 01 de julho acontece o Encontro Nacional de Legislativos Municipais e o F\u00f3rum da Mulher Parlamentar nesta edi\u00e7\u00e3o o Encontro acontece no Rio de Janeiro.<br \/>\nNa oportunidade ser\u00e1 realizada a posse da diretoria do F\u00f3rum Nacional da Mulher Parlamentar da UVB.<\/p>\n<p>Local: GRAND MERCURE RJ COPACABANA<br \/>\nEndere\u00e7o: Rua Sousa Lima, 48 \u2013 Copacabana, Rio de Janeiro \u2013 RJ, contato (21) 3545-5400<\/p>\n<p>PROGRAMA\u00c7\u00c3O<\/p>\n<p>28\/06 \u2013 TER\u00c7A \u2013 FEIRA<\/p>\n<p>15h \u2013 Recep\u00e7\u00e3o \u2013 Credenciamento \u2013 Distribui\u00e7\u00e3o de Material<\/p>\n<p>18h \u2013 Encerramento<\/p>\n<p>29\/06 \u2013 QUARTA- FEIRA<\/p>\n<p>09h \u2013 Abertura Oficial<\/p>\n<p>10h \u2013 Como se Tornar um Vereador Cinco Estrelas<\/p>\n<p>Elias Rocha Gon\u00e7alves \u2013 Presidente da Associa\u00e7\u00e3o das Escolas Legislativas e de Contas do Estado do Rio de Janeiro -AEL\/RJ, autor do livro Vereador 5 Estrelas<\/p>\n<p>11h \u2013 Painel: Mulheres que Decidem e os seus Desafios<\/p>\n<p>12h \u2013 Intervalo para almo\u00e7o<\/p>\n<p>14h \u2013 O Papel do Parlamento na Constru\u00e7\u00e3o da Cidadania<\/p>\n<p>Dr. Marcelo Farias Larangeira- Doutor em Ci\u00eancias Jur\u00eddicas e Sociais \u2013 PPGSD\/UFF \u2013 Universidade Federal Fluminense<br \/>\nProfessor de Direito Penal, Processual Penal e Direito Eleitoral da Universidade Salgado de Oliveira \u2013 Campus de S\u00e3o Gon\u00e7alo\/RJ<\/p>\n<p>15h \u2013 Mais Mulheres na Pol\u00edtica<\/p>\n<p>Edylene Ferreira, vereadora de Serrinha\/BA, presidente licenciada da UVB-BA e do F\u00f3rum Nacional da Mulher Parlamentar da UVB<\/p>\n<p>16h \u2013 O papel do Legislativo como transformador da sociedade<\/p>\n<p>Presidente da UVB, Vereador de Ira\u00ed\/RS, Gilson Conzatti.<\/p>\n<p>17h \u2013 Apresenta\u00e7\u00e3o do projeto nacional \u201cLegislativo na Escola\u201d<\/p>\n<p>18h \u2013 Encerramento<\/p>\n<p>30\/06 Quinta-Feira<\/p>\n<p>09h- Escola Legislativa e Cidadania<\/p>\n<p>Jo\u00e3o Maria de Lima, Presidente da Associa\u00e7\u00e3o Potiguar das Escolas Legislativas (ASPEL), Diretor da Escola da Assembleia do RN, Fomentou a cria\u00e7\u00e3o de 45 Escolas Legislativas no Rio Grande do Norte.<\/p>\n<p>10h \u2013 Mandato Legislativo com Planejamento Estrat\u00e9gico nas Plataformas Digitais<\/p>\n<p>Ana Paula Mainardi \u2013 P\u00f3s Graduada em Marketing Digital. Assessora Parlamentar na C\u00e2mara de Vereadores de Cap\u00e3o da Canoa\/RS<\/p>\n<p>12h \u2013 Intervalo para almo\u00e7o<\/p>\n<p>14h- Estatuto Jur\u00eddico do Vereador<\/p>\n<p>Dr. Eduardo Requi\u00e3o, Consultor da UVB Brasil, Presidente da OAB no munic\u00edpio de Cama\u00e7ari\/BA, professor de cursos de p\u00f3s gradua\u00e7\u00e3o.<\/p>\n<p>16h- F\u00f3rum da Mulher Parlamentar \u2013 Apresenta\u00e7\u00e3o dos projetos inscritos<\/p>\n<p>17h30 \u2013 Nomea\u00e7\u00e3o e posse da nova diretoria do F\u00f3rum da Mulher<\/p>\n<p>18h \u2013 Homenagem Mulher Destaque<\/p>\n<p>Encerramento<\/p>\n<p>01\/07- Sexta- Feira<\/p>\n<p>09h- Atividade na C\u00e2mara Municipal do Rio de Janeiro\/RJ<\/p>\n<p>12h- Encerramento<\/p>\n<p>( PROGRAMA\u00c7\u00c3O SUJEITA A ALTERA\u00c7\u00d5ES SEM AVISO PR\u00c9VIO)<\/p>\n<p>P\u00fablico Alvo: Vereadores, assessores, diretores, procuradores e servidores de c\u00e2maras municipais, Prefeitos, vice-prefeitos, assessores, diretores, procuradores e servidores de prefeituras municipais, ass<\/p>\n<p><img fetchpriority=\"high\" decoding=\"async\" class=\"alignnone size-medium wp-image-26217\" src=\"https:\/\/uvbbrasil.com.br\/wp-content\/uploads\/2022\/06\/WhatsApp-Image-2022-06-14-at-10.49.53-300x300.jpeg\" alt=\"\" width=\"300\" height=\"300\" srcset=\"https:\/\/uvbbrasil.com.br\/wp-content\/uploads\/2022\/06\/WhatsApp-Image-2022-06-14-at-10.49.53-300x300.jpeg 300w, https:\/\/uvbbrasil.com.br\/wp-content\/uploads\/2022\/06\/WhatsApp-Image-2022-06-14-at-10.49.53-150x150.jpeg 150w, https:\/\/uvbbrasil.com.br\/wp-content\/uploads\/2022\/06\/WhatsApp-Image-2022-06-14-at-10.49.53-768x768.jpeg 768w, https:\/\/uvbbrasil.com.br\/wp-content\/uploads\/2022\/06\/WhatsApp-Image-2022-06-14-at-10.49.53.jpeg 800w\" sizes=\"(max-width: 300px) 100vw, 300px\" \/><\/p>\n","protected":false},"excerpt":{"rendered":"<p>De 28 de junho \u00e1 01 de julho acontece o Encontro Nacional de Legislativos Municipais e o F\u00f3rum da Mulher&#8230;<\/p>\n","protected":false},"author":1,"featured_media":26217,"comment_status":"open","ping_status":"open","sticky":false,"template":"","format":"standard","meta":{"footnotes":""},"categories":[3,4],"tags":[],"class_list":["post-26216","post","type-post","status-publish","format-standard","has-post-thumbnail","hentry","category-noticias","category-home"],"yoast_head":"<!-- This site is optimized with the Yoast SEO plugin v26.7 - https:\/\/yoast.com\/wordpress\/plugins\/seo\/ -->\n<title>Encontro Nacional de Legislativos e F\u00f3rum da Mulher Parlamentar no Rio de Janeiro\/RJ - UVB Brasil<\/title>\n<meta name=\"robots\" content=\"index, follow, max-snippet:-1, max-image-preview:large, max-video-preview:-1\" \/>\n<link rel=\"canonical\" href=\"https:\/\/uvbbrasil.com.br\/encontro-nacional-de-legislativos-e-forum-da-mulher-parlamentar-no-rio-de-janeiro-rj-2\/\" \/>\n<meta property=\"og:locale\" content=\"pt_BR\" \/>\n<meta property=\"og:type\" content=\"article\" \/>\n<meta property=\"og:title\" content=\"Encontro Nacional de Legislativos e F\u00f3rum da Mulher Parlamentar no Rio de Janeiro\/RJ - UVB Brasil\" \/>\n<meta property=\"og:description\" content=\"De 28 de junho \u00e1 01 de julho acontece o Encontro Nacional de Legislativos Municipais e o F\u00f3rum da Mulher...\" \/>\n<meta property=\"og:url\" content=\"https:\/\/uvbbrasil.com.br\/encontro-nacional-de-legislativos-e-forum-da-mulher-parlamentar-no-rio-de-janeiro-rj-2\/\" \/>\n<meta property=\"og:site_name\" content=\"UVB Brasil\" \/>\n<meta property=\"article:publisher\" content=\"https:\/\/www.facebook.com\/uvb.vereadoresbrasil\" \/>\n<meta property=\"article:published_time\" content=\"2022-06-14T18:07:23+00:00\" \/>\n<meta property=\"og:image\" content=\"https:\/\/uvbbrasil.com.br\/wp-content\/uploads\/2022\/06\/WhatsApp-Image-2022-06-14-at-10.49.53.jpeg\" \/>\n\t<meta property=\"og:image:width\" content=\"800\" \/>\n\t<meta property=\"og:image:height\" content=\"800\" \/>\n\t<meta property=\"og:image:type\" content=\"image\/jpeg\" \/>\n<meta name=\"author\" content=\"adminuvb\" \/>\n<meta name=\"twitter:card\" content=\"summary_large_image\" \/>\n<meta name=\"twitter:label1\" content=\"Escrito por\" \/>\n\t<meta name=\"twitter:data1\" content=\"adminuvb\" \/>\n\t<meta name=\"twitter:label2\" content=\"Est. tempo de leitura\" \/>\n\t<meta name=\"twitter:data2\" content=\"2 minutos\" \/>\n<script type=\"application\/ld+json\" class=\"yoast-schema-graph\">{\"@context\":\"https:\/\/schema.org\",\"@graph\":[{\"@type\":\"Article\",\"@id\":\"https:\/\/uvbbrasil.com.br\/encontro-nacional-de-legislativos-e-forum-da-mulher-parlamentar-no-rio-de-janeiro-rj-2\/#article\",\"isPartOf\":{\"@id\":\"https:\/\/uvbbrasil.com.br\/encontro-nacional-de-legislativos-e-forum-da-mulher-parlamentar-no-rio-de-janeiro-rj-2\/\"},\"author\":{\"name\":\"adminuvb\",\"@id\":\"https:\/\/uvbbrasil.com.br\/#\/schema\/person\/17990098446c098f52effddff4f1b272\"},\"headline\":\"Encontro Nacional de Legislativos e F\u00f3rum da Mulher Parlamentar no Rio de Janeiro\/RJ\",\"datePublished\":\"2022-06-14T18:07:23+00:00\",\"mainEntityOfPage\":{\"@id\":\"https:\/\/uvbbrasil.com.br\/encontro-nacional-de-legislativos-e-forum-da-mulher-parlamentar-no-rio-de-janeiro-rj-2\/\"},\"wordCount\":437,\"commentCount\":0,\"publisher\":{\"@id\":\"https:\/\/uvbbrasil.com.br\/#organization\"},\"image\":{\"@id\":\"https:\/\/uvbbrasil.com.br\/encontro-nacional-de-legislativos-e-forum-da-mulher-parlamentar-no-rio-de-janeiro-rj-2\/#primaryimage\"},\"thumbnailUrl\":\"https:\/\/uvbbrasil.com.br\/wp-content\/uploads\/2022\/06\/WhatsApp-Image-2022-06-14-at-10.49.53.jpeg\",\"articleSection\":[\"NOT\u00cdCIAS\",\"UVB\"],\"inLanguage\":\"pt-BR\",\"potentialAction\":[{\"@type\":\"CommentAction\",\"name\":\"Comment\",\"target\":[\"https:\/\/uvbbrasil.com.br\/encontro-nacional-de-legislativos-e-forum-da-mulher-parlamentar-no-rio-de-janeiro-rj-2\/#respond\"]}]},{\"@type\":\"WebPage\",\"@id\":\"https:\/\/uvbbrasil.com.br\/encontro-nacional-de-legislativos-e-forum-da-mulher-parlamentar-no-rio-de-janeiro-rj-2\/\",\"url\":\"https:\/\/uvbbrasil.com.br\/encontro-nacional-de-legislativos-e-forum-da-mulher-parlamentar-no-rio-de-janeiro-rj-2\/\",\"name\":\"Encontro Nacional de Legislativos e F\u00f3rum da Mulher Parlamentar no Rio de Janeiro\/RJ - UVB Brasil\",\"isPartOf\":{\"@id\":\"https:\/\/uvbbrasil.com.br\/#website\"},\"primaryImageOfPage\":{\"@id\":\"https:\/\/uvbbrasil.com.br\/encontro-nacional-de-legislativos-e-forum-da-mulher-parlamentar-no-rio-de-janeiro-rj-2\/#primaryimage\"},\"image\":{\"@id\":\"https:\/\/uvbbrasil.com.br\/encontro-nacional-de-legislativos-e-forum-da-mulher-parlamentar-no-rio-de-janeiro-rj-2\/#primaryimage\"},\"thumbnailUrl\":\"https:\/\/uvbbrasil.com.br\/wp-content\/uploads\/2022\/06\/WhatsApp-Image-2022-06-14-at-10.49.53.jpeg\",\"datePublished\":\"2022-06-14T18:07:23+00:00\",\"breadcrumb\":{\"@id\":\"https:\/\/uvbbrasil.com.br\/encontro-nacional-de-legislativos-e-forum-da-mulher-parlamentar-no-rio-de-janeiro-rj-2\/#breadcrumb\"},\"inLanguage\":\"pt-BR\",\"potentialAction\":[{\"@type\":\"ReadAction\",\"target\":[\"https:\/\/uvbbrasil.com.br\/encontro-nacional-de-legislativos-e-forum-da-mulher-parlamentar-no-rio-de-janeiro-rj-2\/\"]}]},{\"@type\":\"ImageObject\",\"inLanguage\":\"pt-BR\",\"@id\":\"https:\/\/uvbbrasil.com.br\/encontro-nacional-de-legislativos-e-forum-da-mulher-parlamentar-no-rio-de-janeiro-rj-2\/#primaryimage\",\"url\":\"https:\/\/uvbbrasil.com.br\/wp-content\/uploads\/2022\/06\/WhatsApp-Image-2022-06-14-at-10.49.53.jpeg\",\"contentUrl\":\"https:\/\/uvbbrasil.com.br\/wp-content\/uploads\/2022\/06\/WhatsApp-Image-2022-06-14-at-10.49.53.jpeg\",\"width\":800,\"height\":800},{\"@type\":\"BreadcrumbList\",\"@id\":\"https:\/\/uvbbrasil.com.br\/encontro-nacional-de-legislativos-e-forum-da-mulher-parlamentar-no-rio-de-janeiro-rj-2\/#breadcrumb\",\"itemListElement\":[{\"@type\":\"ListItem\",\"position\":1,\"name\":\"In\u00edcio\",\"item\":\"https:\/\/uvbbrasil.com.br\/\"},{\"@type\":\"ListItem\",\"position\":2,\"name\":\"Encontro Nacional de Legislativos e F\u00f3rum da Mulher Parlamentar no Rio de Janeiro\/RJ\"}]},{\"@type\":\"WebSite\",\"@id\":\"https:\/\/uvbbrasil.com.br\/#website\",\"url\":\"https:\/\/uvbbrasil.com.br\/\",\"name\":\"UVB Brasil\",\"description\":\"Uni\u00e3o dos Vereadores do Brasil\",\"publisher\":{\"@id\":\"https:\/\/uvbbrasil.com.br\/#organization\"},\"potentialAction\":[{\"@type\":\"SearchAction\",\"target\":{\"@type\":\"EntryPoint\",\"urlTemplate\":\"https:\/\/uvbbrasil.com.br\/?s={search_term_string}\"},\"query-input\":{\"@type\":\"PropertyValueSpecification\",\"valueRequired\":true,\"valueName\":\"search_term_string\"}}],\"inLanguage\":\"pt-BR\"},{\"@type\":\"Organization\",\"@id\":\"https:\/\/uvbbrasil.com.br\/#organization\",\"name\":\"UVB Brasil\",\"url\":\"https:\/\/uvbbrasil.com.br\/\",\"logo\":{\"@type\":\"ImageObject\",\"inLanguage\":\"pt-BR\",\"@id\":\"https:\/\/uvbbrasil.com.br\/#\/schema\/logo\/image\/\",\"url\":\"https:\/\/uvbbrasil.com.br\/wp-content\/uploads\/2025\/01\/LOGO-UVB-2024-azul-1.jpg\",\"contentUrl\":\"https:\/\/uvbbrasil.com.br\/wp-content\/uploads\/2025\/01\/LOGO-UVB-2024-azul-1.jpg\",\"width\":600,\"height\":211,\"caption\":\"UVB Brasil\"},\"image\":{\"@id\":\"https:\/\/uvbbrasil.com.br\/#\/schema\/logo\/image\/\"},\"sameAs\":[\"https:\/\/www.facebook.com\/uvb.vereadoresbrasil\",\"https:\/\/www.instagram.com\/uvbbrasil\/\",\"https:\/\/www.youtube.com\/channel\/UCIlPQ8Xzw5GHNzosQIg9S5A\"]},{\"@type\":\"Person\",\"@id\":\"https:\/\/uvbbrasil.com.br\/#\/schema\/person\/17990098446c098f52effddff4f1b272\",\"name\":\"adminuvb\",\"image\":{\"@type\":\"ImageObject\",\"inLanguage\":\"pt-BR\",\"@id\":\"https:\/\/uvbbrasil.com.br\/#\/schema\/person\/image\/\",\"url\":\"https:\/\/secure.gravatar.com\/avatar\/1a494ea6f8e2dd1ae526e55b0e9497efdba542491e0620d704cccf63c6f77c45?s=96&d=mm&r=g\",\"contentUrl\":\"https:\/\/secure.gravatar.com\/avatar\/1a494ea6f8e2dd1ae526e55b0e9497efdba542491e0620d704cccf63c6f77c45?s=96&d=mm&r=g\",\"caption\":\"adminuvb\"},\"sameAs\":[\"https:\/\/uvbbrasil.com.br\"],\"url\":\"https:\/\/uvbbrasil.com.br\/author\/adminuvb\/\"}]}<\/script>\n<!-- \/ Yoast SEO plugin. -->","yoast_head_json":{"title":"Encontro Nacional de Legislativos e F\u00f3rum da Mulher Parlamentar no Rio de Janeiro\/RJ - UVB Brasil","robots":{"index":"index","follow":"follow","max-snippet":"max-snippet:-1","max-image-preview":"max-image-preview:large","max-video-preview":"max-video-preview:-1"},"canonical":"https:\/\/uvbbrasil.com.br\/encontro-nacional-de-legislativos-e-forum-da-mulher-parlamentar-no-rio-de-janeiro-rj-2\/","og_locale":"pt_BR","og_type":"article","og_title":"Encontro Nacional de Legislativos e F\u00f3rum da Mulher Parlamentar no Rio de Janeiro\/RJ - UVB Brasil","og_description":"De 28 de junho \u00e1 01 de julho acontece o Encontro Nacional de Legislativos Municipais e o F\u00f3rum da Mulher...","og_url":"https:\/\/uvbbrasil.com.br\/encontro-nacional-de-legislativos-e-forum-da-mulher-parlamentar-no-rio-de-janeiro-rj-2\/","og_site_name":"UVB Brasil","article_publisher":"https:\/\/www.facebook.com\/uvb.vereadoresbrasil","article_published_time":"2022-06-14T18:07:23+00:00","og_image":[{"width":800,"height":800,"url":"https:\/\/uvbbrasil.com.br\/wp-content\/uploads\/2022\/06\/WhatsApp-Image-2022-06-14-at-10.49.53.jpeg","type":"image\/jpeg"}],"author":"adminuvb","twitter_card":"summary_large_image","twitter_misc":{"Escrito por":"adminuvb","Est. tempo de leitura":"2 minutos"},"schema":{"@context":"https:\/\/schema.org","@graph":[{"@type":"Article","@id":"https:\/\/uvbbrasil.com.br\/encontro-nacional-de-legislativos-e-forum-da-mulher-parlamentar-no-rio-de-janeiro-rj-2\/#article","isPartOf":{"@id":"https:\/\/uvbbrasil.com.br\/encontro-nacional-de-legislativos-e-forum-da-mulher-parlamentar-no-rio-de-janeiro-rj-2\/"},"author":{"name":"adminuvb","@id":"https:\/\/uvbbrasil.com.br\/#\/schema\/person\/17990098446c098f52effddff4f1b272"},"headline":"Encontro Nacional de Legislativos e F\u00f3rum da Mulher Parlamentar no Rio de Janeiro\/RJ","datePublished":"2022-06-14T18:07:23+00:00","mainEntityOfPage":{"@id":"https:\/\/uvbbrasil.com.br\/encontro-nacional-de-legislativos-e-forum-da-mulher-parlamentar-no-rio-de-janeiro-rj-2\/"},"wordCount":437,"commentCount":0,"publisher":{"@id":"https:\/\/uvbbrasil.com.br\/#organization"},"image":{"@id":"https:\/\/uvbbrasil.com.br\/encontro-nacional-de-legislativos-e-forum-da-mulher-parlamentar-no-rio-de-janeiro-rj-2\/#primaryimage"},"thumbnailUrl":"https:\/\/uvbbrasil.com.br\/wp-content\/uploads\/2022\/06\/WhatsApp-Image-2022-06-14-at-10.49.53.jpeg","articleSection":["NOT\u00cdCIAS","UVB"],"inLanguage":"pt-BR","potentialAction":[{"@type":"CommentAction","name":"Comment","target":["https:\/\/uvbbrasil.com.br\/encontro-nacional-de-legislativos-e-forum-da-mulher-parlamentar-no-rio-de-janeiro-rj-2\/#respond"]}]},{"@type":"WebPage","@id":"https:\/\/uvbbrasil.com.br\/encontro-nacional-de-legislativos-e-forum-da-mulher-parlamentar-no-rio-de-janeiro-rj-2\/","url":"https:\/\/uvbbrasil.com.br\/encontro-nacional-de-legislativos-e-forum-da-mulher-parlamentar-no-rio-de-janeiro-rj-2\/","name":"Encontro Nacional de Legislativos e F\u00f3rum da Mulher Parlamentar no Rio de Janeiro\/RJ - UVB Brasil","isPartOf":{"@id":"https:\/\/uvbbrasil.com.br\/#website"},"primaryImageOfPage":{"@id":"https:\/\/uvbbrasil.com.br\/encontro-nacional-de-legislativos-e-forum-da-mulher-parlamentar-no-rio-de-janeiro-rj-2\/#primaryimage"},"image":{"@id":"https:\/\/uvbbrasil.com.br\/encontro-nacional-de-legislativos-e-forum-da-mulher-parlamentar-no-rio-de-janeiro-rj-2\/#primaryimage"},"thumbnailUrl":"https:\/\/uvbbrasil.com.br\/wp-content\/uploads\/2022\/06\/WhatsApp-Image-2022-06-14-at-10.49.53.jpeg","datePublished":"2022-06-14T18:07:23+00:00","breadcrumb":{"@id":"https:\/\/uvbbrasil.com.br\/encontro-nacional-de-legislativos-e-forum-da-mulher-parlamentar-no-rio-de-janeiro-rj-2\/#breadcrumb"},"inLanguage":"pt-BR","potentialAction":[{"@type":"ReadAction","target":["https:\/\/uvbbrasil.com.br\/encontro-nacional-de-legislativos-e-forum-da-mulher-parlamentar-no-rio-de-janeiro-rj-2\/"]}]},{"@type":"ImageObject","inLanguage":"pt-BR","@id":"https:\/\/uvbbrasil.com.br\/encontro-nacional-de-legislativos-e-forum-da-mulher-parlamentar-no-rio-de-janeiro-rj-2\/#primaryimage","url":"https:\/\/uvbbrasil.com.br\/wp-content\/uploads\/2022\/06\/WhatsApp-Image-2022-06-14-at-10.49.53.jpeg","contentUrl":"https:\/\/uvbbrasil.com.br\/wp-content\/uploads\/2022\/06\/WhatsApp-Image-2022-06-14-at-10.49.53.jpeg","width":800,"height":800},{"@type":"BreadcrumbList","@id":"https:\/\/uvbbrasil.com.br\/encontro-nacional-de-legislativos-e-forum-da-mulher-parlamentar-no-rio-de-janeiro-rj-2\/#breadcrumb","itemListElement":[{"@type":"ListItem","position":1,"name":"In\u00edcio","item":"https:\/\/uvbbrasil.com.br\/"},{"@type":"ListItem","position":2,"name":"Encontro Nacional de Legislativos e F\u00f3rum da Mulher Parlamentar no Rio de Janeiro\/RJ"}]},{"@type":"WebSite","@id":"https:\/\/uvbbrasil.com.br\/#website","url":"https:\/\/uvbbrasil.com.br\/","name":"UVB Brasil","description":"Uni\u00e3o dos Vereadores do Brasil","publisher":{"@id":"https:\/\/uvbbrasil.com.br\/#organization"},"potentialAction":[{"@type":"SearchAction","target":{"@type":"EntryPoint","urlTemplate":"https:\/\/uvbbrasil.com.br\/?s={search_term_string}"},"query-input":{"@type":"PropertyValueSpecification","valueRequired":true,"valueName":"search_term_string"}}],"inLanguage":"pt-BR"},{"@type":"Organization","@id":"https:\/\/uvbbrasil.com.br\/#organization","name":"UVB Brasil","url":"https:\/\/uvbbrasil.com.br\/","logo":{"@type":"ImageObject","inLanguage":"pt-BR","@id":"https:\/\/uvbbrasil.com.br\/#\/schema\/logo\/image\/","url":"https:\/\/uvbbrasil.com.br\/wp-content\/uploads\/2025\/01\/LOGO-UVB-2024-azul-1.jpg","contentUrl":"https:\/\/uvbbrasil.com.br\/wp-content\/uploads\/2025\/01\/LOGO-UVB-2024-azul-1.jpg","width":600,"height":211,"caption":"UVB Brasil"},"image":{"@id":"https:\/\/uvbbrasil.com.br\/#\/schema\/logo\/image\/"},"sameAs":["https:\/\/www.facebook.com\/uvb.vereadoresbrasil","https:\/\/www.instagram.com\/uvbbrasil\/","https:\/\/www.youtube.com\/channel\/UCIlPQ8Xzw5GHNzosQIg9S5A"]},{"@type":"Person","@id":"https:\/\/uvbbrasil.com.br\/#\/schema\/person\/17990098446c098f52effddff4f1b272","name":"adminuvb","image":{"@type":"ImageObject","inLanguage":"pt-BR","@id":"https:\/\/uvbbrasil.com.br\/#\/schema\/person\/image\/","url":"https:\/\/secure.gravatar.com\/avatar\/1a494ea6f8e2dd1ae526e55b0e9497efdba542491e0620d704cccf63c6f77c45?s=96&d=mm&r=g","contentUrl":"https:\/\/secure.gravatar.com\/avatar\/1a494ea6f8e2dd1ae526e55b0e9497efdba542491e0620d704cccf63c6f77c45?s=96&d=mm&r=g","caption":"adminuvb"},"sameAs":["https:\/\/uvbbrasil.com.br"],"url":"https:\/\/uvbbrasil.com.br\/author\/adminuvb\/"}]}},"_links":{"self":[{"href":"https:\/\/uvbbrasil.com.br\/uvb-json\/wp\/v2\/posts\/26216","targetHints":{"allow":["GET"]}}],"collection":[{"href":"https:\/\/uvbbrasil.com.br\/uvb-json\/wp\/v2\/posts"}],"about":[{"href":"https:\/\/uvbbrasil.com.br\/uvb-json\/wp\/v2\/types\/post"}],"author":[{"embeddable":true,"href":"https:\/\/uvbbrasil.com.br\/uvb-json\/wp\/v2\/users\/1"}],"replies":[{"embeddable":true,"href":"https:\/\/uvbbrasil.com.br\/uvb-json\/wp\/v2\/comments?post=26216"}],"version-history":[{"count":0,"href":"https:\/\/uvbbrasil.com.br\/uvb-json\/wp\/v2\/posts\/26216\/revisions"}],"wp:featuredmedia":[{"embeddable":true,"href":"https:\/\/uvbbrasil.com.br\/uvb-json\/wp\/v2\/media\/26217"}],"wp:attachment":[{"href":"https:\/\/uvbbrasil.com.br\/uvb-json\/wp\/v2\/media?parent=26216"}],"wp:term":[{"taxonomy":"category","embeddable":true,"href":"https:\/\/uvbbrasil.com.br\/uvb-json\/wp\/v2\/categories?post=26216"},{"taxonomy":"post_tag","embeddable":true,"href":"https:\/\/uvbbrasil.com.br\/uvb-json\/wp\/v2\/tags?post=26216"}],"curies":[{"name":"wp","href":"https:\/\/api.w.org\/{rel}","templated":true}]}}