{"id":26213,"date":"2022-06-14T15:03:34","date_gmt":"2022-06-14T18:03:34","guid":{"rendered":"https:\/\/wpsandbox4.pante.com.br\/?p=26213"},"modified":"2022-06-14T15:03:34","modified_gmt":"2022-06-14T18:03:34","slug":"edson-brum-toma-posse-como-conselheiro-do-tce-rs","status":"publish","type":"post","link":"https:\/\/uvbbrasil.com.br\/edson-brum-toma-posse-como-conselheiro-do-tce-rs\/","title":{"rendered":"Edson Brum toma posse como conselheiro do TCE-RS"},"content":{"rendered":"<p>O Tribunal de Contas do Estado (TCE-RS) realizou nesta ter\u00e7a-feira (14) a sess\u00e3o especial de posse do 55\u00ba conselheiro da corte, Edson Brum. Ele assumiu a vaga decorrente da aposentadoria do conselheiro Algir Lorenzon, em mar\u00e7o deste ano, e foi indicado pela Assembleia Legislativa.<\/p>\n<p>No in\u00edcio da cerim\u00f4nia, presidida pelo presidente do TCE-RS, conselheiro Alexandre Postal, Edson Brum foi conduzido \u00e0 mesa pelo conselheiro Cezar Miola, e pelo procurador-geral do Minist\u00e9rio P\u00fablico de Contas (MPC), Geraldo da Camino.<\/p>\n<p>Ap\u00f3s a leitura e assinatura do Termo de Posse pelo empossado, Geraldo da Camino saudou o novo conselheiro e reafirmou a parceria entre o Minist\u00e9rio P\u00fablico e o Tribunal de Contas, salientando a import\u00e2ncia do trabalho em conjunto entre os \u00f3rg\u00e3os.<\/p>\n<p>Cezar Miola, representando os integrantes do Conselho do TCE-RS destacou\u00a0<em>\u201ca bel\u00edssima e rica trajet\u00f3ria do novo conselheiro\u201d<\/em>. Fazendo refer\u00eancia ao discurso de despedida de Edson Brum da Assembleia Legislativa, Miola frisou alguns temas ent\u00e3o mencionados pelo empossado, como a defesa do ensino t\u00e9cnico, do setor prim\u00e1rio, da economia e da infraestrutura.\u00a0<em>\u201cH\u00e1 muito o que fazer, tamb\u00e9m nesta casa, a respeito de tais pautas. Apenas que sob outro vi\u00e9s, n\u00e3o menos relevante, qual seja, o do controle da Administra\u00e7\u00e3o P\u00fablica. Aqui trabalhamos para que as delibera\u00e7\u00f5es de quem \u00e9 investido pela legitimidade democr\u00e1tica, o Pode Legislativo e os governos, e traduzidas no or\u00e7amento, se materializem. \u00c9 uma outra face de um s\u00e1bio arranjo constitucional s\u00f3 poss\u00edvel em ambientes democr\u00e1ticos e pautados pela responsabilidade dos agentes p\u00fablicos\u201d<\/em>.<\/p>\n<p>Em seu discurso, Edson Brum afirmou que a sua atua\u00e7\u00e3o ser\u00e1 pautada pelos princ\u00edpios expressos na Constitui\u00e7\u00e3o Federal, e que considera fundamental a atividade do Tribunal de Contas como \u00f3rg\u00e3o de controle.\u00a0<em>\u201cA exist\u00eancia de mecanismos de controle de cada poder, citando os controles interno, hier\u00e1rquico, supervisional, final\u00edstico e autocontrole, n\u00e3o afasta a necessidade de um controle externo a ser exercido por uma institui\u00e7\u00e3o aut\u00f4noma e independente, que tem o objetivo claro de fiscalizar a atividade financeira do Estado\u201d<\/em>.<\/p>\n<p>O governador do Estado, Ranolfo Vieira Jr., disse que considera a natureza da composi\u00e7\u00e3o dos Tribunais de Contas importante para a atua\u00e7\u00e3o das institui\u00e7\u00f5es porque equilibra o conhecimento t\u00e9cnico e jur\u00eddico com a viv\u00eancia p\u00fablica de ex-parlamentares e ocupantes de outros cargos pol\u00edticos. Por fim, afirmou n\u00e3o ter d\u00favida de que\u00a0<em>\u201co conselheiro Edson Brum ir\u00e1 enriquecer ainda mais as decis\u00f5es do nosso TCE-RS\u201d<\/em>.<\/p>\n<p>Encerrando a cerim\u00f4nia, o presidente do tribunal, conselheiro Alexandre Postal, deu boas-vindas ao novo conselheiro, saudando as autoridades e familiares presentes e relembrando a trajet\u00f3ria e o trabalho de Brum na Assembleia Legislativa do Estado.<\/p>\n<h2>Edson Brum<\/h2>\n<p>Natural de Rio Pardo, Edson Brum \u00e9 graduado em Gest\u00e3o de Recursos Humanos e Gest\u00e3o P\u00fablica, com MBA em Ci\u00eancia Pol\u00edtica: Rela\u00e7\u00e3o Institucional e Governamental. Exerceu cinco mandatos como deputado estadual, tendo presidido a Assembleia Legislativa em 2015. Tamb\u00e9m foi secret\u00e1rio de Desenvolvimento Econ\u00f4mico do Rio Grande do Sul at\u00e9 13 de junho de 2022.<\/p>\n<p><img fetchpriority=\"high\" decoding=\"async\" class=\"alignnone size-medium wp-image-26214\" src=\"https:\/\/uvbbrasil.com.br\/wp-content\/uploads\/2022\/06\/dsc_0406-300x200.jpg\" alt=\"\" width=\"300\" height=\"200\" srcset=\"https:\/\/uvbbrasil.com.br\/wp-content\/uploads\/2022\/06\/dsc_0406-300x200.jpg 300w, https:\/\/uvbbrasil.com.br\/wp-content\/uploads\/2022\/06\/dsc_0406-768x512.jpg 768w, https:\/\/uvbbrasil.com.br\/wp-content\/uploads\/2022\/06\/dsc_0406.jpg 800w\" sizes=\"(max-width: 300px) 100vw, 300px\" \/><\/p>\n","protected":false},"excerpt":{"rendered":"<p>O Tribunal de Contas do Estado (TCE-RS) realizou nesta ter\u00e7a-feira (14) a sess\u00e3o especial de posse do 55\u00ba conselheiro da&#8230;<\/p>\n","protected":false},"author":1,"featured_media":26214,"comment_status":"open","ping_status":"open","sticky":false,"template":"","format":"standard","meta":{"footnotes":""},"categories":[3],"tags":[],"class_list":["post-26213","post","type-post","status-publish","format-standard","has-post-thumbnail","hentry","category-noticias"],"yoast_head":"<!-- This site is optimized with the Yoast SEO plugin v26.7 - https:\/\/yoast.com\/wordpress\/plugins\/seo\/ -->\n<title>Edson Brum toma posse como conselheiro do TCE-RS - UVB Brasil<\/title>\n<meta name=\"robots\" content=\"index, follow, max-snippet:-1, max-image-preview:large, max-video-preview:-1\" \/>\n<link rel=\"canonical\" href=\"https:\/\/uvbbrasil.com.br\/edson-brum-toma-posse-como-conselheiro-do-tce-rs\/\" \/>\n<meta property=\"og:locale\" content=\"pt_BR\" \/>\n<meta property=\"og:type\" content=\"article\" \/>\n<meta property=\"og:title\" content=\"Edson Brum toma posse como conselheiro do TCE-RS - UVB Brasil\" \/>\n<meta property=\"og:description\" content=\"O Tribunal de Contas do Estado (TCE-RS) realizou nesta ter\u00e7a-feira (14) a sess\u00e3o especial de posse do 55\u00ba conselheiro da...\" \/>\n<meta property=\"og:url\" content=\"https:\/\/uvbbrasil.com.br\/edson-brum-toma-posse-como-conselheiro-do-tce-rs\/\" \/>\n<meta property=\"og:site_name\" content=\"UVB Brasil\" \/>\n<meta property=\"article:publisher\" content=\"https:\/\/www.facebook.com\/uvb.vereadoresbrasil\" \/>\n<meta property=\"article:published_time\" content=\"2022-06-14T18:03:34+00:00\" \/>\n<meta property=\"og:image\" content=\"https:\/\/uvbbrasil.com.br\/wp-content\/uploads\/2022\/06\/dsc_0406.jpg\" \/>\n\t<meta property=\"og:image:width\" content=\"800\" \/>\n\t<meta property=\"og:image:height\" content=\"533\" \/>\n\t<meta property=\"og:image:type\" content=\"image\/jpeg\" \/>\n<meta name=\"author\" content=\"adminuvb\" \/>\n<meta name=\"twitter:card\" content=\"summary_large_image\" \/>\n<meta name=\"twitter:label1\" content=\"Escrito por\" \/>\n\t<meta name=\"twitter:data1\" content=\"adminuvb\" \/>\n\t<meta name=\"twitter:label2\" content=\"Est. tempo de leitura\" \/>\n\t<meta name=\"twitter:data2\" content=\"3 minutos\" \/>\n<script type=\"application\/ld+json\" class=\"yoast-schema-graph\">{\"@context\":\"https:\/\/schema.org\",\"@graph\":[{\"@type\":\"Article\",\"@id\":\"https:\/\/uvbbrasil.com.br\/edson-brum-toma-posse-como-conselheiro-do-tce-rs\/#article\",\"isPartOf\":{\"@id\":\"https:\/\/uvbbrasil.com.br\/edson-brum-toma-posse-como-conselheiro-do-tce-rs\/\"},\"author\":{\"name\":\"adminuvb\",\"@id\":\"https:\/\/uvbbrasil.com.br\/#\/schema\/person\/17990098446c098f52effddff4f1b272\"},\"headline\":\"Edson Brum toma posse como conselheiro do TCE-RS\",\"datePublished\":\"2022-06-14T18:03:34+00:00\",\"mainEntityOfPage\":{\"@id\":\"https:\/\/uvbbrasil.com.br\/edson-brum-toma-posse-como-conselheiro-do-tce-rs\/\"},\"wordCount\":542,\"commentCount\":0,\"publisher\":{\"@id\":\"https:\/\/uvbbrasil.com.br\/#organization\"},\"image\":{\"@id\":\"https:\/\/uvbbrasil.com.br\/edson-brum-toma-posse-como-conselheiro-do-tce-rs\/#primaryimage\"},\"thumbnailUrl\":\"https:\/\/uvbbrasil.com.br\/wp-content\/uploads\/2022\/06\/dsc_0406.jpg\",\"articleSection\":[\"NOT\u00cdCIAS\"],\"inLanguage\":\"pt-BR\",\"potentialAction\":[{\"@type\":\"CommentAction\",\"name\":\"Comment\",\"target\":[\"https:\/\/uvbbrasil.com.br\/edson-brum-toma-posse-como-conselheiro-do-tce-rs\/#respond\"]}]},{\"@type\":\"WebPage\",\"@id\":\"https:\/\/uvbbrasil.com.br\/edson-brum-toma-posse-como-conselheiro-do-tce-rs\/\",\"url\":\"https:\/\/uvbbrasil.com.br\/edson-brum-toma-posse-como-conselheiro-do-tce-rs\/\",\"name\":\"Edson Brum toma posse como conselheiro do TCE-RS - UVB Brasil\",\"isPartOf\":{\"@id\":\"https:\/\/uvbbrasil.com.br\/#website\"},\"primaryImageOfPage\":{\"@id\":\"https:\/\/uvbbrasil.com.br\/edson-brum-toma-posse-como-conselheiro-do-tce-rs\/#primaryimage\"},\"image\":{\"@id\":\"https:\/\/uvbbrasil.com.br\/edson-brum-toma-posse-como-conselheiro-do-tce-rs\/#primaryimage\"},\"thumbnailUrl\":\"https:\/\/uvbbrasil.com.br\/wp-content\/uploads\/2022\/06\/dsc_0406.jpg\",\"datePublished\":\"2022-06-14T18:03:34+00:00\",\"breadcrumb\":{\"@id\":\"https:\/\/uvbbrasil.com.br\/edson-brum-toma-posse-como-conselheiro-do-tce-rs\/#breadcrumb\"},\"inLanguage\":\"pt-BR\",\"potentialAction\":[{\"@type\":\"ReadAction\",\"target\":[\"https:\/\/uvbbrasil.com.br\/edson-brum-toma-posse-como-conselheiro-do-tce-rs\/\"]}]},{\"@type\":\"ImageObject\",\"inLanguage\":\"pt-BR\",\"@id\":\"https:\/\/uvbbrasil.com.br\/edson-brum-toma-posse-como-conselheiro-do-tce-rs\/#primaryimage\",\"url\":\"https:\/\/uvbbrasil.com.br\/wp-content\/uploads\/2022\/06\/dsc_0406.jpg\",\"contentUrl\":\"https:\/\/uvbbrasil.com.br\/wp-content\/uploads\/2022\/06\/dsc_0406.jpg\",\"width\":800,\"height\":533},{\"@type\":\"BreadcrumbList\",\"@id\":\"https:\/\/uvbbrasil.com.br\/edson-brum-toma-posse-como-conselheiro-do-tce-rs\/#breadcrumb\",\"itemListElement\":[{\"@type\":\"ListItem\",\"position\":1,\"name\":\"In\u00edcio\",\"item\":\"https:\/\/uvbbrasil.com.br\/\"},{\"@type\":\"ListItem\",\"position\":2,\"name\":\"Edson Brum toma posse como conselheiro do TCE-RS\"}]},{\"@type\":\"WebSite\",\"@id\":\"https:\/\/uvbbrasil.com.br\/#website\",\"url\":\"https:\/\/uvbbrasil.com.br\/\",\"name\":\"UVB Brasil\",\"description\":\"Uni\u00e3o dos Vereadores do Brasil\",\"publisher\":{\"@id\":\"https:\/\/uvbbrasil.com.br\/#organization\"},\"potentialAction\":[{\"@type\":\"SearchAction\",\"target\":{\"@type\":\"EntryPoint\",\"urlTemplate\":\"https:\/\/uvbbrasil.com.br\/?s={search_term_string}\"},\"query-input\":{\"@type\":\"PropertyValueSpecification\",\"valueRequired\":true,\"valueName\":\"search_term_string\"}}],\"inLanguage\":\"pt-BR\"},{\"@type\":\"Organization\",\"@id\":\"https:\/\/uvbbrasil.com.br\/#organization\",\"name\":\"UVB Brasil\",\"url\":\"https:\/\/uvbbrasil.com.br\/\",\"logo\":{\"@type\":\"ImageObject\",\"inLanguage\":\"pt-BR\",\"@id\":\"https:\/\/uvbbrasil.com.br\/#\/schema\/logo\/image\/\",\"url\":\"https:\/\/uvbbrasil.com.br\/wp-content\/uploads\/2025\/01\/LOGO-UVB-2024-azul-1.jpg\",\"contentUrl\":\"https:\/\/uvbbrasil.com.br\/wp-content\/uploads\/2025\/01\/LOGO-UVB-2024-azul-1.jpg\",\"width\":600,\"height\":211,\"caption\":\"UVB Brasil\"},\"image\":{\"@id\":\"https:\/\/uvbbrasil.com.br\/#\/schema\/logo\/image\/\"},\"sameAs\":[\"https:\/\/www.facebook.com\/uvb.vereadoresbrasil\",\"https:\/\/www.instagram.com\/uvbbrasil\/\",\"https:\/\/www.youtube.com\/channel\/UCIlPQ8Xzw5GHNzosQIg9S5A\"]},{\"@type\":\"Person\",\"@id\":\"https:\/\/uvbbrasil.com.br\/#\/schema\/person\/17990098446c098f52effddff4f1b272\",\"name\":\"adminuvb\",\"image\":{\"@type\":\"ImageObject\",\"inLanguage\":\"pt-BR\",\"@id\":\"https:\/\/uvbbrasil.com.br\/#\/schema\/person\/image\/\",\"url\":\"https:\/\/secure.gravatar.com\/avatar\/1a494ea6f8e2dd1ae526e55b0e9497efdba542491e0620d704cccf63c6f77c45?s=96&d=mm&r=g\",\"contentUrl\":\"https:\/\/secure.gravatar.com\/avatar\/1a494ea6f8e2dd1ae526e55b0e9497efdba542491e0620d704cccf63c6f77c45?s=96&d=mm&r=g\",\"caption\":\"adminuvb\"},\"sameAs\":[\"https:\/\/uvbbrasil.com.br\"],\"url\":\"https:\/\/uvbbrasil.com.br\/author\/adminuvb\/\"}]}<\/script>\n<!-- \/ Yoast SEO plugin. -->","yoast_head_json":{"title":"Edson Brum toma posse como conselheiro do TCE-RS - UVB Brasil","robots":{"index":"index","follow":"follow","max-snippet":"max-snippet:-1","max-image-preview":"max-image-preview:large","max-video-preview":"max-video-preview:-1"},"canonical":"https:\/\/uvbbrasil.com.br\/edson-brum-toma-posse-como-conselheiro-do-tce-rs\/","og_locale":"pt_BR","og_type":"article","og_title":"Edson Brum toma posse como conselheiro do TCE-RS - UVB Brasil","og_description":"O Tribunal de Contas do Estado (TCE-RS) realizou nesta ter\u00e7a-feira (14) a sess\u00e3o especial de posse do 55\u00ba conselheiro da...","og_url":"https:\/\/uvbbrasil.com.br\/edson-brum-toma-posse-como-conselheiro-do-tce-rs\/","og_site_name":"UVB Brasil","article_publisher":"https:\/\/www.facebook.com\/uvb.vereadoresbrasil","article_published_time":"2022-06-14T18:03:34+00:00","og_image":[{"width":800,"height":533,"url":"https:\/\/uvbbrasil.com.br\/wp-content\/uploads\/2022\/06\/dsc_0406.jpg","type":"image\/jpeg"}],"author":"adminuvb","twitter_card":"summary_large_image","twitter_misc":{"Escrito por":"adminuvb","Est. tempo de leitura":"3 minutos"},"schema":{"@context":"https:\/\/schema.org","@graph":[{"@type":"Article","@id":"https:\/\/uvbbrasil.com.br\/edson-brum-toma-posse-como-conselheiro-do-tce-rs\/#article","isPartOf":{"@id":"https:\/\/uvbbrasil.com.br\/edson-brum-toma-posse-como-conselheiro-do-tce-rs\/"},"author":{"name":"adminuvb","@id":"https:\/\/uvbbrasil.com.br\/#\/schema\/person\/17990098446c098f52effddff4f1b272"},"headline":"Edson Brum toma posse como conselheiro do TCE-RS","datePublished":"2022-06-14T18:03:34+00:00","mainEntityOfPage":{"@id":"https:\/\/uvbbrasil.com.br\/edson-brum-toma-posse-como-conselheiro-do-tce-rs\/"},"wordCount":542,"commentCount":0,"publisher":{"@id":"https:\/\/uvbbrasil.com.br\/#organization"},"image":{"@id":"https:\/\/uvbbrasil.com.br\/edson-brum-toma-posse-como-conselheiro-do-tce-rs\/#primaryimage"},"thumbnailUrl":"https:\/\/uvbbrasil.com.br\/wp-content\/uploads\/2022\/06\/dsc_0406.jpg","articleSection":["NOT\u00cdCIAS"],"inLanguage":"pt-BR","potentialAction":[{"@type":"CommentAction","name":"Comment","target":["https:\/\/uvbbrasil.com.br\/edson-brum-toma-posse-como-conselheiro-do-tce-rs\/#respond"]}]},{"@type":"WebPage","@id":"https:\/\/uvbbrasil.com.br\/edson-brum-toma-posse-como-conselheiro-do-tce-rs\/","url":"https:\/\/uvbbrasil.com.br\/edson-brum-toma-posse-como-conselheiro-do-tce-rs\/","name":"Edson Brum toma posse como conselheiro do TCE-RS - UVB Brasil","isPartOf":{"@id":"https:\/\/uvbbrasil.com.br\/#website"},"primaryImageOfPage":{"@id":"https:\/\/uvbbrasil.com.br\/edson-brum-toma-posse-como-conselheiro-do-tce-rs\/#primaryimage"},"image":{"@id":"https:\/\/uvbbrasil.com.br\/edson-brum-toma-posse-como-conselheiro-do-tce-rs\/#primaryimage"},"thumbnailUrl":"https:\/\/uvbbrasil.com.br\/wp-content\/uploads\/2022\/06\/dsc_0406.jpg","datePublished":"2022-06-14T18:03:34+00:00","breadcrumb":{"@id":"https:\/\/uvbbrasil.com.br\/edson-brum-toma-posse-como-conselheiro-do-tce-rs\/#breadcrumb"},"inLanguage":"pt-BR","potentialAction":[{"@type":"ReadAction","target":["https:\/\/uvbbrasil.com.br\/edson-brum-toma-posse-como-conselheiro-do-tce-rs\/"]}]},{"@type":"ImageObject","inLanguage":"pt-BR","@id":"https:\/\/uvbbrasil.com.br\/edson-brum-toma-posse-como-conselheiro-do-tce-rs\/#primaryimage","url":"https:\/\/uvbbrasil.com.br\/wp-content\/uploads\/2022\/06\/dsc_0406.jpg","contentUrl":"https:\/\/uvbbrasil.com.br\/wp-content\/uploads\/2022\/06\/dsc_0406.jpg","width":800,"height":533},{"@type":"BreadcrumbList","@id":"https:\/\/uvbbrasil.com.br\/edson-brum-toma-posse-como-conselheiro-do-tce-rs\/#breadcrumb","itemListElement":[{"@type":"ListItem","position":1,"name":"In\u00edcio","item":"https:\/\/uvbbrasil.com.br\/"},{"@type":"ListItem","position":2,"name":"Edson Brum toma posse como conselheiro do TCE-RS"}]},{"@type":"WebSite","@id":"https:\/\/uvbbrasil.com.br\/#website","url":"https:\/\/uvbbrasil.com.br\/","name":"UVB Brasil","description":"Uni\u00e3o dos Vereadores do Brasil","publisher":{"@id":"https:\/\/uvbbrasil.com.br\/#organization"},"potentialAction":[{"@type":"SearchAction","target":{"@type":"EntryPoint","urlTemplate":"https:\/\/uvbbrasil.com.br\/?s={search_term_string}"},"query-input":{"@type":"PropertyValueSpecification","valueRequired":true,"valueName":"search_term_string"}}],"inLanguage":"pt-BR"},{"@type":"Organization","@id":"https:\/\/uvbbrasil.com.br\/#organization","name":"UVB Brasil","url":"https:\/\/uvbbrasil.com.br\/","logo":{"@type":"ImageObject","inLanguage":"pt-BR","@id":"https:\/\/uvbbrasil.com.br\/#\/schema\/logo\/image\/","url":"https:\/\/uvbbrasil.com.br\/wp-content\/uploads\/2025\/01\/LOGO-UVB-2024-azul-1.jpg","contentUrl":"https:\/\/uvbbrasil.com.br\/wp-content\/uploads\/2025\/01\/LOGO-UVB-2024-azul-1.jpg","width":600,"height":211,"caption":"UVB Brasil"},"image":{"@id":"https:\/\/uvbbrasil.com.br\/#\/schema\/logo\/image\/"},"sameAs":["https:\/\/www.facebook.com\/uvb.vereadoresbrasil","https:\/\/www.instagram.com\/uvbbrasil\/","https:\/\/www.youtube.com\/channel\/UCIlPQ8Xzw5GHNzosQIg9S5A"]},{"@type":"Person","@id":"https:\/\/uvbbrasil.com.br\/#\/schema\/person\/17990098446c098f52effddff4f1b272","name":"adminuvb","image":{"@type":"ImageObject","inLanguage":"pt-BR","@id":"https:\/\/uvbbrasil.com.br\/#\/schema\/person\/image\/","url":"https:\/\/secure.gravatar.com\/avatar\/1a494ea6f8e2dd1ae526e55b0e9497efdba542491e0620d704cccf63c6f77c45?s=96&d=mm&r=g","contentUrl":"https:\/\/secure.gravatar.com\/avatar\/1a494ea6f8e2dd1ae526e55b0e9497efdba542491e0620d704cccf63c6f77c45?s=96&d=mm&r=g","caption":"adminuvb"},"sameAs":["https:\/\/uvbbrasil.com.br"],"url":"https:\/\/uvbbrasil.com.br\/author\/adminuvb\/"}]}},"_links":{"self":[{"href":"https:\/\/uvbbrasil.com.br\/uvb-json\/wp\/v2\/posts\/26213","targetHints":{"allow":["GET"]}}],"collection":[{"href":"https:\/\/uvbbrasil.com.br\/uvb-json\/wp\/v2\/posts"}],"about":[{"href":"https:\/\/uvbbrasil.com.br\/uvb-json\/wp\/v2\/types\/post"}],"author":[{"embeddable":true,"href":"https:\/\/uvbbrasil.com.br\/uvb-json\/wp\/v2\/users\/1"}],"replies":[{"embeddable":true,"href":"https:\/\/uvbbrasil.com.br\/uvb-json\/wp\/v2\/comments?post=26213"}],"version-history":[{"count":0,"href":"https:\/\/uvbbrasil.com.br\/uvb-json\/wp\/v2\/posts\/26213\/revisions"}],"wp:featuredmedia":[{"embeddable":true,"href":"https:\/\/uvbbrasil.com.br\/uvb-json\/wp\/v2\/media\/26214"}],"wp:attachment":[{"href":"https:\/\/uvbbrasil.com.br\/uvb-json\/wp\/v2\/media?parent=26213"}],"wp:term":[{"taxonomy":"category","embeddable":true,"href":"https:\/\/uvbbrasil.com.br\/uvb-json\/wp\/v2\/categories?post=26213"},{"taxonomy":"post_tag","embeddable":true,"href":"https:\/\/uvbbrasil.com.br\/uvb-json\/wp\/v2\/tags?post=26213"}],"curies":[{"name":"wp","href":"https:\/\/api.w.org\/{rel}","templated":true}]}}