{"id":26202,"date":"2022-06-14T09:11:04","date_gmt":"2022-06-14T12:11:04","guid":{"rendered":"https:\/\/wpsandbox4.pante.com.br\/?p=26202"},"modified":"2022-06-14T09:11:04","modified_gmt":"2022-06-14T12:11:04","slug":"governador-ranolfo-da-posse-a-novo-secretario-de-desenvolvimento-economico","status":"publish","type":"post","link":"https:\/\/uvbbrasil.com.br\/governador-ranolfo-da-posse-a-novo-secretario-de-desenvolvimento-economico\/","title":{"rendered":"Governador Ranolfo d\u00e1 posse a novo secret\u00e1rio de Desenvolvimento Econ\u00f4mico"},"content":{"rendered":"<p>O governador Ranolfo Vieira J\u00fanior empossou, na manh\u00e3 desta segunda-feira (13\/6), o novo secret\u00e1rio de Desenvolvimento Econ\u00f4mico, Joel Maraschin. A cerim\u00f4nia ocorreu no Sal\u00e3o Alberto Pasqualini do Pal\u00e1cio Piratini e contou com a presen\u00e7a de secret\u00e1rios, autoridades e representantes de entidades.<\/p>\n<p>Conforme Ranolfo, uma das principais miss\u00f5es de Maraschin ser\u00e1 garantir a manuten\u00e7\u00e3o das a\u00e7\u00f5es implementadas pela gest\u00e3o. \u201cJoel Maraschin conhece os projetos e objetivos de nosso governo para o Desenvolvimento Econ\u00f4mico. Seu trabalho ser\u00e1 dar continuidade \u00e0s diversas medidas que implementamos nessa \u00e1rea e geraram bons resultados para o RS\u201d, afirmou o governador.<\/p>\n<p>Maraschin, 34 anos, nasceu em Buti\u00e1, regi\u00e3o carbon\u00edfera do Estado. Jornalista e empreendedor, cursa Ci\u00eancias e Tecnologia na UFRGS e Gest\u00e3o P\u00fablica na Unilasalle. Aos 28 anos, foi eleito um dos vereadores mais jovens de sua cidade, onde se destacou pela autoria de leis refer\u00eancia no munic\u00edpio.<\/p>\n<figure class=\"artigo__ilustracao--direita\"><a href=\"https:\/\/www.estado.rs.gov.br\/upload\/recortes\/202206\/13150124_2038993_GDO.jpg\" data-credito=\"Gustavo Mansur \/ Pal\u00e1cio Piratini\" data-urlamigavel=\"\/midia\/imagem\/52143592453-0d348c7a97-k-jpg\" data-legenda=\"\u201cUm dos meus compromissos \u00e9 seguir com as a\u00e7\u00f5es para promover uma mudan\u00e7a na cultura dos munic\u00edpios&quot;, disse Maraschin\" data-label-credito=\"Foto: \"><img decoding=\"async\" class=\"img-responsive\" src=\"https:\/\/www.estado.rs.gov.br\/upload\/recortes\/202206\/13150124_2038993_MDO.jpg\" alt=\"52143592453 0d348c7a97 k\" \/><\/a><figcaption class=\"artigo__ilustracao__legenda\">\u201cUm dos meus compromissos \u00e9 seguir com as a\u00e7\u00f5es para promover uma mudan\u00e7a na cultura dos munic\u00edpios&#8221;, disse Maraschin &#8211;\u00a0<span class=\"artigo__ilustracao__credito\">Foto: Gustavo Mansur \/ Pal\u00e1cio Piratini<\/span><\/figcaption><\/figure>\n<p>Em mar\u00e7o de 2021, foi nomeado secret\u00e1rio adjunto de Desenvolvimento Econ\u00f4mico do governo do Estado. Na pasta, atuou na elabora\u00e7\u00e3o do programa Juro Zero, entre outras a\u00e7\u00f5es de desburocratiza\u00e7\u00e3o e fomento \u00e0 economia no Rio Grande do Sul.<\/p>\n<p>\u201cUm dos meus compromissos \u00e9 seguir com as a\u00e7\u00f5es necess\u00e1rias para promover uma mudan\u00e7a na cultura dos munic\u00edpios, principalmente, os que ainda n\u00e3o est\u00e3o conectados com as pequenas revolu\u00e7\u00f5es que acontecem no mundo. Essa transforma\u00e7\u00e3o \u00e9 fundamental para proporcionar \u00e0 popula\u00e7\u00e3o ga\u00facha uma dignidade que s\u00f3 \u00e9 poss\u00edvel por meio da gera\u00e7\u00e3o de emprego e renda\u201d, afirmou.<\/p>\n<p>O secret\u00e1rio anterior da pasta, deputado Edson Brum, que vai ocupar o cargo de conselheiro no Tribunal de Contas do Estado (TCE-RS), fez um breve balan\u00e7o dos 15 meses em que esteve na secretaria. \u201cSomente no ano passado, as entregas do governo do RS resultaram em R$ 6 bilh\u00f5es de investimentos, gerando cerca de 15 mil postos de trabalho no Estado. Esse legado positivo ter\u00e1 continuidade na secretaria, pois Joel Maraschin \u00e9 um jovem dedicado e focado em realizar entregas\u201d, concluiu.<\/p>\n<p><img fetchpriority=\"high\" decoding=\"async\" class=\"alignnone size-medium wp-image-26203\" src=\"https:\/\/uvbbrasil.com.br\/wp-content\/uploads\/2022\/06\/WhatsApp-Image-2022-06-13-at-17.10.56-215x300.jpeg\" alt=\"\" width=\"215\" height=\"300\" srcset=\"https:\/\/uvbbrasil.com.br\/wp-content\/uploads\/2022\/06\/WhatsApp-Image-2022-06-13-at-17.10.56-215x300.jpeg 215w, https:\/\/uvbbrasil.com.br\/wp-content\/uploads\/2022\/06\/WhatsApp-Image-2022-06-13-at-17.10.56-735x1024.jpeg 735w, https:\/\/uvbbrasil.com.br\/wp-content\/uploads\/2022\/06\/WhatsApp-Image-2022-06-13-at-17.10.56-768x1070.jpeg 768w, https:\/\/uvbbrasil.com.br\/wp-content\/uploads\/2022\/06\/WhatsApp-Image-2022-06-13-at-17.10.56.jpeg 856w\" sizes=\"(max-width: 215px) 100vw, 215px\" \/><\/p>\n<p>Foto Gilson Conzatti, Secret\u00e1rio Joel Maraschin e o Deputado Federal Giovani Feltes<\/p>\n","protected":false},"excerpt":{"rendered":"<p>O governador Ranolfo Vieira J\u00fanior empossou, na manh\u00e3 desta segunda-feira (13\/6), o novo secret\u00e1rio de Desenvolvimento Econ\u00f4mico, Joel Maraschin. A&#8230;<\/p>\n","protected":false},"author":1,"featured_media":26205,"comment_status":"open","ping_status":"open","sticky":false,"template":"","format":"standard","meta":{"footnotes":""},"categories":[3],"tags":[],"class_list":["post-26202","post","type-post","status-publish","format-standard","has-post-thumbnail","hentry","category-noticias"],"yoast_head":"<!-- This site is optimized with the Yoast SEO plugin v26.7 - https:\/\/yoast.com\/wordpress\/plugins\/seo\/ -->\n<title>Governador Ranolfo d\u00e1 posse a novo secret\u00e1rio de Desenvolvimento Econ\u00f4mico - UVB Brasil<\/title>\n<meta name=\"robots\" content=\"index, follow, max-snippet:-1, max-image-preview:large, max-video-preview:-1\" \/>\n<link rel=\"canonical\" href=\"https:\/\/uvbbrasil.com.br\/governador-ranolfo-da-posse-a-novo-secretario-de-desenvolvimento-economico\/\" \/>\n<meta property=\"og:locale\" content=\"pt_BR\" \/>\n<meta property=\"og:type\" content=\"article\" \/>\n<meta property=\"og:title\" content=\"Governador Ranolfo d\u00e1 posse a novo secret\u00e1rio de Desenvolvimento Econ\u00f4mico - UVB Brasil\" \/>\n<meta property=\"og:description\" content=\"O governador Ranolfo Vieira J\u00fanior empossou, na manh\u00e3 desta segunda-feira (13\/6), o novo secret\u00e1rio de Desenvolvimento Econ\u00f4mico, Joel Maraschin. A...\" \/>\n<meta property=\"og:url\" content=\"https:\/\/uvbbrasil.com.br\/governador-ranolfo-da-posse-a-novo-secretario-de-desenvolvimento-economico\/\" \/>\n<meta property=\"og:site_name\" content=\"UVB Brasil\" \/>\n<meta property=\"article:publisher\" content=\"https:\/\/www.facebook.com\/uvb.vereadoresbrasil\" \/>\n<meta property=\"article:published_time\" content=\"2022-06-14T12:11:04+00:00\" \/>\n<meta property=\"og:image\" content=\"https:\/\/uvbbrasil.com.br\/wp-content\/uploads\/2022\/06\/13155514_2039004_GD.jpg\" \/>\n\t<meta property=\"og:image:width\" content=\"800\" \/>\n\t<meta property=\"og:image:height\" content=\"450\" \/>\n\t<meta property=\"og:image:type\" content=\"image\/jpeg\" \/>\n<meta name=\"author\" content=\"adminuvb\" \/>\n<meta name=\"twitter:card\" content=\"summary_large_image\" \/>\n<meta name=\"twitter:label1\" content=\"Escrito por\" \/>\n\t<meta name=\"twitter:data1\" content=\"adminuvb\" \/>\n\t<meta name=\"twitter:label2\" content=\"Est. tempo de leitura\" \/>\n\t<meta name=\"twitter:data2\" content=\"2 minutos\" \/>\n<script type=\"application\/ld+json\" class=\"yoast-schema-graph\">{\"@context\":\"https:\/\/schema.org\",\"@graph\":[{\"@type\":\"Article\",\"@id\":\"https:\/\/uvbbrasil.com.br\/governador-ranolfo-da-posse-a-novo-secretario-de-desenvolvimento-economico\/#article\",\"isPartOf\":{\"@id\":\"https:\/\/uvbbrasil.com.br\/governador-ranolfo-da-posse-a-novo-secretario-de-desenvolvimento-economico\/\"},\"author\":{\"name\":\"adminuvb\",\"@id\":\"https:\/\/uvbbrasil.com.br\/#\/schema\/person\/17990098446c098f52effddff4f1b272\"},\"headline\":\"Governador Ranolfo d\u00e1 posse a novo secret\u00e1rio de Desenvolvimento Econ\u00f4mico\",\"datePublished\":\"2022-06-14T12:11:04+00:00\",\"mainEntityOfPage\":{\"@id\":\"https:\/\/uvbbrasil.com.br\/governador-ranolfo-da-posse-a-novo-secretario-de-desenvolvimento-economico\/\"},\"wordCount\":398,\"commentCount\":0,\"publisher\":{\"@id\":\"https:\/\/uvbbrasil.com.br\/#organization\"},\"image\":{\"@id\":\"https:\/\/uvbbrasil.com.br\/governador-ranolfo-da-posse-a-novo-secretario-de-desenvolvimento-economico\/#primaryimage\"},\"thumbnailUrl\":\"https:\/\/uvbbrasil.com.br\/wp-content\/uploads\/2022\/06\/13155514_2039004_GD.jpg\",\"articleSection\":[\"NOT\u00cdCIAS\"],\"inLanguage\":\"pt-BR\",\"potentialAction\":[{\"@type\":\"CommentAction\",\"name\":\"Comment\",\"target\":[\"https:\/\/uvbbrasil.com.br\/governador-ranolfo-da-posse-a-novo-secretario-de-desenvolvimento-economico\/#respond\"]}]},{\"@type\":\"WebPage\",\"@id\":\"https:\/\/uvbbrasil.com.br\/governador-ranolfo-da-posse-a-novo-secretario-de-desenvolvimento-economico\/\",\"url\":\"https:\/\/uvbbrasil.com.br\/governador-ranolfo-da-posse-a-novo-secretario-de-desenvolvimento-economico\/\",\"name\":\"Governador Ranolfo d\u00e1 posse a novo secret\u00e1rio de Desenvolvimento Econ\u00f4mico - UVB Brasil\",\"isPartOf\":{\"@id\":\"https:\/\/uvbbrasil.com.br\/#website\"},\"primaryImageOfPage\":{\"@id\":\"https:\/\/uvbbrasil.com.br\/governador-ranolfo-da-posse-a-novo-secretario-de-desenvolvimento-economico\/#primaryimage\"},\"image\":{\"@id\":\"https:\/\/uvbbrasil.com.br\/governador-ranolfo-da-posse-a-novo-secretario-de-desenvolvimento-economico\/#primaryimage\"},\"thumbnailUrl\":\"https:\/\/uvbbrasil.com.br\/wp-content\/uploads\/2022\/06\/13155514_2039004_GD.jpg\",\"datePublished\":\"2022-06-14T12:11:04+00:00\",\"breadcrumb\":{\"@id\":\"https:\/\/uvbbrasil.com.br\/governador-ranolfo-da-posse-a-novo-secretario-de-desenvolvimento-economico\/#breadcrumb\"},\"inLanguage\":\"pt-BR\",\"potentialAction\":[{\"@type\":\"ReadAction\",\"target\":[\"https:\/\/uvbbrasil.com.br\/governador-ranolfo-da-posse-a-novo-secretario-de-desenvolvimento-economico\/\"]}]},{\"@type\":\"ImageObject\",\"inLanguage\":\"pt-BR\",\"@id\":\"https:\/\/uvbbrasil.com.br\/governador-ranolfo-da-posse-a-novo-secretario-de-desenvolvimento-economico\/#primaryimage\",\"url\":\"https:\/\/uvbbrasil.com.br\/wp-content\/uploads\/2022\/06\/13155514_2039004_GD.jpg\",\"contentUrl\":\"https:\/\/uvbbrasil.com.br\/wp-content\/uploads\/2022\/06\/13155514_2039004_GD.jpg\",\"width\":800,\"height\":450},{\"@type\":\"BreadcrumbList\",\"@id\":\"https:\/\/uvbbrasil.com.br\/governador-ranolfo-da-posse-a-novo-secretario-de-desenvolvimento-economico\/#breadcrumb\",\"itemListElement\":[{\"@type\":\"ListItem\",\"position\":1,\"name\":\"In\u00edcio\",\"item\":\"https:\/\/uvbbrasil.com.br\/\"},{\"@type\":\"ListItem\",\"position\":2,\"name\":\"Governador Ranolfo d\u00e1 posse a novo secret\u00e1rio de Desenvolvimento Econ\u00f4mico\"}]},{\"@type\":\"WebSite\",\"@id\":\"https:\/\/uvbbrasil.com.br\/#website\",\"url\":\"https:\/\/uvbbrasil.com.br\/\",\"name\":\"UVB Brasil\",\"description\":\"Uni\u00e3o dos Vereadores do Brasil\",\"publisher\":{\"@id\":\"https:\/\/uvbbrasil.com.br\/#organization\"},\"potentialAction\":[{\"@type\":\"SearchAction\",\"target\":{\"@type\":\"EntryPoint\",\"urlTemplate\":\"https:\/\/uvbbrasil.com.br\/?s={search_term_string}\"},\"query-input\":{\"@type\":\"PropertyValueSpecification\",\"valueRequired\":true,\"valueName\":\"search_term_string\"}}],\"inLanguage\":\"pt-BR\"},{\"@type\":\"Organization\",\"@id\":\"https:\/\/uvbbrasil.com.br\/#organization\",\"name\":\"UVB Brasil\",\"url\":\"https:\/\/uvbbrasil.com.br\/\",\"logo\":{\"@type\":\"ImageObject\",\"inLanguage\":\"pt-BR\",\"@id\":\"https:\/\/uvbbrasil.com.br\/#\/schema\/logo\/image\/\",\"url\":\"https:\/\/uvbbrasil.com.br\/wp-content\/uploads\/2025\/01\/LOGO-UVB-2024-azul-1.jpg\",\"contentUrl\":\"https:\/\/uvbbrasil.com.br\/wp-content\/uploads\/2025\/01\/LOGO-UVB-2024-azul-1.jpg\",\"width\":600,\"height\":211,\"caption\":\"UVB Brasil\"},\"image\":{\"@id\":\"https:\/\/uvbbrasil.com.br\/#\/schema\/logo\/image\/\"},\"sameAs\":[\"https:\/\/www.facebook.com\/uvb.vereadoresbrasil\",\"https:\/\/www.instagram.com\/uvbbrasil\/\",\"https:\/\/www.youtube.com\/channel\/UCIlPQ8Xzw5GHNzosQIg9S5A\"]},{\"@type\":\"Person\",\"@id\":\"https:\/\/uvbbrasil.com.br\/#\/schema\/person\/17990098446c098f52effddff4f1b272\",\"name\":\"adminuvb\",\"image\":{\"@type\":\"ImageObject\",\"inLanguage\":\"pt-BR\",\"@id\":\"https:\/\/uvbbrasil.com.br\/#\/schema\/person\/image\/\",\"url\":\"https:\/\/secure.gravatar.com\/avatar\/1a494ea6f8e2dd1ae526e55b0e9497efdba542491e0620d704cccf63c6f77c45?s=96&d=mm&r=g\",\"contentUrl\":\"https:\/\/secure.gravatar.com\/avatar\/1a494ea6f8e2dd1ae526e55b0e9497efdba542491e0620d704cccf63c6f77c45?s=96&d=mm&r=g\",\"caption\":\"adminuvb\"},\"sameAs\":[\"https:\/\/uvbbrasil.com.br\"],\"url\":\"https:\/\/uvbbrasil.com.br\/author\/adminuvb\/\"}]}<\/script>\n<!-- \/ Yoast SEO plugin. -->","yoast_head_json":{"title":"Governador Ranolfo d\u00e1 posse a novo secret\u00e1rio de Desenvolvimento Econ\u00f4mico - UVB Brasil","robots":{"index":"index","follow":"follow","max-snippet":"max-snippet:-1","max-image-preview":"max-image-preview:large","max-video-preview":"max-video-preview:-1"},"canonical":"https:\/\/uvbbrasil.com.br\/governador-ranolfo-da-posse-a-novo-secretario-de-desenvolvimento-economico\/","og_locale":"pt_BR","og_type":"article","og_title":"Governador Ranolfo d\u00e1 posse a novo secret\u00e1rio de Desenvolvimento Econ\u00f4mico - UVB Brasil","og_description":"O governador Ranolfo Vieira J\u00fanior empossou, na manh\u00e3 desta segunda-feira (13\/6), o novo secret\u00e1rio de Desenvolvimento Econ\u00f4mico, Joel Maraschin. A...","og_url":"https:\/\/uvbbrasil.com.br\/governador-ranolfo-da-posse-a-novo-secretario-de-desenvolvimento-economico\/","og_site_name":"UVB Brasil","article_publisher":"https:\/\/www.facebook.com\/uvb.vereadoresbrasil","article_published_time":"2022-06-14T12:11:04+00:00","og_image":[{"width":800,"height":450,"url":"https:\/\/uvbbrasil.com.br\/wp-content\/uploads\/2022\/06\/13155514_2039004_GD.jpg","type":"image\/jpeg"}],"author":"adminuvb","twitter_card":"summary_large_image","twitter_misc":{"Escrito por":"adminuvb","Est. tempo de leitura":"2 minutos"},"schema":{"@context":"https:\/\/schema.org","@graph":[{"@type":"Article","@id":"https:\/\/uvbbrasil.com.br\/governador-ranolfo-da-posse-a-novo-secretario-de-desenvolvimento-economico\/#article","isPartOf":{"@id":"https:\/\/uvbbrasil.com.br\/governador-ranolfo-da-posse-a-novo-secretario-de-desenvolvimento-economico\/"},"author":{"name":"adminuvb","@id":"https:\/\/uvbbrasil.com.br\/#\/schema\/person\/17990098446c098f52effddff4f1b272"},"headline":"Governador Ranolfo d\u00e1 posse a novo secret\u00e1rio de Desenvolvimento Econ\u00f4mico","datePublished":"2022-06-14T12:11:04+00:00","mainEntityOfPage":{"@id":"https:\/\/uvbbrasil.com.br\/governador-ranolfo-da-posse-a-novo-secretario-de-desenvolvimento-economico\/"},"wordCount":398,"commentCount":0,"publisher":{"@id":"https:\/\/uvbbrasil.com.br\/#organization"},"image":{"@id":"https:\/\/uvbbrasil.com.br\/governador-ranolfo-da-posse-a-novo-secretario-de-desenvolvimento-economico\/#primaryimage"},"thumbnailUrl":"https:\/\/uvbbrasil.com.br\/wp-content\/uploads\/2022\/06\/13155514_2039004_GD.jpg","articleSection":["NOT\u00cdCIAS"],"inLanguage":"pt-BR","potentialAction":[{"@type":"CommentAction","name":"Comment","target":["https:\/\/uvbbrasil.com.br\/governador-ranolfo-da-posse-a-novo-secretario-de-desenvolvimento-economico\/#respond"]}]},{"@type":"WebPage","@id":"https:\/\/uvbbrasil.com.br\/governador-ranolfo-da-posse-a-novo-secretario-de-desenvolvimento-economico\/","url":"https:\/\/uvbbrasil.com.br\/governador-ranolfo-da-posse-a-novo-secretario-de-desenvolvimento-economico\/","name":"Governador Ranolfo d\u00e1 posse a novo secret\u00e1rio de Desenvolvimento Econ\u00f4mico - UVB Brasil","isPartOf":{"@id":"https:\/\/uvbbrasil.com.br\/#website"},"primaryImageOfPage":{"@id":"https:\/\/uvbbrasil.com.br\/governador-ranolfo-da-posse-a-novo-secretario-de-desenvolvimento-economico\/#primaryimage"},"image":{"@id":"https:\/\/uvbbrasil.com.br\/governador-ranolfo-da-posse-a-novo-secretario-de-desenvolvimento-economico\/#primaryimage"},"thumbnailUrl":"https:\/\/uvbbrasil.com.br\/wp-content\/uploads\/2022\/06\/13155514_2039004_GD.jpg","datePublished":"2022-06-14T12:11:04+00:00","breadcrumb":{"@id":"https:\/\/uvbbrasil.com.br\/governador-ranolfo-da-posse-a-novo-secretario-de-desenvolvimento-economico\/#breadcrumb"},"inLanguage":"pt-BR","potentialAction":[{"@type":"ReadAction","target":["https:\/\/uvbbrasil.com.br\/governador-ranolfo-da-posse-a-novo-secretario-de-desenvolvimento-economico\/"]}]},{"@type":"ImageObject","inLanguage":"pt-BR","@id":"https:\/\/uvbbrasil.com.br\/governador-ranolfo-da-posse-a-novo-secretario-de-desenvolvimento-economico\/#primaryimage","url":"https:\/\/uvbbrasil.com.br\/wp-content\/uploads\/2022\/06\/13155514_2039004_GD.jpg","contentUrl":"https:\/\/uvbbrasil.com.br\/wp-content\/uploads\/2022\/06\/13155514_2039004_GD.jpg","width":800,"height":450},{"@type":"BreadcrumbList","@id":"https:\/\/uvbbrasil.com.br\/governador-ranolfo-da-posse-a-novo-secretario-de-desenvolvimento-economico\/#breadcrumb","itemListElement":[{"@type":"ListItem","position":1,"name":"In\u00edcio","item":"https:\/\/uvbbrasil.com.br\/"},{"@type":"ListItem","position":2,"name":"Governador Ranolfo d\u00e1 posse a novo secret\u00e1rio de Desenvolvimento Econ\u00f4mico"}]},{"@type":"WebSite","@id":"https:\/\/uvbbrasil.com.br\/#website","url":"https:\/\/uvbbrasil.com.br\/","name":"UVB Brasil","description":"Uni\u00e3o dos Vereadores do Brasil","publisher":{"@id":"https:\/\/uvbbrasil.com.br\/#organization"},"potentialAction":[{"@type":"SearchAction","target":{"@type":"EntryPoint","urlTemplate":"https:\/\/uvbbrasil.com.br\/?s={search_term_string}"},"query-input":{"@type":"PropertyValueSpecification","valueRequired":true,"valueName":"search_term_string"}}],"inLanguage":"pt-BR"},{"@type":"Organization","@id":"https:\/\/uvbbrasil.com.br\/#organization","name":"UVB Brasil","url":"https:\/\/uvbbrasil.com.br\/","logo":{"@type":"ImageObject","inLanguage":"pt-BR","@id":"https:\/\/uvbbrasil.com.br\/#\/schema\/logo\/image\/","url":"https:\/\/uvbbrasil.com.br\/wp-content\/uploads\/2025\/01\/LOGO-UVB-2024-azul-1.jpg","contentUrl":"https:\/\/uvbbrasil.com.br\/wp-content\/uploads\/2025\/01\/LOGO-UVB-2024-azul-1.jpg","width":600,"height":211,"caption":"UVB Brasil"},"image":{"@id":"https:\/\/uvbbrasil.com.br\/#\/schema\/logo\/image\/"},"sameAs":["https:\/\/www.facebook.com\/uvb.vereadoresbrasil","https:\/\/www.instagram.com\/uvbbrasil\/","https:\/\/www.youtube.com\/channel\/UCIlPQ8Xzw5GHNzosQIg9S5A"]},{"@type":"Person","@id":"https:\/\/uvbbrasil.com.br\/#\/schema\/person\/17990098446c098f52effddff4f1b272","name":"adminuvb","image":{"@type":"ImageObject","inLanguage":"pt-BR","@id":"https:\/\/uvbbrasil.com.br\/#\/schema\/person\/image\/","url":"https:\/\/secure.gravatar.com\/avatar\/1a494ea6f8e2dd1ae526e55b0e9497efdba542491e0620d704cccf63c6f77c45?s=96&d=mm&r=g","contentUrl":"https:\/\/secure.gravatar.com\/avatar\/1a494ea6f8e2dd1ae526e55b0e9497efdba542491e0620d704cccf63c6f77c45?s=96&d=mm&r=g","caption":"adminuvb"},"sameAs":["https:\/\/uvbbrasil.com.br"],"url":"https:\/\/uvbbrasil.com.br\/author\/adminuvb\/"}]}},"_links":{"self":[{"href":"https:\/\/uvbbrasil.com.br\/uvb-json\/wp\/v2\/posts\/26202","targetHints":{"allow":["GET"]}}],"collection":[{"href":"https:\/\/uvbbrasil.com.br\/uvb-json\/wp\/v2\/posts"}],"about":[{"href":"https:\/\/uvbbrasil.com.br\/uvb-json\/wp\/v2\/types\/post"}],"author":[{"embeddable":true,"href":"https:\/\/uvbbrasil.com.br\/uvb-json\/wp\/v2\/users\/1"}],"replies":[{"embeddable":true,"href":"https:\/\/uvbbrasil.com.br\/uvb-json\/wp\/v2\/comments?post=26202"}],"version-history":[{"count":0,"href":"https:\/\/uvbbrasil.com.br\/uvb-json\/wp\/v2\/posts\/26202\/revisions"}],"wp:featuredmedia":[{"embeddable":true,"href":"https:\/\/uvbbrasil.com.br\/uvb-json\/wp\/v2\/media\/26205"}],"wp:attachment":[{"href":"https:\/\/uvbbrasil.com.br\/uvb-json\/wp\/v2\/media?parent=26202"}],"wp:term":[{"taxonomy":"category","embeddable":true,"href":"https:\/\/uvbbrasil.com.br\/uvb-json\/wp\/v2\/categories?post=26202"},{"taxonomy":"post_tag","embeddable":true,"href":"https:\/\/uvbbrasil.com.br\/uvb-json\/wp\/v2\/tags?post=26202"}],"curies":[{"name":"wp","href":"https:\/\/api.w.org\/{rel}","templated":true}]}}