{"id":26188,"date":"2022-06-10T16:04:16","date_gmt":"2022-06-10T19:04:16","guid":{"rendered":"https:\/\/wpsandbox4.pante.com.br\/?p=26188"},"modified":"2022-06-10T16:04:16","modified_gmt":"2022-06-10T19:04:16","slug":"uvb-presente-no-no-5o-conexidades-evento-realizado-pela-uvesp-em-guaruja","status":"publish","type":"post","link":"https:\/\/uvbbrasil.com.br\/uvb-presente-no-no-5o-conexidades-evento-realizado-pela-uvesp-em-guaruja\/","title":{"rendered":"UVB presente no no 5\u00ba CONEXIDADES evento realizado pela UVESP em Guaruj\u00e1"},"content":{"rendered":"<p>O Presidente da Uni\u00e3o dos Vereadores do Brasil\/UVB, vereador de Ira\u00ed\/RS, Gilson Conzatti participa da 5\u00b0 edi\u00e7\u00e3o do CONEXIDADES promovida pela Uni\u00e3o dos Vereadores do Estado de S\u00e3o Paulo\/UVESP na cidade de Guaruj\u00e1. Na oportunidade o Presidente da UVB esteve com o coordenador nacional da UVB Animal, vereador de S\u00e3o Caetano do Sul\/SP \u00a0Ubitatan Figueiredo.<\/p>\n<p>Nesta sexta-feira(10), Conzatti participa do\u00a0 painel de debate os legislativos municipais POR UM LEGISLATIVO MUNICIPAL LOCAL E GLOBAL, Como tornar as C\u00e2maras Municipais, e a atua\u00e7\u00e3o dos vereadores, mais relevante?<\/p>\n<p>O CONEXIDADES\u00a0 foi criado pela UVESP &#8211; Uni\u00e3o dos Vereadores do Estado de S\u00e3o Paulo, Fruto de uma ampla discuss\u00e3o com v\u00e1rias lideran\u00e7as brasileiras, CONEXIDADES abre o debate para refletirmos sobre o futuro das cidades.<\/p>\n<p class=\"font_9\">A quinta edi\u00e7\u00e3o de CONEXIDADES\u00a0 conta com a expressiva parceria da Associa\u00e7\u00e3o Paulista de Munic\u00edpios, da Uni\u00e3o dos Vereadores do Brasil, da Associa\u00e7\u00e3o de Desenvolvimento dos Munic\u00edpios do Estado de S\u00e3o Paulo, do Tribunal de Contas do Estado, entre outros apoiadores.<\/p>\n<p>&nbsp;<\/p>\n<p><img fetchpriority=\"high\" decoding=\"async\" class=\"alignnone size-medium wp-image-26189\" src=\"https:\/\/uvbbrasil.com.br\/wp-content\/uploads\/2022\/06\/WhatsApp-Image-2022-06-10-at-14.47.37-300x219.jpeg\" alt=\"\" width=\"300\" height=\"219\" srcset=\"https:\/\/uvbbrasil.com.br\/wp-content\/uploads\/2022\/06\/WhatsApp-Image-2022-06-10-at-14.47.37-300x219.jpeg 300w, https:\/\/uvbbrasil.com.br\/wp-content\/uploads\/2022\/06\/WhatsApp-Image-2022-06-10-at-14.47.37-1024x749.jpeg 1024w, https:\/\/uvbbrasil.com.br\/wp-content\/uploads\/2022\/06\/WhatsApp-Image-2022-06-10-at-14.47.37-768x562.jpeg 768w, https:\/\/uvbbrasil.com.br\/wp-content\/uploads\/2022\/06\/WhatsApp-Image-2022-06-10-at-14.47.37.jpeg 1280w\" sizes=\"(max-width: 300px) 100vw, 300px\" \/><\/p>\n<p><em>Foto- Presidente da UVB, Gilson Conzatti com Ubitatan Figueiredo &#8211; S\u00e3o Caetano do Sul\/SP, coordenador nacional da UVB Animal<\/em><\/p>\n","protected":false},"excerpt":{"rendered":"<p>O Presidente da Uni\u00e3o dos Vereadores do Brasil\/UVB, vereador de Ira\u00ed\/RS, Gilson Conzatti participa da 5\u00b0 edi\u00e7\u00e3o do CONEXIDADES promovida&#8230;<\/p>\n","protected":false},"author":1,"featured_media":26189,"comment_status":"open","ping_status":"open","sticky":false,"template":"","format":"standard","meta":{"footnotes":""},"categories":[3,4],"tags":[],"class_list":["post-26188","post","type-post","status-publish","format-standard","has-post-thumbnail","hentry","category-noticias","category-home"],"yoast_head":"<!-- This site is optimized with the Yoast SEO plugin v26.7 - https:\/\/yoast.com\/wordpress\/plugins\/seo\/ -->\n<title>UVB presente no no 5\u00ba CONEXIDADES evento realizado pela UVESP em Guaruj\u00e1 - UVB Brasil<\/title>\n<meta name=\"robots\" content=\"index, follow, max-snippet:-1, max-image-preview:large, max-video-preview:-1\" \/>\n<link rel=\"canonical\" href=\"https:\/\/uvbbrasil.com.br\/uvb-presente-no-no-5o-conexidades-evento-realizado-pela-uvesp-em-guaruja\/\" \/>\n<meta property=\"og:locale\" content=\"pt_BR\" \/>\n<meta property=\"og:type\" content=\"article\" \/>\n<meta property=\"og:title\" content=\"UVB presente no no 5\u00ba CONEXIDADES evento realizado pela UVESP em Guaruj\u00e1 - UVB Brasil\" \/>\n<meta property=\"og:description\" content=\"O Presidente da Uni\u00e3o dos Vereadores do Brasil\/UVB, vereador de Ira\u00ed\/RS, Gilson Conzatti participa da 5\u00b0 edi\u00e7\u00e3o do CONEXIDADES promovida...\" \/>\n<meta property=\"og:url\" content=\"https:\/\/uvbbrasil.com.br\/uvb-presente-no-no-5o-conexidades-evento-realizado-pela-uvesp-em-guaruja\/\" \/>\n<meta property=\"og:site_name\" content=\"UVB Brasil\" \/>\n<meta property=\"article:publisher\" content=\"https:\/\/www.facebook.com\/uvb.vereadoresbrasil\" \/>\n<meta property=\"article:published_time\" content=\"2022-06-10T19:04:16+00:00\" \/>\n<meta property=\"og:image\" content=\"https:\/\/uvbbrasil.com.br\/wp-content\/uploads\/2022\/06\/WhatsApp-Image-2022-06-10-at-14.47.37.jpeg\" \/>\n\t<meta property=\"og:image:width\" content=\"1280\" \/>\n\t<meta property=\"og:image:height\" content=\"936\" \/>\n\t<meta property=\"og:image:type\" content=\"image\/jpeg\" \/>\n<meta name=\"author\" content=\"adminuvb\" \/>\n<meta name=\"twitter:card\" content=\"summary_large_image\" \/>\n<meta name=\"twitter:label1\" content=\"Escrito por\" \/>\n\t<meta name=\"twitter:data1\" content=\"adminuvb\" \/>\n\t<meta name=\"twitter:label2\" content=\"Est. tempo de leitura\" \/>\n\t<meta name=\"twitter:data2\" content=\"1 minuto\" \/>\n<script type=\"application\/ld+json\" class=\"yoast-schema-graph\">{\"@context\":\"https:\/\/schema.org\",\"@graph\":[{\"@type\":\"Article\",\"@id\":\"https:\/\/uvbbrasil.com.br\/uvb-presente-no-no-5o-conexidades-evento-realizado-pela-uvesp-em-guaruja\/#article\",\"isPartOf\":{\"@id\":\"https:\/\/uvbbrasil.com.br\/uvb-presente-no-no-5o-conexidades-evento-realizado-pela-uvesp-em-guaruja\/\"},\"author\":{\"name\":\"adminuvb\",\"@id\":\"https:\/\/uvbbrasil.com.br\/#\/schema\/person\/17990098446c098f52effddff4f1b272\"},\"headline\":\"UVB presente no no 5\u00ba CONEXIDADES evento realizado pela UVESP em Guaruj\u00e1\",\"datePublished\":\"2022-06-10T19:04:16+00:00\",\"mainEntityOfPage\":{\"@id\":\"https:\/\/uvbbrasil.com.br\/uvb-presente-no-no-5o-conexidades-evento-realizado-pela-uvesp-em-guaruja\/\"},\"wordCount\":216,\"commentCount\":0,\"publisher\":{\"@id\":\"https:\/\/uvbbrasil.com.br\/#organization\"},\"image\":{\"@id\":\"https:\/\/uvbbrasil.com.br\/uvb-presente-no-no-5o-conexidades-evento-realizado-pela-uvesp-em-guaruja\/#primaryimage\"},\"thumbnailUrl\":\"https:\/\/uvbbrasil.com.br\/wp-content\/uploads\/2022\/06\/WhatsApp-Image-2022-06-10-at-14.47.37.jpeg\",\"articleSection\":[\"NOT\u00cdCIAS\",\"UVB\"],\"inLanguage\":\"pt-BR\",\"potentialAction\":[{\"@type\":\"CommentAction\",\"name\":\"Comment\",\"target\":[\"https:\/\/uvbbrasil.com.br\/uvb-presente-no-no-5o-conexidades-evento-realizado-pela-uvesp-em-guaruja\/#respond\"]}]},{\"@type\":\"WebPage\",\"@id\":\"https:\/\/uvbbrasil.com.br\/uvb-presente-no-no-5o-conexidades-evento-realizado-pela-uvesp-em-guaruja\/\",\"url\":\"https:\/\/uvbbrasil.com.br\/uvb-presente-no-no-5o-conexidades-evento-realizado-pela-uvesp-em-guaruja\/\",\"name\":\"UVB presente no no 5\u00ba CONEXIDADES evento realizado pela UVESP em Guaruj\u00e1 - UVB Brasil\",\"isPartOf\":{\"@id\":\"https:\/\/uvbbrasil.com.br\/#website\"},\"primaryImageOfPage\":{\"@id\":\"https:\/\/uvbbrasil.com.br\/uvb-presente-no-no-5o-conexidades-evento-realizado-pela-uvesp-em-guaruja\/#primaryimage\"},\"image\":{\"@id\":\"https:\/\/uvbbrasil.com.br\/uvb-presente-no-no-5o-conexidades-evento-realizado-pela-uvesp-em-guaruja\/#primaryimage\"},\"thumbnailUrl\":\"https:\/\/uvbbrasil.com.br\/wp-content\/uploads\/2022\/06\/WhatsApp-Image-2022-06-10-at-14.47.37.jpeg\",\"datePublished\":\"2022-06-10T19:04:16+00:00\",\"breadcrumb\":{\"@id\":\"https:\/\/uvbbrasil.com.br\/uvb-presente-no-no-5o-conexidades-evento-realizado-pela-uvesp-em-guaruja\/#breadcrumb\"},\"inLanguage\":\"pt-BR\",\"potentialAction\":[{\"@type\":\"ReadAction\",\"target\":[\"https:\/\/uvbbrasil.com.br\/uvb-presente-no-no-5o-conexidades-evento-realizado-pela-uvesp-em-guaruja\/\"]}]},{\"@type\":\"ImageObject\",\"inLanguage\":\"pt-BR\",\"@id\":\"https:\/\/uvbbrasil.com.br\/uvb-presente-no-no-5o-conexidades-evento-realizado-pela-uvesp-em-guaruja\/#primaryimage\",\"url\":\"https:\/\/uvbbrasil.com.br\/wp-content\/uploads\/2022\/06\/WhatsApp-Image-2022-06-10-at-14.47.37.jpeg\",\"contentUrl\":\"https:\/\/uvbbrasil.com.br\/wp-content\/uploads\/2022\/06\/WhatsApp-Image-2022-06-10-at-14.47.37.jpeg\",\"width\":1280,\"height\":936},{\"@type\":\"BreadcrumbList\",\"@id\":\"https:\/\/uvbbrasil.com.br\/uvb-presente-no-no-5o-conexidades-evento-realizado-pela-uvesp-em-guaruja\/#breadcrumb\",\"itemListElement\":[{\"@type\":\"ListItem\",\"position\":1,\"name\":\"In\u00edcio\",\"item\":\"https:\/\/uvbbrasil.com.br\/\"},{\"@type\":\"ListItem\",\"position\":2,\"name\":\"UVB presente no no 5\u00ba CONEXIDADES evento realizado pela UVESP em Guaruj\u00e1\"}]},{\"@type\":\"WebSite\",\"@id\":\"https:\/\/uvbbrasil.com.br\/#website\",\"url\":\"https:\/\/uvbbrasil.com.br\/\",\"name\":\"UVB Brasil\",\"description\":\"Uni\u00e3o dos Vereadores do Brasil\",\"publisher\":{\"@id\":\"https:\/\/uvbbrasil.com.br\/#organization\"},\"potentialAction\":[{\"@type\":\"SearchAction\",\"target\":{\"@type\":\"EntryPoint\",\"urlTemplate\":\"https:\/\/uvbbrasil.com.br\/?s={search_term_string}\"},\"query-input\":{\"@type\":\"PropertyValueSpecification\",\"valueRequired\":true,\"valueName\":\"search_term_string\"}}],\"inLanguage\":\"pt-BR\"},{\"@type\":\"Organization\",\"@id\":\"https:\/\/uvbbrasil.com.br\/#organization\",\"name\":\"UVB Brasil\",\"url\":\"https:\/\/uvbbrasil.com.br\/\",\"logo\":{\"@type\":\"ImageObject\",\"inLanguage\":\"pt-BR\",\"@id\":\"https:\/\/uvbbrasil.com.br\/#\/schema\/logo\/image\/\",\"url\":\"https:\/\/uvbbrasil.com.br\/wp-content\/uploads\/2025\/01\/LOGO-UVB-2024-azul-1.jpg\",\"contentUrl\":\"https:\/\/uvbbrasil.com.br\/wp-content\/uploads\/2025\/01\/LOGO-UVB-2024-azul-1.jpg\",\"width\":600,\"height\":211,\"caption\":\"UVB Brasil\"},\"image\":{\"@id\":\"https:\/\/uvbbrasil.com.br\/#\/schema\/logo\/image\/\"},\"sameAs\":[\"https:\/\/www.facebook.com\/uvb.vereadoresbrasil\",\"https:\/\/www.instagram.com\/uvbbrasil\/\",\"https:\/\/www.youtube.com\/channel\/UCIlPQ8Xzw5GHNzosQIg9S5A\"]},{\"@type\":\"Person\",\"@id\":\"https:\/\/uvbbrasil.com.br\/#\/schema\/person\/17990098446c098f52effddff4f1b272\",\"name\":\"adminuvb\",\"image\":{\"@type\":\"ImageObject\",\"inLanguage\":\"pt-BR\",\"@id\":\"https:\/\/uvbbrasil.com.br\/#\/schema\/person\/image\/\",\"url\":\"https:\/\/secure.gravatar.com\/avatar\/1a494ea6f8e2dd1ae526e55b0e9497efdba542491e0620d704cccf63c6f77c45?s=96&d=mm&r=g\",\"contentUrl\":\"https:\/\/secure.gravatar.com\/avatar\/1a494ea6f8e2dd1ae526e55b0e9497efdba542491e0620d704cccf63c6f77c45?s=96&d=mm&r=g\",\"caption\":\"adminuvb\"},\"sameAs\":[\"https:\/\/uvbbrasil.com.br\"],\"url\":\"https:\/\/uvbbrasil.com.br\/author\/adminuvb\/\"}]}<\/script>\n<!-- \/ Yoast SEO plugin. -->","yoast_head_json":{"title":"UVB presente no no 5\u00ba CONEXIDADES evento realizado pela UVESP em Guaruj\u00e1 - UVB Brasil","robots":{"index":"index","follow":"follow","max-snippet":"max-snippet:-1","max-image-preview":"max-image-preview:large","max-video-preview":"max-video-preview:-1"},"canonical":"https:\/\/uvbbrasil.com.br\/uvb-presente-no-no-5o-conexidades-evento-realizado-pela-uvesp-em-guaruja\/","og_locale":"pt_BR","og_type":"article","og_title":"UVB presente no no 5\u00ba CONEXIDADES evento realizado pela UVESP em Guaruj\u00e1 - UVB Brasil","og_description":"O Presidente da Uni\u00e3o dos Vereadores do Brasil\/UVB, vereador de Ira\u00ed\/RS, Gilson Conzatti participa da 5\u00b0 edi\u00e7\u00e3o do CONEXIDADES promovida...","og_url":"https:\/\/uvbbrasil.com.br\/uvb-presente-no-no-5o-conexidades-evento-realizado-pela-uvesp-em-guaruja\/","og_site_name":"UVB Brasil","article_publisher":"https:\/\/www.facebook.com\/uvb.vereadoresbrasil","article_published_time":"2022-06-10T19:04:16+00:00","og_image":[{"width":1280,"height":936,"url":"https:\/\/uvbbrasil.com.br\/wp-content\/uploads\/2022\/06\/WhatsApp-Image-2022-06-10-at-14.47.37.jpeg","type":"image\/jpeg"}],"author":"adminuvb","twitter_card":"summary_large_image","twitter_misc":{"Escrito por":"adminuvb","Est. tempo de leitura":"1 minuto"},"schema":{"@context":"https:\/\/schema.org","@graph":[{"@type":"Article","@id":"https:\/\/uvbbrasil.com.br\/uvb-presente-no-no-5o-conexidades-evento-realizado-pela-uvesp-em-guaruja\/#article","isPartOf":{"@id":"https:\/\/uvbbrasil.com.br\/uvb-presente-no-no-5o-conexidades-evento-realizado-pela-uvesp-em-guaruja\/"},"author":{"name":"adminuvb","@id":"https:\/\/uvbbrasil.com.br\/#\/schema\/person\/17990098446c098f52effddff4f1b272"},"headline":"UVB presente no no 5\u00ba CONEXIDADES evento realizado pela UVESP em Guaruj\u00e1","datePublished":"2022-06-10T19:04:16+00:00","mainEntityOfPage":{"@id":"https:\/\/uvbbrasil.com.br\/uvb-presente-no-no-5o-conexidades-evento-realizado-pela-uvesp-em-guaruja\/"},"wordCount":216,"commentCount":0,"publisher":{"@id":"https:\/\/uvbbrasil.com.br\/#organization"},"image":{"@id":"https:\/\/uvbbrasil.com.br\/uvb-presente-no-no-5o-conexidades-evento-realizado-pela-uvesp-em-guaruja\/#primaryimage"},"thumbnailUrl":"https:\/\/uvbbrasil.com.br\/wp-content\/uploads\/2022\/06\/WhatsApp-Image-2022-06-10-at-14.47.37.jpeg","articleSection":["NOT\u00cdCIAS","UVB"],"inLanguage":"pt-BR","potentialAction":[{"@type":"CommentAction","name":"Comment","target":["https:\/\/uvbbrasil.com.br\/uvb-presente-no-no-5o-conexidades-evento-realizado-pela-uvesp-em-guaruja\/#respond"]}]},{"@type":"WebPage","@id":"https:\/\/uvbbrasil.com.br\/uvb-presente-no-no-5o-conexidades-evento-realizado-pela-uvesp-em-guaruja\/","url":"https:\/\/uvbbrasil.com.br\/uvb-presente-no-no-5o-conexidades-evento-realizado-pela-uvesp-em-guaruja\/","name":"UVB presente no no 5\u00ba CONEXIDADES evento realizado pela UVESP em Guaruj\u00e1 - UVB Brasil","isPartOf":{"@id":"https:\/\/uvbbrasil.com.br\/#website"},"primaryImageOfPage":{"@id":"https:\/\/uvbbrasil.com.br\/uvb-presente-no-no-5o-conexidades-evento-realizado-pela-uvesp-em-guaruja\/#primaryimage"},"image":{"@id":"https:\/\/uvbbrasil.com.br\/uvb-presente-no-no-5o-conexidades-evento-realizado-pela-uvesp-em-guaruja\/#primaryimage"},"thumbnailUrl":"https:\/\/uvbbrasil.com.br\/wp-content\/uploads\/2022\/06\/WhatsApp-Image-2022-06-10-at-14.47.37.jpeg","datePublished":"2022-06-10T19:04:16+00:00","breadcrumb":{"@id":"https:\/\/uvbbrasil.com.br\/uvb-presente-no-no-5o-conexidades-evento-realizado-pela-uvesp-em-guaruja\/#breadcrumb"},"inLanguage":"pt-BR","potentialAction":[{"@type":"ReadAction","target":["https:\/\/uvbbrasil.com.br\/uvb-presente-no-no-5o-conexidades-evento-realizado-pela-uvesp-em-guaruja\/"]}]},{"@type":"ImageObject","inLanguage":"pt-BR","@id":"https:\/\/uvbbrasil.com.br\/uvb-presente-no-no-5o-conexidades-evento-realizado-pela-uvesp-em-guaruja\/#primaryimage","url":"https:\/\/uvbbrasil.com.br\/wp-content\/uploads\/2022\/06\/WhatsApp-Image-2022-06-10-at-14.47.37.jpeg","contentUrl":"https:\/\/uvbbrasil.com.br\/wp-content\/uploads\/2022\/06\/WhatsApp-Image-2022-06-10-at-14.47.37.jpeg","width":1280,"height":936},{"@type":"BreadcrumbList","@id":"https:\/\/uvbbrasil.com.br\/uvb-presente-no-no-5o-conexidades-evento-realizado-pela-uvesp-em-guaruja\/#breadcrumb","itemListElement":[{"@type":"ListItem","position":1,"name":"In\u00edcio","item":"https:\/\/uvbbrasil.com.br\/"},{"@type":"ListItem","position":2,"name":"UVB presente no no 5\u00ba CONEXIDADES evento realizado pela UVESP em Guaruj\u00e1"}]},{"@type":"WebSite","@id":"https:\/\/uvbbrasil.com.br\/#website","url":"https:\/\/uvbbrasil.com.br\/","name":"UVB Brasil","description":"Uni\u00e3o dos Vereadores do Brasil","publisher":{"@id":"https:\/\/uvbbrasil.com.br\/#organization"},"potentialAction":[{"@type":"SearchAction","target":{"@type":"EntryPoint","urlTemplate":"https:\/\/uvbbrasil.com.br\/?s={search_term_string}"},"query-input":{"@type":"PropertyValueSpecification","valueRequired":true,"valueName":"search_term_string"}}],"inLanguage":"pt-BR"},{"@type":"Organization","@id":"https:\/\/uvbbrasil.com.br\/#organization","name":"UVB Brasil","url":"https:\/\/uvbbrasil.com.br\/","logo":{"@type":"ImageObject","inLanguage":"pt-BR","@id":"https:\/\/uvbbrasil.com.br\/#\/schema\/logo\/image\/","url":"https:\/\/uvbbrasil.com.br\/wp-content\/uploads\/2025\/01\/LOGO-UVB-2024-azul-1.jpg","contentUrl":"https:\/\/uvbbrasil.com.br\/wp-content\/uploads\/2025\/01\/LOGO-UVB-2024-azul-1.jpg","width":600,"height":211,"caption":"UVB Brasil"},"image":{"@id":"https:\/\/uvbbrasil.com.br\/#\/schema\/logo\/image\/"},"sameAs":["https:\/\/www.facebook.com\/uvb.vereadoresbrasil","https:\/\/www.instagram.com\/uvbbrasil\/","https:\/\/www.youtube.com\/channel\/UCIlPQ8Xzw5GHNzosQIg9S5A"]},{"@type":"Person","@id":"https:\/\/uvbbrasil.com.br\/#\/schema\/person\/17990098446c098f52effddff4f1b272","name":"adminuvb","image":{"@type":"ImageObject","inLanguage":"pt-BR","@id":"https:\/\/uvbbrasil.com.br\/#\/schema\/person\/image\/","url":"https:\/\/secure.gravatar.com\/avatar\/1a494ea6f8e2dd1ae526e55b0e9497efdba542491e0620d704cccf63c6f77c45?s=96&d=mm&r=g","contentUrl":"https:\/\/secure.gravatar.com\/avatar\/1a494ea6f8e2dd1ae526e55b0e9497efdba542491e0620d704cccf63c6f77c45?s=96&d=mm&r=g","caption":"adminuvb"},"sameAs":["https:\/\/uvbbrasil.com.br"],"url":"https:\/\/uvbbrasil.com.br\/author\/adminuvb\/"}]}},"_links":{"self":[{"href":"https:\/\/uvbbrasil.com.br\/uvb-json\/wp\/v2\/posts\/26188","targetHints":{"allow":["GET"]}}],"collection":[{"href":"https:\/\/uvbbrasil.com.br\/uvb-json\/wp\/v2\/posts"}],"about":[{"href":"https:\/\/uvbbrasil.com.br\/uvb-json\/wp\/v2\/types\/post"}],"author":[{"embeddable":true,"href":"https:\/\/uvbbrasil.com.br\/uvb-json\/wp\/v2\/users\/1"}],"replies":[{"embeddable":true,"href":"https:\/\/uvbbrasil.com.br\/uvb-json\/wp\/v2\/comments?post=26188"}],"version-history":[{"count":0,"href":"https:\/\/uvbbrasil.com.br\/uvb-json\/wp\/v2\/posts\/26188\/revisions"}],"wp:featuredmedia":[{"embeddable":true,"href":"https:\/\/uvbbrasil.com.br\/uvb-json\/wp\/v2\/media\/26189"}],"wp:attachment":[{"href":"https:\/\/uvbbrasil.com.br\/uvb-json\/wp\/v2\/media?parent=26188"}],"wp:term":[{"taxonomy":"category","embeddable":true,"href":"https:\/\/uvbbrasil.com.br\/uvb-json\/wp\/v2\/categories?post=26188"},{"taxonomy":"post_tag","embeddable":true,"href":"https:\/\/uvbbrasil.com.br\/uvb-json\/wp\/v2\/tags?post=26188"}],"curies":[{"name":"wp","href":"https:\/\/api.w.org\/{rel}","templated":true}]}}