{"id":26185,"date":"2022-06-10T10:41:35","date_gmt":"2022-06-10T13:41:35","guid":{"rendered":"https:\/\/wpsandbox4.pante.com.br\/?p=26185"},"modified":"2022-06-10T10:41:35","modified_gmt":"2022-06-10T13:41:35","slug":"camara-de-irai-rs-oficializa-permuta-e-cedencia-de-servidores-publicos-de-irai-e-outros-municipios","status":"publish","type":"post","link":"https:\/\/uvbbrasil.com.br\/camara-de-irai-rs-oficializa-permuta-e-cedencia-de-servidores-publicos-de-irai-e-outros-municipios\/","title":{"rendered":"C\u00e2mara de Ira\u00ed\/RS oficializa permuta e ced\u00eancia de servidores p\u00fablicos de Ira\u00ed e outros munic\u00edpios"},"content":{"rendered":"<p>O Poder Legislativo aprovou por unanimidade o Projeto de Lei N\u00ba 034\/22, de autoria da Administra\u00e7\u00e3o Municipal, que autoriza o Executivo a permutar servidor ou servidora p\u00fablico ocupante do cargo de professor (a) da Rede Municipal, com gradua\u00e7\u00e3o, p\u00f3s-gradua\u00e7\u00e3o latu sensu ou n\u00e3o, por outro (a) servidor (a) com a mesma titula\u00e7\u00e3o com os munic\u00edpios de Frederico Westphalen ou Ametista do Sul, com carga hor\u00e1ria para fins de trabalho de 20 horas semanais, tendo em vista que h\u00e1 servidores do munic\u00edpio de Ira\u00ed, residindo em Frederico Westphalen e Ametista do Sul, e o inverso acontece com servidores dos munic\u00edpios vizinhos.<\/p>\n<p>De acordo a Administra\u00e7\u00e3o n\u00e3o haver\u00e1 nenhum \u00f4nus para nenhuma das partes, pois cada Munic\u00edpio pagar\u00e1 os seus servidores, e nem preju\u00edzo quanto \u00e0 qualifica\u00e7\u00e3o dos profissionais, eis que os servidores ter\u00e3o a mesma titula\u00e7\u00e3o.<\/p>\n<p>O projeto de lei destaca ainda a import\u00e2ncia da continuidade da avalia\u00e7\u00e3o dos profissionais que ainda n\u00e3o tiverem conclu\u00eddo o est\u00e1gio probat\u00f3rio, os mesmos ser\u00e3o avaliados pelo chefe imediato no local onde estiver exercendo suas atividades, n\u00e3o havendo interrup\u00e7\u00e3o ou posterga\u00e7\u00e3o do est\u00e1gio. A Secretaria de Educa\u00e7\u00e3o fica respons\u00e1vel em enviar os boletins de avalia\u00e7\u00e3o aos munic\u00edpios vizinhos, e encaminhar para a Comiss\u00e3o Especial de Avalia\u00e7\u00e3o de est\u00e1gio probat\u00f3rio os boletins para fins de avalia\u00e7\u00e3o final do estagi\u00e1rio.<\/p>\n<p>Estiveram presentes na sess\u00e3o ordin\u00e1ria os vereadores; presidente, Gilson Conzatti; vice-presidente, Jair Barros; primeira-secret\u00e1ria, Ana Paula Rodrigues; segunda-secret\u00e1ria, Franciele Diotti; Comiss\u00e3o Representativa, Maristela Panegalli; Paulo Martins, Jadir Jacinto, Cl\u00e9rio Larentis e Nelci do Amaral.<\/p>\n<p><img fetchpriority=\"high\" decoding=\"async\" class=\"alignnone size-medium wp-image-26186\" src=\"https:\/\/uvbbrasil.com.br\/wp-content\/uploads\/2022\/06\/28b2b6888868cfecbb45939f173c3df9-300x200.jpg\" alt=\"\" width=\"300\" height=\"200\" srcset=\"https:\/\/uvbbrasil.com.br\/wp-content\/uploads\/2022\/06\/28b2b6888868cfecbb45939f173c3df9-300x200.jpg 300w, https:\/\/uvbbrasil.com.br\/wp-content\/uploads\/2022\/06\/28b2b6888868cfecbb45939f173c3df9.jpg 650w\" sizes=\"(max-width: 300px) 100vw, 300px\" \/><\/p>\n","protected":false},"excerpt":{"rendered":"<p>O Poder Legislativo aprovou por unanimidade o Projeto de Lei N\u00ba 034\/22, de autoria da Administra\u00e7\u00e3o Municipal, que autoriza o&#8230;<\/p>\n","protected":false},"author":1,"featured_media":26186,"comment_status":"open","ping_status":"open","sticky":false,"template":"","format":"standard","meta":{"footnotes":""},"categories":[3],"tags":[],"class_list":["post-26185","post","type-post","status-publish","format-standard","has-post-thumbnail","hentry","category-noticias"],"yoast_head":"<!-- This site is optimized with the Yoast SEO plugin v26.7 - https:\/\/yoast.com\/wordpress\/plugins\/seo\/ -->\n<title>C\u00e2mara de Ira\u00ed\/RS oficializa permuta e ced\u00eancia de servidores p\u00fablicos de Ira\u00ed e outros munic\u00edpios - UVB Brasil<\/title>\n<meta name=\"robots\" content=\"index, follow, max-snippet:-1, max-image-preview:large, max-video-preview:-1\" \/>\n<link rel=\"canonical\" href=\"https:\/\/uvbbrasil.com.br\/camara-de-irai-rs-oficializa-permuta-e-cedencia-de-servidores-publicos-de-irai-e-outros-municipios\/\" \/>\n<meta property=\"og:locale\" content=\"pt_BR\" \/>\n<meta property=\"og:type\" content=\"article\" \/>\n<meta property=\"og:title\" content=\"C\u00e2mara de Ira\u00ed\/RS oficializa permuta e ced\u00eancia de servidores p\u00fablicos de Ira\u00ed e outros munic\u00edpios - UVB Brasil\" \/>\n<meta property=\"og:description\" content=\"O Poder Legislativo aprovou por unanimidade o Projeto de Lei N\u00ba 034\/22, de autoria da Administra\u00e7\u00e3o Municipal, que autoriza o...\" \/>\n<meta property=\"og:url\" content=\"https:\/\/uvbbrasil.com.br\/camara-de-irai-rs-oficializa-permuta-e-cedencia-de-servidores-publicos-de-irai-e-outros-municipios\/\" \/>\n<meta property=\"og:site_name\" content=\"UVB Brasil\" \/>\n<meta property=\"article:publisher\" content=\"https:\/\/www.facebook.com\/uvb.vereadoresbrasil\" \/>\n<meta property=\"article:published_time\" content=\"2022-06-10T13:41:35+00:00\" \/>\n<meta property=\"og:image\" content=\"https:\/\/uvbbrasil.com.br\/wp-content\/uploads\/2022\/06\/28b2b6888868cfecbb45939f173c3df9.jpg\" \/>\n\t<meta property=\"og:image:width\" content=\"650\" \/>\n\t<meta property=\"og:image:height\" content=\"433\" \/>\n\t<meta property=\"og:image:type\" content=\"image\/jpeg\" \/>\n<meta name=\"author\" content=\"adminuvb\" \/>\n<meta name=\"twitter:card\" content=\"summary_large_image\" \/>\n<meta name=\"twitter:label1\" content=\"Escrito por\" \/>\n\t<meta name=\"twitter:data1\" content=\"adminuvb\" \/>\n\t<meta name=\"twitter:label2\" content=\"Est. tempo de leitura\" \/>\n\t<meta name=\"twitter:data2\" content=\"2 minutos\" \/>\n<script type=\"application\/ld+json\" class=\"yoast-schema-graph\">{\"@context\":\"https:\/\/schema.org\",\"@graph\":[{\"@type\":\"Article\",\"@id\":\"https:\/\/uvbbrasil.com.br\/camara-de-irai-rs-oficializa-permuta-e-cedencia-de-servidores-publicos-de-irai-e-outros-municipios\/#article\",\"isPartOf\":{\"@id\":\"https:\/\/uvbbrasil.com.br\/camara-de-irai-rs-oficializa-permuta-e-cedencia-de-servidores-publicos-de-irai-e-outros-municipios\/\"},\"author\":{\"name\":\"adminuvb\",\"@id\":\"https:\/\/uvbbrasil.com.br\/#\/schema\/person\/17990098446c098f52effddff4f1b272\"},\"headline\":\"C\u00e2mara de Ira\u00ed\/RS oficializa permuta e ced\u00eancia de servidores p\u00fablicos de Ira\u00ed e outros munic\u00edpios\",\"datePublished\":\"2022-06-10T13:41:35+00:00\",\"mainEntityOfPage\":{\"@id\":\"https:\/\/uvbbrasil.com.br\/camara-de-irai-rs-oficializa-permuta-e-cedencia-de-servidores-publicos-de-irai-e-outros-municipios\/\"},\"wordCount\":309,\"commentCount\":0,\"publisher\":{\"@id\":\"https:\/\/uvbbrasil.com.br\/#organization\"},\"image\":{\"@id\":\"https:\/\/uvbbrasil.com.br\/camara-de-irai-rs-oficializa-permuta-e-cedencia-de-servidores-publicos-de-irai-e-outros-municipios\/#primaryimage\"},\"thumbnailUrl\":\"https:\/\/uvbbrasil.com.br\/wp-content\/uploads\/2022\/06\/28b2b6888868cfecbb45939f173c3df9.jpg\",\"articleSection\":[\"NOT\u00cdCIAS\"],\"inLanguage\":\"pt-BR\",\"potentialAction\":[{\"@type\":\"CommentAction\",\"name\":\"Comment\",\"target\":[\"https:\/\/uvbbrasil.com.br\/camara-de-irai-rs-oficializa-permuta-e-cedencia-de-servidores-publicos-de-irai-e-outros-municipios\/#respond\"]}]},{\"@type\":\"WebPage\",\"@id\":\"https:\/\/uvbbrasil.com.br\/camara-de-irai-rs-oficializa-permuta-e-cedencia-de-servidores-publicos-de-irai-e-outros-municipios\/\",\"url\":\"https:\/\/uvbbrasil.com.br\/camara-de-irai-rs-oficializa-permuta-e-cedencia-de-servidores-publicos-de-irai-e-outros-municipios\/\",\"name\":\"C\u00e2mara de Ira\u00ed\/RS oficializa permuta e ced\u00eancia de servidores p\u00fablicos de Ira\u00ed e outros munic\u00edpios - UVB Brasil\",\"isPartOf\":{\"@id\":\"https:\/\/uvbbrasil.com.br\/#website\"},\"primaryImageOfPage\":{\"@id\":\"https:\/\/uvbbrasil.com.br\/camara-de-irai-rs-oficializa-permuta-e-cedencia-de-servidores-publicos-de-irai-e-outros-municipios\/#primaryimage\"},\"image\":{\"@id\":\"https:\/\/uvbbrasil.com.br\/camara-de-irai-rs-oficializa-permuta-e-cedencia-de-servidores-publicos-de-irai-e-outros-municipios\/#primaryimage\"},\"thumbnailUrl\":\"https:\/\/uvbbrasil.com.br\/wp-content\/uploads\/2022\/06\/28b2b6888868cfecbb45939f173c3df9.jpg\",\"datePublished\":\"2022-06-10T13:41:35+00:00\",\"breadcrumb\":{\"@id\":\"https:\/\/uvbbrasil.com.br\/camara-de-irai-rs-oficializa-permuta-e-cedencia-de-servidores-publicos-de-irai-e-outros-municipios\/#breadcrumb\"},\"inLanguage\":\"pt-BR\",\"potentialAction\":[{\"@type\":\"ReadAction\",\"target\":[\"https:\/\/uvbbrasil.com.br\/camara-de-irai-rs-oficializa-permuta-e-cedencia-de-servidores-publicos-de-irai-e-outros-municipios\/\"]}]},{\"@type\":\"ImageObject\",\"inLanguage\":\"pt-BR\",\"@id\":\"https:\/\/uvbbrasil.com.br\/camara-de-irai-rs-oficializa-permuta-e-cedencia-de-servidores-publicos-de-irai-e-outros-municipios\/#primaryimage\",\"url\":\"https:\/\/uvbbrasil.com.br\/wp-content\/uploads\/2022\/06\/28b2b6888868cfecbb45939f173c3df9.jpg\",\"contentUrl\":\"https:\/\/uvbbrasil.com.br\/wp-content\/uploads\/2022\/06\/28b2b6888868cfecbb45939f173c3df9.jpg\",\"width\":650,\"height\":433},{\"@type\":\"BreadcrumbList\",\"@id\":\"https:\/\/uvbbrasil.com.br\/camara-de-irai-rs-oficializa-permuta-e-cedencia-de-servidores-publicos-de-irai-e-outros-municipios\/#breadcrumb\",\"itemListElement\":[{\"@type\":\"ListItem\",\"position\":1,\"name\":\"In\u00edcio\",\"item\":\"https:\/\/uvbbrasil.com.br\/\"},{\"@type\":\"ListItem\",\"position\":2,\"name\":\"C\u00e2mara de Ira\u00ed\/RS oficializa permuta e ced\u00eancia de servidores p\u00fablicos de Ira\u00ed e outros munic\u00edpios\"}]},{\"@type\":\"WebSite\",\"@id\":\"https:\/\/uvbbrasil.com.br\/#website\",\"url\":\"https:\/\/uvbbrasil.com.br\/\",\"name\":\"UVB Brasil\",\"description\":\"Uni\u00e3o dos Vereadores do Brasil\",\"publisher\":{\"@id\":\"https:\/\/uvbbrasil.com.br\/#organization\"},\"potentialAction\":[{\"@type\":\"SearchAction\",\"target\":{\"@type\":\"EntryPoint\",\"urlTemplate\":\"https:\/\/uvbbrasil.com.br\/?s={search_term_string}\"},\"query-input\":{\"@type\":\"PropertyValueSpecification\",\"valueRequired\":true,\"valueName\":\"search_term_string\"}}],\"inLanguage\":\"pt-BR\"},{\"@type\":\"Organization\",\"@id\":\"https:\/\/uvbbrasil.com.br\/#organization\",\"name\":\"UVB Brasil\",\"url\":\"https:\/\/uvbbrasil.com.br\/\",\"logo\":{\"@type\":\"ImageObject\",\"inLanguage\":\"pt-BR\",\"@id\":\"https:\/\/uvbbrasil.com.br\/#\/schema\/logo\/image\/\",\"url\":\"https:\/\/uvbbrasil.com.br\/wp-content\/uploads\/2025\/01\/LOGO-UVB-2024-azul-1.jpg\",\"contentUrl\":\"https:\/\/uvbbrasil.com.br\/wp-content\/uploads\/2025\/01\/LOGO-UVB-2024-azul-1.jpg\",\"width\":600,\"height\":211,\"caption\":\"UVB Brasil\"},\"image\":{\"@id\":\"https:\/\/uvbbrasil.com.br\/#\/schema\/logo\/image\/\"},\"sameAs\":[\"https:\/\/www.facebook.com\/uvb.vereadoresbrasil\",\"https:\/\/www.instagram.com\/uvbbrasil\/\",\"https:\/\/www.youtube.com\/channel\/UCIlPQ8Xzw5GHNzosQIg9S5A\"]},{\"@type\":\"Person\",\"@id\":\"https:\/\/uvbbrasil.com.br\/#\/schema\/person\/17990098446c098f52effddff4f1b272\",\"name\":\"adminuvb\",\"image\":{\"@type\":\"ImageObject\",\"inLanguage\":\"pt-BR\",\"@id\":\"https:\/\/uvbbrasil.com.br\/#\/schema\/person\/image\/\",\"url\":\"https:\/\/secure.gravatar.com\/avatar\/1a494ea6f8e2dd1ae526e55b0e9497efdba542491e0620d704cccf63c6f77c45?s=96&d=mm&r=g\",\"contentUrl\":\"https:\/\/secure.gravatar.com\/avatar\/1a494ea6f8e2dd1ae526e55b0e9497efdba542491e0620d704cccf63c6f77c45?s=96&d=mm&r=g\",\"caption\":\"adminuvb\"},\"sameAs\":[\"https:\/\/uvbbrasil.com.br\"],\"url\":\"https:\/\/uvbbrasil.com.br\/author\/adminuvb\/\"}]}<\/script>\n<!-- \/ Yoast SEO plugin. -->","yoast_head_json":{"title":"C\u00e2mara de Ira\u00ed\/RS oficializa permuta e ced\u00eancia de servidores p\u00fablicos de Ira\u00ed e outros munic\u00edpios - UVB Brasil","robots":{"index":"index","follow":"follow","max-snippet":"max-snippet:-1","max-image-preview":"max-image-preview:large","max-video-preview":"max-video-preview:-1"},"canonical":"https:\/\/uvbbrasil.com.br\/camara-de-irai-rs-oficializa-permuta-e-cedencia-de-servidores-publicos-de-irai-e-outros-municipios\/","og_locale":"pt_BR","og_type":"article","og_title":"C\u00e2mara de Ira\u00ed\/RS oficializa permuta e ced\u00eancia de servidores p\u00fablicos de Ira\u00ed e outros munic\u00edpios - UVB Brasil","og_description":"O Poder Legislativo aprovou por unanimidade o Projeto de Lei N\u00ba 034\/22, de autoria da Administra\u00e7\u00e3o Municipal, que autoriza o...","og_url":"https:\/\/uvbbrasil.com.br\/camara-de-irai-rs-oficializa-permuta-e-cedencia-de-servidores-publicos-de-irai-e-outros-municipios\/","og_site_name":"UVB Brasil","article_publisher":"https:\/\/www.facebook.com\/uvb.vereadoresbrasil","article_published_time":"2022-06-10T13:41:35+00:00","og_image":[{"width":650,"height":433,"url":"https:\/\/uvbbrasil.com.br\/wp-content\/uploads\/2022\/06\/28b2b6888868cfecbb45939f173c3df9.jpg","type":"image\/jpeg"}],"author":"adminuvb","twitter_card":"summary_large_image","twitter_misc":{"Escrito por":"adminuvb","Est. tempo de leitura":"2 minutos"},"schema":{"@context":"https:\/\/schema.org","@graph":[{"@type":"Article","@id":"https:\/\/uvbbrasil.com.br\/camara-de-irai-rs-oficializa-permuta-e-cedencia-de-servidores-publicos-de-irai-e-outros-municipios\/#article","isPartOf":{"@id":"https:\/\/uvbbrasil.com.br\/camara-de-irai-rs-oficializa-permuta-e-cedencia-de-servidores-publicos-de-irai-e-outros-municipios\/"},"author":{"name":"adminuvb","@id":"https:\/\/uvbbrasil.com.br\/#\/schema\/person\/17990098446c098f52effddff4f1b272"},"headline":"C\u00e2mara de Ira\u00ed\/RS oficializa permuta e ced\u00eancia de servidores p\u00fablicos de Ira\u00ed e outros munic\u00edpios","datePublished":"2022-06-10T13:41:35+00:00","mainEntityOfPage":{"@id":"https:\/\/uvbbrasil.com.br\/camara-de-irai-rs-oficializa-permuta-e-cedencia-de-servidores-publicos-de-irai-e-outros-municipios\/"},"wordCount":309,"commentCount":0,"publisher":{"@id":"https:\/\/uvbbrasil.com.br\/#organization"},"image":{"@id":"https:\/\/uvbbrasil.com.br\/camara-de-irai-rs-oficializa-permuta-e-cedencia-de-servidores-publicos-de-irai-e-outros-municipios\/#primaryimage"},"thumbnailUrl":"https:\/\/uvbbrasil.com.br\/wp-content\/uploads\/2022\/06\/28b2b6888868cfecbb45939f173c3df9.jpg","articleSection":["NOT\u00cdCIAS"],"inLanguage":"pt-BR","potentialAction":[{"@type":"CommentAction","name":"Comment","target":["https:\/\/uvbbrasil.com.br\/camara-de-irai-rs-oficializa-permuta-e-cedencia-de-servidores-publicos-de-irai-e-outros-municipios\/#respond"]}]},{"@type":"WebPage","@id":"https:\/\/uvbbrasil.com.br\/camara-de-irai-rs-oficializa-permuta-e-cedencia-de-servidores-publicos-de-irai-e-outros-municipios\/","url":"https:\/\/uvbbrasil.com.br\/camara-de-irai-rs-oficializa-permuta-e-cedencia-de-servidores-publicos-de-irai-e-outros-municipios\/","name":"C\u00e2mara de Ira\u00ed\/RS oficializa permuta e ced\u00eancia de servidores p\u00fablicos de Ira\u00ed e outros munic\u00edpios - UVB Brasil","isPartOf":{"@id":"https:\/\/uvbbrasil.com.br\/#website"},"primaryImageOfPage":{"@id":"https:\/\/uvbbrasil.com.br\/camara-de-irai-rs-oficializa-permuta-e-cedencia-de-servidores-publicos-de-irai-e-outros-municipios\/#primaryimage"},"image":{"@id":"https:\/\/uvbbrasil.com.br\/camara-de-irai-rs-oficializa-permuta-e-cedencia-de-servidores-publicos-de-irai-e-outros-municipios\/#primaryimage"},"thumbnailUrl":"https:\/\/uvbbrasil.com.br\/wp-content\/uploads\/2022\/06\/28b2b6888868cfecbb45939f173c3df9.jpg","datePublished":"2022-06-10T13:41:35+00:00","breadcrumb":{"@id":"https:\/\/uvbbrasil.com.br\/camara-de-irai-rs-oficializa-permuta-e-cedencia-de-servidores-publicos-de-irai-e-outros-municipios\/#breadcrumb"},"inLanguage":"pt-BR","potentialAction":[{"@type":"ReadAction","target":["https:\/\/uvbbrasil.com.br\/camara-de-irai-rs-oficializa-permuta-e-cedencia-de-servidores-publicos-de-irai-e-outros-municipios\/"]}]},{"@type":"ImageObject","inLanguage":"pt-BR","@id":"https:\/\/uvbbrasil.com.br\/camara-de-irai-rs-oficializa-permuta-e-cedencia-de-servidores-publicos-de-irai-e-outros-municipios\/#primaryimage","url":"https:\/\/uvbbrasil.com.br\/wp-content\/uploads\/2022\/06\/28b2b6888868cfecbb45939f173c3df9.jpg","contentUrl":"https:\/\/uvbbrasil.com.br\/wp-content\/uploads\/2022\/06\/28b2b6888868cfecbb45939f173c3df9.jpg","width":650,"height":433},{"@type":"BreadcrumbList","@id":"https:\/\/uvbbrasil.com.br\/camara-de-irai-rs-oficializa-permuta-e-cedencia-de-servidores-publicos-de-irai-e-outros-municipios\/#breadcrumb","itemListElement":[{"@type":"ListItem","position":1,"name":"In\u00edcio","item":"https:\/\/uvbbrasil.com.br\/"},{"@type":"ListItem","position":2,"name":"C\u00e2mara de Ira\u00ed\/RS oficializa permuta e ced\u00eancia de servidores p\u00fablicos de Ira\u00ed e outros munic\u00edpios"}]},{"@type":"WebSite","@id":"https:\/\/uvbbrasil.com.br\/#website","url":"https:\/\/uvbbrasil.com.br\/","name":"UVB Brasil","description":"Uni\u00e3o dos Vereadores do Brasil","publisher":{"@id":"https:\/\/uvbbrasil.com.br\/#organization"},"potentialAction":[{"@type":"SearchAction","target":{"@type":"EntryPoint","urlTemplate":"https:\/\/uvbbrasil.com.br\/?s={search_term_string}"},"query-input":{"@type":"PropertyValueSpecification","valueRequired":true,"valueName":"search_term_string"}}],"inLanguage":"pt-BR"},{"@type":"Organization","@id":"https:\/\/uvbbrasil.com.br\/#organization","name":"UVB Brasil","url":"https:\/\/uvbbrasil.com.br\/","logo":{"@type":"ImageObject","inLanguage":"pt-BR","@id":"https:\/\/uvbbrasil.com.br\/#\/schema\/logo\/image\/","url":"https:\/\/uvbbrasil.com.br\/wp-content\/uploads\/2025\/01\/LOGO-UVB-2024-azul-1.jpg","contentUrl":"https:\/\/uvbbrasil.com.br\/wp-content\/uploads\/2025\/01\/LOGO-UVB-2024-azul-1.jpg","width":600,"height":211,"caption":"UVB Brasil"},"image":{"@id":"https:\/\/uvbbrasil.com.br\/#\/schema\/logo\/image\/"},"sameAs":["https:\/\/www.facebook.com\/uvb.vereadoresbrasil","https:\/\/www.instagram.com\/uvbbrasil\/","https:\/\/www.youtube.com\/channel\/UCIlPQ8Xzw5GHNzosQIg9S5A"]},{"@type":"Person","@id":"https:\/\/uvbbrasil.com.br\/#\/schema\/person\/17990098446c098f52effddff4f1b272","name":"adminuvb","image":{"@type":"ImageObject","inLanguage":"pt-BR","@id":"https:\/\/uvbbrasil.com.br\/#\/schema\/person\/image\/","url":"https:\/\/secure.gravatar.com\/avatar\/1a494ea6f8e2dd1ae526e55b0e9497efdba542491e0620d704cccf63c6f77c45?s=96&d=mm&r=g","contentUrl":"https:\/\/secure.gravatar.com\/avatar\/1a494ea6f8e2dd1ae526e55b0e9497efdba542491e0620d704cccf63c6f77c45?s=96&d=mm&r=g","caption":"adminuvb"},"sameAs":["https:\/\/uvbbrasil.com.br"],"url":"https:\/\/uvbbrasil.com.br\/author\/adminuvb\/"}]}},"_links":{"self":[{"href":"https:\/\/uvbbrasil.com.br\/uvb-json\/wp\/v2\/posts\/26185","targetHints":{"allow":["GET"]}}],"collection":[{"href":"https:\/\/uvbbrasil.com.br\/uvb-json\/wp\/v2\/posts"}],"about":[{"href":"https:\/\/uvbbrasil.com.br\/uvb-json\/wp\/v2\/types\/post"}],"author":[{"embeddable":true,"href":"https:\/\/uvbbrasil.com.br\/uvb-json\/wp\/v2\/users\/1"}],"replies":[{"embeddable":true,"href":"https:\/\/uvbbrasil.com.br\/uvb-json\/wp\/v2\/comments?post=26185"}],"version-history":[{"count":0,"href":"https:\/\/uvbbrasil.com.br\/uvb-json\/wp\/v2\/posts\/26185\/revisions"}],"wp:featuredmedia":[{"embeddable":true,"href":"https:\/\/uvbbrasil.com.br\/uvb-json\/wp\/v2\/media\/26186"}],"wp:attachment":[{"href":"https:\/\/uvbbrasil.com.br\/uvb-json\/wp\/v2\/media?parent=26185"}],"wp:term":[{"taxonomy":"category","embeddable":true,"href":"https:\/\/uvbbrasil.com.br\/uvb-json\/wp\/v2\/categories?post=26185"},{"taxonomy":"post_tag","embeddable":true,"href":"https:\/\/uvbbrasil.com.br\/uvb-json\/wp\/v2\/tags?post=26185"}],"curies":[{"name":"wp","href":"https:\/\/api.w.org\/{rel}","templated":true}]}}