{"id":26164,"date":"2022-06-07T17:17:38","date_gmt":"2022-06-07T20:17:38","guid":{"rendered":"https:\/\/wpsandbox4.pante.com.br\/?p=26164"},"modified":"2022-06-07T17:17:38","modified_gmt":"2022-06-07T20:17:38","slug":"assembleia-legislativa-rs-concede-merito-farroupilha-in-memorian-a-adroaldo-conzatti","status":"publish","type":"post","link":"https:\/\/uvbbrasil.com.br\/assembleia-legislativa-rs-concede-merito-farroupilha-in-memorian-a-adroaldo-conzatti\/","title":{"rendered":"Assembleia Legislativa\/RS concede M\u00e9rito Farroupilha \u201cin memorian\u201d a Adroaldo Conzatti"},"content":{"rendered":"<p>A Assembleia Legislativa do Rio Grande do Sul (AL-RS) concedeu \u201cin memorian\u201d a Medalha do M\u00e9rito Farroupilha ao ex-prefeito de Encantado Adroaldo Conzatti, falecido em 2021 aos 81 anos. A solenidade aconteceu na tarde de hoje (dia 07\/06\/22) por iniciativa do deputado Edson Brum (MDB), que junto com o presidente do parlamento ga\u00facho, Valdeci Oliveira (PT), entregou a distin\u00e7\u00e3o aos filhos do homenageado, Gilson, Rog\u00e9rio e Luiz Henrique Conzatti.<br \/>\nO vereador Gilson Conzatti, presidente da Uni\u00e3o dos Vereadores do Brasil (UVB), \u00e9 tamb\u00e9m vice-presidente da Uni\u00e3o dos Vereadores do Rio Grande do Sul (UVERGS). Seu pai, Adroaldo Conzatti foi o mentor da constru\u00e7\u00e3o do Cristo Protetor de Encantado, estrutura que tem 37,5 metros de altura e foi erguido no Morro das Antenas, a 436 metros acima do n\u00edvel do mar. Escolhido em quatro elei\u00e7\u00f5es para comandar o munic\u00edpio, Adroaldo Conzatti foi vereador, suplente de deputado estadual e federal, diretor do Departamento Aut\u00f4nomo de Estreadas de Rodagem (DAER) e presidente do Esporte Clube Encantado. Al\u00e9m disso, fundou em 1971 o Escrit\u00f3rio Cont\u00e1bil Conzatti, maior rede de escrit\u00f3rios de contabilidade do Rio Grande do Sul, com 18 unidades instaladas nas regi\u00f5es dos Vales e Metropolitana de Porto Alegre. Presidiu o MDB em Encantado e, em 2014, fundou o PSDB no munic\u00edpio.<\/p>\n<p>A homenagem p\u00f3stuma ao pol\u00edtico de Encantado foi a \u00faltima a\u00e7\u00e3o de Edson Brum no parlamento ga\u00facho. Ap\u00f3s a cerim\u00f4nia, ele ocupou o Grande Expediente da sess\u00e3o plen\u00e1ria para se despedir dos colegas e anunciar, oficialmente, sua ida para Tribunal de Contas do Estado (TCE).<\/p>\n<p>Discursando de improviso, Brum lembrou que Conzatti foi um \u201cl\u00edder vision\u00e1rio, que administrava Encantado pensando 20 anos na frente, e sem medo de ousar\u201d. \u201cEle idealizou, levou seu plano adiante e colocou o Cristo de p\u00e9, a despeito de cr\u00edticas e de quem duvida. O primeiro encontro com o escultor foi no meu gabinete\u201d, contou Edson Brum. O presidente da UVERGS, vereador Silomar Garcia, foi uma das dezenas de autoridades e lideran\u00e7as pol\u00edticas a prestigiar a homenagem.<\/p>\n<p>Em nome dos familiares, Gilson Conzatti agradeceu a homenagem que, segundo ele, \u00e9 importante n\u00e3o apenas para os mais pr\u00f3ximos , mas para toda a comunidade de Encantado. Ele falou sobre a trajet\u00f3ria pol\u00edtica do pai e ressaltou que seu principal legado \u00e9 o \u201cesp\u00edrito p\u00fablico e a concep\u00e7\u00e3o de que o bem coletivo est\u00e1 acima do bem individual\u201d.<\/p>\n<p>O presidente do parlamento ga\u00facho, deputado Valdeci Oliveira (PT), encerrou a cerim\u00f4nia, elogiando a iniciativa do deputado peemedebista de homenagear uma figura p\u00fablica \u201ccom um extraordin\u00e1rio legado de trabalho por sua comunidade, empatia e compreens\u00e3o da necessidade de se olhar para o futuro\u201d.<\/p>\n<p>Valdeci afirmou ainda que, \u201cneste momento de precariza\u00e7\u00e3o dos espa\u00e7os p\u00fablicos e de criminaliza\u00e7\u00e3o da atividade pol\u00edtica, o exemplo de Conzatti \u00e9 uma luz apontando para um caminho diferente e poss\u00edvel, movido pela solidariedade e pelo bem comum.\u201d<\/p>\n<p>A deputada Zil\u00e1 Breitenbach (PSDB) e os deputados Mateus Wesp (PSDB), Jovir Costella (MDB) e Vimar Louren\u00e7o (PP), al\u00e9m do presidente do TCE, Alexandre Postal, e do chefe interino da Casa Civil, Bruno Pinto de Freitas, prestigiaram o evento.<\/p>\n<p><img fetchpriority=\"high\" decoding=\"async\" class=\"alignnone size-medium wp-image-26167\" src=\"https:\/\/uvbbrasil.com.br\/wp-content\/uploads\/2022\/06\/076-300x200.jpg\" alt=\"\" width=\"300\" height=\"200\" srcset=\"https:\/\/uvbbrasil.com.br\/wp-content\/uploads\/2022\/06\/076-300x200.jpg 300w, https:\/\/uvbbrasil.com.br\/wp-content\/uploads\/2022\/06\/076-768x512.jpg 768w, https:\/\/uvbbrasil.com.br\/wp-content\/uploads\/2022\/06\/076.jpg 985w\" sizes=\"(max-width: 300px) 100vw, 300px\" \/><img decoding=\"async\" class=\"alignnone size-medium wp-image-26168\" src=\"https:\/\/uvbbrasil.com.br\/wp-content\/uploads\/2022\/06\/07-06-adroaldo-300x200.jpg\" alt=\"\" width=\"300\" height=\"200\" srcset=\"https:\/\/uvbbrasil.com.br\/wp-content\/uploads\/2022\/06\/07-06-adroaldo-300x200.jpg 300w, https:\/\/uvbbrasil.com.br\/wp-content\/uploads\/2022\/06\/07-06-adroaldo-768x512.jpg 768w, https:\/\/uvbbrasil.com.br\/wp-content\/uploads\/2022\/06\/07-06-adroaldo.jpg 900w\" sizes=\"(max-width: 300px) 100vw, 300px\" \/><\/p>\n<p><img decoding=\"async\" class=\"alignnone size-medium wp-image-26166\" src=\"https:\/\/uvbbrasil.com.br\/wp-content\/uploads\/2022\/06\/07-gilson-300x200.jpg\" alt=\"\" width=\"300\" height=\"200\" srcset=\"https:\/\/uvbbrasil.com.br\/wp-content\/uploads\/2022\/06\/07-gilson-300x200.jpg 300w, https:\/\/uvbbrasil.com.br\/wp-content\/uploads\/2022\/06\/07-gilson-768x512.jpg 768w, https:\/\/uvbbrasil.com.br\/wp-content\/uploads\/2022\/06\/07-gilson.jpg 900w\" sizes=\"(max-width: 300px) 100vw, 300px\" \/><img loading=\"lazy\" decoding=\"async\" class=\"alignnone size-medium wp-image-26165\" src=\"https:\/\/uvbbrasil.com.br\/wp-content\/uploads\/2022\/06\/gilson-7-300x200.jpg\" alt=\"\" width=\"300\" height=\"200\" srcset=\"https:\/\/uvbbrasil.com.br\/wp-content\/uploads\/2022\/06\/gilson-7-300x200.jpg 300w, https:\/\/uvbbrasil.com.br\/wp-content\/uploads\/2022\/06\/gilson-7-768x512.jpg 768w, https:\/\/uvbbrasil.com.br\/wp-content\/uploads\/2022\/06\/gilson-7.jpg 900w\" sizes=\"(max-width: 300px) 100vw, 300px\" \/><\/p>\n<p><img loading=\"lazy\" decoding=\"async\" class=\"alignnone size-medium wp-image-26169\" src=\"https:\/\/uvbbrasil.com.br\/wp-content\/uploads\/2022\/06\/WhatsApp-Image-2022-06-07-at-17.14.41-300x182.jpeg\" alt=\"\" width=\"300\" height=\"182\" srcset=\"https:\/\/uvbbrasil.com.br\/wp-content\/uploads\/2022\/06\/WhatsApp-Image-2022-06-07-at-17.14.41-300x182.jpeg 300w, https:\/\/uvbbrasil.com.br\/wp-content\/uploads\/2022\/06\/WhatsApp-Image-2022-06-07-at-17.14.41-1024x621.jpeg 1024w, https:\/\/uvbbrasil.com.br\/wp-content\/uploads\/2022\/06\/WhatsApp-Image-2022-06-07-at-17.14.41-768x466.jpeg 768w, https:\/\/uvbbrasil.com.br\/wp-content\/uploads\/2022\/06\/WhatsApp-Image-2022-06-07-at-17.14.41.jpeg 1280w\" sizes=\"(max-width: 300px) 100vw, 300px\" \/><img loading=\"lazy\" decoding=\"async\" class=\"alignnone size-medium wp-image-26170\" src=\"https:\/\/uvbbrasil.com.br\/wp-content\/uploads\/2022\/06\/WhatsApp-Image-2022-06-07-at-17.14.40-300x225.jpeg\" alt=\"\" width=\"300\" height=\"225\" srcset=\"https:\/\/uvbbrasil.com.br\/wp-content\/uploads\/2022\/06\/WhatsApp-Image-2022-06-07-at-17.14.40-300x225.jpeg 300w, https:\/\/uvbbrasil.com.br\/wp-content\/uploads\/2022\/06\/WhatsApp-Image-2022-06-07-at-17.14.40.jpeg 720w\" sizes=\"(max-width: 300px) 100vw, 300px\" \/><img loading=\"lazy\" decoding=\"async\" class=\"alignnone size-medium wp-image-26171\" src=\"https:\/\/uvbbrasil.com.br\/wp-content\/uploads\/2022\/06\/WhatsApp-Image-2022-06-07-at-17.14.40-1-300x225.jpeg\" alt=\"\" width=\"300\" height=\"225\" srcset=\"https:\/\/uvbbrasil.com.br\/wp-content\/uploads\/2022\/06\/WhatsApp-Image-2022-06-07-at-17.14.40-1-300x225.jpeg 300w, https:\/\/uvbbrasil.com.br\/wp-content\/uploads\/2022\/06\/WhatsApp-Image-2022-06-07-at-17.14.40-1.jpeg 720w\" sizes=\"(max-width: 300px) 100vw, 300px\" \/><\/p>\n","protected":false},"excerpt":{"rendered":"<p>A Assembleia Legislativa do Rio Grande do Sul (AL-RS) concedeu \u201cin memorian\u201d a Medalha do M\u00e9rito Farroupilha ao ex-prefeito de&#8230;<\/p>\n","protected":false},"author":1,"featured_media":26169,"comment_status":"open","ping_status":"open","sticky":false,"template":"","format":"standard","meta":{"footnotes":""},"categories":[3],"tags":[],"class_list":["post-26164","post","type-post","status-publish","format-standard","has-post-thumbnail","hentry","category-noticias"],"yoast_head":"<!-- This site is optimized with the Yoast SEO plugin v26.7 - https:\/\/yoast.com\/wordpress\/plugins\/seo\/ -->\n<title>Assembleia Legislativa\/RS concede M\u00e9rito Farroupilha \u201cin memorian\u201d a Adroaldo Conzatti - UVB Brasil<\/title>\n<meta name=\"robots\" content=\"index, follow, max-snippet:-1, max-image-preview:large, max-video-preview:-1\" \/>\n<link rel=\"canonical\" href=\"https:\/\/uvbbrasil.com.br\/assembleia-legislativa-rs-concede-merito-farroupilha-in-memorian-a-adroaldo-conzatti\/\" \/>\n<meta property=\"og:locale\" content=\"pt_BR\" \/>\n<meta property=\"og:type\" content=\"article\" \/>\n<meta property=\"og:title\" content=\"Assembleia Legislativa\/RS concede M\u00e9rito Farroupilha \u201cin memorian\u201d a Adroaldo Conzatti - UVB Brasil\" \/>\n<meta property=\"og:description\" content=\"A Assembleia Legislativa do Rio Grande do Sul (AL-RS) concedeu \u201cin memorian\u201d a Medalha do M\u00e9rito Farroupilha ao ex-prefeito de...\" \/>\n<meta property=\"og:url\" content=\"https:\/\/uvbbrasil.com.br\/assembleia-legislativa-rs-concede-merito-farroupilha-in-memorian-a-adroaldo-conzatti\/\" \/>\n<meta property=\"og:site_name\" content=\"UVB Brasil\" \/>\n<meta property=\"article:publisher\" content=\"https:\/\/www.facebook.com\/uvb.vereadoresbrasil\" \/>\n<meta property=\"article:published_time\" content=\"2022-06-07T20:17:38+00:00\" \/>\n<meta property=\"og:image\" content=\"https:\/\/uvbbrasil.com.br\/wp-content\/uploads\/2022\/06\/WhatsApp-Image-2022-06-07-at-17.14.41.jpeg\" \/>\n\t<meta property=\"og:image:width\" content=\"1280\" \/>\n\t<meta property=\"og:image:height\" content=\"776\" \/>\n\t<meta property=\"og:image:type\" content=\"image\/jpeg\" \/>\n<meta name=\"author\" content=\"adminuvb\" \/>\n<meta name=\"twitter:card\" content=\"summary_large_image\" \/>\n<meta name=\"twitter:label1\" content=\"Escrito por\" \/>\n\t<meta name=\"twitter:data1\" content=\"adminuvb\" \/>\n\t<meta name=\"twitter:label2\" content=\"Est. tempo de leitura\" \/>\n\t<meta name=\"twitter:data2\" content=\"4 minutos\" \/>\n<script type=\"application\/ld+json\" class=\"yoast-schema-graph\">{\"@context\":\"https:\/\/schema.org\",\"@graph\":[{\"@type\":\"Article\",\"@id\":\"https:\/\/uvbbrasil.com.br\/assembleia-legislativa-rs-concede-merito-farroupilha-in-memorian-a-adroaldo-conzatti\/#article\",\"isPartOf\":{\"@id\":\"https:\/\/uvbbrasil.com.br\/assembleia-legislativa-rs-concede-merito-farroupilha-in-memorian-a-adroaldo-conzatti\/\"},\"author\":{\"name\":\"adminuvb\",\"@id\":\"https:\/\/uvbbrasil.com.br\/#\/schema\/person\/17990098446c098f52effddff4f1b272\"},\"headline\":\"Assembleia Legislativa\/RS concede M\u00e9rito Farroupilha \u201cin memorian\u201d a Adroaldo Conzatti\",\"datePublished\":\"2022-06-07T20:17:38+00:00\",\"mainEntityOfPage\":{\"@id\":\"https:\/\/uvbbrasil.com.br\/assembleia-legislativa-rs-concede-merito-farroupilha-in-memorian-a-adroaldo-conzatti\/\"},\"wordCount\":559,\"commentCount\":0,\"publisher\":{\"@id\":\"https:\/\/uvbbrasil.com.br\/#organization\"},\"image\":{\"@id\":\"https:\/\/uvbbrasil.com.br\/assembleia-legislativa-rs-concede-merito-farroupilha-in-memorian-a-adroaldo-conzatti\/#primaryimage\"},\"thumbnailUrl\":\"https:\/\/uvbbrasil.com.br\/wp-content\/uploads\/2022\/06\/WhatsApp-Image-2022-06-07-at-17.14.41.jpeg\",\"articleSection\":[\"NOT\u00cdCIAS\"],\"inLanguage\":\"pt-BR\",\"potentialAction\":[{\"@type\":\"CommentAction\",\"name\":\"Comment\",\"target\":[\"https:\/\/uvbbrasil.com.br\/assembleia-legislativa-rs-concede-merito-farroupilha-in-memorian-a-adroaldo-conzatti\/#respond\"]}]},{\"@type\":\"WebPage\",\"@id\":\"https:\/\/uvbbrasil.com.br\/assembleia-legislativa-rs-concede-merito-farroupilha-in-memorian-a-adroaldo-conzatti\/\",\"url\":\"https:\/\/uvbbrasil.com.br\/assembleia-legislativa-rs-concede-merito-farroupilha-in-memorian-a-adroaldo-conzatti\/\",\"name\":\"Assembleia Legislativa\/RS concede M\u00e9rito Farroupilha \u201cin memorian\u201d a Adroaldo Conzatti - UVB Brasil\",\"isPartOf\":{\"@id\":\"https:\/\/uvbbrasil.com.br\/#website\"},\"primaryImageOfPage\":{\"@id\":\"https:\/\/uvbbrasil.com.br\/assembleia-legislativa-rs-concede-merito-farroupilha-in-memorian-a-adroaldo-conzatti\/#primaryimage\"},\"image\":{\"@id\":\"https:\/\/uvbbrasil.com.br\/assembleia-legislativa-rs-concede-merito-farroupilha-in-memorian-a-adroaldo-conzatti\/#primaryimage\"},\"thumbnailUrl\":\"https:\/\/uvbbrasil.com.br\/wp-content\/uploads\/2022\/06\/WhatsApp-Image-2022-06-07-at-17.14.41.jpeg\",\"datePublished\":\"2022-06-07T20:17:38+00:00\",\"breadcrumb\":{\"@id\":\"https:\/\/uvbbrasil.com.br\/assembleia-legislativa-rs-concede-merito-farroupilha-in-memorian-a-adroaldo-conzatti\/#breadcrumb\"},\"inLanguage\":\"pt-BR\",\"potentialAction\":[{\"@type\":\"ReadAction\",\"target\":[\"https:\/\/uvbbrasil.com.br\/assembleia-legislativa-rs-concede-merito-farroupilha-in-memorian-a-adroaldo-conzatti\/\"]}]},{\"@type\":\"ImageObject\",\"inLanguage\":\"pt-BR\",\"@id\":\"https:\/\/uvbbrasil.com.br\/assembleia-legislativa-rs-concede-merito-farroupilha-in-memorian-a-adroaldo-conzatti\/#primaryimage\",\"url\":\"https:\/\/uvbbrasil.com.br\/wp-content\/uploads\/2022\/06\/WhatsApp-Image-2022-06-07-at-17.14.41.jpeg\",\"contentUrl\":\"https:\/\/uvbbrasil.com.br\/wp-content\/uploads\/2022\/06\/WhatsApp-Image-2022-06-07-at-17.14.41.jpeg\",\"width\":1280,\"height\":776},{\"@type\":\"BreadcrumbList\",\"@id\":\"https:\/\/uvbbrasil.com.br\/assembleia-legislativa-rs-concede-merito-farroupilha-in-memorian-a-adroaldo-conzatti\/#breadcrumb\",\"itemListElement\":[{\"@type\":\"ListItem\",\"position\":1,\"name\":\"In\u00edcio\",\"item\":\"https:\/\/uvbbrasil.com.br\/\"},{\"@type\":\"ListItem\",\"position\":2,\"name\":\"Assembleia Legislativa\/RS concede M\u00e9rito Farroupilha \u201cin memorian\u201d a Adroaldo Conzatti\"}]},{\"@type\":\"WebSite\",\"@id\":\"https:\/\/uvbbrasil.com.br\/#website\",\"url\":\"https:\/\/uvbbrasil.com.br\/\",\"name\":\"UVB Brasil\",\"description\":\"Uni\u00e3o dos Vereadores do Brasil\",\"publisher\":{\"@id\":\"https:\/\/uvbbrasil.com.br\/#organization\"},\"potentialAction\":[{\"@type\":\"SearchAction\",\"target\":{\"@type\":\"EntryPoint\",\"urlTemplate\":\"https:\/\/uvbbrasil.com.br\/?s={search_term_string}\"},\"query-input\":{\"@type\":\"PropertyValueSpecification\",\"valueRequired\":true,\"valueName\":\"search_term_string\"}}],\"inLanguage\":\"pt-BR\"},{\"@type\":\"Organization\",\"@id\":\"https:\/\/uvbbrasil.com.br\/#organization\",\"name\":\"UVB Brasil\",\"url\":\"https:\/\/uvbbrasil.com.br\/\",\"logo\":{\"@type\":\"ImageObject\",\"inLanguage\":\"pt-BR\",\"@id\":\"https:\/\/uvbbrasil.com.br\/#\/schema\/logo\/image\/\",\"url\":\"https:\/\/uvbbrasil.com.br\/wp-content\/uploads\/2025\/01\/LOGO-UVB-2024-azul-1.jpg\",\"contentUrl\":\"https:\/\/uvbbrasil.com.br\/wp-content\/uploads\/2025\/01\/LOGO-UVB-2024-azul-1.jpg\",\"width\":600,\"height\":211,\"caption\":\"UVB Brasil\"},\"image\":{\"@id\":\"https:\/\/uvbbrasil.com.br\/#\/schema\/logo\/image\/\"},\"sameAs\":[\"https:\/\/www.facebook.com\/uvb.vereadoresbrasil\",\"https:\/\/www.instagram.com\/uvbbrasil\/\",\"https:\/\/www.youtube.com\/channel\/UCIlPQ8Xzw5GHNzosQIg9S5A\"]},{\"@type\":\"Person\",\"@id\":\"https:\/\/uvbbrasil.com.br\/#\/schema\/person\/17990098446c098f52effddff4f1b272\",\"name\":\"adminuvb\",\"image\":{\"@type\":\"ImageObject\",\"inLanguage\":\"pt-BR\",\"@id\":\"https:\/\/uvbbrasil.com.br\/#\/schema\/person\/image\/\",\"url\":\"https:\/\/secure.gravatar.com\/avatar\/1a494ea6f8e2dd1ae526e55b0e9497efdba542491e0620d704cccf63c6f77c45?s=96&d=mm&r=g\",\"contentUrl\":\"https:\/\/secure.gravatar.com\/avatar\/1a494ea6f8e2dd1ae526e55b0e9497efdba542491e0620d704cccf63c6f77c45?s=96&d=mm&r=g\",\"caption\":\"adminuvb\"},\"sameAs\":[\"https:\/\/uvbbrasil.com.br\"],\"url\":\"https:\/\/uvbbrasil.com.br\/author\/adminuvb\/\"}]}<\/script>\n<!-- \/ Yoast SEO plugin. -->","yoast_head_json":{"title":"Assembleia Legislativa\/RS concede M\u00e9rito Farroupilha \u201cin memorian\u201d a Adroaldo Conzatti - UVB Brasil","robots":{"index":"index","follow":"follow","max-snippet":"max-snippet:-1","max-image-preview":"max-image-preview:large","max-video-preview":"max-video-preview:-1"},"canonical":"https:\/\/uvbbrasil.com.br\/assembleia-legislativa-rs-concede-merito-farroupilha-in-memorian-a-adroaldo-conzatti\/","og_locale":"pt_BR","og_type":"article","og_title":"Assembleia Legislativa\/RS concede M\u00e9rito Farroupilha \u201cin memorian\u201d a Adroaldo Conzatti - UVB Brasil","og_description":"A Assembleia Legislativa do Rio Grande do Sul (AL-RS) concedeu \u201cin memorian\u201d a Medalha do M\u00e9rito Farroupilha ao ex-prefeito de...","og_url":"https:\/\/uvbbrasil.com.br\/assembleia-legislativa-rs-concede-merito-farroupilha-in-memorian-a-adroaldo-conzatti\/","og_site_name":"UVB Brasil","article_publisher":"https:\/\/www.facebook.com\/uvb.vereadoresbrasil","article_published_time":"2022-06-07T20:17:38+00:00","og_image":[{"width":1280,"height":776,"url":"https:\/\/uvbbrasil.com.br\/wp-content\/uploads\/2022\/06\/WhatsApp-Image-2022-06-07-at-17.14.41.jpeg","type":"image\/jpeg"}],"author":"adminuvb","twitter_card":"summary_large_image","twitter_misc":{"Escrito por":"adminuvb","Est. tempo de leitura":"4 minutos"},"schema":{"@context":"https:\/\/schema.org","@graph":[{"@type":"Article","@id":"https:\/\/uvbbrasil.com.br\/assembleia-legislativa-rs-concede-merito-farroupilha-in-memorian-a-adroaldo-conzatti\/#article","isPartOf":{"@id":"https:\/\/uvbbrasil.com.br\/assembleia-legislativa-rs-concede-merito-farroupilha-in-memorian-a-adroaldo-conzatti\/"},"author":{"name":"adminuvb","@id":"https:\/\/uvbbrasil.com.br\/#\/schema\/person\/17990098446c098f52effddff4f1b272"},"headline":"Assembleia Legislativa\/RS concede M\u00e9rito Farroupilha \u201cin memorian\u201d a Adroaldo Conzatti","datePublished":"2022-06-07T20:17:38+00:00","mainEntityOfPage":{"@id":"https:\/\/uvbbrasil.com.br\/assembleia-legislativa-rs-concede-merito-farroupilha-in-memorian-a-adroaldo-conzatti\/"},"wordCount":559,"commentCount":0,"publisher":{"@id":"https:\/\/uvbbrasil.com.br\/#organization"},"image":{"@id":"https:\/\/uvbbrasil.com.br\/assembleia-legislativa-rs-concede-merito-farroupilha-in-memorian-a-adroaldo-conzatti\/#primaryimage"},"thumbnailUrl":"https:\/\/uvbbrasil.com.br\/wp-content\/uploads\/2022\/06\/WhatsApp-Image-2022-06-07-at-17.14.41.jpeg","articleSection":["NOT\u00cdCIAS"],"inLanguage":"pt-BR","potentialAction":[{"@type":"CommentAction","name":"Comment","target":["https:\/\/uvbbrasil.com.br\/assembleia-legislativa-rs-concede-merito-farroupilha-in-memorian-a-adroaldo-conzatti\/#respond"]}]},{"@type":"WebPage","@id":"https:\/\/uvbbrasil.com.br\/assembleia-legislativa-rs-concede-merito-farroupilha-in-memorian-a-adroaldo-conzatti\/","url":"https:\/\/uvbbrasil.com.br\/assembleia-legislativa-rs-concede-merito-farroupilha-in-memorian-a-adroaldo-conzatti\/","name":"Assembleia Legislativa\/RS concede M\u00e9rito Farroupilha \u201cin memorian\u201d a Adroaldo Conzatti - UVB Brasil","isPartOf":{"@id":"https:\/\/uvbbrasil.com.br\/#website"},"primaryImageOfPage":{"@id":"https:\/\/uvbbrasil.com.br\/assembleia-legislativa-rs-concede-merito-farroupilha-in-memorian-a-adroaldo-conzatti\/#primaryimage"},"image":{"@id":"https:\/\/uvbbrasil.com.br\/assembleia-legislativa-rs-concede-merito-farroupilha-in-memorian-a-adroaldo-conzatti\/#primaryimage"},"thumbnailUrl":"https:\/\/uvbbrasil.com.br\/wp-content\/uploads\/2022\/06\/WhatsApp-Image-2022-06-07-at-17.14.41.jpeg","datePublished":"2022-06-07T20:17:38+00:00","breadcrumb":{"@id":"https:\/\/uvbbrasil.com.br\/assembleia-legislativa-rs-concede-merito-farroupilha-in-memorian-a-adroaldo-conzatti\/#breadcrumb"},"inLanguage":"pt-BR","potentialAction":[{"@type":"ReadAction","target":["https:\/\/uvbbrasil.com.br\/assembleia-legislativa-rs-concede-merito-farroupilha-in-memorian-a-adroaldo-conzatti\/"]}]},{"@type":"ImageObject","inLanguage":"pt-BR","@id":"https:\/\/uvbbrasil.com.br\/assembleia-legislativa-rs-concede-merito-farroupilha-in-memorian-a-adroaldo-conzatti\/#primaryimage","url":"https:\/\/uvbbrasil.com.br\/wp-content\/uploads\/2022\/06\/WhatsApp-Image-2022-06-07-at-17.14.41.jpeg","contentUrl":"https:\/\/uvbbrasil.com.br\/wp-content\/uploads\/2022\/06\/WhatsApp-Image-2022-06-07-at-17.14.41.jpeg","width":1280,"height":776},{"@type":"BreadcrumbList","@id":"https:\/\/uvbbrasil.com.br\/assembleia-legislativa-rs-concede-merito-farroupilha-in-memorian-a-adroaldo-conzatti\/#breadcrumb","itemListElement":[{"@type":"ListItem","position":1,"name":"In\u00edcio","item":"https:\/\/uvbbrasil.com.br\/"},{"@type":"ListItem","position":2,"name":"Assembleia Legislativa\/RS concede M\u00e9rito Farroupilha \u201cin memorian\u201d a Adroaldo Conzatti"}]},{"@type":"WebSite","@id":"https:\/\/uvbbrasil.com.br\/#website","url":"https:\/\/uvbbrasil.com.br\/","name":"UVB Brasil","description":"Uni\u00e3o dos Vereadores do Brasil","publisher":{"@id":"https:\/\/uvbbrasil.com.br\/#organization"},"potentialAction":[{"@type":"SearchAction","target":{"@type":"EntryPoint","urlTemplate":"https:\/\/uvbbrasil.com.br\/?s={search_term_string}"},"query-input":{"@type":"PropertyValueSpecification","valueRequired":true,"valueName":"search_term_string"}}],"inLanguage":"pt-BR"},{"@type":"Organization","@id":"https:\/\/uvbbrasil.com.br\/#organization","name":"UVB Brasil","url":"https:\/\/uvbbrasil.com.br\/","logo":{"@type":"ImageObject","inLanguage":"pt-BR","@id":"https:\/\/uvbbrasil.com.br\/#\/schema\/logo\/image\/","url":"https:\/\/uvbbrasil.com.br\/wp-content\/uploads\/2025\/01\/LOGO-UVB-2024-azul-1.jpg","contentUrl":"https:\/\/uvbbrasil.com.br\/wp-content\/uploads\/2025\/01\/LOGO-UVB-2024-azul-1.jpg","width":600,"height":211,"caption":"UVB Brasil"},"image":{"@id":"https:\/\/uvbbrasil.com.br\/#\/schema\/logo\/image\/"},"sameAs":["https:\/\/www.facebook.com\/uvb.vereadoresbrasil","https:\/\/www.instagram.com\/uvbbrasil\/","https:\/\/www.youtube.com\/channel\/UCIlPQ8Xzw5GHNzosQIg9S5A"]},{"@type":"Person","@id":"https:\/\/uvbbrasil.com.br\/#\/schema\/person\/17990098446c098f52effddff4f1b272","name":"adminuvb","image":{"@type":"ImageObject","inLanguage":"pt-BR","@id":"https:\/\/uvbbrasil.com.br\/#\/schema\/person\/image\/","url":"https:\/\/secure.gravatar.com\/avatar\/1a494ea6f8e2dd1ae526e55b0e9497efdba542491e0620d704cccf63c6f77c45?s=96&d=mm&r=g","contentUrl":"https:\/\/secure.gravatar.com\/avatar\/1a494ea6f8e2dd1ae526e55b0e9497efdba542491e0620d704cccf63c6f77c45?s=96&d=mm&r=g","caption":"adminuvb"},"sameAs":["https:\/\/uvbbrasil.com.br"],"url":"https:\/\/uvbbrasil.com.br\/author\/adminuvb\/"}]}},"_links":{"self":[{"href":"https:\/\/uvbbrasil.com.br\/uvb-json\/wp\/v2\/posts\/26164","targetHints":{"allow":["GET"]}}],"collection":[{"href":"https:\/\/uvbbrasil.com.br\/uvb-json\/wp\/v2\/posts"}],"about":[{"href":"https:\/\/uvbbrasil.com.br\/uvb-json\/wp\/v2\/types\/post"}],"author":[{"embeddable":true,"href":"https:\/\/uvbbrasil.com.br\/uvb-json\/wp\/v2\/users\/1"}],"replies":[{"embeddable":true,"href":"https:\/\/uvbbrasil.com.br\/uvb-json\/wp\/v2\/comments?post=26164"}],"version-history":[{"count":0,"href":"https:\/\/uvbbrasil.com.br\/uvb-json\/wp\/v2\/posts\/26164\/revisions"}],"wp:featuredmedia":[{"embeddable":true,"href":"https:\/\/uvbbrasil.com.br\/uvb-json\/wp\/v2\/media\/26169"}],"wp:attachment":[{"href":"https:\/\/uvbbrasil.com.br\/uvb-json\/wp\/v2\/media?parent=26164"}],"wp:term":[{"taxonomy":"category","embeddable":true,"href":"https:\/\/uvbbrasil.com.br\/uvb-json\/wp\/v2\/categories?post=26164"},{"taxonomy":"post_tag","embeddable":true,"href":"https:\/\/uvbbrasil.com.br\/uvb-json\/wp\/v2\/tags?post=26164"}],"curies":[{"name":"wp","href":"https:\/\/api.w.org\/{rel}","templated":true}]}}