{"id":26145,"date":"2022-06-03T11:54:39","date_gmt":"2022-06-03T14:54:39","guid":{"rendered":"https:\/\/wpsandbox4.pante.com.br\/?p=26145"},"modified":"2022-06-03T11:54:39","modified_gmt":"2022-06-03T14:54:39","slug":"uvb-foca-na-educacao-politica-para-fortalecer-os-legislativos","status":"publish","type":"post","link":"https:\/\/uvbbrasil.com.br\/uvb-foca-na-educacao-politica-para-fortalecer-os-legislativos\/","title":{"rendered":"UVB foca na educa\u00e7\u00e3o pol\u00edtica para fortalecer os Legislativos"},"content":{"rendered":"<p>Na sess\u00e3o Grande e Pequeno Expediente da C\u00e2mara Municipal de Farropilha, os parlamentares receberam o presidente da UVB (Uni\u00e3o dos Vereadores do Brasil), Gilson Conzatti que explanou sobre a import\u00e2ncia e os impactos dos Legislativos Municipais na vida do cidad\u00e3o.<\/p>\n<div class=\"col-sm-8 col-print-12\">\n<div class=\"post\">\n<div class=\"conteudo\">\n<p>A UVB \u00e9 a respons\u00e1vel pela tradicional Marcha dos Vereadores que ocorre anualmente em Bras\u00edlia com foco no fortalecimentos dos poderes p\u00fablicos. Conzatti, tamb\u00e9m vereador da cidade de Ira\u00ed, entende a educa\u00e7\u00e3o pol\u00edtica como um caminho de politiza\u00e7\u00e3o da popula\u00e7\u00e3o, e assim melhor qualifica\u00e7\u00e3o de seus representantes.<\/p>\n<p>O presidente da UVB ressalta a Escola do Legislativo, um programa que permite o protagonismo das C\u00e2maras na forma\u00e7\u00e3o pol\u00edtica de cidad\u00e3os. Dentro dele, h\u00e1 como capacitar jovens e adultos com cursos voltados as tem\u00e1ticas de interesse coletivo de cada munic\u00edpio, al\u00e9m de ampliar o debate de temas locais, cita Conzatti.<\/p>\n<p>No \u00faltimo m\u00eas, a C\u00e2mara de Vereadores de Farroupilha esteve presente da Marcha dos Vereadores, representada pelos vereadores Calebe Coelho, Davi de Almeida, Gilberto do Amarante e Juliano Baumgarten, onde conheceram o trabalho da UVB\u00a0 e intermediaram a vinda de identidades parlamentares de forma gratuita a todo parlamento farroupilhense.<\/p>\n<\/div>\n<div class=\"compartilhamento hidden-print\">\n<div class=\"row\">\n<div class=\"col-sm-4 col-xs-6 text-right\"><\/div>\n<\/div>\n<\/div>\n<\/div>\n<\/div>\n<div class=\"col-sm-4 hidden-print\">\n<div id=\"em_widget-2\" class=\"widget widget_em_widget\"><\/div>\n<div id=\"text-6\" class=\"widget widget_text\">\n<div class=\"textwidget\"><img fetchpriority=\"high\" decoding=\"async\" class=\"alignnone size-medium wp-image-26147\" src=\"https:\/\/uvbbrasil.com.br\/wp-content\/uploads\/2022\/06\/3005-uvb-em-sessao-300x200.jpg\" alt=\"\" width=\"300\" height=\"200\" srcset=\"https:\/\/uvbbrasil.com.br\/wp-content\/uploads\/2022\/06\/3005-uvb-em-sessao-300x200.jpg 300w, https:\/\/uvbbrasil.com.br\/wp-content\/uploads\/2022\/06\/3005-uvb-em-sessao-1024x681.jpg 1024w, https:\/\/uvbbrasil.com.br\/wp-content\/uploads\/2022\/06\/3005-uvb-em-sessao-768x511.jpg 768w, https:\/\/uvbbrasil.com.br\/wp-content\/uploads\/2022\/06\/3005-uvb-em-sessao.jpg 1366w\" sizes=\"(max-width: 300px) 100vw, 300px\" \/><\/div>\n<\/div>\n<\/div>\n","protected":false},"excerpt":{"rendered":"<p>Na sess\u00e3o Grande e Pequeno Expediente da C\u00e2mara Municipal de Farropilha, os parlamentares receberam o presidente da UVB (Uni\u00e3o dos&#8230;<\/p>\n","protected":false},"author":1,"featured_media":26147,"comment_status":"open","ping_status":"open","sticky":false,"template":"","format":"standard","meta":{"footnotes":""},"categories":[3,4],"tags":[],"class_list":["post-26145","post","type-post","status-publish","format-standard","has-post-thumbnail","hentry","category-noticias","category-home"],"yoast_head":"<!-- This site is optimized with the Yoast SEO plugin v26.7 - https:\/\/yoast.com\/wordpress\/plugins\/seo\/ -->\n<title>UVB foca na educa\u00e7\u00e3o pol\u00edtica para fortalecer os Legislativos - UVB Brasil<\/title>\n<meta name=\"robots\" content=\"index, follow, max-snippet:-1, max-image-preview:large, max-video-preview:-1\" \/>\n<link rel=\"canonical\" href=\"https:\/\/uvbbrasil.com.br\/uvb-foca-na-educacao-politica-para-fortalecer-os-legislativos\/\" \/>\n<meta property=\"og:locale\" content=\"pt_BR\" \/>\n<meta property=\"og:type\" content=\"article\" \/>\n<meta property=\"og:title\" content=\"UVB foca na educa\u00e7\u00e3o pol\u00edtica para fortalecer os Legislativos - UVB Brasil\" \/>\n<meta property=\"og:description\" content=\"Na sess\u00e3o Grande e Pequeno Expediente da C\u00e2mara Municipal de Farropilha, os parlamentares receberam o presidente da UVB (Uni\u00e3o dos...\" \/>\n<meta property=\"og:url\" content=\"https:\/\/uvbbrasil.com.br\/uvb-foca-na-educacao-politica-para-fortalecer-os-legislativos\/\" \/>\n<meta property=\"og:site_name\" content=\"UVB Brasil\" \/>\n<meta property=\"article:publisher\" content=\"https:\/\/www.facebook.com\/uvb.vereadoresbrasil\" \/>\n<meta property=\"article:published_time\" content=\"2022-06-03T14:54:39+00:00\" \/>\n<meta property=\"og:image\" content=\"https:\/\/uvbbrasil.com.br\/wp-content\/uploads\/2022\/06\/3005-uvb-em-sessao.jpg\" \/>\n\t<meta property=\"og:image:width\" content=\"1366\" \/>\n\t<meta property=\"og:image:height\" content=\"909\" \/>\n\t<meta property=\"og:image:type\" content=\"image\/jpeg\" \/>\n<meta name=\"author\" content=\"adminuvb\" \/>\n<meta name=\"twitter:card\" content=\"summary_large_image\" \/>\n<meta name=\"twitter:label1\" content=\"Escrito por\" \/>\n\t<meta name=\"twitter:data1\" content=\"adminuvb\" \/>\n\t<meta name=\"twitter:label2\" content=\"Est. tempo de leitura\" \/>\n\t<meta name=\"twitter:data2\" content=\"2 minutos\" \/>\n<script type=\"application\/ld+json\" class=\"yoast-schema-graph\">{\"@context\":\"https:\/\/schema.org\",\"@graph\":[{\"@type\":\"Article\",\"@id\":\"https:\/\/uvbbrasil.com.br\/uvb-foca-na-educacao-politica-para-fortalecer-os-legislativos\/#article\",\"isPartOf\":{\"@id\":\"https:\/\/uvbbrasil.com.br\/uvb-foca-na-educacao-politica-para-fortalecer-os-legislativos\/\"},\"author\":{\"name\":\"adminuvb\",\"@id\":\"https:\/\/uvbbrasil.com.br\/#\/schema\/person\/17990098446c098f52effddff4f1b272\"},\"headline\":\"UVB foca na educa\u00e7\u00e3o pol\u00edtica para fortalecer os Legislativos\",\"datePublished\":\"2022-06-03T14:54:39+00:00\",\"mainEntityOfPage\":{\"@id\":\"https:\/\/uvbbrasil.com.br\/uvb-foca-na-educacao-politica-para-fortalecer-os-legislativos\/\"},\"wordCount\":220,\"commentCount\":0,\"publisher\":{\"@id\":\"https:\/\/uvbbrasil.com.br\/#organization\"},\"image\":{\"@id\":\"https:\/\/uvbbrasil.com.br\/uvb-foca-na-educacao-politica-para-fortalecer-os-legislativos\/#primaryimage\"},\"thumbnailUrl\":\"https:\/\/uvbbrasil.com.br\/wp-content\/uploads\/2022\/06\/3005-uvb-em-sessao.jpg\",\"articleSection\":[\"NOT\u00cdCIAS\",\"UVB\"],\"inLanguage\":\"pt-BR\",\"potentialAction\":[{\"@type\":\"CommentAction\",\"name\":\"Comment\",\"target\":[\"https:\/\/uvbbrasil.com.br\/uvb-foca-na-educacao-politica-para-fortalecer-os-legislativos\/#respond\"]}]},{\"@type\":\"WebPage\",\"@id\":\"https:\/\/uvbbrasil.com.br\/uvb-foca-na-educacao-politica-para-fortalecer-os-legislativos\/\",\"url\":\"https:\/\/uvbbrasil.com.br\/uvb-foca-na-educacao-politica-para-fortalecer-os-legislativos\/\",\"name\":\"UVB foca na educa\u00e7\u00e3o pol\u00edtica para fortalecer os Legislativos - UVB Brasil\",\"isPartOf\":{\"@id\":\"https:\/\/uvbbrasil.com.br\/#website\"},\"primaryImageOfPage\":{\"@id\":\"https:\/\/uvbbrasil.com.br\/uvb-foca-na-educacao-politica-para-fortalecer-os-legislativos\/#primaryimage\"},\"image\":{\"@id\":\"https:\/\/uvbbrasil.com.br\/uvb-foca-na-educacao-politica-para-fortalecer-os-legislativos\/#primaryimage\"},\"thumbnailUrl\":\"https:\/\/uvbbrasil.com.br\/wp-content\/uploads\/2022\/06\/3005-uvb-em-sessao.jpg\",\"datePublished\":\"2022-06-03T14:54:39+00:00\",\"breadcrumb\":{\"@id\":\"https:\/\/uvbbrasil.com.br\/uvb-foca-na-educacao-politica-para-fortalecer-os-legislativos\/#breadcrumb\"},\"inLanguage\":\"pt-BR\",\"potentialAction\":[{\"@type\":\"ReadAction\",\"target\":[\"https:\/\/uvbbrasil.com.br\/uvb-foca-na-educacao-politica-para-fortalecer-os-legislativos\/\"]}]},{\"@type\":\"ImageObject\",\"inLanguage\":\"pt-BR\",\"@id\":\"https:\/\/uvbbrasil.com.br\/uvb-foca-na-educacao-politica-para-fortalecer-os-legislativos\/#primaryimage\",\"url\":\"https:\/\/uvbbrasil.com.br\/wp-content\/uploads\/2022\/06\/3005-uvb-em-sessao.jpg\",\"contentUrl\":\"https:\/\/uvbbrasil.com.br\/wp-content\/uploads\/2022\/06\/3005-uvb-em-sessao.jpg\",\"width\":1366,\"height\":909},{\"@type\":\"BreadcrumbList\",\"@id\":\"https:\/\/uvbbrasil.com.br\/uvb-foca-na-educacao-politica-para-fortalecer-os-legislativos\/#breadcrumb\",\"itemListElement\":[{\"@type\":\"ListItem\",\"position\":1,\"name\":\"In\u00edcio\",\"item\":\"https:\/\/uvbbrasil.com.br\/\"},{\"@type\":\"ListItem\",\"position\":2,\"name\":\"UVB foca na educa\u00e7\u00e3o pol\u00edtica para fortalecer os Legislativos\"}]},{\"@type\":\"WebSite\",\"@id\":\"https:\/\/uvbbrasil.com.br\/#website\",\"url\":\"https:\/\/uvbbrasil.com.br\/\",\"name\":\"UVB Brasil\",\"description\":\"Uni\u00e3o dos Vereadores do Brasil\",\"publisher\":{\"@id\":\"https:\/\/uvbbrasil.com.br\/#organization\"},\"potentialAction\":[{\"@type\":\"SearchAction\",\"target\":{\"@type\":\"EntryPoint\",\"urlTemplate\":\"https:\/\/uvbbrasil.com.br\/?s={search_term_string}\"},\"query-input\":{\"@type\":\"PropertyValueSpecification\",\"valueRequired\":true,\"valueName\":\"search_term_string\"}}],\"inLanguage\":\"pt-BR\"},{\"@type\":\"Organization\",\"@id\":\"https:\/\/uvbbrasil.com.br\/#organization\",\"name\":\"UVB Brasil\",\"url\":\"https:\/\/uvbbrasil.com.br\/\",\"logo\":{\"@type\":\"ImageObject\",\"inLanguage\":\"pt-BR\",\"@id\":\"https:\/\/uvbbrasil.com.br\/#\/schema\/logo\/image\/\",\"url\":\"https:\/\/uvbbrasil.com.br\/wp-content\/uploads\/2025\/01\/LOGO-UVB-2024-azul-1.jpg\",\"contentUrl\":\"https:\/\/uvbbrasil.com.br\/wp-content\/uploads\/2025\/01\/LOGO-UVB-2024-azul-1.jpg\",\"width\":600,\"height\":211,\"caption\":\"UVB Brasil\"},\"image\":{\"@id\":\"https:\/\/uvbbrasil.com.br\/#\/schema\/logo\/image\/\"},\"sameAs\":[\"https:\/\/www.facebook.com\/uvb.vereadoresbrasil\",\"https:\/\/www.instagram.com\/uvbbrasil\/\",\"https:\/\/www.youtube.com\/channel\/UCIlPQ8Xzw5GHNzosQIg9S5A\"]},{\"@type\":\"Person\",\"@id\":\"https:\/\/uvbbrasil.com.br\/#\/schema\/person\/17990098446c098f52effddff4f1b272\",\"name\":\"adminuvb\",\"image\":{\"@type\":\"ImageObject\",\"inLanguage\":\"pt-BR\",\"@id\":\"https:\/\/uvbbrasil.com.br\/#\/schema\/person\/image\/\",\"url\":\"https:\/\/secure.gravatar.com\/avatar\/1a494ea6f8e2dd1ae526e55b0e9497efdba542491e0620d704cccf63c6f77c45?s=96&d=mm&r=g\",\"contentUrl\":\"https:\/\/secure.gravatar.com\/avatar\/1a494ea6f8e2dd1ae526e55b0e9497efdba542491e0620d704cccf63c6f77c45?s=96&d=mm&r=g\",\"caption\":\"adminuvb\"},\"sameAs\":[\"https:\/\/uvbbrasil.com.br\"],\"url\":\"https:\/\/uvbbrasil.com.br\/author\/adminuvb\/\"}]}<\/script>\n<!-- \/ Yoast SEO plugin. -->","yoast_head_json":{"title":"UVB foca na educa\u00e7\u00e3o pol\u00edtica para fortalecer os Legislativos - UVB Brasil","robots":{"index":"index","follow":"follow","max-snippet":"max-snippet:-1","max-image-preview":"max-image-preview:large","max-video-preview":"max-video-preview:-1"},"canonical":"https:\/\/uvbbrasil.com.br\/uvb-foca-na-educacao-politica-para-fortalecer-os-legislativos\/","og_locale":"pt_BR","og_type":"article","og_title":"UVB foca na educa\u00e7\u00e3o pol\u00edtica para fortalecer os Legislativos - UVB Brasil","og_description":"Na sess\u00e3o Grande e Pequeno Expediente da C\u00e2mara Municipal de Farropilha, os parlamentares receberam o presidente da UVB (Uni\u00e3o dos...","og_url":"https:\/\/uvbbrasil.com.br\/uvb-foca-na-educacao-politica-para-fortalecer-os-legislativos\/","og_site_name":"UVB Brasil","article_publisher":"https:\/\/www.facebook.com\/uvb.vereadoresbrasil","article_published_time":"2022-06-03T14:54:39+00:00","og_image":[{"width":1366,"height":909,"url":"https:\/\/uvbbrasil.com.br\/wp-content\/uploads\/2022\/06\/3005-uvb-em-sessao.jpg","type":"image\/jpeg"}],"author":"adminuvb","twitter_card":"summary_large_image","twitter_misc":{"Escrito por":"adminuvb","Est. tempo de leitura":"2 minutos"},"schema":{"@context":"https:\/\/schema.org","@graph":[{"@type":"Article","@id":"https:\/\/uvbbrasil.com.br\/uvb-foca-na-educacao-politica-para-fortalecer-os-legislativos\/#article","isPartOf":{"@id":"https:\/\/uvbbrasil.com.br\/uvb-foca-na-educacao-politica-para-fortalecer-os-legislativos\/"},"author":{"name":"adminuvb","@id":"https:\/\/uvbbrasil.com.br\/#\/schema\/person\/17990098446c098f52effddff4f1b272"},"headline":"UVB foca na educa\u00e7\u00e3o pol\u00edtica para fortalecer os Legislativos","datePublished":"2022-06-03T14:54:39+00:00","mainEntityOfPage":{"@id":"https:\/\/uvbbrasil.com.br\/uvb-foca-na-educacao-politica-para-fortalecer-os-legislativos\/"},"wordCount":220,"commentCount":0,"publisher":{"@id":"https:\/\/uvbbrasil.com.br\/#organization"},"image":{"@id":"https:\/\/uvbbrasil.com.br\/uvb-foca-na-educacao-politica-para-fortalecer-os-legislativos\/#primaryimage"},"thumbnailUrl":"https:\/\/uvbbrasil.com.br\/wp-content\/uploads\/2022\/06\/3005-uvb-em-sessao.jpg","articleSection":["NOT\u00cdCIAS","UVB"],"inLanguage":"pt-BR","potentialAction":[{"@type":"CommentAction","name":"Comment","target":["https:\/\/uvbbrasil.com.br\/uvb-foca-na-educacao-politica-para-fortalecer-os-legislativos\/#respond"]}]},{"@type":"WebPage","@id":"https:\/\/uvbbrasil.com.br\/uvb-foca-na-educacao-politica-para-fortalecer-os-legislativos\/","url":"https:\/\/uvbbrasil.com.br\/uvb-foca-na-educacao-politica-para-fortalecer-os-legislativos\/","name":"UVB foca na educa\u00e7\u00e3o pol\u00edtica para fortalecer os Legislativos - UVB Brasil","isPartOf":{"@id":"https:\/\/uvbbrasil.com.br\/#website"},"primaryImageOfPage":{"@id":"https:\/\/uvbbrasil.com.br\/uvb-foca-na-educacao-politica-para-fortalecer-os-legislativos\/#primaryimage"},"image":{"@id":"https:\/\/uvbbrasil.com.br\/uvb-foca-na-educacao-politica-para-fortalecer-os-legislativos\/#primaryimage"},"thumbnailUrl":"https:\/\/uvbbrasil.com.br\/wp-content\/uploads\/2022\/06\/3005-uvb-em-sessao.jpg","datePublished":"2022-06-03T14:54:39+00:00","breadcrumb":{"@id":"https:\/\/uvbbrasil.com.br\/uvb-foca-na-educacao-politica-para-fortalecer-os-legislativos\/#breadcrumb"},"inLanguage":"pt-BR","potentialAction":[{"@type":"ReadAction","target":["https:\/\/uvbbrasil.com.br\/uvb-foca-na-educacao-politica-para-fortalecer-os-legislativos\/"]}]},{"@type":"ImageObject","inLanguage":"pt-BR","@id":"https:\/\/uvbbrasil.com.br\/uvb-foca-na-educacao-politica-para-fortalecer-os-legislativos\/#primaryimage","url":"https:\/\/uvbbrasil.com.br\/wp-content\/uploads\/2022\/06\/3005-uvb-em-sessao.jpg","contentUrl":"https:\/\/uvbbrasil.com.br\/wp-content\/uploads\/2022\/06\/3005-uvb-em-sessao.jpg","width":1366,"height":909},{"@type":"BreadcrumbList","@id":"https:\/\/uvbbrasil.com.br\/uvb-foca-na-educacao-politica-para-fortalecer-os-legislativos\/#breadcrumb","itemListElement":[{"@type":"ListItem","position":1,"name":"In\u00edcio","item":"https:\/\/uvbbrasil.com.br\/"},{"@type":"ListItem","position":2,"name":"UVB foca na educa\u00e7\u00e3o pol\u00edtica para fortalecer os Legislativos"}]},{"@type":"WebSite","@id":"https:\/\/uvbbrasil.com.br\/#website","url":"https:\/\/uvbbrasil.com.br\/","name":"UVB Brasil","description":"Uni\u00e3o dos Vereadores do Brasil","publisher":{"@id":"https:\/\/uvbbrasil.com.br\/#organization"},"potentialAction":[{"@type":"SearchAction","target":{"@type":"EntryPoint","urlTemplate":"https:\/\/uvbbrasil.com.br\/?s={search_term_string}"},"query-input":{"@type":"PropertyValueSpecification","valueRequired":true,"valueName":"search_term_string"}}],"inLanguage":"pt-BR"},{"@type":"Organization","@id":"https:\/\/uvbbrasil.com.br\/#organization","name":"UVB Brasil","url":"https:\/\/uvbbrasil.com.br\/","logo":{"@type":"ImageObject","inLanguage":"pt-BR","@id":"https:\/\/uvbbrasil.com.br\/#\/schema\/logo\/image\/","url":"https:\/\/uvbbrasil.com.br\/wp-content\/uploads\/2025\/01\/LOGO-UVB-2024-azul-1.jpg","contentUrl":"https:\/\/uvbbrasil.com.br\/wp-content\/uploads\/2025\/01\/LOGO-UVB-2024-azul-1.jpg","width":600,"height":211,"caption":"UVB Brasil"},"image":{"@id":"https:\/\/uvbbrasil.com.br\/#\/schema\/logo\/image\/"},"sameAs":["https:\/\/www.facebook.com\/uvb.vereadoresbrasil","https:\/\/www.instagram.com\/uvbbrasil\/","https:\/\/www.youtube.com\/channel\/UCIlPQ8Xzw5GHNzosQIg9S5A"]},{"@type":"Person","@id":"https:\/\/uvbbrasil.com.br\/#\/schema\/person\/17990098446c098f52effddff4f1b272","name":"adminuvb","image":{"@type":"ImageObject","inLanguage":"pt-BR","@id":"https:\/\/uvbbrasil.com.br\/#\/schema\/person\/image\/","url":"https:\/\/secure.gravatar.com\/avatar\/1a494ea6f8e2dd1ae526e55b0e9497efdba542491e0620d704cccf63c6f77c45?s=96&d=mm&r=g","contentUrl":"https:\/\/secure.gravatar.com\/avatar\/1a494ea6f8e2dd1ae526e55b0e9497efdba542491e0620d704cccf63c6f77c45?s=96&d=mm&r=g","caption":"adminuvb"},"sameAs":["https:\/\/uvbbrasil.com.br"],"url":"https:\/\/uvbbrasil.com.br\/author\/adminuvb\/"}]}},"_links":{"self":[{"href":"https:\/\/uvbbrasil.com.br\/uvb-json\/wp\/v2\/posts\/26145","targetHints":{"allow":["GET"]}}],"collection":[{"href":"https:\/\/uvbbrasil.com.br\/uvb-json\/wp\/v2\/posts"}],"about":[{"href":"https:\/\/uvbbrasil.com.br\/uvb-json\/wp\/v2\/types\/post"}],"author":[{"embeddable":true,"href":"https:\/\/uvbbrasil.com.br\/uvb-json\/wp\/v2\/users\/1"}],"replies":[{"embeddable":true,"href":"https:\/\/uvbbrasil.com.br\/uvb-json\/wp\/v2\/comments?post=26145"}],"version-history":[{"count":0,"href":"https:\/\/uvbbrasil.com.br\/uvb-json\/wp\/v2\/posts\/26145\/revisions"}],"wp:featuredmedia":[{"embeddable":true,"href":"https:\/\/uvbbrasil.com.br\/uvb-json\/wp\/v2\/media\/26147"}],"wp:attachment":[{"href":"https:\/\/uvbbrasil.com.br\/uvb-json\/wp\/v2\/media?parent=26145"}],"wp:term":[{"taxonomy":"category","embeddable":true,"href":"https:\/\/uvbbrasil.com.br\/uvb-json\/wp\/v2\/categories?post=26145"},{"taxonomy":"post_tag","embeddable":true,"href":"https:\/\/uvbbrasil.com.br\/uvb-json\/wp\/v2\/tags?post=26145"}],"curies":[{"name":"wp","href":"https:\/\/api.w.org\/{rel}","templated":true}]}}